{"id":26045,"date":"2024-04-23T12:15:22","date_gmt":"2024-04-23T16:15:22","guid":{"rendered":"http:\/\/www.mpppst.gob.ve\/mpppstweb\/?p=26045"},"modified":"2024-04-23T12:15:24","modified_gmt":"2024-04-23T16:15:24","slug":"protejamos-nuestro-planeta-para-las-generaciones-futuras","status":"publish","type":"post","link":"https:\/\/www.mpppst.gob.ve\/mpppstweb\/index.php\/2024\/04\/23\/protejamos-nuestro-planeta-para-las-generaciones-futuras\/","title":{"rendered":"Protejamos nuestro planeta para las generaciones futuras"},"content":{"rendered":"\n<p><strong>MPPPST, Caracas.-<\/strong> El 22 de Abril, el mundo se unir\u00e1 para conmemorar el de <strong>D\u00eda de la Tierra<\/strong>, una jornada anual para reflexionar sobre la importancia de proteger nuestro planeta y sus recursos naturales. Es un momento para crear conciencia sobre los desaf\u00edos ambientales que enfrenta el planeta, y para inspirar acciones.<\/p>\n\n\n\n<p>Desde su inicio en <strong>1970<\/strong>, el planeta se ha convertido en un movimiento global que involucra a personas de todas las edades y or\u00edgenes, por el cual se ha llevado a importantes avances en la concienciaci\u00f3n y acci\u00f3n ambiental, incluida en energ\u00edas renovables, tales como el desarrollo de practicas razonables.<\/p>\n\n\n\n<p>A pesar del progreso logrado, la tierra sigue enfrentando serias amenazas, como el cambio clim\u00e1tico, la contaminaci\u00f3n y la perdida de biodiversidad. Cada uno de nosotros puede marcar la diferencia adoptando h\u00e1bitos sostenibles, como reducir , reutilizar y reciclar ;utilizando transporte publico o compartiendo vehicul\u00f3 particular, apoyando a las empresas que priorizan la sostenibilidad, invirtiendo en energ\u00edas renovables, asimismo protegiendo los ecosistemas.<\/p>\n\n\n\n<p>Consiste en celebrar la belleza y la fragilidad de nuestro planeta, donde comprometernos a tomar medidas para protegerlos y garantizar su salud para las generaciones venideras en donde juntos podemos crear un futuro sostenible para todos.<\/p>\n\n\n\n<p><strong>Prensa MPPPST\/Dayana V\u00e1squez<\/strong><\/p>\n","protected":false},"excerpt":{"rendered":"<p>El 22 de Abril, el mundo se unir\u00e1 para conmemorar el de D\u00eda de la Tierra, una jornada anual para reflexionar sobre la importancia de proteger nuestro planeta y sus recursos naturales. Es un momento para crear conciencia sobre los desaf\u00edos ambientales que enfrenta el planeta, y para inspirar acciones.<\/p>\n","protected":false},"author":25,"featured_media":26050,"comment_status":"closed","ping_status":"closed","sticky":false,"template":"","format":"standard","meta":{"footnotes":""},"categories":[82],"tags":[375,743,742],"yoast_head":"<!-- This site is optimized with the Yoast SEO plugin v22.5 - https:\/\/yoast.com\/wordpress\/plugins\/seo\/ -->\n<title>Protejamos nuestro planeta para las generaciones futuras - MPPPST<\/title>\n<meta name=\"robots\" content=\"index, follow, max-snippet:-1, max-image-preview:large, max-video-preview:-1\" \/>\n<link rel=\"canonical\" href=\"https:\/\/www.mpppst.gob.ve\/mpppstweb\/index.php\/2024\/04\/23\/protejamos-nuestro-planeta-para-las-generaciones-futuras\/\" \/>\n<meta property=\"og:locale\" content=\"es_ES\" \/>\n<meta property=\"og:type\" content=\"article\" \/>\n<meta property=\"og:title\" content=\"Protejamos nuestro planeta para las generaciones futuras - MPPPST\" \/>\n<meta property=\"og:description\" content=\"El 22 de Abril, el mundo se unir\u00e1 para conmemorar el de D\u00eda de la Tierra, una jornada anual para reflexionar sobre la importancia de proteger nuestro planeta y sus recursos naturales. Es un momento para crear conciencia sobre los desaf\u00edos ambientales que enfrenta el planeta, y para inspirar acciones.\" \/>\n<meta property=\"og:url\" content=\"https:\/\/www.mpppst.gob.ve\/mpppstweb\/index.php\/2024\/04\/23\/protejamos-nuestro-planeta-para-las-generaciones-futuras\/\" \/>\n<meta property=\"og:site_name\" content=\"MPPPST\" \/>\n<meta property=\"article:published_time\" content=\"2024-04-23T16:15:22+00:00\" \/>\n<meta property=\"article:modified_time\" content=\"2024-04-23T16:15:24+00:00\" \/>\n<meta property=\"og:image\" content=\"https:\/\/www.mpppst.gob.ve\/mpppstweb\/wp-content\/uploads\/2024\/04\/photo_4990489752000114010_y.jpg\" \/>\n\t<meta property=\"og:image:width\" content=\"1280\" \/>\n\t<meta property=\"og:image:height\" content=\"720\" \/>\n\t<meta property=\"og:image:type\" content=\"image\/jpeg\" \/>\n<meta name=\"author\" content=\"MPPPST Prensa\" \/>\n<meta name=\"twitter:card\" content=\"summary_large_image\" \/>\n<meta name=\"twitter:label1\" content=\"Escrito por\" \/>\n\t<meta name=\"twitter:data1\" content=\"MPPPST Prensa\" \/>\n\t<meta name=\"twitter:label2\" content=\"Tiempo de lectura\" \/>\n\t<meta name=\"twitter:data2\" content=\"1 minuto\" \/>\n<script type=\"application\/ld+json\" class=\"yoast-schema-graph\">{\"@context\":\"https:\/\/schema.org\",\"@graph\":[{\"@type\":\"Article\",\"@id\":\"https:\/\/www.mpppst.gob.ve\/mpppstweb\/index.php\/2024\/04\/23\/protejamos-nuestro-planeta-para-las-generaciones-futuras\/#article\",\"isPartOf\":{\"@id\":\"https:\/\/www.mpppst.gob.ve\/mpppstweb\/index.php\/2024\/04\/23\/protejamos-nuestro-planeta-para-las-generaciones-futuras\/\"},\"author\":{\"name\":\"MPPPST Prensa\",\"@id\":\"https:\/\/www.mpppst.gob.ve\/mpppstweb\/#\/schema\/person\/fc187ee8ead412bd4c9304b62f900ea4\"},\"headline\":\"Protejamos nuestro planeta para las generaciones futuras\",\"datePublished\":\"2024-04-23T16:15:22+00:00\",\"dateModified\":\"2024-04-23T16:15:24+00:00\",\"mainEntityOfPage\":{\"@id\":\"https:\/\/www.mpppst.gob.ve\/mpppstweb\/index.php\/2024\/04\/23\/protejamos-nuestro-planeta-para-las-generaciones-futuras\/\"},\"wordCount\":220,\"publisher\":{\"@id\":\"https:\/\/www.mpppst.gob.ve\/mpppstweb\/#organization\"},\"image\":{\"@id\":\"https:\/\/www.mpppst.gob.ve\/mpppstweb\/index.php\/2024\/04\/23\/protejamos-nuestro-planeta-para-las-generaciones-futuras\/#primaryimage\"},\"thumbnailUrl\":\"https:\/\/www.mpppst.gob.ve\/mpppstweb\/wp-content\/uploads\/2024\/04\/photo_4990489752000114010_y.jpg\",\"keywords\":[\"Ahorro Energ\u00e9tico\",\"contaminaci\u00f3n\",\"D\u00eda de la Tierra\"],\"articleSection\":[\"Gobierno Nacional\"],\"inLanguage\":\"es\"},{\"@type\":\"WebPage\",\"@id\":\"https:\/\/www.mpppst.gob.ve\/mpppstweb\/index.php\/2024\/04\/23\/protejamos-nuestro-planeta-para-las-generaciones-futuras\/\",\"url\":\"https:\/\/www.mpppst.gob.ve\/mpppstweb\/index.php\/2024\/04\/23\/protejamos-nuestro-planeta-para-las-generaciones-futuras\/\",\"name\":\"Protejamos nuestro planeta para las generaciones futuras - MPPPST\",\"isPartOf\":{\"@id\":\"https:\/\/www.mpppst.gob.ve\/mpppstweb\/#website\"},\"primaryImageOfPage\":{\"@id\":\"https:\/\/www.mpppst.gob.ve\/mpppstweb\/index.php\/2024\/04\/23\/protejamos-nuestro-planeta-para-las-generaciones-futuras\/#primaryimage\"},\"image\":{\"@id\":\"https:\/\/www.mpppst.gob.ve\/mpppstweb\/index.php\/2024\/04\/23\/protejamos-nuestro-planeta-para-las-generaciones-futuras\/#primaryimage\"},\"thumbnailUrl\":\"https:\/\/www.mpppst.gob.ve\/mpppstweb\/wp-content\/uploads\/2024\/04\/photo_4990489752000114010_y.jpg\",\"datePublished\":\"2024-04-23T16:15:22+00:00\",\"dateModified\":\"2024-04-23T16:15:24+00:00\",\"breadcrumb\":{\"@id\":\"https:\/\/www.mpppst.gob.ve\/mpppstweb\/index.php\/2024\/04\/23\/protejamos-nuestro-planeta-para-las-generaciones-futuras\/#breadcrumb\"},\"inLanguage\":\"es\",\"potentialAction\":[{\"@type\":\"ReadAction\",\"target\":[\"https:\/\/www.mpppst.gob.ve\/mpppstweb\/index.php\/2024\/04\/23\/protejamos-nuestro-planeta-para-las-generaciones-futuras\/\"]}]},{\"@type\":\"ImageObject\",\"inLanguage\":\"es\",\"@id\":\"https:\/\/www.mpppst.gob.ve\/mpppstweb\/index.php\/2024\/04\/23\/protejamos-nuestro-planeta-para-las-generaciones-futuras\/#primaryimage\",\"url\":\"https:\/\/www.mpppst.gob.ve\/mpppstweb\/wp-content\/uploads\/2024\/04\/photo_4990489752000114010_y.jpg\",\"contentUrl\":\"https:\/\/www.mpppst.gob.ve\/mpppstweb\/wp-content\/uploads\/2024\/04\/photo_4990489752000114010_y.jpg\",\"width\":1280,\"height\":720,\"caption\":\"D\u00eda de la Tierra\"},{\"@type\":\"BreadcrumbList\",\"@id\":\"https:\/\/www.mpppst.gob.ve\/mpppstweb\/index.php\/2024\/04\/23\/protejamos-nuestro-planeta-para-las-generaciones-futuras\/#breadcrumb\",\"itemListElement\":[{\"@type\":\"ListItem\",\"position\":1,\"name\":\"Home\",\"item\":\"https:\/\/www.mpppst.gob.ve\/mpppstweb\/\"},{\"@type\":\"ListItem\",\"position\":2,\"name\":\"Protejamos nuestro planeta para las generaciones futuras\"}]},{\"@type\":\"WebSite\",\"@id\":\"https:\/\/www.mpppst.gob.ve\/mpppstweb\/#website\",\"url\":\"https:\/\/www.mpppst.gob.ve\/mpppstweb\/\",\"name\":\"MPPPST\",\"description\":\"Ministerio del Poder Popular para el Proceso Social de Trabajo\",\"publisher\":{\"@id\":\"https:\/\/www.mpppst.gob.ve\/mpppstweb\/#organization\"},\"potentialAction\":[{\"@type\":\"SearchAction\",\"target\":{\"@type\":\"EntryPoint\",\"urlTemplate\":\"https:\/\/www.mpppst.gob.ve\/mpppstweb\/?s={search_term_string}\"},\"query-input\":\"required name=search_term_string\"}],\"inLanguage\":\"es\"},{\"@type\":\"Organization\",\"@id\":\"https:\/\/www.mpppst.gob.ve\/mpppstweb\/#organization\",\"name\":\"mpppst\",\"url\":\"https:\/\/www.mpppst.gob.ve\/mpppstweb\/\",\"logo\":{\"@type\":\"ImageObject\",\"inLanguage\":\"es\",\"@id\":\"https:\/\/www.mpppst.gob.ve\/mpppstweb\/#\/schema\/logo\/image\/\",\"url\":\"https:\/\/www.mpppst.gob.ve\/mpppstweb\/wp-content\/uploads\/2025\/07\/cropped-cropped-g910.png\",\"contentUrl\":\"https:\/\/www.mpppst.gob.ve\/mpppstweb\/wp-content\/uploads\/2025\/07\/cropped-cropped-g910.png\",\"width\":1080,\"height\":241,\"caption\":\"mpppst\"},\"image\":{\"@id\":\"https:\/\/www.mpppst.gob.ve\/mpppstweb\/#\/schema\/logo\/image\/\"}},{\"@type\":\"Person\",\"@id\":\"https:\/\/www.mpppst.gob.ve\/mpppstweb\/#\/schema\/person\/fc187ee8ead412bd4c9304b62f900ea4\",\"name\":\"MPPPST Prensa\",\"url\":\"https:\/\/www.mpppst.gob.ve\/mpppstweb\/index.php\/author\/prensa-mpppst\/\"}]}<\/script>\n<!-- \/ Yoast SEO plugin. -->","yoast_head_json":{"title":"Protejamos nuestro planeta para las generaciones futuras - MPPPST","robots":{"index":"index","follow":"follow","max-snippet":"max-snippet:-1","max-image-preview":"max-image-preview:large","max-video-preview":"max-video-preview:-1"},"canonical":"https:\/\/www.mpppst.gob.ve\/mpppstweb\/index.php\/2024\/04\/23\/protejamos-nuestro-planeta-para-las-generaciones-futuras\/","og_locale":"es_ES","og_type":"article","og_title":"Protejamos nuestro planeta para las generaciones futuras - MPPPST","og_description":"El 22 de Abril, el mundo se unir\u00e1 para conmemorar el de D\u00eda de la Tierra, una jornada anual para reflexionar sobre la importancia de proteger nuestro planeta y sus recursos naturales. Es un momento para crear conciencia sobre los desaf\u00edos ambientales que enfrenta el planeta, y para inspirar acciones.","og_url":"https:\/\/www.mpppst.gob.ve\/mpppstweb\/index.php\/2024\/04\/23\/protejamos-nuestro-planeta-para-las-generaciones-futuras\/","og_site_name":"MPPPST","article_published_time":"2024-04-23T16:15:22+00:00","article_modified_time":"2024-04-23T16:15:24+00:00","og_image":[{"width":1280,"height":720,"url":"https:\/\/www.mpppst.gob.ve\/mpppstweb\/wp-content\/uploads\/2024\/04\/photo_4990489752000114010_y.jpg","type":"image\/jpeg"}],"author":"MPPPST Prensa","twitter_card":"summary_large_image","twitter_misc":{"Escrito por":"MPPPST Prensa","Tiempo de lectura":"1 minuto"},"schema":{"@context":"https:\/\/schema.org","@graph":[{"@type":"Article","@id":"https:\/\/www.mpppst.gob.ve\/mpppstweb\/index.php\/2024\/04\/23\/protejamos-nuestro-planeta-para-las-generaciones-futuras\/#article","isPartOf":{"@id":"https:\/\/www.mpppst.gob.ve\/mpppstweb\/index.php\/2024\/04\/23\/protejamos-nuestro-planeta-para-las-generaciones-futuras\/"},"author":{"name":"MPPPST Prensa","@id":"https:\/\/www.mpppst.gob.ve\/mpppstweb\/#\/schema\/person\/fc187ee8ead412bd4c9304b62f900ea4"},"headline":"Protejamos nuestro planeta para las generaciones futuras","datePublished":"2024-04-23T16:15:22+00:00","dateModified":"2024-04-23T16:15:24+00:00","mainEntityOfPage":{"@id":"https:\/\/www.mpppst.gob.ve\/mpppstweb\/index.php\/2024\/04\/23\/protejamos-nuestro-planeta-para-las-generaciones-futuras\/"},"wordCount":220,"publisher":{"@id":"https:\/\/www.mpppst.gob.ve\/mpppstweb\/#organization"},"image":{"@id":"https:\/\/www.mpppst.gob.ve\/mpppstweb\/index.php\/2024\/04\/23\/protejamos-nuestro-planeta-para-las-generaciones-futuras\/#primaryimage"},"thumbnailUrl":"https:\/\/www.mpppst.gob.ve\/mpppstweb\/wp-content\/uploads\/2024\/04\/photo_4990489752000114010_y.jpg","keywords":["Ahorro Energ\u00e9tico","contaminaci\u00f3n","D\u00eda de la Tierra"],"articleSection":["Gobierno Nacional"],"inLanguage":"es"},{"@type":"WebPage","@id":"https:\/\/www.mpppst.gob.ve\/mpppstweb\/index.php\/2024\/04\/23\/protejamos-nuestro-planeta-para-las-generaciones-futuras\/","url":"https:\/\/www.mpppst.gob.ve\/mpppstweb\/index.php\/2024\/04\/23\/protejamos-nuestro-planeta-para-las-generaciones-futuras\/","name":"Protejamos nuestro planeta para las generaciones futuras - MPPPST","isPartOf":{"@id":"https:\/\/www.mpppst.gob.ve\/mpppstweb\/#website"},"primaryImageOfPage":{"@id":"https:\/\/www.mpppst.gob.ve\/mpppstweb\/index.php\/2024\/04\/23\/protejamos-nuestro-planeta-para-las-generaciones-futuras\/#primaryimage"},"image":{"@id":"https:\/\/www.mpppst.gob.ve\/mpppstweb\/index.php\/2024\/04\/23\/protejamos-nuestro-planeta-para-las-generaciones-futuras\/#primaryimage"},"thumbnailUrl":"https:\/\/www.mpppst.gob.ve\/mpppstweb\/wp-content\/uploads\/2024\/04\/photo_4990489752000114010_y.jpg","datePublished":"2024-04-23T16:15:22+00:00","dateModified":"2024-04-23T16:15:24+00:00","breadcrumb":{"@id":"https:\/\/www.mpppst.gob.ve\/mpppstweb\/index.php\/2024\/04\/23\/protejamos-nuestro-planeta-para-las-generaciones-futuras\/#breadcrumb"},"inLanguage":"es","potentialAction":[{"@type":"ReadAction","target":["https:\/\/www.mpppst.gob.ve\/mpppstweb\/index.php\/2024\/04\/23\/protejamos-nuestro-planeta-para-las-generaciones-futuras\/"]}]},{"@type":"ImageObject","inLanguage":"es","@id":"https:\/\/www.mpppst.gob.ve\/mpppstweb\/index.php\/2024\/04\/23\/protejamos-nuestro-planeta-para-las-generaciones-futuras\/#primaryimage","url":"https:\/\/www.mpppst.gob.ve\/mpppstweb\/wp-content\/uploads\/2024\/04\/photo_4990489752000114010_y.jpg","contentUrl":"https:\/\/www.mpppst.gob.ve\/mpppstweb\/wp-content\/uploads\/2024\/04\/photo_4990489752000114010_y.jpg","width":1280,"height":720,"caption":"D\u00eda de la Tierra"},{"@type":"BreadcrumbList","@id":"https:\/\/www.mpppst.gob.ve\/mpppstweb\/index.php\/2024\/04\/23\/protejamos-nuestro-planeta-para-las-generaciones-futuras\/#breadcrumb","itemListElement":[{"@type":"ListItem","position":1,"name":"Home","item":"https:\/\/www.mpppst.gob.ve\/mpppstweb\/"},{"@type":"ListItem","position":2,"name":"Protejamos nuestro planeta para las generaciones futuras"}]},{"@type":"WebSite","@id":"https:\/\/www.mpppst.gob.ve\/mpppstweb\/#website","url":"https:\/\/www.mpppst.gob.ve\/mpppstweb\/","name":"MPPPST","description":"Ministerio del Poder Popular para el Proceso Social de Trabajo","publisher":{"@id":"https:\/\/www.mpppst.gob.ve\/mpppstweb\/#organization"},"potentialAction":[{"@type":"SearchAction","target":{"@type":"EntryPoint","urlTemplate":"https:\/\/www.mpppst.gob.ve\/mpppstweb\/?s={search_term_string}"},"query-input":"required name=search_term_string"}],"inLanguage":"es"},{"@type":"Organization","@id":"https:\/\/www.mpppst.gob.ve\/mpppstweb\/#organization","name":"mpppst","url":"https:\/\/www.mpppst.gob.ve\/mpppstweb\/","logo":{"@type":"ImageObject","inLanguage":"es","@id":"https:\/\/www.mpppst.gob.ve\/mpppstweb\/#\/schema\/logo\/image\/","url":"https:\/\/www.mpppst.gob.ve\/mpppstweb\/wp-content\/uploads\/2025\/07\/cropped-cropped-g910.png","contentUrl":"https:\/\/www.mpppst.gob.ve\/mpppstweb\/wp-content\/uploads\/2025\/07\/cropped-cropped-g910.png","width":1080,"height":241,"caption":"mpppst"},"image":{"@id":"https:\/\/www.mpppst.gob.ve\/mpppstweb\/#\/schema\/logo\/image\/"}},{"@type":"Person","@id":"https:\/\/www.mpppst.gob.ve\/mpppstweb\/#\/schema\/person\/fc187ee8ead412bd4c9304b62f900ea4","name":"MPPPST Prensa","url":"https:\/\/www.mpppst.gob.ve\/mpppstweb\/index.php\/author\/prensa-mpppst\/"}]}},"_links":{"self":[{"href":"https:\/\/www.mpppst.gob.ve\/mpppstweb\/index.php\/wp-json\/wp\/v2\/posts\/26045"}],"collection":[{"href":"https:\/\/www.mpppst.gob.ve\/mpppstweb\/index.php\/wp-json\/wp\/v2\/posts"}],"about":[{"href":"https:\/\/www.mpppst.gob.ve\/mpppstweb\/index.php\/wp-json\/wp\/v2\/types\/post"}],"author":[{"embeddable":true,"href":"https:\/\/www.mpppst.gob.ve\/mpppstweb\/index.php\/wp-json\/wp\/v2\/users\/25"}],"replies":[{"embeddable":true,"href":"https:\/\/www.mpppst.gob.ve\/mpppstweb\/index.php\/wp-json\/wp\/v2\/comments?post=26045"}],"version-history":[{"count":1,"href":"https:\/\/www.mpppst.gob.ve\/mpppstweb\/index.php\/wp-json\/wp\/v2\/posts\/26045\/revisions"}],"predecessor-version":[{"id":26051,"href":"https:\/\/www.mpppst.gob.ve\/mpppstweb\/index.php\/wp-json\/wp\/v2\/posts\/26045\/revisions\/26051"}],"wp:featuredmedia":[{"embeddable":true,"href":"https:\/\/www.mpppst.gob.ve\/mpppstweb\/index.php\/wp-json\/wp\/v2\/media\/26050"}],"wp:attachment":[{"href":"https:\/\/www.mpppst.gob.ve\/mpppstweb\/index.php\/wp-json\/wp\/v2\/media?parent=26045"}],"wp:term":[{"taxonomy":"category","embeddable":true,"href":"https:\/\/www.mpppst.gob.ve\/mpppstweb\/index.php\/wp-json\/wp\/v2\/categories?post=26045"},{"taxonomy":"post_tag","embeddable":true,"href":"https:\/\/www.mpppst.gob.ve\/mpppstweb\/index.php\/wp-json\/wp\/v2\/tags?post=26045"}],"curies":[{"name":"wp","href":"https:\/\/api.w.org\/{rel}","templated":true}]}}