{"id":26046,"date":"2024-04-23T12:15:39","date_gmt":"2024-04-23T16:15:39","guid":{"rendered":"http:\/\/www.mpppst.gob.ve\/mpppstweb\/?p=26046"},"modified":"2024-04-23T12:15:40","modified_gmt":"2024-04-23T16:15:40","slug":"la-clase-obrera-participo-en-la-tribuna-antiimperialista-46","status":"publish","type":"post","link":"https:\/\/www.mpppst.gob.ve\/mpppstweb\/index.php\/2024\/04\/23\/la-clase-obrera-participo-en-la-tribuna-antiimperialista-46\/","title":{"rendered":"La clase obrera particip\u00f3 en la tribuna antiimperialista #46"},"content":{"rendered":"\n<p><strong>MPPPST, Caracas.-<\/strong> La clase obrera se reuni\u00f3 en la <strong>Plaza Caracas<\/strong>, junto al <strong>Ministerio del Poder Popular para el Proceso Social de Trabajo <\/strong>(<strong>MPPPST<\/strong>), donde se celebr\u00f3 la <strong>tribuna antiimperialista #46<\/strong>, la cual sostuvo como tema principal la democracia participativa, que se celebr\u00f3 el pasado 21 de abril, donde el Poder Popular escogi\u00f3 el proyecto comunal que m\u00e1s beneficiara a su comunidad.<\/p>\n\n\n\n<figure class=\"wp-block-image size-large\"><a href=\"http:\/\/www.mpppst.gob.ve\/mpppstweb\/wp-content\/uploads\/2024\/04\/photo_4987825128519871598_y.jpg\"><img decoding=\"async\" loading=\"lazy\" width=\"1024\" height=\"576\" src=\"http:\/\/www.mpppst.gob.ve\/mpppstweb\/wp-content\/uploads\/2024\/04\/photo_4987825128519871598_y-1024x576.jpg\" alt=\"\" class=\"wp-image-26048\" srcset=\"https:\/\/www.mpppst.gob.ve\/mpppstweb\/wp-content\/uploads\/2024\/04\/photo_4987825128519871598_y-1024x576.jpg 1024w, https:\/\/www.mpppst.gob.ve\/mpppstweb\/wp-content\/uploads\/2024\/04\/photo_4987825128519871598_y-300x169.jpg 300w, https:\/\/www.mpppst.gob.ve\/mpppstweb\/wp-content\/uploads\/2024\/04\/photo_4987825128519871598_y-768x432.jpg 768w, https:\/\/www.mpppst.gob.ve\/mpppstweb\/wp-content\/uploads\/2024\/04\/photo_4987825128519871598_y.jpg 1280w\" sizes=\"(max-width: 1024px) 100vw, 1024px\" \/><\/a><\/figure>\n\n\n\n<p>La <strong>Viceministra <\/strong>del <strong>Sistema Integrado de Inspecci\u00f3n Laboral<\/strong>, <strong>Rosal\u00eda Zingales<\/strong>, expres\u00f3 su agradecimiento con aquellos trabajadores y trabajadoras que consecuentemente participan en las charlas semanales, indic\u00f3 tambi\u00e9n, que los adolescentes, a partir de los 15 a\u00f1os tambi\u00e9n pod\u00edan participar en las consultas comunales.<\/p>\n\n\n\n<p>\u201c<em>Tenemos que valorar eso, para eso debemos darnos cuenta de lo extraordinario que para nosotros es el terreno ganado, participativo y protag\u00f3nico, (\u2026), los proyectos que se van a ejecutar en nuestra comunidad, para donde va y como se van a gastar, adem\u00e1s llamar a controlar el gasto de insumos<\/em>\u201d, enfatiz\u00f3 la <strong>viceministra Zingales<\/strong>.<\/p>\n\n\n\n<figure class=\"wp-block-image size-large\"><a href=\"http:\/\/www.mpppst.gob.ve\/mpppstweb\/wp-content\/uploads\/2024\/04\/photo_4987756585136794891_y.jpg\"><img decoding=\"async\" loading=\"lazy\" width=\"1024\" height=\"577\" src=\"http:\/\/www.mpppst.gob.ve\/mpppstweb\/wp-content\/uploads\/2024\/04\/photo_4987756585136794891_y-1024x577.jpg\" alt=\"\" class=\"wp-image-26049\" srcset=\"https:\/\/www.mpppst.gob.ve\/mpppstweb\/wp-content\/uploads\/2024\/04\/photo_4987756585136794891_y-1024x577.jpg 1024w, https:\/\/www.mpppst.gob.ve\/mpppstweb\/wp-content\/uploads\/2024\/04\/photo_4987756585136794891_y-300x169.jpg 300w, https:\/\/www.mpppst.gob.ve\/mpppstweb\/wp-content\/uploads\/2024\/04\/photo_4987756585136794891_y-768x433.jpg 768w, https:\/\/www.mpppst.gob.ve\/mpppstweb\/wp-content\/uploads\/2024\/04\/photo_4987756585136794891_y.jpg 1280w\" sizes=\"(max-width: 1024px) 100vw, 1024px\" \/><\/a><\/figure>\n\n\n\n<p>Por su parte, <strong>Francisco Rodr\u00edguez<\/strong>, asesor de pol\u00edticas p\u00fablicas, expres\u00f3 que los ciudadanos a partir de los 15 a\u00f1os participaron en la consulta popular, en demostraci\u00f3n de democracia directa, 27.000 proyectos fueron presentados junto con 63.000 asambleas populares en todo el pa\u00eds.<\/p>\n\n\n\n<p>\u201c<em>Hablamos de 21 millones de venezolanos que fuimos convocados a participar el d\u00eda de ayer, aun falta mucho por construir, porque la democracia participativa (\u2026), nos hemos acostumbrado en estos 25 a\u00f1os damos por hecho ciertas conquistas, como lo es la democracia participativa y protag\u00f3nica, y lo mencionamos con alegr\u00eda, sin tener conciencia el ejercicio que compone en todas las \u00e1reas, ayer fue una expresi\u00f3n de ese poder comunal que esta en formaci\u00f3n<\/em>\u201d, afirm\u00f3 <strong>Rodr\u00edguez<\/strong>.<\/p>\n\n\n\n<p>Cabe destacar que, las consultas fueron priorizadas, durante la tribuna se record\u00f3 el <strong>D\u00eda Mundial de la Pachamama<\/strong>, tambi\u00e9n se les dio unos breves consejos a la clase trabajadora para el ahorro energ\u00e9tico.<\/p>\n\n\n\n<p><strong>Prensa MPPPST\/Rosa Brito<\/strong><\/p>\n","protected":false},"excerpt":{"rendered":"<p>La clase obrera se reuni\u00f3 en la Plaza Caracas, junto al Ministerio del Poder Popular para el Proceso Social de Trabajo (MPPPST), donde se celebr\u00f3 la tribuna antiimperialista #46, la cual sostuvo como tema principal la democracia participativa, que se celebr\u00f3 el pasado 21 de abril, donde el Poder Popular escogi\u00f3 el proyecto comunal que m\u00e1s beneficiara a su comunidad.<\/p>\n","protected":false},"author":25,"featured_media":26047,"comment_status":"closed","ping_status":"closed","sticky":false,"template":"","format":"standard","meta":{"footnotes":""},"categories":[163,84],"tags":[482,741,428,740],"yoast_head":"<!-- This site is optimized with the Yoast SEO plugin v22.5 - https:\/\/yoast.com\/wordpress\/plugins\/seo\/ -->\n<title>La clase obrera particip\u00f3 en la tribuna antiimperialista #46 - MPPPST<\/title>\n<meta name=\"robots\" content=\"index, follow, max-snippet:-1, max-image-preview:large, max-video-preview:-1\" \/>\n<link rel=\"canonical\" href=\"https:\/\/www.mpppst.gob.ve\/mpppstweb\/index.php\/2024\/04\/23\/la-clase-obrera-participo-en-la-tribuna-antiimperialista-46\/\" \/>\n<meta property=\"og:locale\" content=\"es_ES\" \/>\n<meta property=\"og:type\" content=\"article\" \/>\n<meta property=\"og:title\" content=\"La clase obrera particip\u00f3 en la tribuna antiimperialista #46 - MPPPST\" \/>\n<meta property=\"og:description\" content=\"La clase obrera se reuni\u00f3 en la Plaza Caracas, junto al Ministerio del Poder Popular para el Proceso Social de Trabajo (MPPPST), donde se celebr\u00f3 la tribuna antiimperialista #46, la cual sostuvo como tema principal la democracia participativa, que se celebr\u00f3 el pasado 21 de abril, donde el Poder Popular escogi\u00f3 el proyecto comunal que m\u00e1s beneficiara a su comunidad.\" \/>\n<meta property=\"og:url\" content=\"https:\/\/www.mpppst.gob.ve\/mpppstweb\/index.php\/2024\/04\/23\/la-clase-obrera-participo-en-la-tribuna-antiimperialista-46\/\" \/>\n<meta property=\"og:site_name\" content=\"MPPPST\" \/>\n<meta property=\"article:published_time\" content=\"2024-04-23T16:15:39+00:00\" \/>\n<meta property=\"article:modified_time\" content=\"2024-04-23T16:15:40+00:00\" \/>\n<meta property=\"og:image\" content=\"https:\/\/www.mpppst.gob.ve\/mpppstweb\/wp-content\/uploads\/2024\/04\/photo_4987825128519871628_y.jpg\" \/>\n\t<meta property=\"og:image:width\" content=\"1280\" \/>\n\t<meta property=\"og:image:height\" content=\"721\" \/>\n\t<meta property=\"og:image:type\" content=\"image\/jpeg\" \/>\n<meta name=\"author\" content=\"MPPPST Prensa\" \/>\n<meta name=\"twitter:card\" content=\"summary_large_image\" \/>\n<meta name=\"twitter:label1\" content=\"Escrito por\" \/>\n\t<meta name=\"twitter:data1\" content=\"MPPPST Prensa\" \/>\n\t<meta name=\"twitter:label2\" content=\"Tiempo de lectura\" \/>\n\t<meta name=\"twitter:data2\" content=\"2 minutos\" \/>\n<script type=\"application\/ld+json\" class=\"yoast-schema-graph\">{\"@context\":\"https:\/\/schema.org\",\"@graph\":[{\"@type\":\"Article\",\"@id\":\"https:\/\/www.mpppst.gob.ve\/mpppstweb\/index.php\/2024\/04\/23\/la-clase-obrera-participo-en-la-tribuna-antiimperialista-46\/#article\",\"isPartOf\":{\"@id\":\"https:\/\/www.mpppst.gob.ve\/mpppstweb\/index.php\/2024\/04\/23\/la-clase-obrera-participo-en-la-tribuna-antiimperialista-46\/\"},\"author\":{\"name\":\"MPPPST Prensa\",\"@id\":\"https:\/\/www.mpppst.gob.ve\/mpppstweb\/#\/schema\/person\/fc187ee8ead412bd4c9304b62f900ea4\"},\"headline\":\"La clase obrera particip\u00f3 en la tribuna antiimperialista #46\",\"datePublished\":\"2024-04-23T16:15:39+00:00\",\"dateModified\":\"2024-04-23T16:15:40+00:00\",\"mainEntityOfPage\":{\"@id\":\"https:\/\/www.mpppst.gob.ve\/mpppstweb\/index.php\/2024\/04\/23\/la-clase-obrera-participo-en-la-tribuna-antiimperialista-46\/\"},\"wordCount\":337,\"publisher\":{\"@id\":\"https:\/\/www.mpppst.gob.ve\/mpppstweb\/#organization\"},\"image\":{\"@id\":\"https:\/\/www.mpppst.gob.ve\/mpppstweb\/index.php\/2024\/04\/23\/la-clase-obrera-participo-en-la-tribuna-antiimperialista-46\/#primaryimage\"},\"thumbnailUrl\":\"https:\/\/www.mpppst.gob.ve\/mpppstweb\/wp-content\/uploads\/2024\/04\/photo_4987825128519871628_y.jpg\",\"keywords\":[\"Francisco Rodr\u00edguez\",\"Proyecto Comunal\",\"Tribuna antiimperialista\",\"Viceministra Rosalia Zingales\"],\"articleSection\":[\"Noticias\",\"Vida Laboral y Sindical\"],\"inLanguage\":\"es\"},{\"@type\":\"WebPage\",\"@id\":\"https:\/\/www.mpppst.gob.ve\/mpppstweb\/index.php\/2024\/04\/23\/la-clase-obrera-participo-en-la-tribuna-antiimperialista-46\/\",\"url\":\"https:\/\/www.mpppst.gob.ve\/mpppstweb\/index.php\/2024\/04\/23\/la-clase-obrera-participo-en-la-tribuna-antiimperialista-46\/\",\"name\":\"La clase obrera particip\u00f3 en la tribuna antiimperialista #46 - MPPPST\",\"isPartOf\":{\"@id\":\"https:\/\/www.mpppst.gob.ve\/mpppstweb\/#website\"},\"primaryImageOfPage\":{\"@id\":\"https:\/\/www.mpppst.gob.ve\/mpppstweb\/index.php\/2024\/04\/23\/la-clase-obrera-participo-en-la-tribuna-antiimperialista-46\/#primaryimage\"},\"image\":{\"@id\":\"https:\/\/www.mpppst.gob.ve\/mpppstweb\/index.php\/2024\/04\/23\/la-clase-obrera-participo-en-la-tribuna-antiimperialista-46\/#primaryimage\"},\"thumbnailUrl\":\"https:\/\/www.mpppst.gob.ve\/mpppstweb\/wp-content\/uploads\/2024\/04\/photo_4987825128519871628_y.jpg\",\"datePublished\":\"2024-04-23T16:15:39+00:00\",\"dateModified\":\"2024-04-23T16:15:40+00:00\",\"breadcrumb\":{\"@id\":\"https:\/\/www.mpppst.gob.ve\/mpppstweb\/index.php\/2024\/04\/23\/la-clase-obrera-participo-en-la-tribuna-antiimperialista-46\/#breadcrumb\"},\"inLanguage\":\"es\",\"potentialAction\":[{\"@type\":\"ReadAction\",\"target\":[\"https:\/\/www.mpppst.gob.ve\/mpppstweb\/index.php\/2024\/04\/23\/la-clase-obrera-participo-en-la-tribuna-antiimperialista-46\/\"]}]},{\"@type\":\"ImageObject\",\"inLanguage\":\"es\",\"@id\":\"https:\/\/www.mpppst.gob.ve\/mpppstweb\/index.php\/2024\/04\/23\/la-clase-obrera-participo-en-la-tribuna-antiimperialista-46\/#primaryimage\",\"url\":\"https:\/\/www.mpppst.gob.ve\/mpppstweb\/wp-content\/uploads\/2024\/04\/photo_4987825128519871628_y.jpg\",\"contentUrl\":\"https:\/\/www.mpppst.gob.ve\/mpppstweb\/wp-content\/uploads\/2024\/04\/photo_4987825128519871628_y.jpg\",\"width\":1280,\"height\":721,\"caption\":\"La clase obrera se reuni\u00f3 en la Plaza Caracas, junto al Ministerio del Poder Popular para el Proceso Social de Trabajo (MPPPST), donde se celebr\u00f3 la tribuna antiimperialista #46, la cual sostuvo como tema principal la democracia participativa, que se celebr\u00f3 el pasado 21 de abril, donde el Poder Popular escogi\u00f3 el proyecto comunal que m\u00e1s beneficiara a su comunidad.\"},{\"@type\":\"BreadcrumbList\",\"@id\":\"https:\/\/www.mpppst.gob.ve\/mpppstweb\/index.php\/2024\/04\/23\/la-clase-obrera-participo-en-la-tribuna-antiimperialista-46\/#breadcrumb\",\"itemListElement\":[{\"@type\":\"ListItem\",\"position\":1,\"name\":\"Home\",\"item\":\"https:\/\/www.mpppst.gob.ve\/mpppstweb\/\"},{\"@type\":\"ListItem\",\"position\":2,\"name\":\"La clase obrera particip\u00f3 en la tribuna antiimperialista #46\"}]},{\"@type\":\"WebSite\",\"@id\":\"https:\/\/www.mpppst.gob.ve\/mpppstweb\/#website\",\"url\":\"https:\/\/www.mpppst.gob.ve\/mpppstweb\/\",\"name\":\"MPPPST\",\"description\":\"Ministerio del Poder Popular para el Proceso Social de Trabajo\",\"publisher\":{\"@id\":\"https:\/\/www.mpppst.gob.ve\/mpppstweb\/#organization\"},\"potentialAction\":[{\"@type\":\"SearchAction\",\"target\":{\"@type\":\"EntryPoint\",\"urlTemplate\":\"https:\/\/www.mpppst.gob.ve\/mpppstweb\/?s={search_term_string}\"},\"query-input\":\"required name=search_term_string\"}],\"inLanguage\":\"es\"},{\"@type\":\"Organization\",\"@id\":\"https:\/\/www.mpppst.gob.ve\/mpppstweb\/#organization\",\"name\":\"mpppst\",\"url\":\"https:\/\/www.mpppst.gob.ve\/mpppstweb\/\",\"logo\":{\"@type\":\"ImageObject\",\"inLanguage\":\"es\",\"@id\":\"https:\/\/www.mpppst.gob.ve\/mpppstweb\/#\/schema\/logo\/image\/\",\"url\":\"https:\/\/www.mpppst.gob.ve\/mpppstweb\/wp-content\/uploads\/2025\/07\/cropped-cropped-g910.png\",\"contentUrl\":\"https:\/\/www.mpppst.gob.ve\/mpppstweb\/wp-content\/uploads\/2025\/07\/cropped-cropped-g910.png\",\"width\":1080,\"height\":241,\"caption\":\"mpppst\"},\"image\":{\"@id\":\"https:\/\/www.mpppst.gob.ve\/mpppstweb\/#\/schema\/logo\/image\/\"}},{\"@type\":\"Person\",\"@id\":\"https:\/\/www.mpppst.gob.ve\/mpppstweb\/#\/schema\/person\/fc187ee8ead412bd4c9304b62f900ea4\",\"name\":\"MPPPST Prensa\",\"url\":\"https:\/\/www.mpppst.gob.ve\/mpppstweb\/index.php\/author\/prensa-mpppst\/\"}]}<\/script>\n<!-- \/ Yoast SEO plugin. -->","yoast_head_json":{"title":"La clase obrera particip\u00f3 en la tribuna antiimperialista #46 - MPPPST","robots":{"index":"index","follow":"follow","max-snippet":"max-snippet:-1","max-image-preview":"max-image-preview:large","max-video-preview":"max-video-preview:-1"},"canonical":"https:\/\/www.mpppst.gob.ve\/mpppstweb\/index.php\/2024\/04\/23\/la-clase-obrera-participo-en-la-tribuna-antiimperialista-46\/","og_locale":"es_ES","og_type":"article","og_title":"La clase obrera particip\u00f3 en la tribuna antiimperialista #46 - MPPPST","og_description":"La clase obrera se reuni\u00f3 en la Plaza Caracas, junto al Ministerio del Poder Popular para el Proceso Social de Trabajo (MPPPST), donde se celebr\u00f3 la tribuna antiimperialista #46, la cual sostuvo como tema principal la democracia participativa, que se celebr\u00f3 el pasado 21 de abril, donde el Poder Popular escogi\u00f3 el proyecto comunal que m\u00e1s beneficiara a su comunidad.","og_url":"https:\/\/www.mpppst.gob.ve\/mpppstweb\/index.php\/2024\/04\/23\/la-clase-obrera-participo-en-la-tribuna-antiimperialista-46\/","og_site_name":"MPPPST","article_published_time":"2024-04-23T16:15:39+00:00","article_modified_time":"2024-04-23T16:15:40+00:00","og_image":[{"width":1280,"height":721,"url":"https:\/\/www.mpppst.gob.ve\/mpppstweb\/wp-content\/uploads\/2024\/04\/photo_4987825128519871628_y.jpg","type":"image\/jpeg"}],"author":"MPPPST Prensa","twitter_card":"summary_large_image","twitter_misc":{"Escrito por":"MPPPST Prensa","Tiempo de lectura":"2 minutos"},"schema":{"@context":"https:\/\/schema.org","@graph":[{"@type":"Article","@id":"https:\/\/www.mpppst.gob.ve\/mpppstweb\/index.php\/2024\/04\/23\/la-clase-obrera-participo-en-la-tribuna-antiimperialista-46\/#article","isPartOf":{"@id":"https:\/\/www.mpppst.gob.ve\/mpppstweb\/index.php\/2024\/04\/23\/la-clase-obrera-participo-en-la-tribuna-antiimperialista-46\/"},"author":{"name":"MPPPST Prensa","@id":"https:\/\/www.mpppst.gob.ve\/mpppstweb\/#\/schema\/person\/fc187ee8ead412bd4c9304b62f900ea4"},"headline":"La clase obrera particip\u00f3 en la tribuna antiimperialista #46","datePublished":"2024-04-23T16:15:39+00:00","dateModified":"2024-04-23T16:15:40+00:00","mainEntityOfPage":{"@id":"https:\/\/www.mpppst.gob.ve\/mpppstweb\/index.php\/2024\/04\/23\/la-clase-obrera-participo-en-la-tribuna-antiimperialista-46\/"},"wordCount":337,"publisher":{"@id":"https:\/\/www.mpppst.gob.ve\/mpppstweb\/#organization"},"image":{"@id":"https:\/\/www.mpppst.gob.ve\/mpppstweb\/index.php\/2024\/04\/23\/la-clase-obrera-participo-en-la-tribuna-antiimperialista-46\/#primaryimage"},"thumbnailUrl":"https:\/\/www.mpppst.gob.ve\/mpppstweb\/wp-content\/uploads\/2024\/04\/photo_4987825128519871628_y.jpg","keywords":["Francisco Rodr\u00edguez","Proyecto Comunal","Tribuna antiimperialista","Viceministra Rosalia Zingales"],"articleSection":["Noticias","Vida Laboral y Sindical"],"inLanguage":"es"},{"@type":"WebPage","@id":"https:\/\/www.mpppst.gob.ve\/mpppstweb\/index.php\/2024\/04\/23\/la-clase-obrera-participo-en-la-tribuna-antiimperialista-46\/","url":"https:\/\/www.mpppst.gob.ve\/mpppstweb\/index.php\/2024\/04\/23\/la-clase-obrera-participo-en-la-tribuna-antiimperialista-46\/","name":"La clase obrera particip\u00f3 en la tribuna antiimperialista #46 - MPPPST","isPartOf":{"@id":"https:\/\/www.mpppst.gob.ve\/mpppstweb\/#website"},"primaryImageOfPage":{"@id":"https:\/\/www.mpppst.gob.ve\/mpppstweb\/index.php\/2024\/04\/23\/la-clase-obrera-participo-en-la-tribuna-antiimperialista-46\/#primaryimage"},"image":{"@id":"https:\/\/www.mpppst.gob.ve\/mpppstweb\/index.php\/2024\/04\/23\/la-clase-obrera-participo-en-la-tribuna-antiimperialista-46\/#primaryimage"},"thumbnailUrl":"https:\/\/www.mpppst.gob.ve\/mpppstweb\/wp-content\/uploads\/2024\/04\/photo_4987825128519871628_y.jpg","datePublished":"2024-04-23T16:15:39+00:00","dateModified":"2024-04-23T16:15:40+00:00","breadcrumb":{"@id":"https:\/\/www.mpppst.gob.ve\/mpppstweb\/index.php\/2024\/04\/23\/la-clase-obrera-participo-en-la-tribuna-antiimperialista-46\/#breadcrumb"},"inLanguage":"es","potentialAction":[{"@type":"ReadAction","target":["https:\/\/www.mpppst.gob.ve\/mpppstweb\/index.php\/2024\/04\/23\/la-clase-obrera-participo-en-la-tribuna-antiimperialista-46\/"]}]},{"@type":"ImageObject","inLanguage":"es","@id":"https:\/\/www.mpppst.gob.ve\/mpppstweb\/index.php\/2024\/04\/23\/la-clase-obrera-participo-en-la-tribuna-antiimperialista-46\/#primaryimage","url":"https:\/\/www.mpppst.gob.ve\/mpppstweb\/wp-content\/uploads\/2024\/04\/photo_4987825128519871628_y.jpg","contentUrl":"https:\/\/www.mpppst.gob.ve\/mpppstweb\/wp-content\/uploads\/2024\/04\/photo_4987825128519871628_y.jpg","width":1280,"height":721,"caption":"La clase obrera se reuni\u00f3 en la Plaza Caracas, junto al Ministerio del Poder Popular para el Proceso Social de Trabajo (MPPPST), donde se celebr\u00f3 la tribuna antiimperialista #46, la cual sostuvo como tema principal la democracia participativa, que se celebr\u00f3 el pasado 21 de abril, donde el Poder Popular escogi\u00f3 el proyecto comunal que m\u00e1s beneficiara a su comunidad."},{"@type":"BreadcrumbList","@id":"https:\/\/www.mpppst.gob.ve\/mpppstweb\/index.php\/2024\/04\/23\/la-clase-obrera-participo-en-la-tribuna-antiimperialista-46\/#breadcrumb","itemListElement":[{"@type":"ListItem","position":1,"name":"Home","item":"https:\/\/www.mpppst.gob.ve\/mpppstweb\/"},{"@type":"ListItem","position":2,"name":"La clase obrera particip\u00f3 en la tribuna antiimperialista #46"}]},{"@type":"WebSite","@id":"https:\/\/www.mpppst.gob.ve\/mpppstweb\/#website","url":"https:\/\/www.mpppst.gob.ve\/mpppstweb\/","name":"MPPPST","description":"Ministerio del Poder Popular para el Proceso Social de Trabajo","publisher":{"@id":"https:\/\/www.mpppst.gob.ve\/mpppstweb\/#organization"},"potentialAction":[{"@type":"SearchAction","target":{"@type":"EntryPoint","urlTemplate":"https:\/\/www.mpppst.gob.ve\/mpppstweb\/?s={search_term_string}"},"query-input":"required name=search_term_string"}],"inLanguage":"es"},{"@type":"Organization","@id":"https:\/\/www.mpppst.gob.ve\/mpppstweb\/#organization","name":"mpppst","url":"https:\/\/www.mpppst.gob.ve\/mpppstweb\/","logo":{"@type":"ImageObject","inLanguage":"es","@id":"https:\/\/www.mpppst.gob.ve\/mpppstweb\/#\/schema\/logo\/image\/","url":"https:\/\/www.mpppst.gob.ve\/mpppstweb\/wp-content\/uploads\/2025\/07\/cropped-cropped-g910.png","contentUrl":"https:\/\/www.mpppst.gob.ve\/mpppstweb\/wp-content\/uploads\/2025\/07\/cropped-cropped-g910.png","width":1080,"height":241,"caption":"mpppst"},"image":{"@id":"https:\/\/www.mpppst.gob.ve\/mpppstweb\/#\/schema\/logo\/image\/"}},{"@type":"Person","@id":"https:\/\/www.mpppst.gob.ve\/mpppstweb\/#\/schema\/person\/fc187ee8ead412bd4c9304b62f900ea4","name":"MPPPST Prensa","url":"https:\/\/www.mpppst.gob.ve\/mpppstweb\/index.php\/author\/prensa-mpppst\/"}]}},"_links":{"self":[{"href":"https:\/\/www.mpppst.gob.ve\/mpppstweb\/index.php\/wp-json\/wp\/v2\/posts\/26046"}],"collection":[{"href":"https:\/\/www.mpppst.gob.ve\/mpppstweb\/index.php\/wp-json\/wp\/v2\/posts"}],"about":[{"href":"https:\/\/www.mpppst.gob.ve\/mpppstweb\/index.php\/wp-json\/wp\/v2\/types\/post"}],"author":[{"embeddable":true,"href":"https:\/\/www.mpppst.gob.ve\/mpppstweb\/index.php\/wp-json\/wp\/v2\/users\/25"}],"replies":[{"embeddable":true,"href":"https:\/\/www.mpppst.gob.ve\/mpppstweb\/index.php\/wp-json\/wp\/v2\/comments?post=26046"}],"version-history":[{"count":1,"href":"https:\/\/www.mpppst.gob.ve\/mpppstweb\/index.php\/wp-json\/wp\/v2\/posts\/26046\/revisions"}],"predecessor-version":[{"id":26052,"href":"https:\/\/www.mpppst.gob.ve\/mpppstweb\/index.php\/wp-json\/wp\/v2\/posts\/26046\/revisions\/26052"}],"wp:featuredmedia":[{"embeddable":true,"href":"https:\/\/www.mpppst.gob.ve\/mpppstweb\/index.php\/wp-json\/wp\/v2\/media\/26047"}],"wp:attachment":[{"href":"https:\/\/www.mpppst.gob.ve\/mpppstweb\/index.php\/wp-json\/wp\/v2\/media?parent=26046"}],"wp:term":[{"taxonomy":"category","embeddable":true,"href":"https:\/\/www.mpppst.gob.ve\/mpppstweb\/index.php\/wp-json\/wp\/v2\/categories?post=26046"},{"taxonomy":"post_tag","embeddable":true,"href":"https:\/\/www.mpppst.gob.ve\/mpppstweb\/index.php\/wp-json\/wp\/v2\/tags?post=26046"}],"curies":[{"name":"wp","href":"https:\/\/api.w.org\/{rel}","templated":true}]}}