{"id":26057,"date":"2024-04-26T15:15:08","date_gmt":"2024-04-26T19:15:08","guid":{"rendered":"http:\/\/www.mpppst.gob.ve\/mpppstweb\/?p=26057"},"modified":"2024-04-26T15:15:10","modified_gmt":"2024-04-26T19:15:10","slug":"convenios-cooperativos-interinstitucional","status":"publish","type":"post","link":"https:\/\/www.mpppst.gob.ve\/mpppstweb\/index.php\/2024\/04\/26\/convenios-cooperativos-interinstitucional\/","title":{"rendered":"MPPPST y PDVSA firman convenio en el marco de la cooperaci\u00f3n interinstitucional"},"content":{"rendered":"\n<p><strong>MPPPST, Caracas.- <\/strong>En el auditorio de <strong>Petr\u00f3leos de Venezuela<\/strong> (<strong>Pdvsa<\/strong>), ubicado en <strong>La Campi\u00f1a<\/strong>, los <strong>ministros Alexis Corredor<\/strong> y <strong>Pedro Tellechea<\/strong>, firmaron convenio en el marco de la cooperaci\u00f3n interinstitucional con el <strong>Instituto Nacional de Prevenci\u00f3n, Salud y Seguridad Laborales<\/strong> (<strong>Inpsasel<\/strong>), a fin de garantizar la seguridad laboral de las y los trabajadores.<\/p>\n\n\n\n<p>El<strong> ministro del MPPPST<\/strong>,<strong> Alexis Corredor P\u00e9rez<\/strong>, agradeci\u00f3 al <strong>ministro Tellechea<\/strong> por el cumplimiento de las orientaciones generales que se han implementado para el mejoramiento de la <strong>Clase Obrera<\/strong>, al mismo tiempo que record\u00f3 la lucha que realizaron los m\u00e1rtires de chicago en 1886, al reclamar sus derechos.<\/p>\n\n\n\n<p><em>\u201cLos trabajadores y las trabajadoras, vamos a decirle al mundo que a pesar del criminal bloqueo y las medidas coercitivas, aqu\u00ed estamos, en pie, defendiendo el ideario de nuestro pueblo\u201d<\/em>, enfatiz\u00f3 <strong>Corredor<\/strong><\/p>\n\n\n\n<p>Por su parte, el <strong>ministro Pedro Tellechea<\/strong>, indic\u00f3 que <strong>Pdvsa <\/strong>sigue siendo una empresa con bases s\u00f3lidas, gracias a su junta directiva, quienes han luchado junto a \u00e9l contra los sabotajes, adem\u00e1s de apreciar como la clase obrera ha trabajado por mantener la seguridad laboral al d\u00eda.<\/p>\n\n\n\n<figure class=\"wp-block-image size-large\"><a href=\"http:\/\/www.mpppst.gob.ve\/mpppstweb\/wp-content\/uploads\/2024\/04\/photo_4996991842859986648_y.jpg\"><img decoding=\"async\" loading=\"lazy\" width=\"1024\" height=\"577\" src=\"http:\/\/www.mpppst.gob.ve\/mpppstweb\/wp-content\/uploads\/2024\/04\/photo_4996991842859986648_y-1024x577.jpg\" alt=\"\" class=\"wp-image-26070\" srcset=\"https:\/\/www.mpppst.gob.ve\/mpppstweb\/wp-content\/uploads\/2024\/04\/photo_4996991842859986648_y-1024x577.jpg 1024w, https:\/\/www.mpppst.gob.ve\/mpppstweb\/wp-content\/uploads\/2024\/04\/photo_4996991842859986648_y-300x169.jpg 300w, https:\/\/www.mpppst.gob.ve\/mpppstweb\/wp-content\/uploads\/2024\/04\/photo_4996991842859986648_y-768x433.jpg 768w, https:\/\/www.mpppst.gob.ve\/mpppstweb\/wp-content\/uploads\/2024\/04\/photo_4996991842859986648_y.jpg 1280w\" sizes=\"(max-width: 1024px) 100vw, 1024px\" \/><\/a><figcaption class=\"wp-element-caption\">Ministro Corredor y Tellechea &#8211; Fotograf\u00eda Greyler Alvarado<\/figcaption><\/figure>\n\n\n\n<p>El <strong>presidente <\/strong>de <strong>Insapsel<\/strong>, <strong>Rusbel Rond\u00f3n<\/strong>, afirm\u00f3 que el gobierno del<strong> Presidente Obrero<\/strong>, <strong>Nicol\u00e1s Maduro<\/strong>, viene cumpliendo y asumiendo las responsabilidades en materia de prevenci\u00f3n, salud y seguridad laboral.<\/p>\n\n\n\n<p><em>\u201cLa seguridad y el trabajo en empresas como PDVSA, es fundamental para robustecer e impulsar una postura preventiva, para reducir los accidentes laborales y las enfermedades ocupacionales\u201d<\/em>, enfatiz\u00f3 <strong>Rond\u00f3n<\/strong>.<\/p>\n\n\n\n<p>Cabe destacar, que <strong>Pdvsa <\/strong>realiz\u00f3 un conversatorio para la clase obrera, teniendo como tema principal, las garant\u00edas de la seguridad y la salud en el trabajo en un clima cambiante.<\/p>\n\n\n\n<p><strong>MPPPST Prensa\/Rosa Brito<\/strong><\/p>\n","protected":false},"excerpt":{"rendered":"<p>En el auditorio de Petr\u00f3leos de Venezuela (Pdvsa), ubicado en La Campi\u00f1a, los ministros Alexis Corredor y Pedro Tellechea, firmaron convenio en el marco de la cooperaci\u00f3n interinstitucional con el Instituto Nacional de Prevenci\u00f3n, Salud y Seguridad Laborales (Inpsasel), a fin de garantizar la seguridad laboral de las y los trabajadores.<\/p>\n","protected":false},"author":25,"featured_media":26071,"comment_status":"closed","ping_status":"closed","sticky":false,"template":"","format":"standard","meta":{"footnotes":""},"categories":[239,163],"tags":[750,250,693,751,223,321,415],"yoast_head":"<!-- This site is optimized with the Yoast SEO plugin v22.5 - https:\/\/yoast.com\/wordpress\/plugins\/seo\/ -->\n<title>MPPPST y PDVSA firman convenio en el marco de la cooperaci\u00f3n interinstitucional - MPPPST<\/title>\n<meta name=\"description\" content=\"En el auditorio de Pdvsa, La Campi\u00f1a, los ministros Alexis Corredor y Pedro Tellechea, firmaron cooperaci\u00f3n interinstitucional con Inpsasel\" \/>\n<meta name=\"robots\" content=\"index, follow, max-snippet:-1, max-image-preview:large, max-video-preview:-1\" \/>\n<link rel=\"canonical\" href=\"https:\/\/www.mpppst.gob.ve\/mpppstweb\/index.php\/2024\/04\/26\/convenios-cooperativos-interinstitucional\/\" \/>\n<meta property=\"og:locale\" content=\"es_ES\" \/>\n<meta property=\"og:type\" content=\"article\" \/>\n<meta property=\"og:title\" content=\"MPPPST y PDVSA firman convenio en el marco de la cooperaci\u00f3n interinstitucional - MPPPST\" \/>\n<meta property=\"og:description\" content=\"En el auditorio de Pdvsa, La Campi\u00f1a, los ministros Alexis Corredor y Pedro Tellechea, firmaron cooperaci\u00f3n interinstitucional con Inpsasel\" \/>\n<meta property=\"og:url\" content=\"https:\/\/www.mpppst.gob.ve\/mpppstweb\/index.php\/2024\/04\/26\/convenios-cooperativos-interinstitucional\/\" \/>\n<meta property=\"og:site_name\" content=\"MPPPST\" \/>\n<meta property=\"article:published_time\" content=\"2024-04-26T19:15:08+00:00\" \/>\n<meta property=\"article:modified_time\" content=\"2024-04-26T19:15:10+00:00\" \/>\n<meta property=\"og:image\" content=\"https:\/\/www.mpppst.gob.ve\/mpppstweb\/wp-content\/uploads\/2024\/04\/photo_4996991842859986718_y.jpg\" \/>\n\t<meta property=\"og:image:width\" content=\"1280\" \/>\n\t<meta property=\"og:image:height\" content=\"721\" \/>\n\t<meta property=\"og:image:type\" content=\"image\/jpeg\" \/>\n<meta name=\"author\" content=\"MPPPST Prensa\" \/>\n<meta name=\"twitter:card\" content=\"summary_large_image\" \/>\n<meta name=\"twitter:label1\" content=\"Escrito por\" \/>\n\t<meta name=\"twitter:data1\" content=\"MPPPST Prensa\" \/>\n\t<meta name=\"twitter:label2\" content=\"Tiempo de lectura\" \/>\n\t<meta name=\"twitter:data2\" content=\"2 minutos\" \/>\n<script type=\"application\/ld+json\" class=\"yoast-schema-graph\">{\"@context\":\"https:\/\/schema.org\",\"@graph\":[{\"@type\":\"Article\",\"@id\":\"https:\/\/www.mpppst.gob.ve\/mpppstweb\/index.php\/2024\/04\/26\/convenios-cooperativos-interinstitucional\/#article\",\"isPartOf\":{\"@id\":\"https:\/\/www.mpppst.gob.ve\/mpppstweb\/index.php\/2024\/04\/26\/convenios-cooperativos-interinstitucional\/\"},\"author\":{\"name\":\"MPPPST Prensa\",\"@id\":\"https:\/\/www.mpppst.gob.ve\/mpppstweb\/#\/schema\/person\/fc187ee8ead412bd4c9304b62f900ea4\"},\"headline\":\"MPPPST y PDVSA firman convenio en el marco de la cooperaci\u00f3n interinstitucional\",\"datePublished\":\"2024-04-26T19:15:08+00:00\",\"dateModified\":\"2024-04-26T19:15:10+00:00\",\"mainEntityOfPage\":{\"@id\":\"https:\/\/www.mpppst.gob.ve\/mpppstweb\/index.php\/2024\/04\/26\/convenios-cooperativos-interinstitucional\/\"},\"wordCount\":308,\"publisher\":{\"@id\":\"https:\/\/www.mpppst.gob.ve\/mpppstweb\/#organization\"},\"image\":{\"@id\":\"https:\/\/www.mpppst.gob.ve\/mpppstweb\/index.php\/2024\/04\/26\/convenios-cooperativos-interinstitucional\/#primaryimage\"},\"thumbnailUrl\":\"https:\/\/www.mpppst.gob.ve\/mpppstweb\/wp-content\/uploads\/2024\/04\/photo_4996991842859986718_y.jpg\",\"keywords\":[\"Cooperaci\u00f3n Interinstitucional\",\"Inpsasel\",\"Ministro Alexis Corredor P\u00e9rez\",\"Ministro Pedro Tellechea\",\"MPPPST\",\"PDVSA\",\"Rusbel Rond\u00f3n\"],\"articleSection\":[\"Entes adscritos\",\"Noticias\"],\"inLanguage\":\"es\"},{\"@type\":\"WebPage\",\"@id\":\"https:\/\/www.mpppst.gob.ve\/mpppstweb\/index.php\/2024\/04\/26\/convenios-cooperativos-interinstitucional\/\",\"url\":\"https:\/\/www.mpppst.gob.ve\/mpppstweb\/index.php\/2024\/04\/26\/convenios-cooperativos-interinstitucional\/\",\"name\":\"MPPPST y PDVSA firman convenio en el marco de la cooperaci\u00f3n interinstitucional - MPPPST\",\"isPartOf\":{\"@id\":\"https:\/\/www.mpppst.gob.ve\/mpppstweb\/#website\"},\"primaryImageOfPage\":{\"@id\":\"https:\/\/www.mpppst.gob.ve\/mpppstweb\/index.php\/2024\/04\/26\/convenios-cooperativos-interinstitucional\/#primaryimage\"},\"image\":{\"@id\":\"https:\/\/www.mpppst.gob.ve\/mpppstweb\/index.php\/2024\/04\/26\/convenios-cooperativos-interinstitucional\/#primaryimage\"},\"thumbnailUrl\":\"https:\/\/www.mpppst.gob.ve\/mpppstweb\/wp-content\/uploads\/2024\/04\/photo_4996991842859986718_y.jpg\",\"datePublished\":\"2024-04-26T19:15:08+00:00\",\"dateModified\":\"2024-04-26T19:15:10+00:00\",\"description\":\"En el auditorio de Pdvsa, La Campi\u00f1a, los ministros Alexis Corredor y Pedro Tellechea, firmaron cooperaci\u00f3n interinstitucional con Inpsasel\",\"breadcrumb\":{\"@id\":\"https:\/\/www.mpppst.gob.ve\/mpppstweb\/index.php\/2024\/04\/26\/convenios-cooperativos-interinstitucional\/#breadcrumb\"},\"inLanguage\":\"es\",\"potentialAction\":[{\"@type\":\"ReadAction\",\"target\":[\"https:\/\/www.mpppst.gob.ve\/mpppstweb\/index.php\/2024\/04\/26\/convenios-cooperativos-interinstitucional\/\"]}]},{\"@type\":\"ImageObject\",\"inLanguage\":\"es\",\"@id\":\"https:\/\/www.mpppst.gob.ve\/mpppstweb\/index.php\/2024\/04\/26\/convenios-cooperativos-interinstitucional\/#primaryimage\",\"url\":\"https:\/\/www.mpppst.gob.ve\/mpppstweb\/wp-content\/uploads\/2024\/04\/photo_4996991842859986718_y.jpg\",\"contentUrl\":\"https:\/\/www.mpppst.gob.ve\/mpppstweb\/wp-content\/uploads\/2024\/04\/photo_4996991842859986718_y.jpg\",\"width\":1280,\"height\":721,\"caption\":\"Firma de convenios interinstitucionales - Greyler Alvarado\"},{\"@type\":\"BreadcrumbList\",\"@id\":\"https:\/\/www.mpppst.gob.ve\/mpppstweb\/index.php\/2024\/04\/26\/convenios-cooperativos-interinstitucional\/#breadcrumb\",\"itemListElement\":[{\"@type\":\"ListItem\",\"position\":1,\"name\":\"Home\",\"item\":\"https:\/\/www.mpppst.gob.ve\/mpppstweb\/\"},{\"@type\":\"ListItem\",\"position\":2,\"name\":\"MPPPST y PDVSA firman convenio en el marco de la cooperaci\u00f3n interinstitucional\"}]},{\"@type\":\"WebSite\",\"@id\":\"https:\/\/www.mpppst.gob.ve\/mpppstweb\/#website\",\"url\":\"https:\/\/www.mpppst.gob.ve\/mpppstweb\/\",\"name\":\"MPPPST\",\"description\":\"Ministerio del Poder Popular para el Proceso Social de Trabajo\",\"publisher\":{\"@id\":\"https:\/\/www.mpppst.gob.ve\/mpppstweb\/#organization\"},\"potentialAction\":[{\"@type\":\"SearchAction\",\"target\":{\"@type\":\"EntryPoint\",\"urlTemplate\":\"https:\/\/www.mpppst.gob.ve\/mpppstweb\/?s={search_term_string}\"},\"query-input\":\"required name=search_term_string\"}],\"inLanguage\":\"es\"},{\"@type\":\"Organization\",\"@id\":\"https:\/\/www.mpppst.gob.ve\/mpppstweb\/#organization\",\"name\":\"mpppst\",\"url\":\"https:\/\/www.mpppst.gob.ve\/mpppstweb\/\",\"logo\":{\"@type\":\"ImageObject\",\"inLanguage\":\"es\",\"@id\":\"https:\/\/www.mpppst.gob.ve\/mpppstweb\/#\/schema\/logo\/image\/\",\"url\":\"https:\/\/www.mpppst.gob.ve\/mpppstweb\/wp-content\/uploads\/2025\/07\/cropped-cropped-g910.png\",\"contentUrl\":\"https:\/\/www.mpppst.gob.ve\/mpppstweb\/wp-content\/uploads\/2025\/07\/cropped-cropped-g910.png\",\"width\":1080,\"height\":241,\"caption\":\"mpppst\"},\"image\":{\"@id\":\"https:\/\/www.mpppst.gob.ve\/mpppstweb\/#\/schema\/logo\/image\/\"}},{\"@type\":\"Person\",\"@id\":\"https:\/\/www.mpppst.gob.ve\/mpppstweb\/#\/schema\/person\/fc187ee8ead412bd4c9304b62f900ea4\",\"name\":\"MPPPST Prensa\",\"url\":\"https:\/\/www.mpppst.gob.ve\/mpppstweb\/index.php\/author\/prensa-mpppst\/\"}]}<\/script>\n<!-- \/ Yoast SEO plugin. -->","yoast_head_json":{"title":"MPPPST y PDVSA firman convenio en el marco de la cooperaci\u00f3n interinstitucional - MPPPST","description":"En el auditorio de Pdvsa, La Campi\u00f1a, los ministros Alexis Corredor y Pedro Tellechea, firmaron cooperaci\u00f3n interinstitucional con Inpsasel","robots":{"index":"index","follow":"follow","max-snippet":"max-snippet:-1","max-image-preview":"max-image-preview:large","max-video-preview":"max-video-preview:-1"},"canonical":"https:\/\/www.mpppst.gob.ve\/mpppstweb\/index.php\/2024\/04\/26\/convenios-cooperativos-interinstitucional\/","og_locale":"es_ES","og_type":"article","og_title":"MPPPST y PDVSA firman convenio en el marco de la cooperaci\u00f3n interinstitucional - MPPPST","og_description":"En el auditorio de Pdvsa, La Campi\u00f1a, los ministros Alexis Corredor y Pedro Tellechea, firmaron cooperaci\u00f3n interinstitucional con Inpsasel","og_url":"https:\/\/www.mpppst.gob.ve\/mpppstweb\/index.php\/2024\/04\/26\/convenios-cooperativos-interinstitucional\/","og_site_name":"MPPPST","article_published_time":"2024-04-26T19:15:08+00:00","article_modified_time":"2024-04-26T19:15:10+00:00","og_image":[{"width":1280,"height":721,"url":"https:\/\/www.mpppst.gob.ve\/mpppstweb\/wp-content\/uploads\/2024\/04\/photo_4996991842859986718_y.jpg","type":"image\/jpeg"}],"author":"MPPPST Prensa","twitter_card":"summary_large_image","twitter_misc":{"Escrito por":"MPPPST Prensa","Tiempo de lectura":"2 minutos"},"schema":{"@context":"https:\/\/schema.org","@graph":[{"@type":"Article","@id":"https:\/\/www.mpppst.gob.ve\/mpppstweb\/index.php\/2024\/04\/26\/convenios-cooperativos-interinstitucional\/#article","isPartOf":{"@id":"https:\/\/www.mpppst.gob.ve\/mpppstweb\/index.php\/2024\/04\/26\/convenios-cooperativos-interinstitucional\/"},"author":{"name":"MPPPST Prensa","@id":"https:\/\/www.mpppst.gob.ve\/mpppstweb\/#\/schema\/person\/fc187ee8ead412bd4c9304b62f900ea4"},"headline":"MPPPST y PDVSA firman convenio en el marco de la cooperaci\u00f3n interinstitucional","datePublished":"2024-04-26T19:15:08+00:00","dateModified":"2024-04-26T19:15:10+00:00","mainEntityOfPage":{"@id":"https:\/\/www.mpppst.gob.ve\/mpppstweb\/index.php\/2024\/04\/26\/convenios-cooperativos-interinstitucional\/"},"wordCount":308,"publisher":{"@id":"https:\/\/www.mpppst.gob.ve\/mpppstweb\/#organization"},"image":{"@id":"https:\/\/www.mpppst.gob.ve\/mpppstweb\/index.php\/2024\/04\/26\/convenios-cooperativos-interinstitucional\/#primaryimage"},"thumbnailUrl":"https:\/\/www.mpppst.gob.ve\/mpppstweb\/wp-content\/uploads\/2024\/04\/photo_4996991842859986718_y.jpg","keywords":["Cooperaci\u00f3n Interinstitucional","Inpsasel","Ministro Alexis Corredor P\u00e9rez","Ministro Pedro Tellechea","MPPPST","PDVSA","Rusbel Rond\u00f3n"],"articleSection":["Entes adscritos","Noticias"],"inLanguage":"es"},{"@type":"WebPage","@id":"https:\/\/www.mpppst.gob.ve\/mpppstweb\/index.php\/2024\/04\/26\/convenios-cooperativos-interinstitucional\/","url":"https:\/\/www.mpppst.gob.ve\/mpppstweb\/index.php\/2024\/04\/26\/convenios-cooperativos-interinstitucional\/","name":"MPPPST y PDVSA firman convenio en el marco de la cooperaci\u00f3n interinstitucional - MPPPST","isPartOf":{"@id":"https:\/\/www.mpppst.gob.ve\/mpppstweb\/#website"},"primaryImageOfPage":{"@id":"https:\/\/www.mpppst.gob.ve\/mpppstweb\/index.php\/2024\/04\/26\/convenios-cooperativos-interinstitucional\/#primaryimage"},"image":{"@id":"https:\/\/www.mpppst.gob.ve\/mpppstweb\/index.php\/2024\/04\/26\/convenios-cooperativos-interinstitucional\/#primaryimage"},"thumbnailUrl":"https:\/\/www.mpppst.gob.ve\/mpppstweb\/wp-content\/uploads\/2024\/04\/photo_4996991842859986718_y.jpg","datePublished":"2024-04-26T19:15:08+00:00","dateModified":"2024-04-26T19:15:10+00:00","description":"En el auditorio de Pdvsa, La Campi\u00f1a, los ministros Alexis Corredor y Pedro Tellechea, firmaron cooperaci\u00f3n interinstitucional con Inpsasel","breadcrumb":{"@id":"https:\/\/www.mpppst.gob.ve\/mpppstweb\/index.php\/2024\/04\/26\/convenios-cooperativos-interinstitucional\/#breadcrumb"},"inLanguage":"es","potentialAction":[{"@type":"ReadAction","target":["https:\/\/www.mpppst.gob.ve\/mpppstweb\/index.php\/2024\/04\/26\/convenios-cooperativos-interinstitucional\/"]}]},{"@type":"ImageObject","inLanguage":"es","@id":"https:\/\/www.mpppst.gob.ve\/mpppstweb\/index.php\/2024\/04\/26\/convenios-cooperativos-interinstitucional\/#primaryimage","url":"https:\/\/www.mpppst.gob.ve\/mpppstweb\/wp-content\/uploads\/2024\/04\/photo_4996991842859986718_y.jpg","contentUrl":"https:\/\/www.mpppst.gob.ve\/mpppstweb\/wp-content\/uploads\/2024\/04\/photo_4996991842859986718_y.jpg","width":1280,"height":721,"caption":"Firma de convenios interinstitucionales - Greyler Alvarado"},{"@type":"BreadcrumbList","@id":"https:\/\/www.mpppst.gob.ve\/mpppstweb\/index.php\/2024\/04\/26\/convenios-cooperativos-interinstitucional\/#breadcrumb","itemListElement":[{"@type":"ListItem","position":1,"name":"Home","item":"https:\/\/www.mpppst.gob.ve\/mpppstweb\/"},{"@type":"ListItem","position":2,"name":"MPPPST y PDVSA firman convenio en el marco de la cooperaci\u00f3n interinstitucional"}]},{"@type":"WebSite","@id":"https:\/\/www.mpppst.gob.ve\/mpppstweb\/#website","url":"https:\/\/www.mpppst.gob.ve\/mpppstweb\/","name":"MPPPST","description":"Ministerio del Poder Popular para el Proceso Social de Trabajo","publisher":{"@id":"https:\/\/www.mpppst.gob.ve\/mpppstweb\/#organization"},"potentialAction":[{"@type":"SearchAction","target":{"@type":"EntryPoint","urlTemplate":"https:\/\/www.mpppst.gob.ve\/mpppstweb\/?s={search_term_string}"},"query-input":"required name=search_term_string"}],"inLanguage":"es"},{"@type":"Organization","@id":"https:\/\/www.mpppst.gob.ve\/mpppstweb\/#organization","name":"mpppst","url":"https:\/\/www.mpppst.gob.ve\/mpppstweb\/","logo":{"@type":"ImageObject","inLanguage":"es","@id":"https:\/\/www.mpppst.gob.ve\/mpppstweb\/#\/schema\/logo\/image\/","url":"https:\/\/www.mpppst.gob.ve\/mpppstweb\/wp-content\/uploads\/2025\/07\/cropped-cropped-g910.png","contentUrl":"https:\/\/www.mpppst.gob.ve\/mpppstweb\/wp-content\/uploads\/2025\/07\/cropped-cropped-g910.png","width":1080,"height":241,"caption":"mpppst"},"image":{"@id":"https:\/\/www.mpppst.gob.ve\/mpppstweb\/#\/schema\/logo\/image\/"}},{"@type":"Person","@id":"https:\/\/www.mpppst.gob.ve\/mpppstweb\/#\/schema\/person\/fc187ee8ead412bd4c9304b62f900ea4","name":"MPPPST Prensa","url":"https:\/\/www.mpppst.gob.ve\/mpppstweb\/index.php\/author\/prensa-mpppst\/"}]}},"_links":{"self":[{"href":"https:\/\/www.mpppst.gob.ve\/mpppstweb\/index.php\/wp-json\/wp\/v2\/posts\/26057"}],"collection":[{"href":"https:\/\/www.mpppst.gob.ve\/mpppstweb\/index.php\/wp-json\/wp\/v2\/posts"}],"about":[{"href":"https:\/\/www.mpppst.gob.ve\/mpppstweb\/index.php\/wp-json\/wp\/v2\/types\/post"}],"author":[{"embeddable":true,"href":"https:\/\/www.mpppst.gob.ve\/mpppstweb\/index.php\/wp-json\/wp\/v2\/users\/25"}],"replies":[{"embeddable":true,"href":"https:\/\/www.mpppst.gob.ve\/mpppstweb\/index.php\/wp-json\/wp\/v2\/comments?post=26057"}],"version-history":[{"count":1,"href":"https:\/\/www.mpppst.gob.ve\/mpppstweb\/index.php\/wp-json\/wp\/v2\/posts\/26057\/revisions"}],"predecessor-version":[{"id":26072,"href":"https:\/\/www.mpppst.gob.ve\/mpppstweb\/index.php\/wp-json\/wp\/v2\/posts\/26057\/revisions\/26072"}],"wp:featuredmedia":[{"embeddable":true,"href":"https:\/\/www.mpppst.gob.ve\/mpppstweb\/index.php\/wp-json\/wp\/v2\/media\/26071"}],"wp:attachment":[{"href":"https:\/\/www.mpppst.gob.ve\/mpppstweb\/index.php\/wp-json\/wp\/v2\/media?parent=26057"}],"wp:term":[{"taxonomy":"category","embeddable":true,"href":"https:\/\/www.mpppst.gob.ve\/mpppstweb\/index.php\/wp-json\/wp\/v2\/categories?post=26057"},{"taxonomy":"post_tag","embeddable":true,"href":"https:\/\/www.mpppst.gob.ve\/mpppstweb\/index.php\/wp-json\/wp\/v2\/tags?post=26057"}],"curies":[{"name":"wp","href":"https:\/\/api.w.org\/{rel}","templated":true}]}}