{"id":26059,"date":"2024-04-26T14:49:49","date_gmt":"2024-04-26T18:49:49","guid":{"rendered":"http:\/\/www.mpppst.gob.ve\/mpppstweb\/?p=26059"},"modified":"2024-04-26T14:49:53","modified_gmt":"2024-04-26T18:49:53","slug":"taller-acoso-laboral","status":"publish","type":"post","link":"https:\/\/www.mpppst.gob.ve\/mpppstweb\/index.php\/2024\/04\/26\/taller-acoso-laboral\/","title":{"rendered":"Viceministra Zingales dicta taller en contra del Acoso Laboral"},"content":{"rendered":"\n<p><strong>MPPPST, Caracas.-<\/strong> En el <strong>Instituto Nacional de Prevenci\u00f3n, Salud y Seguridad Laboral<\/strong> (<strong>Inpsasel<\/strong>), la clase trabajadora estuvo presente en el <strong>taller <\/strong>que dict\u00f3 la <strong>viceministra del Sistema Integrado de Inspecci\u00f3n Laboral y de la Seguridad Social<\/strong>, <strong>Rosal\u00eda Zingales<\/strong>, sobre el <strong>acoso Laboral<\/strong>.<\/p>\n\n\n\n<p>La <strong>viceministra Zingale<\/strong>s, expres\u00f3 los diferentes tipos de <strong>acosos<\/strong>, que inician desde el laboral hasta el sexual, explica que las conductas de <strong>acoso <\/strong>son recurrentes y continuas, adem\u00e1s que pueden venir dirigidas del patrono o patrona como tambi\u00e9n de trabajadores o trabajadoras.<\/p>\n\n\n\n<figure class=\"wp-block-image size-large\"><a href=\"http:\/\/www.mpppst.gob.ve\/mpppstweb\/wp-content\/uploads\/2024\/04\/photo_4996991842859986773_y.jpg\"><img decoding=\"async\" loading=\"lazy\" width=\"1024\" height=\"577\" src=\"http:\/\/www.mpppst.gob.ve\/mpppstweb\/wp-content\/uploads\/2024\/04\/photo_4996991842859986773_y-1024x577.jpg\" alt=\"\" class=\"wp-image-26060\" style=\"aspect-ratio:1.7746967071057191\" srcset=\"https:\/\/www.mpppst.gob.ve\/mpppstweb\/wp-content\/uploads\/2024\/04\/photo_4996991842859986773_y-1024x577.jpg 1024w, https:\/\/www.mpppst.gob.ve\/mpppstweb\/wp-content\/uploads\/2024\/04\/photo_4996991842859986773_y-300x169.jpg 300w, https:\/\/www.mpppst.gob.ve\/mpppstweb\/wp-content\/uploads\/2024\/04\/photo_4996991842859986773_y-768x433.jpg 768w, https:\/\/www.mpppst.gob.ve\/mpppstweb\/wp-content\/uploads\/2024\/04\/photo_4996991842859986773_y.jpg 1280w\" sizes=\"(max-width: 1024px) 100vw, 1024px\" \/><\/a><figcaption class=\"wp-element-caption\">Taller en INPSASEL &#8211; Fotograf\u00eda Peniel Ram\u00edrez<\/figcaption><\/figure>\n\n\n\n<p><em>\u201cLos acosos son eventuales, estos atentan contra la dignidad, concepto es importante para nosotros, puede perturbar el ejercicio labora (\u2026) hay acosos grupales, por ejemplo en los sectores donde la mayor\u00eda de los trabajadores son hombres y empiezan a incorporar mujeres, en ocasiones los ba\u00f1os de las mujeres est\u00e1n a dos cuadras, eso tambi\u00e9n implica un irrespeto, el valerse de una condici\u00f3n de poder en una cultura machista\u201d<\/em>, enfatiz\u00f3 la <strong>viceministra Rosal\u00eda<\/strong>.<\/p>\n\n\n\n<p>Es importante recordar que, la <strong>Ley Org\u00e1nica del Trabajo, las Trabajadoras y los Trabajadores<\/strong> (<strong>LOTTT<\/strong>), tiene art\u00edculos donde hablan sobre la dignidad laboral y el acoso, el <strong>Ministerio del Poder Popular para el Proceso Social del Trabajo<\/strong> (<strong>MPPPST<\/strong>), brinda el apoyo y ayuda a aquellas personas que est\u00e9n pasando por alguna de estas situaciones.<\/p>\n\n\n\n<p><strong>Prensa MPPPST\/Rosa Brito<\/strong><\/p>\n","protected":false},"excerpt":{"rendered":"<p>En el Instituto Nacional de Prevenci\u00f3n, Salud y Seguridad Laboral (Inpsasel), la clase trabajadora estuvo presente en la conferencia que dict\u00f3 la viceministra del Sistema Integrado de Inspecci\u00f3n Laboral y de la Seguridad Social, Rosal\u00eda Zingales, sobre el acoso Laboral.<\/p>\n","protected":false},"author":25,"featured_media":26061,"comment_status":"closed","ping_status":"closed","sticky":false,"template":"","format":"standard","meta":{"footnotes":""},"categories":[163,84],"tags":[747,746,250,514,745,740],"yoast_head":"<!-- This site is optimized with the Yoast SEO plugin v22.5 - https:\/\/yoast.com\/wordpress\/plugins\/seo\/ -->\n<title>Viceministra Zingales dicta taller en contra del Acoso Laboral - MPPPST<\/title>\n<meta name=\"description\" content=\"En el Inpsasel, la clase trabajadora estuvo presente en el taller que dict\u00f3 la viceministra Rosal\u00eda Zingales, sobre el acoso Laboral.\" \/>\n<meta name=\"robots\" content=\"index, follow, max-snippet:-1, max-image-preview:large, max-video-preview:-1\" \/>\n<link rel=\"canonical\" href=\"https:\/\/www.mpppst.gob.ve\/mpppstweb\/index.php\/2024\/04\/26\/taller-acoso-laboral\/\" \/>\n<meta property=\"og:locale\" content=\"es_ES\" \/>\n<meta property=\"og:type\" content=\"article\" \/>\n<meta property=\"og:title\" content=\"Viceministra Zingales dicta taller en contra del Acoso Laboral - MPPPST\" \/>\n<meta property=\"og:description\" content=\"En el Inpsasel, la clase trabajadora estuvo presente en el taller que dict\u00f3 la viceministra Rosal\u00eda Zingales, sobre el acoso Laboral.\" \/>\n<meta property=\"og:url\" content=\"https:\/\/www.mpppst.gob.ve\/mpppstweb\/index.php\/2024\/04\/26\/taller-acoso-laboral\/\" \/>\n<meta property=\"og:site_name\" content=\"MPPPST\" \/>\n<meta property=\"article:published_time\" content=\"2024-04-26T18:49:49+00:00\" \/>\n<meta property=\"article:modified_time\" content=\"2024-04-26T18:49:53+00:00\" \/>\n<meta property=\"og:image\" content=\"https:\/\/www.mpppst.gob.ve\/mpppstweb\/wp-content\/uploads\/2024\/04\/photo_4996991842859986769_y.jpg\" \/>\n\t<meta property=\"og:image:width\" content=\"1280\" \/>\n\t<meta property=\"og:image:height\" content=\"721\" \/>\n\t<meta property=\"og:image:type\" content=\"image\/jpeg\" \/>\n<meta name=\"author\" content=\"MPPPST Prensa\" \/>\n<meta name=\"twitter:card\" content=\"summary_large_image\" \/>\n<meta name=\"twitter:label1\" content=\"Escrito por\" \/>\n\t<meta name=\"twitter:data1\" content=\"MPPPST Prensa\" \/>\n\t<meta name=\"twitter:label2\" content=\"Tiempo de lectura\" \/>\n\t<meta name=\"twitter:data2\" content=\"2 minutos\" \/>\n<script type=\"application\/ld+json\" class=\"yoast-schema-graph\">{\"@context\":\"https:\/\/schema.org\",\"@graph\":[{\"@type\":\"Article\",\"@id\":\"https:\/\/www.mpppst.gob.ve\/mpppstweb\/index.php\/2024\/04\/26\/taller-acoso-laboral\/#article\",\"isPartOf\":{\"@id\":\"https:\/\/www.mpppst.gob.ve\/mpppstweb\/index.php\/2024\/04\/26\/taller-acoso-laboral\/\"},\"author\":{\"name\":\"MPPPST Prensa\",\"@id\":\"https:\/\/www.mpppst.gob.ve\/mpppstweb\/#\/schema\/person\/fc187ee8ead412bd4c9304b62f900ea4\"},\"headline\":\"Viceministra Zingales dicta taller en contra del Acoso Laboral\",\"datePublished\":\"2024-04-26T18:49:49+00:00\",\"dateModified\":\"2024-04-26T18:49:53+00:00\",\"mainEntityOfPage\":{\"@id\":\"https:\/\/www.mpppst.gob.ve\/mpppstweb\/index.php\/2024\/04\/26\/taller-acoso-laboral\/\"},\"wordCount\":246,\"publisher\":{\"@id\":\"https:\/\/www.mpppst.gob.ve\/mpppstweb\/#organization\"},\"image\":{\"@id\":\"https:\/\/www.mpppst.gob.ve\/mpppstweb\/index.php\/2024\/04\/26\/taller-acoso-laboral\/#primaryimage\"},\"thumbnailUrl\":\"https:\/\/www.mpppst.gob.ve\/mpppstweb\/wp-content\/uploads\/2024\/04\/photo_4996991842859986769_y.jpg\",\"keywords\":[\"Acoso Laboral\",\"Conversatorio\",\"Inpsasel\",\"Rosal\u00eda Zingales\",\"Viceministerio del Sistema Integrado de Inspecci\u00f3n Laboral y de la Seguridad Social\",\"Viceministra Rosalia Zingales\"],\"articleSection\":[\"Noticias\",\"Vida Laboral y Sindical\"],\"inLanguage\":\"es\"},{\"@type\":\"WebPage\",\"@id\":\"https:\/\/www.mpppst.gob.ve\/mpppstweb\/index.php\/2024\/04\/26\/taller-acoso-laboral\/\",\"url\":\"https:\/\/www.mpppst.gob.ve\/mpppstweb\/index.php\/2024\/04\/26\/taller-acoso-laboral\/\",\"name\":\"Viceministra Zingales dicta taller en contra del Acoso Laboral - MPPPST\",\"isPartOf\":{\"@id\":\"https:\/\/www.mpppst.gob.ve\/mpppstweb\/#website\"},\"primaryImageOfPage\":{\"@id\":\"https:\/\/www.mpppst.gob.ve\/mpppstweb\/index.php\/2024\/04\/26\/taller-acoso-laboral\/#primaryimage\"},\"image\":{\"@id\":\"https:\/\/www.mpppst.gob.ve\/mpppstweb\/index.php\/2024\/04\/26\/taller-acoso-laboral\/#primaryimage\"},\"thumbnailUrl\":\"https:\/\/www.mpppst.gob.ve\/mpppstweb\/wp-content\/uploads\/2024\/04\/photo_4996991842859986769_y.jpg\",\"datePublished\":\"2024-04-26T18:49:49+00:00\",\"dateModified\":\"2024-04-26T18:49:53+00:00\",\"description\":\"En el Inpsasel, la clase trabajadora estuvo presente en el taller que dict\u00f3 la viceministra Rosal\u00eda Zingales, sobre el acoso Laboral.\",\"breadcrumb\":{\"@id\":\"https:\/\/www.mpppst.gob.ve\/mpppstweb\/index.php\/2024\/04\/26\/taller-acoso-laboral\/#breadcrumb\"},\"inLanguage\":\"es\",\"potentialAction\":[{\"@type\":\"ReadAction\",\"target\":[\"https:\/\/www.mpppst.gob.ve\/mpppstweb\/index.php\/2024\/04\/26\/taller-acoso-laboral\/\"]}]},{\"@type\":\"ImageObject\",\"inLanguage\":\"es\",\"@id\":\"https:\/\/www.mpppst.gob.ve\/mpppstweb\/index.php\/2024\/04\/26\/taller-acoso-laboral\/#primaryimage\",\"url\":\"https:\/\/www.mpppst.gob.ve\/mpppstweb\/wp-content\/uploads\/2024\/04\/photo_4996991842859986769_y.jpg\",\"contentUrl\":\"https:\/\/www.mpppst.gob.ve\/mpppstweb\/wp-content\/uploads\/2024\/04\/photo_4996991842859986769_y.jpg\",\"width\":1280,\"height\":721,\"caption\":\"Fotograf\u00eda Peniel Ram\u00edrez\"},{\"@type\":\"BreadcrumbList\",\"@id\":\"https:\/\/www.mpppst.gob.ve\/mpppstweb\/index.php\/2024\/04\/26\/taller-acoso-laboral\/#breadcrumb\",\"itemListElement\":[{\"@type\":\"ListItem\",\"position\":1,\"name\":\"Home\",\"item\":\"https:\/\/www.mpppst.gob.ve\/mpppstweb\/\"},{\"@type\":\"ListItem\",\"position\":2,\"name\":\"Viceministra Zingales dicta taller en contra del Acoso Laboral\"}]},{\"@type\":\"WebSite\",\"@id\":\"https:\/\/www.mpppst.gob.ve\/mpppstweb\/#website\",\"url\":\"https:\/\/www.mpppst.gob.ve\/mpppstweb\/\",\"name\":\"MPPPST\",\"description\":\"Ministerio del Poder Popular para el Proceso Social de Trabajo\",\"publisher\":{\"@id\":\"https:\/\/www.mpppst.gob.ve\/mpppstweb\/#organization\"},\"potentialAction\":[{\"@type\":\"SearchAction\",\"target\":{\"@type\":\"EntryPoint\",\"urlTemplate\":\"https:\/\/www.mpppst.gob.ve\/mpppstweb\/?s={search_term_string}\"},\"query-input\":\"required name=search_term_string\"}],\"inLanguage\":\"es\"},{\"@type\":\"Organization\",\"@id\":\"https:\/\/www.mpppst.gob.ve\/mpppstweb\/#organization\",\"name\":\"mpppst\",\"url\":\"https:\/\/www.mpppst.gob.ve\/mpppstweb\/\",\"logo\":{\"@type\":\"ImageObject\",\"inLanguage\":\"es\",\"@id\":\"https:\/\/www.mpppst.gob.ve\/mpppstweb\/#\/schema\/logo\/image\/\",\"url\":\"https:\/\/www.mpppst.gob.ve\/mpppstweb\/wp-content\/uploads\/2025\/07\/cropped-cropped-g910.png\",\"contentUrl\":\"https:\/\/www.mpppst.gob.ve\/mpppstweb\/wp-content\/uploads\/2025\/07\/cropped-cropped-g910.png\",\"width\":1080,\"height\":241,\"caption\":\"mpppst\"},\"image\":{\"@id\":\"https:\/\/www.mpppst.gob.ve\/mpppstweb\/#\/schema\/logo\/image\/\"}},{\"@type\":\"Person\",\"@id\":\"https:\/\/www.mpppst.gob.ve\/mpppstweb\/#\/schema\/person\/fc187ee8ead412bd4c9304b62f900ea4\",\"name\":\"MPPPST Prensa\",\"url\":\"https:\/\/www.mpppst.gob.ve\/mpppstweb\/index.php\/author\/prensa-mpppst\/\"}]}<\/script>\n<!-- \/ Yoast SEO plugin. -->","yoast_head_json":{"title":"Viceministra Zingales dicta taller en contra del Acoso Laboral - MPPPST","description":"En el Inpsasel, la clase trabajadora estuvo presente en el taller que dict\u00f3 la viceministra Rosal\u00eda Zingales, sobre el acoso Laboral.","robots":{"index":"index","follow":"follow","max-snippet":"max-snippet:-1","max-image-preview":"max-image-preview:large","max-video-preview":"max-video-preview:-1"},"canonical":"https:\/\/www.mpppst.gob.ve\/mpppstweb\/index.php\/2024\/04\/26\/taller-acoso-laboral\/","og_locale":"es_ES","og_type":"article","og_title":"Viceministra Zingales dicta taller en contra del Acoso Laboral - MPPPST","og_description":"En el Inpsasel, la clase trabajadora estuvo presente en el taller que dict\u00f3 la viceministra Rosal\u00eda Zingales, sobre el acoso Laboral.","og_url":"https:\/\/www.mpppst.gob.ve\/mpppstweb\/index.php\/2024\/04\/26\/taller-acoso-laboral\/","og_site_name":"MPPPST","article_published_time":"2024-04-26T18:49:49+00:00","article_modified_time":"2024-04-26T18:49:53+00:00","og_image":[{"width":1280,"height":721,"url":"https:\/\/www.mpppst.gob.ve\/mpppstweb\/wp-content\/uploads\/2024\/04\/photo_4996991842859986769_y.jpg","type":"image\/jpeg"}],"author":"MPPPST Prensa","twitter_card":"summary_large_image","twitter_misc":{"Escrito por":"MPPPST Prensa","Tiempo de lectura":"2 minutos"},"schema":{"@context":"https:\/\/schema.org","@graph":[{"@type":"Article","@id":"https:\/\/www.mpppst.gob.ve\/mpppstweb\/index.php\/2024\/04\/26\/taller-acoso-laboral\/#article","isPartOf":{"@id":"https:\/\/www.mpppst.gob.ve\/mpppstweb\/index.php\/2024\/04\/26\/taller-acoso-laboral\/"},"author":{"name":"MPPPST Prensa","@id":"https:\/\/www.mpppst.gob.ve\/mpppstweb\/#\/schema\/person\/fc187ee8ead412bd4c9304b62f900ea4"},"headline":"Viceministra Zingales dicta taller en contra del Acoso Laboral","datePublished":"2024-04-26T18:49:49+00:00","dateModified":"2024-04-26T18:49:53+00:00","mainEntityOfPage":{"@id":"https:\/\/www.mpppst.gob.ve\/mpppstweb\/index.php\/2024\/04\/26\/taller-acoso-laboral\/"},"wordCount":246,"publisher":{"@id":"https:\/\/www.mpppst.gob.ve\/mpppstweb\/#organization"},"image":{"@id":"https:\/\/www.mpppst.gob.ve\/mpppstweb\/index.php\/2024\/04\/26\/taller-acoso-laboral\/#primaryimage"},"thumbnailUrl":"https:\/\/www.mpppst.gob.ve\/mpppstweb\/wp-content\/uploads\/2024\/04\/photo_4996991842859986769_y.jpg","keywords":["Acoso Laboral","Conversatorio","Inpsasel","Rosal\u00eda Zingales","Viceministerio del Sistema Integrado de Inspecci\u00f3n Laboral y de la Seguridad Social","Viceministra Rosalia Zingales"],"articleSection":["Noticias","Vida Laboral y Sindical"],"inLanguage":"es"},{"@type":"WebPage","@id":"https:\/\/www.mpppst.gob.ve\/mpppstweb\/index.php\/2024\/04\/26\/taller-acoso-laboral\/","url":"https:\/\/www.mpppst.gob.ve\/mpppstweb\/index.php\/2024\/04\/26\/taller-acoso-laboral\/","name":"Viceministra Zingales dicta taller en contra del Acoso Laboral - MPPPST","isPartOf":{"@id":"https:\/\/www.mpppst.gob.ve\/mpppstweb\/#website"},"primaryImageOfPage":{"@id":"https:\/\/www.mpppst.gob.ve\/mpppstweb\/index.php\/2024\/04\/26\/taller-acoso-laboral\/#primaryimage"},"image":{"@id":"https:\/\/www.mpppst.gob.ve\/mpppstweb\/index.php\/2024\/04\/26\/taller-acoso-laboral\/#primaryimage"},"thumbnailUrl":"https:\/\/www.mpppst.gob.ve\/mpppstweb\/wp-content\/uploads\/2024\/04\/photo_4996991842859986769_y.jpg","datePublished":"2024-04-26T18:49:49+00:00","dateModified":"2024-04-26T18:49:53+00:00","description":"En el Inpsasel, la clase trabajadora estuvo presente en el taller que dict\u00f3 la viceministra Rosal\u00eda Zingales, sobre el acoso Laboral.","breadcrumb":{"@id":"https:\/\/www.mpppst.gob.ve\/mpppstweb\/index.php\/2024\/04\/26\/taller-acoso-laboral\/#breadcrumb"},"inLanguage":"es","potentialAction":[{"@type":"ReadAction","target":["https:\/\/www.mpppst.gob.ve\/mpppstweb\/index.php\/2024\/04\/26\/taller-acoso-laboral\/"]}]},{"@type":"ImageObject","inLanguage":"es","@id":"https:\/\/www.mpppst.gob.ve\/mpppstweb\/index.php\/2024\/04\/26\/taller-acoso-laboral\/#primaryimage","url":"https:\/\/www.mpppst.gob.ve\/mpppstweb\/wp-content\/uploads\/2024\/04\/photo_4996991842859986769_y.jpg","contentUrl":"https:\/\/www.mpppst.gob.ve\/mpppstweb\/wp-content\/uploads\/2024\/04\/photo_4996991842859986769_y.jpg","width":1280,"height":721,"caption":"Fotograf\u00eda Peniel Ram\u00edrez"},{"@type":"BreadcrumbList","@id":"https:\/\/www.mpppst.gob.ve\/mpppstweb\/index.php\/2024\/04\/26\/taller-acoso-laboral\/#breadcrumb","itemListElement":[{"@type":"ListItem","position":1,"name":"Home","item":"https:\/\/www.mpppst.gob.ve\/mpppstweb\/"},{"@type":"ListItem","position":2,"name":"Viceministra Zingales dicta taller en contra del Acoso Laboral"}]},{"@type":"WebSite","@id":"https:\/\/www.mpppst.gob.ve\/mpppstweb\/#website","url":"https:\/\/www.mpppst.gob.ve\/mpppstweb\/","name":"MPPPST","description":"Ministerio del Poder Popular para el Proceso Social de Trabajo","publisher":{"@id":"https:\/\/www.mpppst.gob.ve\/mpppstweb\/#organization"},"potentialAction":[{"@type":"SearchAction","target":{"@type":"EntryPoint","urlTemplate":"https:\/\/www.mpppst.gob.ve\/mpppstweb\/?s={search_term_string}"},"query-input":"required name=search_term_string"}],"inLanguage":"es"},{"@type":"Organization","@id":"https:\/\/www.mpppst.gob.ve\/mpppstweb\/#organization","name":"mpppst","url":"https:\/\/www.mpppst.gob.ve\/mpppstweb\/","logo":{"@type":"ImageObject","inLanguage":"es","@id":"https:\/\/www.mpppst.gob.ve\/mpppstweb\/#\/schema\/logo\/image\/","url":"https:\/\/www.mpppst.gob.ve\/mpppstweb\/wp-content\/uploads\/2025\/07\/cropped-cropped-g910.png","contentUrl":"https:\/\/www.mpppst.gob.ve\/mpppstweb\/wp-content\/uploads\/2025\/07\/cropped-cropped-g910.png","width":1080,"height":241,"caption":"mpppst"},"image":{"@id":"https:\/\/www.mpppst.gob.ve\/mpppstweb\/#\/schema\/logo\/image\/"}},{"@type":"Person","@id":"https:\/\/www.mpppst.gob.ve\/mpppstweb\/#\/schema\/person\/fc187ee8ead412bd4c9304b62f900ea4","name":"MPPPST Prensa","url":"https:\/\/www.mpppst.gob.ve\/mpppstweb\/index.php\/author\/prensa-mpppst\/"}]}},"_links":{"self":[{"href":"https:\/\/www.mpppst.gob.ve\/mpppstweb\/index.php\/wp-json\/wp\/v2\/posts\/26059"}],"collection":[{"href":"https:\/\/www.mpppst.gob.ve\/mpppstweb\/index.php\/wp-json\/wp\/v2\/posts"}],"about":[{"href":"https:\/\/www.mpppst.gob.ve\/mpppstweb\/index.php\/wp-json\/wp\/v2\/types\/post"}],"author":[{"embeddable":true,"href":"https:\/\/www.mpppst.gob.ve\/mpppstweb\/index.php\/wp-json\/wp\/v2\/users\/25"}],"replies":[{"embeddable":true,"href":"https:\/\/www.mpppst.gob.ve\/mpppstweb\/index.php\/wp-json\/wp\/v2\/comments?post=26059"}],"version-history":[{"count":1,"href":"https:\/\/www.mpppst.gob.ve\/mpppstweb\/index.php\/wp-json\/wp\/v2\/posts\/26059\/revisions"}],"predecessor-version":[{"id":26062,"href":"https:\/\/www.mpppst.gob.ve\/mpppstweb\/index.php\/wp-json\/wp\/v2\/posts\/26059\/revisions\/26062"}],"wp:featuredmedia":[{"embeddable":true,"href":"https:\/\/www.mpppst.gob.ve\/mpppstweb\/index.php\/wp-json\/wp\/v2\/media\/26061"}],"wp:attachment":[{"href":"https:\/\/www.mpppst.gob.ve\/mpppstweb\/index.php\/wp-json\/wp\/v2\/media?parent=26059"}],"wp:term":[{"taxonomy":"category","embeddable":true,"href":"https:\/\/www.mpppst.gob.ve\/mpppstweb\/index.php\/wp-json\/wp\/v2\/categories?post=26059"},{"taxonomy":"post_tag","embeddable":true,"href":"https:\/\/www.mpppst.gob.ve\/mpppstweb\/index.php\/wp-json\/wp\/v2\/tags?post=26059"}],"curies":[{"name":"wp","href":"https:\/\/api.w.org\/{rel}","templated":true}]}}