{"id":26076,"date":"2024-04-29T09:41:57","date_gmt":"2024-04-29T13:41:57","guid":{"rendered":"http:\/\/www.mpppst.gob.ve\/mpppstweb\/?p=26076"},"modified":"2024-04-29T09:41:58","modified_gmt":"2024-04-29T13:41:58","slug":"cancer-ocupacional","status":"publish","type":"post","link":"https:\/\/www.mpppst.gob.ve\/mpppstweb\/index.php\/2024\/04\/29\/cancer-ocupacional\/","title":{"rendered":"El C\u00e1ncer ocupacional la enfermedad que afecta a la clase obrera"},"content":{"rendered":"\n<p><strong>MPPPST, Caracas.-<\/strong> En el mundo laboral existen diferentes <strong>enfermedades <\/strong>que pueden afectar la <strong>salud <\/strong>de la <strong>clase obrera<\/strong>, entre ellos los m\u00e1s comunes son el <strong>c\u00e1ncer ocupacional<\/strong>, normalmente se desarrollan en \u00e1reas laborales con exposiciones a <strong>agentes carcin\u00f3genos<\/strong>.<\/p>\n\n\n\n<p>La <strong>Organizaci\u00f3n Mundial de la Salud<\/strong> (<strong>OMS<\/strong>), atribuye que al menos <strong>200.000 personas mueren anualmente<\/strong> por <strong>c\u00e1ncer <\/strong>de <strong>pulm\u00f3n<\/strong>, <strong>mesotelioma<\/strong>, <strong>leucemia <\/strong>y <strong>c\u00e1ncer de vejiga<\/strong>, siendo estos los mas comunes relacionados al<strong> c\u00e1ncer ocupacional<\/strong>.<\/p>\n\n\n\n<p>Estos se desarrollan por diferentes agentes, ya sean <strong>qu\u00edmicos<\/strong>, <strong>f\u00edsicos<\/strong>, <strong>biol\u00f3gicos <\/strong>o <strong>ambientales<\/strong>, seg\u00fan sea la labor que realice el empleado o empleada, algunos <strong>materiales <\/strong>que puedan vincularse con estas enfermedades son: <strong>los plaguicidas, asbesto, plomo, la exposici\u00f3n al sol<\/strong>, entre otros, aunque a\u00fan falta la realizaci\u00f3n de estudios para comprobar otro tipo de agentes da\u00f1inos, es necesario tomar precauciones ante la labor que realice cada trabajador o trabajadora.<\/p>\n\n\n\n<p>Ciertas <strong>profesiones <\/strong>como: <strong>bomberos<\/strong>, <strong>obreros de construcci\u00f3n, mineros, trabajadores agr\u00edcolas y el sector manufacturero<\/strong>, en especial los que manipulan materiales <strong>qu\u00edmicos<\/strong>, tienen mayor riesgo a sufrir alg\u00fan c\u00e1ncer ocupacional.<\/p>\n\n\n\n<p>Las empresas, ya sean p\u00fablicas o privadas pueden apoyar a evitar este tipo de enfermedades fomentando entornos saludables, <strong>libres de sustancias<\/strong>, crear espacios libres de humo, fomentar las actividades f\u00edsicas, ayudar con la alimentaci\u00f3n saludable y cumplir con las normativas de seguridad implantadas por \u00e1rea.<\/p>\n\n\n\n<p><strong>Es importante que los trabajadores y trabajadoras conozcan la existencia de estos riesgos, para un mejor vivir.<\/strong><\/p>\n\n\n\n<p><strong>Prensa MPPPST\/Rosa Brito<\/strong><\/p>\n","protected":false},"excerpt":{"rendered":"<p>En el mundo laboral existen diferentes enfermedades que pueden afectar la salud de la clase obrera, entre ellos los m\u00e1s comunes son el c\u00e1ncer ocupacional, normalmente se desarrollan en \u00e1reas laborales con exposiciones a agentes carcin\u00f3genos.<\/p>\n","protected":false},"author":25,"featured_media":26077,"comment_status":"closed","ping_status":"closed","sticky":false,"template":"","format":"standard","meta":{"footnotes":""},"categories":[163,166],"tags":[753,752,754,755],"yoast_head":"<!-- This site is optimized with the Yoast SEO plugin v22.5 - https:\/\/yoast.com\/wordpress\/plugins\/seo\/ -->\n<title>El C\u00e1ncer ocupacional la enfermedad que afecta a la clase obrera - MPPPST<\/title>\n<meta name=\"description\" content=\"En el mundo laboral existen diferentes enfermedades que pueden afectar la salud, entre ellos los m\u00e1s comunes son el c\u00e1ncer ocupacional\" \/>\n<meta name=\"robots\" content=\"index, follow, max-snippet:-1, max-image-preview:large, max-video-preview:-1\" \/>\n<link rel=\"canonical\" href=\"https:\/\/www.mpppst.gob.ve\/mpppstweb\/index.php\/2024\/04\/29\/cancer-ocupacional\/\" \/>\n<meta property=\"og:locale\" content=\"es_ES\" \/>\n<meta property=\"og:type\" content=\"article\" \/>\n<meta property=\"og:title\" content=\"El C\u00e1ncer ocupacional la enfermedad que afecta a la clase obrera - MPPPST\" \/>\n<meta property=\"og:description\" content=\"En el mundo laboral existen diferentes enfermedades que pueden afectar la salud, entre ellos los m\u00e1s comunes son el c\u00e1ncer ocupacional\" \/>\n<meta property=\"og:url\" content=\"https:\/\/www.mpppst.gob.ve\/mpppstweb\/index.php\/2024\/04\/29\/cancer-ocupacional\/\" \/>\n<meta property=\"og:site_name\" content=\"MPPPST\" \/>\n<meta property=\"article:published_time\" content=\"2024-04-29T13:41:57+00:00\" \/>\n<meta property=\"article:modified_time\" content=\"2024-04-29T13:41:58+00:00\" \/>\n<meta property=\"og:image\" content=\"https:\/\/www.mpppst.gob.ve\/mpppstweb\/wp-content\/uploads\/2024\/04\/cancer-ocupacional.jpg\" \/>\n\t<meta property=\"og:image:width\" content=\"2121\" \/>\n\t<meta property=\"og:image:height\" content=\"1414\" \/>\n\t<meta property=\"og:image:type\" content=\"image\/jpeg\" \/>\n<meta name=\"author\" content=\"MPPPST Prensa\" \/>\n<meta name=\"twitter:card\" content=\"summary_large_image\" \/>\n<meta name=\"twitter:label1\" content=\"Escrito por\" \/>\n\t<meta name=\"twitter:data1\" content=\"MPPPST Prensa\" \/>\n\t<meta name=\"twitter:label2\" content=\"Tiempo de lectura\" \/>\n\t<meta name=\"twitter:data2\" content=\"2 minutos\" \/>\n<script type=\"application\/ld+json\" class=\"yoast-schema-graph\">{\"@context\":\"https:\/\/schema.org\",\"@graph\":[{\"@type\":\"Article\",\"@id\":\"https:\/\/www.mpppst.gob.ve\/mpppstweb\/index.php\/2024\/04\/29\/cancer-ocupacional\/#article\",\"isPartOf\":{\"@id\":\"https:\/\/www.mpppst.gob.ve\/mpppstweb\/index.php\/2024\/04\/29\/cancer-ocupacional\/\"},\"author\":{\"name\":\"MPPPST Prensa\",\"@id\":\"https:\/\/www.mpppst.gob.ve\/mpppstweb\/#\/schema\/person\/fc187ee8ead412bd4c9304b62f900ea4\"},\"headline\":\"El C\u00e1ncer ocupacional la enfermedad que afecta a la clase obrera\",\"datePublished\":\"2024-04-29T13:41:57+00:00\",\"dateModified\":\"2024-04-29T13:41:58+00:00\",\"mainEntityOfPage\":{\"@id\":\"https:\/\/www.mpppst.gob.ve\/mpppstweb\/index.php\/2024\/04\/29\/cancer-ocupacional\/\"},\"wordCount\":272,\"publisher\":{\"@id\":\"https:\/\/www.mpppst.gob.ve\/mpppstweb\/#organization\"},\"image\":{\"@id\":\"https:\/\/www.mpppst.gob.ve\/mpppstweb\/index.php\/2024\/04\/29\/cancer-ocupacional\/#primaryimage\"},\"thumbnailUrl\":\"https:\/\/www.mpppst.gob.ve\/mpppstweb\/wp-content\/uploads\/2024\/04\/cancer-ocupacional.jpg\",\"keywords\":[\"C\u00e1ncer Ocupacional\",\"Enfermedades laborales\",\"OMS\",\"Protecci\u00f3n y Salud\"],\"articleSection\":[\"Noticias\",\"Venezuela y el Mundo\"],\"inLanguage\":\"es\"},{\"@type\":\"WebPage\",\"@id\":\"https:\/\/www.mpppst.gob.ve\/mpppstweb\/index.php\/2024\/04\/29\/cancer-ocupacional\/\",\"url\":\"https:\/\/www.mpppst.gob.ve\/mpppstweb\/index.php\/2024\/04\/29\/cancer-ocupacional\/\",\"name\":\"El C\u00e1ncer ocupacional la enfermedad que afecta a la clase obrera - MPPPST\",\"isPartOf\":{\"@id\":\"https:\/\/www.mpppst.gob.ve\/mpppstweb\/#website\"},\"primaryImageOfPage\":{\"@id\":\"https:\/\/www.mpppst.gob.ve\/mpppstweb\/index.php\/2024\/04\/29\/cancer-ocupacional\/#primaryimage\"},\"image\":{\"@id\":\"https:\/\/www.mpppst.gob.ve\/mpppstweb\/index.php\/2024\/04\/29\/cancer-ocupacional\/#primaryimage\"},\"thumbnailUrl\":\"https:\/\/www.mpppst.gob.ve\/mpppstweb\/wp-content\/uploads\/2024\/04\/cancer-ocupacional.jpg\",\"datePublished\":\"2024-04-29T13:41:57+00:00\",\"dateModified\":\"2024-04-29T13:41:58+00:00\",\"description\":\"En el mundo laboral existen diferentes enfermedades que pueden afectar la salud, entre ellos los m\u00e1s comunes son el c\u00e1ncer ocupacional\",\"breadcrumb\":{\"@id\":\"https:\/\/www.mpppst.gob.ve\/mpppstweb\/index.php\/2024\/04\/29\/cancer-ocupacional\/#breadcrumb\"},\"inLanguage\":\"es\",\"potentialAction\":[{\"@type\":\"ReadAction\",\"target\":[\"https:\/\/www.mpppst.gob.ve\/mpppstweb\/index.php\/2024\/04\/29\/cancer-ocupacional\/\"]}]},{\"@type\":\"ImageObject\",\"inLanguage\":\"es\",\"@id\":\"https:\/\/www.mpppst.gob.ve\/mpppstweb\/index.php\/2024\/04\/29\/cancer-ocupacional\/#primaryimage\",\"url\":\"https:\/\/www.mpppst.gob.ve\/mpppstweb\/wp-content\/uploads\/2024\/04\/cancer-ocupacional.jpg\",\"contentUrl\":\"https:\/\/www.mpppst.gob.ve\/mpppstweb\/wp-content\/uploads\/2024\/04\/cancer-ocupacional.jpg\",\"width\":2121,\"height\":1414,\"caption\":\"C\u00e1ncer Ocupacional, imagen extra\u00edda de Google\"},{\"@type\":\"BreadcrumbList\",\"@id\":\"https:\/\/www.mpppst.gob.ve\/mpppstweb\/index.php\/2024\/04\/29\/cancer-ocupacional\/#breadcrumb\",\"itemListElement\":[{\"@type\":\"ListItem\",\"position\":1,\"name\":\"Home\",\"item\":\"https:\/\/www.mpppst.gob.ve\/mpppstweb\/\"},{\"@type\":\"ListItem\",\"position\":2,\"name\":\"El C\u00e1ncer ocupacional la enfermedad que afecta a la clase obrera\"}]},{\"@type\":\"WebSite\",\"@id\":\"https:\/\/www.mpppst.gob.ve\/mpppstweb\/#website\",\"url\":\"https:\/\/www.mpppst.gob.ve\/mpppstweb\/\",\"name\":\"MPPPST\",\"description\":\"Ministerio del Poder Popular para el Proceso Social de Trabajo\",\"publisher\":{\"@id\":\"https:\/\/www.mpppst.gob.ve\/mpppstweb\/#organization\"},\"potentialAction\":[{\"@type\":\"SearchAction\",\"target\":{\"@type\":\"EntryPoint\",\"urlTemplate\":\"https:\/\/www.mpppst.gob.ve\/mpppstweb\/?s={search_term_string}\"},\"query-input\":\"required name=search_term_string\"}],\"inLanguage\":\"es\"},{\"@type\":\"Organization\",\"@id\":\"https:\/\/www.mpppst.gob.ve\/mpppstweb\/#organization\",\"name\":\"mpppst\",\"url\":\"https:\/\/www.mpppst.gob.ve\/mpppstweb\/\",\"logo\":{\"@type\":\"ImageObject\",\"inLanguage\":\"es\",\"@id\":\"https:\/\/www.mpppst.gob.ve\/mpppstweb\/#\/schema\/logo\/image\/\",\"url\":\"https:\/\/www.mpppst.gob.ve\/mpppstweb\/wp-content\/uploads\/2025\/07\/cropped-cropped-g910.png\",\"contentUrl\":\"https:\/\/www.mpppst.gob.ve\/mpppstweb\/wp-content\/uploads\/2025\/07\/cropped-cropped-g910.png\",\"width\":1080,\"height\":241,\"caption\":\"mpppst\"},\"image\":{\"@id\":\"https:\/\/www.mpppst.gob.ve\/mpppstweb\/#\/schema\/logo\/image\/\"}},{\"@type\":\"Person\",\"@id\":\"https:\/\/www.mpppst.gob.ve\/mpppstweb\/#\/schema\/person\/fc187ee8ead412bd4c9304b62f900ea4\",\"name\":\"MPPPST Prensa\",\"url\":\"https:\/\/www.mpppst.gob.ve\/mpppstweb\/index.php\/author\/prensa-mpppst\/\"}]}<\/script>\n<!-- \/ Yoast SEO plugin. -->","yoast_head_json":{"title":"El C\u00e1ncer ocupacional la enfermedad que afecta a la clase obrera - MPPPST","description":"En el mundo laboral existen diferentes enfermedades que pueden afectar la salud, entre ellos los m\u00e1s comunes son el c\u00e1ncer ocupacional","robots":{"index":"index","follow":"follow","max-snippet":"max-snippet:-1","max-image-preview":"max-image-preview:large","max-video-preview":"max-video-preview:-1"},"canonical":"https:\/\/www.mpppst.gob.ve\/mpppstweb\/index.php\/2024\/04\/29\/cancer-ocupacional\/","og_locale":"es_ES","og_type":"article","og_title":"El C\u00e1ncer ocupacional la enfermedad que afecta a la clase obrera - MPPPST","og_description":"En el mundo laboral existen diferentes enfermedades que pueden afectar la salud, entre ellos los m\u00e1s comunes son el c\u00e1ncer ocupacional","og_url":"https:\/\/www.mpppst.gob.ve\/mpppstweb\/index.php\/2024\/04\/29\/cancer-ocupacional\/","og_site_name":"MPPPST","article_published_time":"2024-04-29T13:41:57+00:00","article_modified_time":"2024-04-29T13:41:58+00:00","og_image":[{"width":2121,"height":1414,"url":"https:\/\/www.mpppst.gob.ve\/mpppstweb\/wp-content\/uploads\/2024\/04\/cancer-ocupacional.jpg","type":"image\/jpeg"}],"author":"MPPPST Prensa","twitter_card":"summary_large_image","twitter_misc":{"Escrito por":"MPPPST Prensa","Tiempo de lectura":"2 minutos"},"schema":{"@context":"https:\/\/schema.org","@graph":[{"@type":"Article","@id":"https:\/\/www.mpppst.gob.ve\/mpppstweb\/index.php\/2024\/04\/29\/cancer-ocupacional\/#article","isPartOf":{"@id":"https:\/\/www.mpppst.gob.ve\/mpppstweb\/index.php\/2024\/04\/29\/cancer-ocupacional\/"},"author":{"name":"MPPPST Prensa","@id":"https:\/\/www.mpppst.gob.ve\/mpppstweb\/#\/schema\/person\/fc187ee8ead412bd4c9304b62f900ea4"},"headline":"El C\u00e1ncer ocupacional la enfermedad que afecta a la clase obrera","datePublished":"2024-04-29T13:41:57+00:00","dateModified":"2024-04-29T13:41:58+00:00","mainEntityOfPage":{"@id":"https:\/\/www.mpppst.gob.ve\/mpppstweb\/index.php\/2024\/04\/29\/cancer-ocupacional\/"},"wordCount":272,"publisher":{"@id":"https:\/\/www.mpppst.gob.ve\/mpppstweb\/#organization"},"image":{"@id":"https:\/\/www.mpppst.gob.ve\/mpppstweb\/index.php\/2024\/04\/29\/cancer-ocupacional\/#primaryimage"},"thumbnailUrl":"https:\/\/www.mpppst.gob.ve\/mpppstweb\/wp-content\/uploads\/2024\/04\/cancer-ocupacional.jpg","keywords":["C\u00e1ncer Ocupacional","Enfermedades laborales","OMS","Protecci\u00f3n y Salud"],"articleSection":["Noticias","Venezuela y el Mundo"],"inLanguage":"es"},{"@type":"WebPage","@id":"https:\/\/www.mpppst.gob.ve\/mpppstweb\/index.php\/2024\/04\/29\/cancer-ocupacional\/","url":"https:\/\/www.mpppst.gob.ve\/mpppstweb\/index.php\/2024\/04\/29\/cancer-ocupacional\/","name":"El C\u00e1ncer ocupacional la enfermedad que afecta a la clase obrera - MPPPST","isPartOf":{"@id":"https:\/\/www.mpppst.gob.ve\/mpppstweb\/#website"},"primaryImageOfPage":{"@id":"https:\/\/www.mpppst.gob.ve\/mpppstweb\/index.php\/2024\/04\/29\/cancer-ocupacional\/#primaryimage"},"image":{"@id":"https:\/\/www.mpppst.gob.ve\/mpppstweb\/index.php\/2024\/04\/29\/cancer-ocupacional\/#primaryimage"},"thumbnailUrl":"https:\/\/www.mpppst.gob.ve\/mpppstweb\/wp-content\/uploads\/2024\/04\/cancer-ocupacional.jpg","datePublished":"2024-04-29T13:41:57+00:00","dateModified":"2024-04-29T13:41:58+00:00","description":"En el mundo laboral existen diferentes enfermedades que pueden afectar la salud, entre ellos los m\u00e1s comunes son el c\u00e1ncer ocupacional","breadcrumb":{"@id":"https:\/\/www.mpppst.gob.ve\/mpppstweb\/index.php\/2024\/04\/29\/cancer-ocupacional\/#breadcrumb"},"inLanguage":"es","potentialAction":[{"@type":"ReadAction","target":["https:\/\/www.mpppst.gob.ve\/mpppstweb\/index.php\/2024\/04\/29\/cancer-ocupacional\/"]}]},{"@type":"ImageObject","inLanguage":"es","@id":"https:\/\/www.mpppst.gob.ve\/mpppstweb\/index.php\/2024\/04\/29\/cancer-ocupacional\/#primaryimage","url":"https:\/\/www.mpppst.gob.ve\/mpppstweb\/wp-content\/uploads\/2024\/04\/cancer-ocupacional.jpg","contentUrl":"https:\/\/www.mpppst.gob.ve\/mpppstweb\/wp-content\/uploads\/2024\/04\/cancer-ocupacional.jpg","width":2121,"height":1414,"caption":"C\u00e1ncer Ocupacional, imagen extra\u00edda de Google"},{"@type":"BreadcrumbList","@id":"https:\/\/www.mpppst.gob.ve\/mpppstweb\/index.php\/2024\/04\/29\/cancer-ocupacional\/#breadcrumb","itemListElement":[{"@type":"ListItem","position":1,"name":"Home","item":"https:\/\/www.mpppst.gob.ve\/mpppstweb\/"},{"@type":"ListItem","position":2,"name":"El C\u00e1ncer ocupacional la enfermedad que afecta a la clase obrera"}]},{"@type":"WebSite","@id":"https:\/\/www.mpppst.gob.ve\/mpppstweb\/#website","url":"https:\/\/www.mpppst.gob.ve\/mpppstweb\/","name":"MPPPST","description":"Ministerio del Poder Popular para el Proceso Social de Trabajo","publisher":{"@id":"https:\/\/www.mpppst.gob.ve\/mpppstweb\/#organization"},"potentialAction":[{"@type":"SearchAction","target":{"@type":"EntryPoint","urlTemplate":"https:\/\/www.mpppst.gob.ve\/mpppstweb\/?s={search_term_string}"},"query-input":"required name=search_term_string"}],"inLanguage":"es"},{"@type":"Organization","@id":"https:\/\/www.mpppst.gob.ve\/mpppstweb\/#organization","name":"mpppst","url":"https:\/\/www.mpppst.gob.ve\/mpppstweb\/","logo":{"@type":"ImageObject","inLanguage":"es","@id":"https:\/\/www.mpppst.gob.ve\/mpppstweb\/#\/schema\/logo\/image\/","url":"https:\/\/www.mpppst.gob.ve\/mpppstweb\/wp-content\/uploads\/2025\/07\/cropped-cropped-g910.png","contentUrl":"https:\/\/www.mpppst.gob.ve\/mpppstweb\/wp-content\/uploads\/2025\/07\/cropped-cropped-g910.png","width":1080,"height":241,"caption":"mpppst"},"image":{"@id":"https:\/\/www.mpppst.gob.ve\/mpppstweb\/#\/schema\/logo\/image\/"}},{"@type":"Person","@id":"https:\/\/www.mpppst.gob.ve\/mpppstweb\/#\/schema\/person\/fc187ee8ead412bd4c9304b62f900ea4","name":"MPPPST Prensa","url":"https:\/\/www.mpppst.gob.ve\/mpppstweb\/index.php\/author\/prensa-mpppst\/"}]}},"_links":{"self":[{"href":"https:\/\/www.mpppst.gob.ve\/mpppstweb\/index.php\/wp-json\/wp\/v2\/posts\/26076"}],"collection":[{"href":"https:\/\/www.mpppst.gob.ve\/mpppstweb\/index.php\/wp-json\/wp\/v2\/posts"}],"about":[{"href":"https:\/\/www.mpppst.gob.ve\/mpppstweb\/index.php\/wp-json\/wp\/v2\/types\/post"}],"author":[{"embeddable":true,"href":"https:\/\/www.mpppst.gob.ve\/mpppstweb\/index.php\/wp-json\/wp\/v2\/users\/25"}],"replies":[{"embeddable":true,"href":"https:\/\/www.mpppst.gob.ve\/mpppstweb\/index.php\/wp-json\/wp\/v2\/comments?post=26076"}],"version-history":[{"count":1,"href":"https:\/\/www.mpppst.gob.ve\/mpppstweb\/index.php\/wp-json\/wp\/v2\/posts\/26076\/revisions"}],"predecessor-version":[{"id":26078,"href":"https:\/\/www.mpppst.gob.ve\/mpppstweb\/index.php\/wp-json\/wp\/v2\/posts\/26076\/revisions\/26078"}],"wp:featuredmedia":[{"embeddable":true,"href":"https:\/\/www.mpppst.gob.ve\/mpppstweb\/index.php\/wp-json\/wp\/v2\/media\/26077"}],"wp:attachment":[{"href":"https:\/\/www.mpppst.gob.ve\/mpppstweb\/index.php\/wp-json\/wp\/v2\/media?parent=26076"}],"wp:term":[{"taxonomy":"category","embeddable":true,"href":"https:\/\/www.mpppst.gob.ve\/mpppstweb\/index.php\/wp-json\/wp\/v2\/categories?post=26076"},{"taxonomy":"post_tag","embeddable":true,"href":"https:\/\/www.mpppst.gob.ve\/mpppstweb\/index.php\/wp-json\/wp\/v2\/tags?post=26076"}],"curies":[{"name":"wp","href":"https:\/\/api.w.org\/{rel}","templated":true}]}}