{"id":26079,"date":"2024-04-29T10:10:02","date_gmt":"2024-04-29T14:10:02","guid":{"rendered":"http:\/\/www.mpppst.gob.ve\/mpppstweb\/?p=26079"},"modified":"2024-04-29T10:10:04","modified_gmt":"2024-04-29T14:10:04","slug":"dia-mundial-de-la-seguridad-y-salud-laboral","status":"publish","type":"post","link":"https:\/\/www.mpppst.gob.ve\/mpppstweb\/index.php\/2024\/04\/29\/dia-mundial-de-la-seguridad-y-salud-laboral\/","title":{"rendered":"28 de abril, D\u00eda Mundial de la Seguridad y Salud Laboral"},"content":{"rendered":"\n<p><strong>Caracas, MPPPST.-<\/strong> Desde el <strong>2003<\/strong>, la <strong>Organizaci\u00f3n Internacional del Trabajo <\/strong>(<strong>OIT<\/strong>) empez\u00f3 a celebrar los <strong>28 de abril<\/strong> de cada a\u00f1o el <strong>D\u00eda Mundial de la Seguridad y la Salud Laboral<\/strong>, con la finalidad de promover la <strong>prevenci\u00f3n <\/strong>de <strong>accidentes en el \u00e1rea laboral y enfermedades<\/strong>.<\/p>\n\n\n\n<p>Los movimientos sindicales adoptaron tambi\u00e9n los <strong>28 de abril<\/strong>, como fecha para para conmemorar a cada trabajador y trabajadora que ha sido v\u00edctima de alg\u00fan accidente laboral, lesi\u00f3n o de enfermedad profesional.<\/p>\n\n\n\n<p>En <strong>junio del 2022<\/strong>, una <strong>Conferencia Internacional del Trabajo <\/strong>incluy\u00f3 la frase <em>\u201cun entorno de trabajo seguro y saludable\u201d<\/em>, como principio b\u00e1sico y derecho fundamental en el trabajo.<\/p>\n\n\n\n<p>Los principales convenios sobre <strong>seguridad <\/strong>y <strong>salud <\/strong>de los trabajadores son el <strong>n\u00famero 155<\/strong>, el cual habla sobre la <strong>prevenci\u00f3n <\/strong>de <strong>accidentes <\/strong>y <strong>da\u00f1os <\/strong>a la <strong>salud <\/strong>que afecten a los trabajadores y trabajadoras, adem\u00e1s del cuidado del medio ambiental laboral, tambi\u00e9n se encuentra el convenio <strong>n\u00famero 187<\/strong> donde exige a los pa\u00edses miembros de la <strong>OIT<\/strong>, la formulaci\u00f3n de pol\u00edticas nacionales en materia de <strong>Sistema de Gesti\u00f3n de Seguridad y Salud en el Trabajo<\/strong> (<strong>SST<\/strong>), adem\u00e1s de tener en cuenta las condiciones y practicas que deben tomar las organizaciones y empresas.<\/p>\n\n\n\n<p>Cabe destacar, que existen diferentes tipos de riesgos, algunos pueden ser <strong>emergentes<\/strong>, como el cambio de maquinarias para la producci\u00f3n, tambi\u00e9n se incluye mayores cargas de trabajo por migraci\u00f3n de personal, e inclusive el empleo independiente puede causar problemas de salud.<\/p>\n\n\n\n<figure class=\"wp-block-image size-large\"><a href=\"http:\/\/www.mpppst.gob.ve\/mpppstweb\/wp-content\/uploads\/2024\/04\/photo_4997029282089905689_y.jpg\"><img decoding=\"async\" loading=\"lazy\" width=\"1024\" height=\"577\" src=\"http:\/\/www.mpppst.gob.ve\/mpppstweb\/wp-content\/uploads\/2024\/04\/photo_4997029282089905689_y-1024x577.jpg\" alt=\"\" class=\"wp-image-26080\" srcset=\"https:\/\/www.mpppst.gob.ve\/mpppstweb\/wp-content\/uploads\/2024\/04\/photo_4997029282089905689_y-1024x577.jpg 1024w, https:\/\/www.mpppst.gob.ve\/mpppstweb\/wp-content\/uploads\/2024\/04\/photo_4997029282089905689_y-300x169.jpg 300w, https:\/\/www.mpppst.gob.ve\/mpppstweb\/wp-content\/uploads\/2024\/04\/photo_4997029282089905689_y-768x433.jpg 768w, https:\/\/www.mpppst.gob.ve\/mpppstweb\/wp-content\/uploads\/2024\/04\/photo_4997029282089905689_y.jpg 1280w\" sizes=\"(max-width: 1024px) 100vw, 1024px\" \/><\/a><figcaption class=\"wp-element-caption\">Inpsasel &#8211; Fotograf\u00eda de Peniel Ram\u00edrez<\/figcaption><\/figure>\n\n\n\n<p>En Venezuela, el <strong>Instituto Nacional de Prevenci\u00f3n, Salud y Seguridad Laborales<\/strong> (<strong>Inpsasel<\/strong>), fue creado el <strong>17 de agosto de 2002<\/strong>, <strong>bajo el decreto presidencial<\/strong> <strong>N\u00b0 1.785<\/strong>, su funci\u00f3n es <strong>inspeccionar<\/strong>, <strong>supervisar<\/strong>, <strong>orientar <\/strong>y <strong>sancionar <\/strong>a las empresas que realicen violaciones a las normativas de seguridad laboral.<\/p>\n\n\n\n<p><strong>Prensa MPPPST\/Rosa Brito<\/strong><\/p>\n","protected":false},"excerpt":{"rendered":"<p>Desde el 2003, la Organizaci\u00f3n Internacional del Trabajo (OIT) empez\u00f3 a celebrar los 28 de abril de cada a\u00f1o el D\u00eda Mundial de la Seguridad y la Salud Laboral, con la finalidad de promover la prevenci\u00f3n de accidentes en el \u00e1rea laboral y enfermedades.<\/p>\n","protected":false},"author":25,"featured_media":26081,"comment_status":"closed","ping_status":"closed","sticky":false,"template":"","format":"standard","meta":{"footnotes":""},"categories":[163,166,149],"tags":[756,760,761,758,250,370,757,759,762,763],"yoast_head":"<!-- This site is optimized with the Yoast SEO plugin v22.5 - https:\/\/yoast.com\/wordpress\/plugins\/seo\/ -->\n<title>28 de abril, D\u00eda Mundial de la Seguridad y Salud Laboral - MPPPST<\/title>\n<meta name=\"description\" content=\"Desde el 2003, OIT empez\u00f3 a celebrar los 28 de abril de cada a\u00f1o el D\u00eda Mundial de la Seguridad y la Salud Laboral\" \/>\n<meta name=\"robots\" content=\"index, follow, max-snippet:-1, max-image-preview:large, max-video-preview:-1\" \/>\n<link rel=\"canonical\" href=\"https:\/\/www.mpppst.gob.ve\/mpppstweb\/index.php\/2024\/04\/29\/dia-mundial-de-la-seguridad-y-salud-laboral\/\" \/>\n<meta property=\"og:locale\" content=\"es_ES\" \/>\n<meta property=\"og:type\" content=\"article\" \/>\n<meta property=\"og:title\" content=\"28 de abril, D\u00eda Mundial de la Seguridad y Salud Laboral - MPPPST\" \/>\n<meta property=\"og:description\" content=\"Desde el 2003, OIT empez\u00f3 a celebrar los 28 de abril de cada a\u00f1o el D\u00eda Mundial de la Seguridad y la Salud Laboral\" \/>\n<meta property=\"og:url\" content=\"https:\/\/www.mpppst.gob.ve\/mpppstweb\/index.php\/2024\/04\/29\/dia-mundial-de-la-seguridad-y-salud-laboral\/\" \/>\n<meta property=\"og:site_name\" content=\"MPPPST\" \/>\n<meta property=\"article:published_time\" content=\"2024-04-29T14:10:02+00:00\" \/>\n<meta property=\"article:modified_time\" content=\"2024-04-29T14:10:04+00:00\" \/>\n<meta property=\"og:image\" content=\"https:\/\/www.mpppst.gob.ve\/mpppstweb\/wp-content\/uploads\/2024\/04\/seguridad-laboral.webp\" \/>\n\t<meta property=\"og:image:width\" content=\"1200\" \/>\n\t<meta property=\"og:image:height\" content=\"800\" \/>\n\t<meta property=\"og:image:type\" content=\"image\/webp\" \/>\n<meta name=\"author\" content=\"MPPPST Prensa\" \/>\n<meta name=\"twitter:card\" content=\"summary_large_image\" \/>\n<meta name=\"twitter:label1\" content=\"Escrito por\" \/>\n\t<meta name=\"twitter:data1\" content=\"MPPPST Prensa\" \/>\n\t<meta name=\"twitter:label2\" content=\"Tiempo de lectura\" \/>\n\t<meta name=\"twitter:data2\" content=\"2 minutos\" \/>\n<script type=\"application\/ld+json\" class=\"yoast-schema-graph\">{\"@context\":\"https:\/\/schema.org\",\"@graph\":[{\"@type\":\"Article\",\"@id\":\"https:\/\/www.mpppst.gob.ve\/mpppstweb\/index.php\/2024\/04\/29\/dia-mundial-de-la-seguridad-y-salud-laboral\/#article\",\"isPartOf\":{\"@id\":\"https:\/\/www.mpppst.gob.ve\/mpppstweb\/index.php\/2024\/04\/29\/dia-mundial-de-la-seguridad-y-salud-laboral\/\"},\"author\":{\"name\":\"MPPPST Prensa\",\"@id\":\"https:\/\/www.mpppst.gob.ve\/mpppstweb\/#\/schema\/person\/fc187ee8ead412bd4c9304b62f900ea4\"},\"headline\":\"28 de abril, D\u00eda Mundial de la Seguridad y Salud Laboral\",\"datePublished\":\"2024-04-29T14:10:02+00:00\",\"dateModified\":\"2024-04-29T14:10:04+00:00\",\"mainEntityOfPage\":{\"@id\":\"https:\/\/www.mpppst.gob.ve\/mpppstweb\/index.php\/2024\/04\/29\/dia-mundial-de-la-seguridad-y-salud-laboral\/\"},\"wordCount\":325,\"publisher\":{\"@id\":\"https:\/\/www.mpppst.gob.ve\/mpppstweb\/#organization\"},\"image\":{\"@id\":\"https:\/\/www.mpppst.gob.ve\/mpppstweb\/index.php\/2024\/04\/29\/dia-mundial-de-la-seguridad-y-salud-laboral\/#primaryimage\"},\"thumbnailUrl\":\"https:\/\/www.mpppst.gob.ve\/mpppstweb\/wp-content\/uploads\/2024\/04\/seguridad-laboral.webp\",\"keywords\":[\"28 de abril\",\"Accidentes laborales\",\"Conferencia Internacional del Trabajo\",\"D\u00eda Mundial de la Seguridad y la Salud Laboral\",\"Inpsasel\",\"OIT\",\"Organizaci\u00f3n Internacional del Trabajo\",\"Prevenci\u00f3n\",\"Sistema de Gesti\u00f3n de Seguridad y Salud en el Trabajo\",\"SST\"],\"articleSection\":[\"Noticias\",\"Venezuela y el Mundo\",\"Vida social y Pol\u00edtica\"],\"inLanguage\":\"es\"},{\"@type\":\"WebPage\",\"@id\":\"https:\/\/www.mpppst.gob.ve\/mpppstweb\/index.php\/2024\/04\/29\/dia-mundial-de-la-seguridad-y-salud-laboral\/\",\"url\":\"https:\/\/www.mpppst.gob.ve\/mpppstweb\/index.php\/2024\/04\/29\/dia-mundial-de-la-seguridad-y-salud-laboral\/\",\"name\":\"28 de abril, D\u00eda Mundial de la Seguridad y Salud Laboral - MPPPST\",\"isPartOf\":{\"@id\":\"https:\/\/www.mpppst.gob.ve\/mpppstweb\/#website\"},\"primaryImageOfPage\":{\"@id\":\"https:\/\/www.mpppst.gob.ve\/mpppstweb\/index.php\/2024\/04\/29\/dia-mundial-de-la-seguridad-y-salud-laboral\/#primaryimage\"},\"image\":{\"@id\":\"https:\/\/www.mpppst.gob.ve\/mpppstweb\/index.php\/2024\/04\/29\/dia-mundial-de-la-seguridad-y-salud-laboral\/#primaryimage\"},\"thumbnailUrl\":\"https:\/\/www.mpppst.gob.ve\/mpppstweb\/wp-content\/uploads\/2024\/04\/seguridad-laboral.webp\",\"datePublished\":\"2024-04-29T14:10:02+00:00\",\"dateModified\":\"2024-04-29T14:10:04+00:00\",\"description\":\"Desde el 2003, OIT empez\u00f3 a celebrar los 28 de abril de cada a\u00f1o el D\u00eda Mundial de la Seguridad y la Salud Laboral\",\"breadcrumb\":{\"@id\":\"https:\/\/www.mpppst.gob.ve\/mpppstweb\/index.php\/2024\/04\/29\/dia-mundial-de-la-seguridad-y-salud-laboral\/#breadcrumb\"},\"inLanguage\":\"es\",\"potentialAction\":[{\"@type\":\"ReadAction\",\"target\":[\"https:\/\/www.mpppst.gob.ve\/mpppstweb\/index.php\/2024\/04\/29\/dia-mundial-de-la-seguridad-y-salud-laboral\/\"]}]},{\"@type\":\"ImageObject\",\"inLanguage\":\"es\",\"@id\":\"https:\/\/www.mpppst.gob.ve\/mpppstweb\/index.php\/2024\/04\/29\/dia-mundial-de-la-seguridad-y-salud-laboral\/#primaryimage\",\"url\":\"https:\/\/www.mpppst.gob.ve\/mpppstweb\/wp-content\/uploads\/2024\/04\/seguridad-laboral.webp\",\"contentUrl\":\"https:\/\/www.mpppst.gob.ve\/mpppstweb\/wp-content\/uploads\/2024\/04\/seguridad-laboral.webp\",\"width\":1200,\"height\":800,\"caption\":\"https:\/\/mejorconsalud.as.com\/wp-content\/uploads\/2021\/04\/elementos-seguridad-trabajo.jpg\"},{\"@type\":\"BreadcrumbList\",\"@id\":\"https:\/\/www.mpppst.gob.ve\/mpppstweb\/index.php\/2024\/04\/29\/dia-mundial-de-la-seguridad-y-salud-laboral\/#breadcrumb\",\"itemListElement\":[{\"@type\":\"ListItem\",\"position\":1,\"name\":\"Home\",\"item\":\"https:\/\/www.mpppst.gob.ve\/mpppstweb\/\"},{\"@type\":\"ListItem\",\"position\":2,\"name\":\"28 de abril, D\u00eda Mundial de la Seguridad y Salud Laboral\"}]},{\"@type\":\"WebSite\",\"@id\":\"https:\/\/www.mpppst.gob.ve\/mpppstweb\/#website\",\"url\":\"https:\/\/www.mpppst.gob.ve\/mpppstweb\/\",\"name\":\"MPPPST\",\"description\":\"Ministerio del Poder Popular para el Proceso Social de Trabajo\",\"publisher\":{\"@id\":\"https:\/\/www.mpppst.gob.ve\/mpppstweb\/#organization\"},\"potentialAction\":[{\"@type\":\"SearchAction\",\"target\":{\"@type\":\"EntryPoint\",\"urlTemplate\":\"https:\/\/www.mpppst.gob.ve\/mpppstweb\/?s={search_term_string}\"},\"query-input\":\"required name=search_term_string\"}],\"inLanguage\":\"es\"},{\"@type\":\"Organization\",\"@id\":\"https:\/\/www.mpppst.gob.ve\/mpppstweb\/#organization\",\"name\":\"mpppst\",\"url\":\"https:\/\/www.mpppst.gob.ve\/mpppstweb\/\",\"logo\":{\"@type\":\"ImageObject\",\"inLanguage\":\"es\",\"@id\":\"https:\/\/www.mpppst.gob.ve\/mpppstweb\/#\/schema\/logo\/image\/\",\"url\":\"https:\/\/www.mpppst.gob.ve\/mpppstweb\/wp-content\/uploads\/2025\/07\/cropped-cropped-g910.png\",\"contentUrl\":\"https:\/\/www.mpppst.gob.ve\/mpppstweb\/wp-content\/uploads\/2025\/07\/cropped-cropped-g910.png\",\"width\":1080,\"height\":241,\"caption\":\"mpppst\"},\"image\":{\"@id\":\"https:\/\/www.mpppst.gob.ve\/mpppstweb\/#\/schema\/logo\/image\/\"}},{\"@type\":\"Person\",\"@id\":\"https:\/\/www.mpppst.gob.ve\/mpppstweb\/#\/schema\/person\/fc187ee8ead412bd4c9304b62f900ea4\",\"name\":\"MPPPST Prensa\",\"url\":\"https:\/\/www.mpppst.gob.ve\/mpppstweb\/index.php\/author\/prensa-mpppst\/\"}]}<\/script>\n<!-- \/ Yoast SEO plugin. -->","yoast_head_json":{"title":"28 de abril, D\u00eda Mundial de la Seguridad y Salud Laboral - MPPPST","description":"Desde el 2003, OIT empez\u00f3 a celebrar los 28 de abril de cada a\u00f1o el D\u00eda Mundial de la Seguridad y la Salud Laboral","robots":{"index":"index","follow":"follow","max-snippet":"max-snippet:-1","max-image-preview":"max-image-preview:large","max-video-preview":"max-video-preview:-1"},"canonical":"https:\/\/www.mpppst.gob.ve\/mpppstweb\/index.php\/2024\/04\/29\/dia-mundial-de-la-seguridad-y-salud-laboral\/","og_locale":"es_ES","og_type":"article","og_title":"28 de abril, D\u00eda Mundial de la Seguridad y Salud Laboral - MPPPST","og_description":"Desde el 2003, OIT empez\u00f3 a celebrar los 28 de abril de cada a\u00f1o el D\u00eda Mundial de la Seguridad y la Salud Laboral","og_url":"https:\/\/www.mpppst.gob.ve\/mpppstweb\/index.php\/2024\/04\/29\/dia-mundial-de-la-seguridad-y-salud-laboral\/","og_site_name":"MPPPST","article_published_time":"2024-04-29T14:10:02+00:00","article_modified_time":"2024-04-29T14:10:04+00:00","og_image":[{"width":1200,"height":800,"url":"https:\/\/www.mpppst.gob.ve\/mpppstweb\/wp-content\/uploads\/2024\/04\/seguridad-laboral.webp","type":"image\/webp"}],"author":"MPPPST Prensa","twitter_card":"summary_large_image","twitter_misc":{"Escrito por":"MPPPST Prensa","Tiempo de lectura":"2 minutos"},"schema":{"@context":"https:\/\/schema.org","@graph":[{"@type":"Article","@id":"https:\/\/www.mpppst.gob.ve\/mpppstweb\/index.php\/2024\/04\/29\/dia-mundial-de-la-seguridad-y-salud-laboral\/#article","isPartOf":{"@id":"https:\/\/www.mpppst.gob.ve\/mpppstweb\/index.php\/2024\/04\/29\/dia-mundial-de-la-seguridad-y-salud-laboral\/"},"author":{"name":"MPPPST Prensa","@id":"https:\/\/www.mpppst.gob.ve\/mpppstweb\/#\/schema\/person\/fc187ee8ead412bd4c9304b62f900ea4"},"headline":"28 de abril, D\u00eda Mundial de la Seguridad y Salud Laboral","datePublished":"2024-04-29T14:10:02+00:00","dateModified":"2024-04-29T14:10:04+00:00","mainEntityOfPage":{"@id":"https:\/\/www.mpppst.gob.ve\/mpppstweb\/index.php\/2024\/04\/29\/dia-mundial-de-la-seguridad-y-salud-laboral\/"},"wordCount":325,"publisher":{"@id":"https:\/\/www.mpppst.gob.ve\/mpppstweb\/#organization"},"image":{"@id":"https:\/\/www.mpppst.gob.ve\/mpppstweb\/index.php\/2024\/04\/29\/dia-mundial-de-la-seguridad-y-salud-laboral\/#primaryimage"},"thumbnailUrl":"https:\/\/www.mpppst.gob.ve\/mpppstweb\/wp-content\/uploads\/2024\/04\/seguridad-laboral.webp","keywords":["28 de abril","Accidentes laborales","Conferencia Internacional del Trabajo","D\u00eda Mundial de la Seguridad y la Salud Laboral","Inpsasel","OIT","Organizaci\u00f3n Internacional del Trabajo","Prevenci\u00f3n","Sistema de Gesti\u00f3n de Seguridad y Salud en el Trabajo","SST"],"articleSection":["Noticias","Venezuela y el Mundo","Vida social y Pol\u00edtica"],"inLanguage":"es"},{"@type":"WebPage","@id":"https:\/\/www.mpppst.gob.ve\/mpppstweb\/index.php\/2024\/04\/29\/dia-mundial-de-la-seguridad-y-salud-laboral\/","url":"https:\/\/www.mpppst.gob.ve\/mpppstweb\/index.php\/2024\/04\/29\/dia-mundial-de-la-seguridad-y-salud-laboral\/","name":"28 de abril, D\u00eda Mundial de la Seguridad y Salud Laboral - MPPPST","isPartOf":{"@id":"https:\/\/www.mpppst.gob.ve\/mpppstweb\/#website"},"primaryImageOfPage":{"@id":"https:\/\/www.mpppst.gob.ve\/mpppstweb\/index.php\/2024\/04\/29\/dia-mundial-de-la-seguridad-y-salud-laboral\/#primaryimage"},"image":{"@id":"https:\/\/www.mpppst.gob.ve\/mpppstweb\/index.php\/2024\/04\/29\/dia-mundial-de-la-seguridad-y-salud-laboral\/#primaryimage"},"thumbnailUrl":"https:\/\/www.mpppst.gob.ve\/mpppstweb\/wp-content\/uploads\/2024\/04\/seguridad-laboral.webp","datePublished":"2024-04-29T14:10:02+00:00","dateModified":"2024-04-29T14:10:04+00:00","description":"Desde el 2003, OIT empez\u00f3 a celebrar los 28 de abril de cada a\u00f1o el D\u00eda Mundial de la Seguridad y la Salud Laboral","breadcrumb":{"@id":"https:\/\/www.mpppst.gob.ve\/mpppstweb\/index.php\/2024\/04\/29\/dia-mundial-de-la-seguridad-y-salud-laboral\/#breadcrumb"},"inLanguage":"es","potentialAction":[{"@type":"ReadAction","target":["https:\/\/www.mpppst.gob.ve\/mpppstweb\/index.php\/2024\/04\/29\/dia-mundial-de-la-seguridad-y-salud-laboral\/"]}]},{"@type":"ImageObject","inLanguage":"es","@id":"https:\/\/www.mpppst.gob.ve\/mpppstweb\/index.php\/2024\/04\/29\/dia-mundial-de-la-seguridad-y-salud-laboral\/#primaryimage","url":"https:\/\/www.mpppst.gob.ve\/mpppstweb\/wp-content\/uploads\/2024\/04\/seguridad-laboral.webp","contentUrl":"https:\/\/www.mpppst.gob.ve\/mpppstweb\/wp-content\/uploads\/2024\/04\/seguridad-laboral.webp","width":1200,"height":800,"caption":"https:\/\/mejorconsalud.as.com\/wp-content\/uploads\/2021\/04\/elementos-seguridad-trabajo.jpg"},{"@type":"BreadcrumbList","@id":"https:\/\/www.mpppst.gob.ve\/mpppstweb\/index.php\/2024\/04\/29\/dia-mundial-de-la-seguridad-y-salud-laboral\/#breadcrumb","itemListElement":[{"@type":"ListItem","position":1,"name":"Home","item":"https:\/\/www.mpppst.gob.ve\/mpppstweb\/"},{"@type":"ListItem","position":2,"name":"28 de abril, D\u00eda Mundial de la Seguridad y Salud Laboral"}]},{"@type":"WebSite","@id":"https:\/\/www.mpppst.gob.ve\/mpppstweb\/#website","url":"https:\/\/www.mpppst.gob.ve\/mpppstweb\/","name":"MPPPST","description":"Ministerio del Poder Popular para el Proceso Social de Trabajo","publisher":{"@id":"https:\/\/www.mpppst.gob.ve\/mpppstweb\/#organization"},"potentialAction":[{"@type":"SearchAction","target":{"@type":"EntryPoint","urlTemplate":"https:\/\/www.mpppst.gob.ve\/mpppstweb\/?s={search_term_string}"},"query-input":"required name=search_term_string"}],"inLanguage":"es"},{"@type":"Organization","@id":"https:\/\/www.mpppst.gob.ve\/mpppstweb\/#organization","name":"mpppst","url":"https:\/\/www.mpppst.gob.ve\/mpppstweb\/","logo":{"@type":"ImageObject","inLanguage":"es","@id":"https:\/\/www.mpppst.gob.ve\/mpppstweb\/#\/schema\/logo\/image\/","url":"https:\/\/www.mpppst.gob.ve\/mpppstweb\/wp-content\/uploads\/2025\/07\/cropped-cropped-g910.png","contentUrl":"https:\/\/www.mpppst.gob.ve\/mpppstweb\/wp-content\/uploads\/2025\/07\/cropped-cropped-g910.png","width":1080,"height":241,"caption":"mpppst"},"image":{"@id":"https:\/\/www.mpppst.gob.ve\/mpppstweb\/#\/schema\/logo\/image\/"}},{"@type":"Person","@id":"https:\/\/www.mpppst.gob.ve\/mpppstweb\/#\/schema\/person\/fc187ee8ead412bd4c9304b62f900ea4","name":"MPPPST Prensa","url":"https:\/\/www.mpppst.gob.ve\/mpppstweb\/index.php\/author\/prensa-mpppst\/"}]}},"_links":{"self":[{"href":"https:\/\/www.mpppst.gob.ve\/mpppstweb\/index.php\/wp-json\/wp\/v2\/posts\/26079"}],"collection":[{"href":"https:\/\/www.mpppst.gob.ve\/mpppstweb\/index.php\/wp-json\/wp\/v2\/posts"}],"about":[{"href":"https:\/\/www.mpppst.gob.ve\/mpppstweb\/index.php\/wp-json\/wp\/v2\/types\/post"}],"author":[{"embeddable":true,"href":"https:\/\/www.mpppst.gob.ve\/mpppstweb\/index.php\/wp-json\/wp\/v2\/users\/25"}],"replies":[{"embeddable":true,"href":"https:\/\/www.mpppst.gob.ve\/mpppstweb\/index.php\/wp-json\/wp\/v2\/comments?post=26079"}],"version-history":[{"count":1,"href":"https:\/\/www.mpppst.gob.ve\/mpppstweb\/index.php\/wp-json\/wp\/v2\/posts\/26079\/revisions"}],"predecessor-version":[{"id":26082,"href":"https:\/\/www.mpppst.gob.ve\/mpppstweb\/index.php\/wp-json\/wp\/v2\/posts\/26079\/revisions\/26082"}],"wp:featuredmedia":[{"embeddable":true,"href":"https:\/\/www.mpppst.gob.ve\/mpppstweb\/index.php\/wp-json\/wp\/v2\/media\/26081"}],"wp:attachment":[{"href":"https:\/\/www.mpppst.gob.ve\/mpppstweb\/index.php\/wp-json\/wp\/v2\/media?parent=26079"}],"wp:term":[{"taxonomy":"category","embeddable":true,"href":"https:\/\/www.mpppst.gob.ve\/mpppstweb\/index.php\/wp-json\/wp\/v2\/categories?post=26079"},{"taxonomy":"post_tag","embeddable":true,"href":"https:\/\/www.mpppst.gob.ve\/mpppstweb\/index.php\/wp-json\/wp\/v2\/tags?post=26079"}],"curies":[{"name":"wp","href":"https:\/\/api.w.org\/{rel}","templated":true}]}}