{"id":26162,"date":"2024-05-18T16:39:14","date_gmt":"2024-05-18T20:39:14","guid":{"rendered":"http:\/\/www.mpppst.gob.ve\/mpppstweb\/?p=26162"},"modified":"2024-05-18T16:39:16","modified_gmt":"2024-05-18T20:39:16","slug":"foro-sobre-el-bloqueo","status":"publish","type":"post","link":"https:\/\/www.mpppst.gob.ve\/mpppstweb\/index.php\/2024\/05\/18\/foro-sobre-el-bloqueo\/","title":{"rendered":"Ministro Corredor P\u00e9rez participa en el foro sobre el Bloqueo y su impacto a la clase obrera"},"content":{"rendered":"\n<p>MPPPST, Caracas.- Desde el auditorio del Ministerio del Poder Popular para la Energ\u00eda El\u00e9ctrica (MPPEE), San Bernardino, se llev\u00f3 a cabo el foro \u201cEl Bloqueo y su Impacto en la Clase Obrera\u201d, adem\u00e1s de recolectar firmas en contra de las Medidas Coercitivas Unilaterales (MCU) implementadas a la estatal Petr\u00f3leo de Venezuela C.A. (Pdvsa).<\/p>\n\n\n\n<p>Carlos L\u00f3pez, Coordinador General de la Central Bolivariana Socialista de Trabajadores (CBST), agradeci\u00f3 a la clase obrera de Corpoelec por estar presente en el foro, que es tambi\u00e9n parte de la concientizaci\u00f3n de lo que son las MCU.<\/p>\n\n\n\n<p>\u201cLa clase obrera es parte de la atenci\u00f3n a este proceso de recuperaci\u00f3n que estamos logrando y que conduce a ir rompiendo gradualmente las sanciones (\u2026) Hemos aguantados m\u00e1s de 10 a\u00f1os con las medidas coercitivas, y no lograron, nunca lo van a lograr que en nuestra clase obrera se pasaba para el lado del enemigo para llevar al verdugo a la Presidencia de la Rep\u00fablica\u201d, enfatiz\u00f3 L\u00f3pez.<\/p>\n\n\n\n<p>Por su parte, el ministro del Poder Popular para el Proceso Social de Trabajo (MPPPST), Alexis Corredor P\u00e9rez, expres\u00f3 que se encontraba en otro escenario socialista en defensa de sus compa\u00f1eros y compa\u00f1eras, agradeci\u00f3 la labor de la clase obrera del MPPEE por ese gran esfuerzo que realizan a diario.<\/p>\n\n\n\n<p>Cabe destacar que este evento se logr\u00f3 con los trabajadores y trabajadoras del MPPEE, y se realizaron las firmas en apoyo a la estatal Pdvsa y en contra de las sanciones implementadas por el presidente Joe Biden al pueblo venezolano.<\/p>\n\n\n\n<p>Prensa MPPPST\/Rosa Brito<\/p>\n","protected":false},"excerpt":{"rendered":"<p>Desde el auditorio del Ministerio del Poder Popular para la Energ\u00eda El\u00e9ctrica (MPPEE), San Bernardino, se llev\u00f3 a cabo el foro \u201cEl Bloqueo y su Impacto en la Clase Obrera\u201d, adem\u00e1s de recolectar firmas en contra de las Medidas Coercitivas Unilaterales (MCU) implementadas a la estatal Petr\u00f3leos de Venezuela C.A. (Pdvsa).<\/p>\n","protected":false},"author":25,"featured_media":26163,"comment_status":"closed","ping_status":"closed","sticky":false,"template":"","format":"standard","meta":{"footnotes":""},"categories":[82,163],"tags":[782,222,783,693,223,335],"yoast_head":"<!-- This site is optimized with the Yoast SEO plugin v22.5 - https:\/\/yoast.com\/wordpress\/plugins\/seo\/ -->\n<title>Ministro Corredor P\u00e9rez participa en el foro sobre el Bloqueo y su impacto a la clase obrera - MPPPST<\/title>\n<meta name=\"description\" content=\"Desde el auditorio del MPPEE, se llev\u00f3 a cabo el foro \u201cEl Bloqueo y su Impacto en la Clase Obrera\u201d, y se recolectaron firmas\" \/>\n<meta name=\"robots\" content=\"index, follow, max-snippet:-1, max-image-preview:large, max-video-preview:-1\" \/>\n<link rel=\"canonical\" href=\"https:\/\/www.mpppst.gob.ve\/mpppstweb\/index.php\/2024\/05\/18\/foro-sobre-el-bloqueo\/\" \/>\n<meta property=\"og:locale\" content=\"es_ES\" \/>\n<meta property=\"og:type\" content=\"article\" \/>\n<meta property=\"og:title\" content=\"Ministro Corredor P\u00e9rez participa en el foro sobre el Bloqueo y su impacto a la clase obrera - MPPPST\" \/>\n<meta property=\"og:description\" content=\"Desde el auditorio del MPPEE, se llev\u00f3 a cabo el foro \u201cEl Bloqueo y su Impacto en la Clase Obrera\u201d, y se recolectaron firmas\" \/>\n<meta property=\"og:url\" content=\"https:\/\/www.mpppst.gob.ve\/mpppstweb\/index.php\/2024\/05\/18\/foro-sobre-el-bloqueo\/\" \/>\n<meta property=\"og:site_name\" content=\"MPPPST\" \/>\n<meta property=\"article:published_time\" content=\"2024-05-18T20:39:14+00:00\" \/>\n<meta property=\"article:modified_time\" content=\"2024-05-18T20:39:16+00:00\" \/>\n<meta property=\"og:image\" content=\"https:\/\/www.mpppst.gob.ve\/mpppstweb\/wp-content\/uploads\/2024\/05\/photo1715965768.jpeg\" \/>\n\t<meta property=\"og:image:width\" content=\"1280\" \/>\n\t<meta property=\"og:image:height\" content=\"960\" \/>\n\t<meta property=\"og:image:type\" content=\"image\/jpeg\" \/>\n<meta name=\"author\" content=\"MPPPST Prensa\" \/>\n<meta name=\"twitter:card\" content=\"summary_large_image\" \/>\n<meta name=\"twitter:label1\" content=\"Escrito por\" \/>\n\t<meta name=\"twitter:data1\" content=\"MPPPST Prensa\" \/>\n\t<meta name=\"twitter:label2\" content=\"Tiempo de lectura\" \/>\n\t<meta name=\"twitter:data2\" content=\"2 minutos\" \/>\n<script type=\"application\/ld+json\" class=\"yoast-schema-graph\">{\"@context\":\"https:\/\/schema.org\",\"@graph\":[{\"@type\":\"Article\",\"@id\":\"https:\/\/www.mpppst.gob.ve\/mpppstweb\/index.php\/2024\/05\/18\/foro-sobre-el-bloqueo\/#article\",\"isPartOf\":{\"@id\":\"https:\/\/www.mpppst.gob.ve\/mpppstweb\/index.php\/2024\/05\/18\/foro-sobre-el-bloqueo\/\"},\"author\":{\"name\":\"MPPPST Prensa\",\"@id\":\"https:\/\/www.mpppst.gob.ve\/mpppstweb\/#\/schema\/person\/fc187ee8ead412bd4c9304b62f900ea4\"},\"headline\":\"Ministro Corredor P\u00e9rez participa en el foro sobre el Bloqueo y su impacto a la clase obrera\",\"datePublished\":\"2024-05-18T20:39:14+00:00\",\"dateModified\":\"2024-05-18T20:39:16+00:00\",\"mainEntityOfPage\":{\"@id\":\"https:\/\/www.mpppst.gob.ve\/mpppstweb\/index.php\/2024\/05\/18\/foro-sobre-el-bloqueo\/\"},\"wordCount\":287,\"publisher\":{\"@id\":\"https:\/\/www.mpppst.gob.ve\/mpppstweb\/#organization\"},\"image\":{\"@id\":\"https:\/\/www.mpppst.gob.ve\/mpppstweb\/index.php\/2024\/05\/18\/foro-sobre-el-bloqueo\/#primaryimage\"},\"thumbnailUrl\":\"https:\/\/www.mpppst.gob.ve\/mpppstweb\/wp-content\/uploads\/2024\/05\/photo1715965768.jpeg\",\"keywords\":[\"Foro sobre el Bloqueo\",\"Gobierno Bolivariano\",\"Medidas Coercitivas Unilaterales\",\"Ministro Alexis Corredor P\u00e9rez\",\"MPPPST\",\"Venezuela\"],\"articleSection\":[\"Gobierno Nacional\",\"Noticias\"],\"inLanguage\":\"es\"},{\"@type\":\"WebPage\",\"@id\":\"https:\/\/www.mpppst.gob.ve\/mpppstweb\/index.php\/2024\/05\/18\/foro-sobre-el-bloqueo\/\",\"url\":\"https:\/\/www.mpppst.gob.ve\/mpppstweb\/index.php\/2024\/05\/18\/foro-sobre-el-bloqueo\/\",\"name\":\"Ministro Corredor P\u00e9rez participa en el foro sobre el Bloqueo y su impacto a la clase obrera - MPPPST\",\"isPartOf\":{\"@id\":\"https:\/\/www.mpppst.gob.ve\/mpppstweb\/#website\"},\"primaryImageOfPage\":{\"@id\":\"https:\/\/www.mpppst.gob.ve\/mpppstweb\/index.php\/2024\/05\/18\/foro-sobre-el-bloqueo\/#primaryimage\"},\"image\":{\"@id\":\"https:\/\/www.mpppst.gob.ve\/mpppstweb\/index.php\/2024\/05\/18\/foro-sobre-el-bloqueo\/#primaryimage\"},\"thumbnailUrl\":\"https:\/\/www.mpppst.gob.ve\/mpppstweb\/wp-content\/uploads\/2024\/05\/photo1715965768.jpeg\",\"datePublished\":\"2024-05-18T20:39:14+00:00\",\"dateModified\":\"2024-05-18T20:39:16+00:00\",\"description\":\"Desde el auditorio del MPPEE, se llev\u00f3 a cabo el foro \u201cEl Bloqueo y su Impacto en la Clase Obrera\u201d, y se recolectaron firmas\",\"breadcrumb\":{\"@id\":\"https:\/\/www.mpppst.gob.ve\/mpppstweb\/index.php\/2024\/05\/18\/foro-sobre-el-bloqueo\/#breadcrumb\"},\"inLanguage\":\"es\",\"potentialAction\":[{\"@type\":\"ReadAction\",\"target\":[\"https:\/\/www.mpppst.gob.ve\/mpppstweb\/index.php\/2024\/05\/18\/foro-sobre-el-bloqueo\/\"]}]},{\"@type\":\"ImageObject\",\"inLanguage\":\"es\",\"@id\":\"https:\/\/www.mpppst.gob.ve\/mpppstweb\/index.php\/2024\/05\/18\/foro-sobre-el-bloqueo\/#primaryimage\",\"url\":\"https:\/\/www.mpppst.gob.ve\/mpppstweb\/wp-content\/uploads\/2024\/05\/photo1715965768.jpeg\",\"contentUrl\":\"https:\/\/www.mpppst.gob.ve\/mpppstweb\/wp-content\/uploads\/2024\/05\/photo1715965768.jpeg\",\"width\":1280,\"height\":960,\"caption\":\"Desde el auditorio del Ministerio del Poder Popular para la Energ\u00eda El\u00e9ctrica (MPPEE), San Bernardino, se llev\u00f3 a cabo el foro \u201cEl Bloqueo y su Impacto en la Clase Obrera\u201d, adem\u00e1s de recolectar firmas en contra de las Medidas Coercitivas Unilaterales (MCU) implementadas a la estatal Petr\u00f3leos de Venezuela C.A. (Pdvsa).\"},{\"@type\":\"BreadcrumbList\",\"@id\":\"https:\/\/www.mpppst.gob.ve\/mpppstweb\/index.php\/2024\/05\/18\/foro-sobre-el-bloqueo\/#breadcrumb\",\"itemListElement\":[{\"@type\":\"ListItem\",\"position\":1,\"name\":\"Home\",\"item\":\"https:\/\/www.mpppst.gob.ve\/mpppstweb\/\"},{\"@type\":\"ListItem\",\"position\":2,\"name\":\"Ministro Corredor P\u00e9rez participa en el foro sobre el Bloqueo y su impacto a la clase obrera\"}]},{\"@type\":\"WebSite\",\"@id\":\"https:\/\/www.mpppst.gob.ve\/mpppstweb\/#website\",\"url\":\"https:\/\/www.mpppst.gob.ve\/mpppstweb\/\",\"name\":\"MPPPST\",\"description\":\"Ministerio del Poder Popular para el Proceso Social de Trabajo\",\"publisher\":{\"@id\":\"https:\/\/www.mpppst.gob.ve\/mpppstweb\/#organization\"},\"potentialAction\":[{\"@type\":\"SearchAction\",\"target\":{\"@type\":\"EntryPoint\",\"urlTemplate\":\"https:\/\/www.mpppst.gob.ve\/mpppstweb\/?s={search_term_string}\"},\"query-input\":\"required name=search_term_string\"}],\"inLanguage\":\"es\"},{\"@type\":\"Organization\",\"@id\":\"https:\/\/www.mpppst.gob.ve\/mpppstweb\/#organization\",\"name\":\"mpppst\",\"url\":\"https:\/\/www.mpppst.gob.ve\/mpppstweb\/\",\"logo\":{\"@type\":\"ImageObject\",\"inLanguage\":\"es\",\"@id\":\"https:\/\/www.mpppst.gob.ve\/mpppstweb\/#\/schema\/logo\/image\/\",\"url\":\"https:\/\/www.mpppst.gob.ve\/mpppstweb\/wp-content\/uploads\/2025\/07\/cropped-cropped-g910.png\",\"contentUrl\":\"https:\/\/www.mpppst.gob.ve\/mpppstweb\/wp-content\/uploads\/2025\/07\/cropped-cropped-g910.png\",\"width\":1080,\"height\":241,\"caption\":\"mpppst\"},\"image\":{\"@id\":\"https:\/\/www.mpppst.gob.ve\/mpppstweb\/#\/schema\/logo\/image\/\"}},{\"@type\":\"Person\",\"@id\":\"https:\/\/www.mpppst.gob.ve\/mpppstweb\/#\/schema\/person\/fc187ee8ead412bd4c9304b62f900ea4\",\"name\":\"MPPPST Prensa\",\"url\":\"https:\/\/www.mpppst.gob.ve\/mpppstweb\/index.php\/author\/prensa-mpppst\/\"}]}<\/script>\n<!-- \/ Yoast SEO plugin. -->","yoast_head_json":{"title":"Ministro Corredor P\u00e9rez participa en el foro sobre el Bloqueo y su impacto a la clase obrera - MPPPST","description":"Desde el auditorio del MPPEE, se llev\u00f3 a cabo el foro \u201cEl Bloqueo y su Impacto en la Clase Obrera\u201d, y se recolectaron firmas","robots":{"index":"index","follow":"follow","max-snippet":"max-snippet:-1","max-image-preview":"max-image-preview:large","max-video-preview":"max-video-preview:-1"},"canonical":"https:\/\/www.mpppst.gob.ve\/mpppstweb\/index.php\/2024\/05\/18\/foro-sobre-el-bloqueo\/","og_locale":"es_ES","og_type":"article","og_title":"Ministro Corredor P\u00e9rez participa en el foro sobre el Bloqueo y su impacto a la clase obrera - MPPPST","og_description":"Desde el auditorio del MPPEE, se llev\u00f3 a cabo el foro \u201cEl Bloqueo y su Impacto en la Clase Obrera\u201d, y se recolectaron firmas","og_url":"https:\/\/www.mpppst.gob.ve\/mpppstweb\/index.php\/2024\/05\/18\/foro-sobre-el-bloqueo\/","og_site_name":"MPPPST","article_published_time":"2024-05-18T20:39:14+00:00","article_modified_time":"2024-05-18T20:39:16+00:00","og_image":[{"width":1280,"height":960,"url":"https:\/\/www.mpppst.gob.ve\/mpppstweb\/wp-content\/uploads\/2024\/05\/photo1715965768.jpeg","type":"image\/jpeg"}],"author":"MPPPST Prensa","twitter_card":"summary_large_image","twitter_misc":{"Escrito por":"MPPPST Prensa","Tiempo de lectura":"2 minutos"},"schema":{"@context":"https:\/\/schema.org","@graph":[{"@type":"Article","@id":"https:\/\/www.mpppst.gob.ve\/mpppstweb\/index.php\/2024\/05\/18\/foro-sobre-el-bloqueo\/#article","isPartOf":{"@id":"https:\/\/www.mpppst.gob.ve\/mpppstweb\/index.php\/2024\/05\/18\/foro-sobre-el-bloqueo\/"},"author":{"name":"MPPPST Prensa","@id":"https:\/\/www.mpppst.gob.ve\/mpppstweb\/#\/schema\/person\/fc187ee8ead412bd4c9304b62f900ea4"},"headline":"Ministro Corredor P\u00e9rez participa en el foro sobre el Bloqueo y su impacto a la clase obrera","datePublished":"2024-05-18T20:39:14+00:00","dateModified":"2024-05-18T20:39:16+00:00","mainEntityOfPage":{"@id":"https:\/\/www.mpppst.gob.ve\/mpppstweb\/index.php\/2024\/05\/18\/foro-sobre-el-bloqueo\/"},"wordCount":287,"publisher":{"@id":"https:\/\/www.mpppst.gob.ve\/mpppstweb\/#organization"},"image":{"@id":"https:\/\/www.mpppst.gob.ve\/mpppstweb\/index.php\/2024\/05\/18\/foro-sobre-el-bloqueo\/#primaryimage"},"thumbnailUrl":"https:\/\/www.mpppst.gob.ve\/mpppstweb\/wp-content\/uploads\/2024\/05\/photo1715965768.jpeg","keywords":["Foro sobre el Bloqueo","Gobierno Bolivariano","Medidas Coercitivas Unilaterales","Ministro Alexis Corredor P\u00e9rez","MPPPST","Venezuela"],"articleSection":["Gobierno Nacional","Noticias"],"inLanguage":"es"},{"@type":"WebPage","@id":"https:\/\/www.mpppst.gob.ve\/mpppstweb\/index.php\/2024\/05\/18\/foro-sobre-el-bloqueo\/","url":"https:\/\/www.mpppst.gob.ve\/mpppstweb\/index.php\/2024\/05\/18\/foro-sobre-el-bloqueo\/","name":"Ministro Corredor P\u00e9rez participa en el foro sobre el Bloqueo y su impacto a la clase obrera - MPPPST","isPartOf":{"@id":"https:\/\/www.mpppst.gob.ve\/mpppstweb\/#website"},"primaryImageOfPage":{"@id":"https:\/\/www.mpppst.gob.ve\/mpppstweb\/index.php\/2024\/05\/18\/foro-sobre-el-bloqueo\/#primaryimage"},"image":{"@id":"https:\/\/www.mpppst.gob.ve\/mpppstweb\/index.php\/2024\/05\/18\/foro-sobre-el-bloqueo\/#primaryimage"},"thumbnailUrl":"https:\/\/www.mpppst.gob.ve\/mpppstweb\/wp-content\/uploads\/2024\/05\/photo1715965768.jpeg","datePublished":"2024-05-18T20:39:14+00:00","dateModified":"2024-05-18T20:39:16+00:00","description":"Desde el auditorio del MPPEE, se llev\u00f3 a cabo el foro \u201cEl Bloqueo y su Impacto en la Clase Obrera\u201d, y se recolectaron firmas","breadcrumb":{"@id":"https:\/\/www.mpppst.gob.ve\/mpppstweb\/index.php\/2024\/05\/18\/foro-sobre-el-bloqueo\/#breadcrumb"},"inLanguage":"es","potentialAction":[{"@type":"ReadAction","target":["https:\/\/www.mpppst.gob.ve\/mpppstweb\/index.php\/2024\/05\/18\/foro-sobre-el-bloqueo\/"]}]},{"@type":"ImageObject","inLanguage":"es","@id":"https:\/\/www.mpppst.gob.ve\/mpppstweb\/index.php\/2024\/05\/18\/foro-sobre-el-bloqueo\/#primaryimage","url":"https:\/\/www.mpppst.gob.ve\/mpppstweb\/wp-content\/uploads\/2024\/05\/photo1715965768.jpeg","contentUrl":"https:\/\/www.mpppst.gob.ve\/mpppstweb\/wp-content\/uploads\/2024\/05\/photo1715965768.jpeg","width":1280,"height":960,"caption":"Desde el auditorio del Ministerio del Poder Popular para la Energ\u00eda El\u00e9ctrica (MPPEE), San Bernardino, se llev\u00f3 a cabo el foro \u201cEl Bloqueo y su Impacto en la Clase Obrera\u201d, adem\u00e1s de recolectar firmas en contra de las Medidas Coercitivas Unilaterales (MCU) implementadas a la estatal Petr\u00f3leos de Venezuela C.A. (Pdvsa)."},{"@type":"BreadcrumbList","@id":"https:\/\/www.mpppst.gob.ve\/mpppstweb\/index.php\/2024\/05\/18\/foro-sobre-el-bloqueo\/#breadcrumb","itemListElement":[{"@type":"ListItem","position":1,"name":"Home","item":"https:\/\/www.mpppst.gob.ve\/mpppstweb\/"},{"@type":"ListItem","position":2,"name":"Ministro Corredor P\u00e9rez participa en el foro sobre el Bloqueo y su impacto a la clase obrera"}]},{"@type":"WebSite","@id":"https:\/\/www.mpppst.gob.ve\/mpppstweb\/#website","url":"https:\/\/www.mpppst.gob.ve\/mpppstweb\/","name":"MPPPST","description":"Ministerio del Poder Popular para el Proceso Social de Trabajo","publisher":{"@id":"https:\/\/www.mpppst.gob.ve\/mpppstweb\/#organization"},"potentialAction":[{"@type":"SearchAction","target":{"@type":"EntryPoint","urlTemplate":"https:\/\/www.mpppst.gob.ve\/mpppstweb\/?s={search_term_string}"},"query-input":"required name=search_term_string"}],"inLanguage":"es"},{"@type":"Organization","@id":"https:\/\/www.mpppst.gob.ve\/mpppstweb\/#organization","name":"mpppst","url":"https:\/\/www.mpppst.gob.ve\/mpppstweb\/","logo":{"@type":"ImageObject","inLanguage":"es","@id":"https:\/\/www.mpppst.gob.ve\/mpppstweb\/#\/schema\/logo\/image\/","url":"https:\/\/www.mpppst.gob.ve\/mpppstweb\/wp-content\/uploads\/2025\/07\/cropped-cropped-g910.png","contentUrl":"https:\/\/www.mpppst.gob.ve\/mpppstweb\/wp-content\/uploads\/2025\/07\/cropped-cropped-g910.png","width":1080,"height":241,"caption":"mpppst"},"image":{"@id":"https:\/\/www.mpppst.gob.ve\/mpppstweb\/#\/schema\/logo\/image\/"}},{"@type":"Person","@id":"https:\/\/www.mpppst.gob.ve\/mpppstweb\/#\/schema\/person\/fc187ee8ead412bd4c9304b62f900ea4","name":"MPPPST Prensa","url":"https:\/\/www.mpppst.gob.ve\/mpppstweb\/index.php\/author\/prensa-mpppst\/"}]}},"_links":{"self":[{"href":"https:\/\/www.mpppst.gob.ve\/mpppstweb\/index.php\/wp-json\/wp\/v2\/posts\/26162"}],"collection":[{"href":"https:\/\/www.mpppst.gob.ve\/mpppstweb\/index.php\/wp-json\/wp\/v2\/posts"}],"about":[{"href":"https:\/\/www.mpppst.gob.ve\/mpppstweb\/index.php\/wp-json\/wp\/v2\/types\/post"}],"author":[{"embeddable":true,"href":"https:\/\/www.mpppst.gob.ve\/mpppstweb\/index.php\/wp-json\/wp\/v2\/users\/25"}],"replies":[{"embeddable":true,"href":"https:\/\/www.mpppst.gob.ve\/mpppstweb\/index.php\/wp-json\/wp\/v2\/comments?post=26162"}],"version-history":[{"count":1,"href":"https:\/\/www.mpppst.gob.ve\/mpppstweb\/index.php\/wp-json\/wp\/v2\/posts\/26162\/revisions"}],"predecessor-version":[{"id":26164,"href":"https:\/\/www.mpppst.gob.ve\/mpppstweb\/index.php\/wp-json\/wp\/v2\/posts\/26162\/revisions\/26164"}],"wp:featuredmedia":[{"embeddable":true,"href":"https:\/\/www.mpppst.gob.ve\/mpppstweb\/index.php\/wp-json\/wp\/v2\/media\/26163"}],"wp:attachment":[{"href":"https:\/\/www.mpppst.gob.ve\/mpppstweb\/index.php\/wp-json\/wp\/v2\/media?parent=26162"}],"wp:term":[{"taxonomy":"category","embeddable":true,"href":"https:\/\/www.mpppst.gob.ve\/mpppstweb\/index.php\/wp-json\/wp\/v2\/categories?post=26162"},{"taxonomy":"post_tag","embeddable":true,"href":"https:\/\/www.mpppst.gob.ve\/mpppstweb\/index.php\/wp-json\/wp\/v2\/tags?post=26162"}],"curies":[{"name":"wp","href":"https:\/\/api.w.org\/{rel}","templated":true}]}}