{"id":26176,"date":"2024-05-22T08:52:02","date_gmt":"2024-05-22T12:52:02","guid":{"rendered":"http:\/\/www.mpppst.gob.ve\/mpppstweb\/?p=26176"},"modified":"2024-05-22T09:23:25","modified_gmt":"2024-05-22T13:23:25","slug":"delegados-y-delegadas-de-proteccion","status":"publish","type":"post","link":"https:\/\/www.mpppst.gob.ve\/mpppstweb\/index.php\/2024\/05\/22\/delegados-y-delegadas-de-proteccion\/","title":{"rendered":"Juramentados nuevos Delegadas y Delegados Bolivarianos de Prevenci\u00f3n a nivel nacional"},"content":{"rendered":"\n<p><strong>MPPPST, Caracas.-<\/strong> La clase obrera a nivel nacional, particip\u00f3 en la ceremonia de<strong> Juramentaci\u00f3n de los Consejos Bolivarianos de Delegados y Delegadas de Prevenci\u00f3n<\/strong>, que celebr\u00f3 el <strong>Instituto Nacional de Prevenci\u00f3n, Salud y Seguridad Laborales <\/strong>(<strong>Inpsasel<\/strong>) en el <strong>Teatro Jos\u00e9 \u201cChino\u201d Khan<\/strong>, ubicado en el <strong>Instituto Nacional de Capacitaci\u00f3n y Recreaci\u00f3n de los Trabajadores <\/strong>(<strong>Incret<\/strong>).<\/p>\n\n\n\n<p>M\u00e1s de <strong>250 <\/strong>nuevos delegados y delegadas fueron escogidos para ser parte de los <strong>Consejos Bolivarianos de Prevenci\u00f3n<\/strong>, con el fin de cumplir las normativas de salud y seguridad laboral.<\/p>\n\n\n\n<p>El <strong>presidente <\/strong>del <strong>Inpsasel<\/strong>, <strong>Rusbel Rond\u00f3n<\/strong>, inici\u00f3 la ceremonia agradeci\u00e9ndole a los delegados y delegadas presentes, expres\u00f3 que se hab\u00edan pasados a\u00f1os para la realizaci\u00f3n de este evento e incluy\u00f3 que la clase obrera siempre ha estado presente para apoyar al pueblo.<\/p>\n\n\n\n<p><em>\u201cPasamos unos cuantos a\u00f1os para ver esta realidad, esta obra, este hermoso sue\u00f1o de la clase trabajadora y lo estamos haciendo con un gran esfuerzo, sobre todo en la circunstancia en que nos encontramos (\u2026) la clase obrera siempre ha estado presente en todas las batallas y siempre ha logrado la Gran Victoria\u201d<\/em>, enfatiz\u00f3 <strong>Rond\u00f3n<\/strong>.<\/p>\n\n\n\n<p>Entre los invitados se encontraba el<strong> ministro del Poder Popular para el Proceso Social de Trabajo<\/strong> (<strong>MPPPST<\/strong>), <strong>Alexis Corredor P\u00e9rez<\/strong>, afirm\u00f3 que dicha actividad es para decirle al mundo lo que es la Revoluci\u00f3n Bolivariana, este cargo es para trabajar en conjunto con los<strong> Consejos Productivos de Trabajadores y Trabajadoras<\/strong> (<strong>CPTT<\/strong>), tambi\u00e9n para trabajar en conjunto con los sindicatos.<\/p>\n\n\n\n<p><em>\u201cTienen la responsabilidad de preservar la salud de nuestros hermanos y hermanas de clases, (\u2026), nosotros los trabajadores y trabajadoras tenemos que manejar cualquier tipo de contradicci\u00f3n que pueda ocurrir, y nosotros poder resolverla como un solo <strong>Consejo Nacional de Delegados y Delegadas de Prevenci\u00f3n<\/strong>, es una responsabilidad inmensa\u201d<\/em>, afirm\u00f3 el <strong>ministro Corredor.<\/strong><\/p>\n\n\n\n<p>El <strong>Diputado Fernando Soto Rojas<\/strong>, con la <strong>Constituci\u00f3n de la Rep\u00fablica Bolivariana de Venezuela <\/strong>junto con la<strong> Ley Org\u00e1nica del Trabajo, las Trabajadoras y los Trabajadores<\/strong> (<strong>Lottt<\/strong>), fue quien le realiz\u00f3 la juramentaci\u00f3n a todos los <strong>Delegados y Delegadas de Prevenci\u00f3n.<\/strong><\/p>\n\n\n\n<p>Cabe destacar, que al finalizar el acto de juramentaci\u00f3n, las <strong>Delegadas <\/strong>entregaron al <strong>ministro Alexis Corredor P\u00e9rez<\/strong>, un borrador para las normativas que se desean aplicar como instrumento de ayuda en los estados, tambi\u00e9n que esta actividad fue realizada como parte de los eventos de <strong>Mayo Obrero 2024<\/strong>.<\/p>\n\n\n\n<p><strong>Prensa MPPPST\/ Rosa Brito<\/strong><\/p>\n","protected":false},"excerpt":{"rendered":"<p> La clase obrera a nivel nacional, particip\u00f3 en la ceremonia de Juramentaci\u00f3n de los Consejos Bolivarianos de Delegados y Delegadas de Prevenci\u00f3n, que celebr\u00f3 el Instituto Nacional de Prevenci\u00f3n, Salud y Seguridad Laborales (Inpsasel) en el Teatro Jos\u00e9 \u201cChino\u201d Khan, ubicado en el Instituto Nacional de Capacitaci\u00f3n y Recreaci\u00f3n de los Trabajadores (Incret).<\/p>\n","protected":false},"author":25,"featured_media":26177,"comment_status":"closed","ping_status":"closed","sticky":false,"template":"","format":"standard","meta":{"footnotes":""},"categories":[167,82,163,84],"tags":[684,784,229,225,222,347,250,679,693,223,240,227,415,385,345,335],"yoast_head":"<!-- This site is optimized with the Yoast SEO plugin v22.5 - https:\/\/yoast.com\/wordpress\/plugins\/seo\/ -->\n<title>Juramentados nuevos Delegadas y Delegados Bolivarianos de Prevenci\u00f3n a nivel nacional - MPPPST<\/title>\n<meta name=\"description\" content=\"La clase obrera, particip\u00f3 en la ceremonia de Juramentaci\u00f3n de los Consejos Bolivarianos de Delegados y Delegadas de Prevenci\u00f3n\" \/>\n<meta name=\"robots\" content=\"index, follow, max-snippet:-1, max-image-preview:large, max-video-preview:-1\" \/>\n<link rel=\"canonical\" href=\"https:\/\/www.mpppst.gob.ve\/mpppstweb\/index.php\/2024\/05\/22\/delegados-y-delegadas-de-proteccion\/\" \/>\n<meta property=\"og:locale\" content=\"es_ES\" \/>\n<meta property=\"og:type\" content=\"article\" \/>\n<meta property=\"og:title\" content=\"Juramentados nuevos Delegadas y Delegados Bolivarianos de Prevenci\u00f3n a nivel nacional - MPPPST\" \/>\n<meta property=\"og:description\" content=\"La clase obrera, particip\u00f3 en la ceremonia de Juramentaci\u00f3n de los Consejos Bolivarianos de Delegados y Delegadas de Prevenci\u00f3n\" \/>\n<meta property=\"og:url\" content=\"https:\/\/www.mpppst.gob.ve\/mpppstweb\/index.php\/2024\/05\/22\/delegados-y-delegadas-de-proteccion\/\" \/>\n<meta property=\"og:site_name\" content=\"MPPPST\" \/>\n<meta property=\"article:published_time\" content=\"2024-05-22T12:52:02+00:00\" \/>\n<meta property=\"article:modified_time\" content=\"2024-05-22T13:23:25+00:00\" \/>\n<meta property=\"og:image\" content=\"https:\/\/www.mpppst.gob.ve\/mpppstweb\/wp-content\/uploads\/2024\/05\/WhatsApp-Image-2024-05-20-at-4.55.39-PM.jpeg\" \/>\n\t<meta property=\"og:image:width\" content=\"2560\" \/>\n\t<meta property=\"og:image:height\" content=\"1705\" \/>\n\t<meta property=\"og:image:type\" content=\"image\/jpeg\" \/>\n<meta name=\"author\" content=\"MPPPST Prensa\" \/>\n<meta name=\"twitter:card\" content=\"summary_large_image\" \/>\n<meta name=\"twitter:label1\" content=\"Escrito por\" \/>\n\t<meta name=\"twitter:data1\" content=\"MPPPST Prensa\" \/>\n\t<meta name=\"twitter:label2\" content=\"Tiempo de lectura\" \/>\n\t<meta name=\"twitter:data2\" content=\"2 minutos\" \/>\n<script type=\"application\/ld+json\" class=\"yoast-schema-graph\">{\"@context\":\"https:\/\/schema.org\",\"@graph\":[{\"@type\":\"Article\",\"@id\":\"https:\/\/www.mpppst.gob.ve\/mpppstweb\/index.php\/2024\/05\/22\/delegados-y-delegadas-de-proteccion\/#article\",\"isPartOf\":{\"@id\":\"https:\/\/www.mpppst.gob.ve\/mpppstweb\/index.php\/2024\/05\/22\/delegados-y-delegadas-de-proteccion\/\"},\"author\":{\"name\":\"MPPPST Prensa\",\"@id\":\"https:\/\/www.mpppst.gob.ve\/mpppstweb\/#\/schema\/person\/fc187ee8ead412bd4c9304b62f900ea4\"},\"headline\":\"Juramentados nuevos Delegadas y Delegados Bolivarianos de Prevenci\u00f3n a nivel nacional\",\"datePublished\":\"2024-05-22T12:52:02+00:00\",\"dateModified\":\"2024-05-22T13:23:25+00:00\",\"mainEntityOfPage\":{\"@id\":\"https:\/\/www.mpppst.gob.ve\/mpppstweb\/index.php\/2024\/05\/22\/delegados-y-delegadas-de-proteccion\/\"},\"wordCount\":424,\"publisher\":{\"@id\":\"https:\/\/www.mpppst.gob.ve\/mpppstweb\/#organization\"},\"image\":{\"@id\":\"https:\/\/www.mpppst.gob.ve\/mpppstweb\/index.php\/2024\/05\/22\/delegados-y-delegadas-de-proteccion\/#primaryimage\"},\"thumbnailUrl\":\"https:\/\/www.mpppst.gob.ve\/mpppstweb\/wp-content\/uploads\/2024\/05\/WhatsApp-Image-2024-05-20-at-4.55.39-PM.jpeg\",\"keywords\":[\"Alexis Corredor P\u00e9rez\",\"Consejos Bolivarianos de Prevenci\u00f3n\",\"Defensa Integral\",\"Fuerza Laboral\",\"Gobierno Bolivariano\",\"INCRET\",\"Inpsasel\",\"Ministro Alexis Corredor\",\"Ministro Alexis Corredor P\u00e9rez\",\"MPPPST\",\"Participaci\u00f3n popular y protag\u00f3nica\",\"Proceso Social\",\"Rusbel Rond\u00f3n\",\"Soto Rojas\",\"Trabajadores\",\"Venezuela\"],\"articleSection\":[\"Defensa Integral\",\"Gobierno Nacional\",\"Noticias\",\"Vida Laboral y Sindical\"],\"inLanguage\":\"es\"},{\"@type\":\"WebPage\",\"@id\":\"https:\/\/www.mpppst.gob.ve\/mpppstweb\/index.php\/2024\/05\/22\/delegados-y-delegadas-de-proteccion\/\",\"url\":\"https:\/\/www.mpppst.gob.ve\/mpppstweb\/index.php\/2024\/05\/22\/delegados-y-delegadas-de-proteccion\/\",\"name\":\"Juramentados nuevos Delegadas y Delegados Bolivarianos de Prevenci\u00f3n a nivel nacional - MPPPST\",\"isPartOf\":{\"@id\":\"https:\/\/www.mpppst.gob.ve\/mpppstweb\/#website\"},\"primaryImageOfPage\":{\"@id\":\"https:\/\/www.mpppst.gob.ve\/mpppstweb\/index.php\/2024\/05\/22\/delegados-y-delegadas-de-proteccion\/#primaryimage\"},\"image\":{\"@id\":\"https:\/\/www.mpppst.gob.ve\/mpppstweb\/index.php\/2024\/05\/22\/delegados-y-delegadas-de-proteccion\/#primaryimage\"},\"thumbnailUrl\":\"https:\/\/www.mpppst.gob.ve\/mpppstweb\/wp-content\/uploads\/2024\/05\/WhatsApp-Image-2024-05-20-at-4.55.39-PM.jpeg\",\"datePublished\":\"2024-05-22T12:52:02+00:00\",\"dateModified\":\"2024-05-22T13:23:25+00:00\",\"description\":\"La clase obrera, particip\u00f3 en la ceremonia de Juramentaci\u00f3n de los Consejos Bolivarianos de Delegados y Delegadas de Prevenci\u00f3n\",\"breadcrumb\":{\"@id\":\"https:\/\/www.mpppst.gob.ve\/mpppstweb\/index.php\/2024\/05\/22\/delegados-y-delegadas-de-proteccion\/#breadcrumb\"},\"inLanguage\":\"es\",\"potentialAction\":[{\"@type\":\"ReadAction\",\"target\":[\"https:\/\/www.mpppst.gob.ve\/mpppstweb\/index.php\/2024\/05\/22\/delegados-y-delegadas-de-proteccion\/\"]}]},{\"@type\":\"ImageObject\",\"inLanguage\":\"es\",\"@id\":\"https:\/\/www.mpppst.gob.ve\/mpppstweb\/index.php\/2024\/05\/22\/delegados-y-delegadas-de-proteccion\/#primaryimage\",\"url\":\"https:\/\/www.mpppst.gob.ve\/mpppstweb\/wp-content\/uploads\/2024\/05\/WhatsApp-Image-2024-05-20-at-4.55.39-PM.jpeg\",\"contentUrl\":\"https:\/\/www.mpppst.gob.ve\/mpppstweb\/wp-content\/uploads\/2024\/05\/WhatsApp-Image-2024-05-20-at-4.55.39-PM.jpeg\",\"width\":2560,\"height\":1705,\"caption\":\"Soto Rojas en la juramentacion\"},{\"@type\":\"BreadcrumbList\",\"@id\":\"https:\/\/www.mpppst.gob.ve\/mpppstweb\/index.php\/2024\/05\/22\/delegados-y-delegadas-de-proteccion\/#breadcrumb\",\"itemListElement\":[{\"@type\":\"ListItem\",\"position\":1,\"name\":\"Home\",\"item\":\"https:\/\/www.mpppst.gob.ve\/mpppstweb\/\"},{\"@type\":\"ListItem\",\"position\":2,\"name\":\"Juramentados nuevos Delegadas y Delegados Bolivarianos de Prevenci\u00f3n a nivel nacional\"}]},{\"@type\":\"WebSite\",\"@id\":\"https:\/\/www.mpppst.gob.ve\/mpppstweb\/#website\",\"url\":\"https:\/\/www.mpppst.gob.ve\/mpppstweb\/\",\"name\":\"MPPPST\",\"description\":\"Ministerio del Poder Popular para el Proceso Social de Trabajo\",\"publisher\":{\"@id\":\"https:\/\/www.mpppst.gob.ve\/mpppstweb\/#organization\"},\"potentialAction\":[{\"@type\":\"SearchAction\",\"target\":{\"@type\":\"EntryPoint\",\"urlTemplate\":\"https:\/\/www.mpppst.gob.ve\/mpppstweb\/?s={search_term_string}\"},\"query-input\":\"required name=search_term_string\"}],\"inLanguage\":\"es\"},{\"@type\":\"Organization\",\"@id\":\"https:\/\/www.mpppst.gob.ve\/mpppstweb\/#organization\",\"name\":\"mpppst\",\"url\":\"https:\/\/www.mpppst.gob.ve\/mpppstweb\/\",\"logo\":{\"@type\":\"ImageObject\",\"inLanguage\":\"es\",\"@id\":\"https:\/\/www.mpppst.gob.ve\/mpppstweb\/#\/schema\/logo\/image\/\",\"url\":\"https:\/\/www.mpppst.gob.ve\/mpppstweb\/wp-content\/uploads\/2025\/07\/cropped-cropped-g910.png\",\"contentUrl\":\"https:\/\/www.mpppst.gob.ve\/mpppstweb\/wp-content\/uploads\/2025\/07\/cropped-cropped-g910.png\",\"width\":1080,\"height\":241,\"caption\":\"mpppst\"},\"image\":{\"@id\":\"https:\/\/www.mpppst.gob.ve\/mpppstweb\/#\/schema\/logo\/image\/\"}},{\"@type\":\"Person\",\"@id\":\"https:\/\/www.mpppst.gob.ve\/mpppstweb\/#\/schema\/person\/fc187ee8ead412bd4c9304b62f900ea4\",\"name\":\"MPPPST Prensa\",\"url\":\"https:\/\/www.mpppst.gob.ve\/mpppstweb\/index.php\/author\/prensa-mpppst\/\"}]}<\/script>\n<!-- \/ Yoast SEO plugin. -->","yoast_head_json":{"title":"Juramentados nuevos Delegadas y Delegados Bolivarianos de Prevenci\u00f3n a nivel nacional - MPPPST","description":"La clase obrera, particip\u00f3 en la ceremonia de Juramentaci\u00f3n de los Consejos Bolivarianos de Delegados y Delegadas de Prevenci\u00f3n","robots":{"index":"index","follow":"follow","max-snippet":"max-snippet:-1","max-image-preview":"max-image-preview:large","max-video-preview":"max-video-preview:-1"},"canonical":"https:\/\/www.mpppst.gob.ve\/mpppstweb\/index.php\/2024\/05\/22\/delegados-y-delegadas-de-proteccion\/","og_locale":"es_ES","og_type":"article","og_title":"Juramentados nuevos Delegadas y Delegados Bolivarianos de Prevenci\u00f3n a nivel nacional - MPPPST","og_description":"La clase obrera, particip\u00f3 en la ceremonia de Juramentaci\u00f3n de los Consejos Bolivarianos de Delegados y Delegadas de Prevenci\u00f3n","og_url":"https:\/\/www.mpppst.gob.ve\/mpppstweb\/index.php\/2024\/05\/22\/delegados-y-delegadas-de-proteccion\/","og_site_name":"MPPPST","article_published_time":"2024-05-22T12:52:02+00:00","article_modified_time":"2024-05-22T13:23:25+00:00","og_image":[{"width":2560,"height":1705,"url":"https:\/\/www.mpppst.gob.ve\/mpppstweb\/wp-content\/uploads\/2024\/05\/WhatsApp-Image-2024-05-20-at-4.55.39-PM.jpeg","type":"image\/jpeg"}],"author":"MPPPST Prensa","twitter_card":"summary_large_image","twitter_misc":{"Escrito por":"MPPPST Prensa","Tiempo de lectura":"2 minutos"},"schema":{"@context":"https:\/\/schema.org","@graph":[{"@type":"Article","@id":"https:\/\/www.mpppst.gob.ve\/mpppstweb\/index.php\/2024\/05\/22\/delegados-y-delegadas-de-proteccion\/#article","isPartOf":{"@id":"https:\/\/www.mpppst.gob.ve\/mpppstweb\/index.php\/2024\/05\/22\/delegados-y-delegadas-de-proteccion\/"},"author":{"name":"MPPPST Prensa","@id":"https:\/\/www.mpppst.gob.ve\/mpppstweb\/#\/schema\/person\/fc187ee8ead412bd4c9304b62f900ea4"},"headline":"Juramentados nuevos Delegadas y Delegados Bolivarianos de Prevenci\u00f3n a nivel nacional","datePublished":"2024-05-22T12:52:02+00:00","dateModified":"2024-05-22T13:23:25+00:00","mainEntityOfPage":{"@id":"https:\/\/www.mpppst.gob.ve\/mpppstweb\/index.php\/2024\/05\/22\/delegados-y-delegadas-de-proteccion\/"},"wordCount":424,"publisher":{"@id":"https:\/\/www.mpppst.gob.ve\/mpppstweb\/#organization"},"image":{"@id":"https:\/\/www.mpppst.gob.ve\/mpppstweb\/index.php\/2024\/05\/22\/delegados-y-delegadas-de-proteccion\/#primaryimage"},"thumbnailUrl":"https:\/\/www.mpppst.gob.ve\/mpppstweb\/wp-content\/uploads\/2024\/05\/WhatsApp-Image-2024-05-20-at-4.55.39-PM.jpeg","keywords":["Alexis Corredor P\u00e9rez","Consejos Bolivarianos de Prevenci\u00f3n","Defensa Integral","Fuerza Laboral","Gobierno Bolivariano","INCRET","Inpsasel","Ministro Alexis Corredor","Ministro Alexis Corredor P\u00e9rez","MPPPST","Participaci\u00f3n popular y protag\u00f3nica","Proceso Social","Rusbel Rond\u00f3n","Soto Rojas","Trabajadores","Venezuela"],"articleSection":["Defensa Integral","Gobierno Nacional","Noticias","Vida Laboral y Sindical"],"inLanguage":"es"},{"@type":"WebPage","@id":"https:\/\/www.mpppst.gob.ve\/mpppstweb\/index.php\/2024\/05\/22\/delegados-y-delegadas-de-proteccion\/","url":"https:\/\/www.mpppst.gob.ve\/mpppstweb\/index.php\/2024\/05\/22\/delegados-y-delegadas-de-proteccion\/","name":"Juramentados nuevos Delegadas y Delegados Bolivarianos de Prevenci\u00f3n a nivel nacional - MPPPST","isPartOf":{"@id":"https:\/\/www.mpppst.gob.ve\/mpppstweb\/#website"},"primaryImageOfPage":{"@id":"https:\/\/www.mpppst.gob.ve\/mpppstweb\/index.php\/2024\/05\/22\/delegados-y-delegadas-de-proteccion\/#primaryimage"},"image":{"@id":"https:\/\/www.mpppst.gob.ve\/mpppstweb\/index.php\/2024\/05\/22\/delegados-y-delegadas-de-proteccion\/#primaryimage"},"thumbnailUrl":"https:\/\/www.mpppst.gob.ve\/mpppstweb\/wp-content\/uploads\/2024\/05\/WhatsApp-Image-2024-05-20-at-4.55.39-PM.jpeg","datePublished":"2024-05-22T12:52:02+00:00","dateModified":"2024-05-22T13:23:25+00:00","description":"La clase obrera, particip\u00f3 en la ceremonia de Juramentaci\u00f3n de los Consejos Bolivarianos de Delegados y Delegadas de Prevenci\u00f3n","breadcrumb":{"@id":"https:\/\/www.mpppst.gob.ve\/mpppstweb\/index.php\/2024\/05\/22\/delegados-y-delegadas-de-proteccion\/#breadcrumb"},"inLanguage":"es","potentialAction":[{"@type":"ReadAction","target":["https:\/\/www.mpppst.gob.ve\/mpppstweb\/index.php\/2024\/05\/22\/delegados-y-delegadas-de-proteccion\/"]}]},{"@type":"ImageObject","inLanguage":"es","@id":"https:\/\/www.mpppst.gob.ve\/mpppstweb\/index.php\/2024\/05\/22\/delegados-y-delegadas-de-proteccion\/#primaryimage","url":"https:\/\/www.mpppst.gob.ve\/mpppstweb\/wp-content\/uploads\/2024\/05\/WhatsApp-Image-2024-05-20-at-4.55.39-PM.jpeg","contentUrl":"https:\/\/www.mpppst.gob.ve\/mpppstweb\/wp-content\/uploads\/2024\/05\/WhatsApp-Image-2024-05-20-at-4.55.39-PM.jpeg","width":2560,"height":1705,"caption":"Soto Rojas en la juramentacion"},{"@type":"BreadcrumbList","@id":"https:\/\/www.mpppst.gob.ve\/mpppstweb\/index.php\/2024\/05\/22\/delegados-y-delegadas-de-proteccion\/#breadcrumb","itemListElement":[{"@type":"ListItem","position":1,"name":"Home","item":"https:\/\/www.mpppst.gob.ve\/mpppstweb\/"},{"@type":"ListItem","position":2,"name":"Juramentados nuevos Delegadas y Delegados Bolivarianos de Prevenci\u00f3n a nivel nacional"}]},{"@type":"WebSite","@id":"https:\/\/www.mpppst.gob.ve\/mpppstweb\/#website","url":"https:\/\/www.mpppst.gob.ve\/mpppstweb\/","name":"MPPPST","description":"Ministerio del Poder Popular para el Proceso Social de Trabajo","publisher":{"@id":"https:\/\/www.mpppst.gob.ve\/mpppstweb\/#organization"},"potentialAction":[{"@type":"SearchAction","target":{"@type":"EntryPoint","urlTemplate":"https:\/\/www.mpppst.gob.ve\/mpppstweb\/?s={search_term_string}"},"query-input":"required name=search_term_string"}],"inLanguage":"es"},{"@type":"Organization","@id":"https:\/\/www.mpppst.gob.ve\/mpppstweb\/#organization","name":"mpppst","url":"https:\/\/www.mpppst.gob.ve\/mpppstweb\/","logo":{"@type":"ImageObject","inLanguage":"es","@id":"https:\/\/www.mpppst.gob.ve\/mpppstweb\/#\/schema\/logo\/image\/","url":"https:\/\/www.mpppst.gob.ve\/mpppstweb\/wp-content\/uploads\/2025\/07\/cropped-cropped-g910.png","contentUrl":"https:\/\/www.mpppst.gob.ve\/mpppstweb\/wp-content\/uploads\/2025\/07\/cropped-cropped-g910.png","width":1080,"height":241,"caption":"mpppst"},"image":{"@id":"https:\/\/www.mpppst.gob.ve\/mpppstweb\/#\/schema\/logo\/image\/"}},{"@type":"Person","@id":"https:\/\/www.mpppst.gob.ve\/mpppstweb\/#\/schema\/person\/fc187ee8ead412bd4c9304b62f900ea4","name":"MPPPST Prensa","url":"https:\/\/www.mpppst.gob.ve\/mpppstweb\/index.php\/author\/prensa-mpppst\/"}]}},"_links":{"self":[{"href":"https:\/\/www.mpppst.gob.ve\/mpppstweb\/index.php\/wp-json\/wp\/v2\/posts\/26176"}],"collection":[{"href":"https:\/\/www.mpppst.gob.ve\/mpppstweb\/index.php\/wp-json\/wp\/v2\/posts"}],"about":[{"href":"https:\/\/www.mpppst.gob.ve\/mpppstweb\/index.php\/wp-json\/wp\/v2\/types\/post"}],"author":[{"embeddable":true,"href":"https:\/\/www.mpppst.gob.ve\/mpppstweb\/index.php\/wp-json\/wp\/v2\/users\/25"}],"replies":[{"embeddable":true,"href":"https:\/\/www.mpppst.gob.ve\/mpppstweb\/index.php\/wp-json\/wp\/v2\/comments?post=26176"}],"version-history":[{"count":2,"href":"https:\/\/www.mpppst.gob.ve\/mpppstweb\/index.php\/wp-json\/wp\/v2\/posts\/26176\/revisions"}],"predecessor-version":[{"id":26179,"href":"https:\/\/www.mpppst.gob.ve\/mpppstweb\/index.php\/wp-json\/wp\/v2\/posts\/26176\/revisions\/26179"}],"wp:featuredmedia":[{"embeddable":true,"href":"https:\/\/www.mpppst.gob.ve\/mpppstweb\/index.php\/wp-json\/wp\/v2\/media\/26177"}],"wp:attachment":[{"href":"https:\/\/www.mpppst.gob.ve\/mpppstweb\/index.php\/wp-json\/wp\/v2\/media?parent=26176"}],"wp:term":[{"taxonomy":"category","embeddable":true,"href":"https:\/\/www.mpppst.gob.ve\/mpppstweb\/index.php\/wp-json\/wp\/v2\/categories?post=26176"},{"taxonomy":"post_tag","embeddable":true,"href":"https:\/\/www.mpppst.gob.ve\/mpppstweb\/index.php\/wp-json\/wp\/v2\/tags?post=26176"}],"curies":[{"name":"wp","href":"https:\/\/api.w.org\/{rel}","templated":true}]}}