{"id":26182,"date":"2024-05-24T09:34:11","date_gmt":"2024-05-24T13:34:11","guid":{"rendered":"http:\/\/www.mpppst.gob.ve\/mpppstweb\/?p=26182"},"modified":"2024-05-24T09:34:12","modified_gmt":"2024-05-24T13:34:12","slug":"warairarepano","status":"publish","type":"post","link":"https:\/\/www.mpppst.gob.ve\/mpppstweb\/index.php\/2024\/05\/24\/warairarepano\/","title":{"rendered":"Mujeres trabajadoras celebran el mayo obrero con actividades recreativas en el Warairarepano"},"content":{"rendered":"\n<p><strong>MPPPST, Caracas.-<\/strong> En el marco del mes de la clase obrera, el <strong>Ministerio del Poder Popular para el Proceso Social de Trabajo <\/strong>(<strong>MPPPST<\/strong>), realiz\u00f3 una jornada recreativa en el <strong>Parque Nacional Warairarepano<\/strong> para las mujeres trabajadoras del <strong>MPPPST<\/strong>.<\/p>\n\n\n\n<p>La jornada inici\u00f3 con una animada sesi\u00f3n de bailoterapia, que permiti\u00f3 a las trabajadoras liberar tensiones y mantenerse activas.<\/p>\n\n\n\n<p>El evento, reconoci\u00f3 el arduo trabajo y la dedicaci\u00f3n de las mujeres que d\u00eda a d\u00eda contribuyen al cumplimiento de las funciones del Ministerio. <\/p>\n\n\n\n<p>Las trabajadoras, expresaron su agradecimiento por la iniciativa, tambi\u00e9n destacaron la importancia de este tipo de actividades para fortalecer el esp\u00edritu de equipo, la fomentaci\u00f3n del bienestar laboral y la recreaci\u00f3n exigida en la <strong>Ley Org\u00e1nica del Trabajo, las Trabajadoras y los Trabajadores<\/strong> (<strong>Lottt<\/strong>).<\/p>\n\n\n<div class=\"wp-block-image\">\n<figure class=\"aligncenter size-large\"><a href=\"http:\/\/www.mpppst.gob.ve\/mpppstweb\/wp-content\/uploads\/2024\/05\/photo_5078185055674806641_y.jpg\"><img decoding=\"async\" loading=\"lazy\" width=\"1024\" height=\"768\" src=\"http:\/\/www.mpppst.gob.ve\/mpppstweb\/wp-content\/uploads\/2024\/05\/photo_5078185055674806641_y-1024x768.jpg\" alt=\"\" class=\"wp-image-26184\" srcset=\"https:\/\/www.mpppst.gob.ve\/mpppstweb\/wp-content\/uploads\/2024\/05\/photo_5078185055674806641_y-1024x768.jpg 1024w, https:\/\/www.mpppst.gob.ve\/mpppstweb\/wp-content\/uploads\/2024\/05\/photo_5078185055674806641_y-300x225.jpg 300w, https:\/\/www.mpppst.gob.ve\/mpppstweb\/wp-content\/uploads\/2024\/05\/photo_5078185055674806641_y-768x576.jpg 768w, https:\/\/www.mpppst.gob.ve\/mpppstweb\/wp-content\/uploads\/2024\/05\/photo_5078185055674806641_y.jpg 1280w\" sizes=\"(max-width: 1024px) 100vw, 1024px\" \/><\/a><figcaption class=\"wp-element-caption\">Foto por Peniel Ram\u00edrez<\/figcaption><\/figure><\/div>\n\n\n<p><em>\u201cLe doy las gracias al Presidente de la Rep\u00fablica, Nicol\u00e1s Maduro Moros, y a su vez el ministro, Alexis Corredor P\u00e9rez, por esta actividad del mayo obrero para las trabajadoras del MPPPST\u201d<\/em>, expres\u00f3 <strong>Mailin Fern\u00e1ndez<\/strong>, trabajadora del <strong>MPPPST<\/strong>.<\/p>\n\n\n\n<p>Durante el acto, la clase obrera destac\u00f3 que este evento fue realizado bajo los lineamientos del <strong>Presidente<\/strong> <strong>Obrero<\/strong>, <strong>Nicol\u00e1s<\/strong> <strong>Maduros<\/strong>, y del <strong>ministro<\/strong>,<strong> Alexis Corredor P\u00e9rez<\/strong>, como parte del calendario <strong>Mayo Obrero 2024<\/strong>.<\/p>\n\n\n\n<p><strong>Prensa MPPPST\/Dayana V\u00e1squez.<\/strong><\/p>\n","protected":false},"excerpt":{"rendered":"<p>En el marco del mes de la clase obrera, el Ministerio del Poder Popular para el Proceso Social de Trabajo (MPPPST), realiz\u00f3 una jornada recreativa en el Parque Nacional Warairarepano para las mujeres trabajadoras del MPPPST.<\/p>\n","protected":false},"author":25,"featured_media":26183,"comment_status":"closed","ping_status":"closed","sticky":false,"template":"","format":"standard","meta":{"footnotes":""},"categories":[82,163,84],"tags":[222,223,240,227,345,335],"yoast_head":"<!-- This site is optimized with the Yoast SEO plugin v22.5 - https:\/\/yoast.com\/wordpress\/plugins\/seo\/ -->\n<title>Mujeres trabajadoras celebran el mayo obrero con actividades recreativas en el Warairarepano - MPPPST<\/title>\n<meta name=\"description\" content=\"El MPPPST, realiz\u00f3 una jornada recreativa en el Parque Nacional Warairarepano para las mujeres trabajadoras del MPPPST.\" \/>\n<meta name=\"robots\" content=\"index, follow, max-snippet:-1, max-image-preview:large, max-video-preview:-1\" \/>\n<link rel=\"canonical\" href=\"https:\/\/www.mpppst.gob.ve\/mpppstweb\/index.php\/2024\/05\/24\/warairarepano\/\" \/>\n<meta property=\"og:locale\" content=\"es_ES\" \/>\n<meta property=\"og:type\" content=\"article\" \/>\n<meta property=\"og:title\" content=\"Mujeres trabajadoras celebran el mayo obrero con actividades recreativas en el Warairarepano - MPPPST\" \/>\n<meta property=\"og:description\" content=\"El MPPPST, realiz\u00f3 una jornada recreativa en el Parque Nacional Warairarepano para las mujeres trabajadoras del MPPPST.\" \/>\n<meta property=\"og:url\" content=\"https:\/\/www.mpppst.gob.ve\/mpppstweb\/index.php\/2024\/05\/24\/warairarepano\/\" \/>\n<meta property=\"og:site_name\" content=\"MPPPST\" \/>\n<meta property=\"article:published_time\" content=\"2024-05-24T13:34:11+00:00\" \/>\n<meta property=\"article:modified_time\" content=\"2024-05-24T13:34:12+00:00\" \/>\n<meta property=\"og:image\" content=\"https:\/\/www.mpppst.gob.ve\/mpppstweb\/wp-content\/uploads\/2024\/05\/photo_5078185055674806632_y.jpg\" \/>\n\t<meta property=\"og:image:width\" content=\"1280\" \/>\n\t<meta property=\"og:image:height\" content=\"960\" \/>\n\t<meta property=\"og:image:type\" content=\"image\/jpeg\" \/>\n<meta name=\"author\" content=\"MPPPST Prensa\" \/>\n<meta name=\"twitter:card\" content=\"summary_large_image\" \/>\n<meta name=\"twitter:label1\" content=\"Escrito por\" \/>\n\t<meta name=\"twitter:data1\" content=\"MPPPST Prensa\" \/>\n\t<meta name=\"twitter:label2\" content=\"Tiempo de lectura\" \/>\n\t<meta name=\"twitter:data2\" content=\"2 minutos\" \/>\n<script type=\"application\/ld+json\" class=\"yoast-schema-graph\">{\"@context\":\"https:\/\/schema.org\",\"@graph\":[{\"@type\":\"Article\",\"@id\":\"https:\/\/www.mpppst.gob.ve\/mpppstweb\/index.php\/2024\/05\/24\/warairarepano\/#article\",\"isPartOf\":{\"@id\":\"https:\/\/www.mpppst.gob.ve\/mpppstweb\/index.php\/2024\/05\/24\/warairarepano\/\"},\"author\":{\"name\":\"MPPPST Prensa\",\"@id\":\"https:\/\/www.mpppst.gob.ve\/mpppstweb\/#\/schema\/person\/fc187ee8ead412bd4c9304b62f900ea4\"},\"headline\":\"Mujeres trabajadoras celebran el mayo obrero con actividades recreativas en el Warairarepano\",\"datePublished\":\"2024-05-24T13:34:11+00:00\",\"dateModified\":\"2024-05-24T13:34:12+00:00\",\"mainEntityOfPage\":{\"@id\":\"https:\/\/www.mpppst.gob.ve\/mpppstweb\/index.php\/2024\/05\/24\/warairarepano\/\"},\"wordCount\":233,\"publisher\":{\"@id\":\"https:\/\/www.mpppst.gob.ve\/mpppstweb\/#organization\"},\"image\":{\"@id\":\"https:\/\/www.mpppst.gob.ve\/mpppstweb\/index.php\/2024\/05\/24\/warairarepano\/#primaryimage\"},\"thumbnailUrl\":\"https:\/\/www.mpppst.gob.ve\/mpppstweb\/wp-content\/uploads\/2024\/05\/photo_5078185055674806632_y.jpg\",\"keywords\":[\"Gobierno Bolivariano\",\"MPPPST\",\"Participaci\u00f3n popular y protag\u00f3nica\",\"Proceso Social\",\"Trabajadores\",\"Venezuela\"],\"articleSection\":[\"Gobierno Nacional\",\"Noticias\",\"Vida Laboral y Sindical\"],\"inLanguage\":\"es\"},{\"@type\":\"WebPage\",\"@id\":\"https:\/\/www.mpppst.gob.ve\/mpppstweb\/index.php\/2024\/05\/24\/warairarepano\/\",\"url\":\"https:\/\/www.mpppst.gob.ve\/mpppstweb\/index.php\/2024\/05\/24\/warairarepano\/\",\"name\":\"Mujeres trabajadoras celebran el mayo obrero con actividades recreativas en el Warairarepano - MPPPST\",\"isPartOf\":{\"@id\":\"https:\/\/www.mpppst.gob.ve\/mpppstweb\/#website\"},\"primaryImageOfPage\":{\"@id\":\"https:\/\/www.mpppst.gob.ve\/mpppstweb\/index.php\/2024\/05\/24\/warairarepano\/#primaryimage\"},\"image\":{\"@id\":\"https:\/\/www.mpppst.gob.ve\/mpppstweb\/index.php\/2024\/05\/24\/warairarepano\/#primaryimage\"},\"thumbnailUrl\":\"https:\/\/www.mpppst.gob.ve\/mpppstweb\/wp-content\/uploads\/2024\/05\/photo_5078185055674806632_y.jpg\",\"datePublished\":\"2024-05-24T13:34:11+00:00\",\"dateModified\":\"2024-05-24T13:34:12+00:00\",\"description\":\"El MPPPST, realiz\u00f3 una jornada recreativa en el Parque Nacional Warairarepano para las mujeres trabajadoras del MPPPST.\",\"breadcrumb\":{\"@id\":\"https:\/\/www.mpppst.gob.ve\/mpppstweb\/index.php\/2024\/05\/24\/warairarepano\/#breadcrumb\"},\"inLanguage\":\"es\",\"potentialAction\":[{\"@type\":\"ReadAction\",\"target\":[\"https:\/\/www.mpppst.gob.ve\/mpppstweb\/index.php\/2024\/05\/24\/warairarepano\/\"]}]},{\"@type\":\"ImageObject\",\"inLanguage\":\"es\",\"@id\":\"https:\/\/www.mpppst.gob.ve\/mpppstweb\/index.php\/2024\/05\/24\/warairarepano\/#primaryimage\",\"url\":\"https:\/\/www.mpppst.gob.ve\/mpppstweb\/wp-content\/uploads\/2024\/05\/photo_5078185055674806632_y.jpg\",\"contentUrl\":\"https:\/\/www.mpppst.gob.ve\/mpppstweb\/wp-content\/uploads\/2024\/05\/photo_5078185055674806632_y.jpg\",\"width\":1280,\"height\":960,\"caption\":\"En el marco del mes de la clase obrera, el Ministerio del Poder Popular para el Proceso Social de Trabajo (MPPPST), realiz\u00f3 una jornada recreativa en el Parque Nacional Warairarepano para las mujeres trabajadoras del MPPPST\"},{\"@type\":\"BreadcrumbList\",\"@id\":\"https:\/\/www.mpppst.gob.ve\/mpppstweb\/index.php\/2024\/05\/24\/warairarepano\/#breadcrumb\",\"itemListElement\":[{\"@type\":\"ListItem\",\"position\":1,\"name\":\"Home\",\"item\":\"https:\/\/www.mpppst.gob.ve\/mpppstweb\/\"},{\"@type\":\"ListItem\",\"position\":2,\"name\":\"Mujeres trabajadoras celebran el mayo obrero con actividades recreativas en el Warairarepano\"}]},{\"@type\":\"WebSite\",\"@id\":\"https:\/\/www.mpppst.gob.ve\/mpppstweb\/#website\",\"url\":\"https:\/\/www.mpppst.gob.ve\/mpppstweb\/\",\"name\":\"MPPPST\",\"description\":\"Ministerio del Poder Popular para el Proceso Social de Trabajo\",\"publisher\":{\"@id\":\"https:\/\/www.mpppst.gob.ve\/mpppstweb\/#organization\"},\"potentialAction\":[{\"@type\":\"SearchAction\",\"target\":{\"@type\":\"EntryPoint\",\"urlTemplate\":\"https:\/\/www.mpppst.gob.ve\/mpppstweb\/?s={search_term_string}\"},\"query-input\":\"required name=search_term_string\"}],\"inLanguage\":\"es\"},{\"@type\":\"Organization\",\"@id\":\"https:\/\/www.mpppst.gob.ve\/mpppstweb\/#organization\",\"name\":\"mpppst\",\"url\":\"https:\/\/www.mpppst.gob.ve\/mpppstweb\/\",\"logo\":{\"@type\":\"ImageObject\",\"inLanguage\":\"es\",\"@id\":\"https:\/\/www.mpppst.gob.ve\/mpppstweb\/#\/schema\/logo\/image\/\",\"url\":\"https:\/\/www.mpppst.gob.ve\/mpppstweb\/wp-content\/uploads\/2025\/07\/cropped-cropped-g910.png\",\"contentUrl\":\"https:\/\/www.mpppst.gob.ve\/mpppstweb\/wp-content\/uploads\/2025\/07\/cropped-cropped-g910.png\",\"width\":1080,\"height\":241,\"caption\":\"mpppst\"},\"image\":{\"@id\":\"https:\/\/www.mpppst.gob.ve\/mpppstweb\/#\/schema\/logo\/image\/\"}},{\"@type\":\"Person\",\"@id\":\"https:\/\/www.mpppst.gob.ve\/mpppstweb\/#\/schema\/person\/fc187ee8ead412bd4c9304b62f900ea4\",\"name\":\"MPPPST Prensa\",\"url\":\"https:\/\/www.mpppst.gob.ve\/mpppstweb\/index.php\/author\/prensa-mpppst\/\"}]}<\/script>\n<!-- \/ Yoast SEO plugin. -->","yoast_head_json":{"title":"Mujeres trabajadoras celebran el mayo obrero con actividades recreativas en el Warairarepano - MPPPST","description":"El MPPPST, realiz\u00f3 una jornada recreativa en el Parque Nacional Warairarepano para las mujeres trabajadoras del MPPPST.","robots":{"index":"index","follow":"follow","max-snippet":"max-snippet:-1","max-image-preview":"max-image-preview:large","max-video-preview":"max-video-preview:-1"},"canonical":"https:\/\/www.mpppst.gob.ve\/mpppstweb\/index.php\/2024\/05\/24\/warairarepano\/","og_locale":"es_ES","og_type":"article","og_title":"Mujeres trabajadoras celebran el mayo obrero con actividades recreativas en el Warairarepano - MPPPST","og_description":"El MPPPST, realiz\u00f3 una jornada recreativa en el Parque Nacional Warairarepano para las mujeres trabajadoras del MPPPST.","og_url":"https:\/\/www.mpppst.gob.ve\/mpppstweb\/index.php\/2024\/05\/24\/warairarepano\/","og_site_name":"MPPPST","article_published_time":"2024-05-24T13:34:11+00:00","article_modified_time":"2024-05-24T13:34:12+00:00","og_image":[{"width":1280,"height":960,"url":"https:\/\/www.mpppst.gob.ve\/mpppstweb\/wp-content\/uploads\/2024\/05\/photo_5078185055674806632_y.jpg","type":"image\/jpeg"}],"author":"MPPPST Prensa","twitter_card":"summary_large_image","twitter_misc":{"Escrito por":"MPPPST Prensa","Tiempo de lectura":"2 minutos"},"schema":{"@context":"https:\/\/schema.org","@graph":[{"@type":"Article","@id":"https:\/\/www.mpppst.gob.ve\/mpppstweb\/index.php\/2024\/05\/24\/warairarepano\/#article","isPartOf":{"@id":"https:\/\/www.mpppst.gob.ve\/mpppstweb\/index.php\/2024\/05\/24\/warairarepano\/"},"author":{"name":"MPPPST Prensa","@id":"https:\/\/www.mpppst.gob.ve\/mpppstweb\/#\/schema\/person\/fc187ee8ead412bd4c9304b62f900ea4"},"headline":"Mujeres trabajadoras celebran el mayo obrero con actividades recreativas en el Warairarepano","datePublished":"2024-05-24T13:34:11+00:00","dateModified":"2024-05-24T13:34:12+00:00","mainEntityOfPage":{"@id":"https:\/\/www.mpppst.gob.ve\/mpppstweb\/index.php\/2024\/05\/24\/warairarepano\/"},"wordCount":233,"publisher":{"@id":"https:\/\/www.mpppst.gob.ve\/mpppstweb\/#organization"},"image":{"@id":"https:\/\/www.mpppst.gob.ve\/mpppstweb\/index.php\/2024\/05\/24\/warairarepano\/#primaryimage"},"thumbnailUrl":"https:\/\/www.mpppst.gob.ve\/mpppstweb\/wp-content\/uploads\/2024\/05\/photo_5078185055674806632_y.jpg","keywords":["Gobierno Bolivariano","MPPPST","Participaci\u00f3n popular y protag\u00f3nica","Proceso Social","Trabajadores","Venezuela"],"articleSection":["Gobierno Nacional","Noticias","Vida Laboral y Sindical"],"inLanguage":"es"},{"@type":"WebPage","@id":"https:\/\/www.mpppst.gob.ve\/mpppstweb\/index.php\/2024\/05\/24\/warairarepano\/","url":"https:\/\/www.mpppst.gob.ve\/mpppstweb\/index.php\/2024\/05\/24\/warairarepano\/","name":"Mujeres trabajadoras celebran el mayo obrero con actividades recreativas en el Warairarepano - MPPPST","isPartOf":{"@id":"https:\/\/www.mpppst.gob.ve\/mpppstweb\/#website"},"primaryImageOfPage":{"@id":"https:\/\/www.mpppst.gob.ve\/mpppstweb\/index.php\/2024\/05\/24\/warairarepano\/#primaryimage"},"image":{"@id":"https:\/\/www.mpppst.gob.ve\/mpppstweb\/index.php\/2024\/05\/24\/warairarepano\/#primaryimage"},"thumbnailUrl":"https:\/\/www.mpppst.gob.ve\/mpppstweb\/wp-content\/uploads\/2024\/05\/photo_5078185055674806632_y.jpg","datePublished":"2024-05-24T13:34:11+00:00","dateModified":"2024-05-24T13:34:12+00:00","description":"El MPPPST, realiz\u00f3 una jornada recreativa en el Parque Nacional Warairarepano para las mujeres trabajadoras del MPPPST.","breadcrumb":{"@id":"https:\/\/www.mpppst.gob.ve\/mpppstweb\/index.php\/2024\/05\/24\/warairarepano\/#breadcrumb"},"inLanguage":"es","potentialAction":[{"@type":"ReadAction","target":["https:\/\/www.mpppst.gob.ve\/mpppstweb\/index.php\/2024\/05\/24\/warairarepano\/"]}]},{"@type":"ImageObject","inLanguage":"es","@id":"https:\/\/www.mpppst.gob.ve\/mpppstweb\/index.php\/2024\/05\/24\/warairarepano\/#primaryimage","url":"https:\/\/www.mpppst.gob.ve\/mpppstweb\/wp-content\/uploads\/2024\/05\/photo_5078185055674806632_y.jpg","contentUrl":"https:\/\/www.mpppst.gob.ve\/mpppstweb\/wp-content\/uploads\/2024\/05\/photo_5078185055674806632_y.jpg","width":1280,"height":960,"caption":"En el marco del mes de la clase obrera, el Ministerio del Poder Popular para el Proceso Social de Trabajo (MPPPST), realiz\u00f3 una jornada recreativa en el Parque Nacional Warairarepano para las mujeres trabajadoras del MPPPST"},{"@type":"BreadcrumbList","@id":"https:\/\/www.mpppst.gob.ve\/mpppstweb\/index.php\/2024\/05\/24\/warairarepano\/#breadcrumb","itemListElement":[{"@type":"ListItem","position":1,"name":"Home","item":"https:\/\/www.mpppst.gob.ve\/mpppstweb\/"},{"@type":"ListItem","position":2,"name":"Mujeres trabajadoras celebran el mayo obrero con actividades recreativas en el Warairarepano"}]},{"@type":"WebSite","@id":"https:\/\/www.mpppst.gob.ve\/mpppstweb\/#website","url":"https:\/\/www.mpppst.gob.ve\/mpppstweb\/","name":"MPPPST","description":"Ministerio del Poder Popular para el Proceso Social de Trabajo","publisher":{"@id":"https:\/\/www.mpppst.gob.ve\/mpppstweb\/#organization"},"potentialAction":[{"@type":"SearchAction","target":{"@type":"EntryPoint","urlTemplate":"https:\/\/www.mpppst.gob.ve\/mpppstweb\/?s={search_term_string}"},"query-input":"required name=search_term_string"}],"inLanguage":"es"},{"@type":"Organization","@id":"https:\/\/www.mpppst.gob.ve\/mpppstweb\/#organization","name":"mpppst","url":"https:\/\/www.mpppst.gob.ve\/mpppstweb\/","logo":{"@type":"ImageObject","inLanguage":"es","@id":"https:\/\/www.mpppst.gob.ve\/mpppstweb\/#\/schema\/logo\/image\/","url":"https:\/\/www.mpppst.gob.ve\/mpppstweb\/wp-content\/uploads\/2025\/07\/cropped-cropped-g910.png","contentUrl":"https:\/\/www.mpppst.gob.ve\/mpppstweb\/wp-content\/uploads\/2025\/07\/cropped-cropped-g910.png","width":1080,"height":241,"caption":"mpppst"},"image":{"@id":"https:\/\/www.mpppst.gob.ve\/mpppstweb\/#\/schema\/logo\/image\/"}},{"@type":"Person","@id":"https:\/\/www.mpppst.gob.ve\/mpppstweb\/#\/schema\/person\/fc187ee8ead412bd4c9304b62f900ea4","name":"MPPPST Prensa","url":"https:\/\/www.mpppst.gob.ve\/mpppstweb\/index.php\/author\/prensa-mpppst\/"}]}},"_links":{"self":[{"href":"https:\/\/www.mpppst.gob.ve\/mpppstweb\/index.php\/wp-json\/wp\/v2\/posts\/26182"}],"collection":[{"href":"https:\/\/www.mpppst.gob.ve\/mpppstweb\/index.php\/wp-json\/wp\/v2\/posts"}],"about":[{"href":"https:\/\/www.mpppst.gob.ve\/mpppstweb\/index.php\/wp-json\/wp\/v2\/types\/post"}],"author":[{"embeddable":true,"href":"https:\/\/www.mpppst.gob.ve\/mpppstweb\/index.php\/wp-json\/wp\/v2\/users\/25"}],"replies":[{"embeddable":true,"href":"https:\/\/www.mpppst.gob.ve\/mpppstweb\/index.php\/wp-json\/wp\/v2\/comments?post=26182"}],"version-history":[{"count":1,"href":"https:\/\/www.mpppst.gob.ve\/mpppstweb\/index.php\/wp-json\/wp\/v2\/posts\/26182\/revisions"}],"predecessor-version":[{"id":26185,"href":"https:\/\/www.mpppst.gob.ve\/mpppstweb\/index.php\/wp-json\/wp\/v2\/posts\/26182\/revisions\/26185"}],"wp:featuredmedia":[{"embeddable":true,"href":"https:\/\/www.mpppst.gob.ve\/mpppstweb\/index.php\/wp-json\/wp\/v2\/media\/26183"}],"wp:attachment":[{"href":"https:\/\/www.mpppst.gob.ve\/mpppstweb\/index.php\/wp-json\/wp\/v2\/media?parent=26182"}],"wp:term":[{"taxonomy":"category","embeddable":true,"href":"https:\/\/www.mpppst.gob.ve\/mpppstweb\/index.php\/wp-json\/wp\/v2\/categories?post=26182"},{"taxonomy":"post_tag","embeddable":true,"href":"https:\/\/www.mpppst.gob.ve\/mpppstweb\/index.php\/wp-json\/wp\/v2\/tags?post=26182"}],"curies":[{"name":"wp","href":"https:\/\/api.w.org\/{rel}","templated":true}]}}