{"id":26187,"date":"2024-05-24T15:00:36","date_gmt":"2024-05-24T19:00:36","guid":{"rendered":"http:\/\/www.mpppst.gob.ve\/mpppstweb\/?p=26187"},"modified":"2024-05-24T15:00:37","modified_gmt":"2024-05-24T19:00:37","slug":"conferencia-iberoamericana","status":"publish","type":"post","link":"https:\/\/www.mpppst.gob.ve\/mpppstweb\/index.php\/2024\/05\/24\/conferencia-iberoamericana\/","title":{"rendered":"Viceministro R\u00edos, participa en la 5\u00b0 Conferencia Iberoamericana de la ONU"},"content":{"rendered":"\n<p><strong>MPPPST, Caracas.-<\/strong> El <strong>viceministro <\/strong>de <strong>Previsi\u00f3n Social<\/strong>, <strong>Rafael R\u00edos<\/strong>, particip\u00f3 en la <strong>Quinta Conferencia Iberoamericana de Ministros de Trabajos<\/strong>.<\/p>\n\n\n\n<p>Expres\u00f3 que, la importancia de construir una <strong>Venezuela democr\u00e1tica<\/strong>, fundamentada principalmente en la partici\u00f3n protag\u00f3nica del pueblo venezolano, que a pesar de las <strong>930 Medidas Coercitivas Unilaterales<\/strong> (<strong>MCU<\/strong>) que implement\u00f3 el gobierno norteamericano, <strong>Venezuela <\/strong>ha seguido luchando y sobrellevando la guerra econ\u00f3mica, todo gracias al<strong> Presidente Obrero, Nicol\u00e1s Maduro<\/strong>.<\/p>\n\n\n\n<p><em>\u00abEst\u00e1s MCU incluye el secuestro de parte de nuestro Patrimonio Nacional, medidas que al menos el 84% del pueblo venezolano rechaza, por ser uno Delos principales obst\u00e1culos a la aplicaci\u00f3n del derecho al desarrollo de los pueblos\u00bb<\/em>, afirm\u00f3 <strong>Rafael R\u00edos<\/strong>.<\/p>\n\n\n\n<p>Enfatiz\u00f3, que tiendo en cuenta la crisis internacional, la<strong> Revoluci\u00f3n Bolivariana<\/strong>, sigue implementando sistemas de planes sectoriales e institucionales, adem\u00e1s de la articulaci\u00f3n <strong>Gobierno-Pueblo<\/strong>, que aborda solidariamente y sin discriminaci\u00f3n con el sistema de <strong>Misiones y Grandes Misiones<\/strong>.<\/p>\n\n\n\n<p>Los impactos de las <strong>MCU<\/strong>, han fortalecido la resiliencia del pueblo, permitiendo el avance de la inclusi\u00f3n y la protecci\u00f3n social, manteniendo una fuerza de trabajo del 91 al 92%.<\/p>\n\n\n\n<p>Actualmente <strong>Venezuela<\/strong>, est\u00e1 elaborando implantando nuevas estrategias para apoyar a la juventud, priorizados con el <strong>Plan de las 7 Grandes Transformaciones <\/strong>(<strong>7T<\/strong>), tambi\u00e9n el nacimiento de la <strong>Gran Misi\u00f3n Venezuela Joven<\/strong>, se ha podido desarrollar el v\u00e9rtice social y econ\u00f3mico en materia de producci\u00f3n, trabajo y emprendimiento.<\/p>\n\n\n\n<p>Es importante recordar, que el <strong>Gobierno Revolucionario<\/strong>, ha logrado apoyar a los trabajadores y trabajadoras, y actualmente refuerza el futuro laboral de la juventud, adem\u00e1s de multiplicar oportunidades.<\/p>\n\n\n\n<p>Prensa MPPPST\/Rosa Brito<\/p>\n","protected":false},"excerpt":{"rendered":"<p>El viceministro de Previsi\u00f3n Social, Rafael R\u00edos, particip\u00f3 en la Quinta Conferencia Iberoamericana de Ministros de Trabajos.<\/p>\n","protected":false},"author":25,"featured_media":26188,"comment_status":"closed","ping_status":"closed","sticky":false,"template":"","format":"standard","meta":{"footnotes":""},"categories":[82,218,187,166],"tags":[222,223,363,240,515,731,748],"yoast_head":"<!-- This site is optimized with the Yoast SEO plugin v22.5 - https:\/\/yoast.com\/wordpress\/plugins\/seo\/ -->\n<title>Viceministro R\u00edos, participa en la 5\u00b0 Conferencia Iberoamericana de la ONU - MPPPST<\/title>\n<meta name=\"description\" content=\"El viceministro de Previsi\u00f3n Social, Rafael R\u00edos, particip\u00f3 en la Quinta Conferencia Iberoamericana de Ministros de Trabajos.\" \/>\n<meta name=\"robots\" content=\"index, follow, max-snippet:-1, max-image-preview:large, max-video-preview:-1\" \/>\n<link rel=\"canonical\" href=\"https:\/\/www.mpppst.gob.ve\/mpppstweb\/index.php\/2024\/05\/24\/conferencia-iberoamericana\/\" \/>\n<meta property=\"og:locale\" content=\"es_ES\" \/>\n<meta property=\"og:type\" content=\"article\" \/>\n<meta property=\"og:title\" content=\"Viceministro R\u00edos, participa en la 5\u00b0 Conferencia Iberoamericana de la ONU - MPPPST\" \/>\n<meta property=\"og:description\" content=\"El viceministro de Previsi\u00f3n Social, Rafael R\u00edos, particip\u00f3 en la Quinta Conferencia Iberoamericana de Ministros de Trabajos.\" \/>\n<meta property=\"og:url\" content=\"https:\/\/www.mpppst.gob.ve\/mpppstweb\/index.php\/2024\/05\/24\/conferencia-iberoamericana\/\" \/>\n<meta property=\"og:site_name\" content=\"MPPPST\" \/>\n<meta property=\"article:published_time\" content=\"2024-05-24T19:00:36+00:00\" \/>\n<meta property=\"article:modified_time\" content=\"2024-05-24T19:00:37+00:00\" \/>\n<meta property=\"og:image\" content=\"https:\/\/www.mpppst.gob.ve\/mpppstweb\/wp-content\/uploads\/2024\/05\/photo_5082345195357449486_y.jpg\" \/>\n\t<meta property=\"og:image:width\" content=\"1080\" \/>\n\t<meta property=\"og:image:height\" content=\"589\" \/>\n\t<meta property=\"og:image:type\" content=\"image\/jpeg\" \/>\n<meta name=\"author\" content=\"MPPPST Prensa\" \/>\n<meta name=\"twitter:card\" content=\"summary_large_image\" \/>\n<meta name=\"twitter:label1\" content=\"Escrito por\" \/>\n\t<meta name=\"twitter:data1\" content=\"MPPPST Prensa\" \/>\n\t<meta name=\"twitter:label2\" content=\"Tiempo de lectura\" \/>\n\t<meta name=\"twitter:data2\" content=\"2 minutos\" \/>\n<script type=\"application\/ld+json\" class=\"yoast-schema-graph\">{\"@context\":\"https:\/\/schema.org\",\"@graph\":[{\"@type\":\"Article\",\"@id\":\"https:\/\/www.mpppst.gob.ve\/mpppstweb\/index.php\/2024\/05\/24\/conferencia-iberoamericana\/#article\",\"isPartOf\":{\"@id\":\"https:\/\/www.mpppst.gob.ve\/mpppstweb\/index.php\/2024\/05\/24\/conferencia-iberoamericana\/\"},\"author\":{\"name\":\"MPPPST Prensa\",\"@id\":\"https:\/\/www.mpppst.gob.ve\/mpppstweb\/#\/schema\/person\/fc187ee8ead412bd4c9304b62f900ea4\"},\"headline\":\"Viceministro R\u00edos, participa en la 5\u00b0 Conferencia Iberoamericana de la ONU\",\"datePublished\":\"2024-05-24T19:00:36+00:00\",\"dateModified\":\"2024-05-24T19:00:37+00:00\",\"mainEntityOfPage\":{\"@id\":\"https:\/\/www.mpppst.gob.ve\/mpppstweb\/index.php\/2024\/05\/24\/conferencia-iberoamericana\/\"},\"wordCount\":285,\"publisher\":{\"@id\":\"https:\/\/www.mpppst.gob.ve\/mpppstweb\/#organization\"},\"image\":{\"@id\":\"https:\/\/www.mpppst.gob.ve\/mpppstweb\/index.php\/2024\/05\/24\/conferencia-iberoamericana\/#primaryimage\"},\"thumbnailUrl\":\"https:\/\/www.mpppst.gob.ve\/mpppstweb\/wp-content\/uploads\/2024\/05\/photo_5082345195357449486_y.jpg\",\"keywords\":[\"Gobierno Bolivariano\",\"MPPPST\",\"ONU\",\"Participaci\u00f3n popular y protag\u00f3nica\",\"Rafael R\u00edos\",\"Viceministro de Previsi\u00f3n Social\",\"Viceministro Rafael R\u00edos\"],\"articleSection\":[\"Gobierno Nacional\",\"Misiones y Grandes Misiones\",\"Previsi\u00f3n Social\",\"Venezuela y el Mundo\"],\"inLanguage\":\"es\"},{\"@type\":\"WebPage\",\"@id\":\"https:\/\/www.mpppst.gob.ve\/mpppstweb\/index.php\/2024\/05\/24\/conferencia-iberoamericana\/\",\"url\":\"https:\/\/www.mpppst.gob.ve\/mpppstweb\/index.php\/2024\/05\/24\/conferencia-iberoamericana\/\",\"name\":\"Viceministro R\u00edos, participa en la 5\u00b0 Conferencia Iberoamericana de la ONU - MPPPST\",\"isPartOf\":{\"@id\":\"https:\/\/www.mpppst.gob.ve\/mpppstweb\/#website\"},\"primaryImageOfPage\":{\"@id\":\"https:\/\/www.mpppst.gob.ve\/mpppstweb\/index.php\/2024\/05\/24\/conferencia-iberoamericana\/#primaryimage\"},\"image\":{\"@id\":\"https:\/\/www.mpppst.gob.ve\/mpppstweb\/index.php\/2024\/05\/24\/conferencia-iberoamericana\/#primaryimage\"},\"thumbnailUrl\":\"https:\/\/www.mpppst.gob.ve\/mpppstweb\/wp-content\/uploads\/2024\/05\/photo_5082345195357449486_y.jpg\",\"datePublished\":\"2024-05-24T19:00:36+00:00\",\"dateModified\":\"2024-05-24T19:00:37+00:00\",\"description\":\"El viceministro de Previsi\u00f3n Social, Rafael R\u00edos, particip\u00f3 en la Quinta Conferencia Iberoamericana de Ministros de Trabajos.\",\"breadcrumb\":{\"@id\":\"https:\/\/www.mpppst.gob.ve\/mpppstweb\/index.php\/2024\/05\/24\/conferencia-iberoamericana\/#breadcrumb\"},\"inLanguage\":\"es\",\"potentialAction\":[{\"@type\":\"ReadAction\",\"target\":[\"https:\/\/www.mpppst.gob.ve\/mpppstweb\/index.php\/2024\/05\/24\/conferencia-iberoamericana\/\"]}]},{\"@type\":\"ImageObject\",\"inLanguage\":\"es\",\"@id\":\"https:\/\/www.mpppst.gob.ve\/mpppstweb\/index.php\/2024\/05\/24\/conferencia-iberoamericana\/#primaryimage\",\"url\":\"https:\/\/www.mpppst.gob.ve\/mpppstweb\/wp-content\/uploads\/2024\/05\/photo_5082345195357449486_y.jpg\",\"contentUrl\":\"https:\/\/www.mpppst.gob.ve\/mpppstweb\/wp-content\/uploads\/2024\/05\/photo_5082345195357449486_y.jpg\",\"width\":1080,\"height\":589,\"caption\":\"MPPPST, Caracas.- El viceministro de Previsi\u00f3n Social, Rafael R\u00edos, particip\u00f3 en la Quinta Conferencia Iberoamericana de Ministros de Trabajos.\"},{\"@type\":\"BreadcrumbList\",\"@id\":\"https:\/\/www.mpppst.gob.ve\/mpppstweb\/index.php\/2024\/05\/24\/conferencia-iberoamericana\/#breadcrumb\",\"itemListElement\":[{\"@type\":\"ListItem\",\"position\":1,\"name\":\"Home\",\"item\":\"https:\/\/www.mpppst.gob.ve\/mpppstweb\/\"},{\"@type\":\"ListItem\",\"position\":2,\"name\":\"Viceministro R\u00edos, participa en la 5\u00b0 Conferencia Iberoamericana de la ONU\"}]},{\"@type\":\"WebSite\",\"@id\":\"https:\/\/www.mpppst.gob.ve\/mpppstweb\/#website\",\"url\":\"https:\/\/www.mpppst.gob.ve\/mpppstweb\/\",\"name\":\"MPPPST\",\"description\":\"Ministerio del Poder Popular para el Proceso Social de Trabajo\",\"publisher\":{\"@id\":\"https:\/\/www.mpppst.gob.ve\/mpppstweb\/#organization\"},\"potentialAction\":[{\"@type\":\"SearchAction\",\"target\":{\"@type\":\"EntryPoint\",\"urlTemplate\":\"https:\/\/www.mpppst.gob.ve\/mpppstweb\/?s={search_term_string}\"},\"query-input\":\"required name=search_term_string\"}],\"inLanguage\":\"es\"},{\"@type\":\"Organization\",\"@id\":\"https:\/\/www.mpppst.gob.ve\/mpppstweb\/#organization\",\"name\":\"mpppst\",\"url\":\"https:\/\/www.mpppst.gob.ve\/mpppstweb\/\",\"logo\":{\"@type\":\"ImageObject\",\"inLanguage\":\"es\",\"@id\":\"https:\/\/www.mpppst.gob.ve\/mpppstweb\/#\/schema\/logo\/image\/\",\"url\":\"https:\/\/www.mpppst.gob.ve\/mpppstweb\/wp-content\/uploads\/2025\/07\/cropped-cropped-g910.png\",\"contentUrl\":\"https:\/\/www.mpppst.gob.ve\/mpppstweb\/wp-content\/uploads\/2025\/07\/cropped-cropped-g910.png\",\"width\":1080,\"height\":241,\"caption\":\"mpppst\"},\"image\":{\"@id\":\"https:\/\/www.mpppst.gob.ve\/mpppstweb\/#\/schema\/logo\/image\/\"}},{\"@type\":\"Person\",\"@id\":\"https:\/\/www.mpppst.gob.ve\/mpppstweb\/#\/schema\/person\/fc187ee8ead412bd4c9304b62f900ea4\",\"name\":\"MPPPST Prensa\",\"url\":\"https:\/\/www.mpppst.gob.ve\/mpppstweb\/index.php\/author\/prensa-mpppst\/\"}]}<\/script>\n<!-- \/ Yoast SEO plugin. -->","yoast_head_json":{"title":"Viceministro R\u00edos, participa en la 5\u00b0 Conferencia Iberoamericana de la ONU - MPPPST","description":"El viceministro de Previsi\u00f3n Social, Rafael R\u00edos, particip\u00f3 en la Quinta Conferencia Iberoamericana de Ministros de Trabajos.","robots":{"index":"index","follow":"follow","max-snippet":"max-snippet:-1","max-image-preview":"max-image-preview:large","max-video-preview":"max-video-preview:-1"},"canonical":"https:\/\/www.mpppst.gob.ve\/mpppstweb\/index.php\/2024\/05\/24\/conferencia-iberoamericana\/","og_locale":"es_ES","og_type":"article","og_title":"Viceministro R\u00edos, participa en la 5\u00b0 Conferencia Iberoamericana de la ONU - MPPPST","og_description":"El viceministro de Previsi\u00f3n Social, Rafael R\u00edos, particip\u00f3 en la Quinta Conferencia Iberoamericana de Ministros de Trabajos.","og_url":"https:\/\/www.mpppst.gob.ve\/mpppstweb\/index.php\/2024\/05\/24\/conferencia-iberoamericana\/","og_site_name":"MPPPST","article_published_time":"2024-05-24T19:00:36+00:00","article_modified_time":"2024-05-24T19:00:37+00:00","og_image":[{"width":1080,"height":589,"url":"https:\/\/www.mpppst.gob.ve\/mpppstweb\/wp-content\/uploads\/2024\/05\/photo_5082345195357449486_y.jpg","type":"image\/jpeg"}],"author":"MPPPST Prensa","twitter_card":"summary_large_image","twitter_misc":{"Escrito por":"MPPPST Prensa","Tiempo de lectura":"2 minutos"},"schema":{"@context":"https:\/\/schema.org","@graph":[{"@type":"Article","@id":"https:\/\/www.mpppst.gob.ve\/mpppstweb\/index.php\/2024\/05\/24\/conferencia-iberoamericana\/#article","isPartOf":{"@id":"https:\/\/www.mpppst.gob.ve\/mpppstweb\/index.php\/2024\/05\/24\/conferencia-iberoamericana\/"},"author":{"name":"MPPPST Prensa","@id":"https:\/\/www.mpppst.gob.ve\/mpppstweb\/#\/schema\/person\/fc187ee8ead412bd4c9304b62f900ea4"},"headline":"Viceministro R\u00edos, participa en la 5\u00b0 Conferencia Iberoamericana de la ONU","datePublished":"2024-05-24T19:00:36+00:00","dateModified":"2024-05-24T19:00:37+00:00","mainEntityOfPage":{"@id":"https:\/\/www.mpppst.gob.ve\/mpppstweb\/index.php\/2024\/05\/24\/conferencia-iberoamericana\/"},"wordCount":285,"publisher":{"@id":"https:\/\/www.mpppst.gob.ve\/mpppstweb\/#organization"},"image":{"@id":"https:\/\/www.mpppst.gob.ve\/mpppstweb\/index.php\/2024\/05\/24\/conferencia-iberoamericana\/#primaryimage"},"thumbnailUrl":"https:\/\/www.mpppst.gob.ve\/mpppstweb\/wp-content\/uploads\/2024\/05\/photo_5082345195357449486_y.jpg","keywords":["Gobierno Bolivariano","MPPPST","ONU","Participaci\u00f3n popular y protag\u00f3nica","Rafael R\u00edos","Viceministro de Previsi\u00f3n Social","Viceministro Rafael R\u00edos"],"articleSection":["Gobierno Nacional","Misiones y Grandes Misiones","Previsi\u00f3n Social","Venezuela y el Mundo"],"inLanguage":"es"},{"@type":"WebPage","@id":"https:\/\/www.mpppst.gob.ve\/mpppstweb\/index.php\/2024\/05\/24\/conferencia-iberoamericana\/","url":"https:\/\/www.mpppst.gob.ve\/mpppstweb\/index.php\/2024\/05\/24\/conferencia-iberoamericana\/","name":"Viceministro R\u00edos, participa en la 5\u00b0 Conferencia Iberoamericana de la ONU - MPPPST","isPartOf":{"@id":"https:\/\/www.mpppst.gob.ve\/mpppstweb\/#website"},"primaryImageOfPage":{"@id":"https:\/\/www.mpppst.gob.ve\/mpppstweb\/index.php\/2024\/05\/24\/conferencia-iberoamericana\/#primaryimage"},"image":{"@id":"https:\/\/www.mpppst.gob.ve\/mpppstweb\/index.php\/2024\/05\/24\/conferencia-iberoamericana\/#primaryimage"},"thumbnailUrl":"https:\/\/www.mpppst.gob.ve\/mpppstweb\/wp-content\/uploads\/2024\/05\/photo_5082345195357449486_y.jpg","datePublished":"2024-05-24T19:00:36+00:00","dateModified":"2024-05-24T19:00:37+00:00","description":"El viceministro de Previsi\u00f3n Social, Rafael R\u00edos, particip\u00f3 en la Quinta Conferencia Iberoamericana de Ministros de Trabajos.","breadcrumb":{"@id":"https:\/\/www.mpppst.gob.ve\/mpppstweb\/index.php\/2024\/05\/24\/conferencia-iberoamericana\/#breadcrumb"},"inLanguage":"es","potentialAction":[{"@type":"ReadAction","target":["https:\/\/www.mpppst.gob.ve\/mpppstweb\/index.php\/2024\/05\/24\/conferencia-iberoamericana\/"]}]},{"@type":"ImageObject","inLanguage":"es","@id":"https:\/\/www.mpppst.gob.ve\/mpppstweb\/index.php\/2024\/05\/24\/conferencia-iberoamericana\/#primaryimage","url":"https:\/\/www.mpppst.gob.ve\/mpppstweb\/wp-content\/uploads\/2024\/05\/photo_5082345195357449486_y.jpg","contentUrl":"https:\/\/www.mpppst.gob.ve\/mpppstweb\/wp-content\/uploads\/2024\/05\/photo_5082345195357449486_y.jpg","width":1080,"height":589,"caption":"MPPPST, Caracas.- El viceministro de Previsi\u00f3n Social, Rafael R\u00edos, particip\u00f3 en la Quinta Conferencia Iberoamericana de Ministros de Trabajos."},{"@type":"BreadcrumbList","@id":"https:\/\/www.mpppst.gob.ve\/mpppstweb\/index.php\/2024\/05\/24\/conferencia-iberoamericana\/#breadcrumb","itemListElement":[{"@type":"ListItem","position":1,"name":"Home","item":"https:\/\/www.mpppst.gob.ve\/mpppstweb\/"},{"@type":"ListItem","position":2,"name":"Viceministro R\u00edos, participa en la 5\u00b0 Conferencia Iberoamericana de la ONU"}]},{"@type":"WebSite","@id":"https:\/\/www.mpppst.gob.ve\/mpppstweb\/#website","url":"https:\/\/www.mpppst.gob.ve\/mpppstweb\/","name":"MPPPST","description":"Ministerio del Poder Popular para el Proceso Social de Trabajo","publisher":{"@id":"https:\/\/www.mpppst.gob.ve\/mpppstweb\/#organization"},"potentialAction":[{"@type":"SearchAction","target":{"@type":"EntryPoint","urlTemplate":"https:\/\/www.mpppst.gob.ve\/mpppstweb\/?s={search_term_string}"},"query-input":"required name=search_term_string"}],"inLanguage":"es"},{"@type":"Organization","@id":"https:\/\/www.mpppst.gob.ve\/mpppstweb\/#organization","name":"mpppst","url":"https:\/\/www.mpppst.gob.ve\/mpppstweb\/","logo":{"@type":"ImageObject","inLanguage":"es","@id":"https:\/\/www.mpppst.gob.ve\/mpppstweb\/#\/schema\/logo\/image\/","url":"https:\/\/www.mpppst.gob.ve\/mpppstweb\/wp-content\/uploads\/2025\/07\/cropped-cropped-g910.png","contentUrl":"https:\/\/www.mpppst.gob.ve\/mpppstweb\/wp-content\/uploads\/2025\/07\/cropped-cropped-g910.png","width":1080,"height":241,"caption":"mpppst"},"image":{"@id":"https:\/\/www.mpppst.gob.ve\/mpppstweb\/#\/schema\/logo\/image\/"}},{"@type":"Person","@id":"https:\/\/www.mpppst.gob.ve\/mpppstweb\/#\/schema\/person\/fc187ee8ead412bd4c9304b62f900ea4","name":"MPPPST Prensa","url":"https:\/\/www.mpppst.gob.ve\/mpppstweb\/index.php\/author\/prensa-mpppst\/"}]}},"_links":{"self":[{"href":"https:\/\/www.mpppst.gob.ve\/mpppstweb\/index.php\/wp-json\/wp\/v2\/posts\/26187"}],"collection":[{"href":"https:\/\/www.mpppst.gob.ve\/mpppstweb\/index.php\/wp-json\/wp\/v2\/posts"}],"about":[{"href":"https:\/\/www.mpppst.gob.ve\/mpppstweb\/index.php\/wp-json\/wp\/v2\/types\/post"}],"author":[{"embeddable":true,"href":"https:\/\/www.mpppst.gob.ve\/mpppstweb\/index.php\/wp-json\/wp\/v2\/users\/25"}],"replies":[{"embeddable":true,"href":"https:\/\/www.mpppst.gob.ve\/mpppstweb\/index.php\/wp-json\/wp\/v2\/comments?post=26187"}],"version-history":[{"count":1,"href":"https:\/\/www.mpppst.gob.ve\/mpppstweb\/index.php\/wp-json\/wp\/v2\/posts\/26187\/revisions"}],"predecessor-version":[{"id":26189,"href":"https:\/\/www.mpppst.gob.ve\/mpppstweb\/index.php\/wp-json\/wp\/v2\/posts\/26187\/revisions\/26189"}],"wp:featuredmedia":[{"embeddable":true,"href":"https:\/\/www.mpppst.gob.ve\/mpppstweb\/index.php\/wp-json\/wp\/v2\/media\/26188"}],"wp:attachment":[{"href":"https:\/\/www.mpppst.gob.ve\/mpppstweb\/index.php\/wp-json\/wp\/v2\/media?parent=26187"}],"wp:term":[{"taxonomy":"category","embeddable":true,"href":"https:\/\/www.mpppst.gob.ve\/mpppstweb\/index.php\/wp-json\/wp\/v2\/categories?post=26187"},{"taxonomy":"post_tag","embeddable":true,"href":"https:\/\/www.mpppst.gob.ve\/mpppstweb\/index.php\/wp-json\/wp\/v2\/tags?post=26187"}],"curies":[{"name":"wp","href":"https:\/\/api.w.org\/{rel}","templated":true}]}}