{"id":26192,"date":"2024-05-24T15:28:54","date_gmt":"2024-05-24T19:28:54","guid":{"rendered":"http:\/\/www.mpppst.gob.ve\/mpppstweb\/?p=26192"},"modified":"2024-05-24T16:48:46","modified_gmt":"2024-05-24T20:48:46","slug":"plan-nacional","status":"publish","type":"post","link":"https:\/\/www.mpppst.gob.ve\/mpppstweb\/index.php\/2024\/05\/24\/plan-nacional\/","title":{"rendered":"Personas con diversidad funcional, celebran el lanzamiento del Plan Nacional para la Promoci\u00f3n de la Inserci\u00f3n, Reinserci\u00f3n y Estabilidad Laboral de las Personas con Discapacidad"},"content":{"rendered":"\n<p><strong>MPPPST, Caracas<\/strong>.- En el <strong>Teatro Jos\u00e9 \u201cChino\u201d Khan<\/strong>, del <strong>Instituto Nacional de Capacitaci\u00f3n y Recreaci\u00f3n de los Trabajadores <\/strong>(<strong>INCRET<\/strong>), se realiz\u00f3 el evento de presentaci\u00f3n del <strong>Plan Nacional para la Promoci\u00f3n de la Inserci\u00f3n, Reinserci\u00f3n y Estabilidad Laboral para Personas con Discapacidad<\/strong>, con el fin de promover los avances de la poblaci\u00f3n con&nbsp;diversidad funcional, donde el <strong>Ministerio del Poder Popular para el Proceso Social de Trabajo<\/strong> (<strong>MPPPST<\/strong>) particip\u00f3 junto con la organizaci\u00f3n del <strong>viceministro de Previsi\u00f3n Social<\/strong>, <strong>Rafael<\/strong> <strong>R\u00edos<\/strong>.<\/p>\n\n\n\n<p><strong>Mar\u00eda Gabriela Vega<\/strong>, diputada de la <strong>Asamblea Nacional <\/strong>(<strong>AN<\/strong>), expres\u00f3 que este <strong>Plan Nacional <\/strong>es para el salario digno, y verificaci\u00f3n de que las empresas tanto p\u00fablicas como privadas cumplan con los lineamientos para el apoyo de las personas con discapacidad.<\/p>\n\n\n<div class=\"wp-block-image\">\n<figure class=\"aligncenter size-large\"><a href=\"http:\/\/www.mpppst.gob.ve\/mpppstweb\/wp-content\/uploads\/2024\/05\/photo_5080462977479584939_y.jpg\"><img decoding=\"async\" loading=\"lazy\" width=\"1024\" height=\"577\" src=\"http:\/\/www.mpppst.gob.ve\/mpppstweb\/wp-content\/uploads\/2024\/05\/photo_5080462977479584939_y-1024x577.jpg\" alt=\"\" class=\"wp-image-26194\" srcset=\"https:\/\/www.mpppst.gob.ve\/mpppstweb\/wp-content\/uploads\/2024\/05\/photo_5080462977479584939_y-1024x577.jpg 1024w, https:\/\/www.mpppst.gob.ve\/mpppstweb\/wp-content\/uploads\/2024\/05\/photo_5080462977479584939_y-300x169.jpg 300w, https:\/\/www.mpppst.gob.ve\/mpppstweb\/wp-content\/uploads\/2024\/05\/photo_5080462977479584939_y-768x433.jpg 768w, https:\/\/www.mpppst.gob.ve\/mpppstweb\/wp-content\/uploads\/2024\/05\/photo_5080462977479584939_y.jpg 1280w\" sizes=\"(max-width: 1024px) 100vw, 1024px\" \/><\/a><\/figure><\/div>\n\n\n<p><em>\u201cSi Nosotros de verdad podemos darle un cumplimiento preciso y espec\u00edfico a la Ley Org\u00e1nica de los Trabajadores y Trabajadoras con Discapacidad, a la Ley Especial y a la Ley Org\u00e1nica para el Desarrollo y la Atenci\u00f3n Integral, va a llegar un momento con nuestro esfuerzo y con nuestro trabajo vamos a obtener un salario digno\u201c<\/em>, afirm\u00f3 <strong>Mar\u00eda Gabriela Vega.<\/strong><\/p>\n\n\n\n<p>Durante el evento, la <strong>diputada Vega<\/strong>, relat\u00f3 su experiencia como persona con discapacidad, llam\u00f3 a la conciencia a nivel nacional, y exigi\u00f3 que las personas con diversidad funcional deben ser tratadas por igual.<\/p>\n\n\n\n<p>Por su parte, el <strong>diputado Rene Coltat Vivas<\/strong>, con un interprete, declar\u00f3 que estaba agradecido con todos los presentes y ponentes, orgulloso del avance entre muchas dificultades y barreras, tambi\u00e9n reconoci\u00f3 a la poblaci\u00f3n con diversidad funcional, le agradeci\u00f3 al <strong>viceministro Rafael R\u00edos<\/strong> y la colaboraci\u00f3n con el<strong> Plan Nacional.<\/strong><\/p>\n\n\n<div class=\"wp-block-image\">\n<figure class=\"aligncenter size-large\"><a href=\"http:\/\/www.mpppst.gob.ve\/mpppstweb\/wp-content\/uploads\/2024\/05\/photo_5080462977479584934_y.jpg\"><img decoding=\"async\" loading=\"lazy\" width=\"1024\" height=\"577\" src=\"http:\/\/www.mpppst.gob.ve\/mpppstweb\/wp-content\/uploads\/2024\/05\/photo_5080462977479584934_y-1024x577.jpg\" alt=\"\" class=\"wp-image-26195\" srcset=\"https:\/\/www.mpppst.gob.ve\/mpppstweb\/wp-content\/uploads\/2024\/05\/photo_5080462977479584934_y-1024x577.jpg 1024w, https:\/\/www.mpppst.gob.ve\/mpppstweb\/wp-content\/uploads\/2024\/05\/photo_5080462977479584934_y-300x169.jpg 300w, https:\/\/www.mpppst.gob.ve\/mpppstweb\/wp-content\/uploads\/2024\/05\/photo_5080462977479584934_y-768x433.jpg 768w, https:\/\/www.mpppst.gob.ve\/mpppstweb\/wp-content\/uploads\/2024\/05\/photo_5080462977479584934_y.jpg 1280w\" sizes=\"(max-width: 1024px) 100vw, 1024px\" \/><\/a><\/figure><\/div>\n\n\n<p>El diputado, <strong>Coltat Vivas<\/strong>, tambi\u00e9n resalt\u00f3 la importancia de estas leyes para el progreso de <strong>Venezuela <\/strong>y la poblaci\u00f3n con discapacidad.<\/p>\n\n\n\n<p>Es importante se\u00f1alar que esta actividad se realiz\u00f3 bajo los lineamientos del <strong>Presidente Obrero, Nicol\u00e1s Maduro<\/strong> y bajo la supervisi\u00f3n del ministro del <strong>MPPPST<\/strong>, <strong>Alexis Corredor P\u00e9rez.<\/strong><\/p>\n\n\n\n<p><strong>Prensa MPPPST\/Andrea Gonzalez<\/strong><\/p>\n","protected":false},"excerpt":{"rendered":"<p>MPPPST, Caracas.- En el Teatro Jos\u00e9 \u201cChino\u201d Khan, del Instituto Nacional de Capacitaci\u00f3n y Recreaci\u00f3n de los Trabajadores (INCRET), se realiz\u00f3 el evento de presentaci\u00f3n del Plan Nacional para la Promoci\u00f3n de la Inserci\u00f3n, Reinserci\u00f3n y Estabilidad Laboral para Personas con Discapacidad, con el fin de promover los avances de la poblaci\u00f3n con\u00a0diversidad funcional, donde el Ministerio del Poder Popular para el Proceso Social de Trabajo (MPPPST) particip\u00f3 junto con la organizaci\u00f3n del viceministro de Previsi\u00f3n Social, Rafael R\u00edos.<\/p>\n","protected":false},"author":25,"featured_media":26193,"comment_status":"closed","ping_status":"closed","sticky":false,"template":"","format":"standard","meta":{"footnotes":""},"categories":[82,1,163,187],"tags":[347,792,791,790,515,793,731,748],"yoast_head":"<!-- This site is optimized with the Yoast SEO plugin v22.5 - https:\/\/yoast.com\/wordpress\/plugins\/seo\/ -->\n<title>Personas con diversidad funcional, celebran el lanzamiento del Plan Nacional para la Promoci\u00f3n de la Inserci\u00f3n, Reinserci\u00f3n y Estabilidad Laboral de las Personas con Discapacidad - MPPPST<\/title>\n<meta name=\"description\" content=\"Plan Nacional para la Promoci\u00f3n de la Inserci\u00f3n, Reinserci\u00f3n y Estabilidad Laboral para Personas con Discapacidad\" \/>\n<meta name=\"robots\" content=\"index, follow, max-snippet:-1, max-image-preview:large, max-video-preview:-1\" \/>\n<link rel=\"canonical\" href=\"https:\/\/www.mpppst.gob.ve\/mpppstweb\/index.php\/2024\/05\/24\/plan-nacional\/\" \/>\n<meta property=\"og:locale\" content=\"es_ES\" \/>\n<meta property=\"og:type\" content=\"article\" \/>\n<meta property=\"og:title\" content=\"Personas con diversidad funcional, celebran el lanzamiento del Plan Nacional para la Promoci\u00f3n de la Inserci\u00f3n, Reinserci\u00f3n y Estabilidad Laboral de las Personas con Discapacidad - MPPPST\" \/>\n<meta property=\"og:description\" content=\"Plan Nacional para la Promoci\u00f3n de la Inserci\u00f3n, Reinserci\u00f3n y Estabilidad Laboral para Personas con Discapacidad\" \/>\n<meta property=\"og:url\" content=\"https:\/\/www.mpppst.gob.ve\/mpppstweb\/index.php\/2024\/05\/24\/plan-nacional\/\" \/>\n<meta property=\"og:site_name\" content=\"MPPPST\" \/>\n<meta property=\"article:published_time\" content=\"2024-05-24T19:28:54+00:00\" \/>\n<meta property=\"article:modified_time\" content=\"2024-05-24T20:48:46+00:00\" \/>\n<meta property=\"og:image\" content=\"https:\/\/www.mpppst.gob.ve\/mpppstweb\/wp-content\/uploads\/2024\/05\/photo_5080462977479584893_y.jpg\" \/>\n\t<meta property=\"og:image:width\" content=\"1280\" \/>\n\t<meta property=\"og:image:height\" content=\"721\" \/>\n\t<meta property=\"og:image:type\" content=\"image\/jpeg\" \/>\n<meta name=\"author\" content=\"MPPPST Prensa\" \/>\n<meta name=\"twitter:card\" content=\"summary_large_image\" \/>\n<meta name=\"twitter:label1\" content=\"Escrito por\" \/>\n\t<meta name=\"twitter:data1\" content=\"MPPPST Prensa\" \/>\n\t<meta name=\"twitter:label2\" content=\"Tiempo de lectura\" \/>\n\t<meta name=\"twitter:data2\" content=\"3 minutos\" \/>\n<script type=\"application\/ld+json\" class=\"yoast-schema-graph\">{\"@context\":\"https:\/\/schema.org\",\"@graph\":[{\"@type\":\"Article\",\"@id\":\"https:\/\/www.mpppst.gob.ve\/mpppstweb\/index.php\/2024\/05\/24\/plan-nacional\/#article\",\"isPartOf\":{\"@id\":\"https:\/\/www.mpppst.gob.ve\/mpppstweb\/index.php\/2024\/05\/24\/plan-nacional\/\"},\"author\":{\"name\":\"MPPPST Prensa\",\"@id\":\"https:\/\/www.mpppst.gob.ve\/mpppstweb\/#\/schema\/person\/fc187ee8ead412bd4c9304b62f900ea4\"},\"headline\":\"Personas con diversidad funcional, celebran el lanzamiento del Plan Nacional para la Promoci\u00f3n de la Inserci\u00f3n, Reinserci\u00f3n y Estabilidad Laboral de las Personas con Discapacidad\",\"datePublished\":\"2024-05-24T19:28:54+00:00\",\"dateModified\":\"2024-05-24T20:48:46+00:00\",\"mainEntityOfPage\":{\"@id\":\"https:\/\/www.mpppst.gob.ve\/mpppstweb\/index.php\/2024\/05\/24\/plan-nacional\/\"},\"wordCount\":374,\"publisher\":{\"@id\":\"https:\/\/www.mpppst.gob.ve\/mpppstweb\/#organization\"},\"image\":{\"@id\":\"https:\/\/www.mpppst.gob.ve\/mpppstweb\/index.php\/2024\/05\/24\/plan-nacional\/#primaryimage\"},\"thumbnailUrl\":\"https:\/\/www.mpppst.gob.ve\/mpppstweb\/wp-content\/uploads\/2024\/05\/photo_5080462977479584893_y.jpg\",\"keywords\":[\"INCRET\",\"Maria Gabriela Vega\",\"Personas con Discapacidad\",\"Plan Nacional\",\"Rafael R\u00edos\",\"Rene Coltat\",\"Viceministro de Previsi\u00f3n Social\",\"Viceministro Rafael R\u00edos\"],\"articleSection\":[\"Gobierno Nacional\",\"Grandes Misiones\",\"Noticias\",\"Previsi\u00f3n Social\"],\"inLanguage\":\"es\"},{\"@type\":\"WebPage\",\"@id\":\"https:\/\/www.mpppst.gob.ve\/mpppstweb\/index.php\/2024\/05\/24\/plan-nacional\/\",\"url\":\"https:\/\/www.mpppst.gob.ve\/mpppstweb\/index.php\/2024\/05\/24\/plan-nacional\/\",\"name\":\"Personas con diversidad funcional, celebran el lanzamiento del Plan Nacional para la Promoci\u00f3n de la Inserci\u00f3n, Reinserci\u00f3n y Estabilidad Laboral de las Personas con Discapacidad - MPPPST\",\"isPartOf\":{\"@id\":\"https:\/\/www.mpppst.gob.ve\/mpppstweb\/#website\"},\"primaryImageOfPage\":{\"@id\":\"https:\/\/www.mpppst.gob.ve\/mpppstweb\/index.php\/2024\/05\/24\/plan-nacional\/#primaryimage\"},\"image\":{\"@id\":\"https:\/\/www.mpppst.gob.ve\/mpppstweb\/index.php\/2024\/05\/24\/plan-nacional\/#primaryimage\"},\"thumbnailUrl\":\"https:\/\/www.mpppst.gob.ve\/mpppstweb\/wp-content\/uploads\/2024\/05\/photo_5080462977479584893_y.jpg\",\"datePublished\":\"2024-05-24T19:28:54+00:00\",\"dateModified\":\"2024-05-24T20:48:46+00:00\",\"description\":\"Plan Nacional para la Promoci\u00f3n de la Inserci\u00f3n, Reinserci\u00f3n y Estabilidad Laboral para Personas con Discapacidad\",\"breadcrumb\":{\"@id\":\"https:\/\/www.mpppst.gob.ve\/mpppstweb\/index.php\/2024\/05\/24\/plan-nacional\/#breadcrumb\"},\"inLanguage\":\"es\",\"potentialAction\":[{\"@type\":\"ReadAction\",\"target\":[\"https:\/\/www.mpppst.gob.ve\/mpppstweb\/index.php\/2024\/05\/24\/plan-nacional\/\"]}]},{\"@type\":\"ImageObject\",\"inLanguage\":\"es\",\"@id\":\"https:\/\/www.mpppst.gob.ve\/mpppstweb\/index.php\/2024\/05\/24\/plan-nacional\/#primaryimage\",\"url\":\"https:\/\/www.mpppst.gob.ve\/mpppstweb\/wp-content\/uploads\/2024\/05\/photo_5080462977479584893_y.jpg\",\"contentUrl\":\"https:\/\/www.mpppst.gob.ve\/mpppstweb\/wp-content\/uploads\/2024\/05\/photo_5080462977479584893_y.jpg\",\"width\":1280,\"height\":721,\"caption\":\"MPPPST, Caracas.- En el Teatro Jos\u00e9 \u201cChino\u201d Khan, del Instituto Nacional de Capacitaci\u00f3n y Recreaci\u00f3n de los Trabajadores (INCRET), se realiz\u00f3 el evento de presentaci\u00f3n del Plan Nacional para la Promoci\u00f3n de la Inserci\u00f3n, Reinserci\u00f3n y Estabilidad Laboral para Personas con Discapacidad, con el fin de promover los avances de la poblaci\u00f3n con\u00a0diversidad funcional, donde el Ministerio del Poder Popular para el Proceso Social de Trabajo (MPPPST) particip\u00f3 junto con la organizaci\u00f3n del viceministro de Previsi\u00f3n Social, Rafael R\u00edos.\"},{\"@type\":\"BreadcrumbList\",\"@id\":\"https:\/\/www.mpppst.gob.ve\/mpppstweb\/index.php\/2024\/05\/24\/plan-nacional\/#breadcrumb\",\"itemListElement\":[{\"@type\":\"ListItem\",\"position\":1,\"name\":\"Home\",\"item\":\"https:\/\/www.mpppst.gob.ve\/mpppstweb\/\"},{\"@type\":\"ListItem\",\"position\":2,\"name\":\"Personas con diversidad funcional, celebran el lanzamiento del Plan Nacional para la Promoci\u00f3n de la Inserci\u00f3n, Reinserci\u00f3n y Estabilidad Laboral de las Personas con Discapacidad\"}]},{\"@type\":\"WebSite\",\"@id\":\"https:\/\/www.mpppst.gob.ve\/mpppstweb\/#website\",\"url\":\"https:\/\/www.mpppst.gob.ve\/mpppstweb\/\",\"name\":\"MPPPST\",\"description\":\"Ministerio del Poder Popular para el Proceso Social de Trabajo\",\"publisher\":{\"@id\":\"https:\/\/www.mpppst.gob.ve\/mpppstweb\/#organization\"},\"potentialAction\":[{\"@type\":\"SearchAction\",\"target\":{\"@type\":\"EntryPoint\",\"urlTemplate\":\"https:\/\/www.mpppst.gob.ve\/mpppstweb\/?s={search_term_string}\"},\"query-input\":\"required name=search_term_string\"}],\"inLanguage\":\"es\"},{\"@type\":\"Organization\",\"@id\":\"https:\/\/www.mpppst.gob.ve\/mpppstweb\/#organization\",\"name\":\"mpppst\",\"url\":\"https:\/\/www.mpppst.gob.ve\/mpppstweb\/\",\"logo\":{\"@type\":\"ImageObject\",\"inLanguage\":\"es\",\"@id\":\"https:\/\/www.mpppst.gob.ve\/mpppstweb\/#\/schema\/logo\/image\/\",\"url\":\"https:\/\/www.mpppst.gob.ve\/mpppstweb\/wp-content\/uploads\/2025\/07\/cropped-cropped-g910.png\",\"contentUrl\":\"https:\/\/www.mpppst.gob.ve\/mpppstweb\/wp-content\/uploads\/2025\/07\/cropped-cropped-g910.png\",\"width\":1080,\"height\":241,\"caption\":\"mpppst\"},\"image\":{\"@id\":\"https:\/\/www.mpppst.gob.ve\/mpppstweb\/#\/schema\/logo\/image\/\"}},{\"@type\":\"Person\",\"@id\":\"https:\/\/www.mpppst.gob.ve\/mpppstweb\/#\/schema\/person\/fc187ee8ead412bd4c9304b62f900ea4\",\"name\":\"MPPPST Prensa\",\"url\":\"https:\/\/www.mpppst.gob.ve\/mpppstweb\/index.php\/author\/prensa-mpppst\/\"}]}<\/script>\n<!-- \/ Yoast SEO plugin. -->","yoast_head_json":{"title":"Personas con diversidad funcional, celebran el lanzamiento del Plan Nacional para la Promoci\u00f3n de la Inserci\u00f3n, Reinserci\u00f3n y Estabilidad Laboral de las Personas con Discapacidad - MPPPST","description":"Plan Nacional para la Promoci\u00f3n de la Inserci\u00f3n, Reinserci\u00f3n y Estabilidad Laboral para Personas con Discapacidad","robots":{"index":"index","follow":"follow","max-snippet":"max-snippet:-1","max-image-preview":"max-image-preview:large","max-video-preview":"max-video-preview:-1"},"canonical":"https:\/\/www.mpppst.gob.ve\/mpppstweb\/index.php\/2024\/05\/24\/plan-nacional\/","og_locale":"es_ES","og_type":"article","og_title":"Personas con diversidad funcional, celebran el lanzamiento del Plan Nacional para la Promoci\u00f3n de la Inserci\u00f3n, Reinserci\u00f3n y Estabilidad Laboral de las Personas con Discapacidad - MPPPST","og_description":"Plan Nacional para la Promoci\u00f3n de la Inserci\u00f3n, Reinserci\u00f3n y Estabilidad Laboral para Personas con Discapacidad","og_url":"https:\/\/www.mpppst.gob.ve\/mpppstweb\/index.php\/2024\/05\/24\/plan-nacional\/","og_site_name":"MPPPST","article_published_time":"2024-05-24T19:28:54+00:00","article_modified_time":"2024-05-24T20:48:46+00:00","og_image":[{"width":1280,"height":721,"url":"https:\/\/www.mpppst.gob.ve\/mpppstweb\/wp-content\/uploads\/2024\/05\/photo_5080462977479584893_y.jpg","type":"image\/jpeg"}],"author":"MPPPST Prensa","twitter_card":"summary_large_image","twitter_misc":{"Escrito por":"MPPPST Prensa","Tiempo de lectura":"3 minutos"},"schema":{"@context":"https:\/\/schema.org","@graph":[{"@type":"Article","@id":"https:\/\/www.mpppst.gob.ve\/mpppstweb\/index.php\/2024\/05\/24\/plan-nacional\/#article","isPartOf":{"@id":"https:\/\/www.mpppst.gob.ve\/mpppstweb\/index.php\/2024\/05\/24\/plan-nacional\/"},"author":{"name":"MPPPST Prensa","@id":"https:\/\/www.mpppst.gob.ve\/mpppstweb\/#\/schema\/person\/fc187ee8ead412bd4c9304b62f900ea4"},"headline":"Personas con diversidad funcional, celebran el lanzamiento del Plan Nacional para la Promoci\u00f3n de la Inserci\u00f3n, Reinserci\u00f3n y Estabilidad Laboral de las Personas con Discapacidad","datePublished":"2024-05-24T19:28:54+00:00","dateModified":"2024-05-24T20:48:46+00:00","mainEntityOfPage":{"@id":"https:\/\/www.mpppst.gob.ve\/mpppstweb\/index.php\/2024\/05\/24\/plan-nacional\/"},"wordCount":374,"publisher":{"@id":"https:\/\/www.mpppst.gob.ve\/mpppstweb\/#organization"},"image":{"@id":"https:\/\/www.mpppst.gob.ve\/mpppstweb\/index.php\/2024\/05\/24\/plan-nacional\/#primaryimage"},"thumbnailUrl":"https:\/\/www.mpppst.gob.ve\/mpppstweb\/wp-content\/uploads\/2024\/05\/photo_5080462977479584893_y.jpg","keywords":["INCRET","Maria Gabriela Vega","Personas con Discapacidad","Plan Nacional","Rafael R\u00edos","Rene Coltat","Viceministro de Previsi\u00f3n Social","Viceministro Rafael R\u00edos"],"articleSection":["Gobierno Nacional","Grandes Misiones","Noticias","Previsi\u00f3n Social"],"inLanguage":"es"},{"@type":"WebPage","@id":"https:\/\/www.mpppst.gob.ve\/mpppstweb\/index.php\/2024\/05\/24\/plan-nacional\/","url":"https:\/\/www.mpppst.gob.ve\/mpppstweb\/index.php\/2024\/05\/24\/plan-nacional\/","name":"Personas con diversidad funcional, celebran el lanzamiento del Plan Nacional para la Promoci\u00f3n de la Inserci\u00f3n, Reinserci\u00f3n y Estabilidad Laboral de las Personas con Discapacidad - MPPPST","isPartOf":{"@id":"https:\/\/www.mpppst.gob.ve\/mpppstweb\/#website"},"primaryImageOfPage":{"@id":"https:\/\/www.mpppst.gob.ve\/mpppstweb\/index.php\/2024\/05\/24\/plan-nacional\/#primaryimage"},"image":{"@id":"https:\/\/www.mpppst.gob.ve\/mpppstweb\/index.php\/2024\/05\/24\/plan-nacional\/#primaryimage"},"thumbnailUrl":"https:\/\/www.mpppst.gob.ve\/mpppstweb\/wp-content\/uploads\/2024\/05\/photo_5080462977479584893_y.jpg","datePublished":"2024-05-24T19:28:54+00:00","dateModified":"2024-05-24T20:48:46+00:00","description":"Plan Nacional para la Promoci\u00f3n de la Inserci\u00f3n, Reinserci\u00f3n y Estabilidad Laboral para Personas con Discapacidad","breadcrumb":{"@id":"https:\/\/www.mpppst.gob.ve\/mpppstweb\/index.php\/2024\/05\/24\/plan-nacional\/#breadcrumb"},"inLanguage":"es","potentialAction":[{"@type":"ReadAction","target":["https:\/\/www.mpppst.gob.ve\/mpppstweb\/index.php\/2024\/05\/24\/plan-nacional\/"]}]},{"@type":"ImageObject","inLanguage":"es","@id":"https:\/\/www.mpppst.gob.ve\/mpppstweb\/index.php\/2024\/05\/24\/plan-nacional\/#primaryimage","url":"https:\/\/www.mpppst.gob.ve\/mpppstweb\/wp-content\/uploads\/2024\/05\/photo_5080462977479584893_y.jpg","contentUrl":"https:\/\/www.mpppst.gob.ve\/mpppstweb\/wp-content\/uploads\/2024\/05\/photo_5080462977479584893_y.jpg","width":1280,"height":721,"caption":"MPPPST, Caracas.- En el Teatro Jos\u00e9 \u201cChino\u201d Khan, del Instituto Nacional de Capacitaci\u00f3n y Recreaci\u00f3n de los Trabajadores (INCRET), se realiz\u00f3 el evento de presentaci\u00f3n del Plan Nacional para la Promoci\u00f3n de la Inserci\u00f3n, Reinserci\u00f3n y Estabilidad Laboral para Personas con Discapacidad, con el fin de promover los avances de la poblaci\u00f3n con\u00a0diversidad funcional, donde el Ministerio del Poder Popular para el Proceso Social de Trabajo (MPPPST) particip\u00f3 junto con la organizaci\u00f3n del viceministro de Previsi\u00f3n Social, Rafael R\u00edos."},{"@type":"BreadcrumbList","@id":"https:\/\/www.mpppst.gob.ve\/mpppstweb\/index.php\/2024\/05\/24\/plan-nacional\/#breadcrumb","itemListElement":[{"@type":"ListItem","position":1,"name":"Home","item":"https:\/\/www.mpppst.gob.ve\/mpppstweb\/"},{"@type":"ListItem","position":2,"name":"Personas con diversidad funcional, celebran el lanzamiento del Plan Nacional para la Promoci\u00f3n de la Inserci\u00f3n, Reinserci\u00f3n y Estabilidad Laboral de las Personas con Discapacidad"}]},{"@type":"WebSite","@id":"https:\/\/www.mpppst.gob.ve\/mpppstweb\/#website","url":"https:\/\/www.mpppst.gob.ve\/mpppstweb\/","name":"MPPPST","description":"Ministerio del Poder Popular para el Proceso Social de Trabajo","publisher":{"@id":"https:\/\/www.mpppst.gob.ve\/mpppstweb\/#organization"},"potentialAction":[{"@type":"SearchAction","target":{"@type":"EntryPoint","urlTemplate":"https:\/\/www.mpppst.gob.ve\/mpppstweb\/?s={search_term_string}"},"query-input":"required name=search_term_string"}],"inLanguage":"es"},{"@type":"Organization","@id":"https:\/\/www.mpppst.gob.ve\/mpppstweb\/#organization","name":"mpppst","url":"https:\/\/www.mpppst.gob.ve\/mpppstweb\/","logo":{"@type":"ImageObject","inLanguage":"es","@id":"https:\/\/www.mpppst.gob.ve\/mpppstweb\/#\/schema\/logo\/image\/","url":"https:\/\/www.mpppst.gob.ve\/mpppstweb\/wp-content\/uploads\/2025\/07\/cropped-cropped-g910.png","contentUrl":"https:\/\/www.mpppst.gob.ve\/mpppstweb\/wp-content\/uploads\/2025\/07\/cropped-cropped-g910.png","width":1080,"height":241,"caption":"mpppst"},"image":{"@id":"https:\/\/www.mpppst.gob.ve\/mpppstweb\/#\/schema\/logo\/image\/"}},{"@type":"Person","@id":"https:\/\/www.mpppst.gob.ve\/mpppstweb\/#\/schema\/person\/fc187ee8ead412bd4c9304b62f900ea4","name":"MPPPST Prensa","url":"https:\/\/www.mpppst.gob.ve\/mpppstweb\/index.php\/author\/prensa-mpppst\/"}]}},"_links":{"self":[{"href":"https:\/\/www.mpppst.gob.ve\/mpppstweb\/index.php\/wp-json\/wp\/v2\/posts\/26192"}],"collection":[{"href":"https:\/\/www.mpppst.gob.ve\/mpppstweb\/index.php\/wp-json\/wp\/v2\/posts"}],"about":[{"href":"https:\/\/www.mpppst.gob.ve\/mpppstweb\/index.php\/wp-json\/wp\/v2\/types\/post"}],"author":[{"embeddable":true,"href":"https:\/\/www.mpppst.gob.ve\/mpppstweb\/index.php\/wp-json\/wp\/v2\/users\/25"}],"replies":[{"embeddable":true,"href":"https:\/\/www.mpppst.gob.ve\/mpppstweb\/index.php\/wp-json\/wp\/v2\/comments?post=26192"}],"version-history":[{"count":3,"href":"https:\/\/www.mpppst.gob.ve\/mpppstweb\/index.php\/wp-json\/wp\/v2\/posts\/26192\/revisions"}],"predecessor-version":[{"id":26206,"href":"https:\/\/www.mpppst.gob.ve\/mpppstweb\/index.php\/wp-json\/wp\/v2\/posts\/26192\/revisions\/26206"}],"wp:featuredmedia":[{"embeddable":true,"href":"https:\/\/www.mpppst.gob.ve\/mpppstweb\/index.php\/wp-json\/wp\/v2\/media\/26193"}],"wp:attachment":[{"href":"https:\/\/www.mpppst.gob.ve\/mpppstweb\/index.php\/wp-json\/wp\/v2\/media?parent=26192"}],"wp:term":[{"taxonomy":"category","embeddable":true,"href":"https:\/\/www.mpppst.gob.ve\/mpppstweb\/index.php\/wp-json\/wp\/v2\/categories?post=26192"},{"taxonomy":"post_tag","embeddable":true,"href":"https:\/\/www.mpppst.gob.ve\/mpppstweb\/index.php\/wp-json\/wp\/v2\/tags?post=26192"}],"curies":[{"name":"wp","href":"https:\/\/api.w.org\/{rel}","templated":true}]}}