{"id":26197,"date":"2024-05-24T15:51:17","date_gmt":"2024-05-24T19:51:17","guid":{"rendered":"http:\/\/www.mpppst.gob.ve\/mpppstweb\/?p=26197"},"modified":"2024-05-24T16:45:29","modified_gmt":"2024-05-24T20:45:29","slug":"plan-nacional-de-insercion","status":"publish","type":"post","link":"https:\/\/www.mpppst.gob.ve\/mpppstweb\/index.php\/2024\/05\/24\/plan-nacional-de-insercion\/","title":{"rendered":"Autoridades del MPPPST presentes en el Lanzamiento del Plan Nacional para la Promoci\u00f3n de la Inserci\u00f3n, Reinserci\u00f3n y Estabilidad Laboral de las Personas con Discapacidad"},"content":{"rendered":"\n<p><strong>MPPPST, Caracas.-<\/strong> El 23 de mayo, se celebr\u00f3 el Lanzamiento del<strong> Plan Nacional para la Promoci\u00f3n de la Inserci\u00f3n, Reinserci\u00f3n y Estabilidad Laboral de las Personas con Discapacidad<\/strong>, evento que fue dirigido por el <strong>Ministerio del Poder Popular para el Proceso Social de Trabajo<\/strong> (<strong>MPPPST<\/strong>), junto con el<strong> viceministro de Previsi\u00f3n Social, Rafael R\u00edos Bol\u00edvar<\/strong>.<\/p>\n\n\n\n<p>En el evento el <strong>ministro del MPPPST, Alexis Corredor P\u00e9rez<\/strong>, salud\u00f3 a los presentes, expres\u00f3 su alegr\u00eda por la actividad que se estaba desarrollando.<\/p>\n\n\n\n<p>\u201c<em>Esta inserci\u00f3n es parte de los baluartes que afirmaba el Comandante Hugo Ch\u00e1vez, y es fundamental en nuestra Revoluci\u00f3n humanista. La inserci\u00f3n, la inclusi\u00f3n y el reconocimiento <\/em>\u201c, afirm\u00f3 el <strong>ministro Corredor P\u00e9rez<\/strong>.<\/p>\n\n\n\n<p>Tambi\u00e9n incluy\u00f3 que los apellidos aborrecen las condiciones humanas, al contrario del <strong>Gobierno Bolivariano<\/strong>, quien abraza las condiciones sea cual sea, \u201centendemos que en esta lucha a muerte que tenemos en contra del capitalismo, todos los que somos explotados, tienen espacio en la<strong> Revoluci\u00f3n Bolivariana<\/strong>, y en las pol\u00edticas que desarrollamos desde el <strong>MPPPST<\/strong>\u201d.<\/p>\n\n\n<div class=\"wp-block-image\">\n<figure class=\"aligncenter size-large is-resized\"><a href=\"http:\/\/www.mpppst.gob.ve\/mpppstweb\/wp-content\/uploads\/2024\/05\/photo_5080462977479584928_y.jpg\"><img decoding=\"async\" loading=\"lazy\" width=\"1024\" height=\"577\" src=\"http:\/\/www.mpppst.gob.ve\/mpppstweb\/wp-content\/uploads\/2024\/05\/photo_5080462977479584928_y-1024x577.jpg\" alt=\"\" class=\"wp-image-26199\" style=\"aspect-ratio:1.7746967071057191;width:712px;height:auto\" srcset=\"https:\/\/www.mpppst.gob.ve\/mpppstweb\/wp-content\/uploads\/2024\/05\/photo_5080462977479584928_y-1024x577.jpg 1024w, https:\/\/www.mpppst.gob.ve\/mpppstweb\/wp-content\/uploads\/2024\/05\/photo_5080462977479584928_y-300x169.jpg 300w, https:\/\/www.mpppst.gob.ve\/mpppstweb\/wp-content\/uploads\/2024\/05\/photo_5080462977479584928_y-768x433.jpg 768w, https:\/\/www.mpppst.gob.ve\/mpppstweb\/wp-content\/uploads\/2024\/05\/photo_5080462977479584928_y.jpg 1280w\" sizes=\"(max-width: 1024px) 100vw, 1024px\" \/><\/a><\/figure><\/div>\n\n\n<p>Por su parte, el <strong>viceministro Rafael R\u00edos<\/strong>, agradeci\u00f3 a los que se encontraban presentes en tan noble evento, que tenia como p\u00fablico a personas con diferentes tipos de discapacidades, celebr\u00f3 junto con ellos el logro del nuevo sistema donde las personas con alguna diversidad funcional podr\u00e1n ingresar para aplicar ante este nuevo Plan Nacional.<\/p>\n\n\n\n<p>\u201c<em>Comenzamos a trabajar a trav\u00e9s de una comisi\u00f3n que fue un desarrollo social (\u2026), Trabajamos conectados con la Convenci\u00f3n Internacional de los Derechos de las personas con Discapacidad de la Organizaci\u00f3n de Naciones Unidas (ONU), este evento es la inspiraci\u00f3n de nuestro pueblo<\/em>\u201d, enfatiz\u00f3 <strong>Rafael R\u00edos.<\/strong><\/p>\n\n\n\n<p>En el evento, se le record\u00f3 a las empresas publicas y privadas que, al menos el <strong>5%<\/strong> de su n\u00f3mina deben ser personas con alguna <strong>diversidad funcional<\/strong>, tambi\u00e9n que esta nueva plataforma tecnol\u00f3gica estar\u00e1 avanzando para que las personas puedan conseguir empleos dignos y el <strong>viceministro de Educaci\u00f3n y el Trabajo para la Liberaci\u00f3n<\/strong>, <strong>Edgar Blanco<\/strong>, indic\u00f3 que pr\u00f3ximamente estar\u00e1n incluyendo a estos nuevos empleados en el<strong> Sistema Nacional de Educaci\u00f3n<\/strong>, para que puedan lograr carreras universitarias.<\/p>\n\n\n\n<p>Es importante recordar que, el<strong> Presidente Obrero, Nicol\u00e1s Maduro<\/strong> ha apoyado al pueblo venezolano en materia social, inicialmente con las <strong>3R.Net<\/strong> (<strong>Resistencia, Renacer y Revoluci\u00f3n<\/strong>), actualmente con las <strong>7 Transformaciones<\/strong> (<strong>7T<\/strong>) y con la <strong>Gran Misi\u00f3n Igualdad y Justicia Socia<\/strong>l \u00ab<strong>Hugo Ch\u00e1vez<\/strong>\u00ab.<\/p>\n\n\n\n<p><strong>Prensa MPPPST\/Rosa Brito<\/strong><\/p>\n","protected":false},"excerpt":{"rendered":"<p> Viceministro Rafael Rios, presidio del Plan Nacional para la Promoci\u00f3n de la Inserci\u00f3n, Reinserci\u00f3n y Estabilidad Laboral de las Personas con Discapacidad.<\/p>\n","protected":false},"author":25,"featured_media":26198,"comment_status":"closed","ping_status":"closed","sticky":false,"template":"","format":"standard","meta":{"footnotes":""},"categories":[1,163],"tags":[693,341,790,748],"yoast_head":"<!-- This site is optimized with the Yoast SEO plugin v22.5 - https:\/\/yoast.com\/wordpress\/plugins\/seo\/ -->\n<title>Autoridades del MPPPST presentes en el Lanzamiento del Plan Nacional para la Promoci\u00f3n de la Inserci\u00f3n, Reinserci\u00f3n y Estabilidad Laboral de las Personas con Discapacidad - MPPPST<\/title>\n<meta name=\"description\" content=\"Lanzamiento del Plan Nacional para la Promoci\u00f3n de la Inserci\u00f3n, Reinserci\u00f3n y Estabilidad Laboral de las Personas con Discapacidad\" \/>\n<meta name=\"robots\" content=\"index, follow, max-snippet:-1, max-image-preview:large, max-video-preview:-1\" \/>\n<link rel=\"canonical\" href=\"https:\/\/www.mpppst.gob.ve\/mpppstweb\/index.php\/2024\/05\/24\/plan-nacional-de-insercion\/\" \/>\n<meta property=\"og:locale\" content=\"es_ES\" \/>\n<meta property=\"og:type\" content=\"article\" \/>\n<meta property=\"og:title\" content=\"Autoridades del MPPPST presentes en el Lanzamiento del Plan Nacional para la Promoci\u00f3n de la Inserci\u00f3n, Reinserci\u00f3n y Estabilidad Laboral de las Personas con Discapacidad - MPPPST\" \/>\n<meta property=\"og:description\" content=\"Lanzamiento del Plan Nacional para la Promoci\u00f3n de la Inserci\u00f3n, Reinserci\u00f3n y Estabilidad Laboral de las Personas con Discapacidad\" \/>\n<meta property=\"og:url\" content=\"https:\/\/www.mpppst.gob.ve\/mpppstweb\/index.php\/2024\/05\/24\/plan-nacional-de-insercion\/\" \/>\n<meta property=\"og:site_name\" content=\"MPPPST\" \/>\n<meta property=\"article:published_time\" content=\"2024-05-24T19:51:17+00:00\" \/>\n<meta property=\"article:modified_time\" content=\"2024-05-24T20:45:29+00:00\" \/>\n<meta property=\"og:image\" content=\"https:\/\/www.mpppst.gob.ve\/mpppstweb\/wp-content\/uploads\/2024\/05\/photo_5080462977479584948_y.jpg\" \/>\n\t<meta property=\"og:image:width\" content=\"1280\" \/>\n\t<meta property=\"og:image:height\" content=\"721\" \/>\n\t<meta property=\"og:image:type\" content=\"image\/jpeg\" \/>\n<meta name=\"author\" content=\"MPPPST Prensa\" \/>\n<meta name=\"twitter:card\" content=\"summary_large_image\" \/>\n<meta name=\"twitter:label1\" content=\"Escrito por\" \/>\n\t<meta name=\"twitter:data1\" content=\"MPPPST Prensa\" \/>\n\t<meta name=\"twitter:label2\" content=\"Tiempo de lectura\" \/>\n\t<meta name=\"twitter:data2\" content=\"3 minutos\" \/>\n<script type=\"application\/ld+json\" class=\"yoast-schema-graph\">{\"@context\":\"https:\/\/schema.org\",\"@graph\":[{\"@type\":\"Article\",\"@id\":\"https:\/\/www.mpppst.gob.ve\/mpppstweb\/index.php\/2024\/05\/24\/plan-nacional-de-insercion\/#article\",\"isPartOf\":{\"@id\":\"https:\/\/www.mpppst.gob.ve\/mpppstweb\/index.php\/2024\/05\/24\/plan-nacional-de-insercion\/\"},\"author\":{\"name\":\"MPPPST Prensa\",\"@id\":\"https:\/\/www.mpppst.gob.ve\/mpppstweb\/#\/schema\/person\/fc187ee8ead412bd4c9304b62f900ea4\"},\"headline\":\"Autoridades del MPPPST presentes en el Lanzamiento del Plan Nacional para la Promoci\u00f3n de la Inserci\u00f3n, Reinserci\u00f3n y Estabilidad Laboral de las Personas con Discapacidad\",\"datePublished\":\"2024-05-24T19:51:17+00:00\",\"dateModified\":\"2024-05-24T20:45:29+00:00\",\"mainEntityOfPage\":{\"@id\":\"https:\/\/www.mpppst.gob.ve\/mpppstweb\/index.php\/2024\/05\/24\/plan-nacional-de-insercion\/\"},\"wordCount\":452,\"publisher\":{\"@id\":\"https:\/\/www.mpppst.gob.ve\/mpppstweb\/#organization\"},\"image\":{\"@id\":\"https:\/\/www.mpppst.gob.ve\/mpppstweb\/index.php\/2024\/05\/24\/plan-nacional-de-insercion\/#primaryimage\"},\"thumbnailUrl\":\"https:\/\/www.mpppst.gob.ve\/mpppstweb\/wp-content\/uploads\/2024\/05\/photo_5080462977479584948_y.jpg\",\"keywords\":[\"Ministro Alexis Corredor P\u00e9rez\",\"Nicol\u00e1s Maduro\",\"Plan Nacional\",\"Viceministro Rafael R\u00edos\"],\"articleSection\":[\"Grandes Misiones\",\"Noticias\"],\"inLanguage\":\"es\"},{\"@type\":\"WebPage\",\"@id\":\"https:\/\/www.mpppst.gob.ve\/mpppstweb\/index.php\/2024\/05\/24\/plan-nacional-de-insercion\/\",\"url\":\"https:\/\/www.mpppst.gob.ve\/mpppstweb\/index.php\/2024\/05\/24\/plan-nacional-de-insercion\/\",\"name\":\"Autoridades del MPPPST presentes en el Lanzamiento del Plan Nacional para la Promoci\u00f3n de la Inserci\u00f3n, Reinserci\u00f3n y Estabilidad Laboral de las Personas con Discapacidad - MPPPST\",\"isPartOf\":{\"@id\":\"https:\/\/www.mpppst.gob.ve\/mpppstweb\/#website\"},\"primaryImageOfPage\":{\"@id\":\"https:\/\/www.mpppst.gob.ve\/mpppstweb\/index.php\/2024\/05\/24\/plan-nacional-de-insercion\/#primaryimage\"},\"image\":{\"@id\":\"https:\/\/www.mpppst.gob.ve\/mpppstweb\/index.php\/2024\/05\/24\/plan-nacional-de-insercion\/#primaryimage\"},\"thumbnailUrl\":\"https:\/\/www.mpppst.gob.ve\/mpppstweb\/wp-content\/uploads\/2024\/05\/photo_5080462977479584948_y.jpg\",\"datePublished\":\"2024-05-24T19:51:17+00:00\",\"dateModified\":\"2024-05-24T20:45:29+00:00\",\"description\":\"Lanzamiento del Plan Nacional para la Promoci\u00f3n de la Inserci\u00f3n, Reinserci\u00f3n y Estabilidad Laboral de las Personas con Discapacidad\",\"breadcrumb\":{\"@id\":\"https:\/\/www.mpppst.gob.ve\/mpppstweb\/index.php\/2024\/05\/24\/plan-nacional-de-insercion\/#breadcrumb\"},\"inLanguage\":\"es\",\"potentialAction\":[{\"@type\":\"ReadAction\",\"target\":[\"https:\/\/www.mpppst.gob.ve\/mpppstweb\/index.php\/2024\/05\/24\/plan-nacional-de-insercion\/\"]}]},{\"@type\":\"ImageObject\",\"inLanguage\":\"es\",\"@id\":\"https:\/\/www.mpppst.gob.ve\/mpppstweb\/index.php\/2024\/05\/24\/plan-nacional-de-insercion\/#primaryimage\",\"url\":\"https:\/\/www.mpppst.gob.ve\/mpppstweb\/wp-content\/uploads\/2024\/05\/photo_5080462977479584948_y.jpg\",\"contentUrl\":\"https:\/\/www.mpppst.gob.ve\/mpppstweb\/wp-content\/uploads\/2024\/05\/photo_5080462977479584948_y.jpg\",\"width\":1280,\"height\":721,\"caption\":\"Viceministro Rafael Rios presidio del Plan Nacional para la Promoci\u00f3n de la Inserci\u00f3n, Reinserci\u00f3n y Estabilidad Laboral de las Personas con Discapacidad.\"},{\"@type\":\"BreadcrumbList\",\"@id\":\"https:\/\/www.mpppst.gob.ve\/mpppstweb\/index.php\/2024\/05\/24\/plan-nacional-de-insercion\/#breadcrumb\",\"itemListElement\":[{\"@type\":\"ListItem\",\"position\":1,\"name\":\"Home\",\"item\":\"https:\/\/www.mpppst.gob.ve\/mpppstweb\/\"},{\"@type\":\"ListItem\",\"position\":2,\"name\":\"Autoridades del MPPPST presentes en el Lanzamiento del Plan Nacional para la Promoci\u00f3n de la Inserci\u00f3n, Reinserci\u00f3n y Estabilidad Laboral de las Personas con Discapacidad\"}]},{\"@type\":\"WebSite\",\"@id\":\"https:\/\/www.mpppst.gob.ve\/mpppstweb\/#website\",\"url\":\"https:\/\/www.mpppst.gob.ve\/mpppstweb\/\",\"name\":\"MPPPST\",\"description\":\"Ministerio del Poder Popular para el Proceso Social de Trabajo\",\"publisher\":{\"@id\":\"https:\/\/www.mpppst.gob.ve\/mpppstweb\/#organization\"},\"potentialAction\":[{\"@type\":\"SearchAction\",\"target\":{\"@type\":\"EntryPoint\",\"urlTemplate\":\"https:\/\/www.mpppst.gob.ve\/mpppstweb\/?s={search_term_string}\"},\"query-input\":\"required name=search_term_string\"}],\"inLanguage\":\"es\"},{\"@type\":\"Organization\",\"@id\":\"https:\/\/www.mpppst.gob.ve\/mpppstweb\/#organization\",\"name\":\"mpppst\",\"url\":\"https:\/\/www.mpppst.gob.ve\/mpppstweb\/\",\"logo\":{\"@type\":\"ImageObject\",\"inLanguage\":\"es\",\"@id\":\"https:\/\/www.mpppst.gob.ve\/mpppstweb\/#\/schema\/logo\/image\/\",\"url\":\"https:\/\/www.mpppst.gob.ve\/mpppstweb\/wp-content\/uploads\/2025\/07\/cropped-cropped-g910.png\",\"contentUrl\":\"https:\/\/www.mpppst.gob.ve\/mpppstweb\/wp-content\/uploads\/2025\/07\/cropped-cropped-g910.png\",\"width\":1080,\"height\":241,\"caption\":\"mpppst\"},\"image\":{\"@id\":\"https:\/\/www.mpppst.gob.ve\/mpppstweb\/#\/schema\/logo\/image\/\"}},{\"@type\":\"Person\",\"@id\":\"https:\/\/www.mpppst.gob.ve\/mpppstweb\/#\/schema\/person\/fc187ee8ead412bd4c9304b62f900ea4\",\"name\":\"MPPPST Prensa\",\"url\":\"https:\/\/www.mpppst.gob.ve\/mpppstweb\/index.php\/author\/prensa-mpppst\/\"}]}<\/script>\n<!-- \/ Yoast SEO plugin. -->","yoast_head_json":{"title":"Autoridades del MPPPST presentes en el Lanzamiento del Plan Nacional para la Promoci\u00f3n de la Inserci\u00f3n, Reinserci\u00f3n y Estabilidad Laboral de las Personas con Discapacidad - MPPPST","description":"Lanzamiento del Plan Nacional para la Promoci\u00f3n de la Inserci\u00f3n, Reinserci\u00f3n y Estabilidad Laboral de las Personas con Discapacidad","robots":{"index":"index","follow":"follow","max-snippet":"max-snippet:-1","max-image-preview":"max-image-preview:large","max-video-preview":"max-video-preview:-1"},"canonical":"https:\/\/www.mpppst.gob.ve\/mpppstweb\/index.php\/2024\/05\/24\/plan-nacional-de-insercion\/","og_locale":"es_ES","og_type":"article","og_title":"Autoridades del MPPPST presentes en el Lanzamiento del Plan Nacional para la Promoci\u00f3n de la Inserci\u00f3n, Reinserci\u00f3n y Estabilidad Laboral de las Personas con Discapacidad - MPPPST","og_description":"Lanzamiento del Plan Nacional para la Promoci\u00f3n de la Inserci\u00f3n, Reinserci\u00f3n y Estabilidad Laboral de las Personas con Discapacidad","og_url":"https:\/\/www.mpppst.gob.ve\/mpppstweb\/index.php\/2024\/05\/24\/plan-nacional-de-insercion\/","og_site_name":"MPPPST","article_published_time":"2024-05-24T19:51:17+00:00","article_modified_time":"2024-05-24T20:45:29+00:00","og_image":[{"width":1280,"height":721,"url":"https:\/\/www.mpppst.gob.ve\/mpppstweb\/wp-content\/uploads\/2024\/05\/photo_5080462977479584948_y.jpg","type":"image\/jpeg"}],"author":"MPPPST Prensa","twitter_card":"summary_large_image","twitter_misc":{"Escrito por":"MPPPST Prensa","Tiempo de lectura":"3 minutos"},"schema":{"@context":"https:\/\/schema.org","@graph":[{"@type":"Article","@id":"https:\/\/www.mpppst.gob.ve\/mpppstweb\/index.php\/2024\/05\/24\/plan-nacional-de-insercion\/#article","isPartOf":{"@id":"https:\/\/www.mpppst.gob.ve\/mpppstweb\/index.php\/2024\/05\/24\/plan-nacional-de-insercion\/"},"author":{"name":"MPPPST Prensa","@id":"https:\/\/www.mpppst.gob.ve\/mpppstweb\/#\/schema\/person\/fc187ee8ead412bd4c9304b62f900ea4"},"headline":"Autoridades del MPPPST presentes en el Lanzamiento del Plan Nacional para la Promoci\u00f3n de la Inserci\u00f3n, Reinserci\u00f3n y Estabilidad Laboral de las Personas con Discapacidad","datePublished":"2024-05-24T19:51:17+00:00","dateModified":"2024-05-24T20:45:29+00:00","mainEntityOfPage":{"@id":"https:\/\/www.mpppst.gob.ve\/mpppstweb\/index.php\/2024\/05\/24\/plan-nacional-de-insercion\/"},"wordCount":452,"publisher":{"@id":"https:\/\/www.mpppst.gob.ve\/mpppstweb\/#organization"},"image":{"@id":"https:\/\/www.mpppst.gob.ve\/mpppstweb\/index.php\/2024\/05\/24\/plan-nacional-de-insercion\/#primaryimage"},"thumbnailUrl":"https:\/\/www.mpppst.gob.ve\/mpppstweb\/wp-content\/uploads\/2024\/05\/photo_5080462977479584948_y.jpg","keywords":["Ministro Alexis Corredor P\u00e9rez","Nicol\u00e1s Maduro","Plan Nacional","Viceministro Rafael R\u00edos"],"articleSection":["Grandes Misiones","Noticias"],"inLanguage":"es"},{"@type":"WebPage","@id":"https:\/\/www.mpppst.gob.ve\/mpppstweb\/index.php\/2024\/05\/24\/plan-nacional-de-insercion\/","url":"https:\/\/www.mpppst.gob.ve\/mpppstweb\/index.php\/2024\/05\/24\/plan-nacional-de-insercion\/","name":"Autoridades del MPPPST presentes en el Lanzamiento del Plan Nacional para la Promoci\u00f3n de la Inserci\u00f3n, Reinserci\u00f3n y Estabilidad Laboral de las Personas con Discapacidad - MPPPST","isPartOf":{"@id":"https:\/\/www.mpppst.gob.ve\/mpppstweb\/#website"},"primaryImageOfPage":{"@id":"https:\/\/www.mpppst.gob.ve\/mpppstweb\/index.php\/2024\/05\/24\/plan-nacional-de-insercion\/#primaryimage"},"image":{"@id":"https:\/\/www.mpppst.gob.ve\/mpppstweb\/index.php\/2024\/05\/24\/plan-nacional-de-insercion\/#primaryimage"},"thumbnailUrl":"https:\/\/www.mpppst.gob.ve\/mpppstweb\/wp-content\/uploads\/2024\/05\/photo_5080462977479584948_y.jpg","datePublished":"2024-05-24T19:51:17+00:00","dateModified":"2024-05-24T20:45:29+00:00","description":"Lanzamiento del Plan Nacional para la Promoci\u00f3n de la Inserci\u00f3n, Reinserci\u00f3n y Estabilidad Laboral de las Personas con Discapacidad","breadcrumb":{"@id":"https:\/\/www.mpppst.gob.ve\/mpppstweb\/index.php\/2024\/05\/24\/plan-nacional-de-insercion\/#breadcrumb"},"inLanguage":"es","potentialAction":[{"@type":"ReadAction","target":["https:\/\/www.mpppst.gob.ve\/mpppstweb\/index.php\/2024\/05\/24\/plan-nacional-de-insercion\/"]}]},{"@type":"ImageObject","inLanguage":"es","@id":"https:\/\/www.mpppst.gob.ve\/mpppstweb\/index.php\/2024\/05\/24\/plan-nacional-de-insercion\/#primaryimage","url":"https:\/\/www.mpppst.gob.ve\/mpppstweb\/wp-content\/uploads\/2024\/05\/photo_5080462977479584948_y.jpg","contentUrl":"https:\/\/www.mpppst.gob.ve\/mpppstweb\/wp-content\/uploads\/2024\/05\/photo_5080462977479584948_y.jpg","width":1280,"height":721,"caption":"Viceministro Rafael Rios presidio del Plan Nacional para la Promoci\u00f3n de la Inserci\u00f3n, Reinserci\u00f3n y Estabilidad Laboral de las Personas con Discapacidad."},{"@type":"BreadcrumbList","@id":"https:\/\/www.mpppst.gob.ve\/mpppstweb\/index.php\/2024\/05\/24\/plan-nacional-de-insercion\/#breadcrumb","itemListElement":[{"@type":"ListItem","position":1,"name":"Home","item":"https:\/\/www.mpppst.gob.ve\/mpppstweb\/"},{"@type":"ListItem","position":2,"name":"Autoridades del MPPPST presentes en el Lanzamiento del Plan Nacional para la Promoci\u00f3n de la Inserci\u00f3n, Reinserci\u00f3n y Estabilidad Laboral de las Personas con Discapacidad"}]},{"@type":"WebSite","@id":"https:\/\/www.mpppst.gob.ve\/mpppstweb\/#website","url":"https:\/\/www.mpppst.gob.ve\/mpppstweb\/","name":"MPPPST","description":"Ministerio del Poder Popular para el Proceso Social de Trabajo","publisher":{"@id":"https:\/\/www.mpppst.gob.ve\/mpppstweb\/#organization"},"potentialAction":[{"@type":"SearchAction","target":{"@type":"EntryPoint","urlTemplate":"https:\/\/www.mpppst.gob.ve\/mpppstweb\/?s={search_term_string}"},"query-input":"required name=search_term_string"}],"inLanguage":"es"},{"@type":"Organization","@id":"https:\/\/www.mpppst.gob.ve\/mpppstweb\/#organization","name":"mpppst","url":"https:\/\/www.mpppst.gob.ve\/mpppstweb\/","logo":{"@type":"ImageObject","inLanguage":"es","@id":"https:\/\/www.mpppst.gob.ve\/mpppstweb\/#\/schema\/logo\/image\/","url":"https:\/\/www.mpppst.gob.ve\/mpppstweb\/wp-content\/uploads\/2025\/07\/cropped-cropped-g910.png","contentUrl":"https:\/\/www.mpppst.gob.ve\/mpppstweb\/wp-content\/uploads\/2025\/07\/cropped-cropped-g910.png","width":1080,"height":241,"caption":"mpppst"},"image":{"@id":"https:\/\/www.mpppst.gob.ve\/mpppstweb\/#\/schema\/logo\/image\/"}},{"@type":"Person","@id":"https:\/\/www.mpppst.gob.ve\/mpppstweb\/#\/schema\/person\/fc187ee8ead412bd4c9304b62f900ea4","name":"MPPPST Prensa","url":"https:\/\/www.mpppst.gob.ve\/mpppstweb\/index.php\/author\/prensa-mpppst\/"}]}},"_links":{"self":[{"href":"https:\/\/www.mpppst.gob.ve\/mpppstweb\/index.php\/wp-json\/wp\/v2\/posts\/26197"}],"collection":[{"href":"https:\/\/www.mpppst.gob.ve\/mpppstweb\/index.php\/wp-json\/wp\/v2\/posts"}],"about":[{"href":"https:\/\/www.mpppst.gob.ve\/mpppstweb\/index.php\/wp-json\/wp\/v2\/types\/post"}],"author":[{"embeddable":true,"href":"https:\/\/www.mpppst.gob.ve\/mpppstweb\/index.php\/wp-json\/wp\/v2\/users\/25"}],"replies":[{"embeddable":true,"href":"https:\/\/www.mpppst.gob.ve\/mpppstweb\/index.php\/wp-json\/wp\/v2\/comments?post=26197"}],"version-history":[{"count":3,"href":"https:\/\/www.mpppst.gob.ve\/mpppstweb\/index.php\/wp-json\/wp\/v2\/posts\/26197\/revisions"}],"predecessor-version":[{"id":26204,"href":"https:\/\/www.mpppst.gob.ve\/mpppstweb\/index.php\/wp-json\/wp\/v2\/posts\/26197\/revisions\/26204"}],"wp:featuredmedia":[{"embeddable":true,"href":"https:\/\/www.mpppst.gob.ve\/mpppstweb\/index.php\/wp-json\/wp\/v2\/media\/26198"}],"wp:attachment":[{"href":"https:\/\/www.mpppst.gob.ve\/mpppstweb\/index.php\/wp-json\/wp\/v2\/media?parent=26197"}],"wp:term":[{"taxonomy":"category","embeddable":true,"href":"https:\/\/www.mpppst.gob.ve\/mpppstweb\/index.php\/wp-json\/wp\/v2\/categories?post=26197"},{"taxonomy":"post_tag","embeddable":true,"href":"https:\/\/www.mpppst.gob.ve\/mpppstweb\/index.php\/wp-json\/wp\/v2\/tags?post=26197"}],"curies":[{"name":"wp","href":"https:\/\/api.w.org\/{rel}","templated":true}]}}