{"id":26207,"date":"2024-05-25T12:48:32","date_gmt":"2024-05-25T16:48:32","guid":{"rendered":"http:\/\/www.mpppst.gob.ve\/mpppstweb\/?p=26207"},"modified":"2024-05-25T12:48:33","modified_gmt":"2024-05-25T16:48:33","slug":"acto-de-celebracion","status":"publish","type":"post","link":"https:\/\/www.mpppst.gob.ve\/mpppstweb\/index.php\/2024\/05\/25\/acto-de-celebracion\/","title":{"rendered":"Ni\u00f1os y ni\u00f1as de C.E.I.A. MPPPST, realizan acto cultural y recreativo en homenaje a la clase obrera"},"content":{"rendered":"\n<p><strong>MPPPST, Caracas.- <\/strong>Este viernes se ejecuto un acto en conmemoraci\u00f3n a la clase obrera, realizado por los ni\u00f1os de la <strong>guarder\u00eda del Centro Educaci\u00f3n Inicial Aut\u00f3nomo<\/strong> (<strong>C.E.I.A<\/strong>), el evento se llevo a cabo en las instalaciones del <strong>Ministerio Del Poder Popular para el Proceso Social del Trabajo<\/strong> (<strong>MPPPST<\/strong>).<\/p>\n\n\n\n<p>Los Ni\u00f1os de entre 4 a 5 a\u00f1os, realizaron<strong> 3 bailes culturales<\/strong> en representaci\u00f3n a la tradici\u00f3n venezolana.<\/p>\n\n\n\n<p>Estuvo presidido, por el <strong>Director <\/strong>de <strong>Gesti\u00f3n Comunicacional<\/strong> y <strong>Gesti\u00f3n Humana<\/strong>, durante el acto se le obsequio a cada ni\u00f1o que participo en la exhibici\u00f3n, un presente del agradecimiento por su acto cultural.<\/p>\n\n\n\n<p>La conmemoraci\u00f3n fue realizada bajo los lineamientos del <strong>Presidente Obrero<\/strong>, <strong>Nicol\u00e1s Maduro Moros<\/strong> y en la supervisi\u00f3n del <strong>ministro del MPPPST<\/strong>,<strong> Alexis Corredor P\u00e9rez<\/strong>, celebrando las actividades Mayo Obrero 2024.<\/p>\n\n\n\n<p><strong>Prensa MPPPST\/Dayana V\u00e1squez y Andrea Gonzalez<\/strong><\/p>\n","protected":false},"excerpt":{"rendered":"<p>Este viernes se ejecuto un acto en conmemoraci\u00f3n a la clase obrera ,realizado por los ni\u00f1os de la guarder\u00eda del Centro Educaci\u00f3n Inicial Aut\u00f3nomo (C.E.I.A) , el evento se llevo a cabo en las instalaciones del Ministerio Del Poder Popular para el Proceso Social del Trabajo (MPPPST<\/p>\n","protected":false},"author":25,"featured_media":26208,"comment_status":"closed","ping_status":"closed","sticky":false,"template":"","format":"standard","meta":{"footnotes":""},"categories":[82,163,185],"tags":[795,225,222,223,341],"yoast_head":"<!-- This site is optimized with the Yoast SEO plugin v22.5 - https:\/\/yoast.com\/wordpress\/plugins\/seo\/ -->\n<title>Ni\u00f1os y ni\u00f1as de C.E.I.A. MPPPST, realizan acto cultural y recreativo en homenaje a la clase obrera - MPPPST<\/title>\n<meta name=\"description\" content=\"en el MPPPST, celebraron a los trabajadores con un acto en conmemoraci\u00f3n a la clase obrera, realizado por los ni\u00f1os de la guarder\u00eda C.E.I.A.\" \/>\n<meta name=\"robots\" content=\"index, follow, max-snippet:-1, max-image-preview:large, max-video-preview:-1\" \/>\n<link rel=\"canonical\" href=\"https:\/\/www.mpppst.gob.ve\/mpppstweb\/index.php\/2024\/05\/25\/acto-de-celebracion\/\" \/>\n<meta property=\"og:locale\" content=\"es_ES\" \/>\n<meta property=\"og:type\" content=\"article\" \/>\n<meta property=\"og:title\" content=\"Ni\u00f1os y ni\u00f1as de C.E.I.A. MPPPST, realizan acto cultural y recreativo en homenaje a la clase obrera - MPPPST\" \/>\n<meta property=\"og:description\" content=\"en el MPPPST, celebraron a los trabajadores con un acto en conmemoraci\u00f3n a la clase obrera, realizado por los ni\u00f1os de la guarder\u00eda C.E.I.A.\" \/>\n<meta property=\"og:url\" content=\"https:\/\/www.mpppst.gob.ve\/mpppstweb\/index.php\/2024\/05\/25\/acto-de-celebracion\/\" \/>\n<meta property=\"og:site_name\" content=\"MPPPST\" \/>\n<meta property=\"article:published_time\" content=\"2024-05-25T16:48:32+00:00\" \/>\n<meta property=\"article:modified_time\" content=\"2024-05-25T16:48:33+00:00\" \/>\n<meta property=\"og:image\" content=\"https:\/\/www.mpppst.gob.ve\/mpppstweb\/wp-content\/uploads\/2024\/05\/photo_5082666136788642942_y.jpg\" \/>\n\t<meta property=\"og:image:width\" content=\"1280\" \/>\n\t<meta property=\"og:image:height\" content=\"881\" \/>\n\t<meta property=\"og:image:type\" content=\"image\/jpeg\" \/>\n<meta name=\"author\" content=\"MPPPST Prensa\" \/>\n<meta name=\"twitter:card\" content=\"summary_large_image\" \/>\n<meta name=\"twitter:label1\" content=\"Escrito por\" \/>\n\t<meta name=\"twitter:data1\" content=\"MPPPST Prensa\" \/>\n\t<meta name=\"twitter:label2\" content=\"Tiempo de lectura\" \/>\n\t<meta name=\"twitter:data2\" content=\"1 minuto\" \/>\n<script type=\"application\/ld+json\" class=\"yoast-schema-graph\">{\"@context\":\"https:\/\/schema.org\",\"@graph\":[{\"@type\":\"Article\",\"@id\":\"https:\/\/www.mpppst.gob.ve\/mpppstweb\/index.php\/2024\/05\/25\/acto-de-celebracion\/#article\",\"isPartOf\":{\"@id\":\"https:\/\/www.mpppst.gob.ve\/mpppstweb\/index.php\/2024\/05\/25\/acto-de-celebracion\/\"},\"author\":{\"name\":\"MPPPST Prensa\",\"@id\":\"https:\/\/www.mpppst.gob.ve\/mpppstweb\/#\/schema\/person\/fc187ee8ead412bd4c9304b62f900ea4\"},\"headline\":\"Ni\u00f1os y ni\u00f1as de C.E.I.A. MPPPST, realizan acto cultural y recreativo en homenaje a la clase obrera\",\"datePublished\":\"2024-05-25T16:48:32+00:00\",\"dateModified\":\"2024-05-25T16:48:33+00:00\",\"mainEntityOfPage\":{\"@id\":\"https:\/\/www.mpppst.gob.ve\/mpppstweb\/index.php\/2024\/05\/25\/acto-de-celebracion\/\"},\"wordCount\":176,\"publisher\":{\"@id\":\"https:\/\/www.mpppst.gob.ve\/mpppstweb\/#organization\"},\"image\":{\"@id\":\"https:\/\/www.mpppst.gob.ve\/mpppstweb\/index.php\/2024\/05\/25\/acto-de-celebracion\/#primaryimage\"},\"thumbnailUrl\":\"https:\/\/www.mpppst.gob.ve\/mpppstweb\/wp-content\/uploads\/2024\/05\/photo_5082666136788642942_y.jpg\",\"keywords\":[\"Cultural\",\"Fuerza Laboral\",\"Gobierno Bolivariano\",\"MPPPST\",\"Nicol\u00e1s Maduro\"],\"articleSection\":[\"Gobierno Nacional\",\"Noticias\",\"Participaci\u00f3n en el Proceso Social de Trabajo\"],\"inLanguage\":\"es\"},{\"@type\":\"WebPage\",\"@id\":\"https:\/\/www.mpppst.gob.ve\/mpppstweb\/index.php\/2024\/05\/25\/acto-de-celebracion\/\",\"url\":\"https:\/\/www.mpppst.gob.ve\/mpppstweb\/index.php\/2024\/05\/25\/acto-de-celebracion\/\",\"name\":\"Ni\u00f1os y ni\u00f1as de C.E.I.A. MPPPST, realizan acto cultural y recreativo en homenaje a la clase obrera - MPPPST\",\"isPartOf\":{\"@id\":\"https:\/\/www.mpppst.gob.ve\/mpppstweb\/#website\"},\"primaryImageOfPage\":{\"@id\":\"https:\/\/www.mpppst.gob.ve\/mpppstweb\/index.php\/2024\/05\/25\/acto-de-celebracion\/#primaryimage\"},\"image\":{\"@id\":\"https:\/\/www.mpppst.gob.ve\/mpppstweb\/index.php\/2024\/05\/25\/acto-de-celebracion\/#primaryimage\"},\"thumbnailUrl\":\"https:\/\/www.mpppst.gob.ve\/mpppstweb\/wp-content\/uploads\/2024\/05\/photo_5082666136788642942_y.jpg\",\"datePublished\":\"2024-05-25T16:48:32+00:00\",\"dateModified\":\"2024-05-25T16:48:33+00:00\",\"description\":\"en el MPPPST, celebraron a los trabajadores con un acto en conmemoraci\u00f3n a la clase obrera, realizado por los ni\u00f1os de la guarder\u00eda C.E.I.A.\",\"breadcrumb\":{\"@id\":\"https:\/\/www.mpppst.gob.ve\/mpppstweb\/index.php\/2024\/05\/25\/acto-de-celebracion\/#breadcrumb\"},\"inLanguage\":\"es\",\"potentialAction\":[{\"@type\":\"ReadAction\",\"target\":[\"https:\/\/www.mpppst.gob.ve\/mpppstweb\/index.php\/2024\/05\/25\/acto-de-celebracion\/\"]}]},{\"@type\":\"ImageObject\",\"inLanguage\":\"es\",\"@id\":\"https:\/\/www.mpppst.gob.ve\/mpppstweb\/index.php\/2024\/05\/25\/acto-de-celebracion\/#primaryimage\",\"url\":\"https:\/\/www.mpppst.gob.ve\/mpppstweb\/wp-content\/uploads\/2024\/05\/photo_5082666136788642942_y.jpg\",\"contentUrl\":\"https:\/\/www.mpppst.gob.ve\/mpppstweb\/wp-content\/uploads\/2024\/05\/photo_5082666136788642942_y.jpg\",\"width\":1280,\"height\":881,\"caption\":\"Este viernes se ejecuto un acto en conmemoraci\u00f3n a la clase obrera ,realizado por los ni\u00f1os de la guarder\u00eda del Centro Educaci\u00f3n Inicial Aut\u00f3nomo (C.E.I.A) , el evento se llevo a cabo en las instalaciones del Ministerio Del Poder Popular para el Proceso Social del Trabajo (MPPPST\"},{\"@type\":\"BreadcrumbList\",\"@id\":\"https:\/\/www.mpppst.gob.ve\/mpppstweb\/index.php\/2024\/05\/25\/acto-de-celebracion\/#breadcrumb\",\"itemListElement\":[{\"@type\":\"ListItem\",\"position\":1,\"name\":\"Home\",\"item\":\"https:\/\/www.mpppst.gob.ve\/mpppstweb\/\"},{\"@type\":\"ListItem\",\"position\":2,\"name\":\"Ni\u00f1os y ni\u00f1as de C.E.I.A. MPPPST, realizan acto cultural y recreativo en homenaje a la clase obrera\"}]},{\"@type\":\"WebSite\",\"@id\":\"https:\/\/www.mpppst.gob.ve\/mpppstweb\/#website\",\"url\":\"https:\/\/www.mpppst.gob.ve\/mpppstweb\/\",\"name\":\"MPPPST\",\"description\":\"Ministerio del Poder Popular para el Proceso Social de Trabajo\",\"publisher\":{\"@id\":\"https:\/\/www.mpppst.gob.ve\/mpppstweb\/#organization\"},\"potentialAction\":[{\"@type\":\"SearchAction\",\"target\":{\"@type\":\"EntryPoint\",\"urlTemplate\":\"https:\/\/www.mpppst.gob.ve\/mpppstweb\/?s={search_term_string}\"},\"query-input\":\"required name=search_term_string\"}],\"inLanguage\":\"es\"},{\"@type\":\"Organization\",\"@id\":\"https:\/\/www.mpppst.gob.ve\/mpppstweb\/#organization\",\"name\":\"mpppst\",\"url\":\"https:\/\/www.mpppst.gob.ve\/mpppstweb\/\",\"logo\":{\"@type\":\"ImageObject\",\"inLanguage\":\"es\",\"@id\":\"https:\/\/www.mpppst.gob.ve\/mpppstweb\/#\/schema\/logo\/image\/\",\"url\":\"https:\/\/www.mpppst.gob.ve\/mpppstweb\/wp-content\/uploads\/2025\/07\/cropped-cropped-g910.png\",\"contentUrl\":\"https:\/\/www.mpppst.gob.ve\/mpppstweb\/wp-content\/uploads\/2025\/07\/cropped-cropped-g910.png\",\"width\":1080,\"height\":241,\"caption\":\"mpppst\"},\"image\":{\"@id\":\"https:\/\/www.mpppst.gob.ve\/mpppstweb\/#\/schema\/logo\/image\/\"}},{\"@type\":\"Person\",\"@id\":\"https:\/\/www.mpppst.gob.ve\/mpppstweb\/#\/schema\/person\/fc187ee8ead412bd4c9304b62f900ea4\",\"name\":\"MPPPST Prensa\",\"url\":\"https:\/\/www.mpppst.gob.ve\/mpppstweb\/index.php\/author\/prensa-mpppst\/\"}]}<\/script>\n<!-- \/ Yoast SEO plugin. -->","yoast_head_json":{"title":"Ni\u00f1os y ni\u00f1as de C.E.I.A. MPPPST, realizan acto cultural y recreativo en homenaje a la clase obrera - MPPPST","description":"en el MPPPST, celebraron a los trabajadores con un acto en conmemoraci\u00f3n a la clase obrera, realizado por los ni\u00f1os de la guarder\u00eda C.E.I.A.","robots":{"index":"index","follow":"follow","max-snippet":"max-snippet:-1","max-image-preview":"max-image-preview:large","max-video-preview":"max-video-preview:-1"},"canonical":"https:\/\/www.mpppst.gob.ve\/mpppstweb\/index.php\/2024\/05\/25\/acto-de-celebracion\/","og_locale":"es_ES","og_type":"article","og_title":"Ni\u00f1os y ni\u00f1as de C.E.I.A. MPPPST, realizan acto cultural y recreativo en homenaje a la clase obrera - MPPPST","og_description":"en el MPPPST, celebraron a los trabajadores con un acto en conmemoraci\u00f3n a la clase obrera, realizado por los ni\u00f1os de la guarder\u00eda C.E.I.A.","og_url":"https:\/\/www.mpppst.gob.ve\/mpppstweb\/index.php\/2024\/05\/25\/acto-de-celebracion\/","og_site_name":"MPPPST","article_published_time":"2024-05-25T16:48:32+00:00","article_modified_time":"2024-05-25T16:48:33+00:00","og_image":[{"width":1280,"height":881,"url":"https:\/\/www.mpppst.gob.ve\/mpppstweb\/wp-content\/uploads\/2024\/05\/photo_5082666136788642942_y.jpg","type":"image\/jpeg"}],"author":"MPPPST Prensa","twitter_card":"summary_large_image","twitter_misc":{"Escrito por":"MPPPST Prensa","Tiempo de lectura":"1 minuto"},"schema":{"@context":"https:\/\/schema.org","@graph":[{"@type":"Article","@id":"https:\/\/www.mpppst.gob.ve\/mpppstweb\/index.php\/2024\/05\/25\/acto-de-celebracion\/#article","isPartOf":{"@id":"https:\/\/www.mpppst.gob.ve\/mpppstweb\/index.php\/2024\/05\/25\/acto-de-celebracion\/"},"author":{"name":"MPPPST Prensa","@id":"https:\/\/www.mpppst.gob.ve\/mpppstweb\/#\/schema\/person\/fc187ee8ead412bd4c9304b62f900ea4"},"headline":"Ni\u00f1os y ni\u00f1as de C.E.I.A. MPPPST, realizan acto cultural y recreativo en homenaje a la clase obrera","datePublished":"2024-05-25T16:48:32+00:00","dateModified":"2024-05-25T16:48:33+00:00","mainEntityOfPage":{"@id":"https:\/\/www.mpppst.gob.ve\/mpppstweb\/index.php\/2024\/05\/25\/acto-de-celebracion\/"},"wordCount":176,"publisher":{"@id":"https:\/\/www.mpppst.gob.ve\/mpppstweb\/#organization"},"image":{"@id":"https:\/\/www.mpppst.gob.ve\/mpppstweb\/index.php\/2024\/05\/25\/acto-de-celebracion\/#primaryimage"},"thumbnailUrl":"https:\/\/www.mpppst.gob.ve\/mpppstweb\/wp-content\/uploads\/2024\/05\/photo_5082666136788642942_y.jpg","keywords":["Cultural","Fuerza Laboral","Gobierno Bolivariano","MPPPST","Nicol\u00e1s Maduro"],"articleSection":["Gobierno Nacional","Noticias","Participaci\u00f3n en el Proceso Social de Trabajo"],"inLanguage":"es"},{"@type":"WebPage","@id":"https:\/\/www.mpppst.gob.ve\/mpppstweb\/index.php\/2024\/05\/25\/acto-de-celebracion\/","url":"https:\/\/www.mpppst.gob.ve\/mpppstweb\/index.php\/2024\/05\/25\/acto-de-celebracion\/","name":"Ni\u00f1os y ni\u00f1as de C.E.I.A. MPPPST, realizan acto cultural y recreativo en homenaje a la clase obrera - MPPPST","isPartOf":{"@id":"https:\/\/www.mpppst.gob.ve\/mpppstweb\/#website"},"primaryImageOfPage":{"@id":"https:\/\/www.mpppst.gob.ve\/mpppstweb\/index.php\/2024\/05\/25\/acto-de-celebracion\/#primaryimage"},"image":{"@id":"https:\/\/www.mpppst.gob.ve\/mpppstweb\/index.php\/2024\/05\/25\/acto-de-celebracion\/#primaryimage"},"thumbnailUrl":"https:\/\/www.mpppst.gob.ve\/mpppstweb\/wp-content\/uploads\/2024\/05\/photo_5082666136788642942_y.jpg","datePublished":"2024-05-25T16:48:32+00:00","dateModified":"2024-05-25T16:48:33+00:00","description":"en el MPPPST, celebraron a los trabajadores con un acto en conmemoraci\u00f3n a la clase obrera, realizado por los ni\u00f1os de la guarder\u00eda C.E.I.A.","breadcrumb":{"@id":"https:\/\/www.mpppst.gob.ve\/mpppstweb\/index.php\/2024\/05\/25\/acto-de-celebracion\/#breadcrumb"},"inLanguage":"es","potentialAction":[{"@type":"ReadAction","target":["https:\/\/www.mpppst.gob.ve\/mpppstweb\/index.php\/2024\/05\/25\/acto-de-celebracion\/"]}]},{"@type":"ImageObject","inLanguage":"es","@id":"https:\/\/www.mpppst.gob.ve\/mpppstweb\/index.php\/2024\/05\/25\/acto-de-celebracion\/#primaryimage","url":"https:\/\/www.mpppst.gob.ve\/mpppstweb\/wp-content\/uploads\/2024\/05\/photo_5082666136788642942_y.jpg","contentUrl":"https:\/\/www.mpppst.gob.ve\/mpppstweb\/wp-content\/uploads\/2024\/05\/photo_5082666136788642942_y.jpg","width":1280,"height":881,"caption":"Este viernes se ejecuto un acto en conmemoraci\u00f3n a la clase obrera ,realizado por los ni\u00f1os de la guarder\u00eda del Centro Educaci\u00f3n Inicial Aut\u00f3nomo (C.E.I.A) , el evento se llevo a cabo en las instalaciones del Ministerio Del Poder Popular para el Proceso Social del Trabajo (MPPPST"},{"@type":"BreadcrumbList","@id":"https:\/\/www.mpppst.gob.ve\/mpppstweb\/index.php\/2024\/05\/25\/acto-de-celebracion\/#breadcrumb","itemListElement":[{"@type":"ListItem","position":1,"name":"Home","item":"https:\/\/www.mpppst.gob.ve\/mpppstweb\/"},{"@type":"ListItem","position":2,"name":"Ni\u00f1os y ni\u00f1as de C.E.I.A. MPPPST, realizan acto cultural y recreativo en homenaje a la clase obrera"}]},{"@type":"WebSite","@id":"https:\/\/www.mpppst.gob.ve\/mpppstweb\/#website","url":"https:\/\/www.mpppst.gob.ve\/mpppstweb\/","name":"MPPPST","description":"Ministerio del Poder Popular para el Proceso Social de Trabajo","publisher":{"@id":"https:\/\/www.mpppst.gob.ve\/mpppstweb\/#organization"},"potentialAction":[{"@type":"SearchAction","target":{"@type":"EntryPoint","urlTemplate":"https:\/\/www.mpppst.gob.ve\/mpppstweb\/?s={search_term_string}"},"query-input":"required name=search_term_string"}],"inLanguage":"es"},{"@type":"Organization","@id":"https:\/\/www.mpppst.gob.ve\/mpppstweb\/#organization","name":"mpppst","url":"https:\/\/www.mpppst.gob.ve\/mpppstweb\/","logo":{"@type":"ImageObject","inLanguage":"es","@id":"https:\/\/www.mpppst.gob.ve\/mpppstweb\/#\/schema\/logo\/image\/","url":"https:\/\/www.mpppst.gob.ve\/mpppstweb\/wp-content\/uploads\/2025\/07\/cropped-cropped-g910.png","contentUrl":"https:\/\/www.mpppst.gob.ve\/mpppstweb\/wp-content\/uploads\/2025\/07\/cropped-cropped-g910.png","width":1080,"height":241,"caption":"mpppst"},"image":{"@id":"https:\/\/www.mpppst.gob.ve\/mpppstweb\/#\/schema\/logo\/image\/"}},{"@type":"Person","@id":"https:\/\/www.mpppst.gob.ve\/mpppstweb\/#\/schema\/person\/fc187ee8ead412bd4c9304b62f900ea4","name":"MPPPST Prensa","url":"https:\/\/www.mpppst.gob.ve\/mpppstweb\/index.php\/author\/prensa-mpppst\/"}]}},"_links":{"self":[{"href":"https:\/\/www.mpppst.gob.ve\/mpppstweb\/index.php\/wp-json\/wp\/v2\/posts\/26207"}],"collection":[{"href":"https:\/\/www.mpppst.gob.ve\/mpppstweb\/index.php\/wp-json\/wp\/v2\/posts"}],"about":[{"href":"https:\/\/www.mpppst.gob.ve\/mpppstweb\/index.php\/wp-json\/wp\/v2\/types\/post"}],"author":[{"embeddable":true,"href":"https:\/\/www.mpppst.gob.ve\/mpppstweb\/index.php\/wp-json\/wp\/v2\/users\/25"}],"replies":[{"embeddable":true,"href":"https:\/\/www.mpppst.gob.ve\/mpppstweb\/index.php\/wp-json\/wp\/v2\/comments?post=26207"}],"version-history":[{"count":1,"href":"https:\/\/www.mpppst.gob.ve\/mpppstweb\/index.php\/wp-json\/wp\/v2\/posts\/26207\/revisions"}],"predecessor-version":[{"id":26209,"href":"https:\/\/www.mpppst.gob.ve\/mpppstweb\/index.php\/wp-json\/wp\/v2\/posts\/26207\/revisions\/26209"}],"wp:featuredmedia":[{"embeddable":true,"href":"https:\/\/www.mpppst.gob.ve\/mpppstweb\/index.php\/wp-json\/wp\/v2\/media\/26208"}],"wp:attachment":[{"href":"https:\/\/www.mpppst.gob.ve\/mpppstweb\/index.php\/wp-json\/wp\/v2\/media?parent=26207"}],"wp:term":[{"taxonomy":"category","embeddable":true,"href":"https:\/\/www.mpppst.gob.ve\/mpppstweb\/index.php\/wp-json\/wp\/v2\/categories?post=26207"},{"taxonomy":"post_tag","embeddable":true,"href":"https:\/\/www.mpppst.gob.ve\/mpppstweb\/index.php\/wp-json\/wp\/v2\/tags?post=26207"}],"curies":[{"name":"wp","href":"https:\/\/api.w.org\/{rel}","templated":true}]}}