{"id":26210,"date":"2024-05-25T12:54:11","date_gmt":"2024-05-25T16:54:11","guid":{"rendered":"http:\/\/www.mpppst.gob.ve\/mpppstweb\/?p=26210"},"modified":"2024-05-25T12:54:13","modified_gmt":"2024-05-25T16:54:13","slug":"mpppst-y-mision-nevado-realizan-jornada-de-atencion-para-las-mascotas-de-la-clase-obrera","status":"publish","type":"post","link":"https:\/\/www.mpppst.gob.ve\/mpppstweb\/index.php\/2024\/05\/25\/mpppst-y-mision-nevado-realizan-jornada-de-atencion-para-las-mascotas-de-la-clase-obrera\/","title":{"rendered":"MPPPST y Misi\u00f3n Nevado realizan jornada de atenci\u00f3n para las mascotas de la clase obrera"},"content":{"rendered":"\n<p><strong>MPPPST, Caracas.- <\/strong>Desde <strong>Plaza Caracas<\/strong>, el <strong>Ministerio del Poder Popular para el Proceso Social de Trabajo<\/strong> (<strong>MPPPST<\/strong>) y <strong>Misi\u00f3n Nevado<\/strong>, realizaron una jornada de atenci\u00f3n veterinaria para las mascotas de los trabajadores, trabajadoras y los transe\u00fantes que pasaban por los alrededores.<\/p>\n\n\n\n<p>La trabajadora del <strong>MPPPST<\/strong>, <strong>Elisa Pocaterra<\/strong>, expres\u00f3 su alegr\u00eda por que su gato amarillo particip\u00f3 en la jornada, le gusto que fue atendido con mucho cari\u00f1o, recibi\u00f3 sus vacunas y la desparasitaci\u00f3n.<\/p>\n\n\n\n<p>Por su parte, <strong>Yenny Quintero<\/strong>, transe\u00fante de la zona, indic\u00f3 que el evento era importante para todos aquellos que tienen mascotas.<\/p>\n\n\n\n<p><em>\u201cAgradecida con el Ministerio del Trabajo por esta jornada que est\u00e1n realizando, importante la colaboraci\u00f3n que est\u00e1n prestando, esto es en pro a la ciudadan\u00eda, gracias por la atenci\u00f3n, mi cachorro recibi\u00f3 la sextuple y el desparasitante\u201d<\/em>, expres\u00f3 <strong>Yenny Quintero<\/strong>.<\/p>\n\n\n\n<p>Mientras que, la <strong>presidente de Misi\u00f3n Nevado<\/strong>, <strong>Maigualida Vargas<\/strong>, indic\u00f3 que se encontraban presentes apoyando a los trabajadores del <strong>MPPPST<\/strong>, con el cuidado de la salud de sus acompa\u00f1antes.<\/p>\n\n\n\n<p><em>\u201cEsos miembros importantes de la familia, que han venido a generar felicidad, tambi\u00e9n requieren atenci\u00f3n, cuidado preventivo, estamos coloc\u00e1ndoles todas sus vacunas, desparasitando y dando consulta gratuita para las mascotas\u201d<\/em>, afirm\u00f3 <strong>Maigualida Vargas.<\/strong><\/p>\n\n\n\n<p>Este evento se realiz\u00f3 bajo los lineamientos del <strong>ministro del MPPPST<\/strong>, <strong>Alexis Corredor P\u00e9rez<\/strong> y la supervisi\u00f3n del <strong>director de Gesti\u00f3n Humana<\/strong>,<strong> Omar Corredor<\/strong>, es importante se\u00f1alar que la actividad se realiz\u00f3 como parte del calendario del <strong>Mayo Obrero 2024<\/strong>.<\/p>\n\n\n\n<p><br><strong>Prensa MPPPST\/Rosa Brito<\/strong><\/p>\n","protected":false},"excerpt":{"rendered":"<p> Desde Plaza Caracas, el Ministerio del Poder Popular para el Proceso Social de Trabajo (MPPPST) y Misi\u00f3n Nevado, realizaron una jornada de atenci\u00f3n veterinaria para las mascotas de los trabajadores, trabajadoras y los transe\u00fantes que pasaban por los alrededores.<\/p>\n","protected":false},"author":25,"featured_media":26212,"comment_status":"closed","ping_status":"closed","sticky":false,"template":"","format":"standard","meta":{"footnotes":""},"categories":[55,82,163],"tags":[225,222,796,223,341,240,227,345],"yoast_head":"<!-- This site is optimized with the Yoast SEO plugin v22.5 - https:\/\/yoast.com\/wordpress\/plugins\/seo\/ -->\n<title>MPPPST y Misi\u00f3n Nevado realizan jornada de atenci\u00f3n para las mascotas de la clase obrera - MPPPST<\/title>\n<meta name=\"description\" content=\"Desde Plaza Caracas, el MPPPST junto a Misi\u00f3n Nevado, realizaron una jornada de atenci\u00f3n veterinaria para las mascotas de l a clase obrera\" \/>\n<meta name=\"robots\" content=\"index, follow, max-snippet:-1, max-image-preview:large, max-video-preview:-1\" \/>\n<link rel=\"canonical\" href=\"https:\/\/www.mpppst.gob.ve\/mpppstweb\/index.php\/2024\/05\/25\/mpppst-y-mision-nevado-realizan-jornada-de-atencion-para-las-mascotas-de-la-clase-obrera\/\" \/>\n<meta property=\"og:locale\" content=\"es_ES\" \/>\n<meta property=\"og:type\" content=\"article\" \/>\n<meta property=\"og:title\" content=\"MPPPST y Misi\u00f3n Nevado realizan jornada de atenci\u00f3n para las mascotas de la clase obrera - MPPPST\" \/>\n<meta property=\"og:description\" content=\"Desde Plaza Caracas, el MPPPST junto a Misi\u00f3n Nevado, realizaron una jornada de atenci\u00f3n veterinaria para las mascotas de l a clase obrera\" \/>\n<meta property=\"og:url\" content=\"https:\/\/www.mpppst.gob.ve\/mpppstweb\/index.php\/2024\/05\/25\/mpppst-y-mision-nevado-realizan-jornada-de-atencion-para-las-mascotas-de-la-clase-obrera\/\" \/>\n<meta property=\"og:site_name\" content=\"MPPPST\" \/>\n<meta property=\"article:published_time\" content=\"2024-05-25T16:54:11+00:00\" \/>\n<meta property=\"article:modified_time\" content=\"2024-05-25T16:54:13+00:00\" \/>\n<meta property=\"og:image\" content=\"https:\/\/www.mpppst.gob.ve\/mpppstweb\/wp-content\/uploads\/2024\/05\/photo_5082666136788642957_y.jpg\" \/>\n\t<meta property=\"og:image:width\" content=\"1280\" \/>\n\t<meta property=\"og:image:height\" content=\"853\" \/>\n\t<meta property=\"og:image:type\" content=\"image\/jpeg\" \/>\n<meta name=\"author\" content=\"MPPPST Prensa\" \/>\n<meta name=\"twitter:card\" content=\"summary_large_image\" \/>\n<meta name=\"twitter:label1\" content=\"Escrito por\" \/>\n\t<meta name=\"twitter:data1\" content=\"MPPPST Prensa\" \/>\n\t<meta name=\"twitter:label2\" content=\"Tiempo de lectura\" \/>\n\t<meta name=\"twitter:data2\" content=\"2 minutos\" \/>\n<script type=\"application\/ld+json\" class=\"yoast-schema-graph\">{\"@context\":\"https:\/\/schema.org\",\"@graph\":[{\"@type\":\"Article\",\"@id\":\"https:\/\/www.mpppst.gob.ve\/mpppstweb\/index.php\/2024\/05\/25\/mpppst-y-mision-nevado-realizan-jornada-de-atencion-para-las-mascotas-de-la-clase-obrera\/#article\",\"isPartOf\":{\"@id\":\"https:\/\/www.mpppst.gob.ve\/mpppstweb\/index.php\/2024\/05\/25\/mpppst-y-mision-nevado-realizan-jornada-de-atencion-para-las-mascotas-de-la-clase-obrera\/\"},\"author\":{\"name\":\"MPPPST Prensa\",\"@id\":\"https:\/\/www.mpppst.gob.ve\/mpppstweb\/#\/schema\/person\/fc187ee8ead412bd4c9304b62f900ea4\"},\"headline\":\"MPPPST y Misi\u00f3n Nevado realizan jornada de atenci\u00f3n para las mascotas de la clase obrera\",\"datePublished\":\"2024-05-25T16:54:11+00:00\",\"dateModified\":\"2024-05-25T16:54:13+00:00\",\"mainEntityOfPage\":{\"@id\":\"https:\/\/www.mpppst.gob.ve\/mpppstweb\/index.php\/2024\/05\/25\/mpppst-y-mision-nevado-realizan-jornada-de-atencion-para-las-mascotas-de-la-clase-obrera\/\"},\"wordCount\":278,\"publisher\":{\"@id\":\"https:\/\/www.mpppst.gob.ve\/mpppstweb\/#organization\"},\"image\":{\"@id\":\"https:\/\/www.mpppst.gob.ve\/mpppstweb\/index.php\/2024\/05\/25\/mpppst-y-mision-nevado-realizan-jornada-de-atencion-para-las-mascotas-de-la-clase-obrera\/#primaryimage\"},\"thumbnailUrl\":\"https:\/\/www.mpppst.gob.ve\/mpppstweb\/wp-content\/uploads\/2024\/05\/photo_5082666136788642957_y.jpg\",\"keywords\":[\"Fuerza Laboral\",\"Gobierno Bolivariano\",\"Misi\u00f3n Nevado\",\"MPPPST\",\"Nicol\u00e1s Maduro\",\"Participaci\u00f3n popular y protag\u00f3nica\",\"Proceso Social\",\"Trabajadores\"],\"articleSection\":[\"Atenci\u00f3n Ciudadana\",\"Gobierno Nacional\",\"Noticias\"],\"inLanguage\":\"es\"},{\"@type\":\"WebPage\",\"@id\":\"https:\/\/www.mpppst.gob.ve\/mpppstweb\/index.php\/2024\/05\/25\/mpppst-y-mision-nevado-realizan-jornada-de-atencion-para-las-mascotas-de-la-clase-obrera\/\",\"url\":\"https:\/\/www.mpppst.gob.ve\/mpppstweb\/index.php\/2024\/05\/25\/mpppst-y-mision-nevado-realizan-jornada-de-atencion-para-las-mascotas-de-la-clase-obrera\/\",\"name\":\"MPPPST y Misi\u00f3n Nevado realizan jornada de atenci\u00f3n para las mascotas de la clase obrera - MPPPST\",\"isPartOf\":{\"@id\":\"https:\/\/www.mpppst.gob.ve\/mpppstweb\/#website\"},\"primaryImageOfPage\":{\"@id\":\"https:\/\/www.mpppst.gob.ve\/mpppstweb\/index.php\/2024\/05\/25\/mpppst-y-mision-nevado-realizan-jornada-de-atencion-para-las-mascotas-de-la-clase-obrera\/#primaryimage\"},\"image\":{\"@id\":\"https:\/\/www.mpppst.gob.ve\/mpppstweb\/index.php\/2024\/05\/25\/mpppst-y-mision-nevado-realizan-jornada-de-atencion-para-las-mascotas-de-la-clase-obrera\/#primaryimage\"},\"thumbnailUrl\":\"https:\/\/www.mpppst.gob.ve\/mpppstweb\/wp-content\/uploads\/2024\/05\/photo_5082666136788642957_y.jpg\",\"datePublished\":\"2024-05-25T16:54:11+00:00\",\"dateModified\":\"2024-05-25T16:54:13+00:00\",\"description\":\"Desde Plaza Caracas, el MPPPST junto a Misi\u00f3n Nevado, realizaron una jornada de atenci\u00f3n veterinaria para las mascotas de l a clase obrera\",\"breadcrumb\":{\"@id\":\"https:\/\/www.mpppst.gob.ve\/mpppstweb\/index.php\/2024\/05\/25\/mpppst-y-mision-nevado-realizan-jornada-de-atencion-para-las-mascotas-de-la-clase-obrera\/#breadcrumb\"},\"inLanguage\":\"es\",\"potentialAction\":[{\"@type\":\"ReadAction\",\"target\":[\"https:\/\/www.mpppst.gob.ve\/mpppstweb\/index.php\/2024\/05\/25\/mpppst-y-mision-nevado-realizan-jornada-de-atencion-para-las-mascotas-de-la-clase-obrera\/\"]}]},{\"@type\":\"ImageObject\",\"inLanguage\":\"es\",\"@id\":\"https:\/\/www.mpppst.gob.ve\/mpppstweb\/index.php\/2024\/05\/25\/mpppst-y-mision-nevado-realizan-jornada-de-atencion-para-las-mascotas-de-la-clase-obrera\/#primaryimage\",\"url\":\"https:\/\/www.mpppst.gob.ve\/mpppstweb\/wp-content\/uploads\/2024\/05\/photo_5082666136788642957_y.jpg\",\"contentUrl\":\"https:\/\/www.mpppst.gob.ve\/mpppstweb\/wp-content\/uploads\/2024\/05\/photo_5082666136788642957_y.jpg\",\"width\":1280,\"height\":853,\"caption\":\"Desde Plaza Caracas, el Ministerio del Poder Popular para el Proceso Social de Trabajo (MPPPST) y Misi\u00f3n Nevado, realizaron una jornada de atenci\u00f3n veterinaria para las mascotas de los trabajadores, trabajadoras y los transe\u00fantes que pasaban por los alrededores.\"},{\"@type\":\"BreadcrumbList\",\"@id\":\"https:\/\/www.mpppst.gob.ve\/mpppstweb\/index.php\/2024\/05\/25\/mpppst-y-mision-nevado-realizan-jornada-de-atencion-para-las-mascotas-de-la-clase-obrera\/#breadcrumb\",\"itemListElement\":[{\"@type\":\"ListItem\",\"position\":1,\"name\":\"Home\",\"item\":\"https:\/\/www.mpppst.gob.ve\/mpppstweb\/\"},{\"@type\":\"ListItem\",\"position\":2,\"name\":\"MPPPST y Misi\u00f3n Nevado realizan jornada de atenci\u00f3n para las mascotas de la clase obrera\"}]},{\"@type\":\"WebSite\",\"@id\":\"https:\/\/www.mpppst.gob.ve\/mpppstweb\/#website\",\"url\":\"https:\/\/www.mpppst.gob.ve\/mpppstweb\/\",\"name\":\"MPPPST\",\"description\":\"Ministerio del Poder Popular para el Proceso Social de Trabajo\",\"publisher\":{\"@id\":\"https:\/\/www.mpppst.gob.ve\/mpppstweb\/#organization\"},\"potentialAction\":[{\"@type\":\"SearchAction\",\"target\":{\"@type\":\"EntryPoint\",\"urlTemplate\":\"https:\/\/www.mpppst.gob.ve\/mpppstweb\/?s={search_term_string}\"},\"query-input\":\"required name=search_term_string\"}],\"inLanguage\":\"es\"},{\"@type\":\"Organization\",\"@id\":\"https:\/\/www.mpppst.gob.ve\/mpppstweb\/#organization\",\"name\":\"mpppst\",\"url\":\"https:\/\/www.mpppst.gob.ve\/mpppstweb\/\",\"logo\":{\"@type\":\"ImageObject\",\"inLanguage\":\"es\",\"@id\":\"https:\/\/www.mpppst.gob.ve\/mpppstweb\/#\/schema\/logo\/image\/\",\"url\":\"https:\/\/www.mpppst.gob.ve\/mpppstweb\/wp-content\/uploads\/2025\/07\/cropped-cropped-g910.png\",\"contentUrl\":\"https:\/\/www.mpppst.gob.ve\/mpppstweb\/wp-content\/uploads\/2025\/07\/cropped-cropped-g910.png\",\"width\":1080,\"height\":241,\"caption\":\"mpppst\"},\"image\":{\"@id\":\"https:\/\/www.mpppst.gob.ve\/mpppstweb\/#\/schema\/logo\/image\/\"}},{\"@type\":\"Person\",\"@id\":\"https:\/\/www.mpppst.gob.ve\/mpppstweb\/#\/schema\/person\/fc187ee8ead412bd4c9304b62f900ea4\",\"name\":\"MPPPST Prensa\",\"url\":\"https:\/\/www.mpppst.gob.ve\/mpppstweb\/index.php\/author\/prensa-mpppst\/\"}]}<\/script>\n<!-- \/ Yoast SEO plugin. -->","yoast_head_json":{"title":"MPPPST y Misi\u00f3n Nevado realizan jornada de atenci\u00f3n para las mascotas de la clase obrera - MPPPST","description":"Desde Plaza Caracas, el MPPPST junto a Misi\u00f3n Nevado, realizaron una jornada de atenci\u00f3n veterinaria para las mascotas de l a clase obrera","robots":{"index":"index","follow":"follow","max-snippet":"max-snippet:-1","max-image-preview":"max-image-preview:large","max-video-preview":"max-video-preview:-1"},"canonical":"https:\/\/www.mpppst.gob.ve\/mpppstweb\/index.php\/2024\/05\/25\/mpppst-y-mision-nevado-realizan-jornada-de-atencion-para-las-mascotas-de-la-clase-obrera\/","og_locale":"es_ES","og_type":"article","og_title":"MPPPST y Misi\u00f3n Nevado realizan jornada de atenci\u00f3n para las mascotas de la clase obrera - MPPPST","og_description":"Desde Plaza Caracas, el MPPPST junto a Misi\u00f3n Nevado, realizaron una jornada de atenci\u00f3n veterinaria para las mascotas de l a clase obrera","og_url":"https:\/\/www.mpppst.gob.ve\/mpppstweb\/index.php\/2024\/05\/25\/mpppst-y-mision-nevado-realizan-jornada-de-atencion-para-las-mascotas-de-la-clase-obrera\/","og_site_name":"MPPPST","article_published_time":"2024-05-25T16:54:11+00:00","article_modified_time":"2024-05-25T16:54:13+00:00","og_image":[{"width":1280,"height":853,"url":"https:\/\/www.mpppst.gob.ve\/mpppstweb\/wp-content\/uploads\/2024\/05\/photo_5082666136788642957_y.jpg","type":"image\/jpeg"}],"author":"MPPPST Prensa","twitter_card":"summary_large_image","twitter_misc":{"Escrito por":"MPPPST Prensa","Tiempo de lectura":"2 minutos"},"schema":{"@context":"https:\/\/schema.org","@graph":[{"@type":"Article","@id":"https:\/\/www.mpppst.gob.ve\/mpppstweb\/index.php\/2024\/05\/25\/mpppst-y-mision-nevado-realizan-jornada-de-atencion-para-las-mascotas-de-la-clase-obrera\/#article","isPartOf":{"@id":"https:\/\/www.mpppst.gob.ve\/mpppstweb\/index.php\/2024\/05\/25\/mpppst-y-mision-nevado-realizan-jornada-de-atencion-para-las-mascotas-de-la-clase-obrera\/"},"author":{"name":"MPPPST Prensa","@id":"https:\/\/www.mpppst.gob.ve\/mpppstweb\/#\/schema\/person\/fc187ee8ead412bd4c9304b62f900ea4"},"headline":"MPPPST y Misi\u00f3n Nevado realizan jornada de atenci\u00f3n para las mascotas de la clase obrera","datePublished":"2024-05-25T16:54:11+00:00","dateModified":"2024-05-25T16:54:13+00:00","mainEntityOfPage":{"@id":"https:\/\/www.mpppst.gob.ve\/mpppstweb\/index.php\/2024\/05\/25\/mpppst-y-mision-nevado-realizan-jornada-de-atencion-para-las-mascotas-de-la-clase-obrera\/"},"wordCount":278,"publisher":{"@id":"https:\/\/www.mpppst.gob.ve\/mpppstweb\/#organization"},"image":{"@id":"https:\/\/www.mpppst.gob.ve\/mpppstweb\/index.php\/2024\/05\/25\/mpppst-y-mision-nevado-realizan-jornada-de-atencion-para-las-mascotas-de-la-clase-obrera\/#primaryimage"},"thumbnailUrl":"https:\/\/www.mpppst.gob.ve\/mpppstweb\/wp-content\/uploads\/2024\/05\/photo_5082666136788642957_y.jpg","keywords":["Fuerza Laboral","Gobierno Bolivariano","Misi\u00f3n Nevado","MPPPST","Nicol\u00e1s Maduro","Participaci\u00f3n popular y protag\u00f3nica","Proceso Social","Trabajadores"],"articleSection":["Atenci\u00f3n Ciudadana","Gobierno Nacional","Noticias"],"inLanguage":"es"},{"@type":"WebPage","@id":"https:\/\/www.mpppst.gob.ve\/mpppstweb\/index.php\/2024\/05\/25\/mpppst-y-mision-nevado-realizan-jornada-de-atencion-para-las-mascotas-de-la-clase-obrera\/","url":"https:\/\/www.mpppst.gob.ve\/mpppstweb\/index.php\/2024\/05\/25\/mpppst-y-mision-nevado-realizan-jornada-de-atencion-para-las-mascotas-de-la-clase-obrera\/","name":"MPPPST y Misi\u00f3n Nevado realizan jornada de atenci\u00f3n para las mascotas de la clase obrera - MPPPST","isPartOf":{"@id":"https:\/\/www.mpppst.gob.ve\/mpppstweb\/#website"},"primaryImageOfPage":{"@id":"https:\/\/www.mpppst.gob.ve\/mpppstweb\/index.php\/2024\/05\/25\/mpppst-y-mision-nevado-realizan-jornada-de-atencion-para-las-mascotas-de-la-clase-obrera\/#primaryimage"},"image":{"@id":"https:\/\/www.mpppst.gob.ve\/mpppstweb\/index.php\/2024\/05\/25\/mpppst-y-mision-nevado-realizan-jornada-de-atencion-para-las-mascotas-de-la-clase-obrera\/#primaryimage"},"thumbnailUrl":"https:\/\/www.mpppst.gob.ve\/mpppstweb\/wp-content\/uploads\/2024\/05\/photo_5082666136788642957_y.jpg","datePublished":"2024-05-25T16:54:11+00:00","dateModified":"2024-05-25T16:54:13+00:00","description":"Desde Plaza Caracas, el MPPPST junto a Misi\u00f3n Nevado, realizaron una jornada de atenci\u00f3n veterinaria para las mascotas de l a clase obrera","breadcrumb":{"@id":"https:\/\/www.mpppst.gob.ve\/mpppstweb\/index.php\/2024\/05\/25\/mpppst-y-mision-nevado-realizan-jornada-de-atencion-para-las-mascotas-de-la-clase-obrera\/#breadcrumb"},"inLanguage":"es","potentialAction":[{"@type":"ReadAction","target":["https:\/\/www.mpppst.gob.ve\/mpppstweb\/index.php\/2024\/05\/25\/mpppst-y-mision-nevado-realizan-jornada-de-atencion-para-las-mascotas-de-la-clase-obrera\/"]}]},{"@type":"ImageObject","inLanguage":"es","@id":"https:\/\/www.mpppst.gob.ve\/mpppstweb\/index.php\/2024\/05\/25\/mpppst-y-mision-nevado-realizan-jornada-de-atencion-para-las-mascotas-de-la-clase-obrera\/#primaryimage","url":"https:\/\/www.mpppst.gob.ve\/mpppstweb\/wp-content\/uploads\/2024\/05\/photo_5082666136788642957_y.jpg","contentUrl":"https:\/\/www.mpppst.gob.ve\/mpppstweb\/wp-content\/uploads\/2024\/05\/photo_5082666136788642957_y.jpg","width":1280,"height":853,"caption":"Desde Plaza Caracas, el Ministerio del Poder Popular para el Proceso Social de Trabajo (MPPPST) y Misi\u00f3n Nevado, realizaron una jornada de atenci\u00f3n veterinaria para las mascotas de los trabajadores, trabajadoras y los transe\u00fantes que pasaban por los alrededores."},{"@type":"BreadcrumbList","@id":"https:\/\/www.mpppst.gob.ve\/mpppstweb\/index.php\/2024\/05\/25\/mpppst-y-mision-nevado-realizan-jornada-de-atencion-para-las-mascotas-de-la-clase-obrera\/#breadcrumb","itemListElement":[{"@type":"ListItem","position":1,"name":"Home","item":"https:\/\/www.mpppst.gob.ve\/mpppstweb\/"},{"@type":"ListItem","position":2,"name":"MPPPST y Misi\u00f3n Nevado realizan jornada de atenci\u00f3n para las mascotas de la clase obrera"}]},{"@type":"WebSite","@id":"https:\/\/www.mpppst.gob.ve\/mpppstweb\/#website","url":"https:\/\/www.mpppst.gob.ve\/mpppstweb\/","name":"MPPPST","description":"Ministerio del Poder Popular para el Proceso Social de Trabajo","publisher":{"@id":"https:\/\/www.mpppst.gob.ve\/mpppstweb\/#organization"},"potentialAction":[{"@type":"SearchAction","target":{"@type":"EntryPoint","urlTemplate":"https:\/\/www.mpppst.gob.ve\/mpppstweb\/?s={search_term_string}"},"query-input":"required name=search_term_string"}],"inLanguage":"es"},{"@type":"Organization","@id":"https:\/\/www.mpppst.gob.ve\/mpppstweb\/#organization","name":"mpppst","url":"https:\/\/www.mpppst.gob.ve\/mpppstweb\/","logo":{"@type":"ImageObject","inLanguage":"es","@id":"https:\/\/www.mpppst.gob.ve\/mpppstweb\/#\/schema\/logo\/image\/","url":"https:\/\/www.mpppst.gob.ve\/mpppstweb\/wp-content\/uploads\/2025\/07\/cropped-cropped-g910.png","contentUrl":"https:\/\/www.mpppst.gob.ve\/mpppstweb\/wp-content\/uploads\/2025\/07\/cropped-cropped-g910.png","width":1080,"height":241,"caption":"mpppst"},"image":{"@id":"https:\/\/www.mpppst.gob.ve\/mpppstweb\/#\/schema\/logo\/image\/"}},{"@type":"Person","@id":"https:\/\/www.mpppst.gob.ve\/mpppstweb\/#\/schema\/person\/fc187ee8ead412bd4c9304b62f900ea4","name":"MPPPST Prensa","url":"https:\/\/www.mpppst.gob.ve\/mpppstweb\/index.php\/author\/prensa-mpppst\/"}]}},"_links":{"self":[{"href":"https:\/\/www.mpppst.gob.ve\/mpppstweb\/index.php\/wp-json\/wp\/v2\/posts\/26210"}],"collection":[{"href":"https:\/\/www.mpppst.gob.ve\/mpppstweb\/index.php\/wp-json\/wp\/v2\/posts"}],"about":[{"href":"https:\/\/www.mpppst.gob.ve\/mpppstweb\/index.php\/wp-json\/wp\/v2\/types\/post"}],"author":[{"embeddable":true,"href":"https:\/\/www.mpppst.gob.ve\/mpppstweb\/index.php\/wp-json\/wp\/v2\/users\/25"}],"replies":[{"embeddable":true,"href":"https:\/\/www.mpppst.gob.ve\/mpppstweb\/index.php\/wp-json\/wp\/v2\/comments?post=26210"}],"version-history":[{"count":1,"href":"https:\/\/www.mpppst.gob.ve\/mpppstweb\/index.php\/wp-json\/wp\/v2\/posts\/26210\/revisions"}],"predecessor-version":[{"id":26213,"href":"https:\/\/www.mpppst.gob.ve\/mpppstweb\/index.php\/wp-json\/wp\/v2\/posts\/26210\/revisions\/26213"}],"wp:featuredmedia":[{"embeddable":true,"href":"https:\/\/www.mpppst.gob.ve\/mpppstweb\/index.php\/wp-json\/wp\/v2\/media\/26212"}],"wp:attachment":[{"href":"https:\/\/www.mpppst.gob.ve\/mpppstweb\/index.php\/wp-json\/wp\/v2\/media?parent=26210"}],"wp:term":[{"taxonomy":"category","embeddable":true,"href":"https:\/\/www.mpppst.gob.ve\/mpppstweb\/index.php\/wp-json\/wp\/v2\/categories?post=26210"},{"taxonomy":"post_tag","embeddable":true,"href":"https:\/\/www.mpppst.gob.ve\/mpppstweb\/index.php\/wp-json\/wp\/v2\/tags?post=26210"}],"curies":[{"name":"wp","href":"https:\/\/api.w.org\/{rel}","templated":true}]}}