{"id":26263,"date":"2024-06-03T12:47:45","date_gmt":"2024-06-03T16:47:45","guid":{"rendered":"http:\/\/www.mpppst.gob.ve\/mpppstweb\/?p=26263"},"modified":"2024-06-03T12:47:47","modified_gmt":"2024-06-03T16:47:47","slug":"brigadista-inpsasel","status":"publish","type":"post","link":"https:\/\/www.mpppst.gob.ve\/mpppstweb\/index.php\/2024\/06\/03\/brigadista-inpsasel\/","title":{"rendered":"Juramentaci\u00f3n de brigadistas e inauguraci\u00f3n de potabilizadora en INPSASEL"},"content":{"rendered":"\n<p class=\"wp-block-paragraph\">MPPPST, Caracas.- En el Instituto Nacional de Prevenci\u00f3n, Salud y Seguridad Social (Inpsasel), celebr\u00f3 la juramentaci\u00f3n de un nuevo grupo de brigadista de emergencia, luego se realiz\u00f3 la inauguraci\u00f3n de la peque\u00f1a planta con sistema de agua potable,  que beneficiar\u00e1 a sus trabajadores y trabajadoras. <\/p>\n\n\n\n<p class=\"wp-block-paragraph\">El presidente de Insapsel, Rusbel Rond\u00f3n, quien expres\u00f3, \u201chemos tomado las previsiones de formar en articulaci\u00f3n perfecta con nuestros hermanos obreros, bomberos, y formar un conjunto de compa\u00f1eros y compa\u00f1eras para que est\u00e9n alerta cualquier eventualidad\u201d. <\/p>\n\n\n\n<figure class=\"wp-block-image alignwide size-large\"><a href=\"https:\/\/www.mpppst.gob.ve\/mpppstweb\/wp-content\/uploads\/2024\/06\/photo_5100479225885994613_y.jpg\"><img loading=\"lazy\" decoding=\"async\" width=\"1024\" height=\"577\" src=\"https:\/\/www.mpppst.gob.ve\/mpppstweb\/wp-content\/uploads\/2024\/06\/photo_5100479225885994613_y-1024x577.jpg\" alt=\"\" class=\"wp-image-26265\" srcset=\"https:\/\/www.mpppst.gob.ve\/mpppstweb\/wp-content\/uploads\/2024\/06\/photo_5100479225885994613_y-1024x577.jpg 1024w, https:\/\/www.mpppst.gob.ve\/mpppstweb\/wp-content\/uploads\/2024\/06\/photo_5100479225885994613_y-300x169.jpg 300w, https:\/\/www.mpppst.gob.ve\/mpppstweb\/wp-content\/uploads\/2024\/06\/photo_5100479225885994613_y-768x433.jpg 768w, https:\/\/www.mpppst.gob.ve\/mpppstweb\/wp-content\/uploads\/2024\/06\/photo_5100479225885994613_y.jpg 1280w\" sizes=\"auto, (max-width: 1024px) 100vw, 1024px\" \/><\/a><\/figure>\n\n\n\n<p class=\"wp-block-paragraph\">Tambi\u00e9n se cont\u00f3 con la presencia del presidente de Instituto para Capacitaci\u00f3n y Recreaci\u00f3n de los Trabajadores (Incret), Nelson Herrera, el Diputado Franklin Rond\u00f3n. <\/p>\n\n\n\n<p class=\"wp-block-paragraph\">La juramentaci\u00f3n estuvo a mano del jefe de la brigada de los bomberos de Caracas, el Coronel Manuel Hern\u00e1ndez, quien trasmiti\u00f3 sus a felicitaciones al grupo de voluntarios, quienes desempe\u00f1aron la capacitaci\u00f3n del curso. <\/p>\n\n\n\n<p class=\"wp-block-paragraph\">Por su parte, la planta potabilizadora, fue una obra esperada por los trabajadores y trabajadoras del instituto, quienes se ver\u00e1n favorecidos con el acceso de este nuevo sistema que otorgar\u00e1 agua limpia y segura para su uso diario. <\/p>\n\n\n\n<figure class=\"wp-block-image alignfull size-large\"><a href=\"https:\/\/www.mpppst.gob.ve\/mpppstweb\/wp-content\/uploads\/2024\/06\/photo_5100479225885994690_y.jpg\"><img loading=\"lazy\" decoding=\"async\" width=\"1024\" height=\"577\" src=\"https:\/\/www.mpppst.gob.ve\/mpppstweb\/wp-content\/uploads\/2024\/06\/photo_5100479225885994690_y-1024x577.jpg\" alt=\"\" class=\"wp-image-26266\" srcset=\"https:\/\/www.mpppst.gob.ve\/mpppstweb\/wp-content\/uploads\/2024\/06\/photo_5100479225885994690_y-1024x577.jpg 1024w, https:\/\/www.mpppst.gob.ve\/mpppstweb\/wp-content\/uploads\/2024\/06\/photo_5100479225885994690_y-300x169.jpg 300w, https:\/\/www.mpppst.gob.ve\/mpppstweb\/wp-content\/uploads\/2024\/06\/photo_5100479225885994690_y-768x433.jpg 768w, https:\/\/www.mpppst.gob.ve\/mpppstweb\/wp-content\/uploads\/2024\/06\/photo_5100479225885994690_y.jpg 1280w\" sizes=\"auto, (max-width: 1024px) 100vw, 1024px\" \/><\/a><\/figure>\n\n\n\n<p class=\"wp-block-paragraph\"><\/p>\n","protected":false},"excerpt":{"rendered":"<p>En el Instituto Nacional de Prevenci\u00f3n, Salud y Seguridad Social (Inpsasel), celebr\u00f3 la juramentaci\u00f3n de un nuevo grupo de brigadista de emergencia, luego se realiz\u00f3 la inauguraci\u00f3n de la peque\u00f1a planta con sistema de agua potable,  que beneficiar\u00e1 a sus trabajadores y trabajadoras.<\/p>\n","protected":false},"author":25,"featured_media":26264,"comment_status":"closed","ping_status":"closed","sticky":false,"template":"","format":"standard","meta":{"footnotes":""},"categories":[163,84],"tags":[225,222,250,223,341,240,227,335],"class_list":["post-26263","post","type-post","status-publish","format-standard","has-post-thumbnail","hentry","category-noticias","category-vidalaboralysindical","tag-fuerza-laboral","tag-gobierno-bolivariano","tag-inpsasel","tag-mpppst","tag-nicolas-maduro","tag-participacion-popular-y-protagonica","tag-proceso-social","tag-venezuela"],"yoast_head":"<!-- This site is optimized with the Yoast SEO plugin v28.4 - https:\/\/yoast.com\/product\/yoast-seo-wordpress\/ -->\n<title>Juramentaci\u00f3n de brigadistas e inauguraci\u00f3n de potabilizadora en INPSASEL - MPPPST<\/title>\n<meta name=\"description\" content=\"En el Inpsasel, celebr\u00f3 la juramentaci\u00f3n de un nuevo grupo de brigadista de emergencia, luego se realiz\u00f3 la inauguraci\u00f3n de la potabilizadora\" \/>\n<meta name=\"robots\" content=\"index, follow, max-snippet:-1, max-image-preview:large, max-video-preview:-1\" \/>\n<link rel=\"canonical\" href=\"https:\/\/www.mpppst.gob.ve\/mpppstweb\/index.php\/2024\/06\/03\/brigadista-inpsasel\/\" \/>\n<meta property=\"og:locale\" content=\"es_ES\" \/>\n<meta property=\"og:type\" content=\"article\" \/>\n<meta property=\"og:title\" content=\"Juramentaci\u00f3n de brigadistas e inauguraci\u00f3n de potabilizadora en INPSASEL - MPPPST\" \/>\n<meta property=\"og:description\" content=\"En el Inpsasel, celebr\u00f3 la juramentaci\u00f3n de un nuevo grupo de brigadista de emergencia, luego se realiz\u00f3 la inauguraci\u00f3n de la potabilizadora\" \/>\n<meta property=\"og:url\" content=\"https:\/\/www.mpppst.gob.ve\/mpppstweb\/index.php\/2024\/06\/03\/brigadista-inpsasel\/\" \/>\n<meta property=\"og:site_name\" content=\"MPPPST\" \/>\n<meta property=\"article:publisher\" content=\"https:\/\/www.facebook.com\/mintrabajo_ve\" \/>\n<meta property=\"article:published_time\" content=\"2024-06-03T16:47:45+00:00\" \/>\n<meta property=\"article:modified_time\" content=\"2024-06-03T16:47:47+00:00\" \/>\n<meta property=\"og:image\" content=\"https:\/\/www.mpppst.gob.ve\/mpppstweb\/wp-content\/uploads\/2024\/06\/photo_5100479225885994624_y.jpg\" \/>\n\t<meta property=\"og:image:width\" content=\"1280\" \/>\n\t<meta property=\"og:image:height\" content=\"721\" \/>\n\t<meta property=\"og:image:type\" content=\"image\/jpeg\" \/>\n<meta name=\"author\" content=\"MPPPST Prensa\" \/>\n<meta name=\"twitter:card\" content=\"summary_large_image\" \/>\n<script type=\"application\/ld+json\" class=\"yoast-schema-graph\">{\"@context\":\"https:\\\/\\\/schema.org\",\"@graph\":[{\"@type\":\"Article\",\"@id\":\"https:\\\/\\\/www.mpppst.gob.ve\\\/mpppstweb\\\/index.php\\\/2024\\\/06\\\/03\\\/brigadista-inpsasel\\\/#article\",\"isPartOf\":{\"@id\":\"https:\\\/\\\/www.mpppst.gob.ve\\\/mpppstweb\\\/index.php\\\/2024\\\/06\\\/03\\\/brigadista-inpsasel\\\/\"},\"author\":{\"name\":\"MPPPST Prensa\",\"@id\":\"https:\\\/\\\/www.mpppst.gob.ve\\\/mpppstweb\\\/#\\\/schema\\\/person\\\/fc187ee8ead412bd4c9304b62f900ea4\"},\"headline\":\"Juramentaci\u00f3n de brigadistas e inauguraci\u00f3n de potabilizadora en INPSASEL\",\"datePublished\":\"2024-06-03T16:47:45+00:00\",\"dateModified\":\"2024-06-03T16:47:47+00:00\",\"mainEntityOfPage\":{\"@id\":\"https:\\\/\\\/www.mpppst.gob.ve\\\/mpppstweb\\\/index.php\\\/2024\\\/06\\\/03\\\/brigadista-inpsasel\\\/\"},\"wordCount\":207,\"publisher\":{\"@id\":\"https:\\\/\\\/www.mpppst.gob.ve\\\/mpppstweb\\\/#organization\"},\"image\":{\"@id\":\"https:\\\/\\\/www.mpppst.gob.ve\\\/mpppstweb\\\/index.php\\\/2024\\\/06\\\/03\\\/brigadista-inpsasel\\\/#primaryimage\"},\"thumbnailUrl\":\"https:\\\/\\\/www.mpppst.gob.ve\\\/mpppstweb\\\/wp-content\\\/uploads\\\/2024\\\/06\\\/photo_5100479225885994624_y.jpg\",\"keywords\":[\"Fuerza Laboral\",\"Gobierno Bolivariano\",\"Inpsasel\",\"MPPPST\",\"Nicol\u00e1s Maduro\",\"Participaci\u00f3n popular y protag\u00f3nica\",\"Proceso Social\",\"Venezuela\"],\"articleSection\":[\"Noticias\",\"Vida Laboral y Sindical\"],\"inLanguage\":\"es\"},{\"@type\":\"WebPage\",\"@id\":\"https:\\\/\\\/www.mpppst.gob.ve\\\/mpppstweb\\\/index.php\\\/2024\\\/06\\\/03\\\/brigadista-inpsasel\\\/\",\"url\":\"https:\\\/\\\/www.mpppst.gob.ve\\\/mpppstweb\\\/index.php\\\/2024\\\/06\\\/03\\\/brigadista-inpsasel\\\/\",\"name\":\"Juramentaci\u00f3n de brigadistas e inauguraci\u00f3n de potabilizadora en INPSASEL - MPPPST\",\"isPartOf\":{\"@id\":\"https:\\\/\\\/www.mpppst.gob.ve\\\/mpppstweb\\\/#website\"},\"primaryImageOfPage\":{\"@id\":\"https:\\\/\\\/www.mpppst.gob.ve\\\/mpppstweb\\\/index.php\\\/2024\\\/06\\\/03\\\/brigadista-inpsasel\\\/#primaryimage\"},\"image\":{\"@id\":\"https:\\\/\\\/www.mpppst.gob.ve\\\/mpppstweb\\\/index.php\\\/2024\\\/06\\\/03\\\/brigadista-inpsasel\\\/#primaryimage\"},\"thumbnailUrl\":\"https:\\\/\\\/www.mpppst.gob.ve\\\/mpppstweb\\\/wp-content\\\/uploads\\\/2024\\\/06\\\/photo_5100479225885994624_y.jpg\",\"datePublished\":\"2024-06-03T16:47:45+00:00\",\"dateModified\":\"2024-06-03T16:47:47+00:00\",\"description\":\"En el Inpsasel, celebr\u00f3 la juramentaci\u00f3n de un nuevo grupo de brigadista de emergencia, luego se realiz\u00f3 la inauguraci\u00f3n de la potabilizadora\",\"breadcrumb\":{\"@id\":\"https:\\\/\\\/www.mpppst.gob.ve\\\/mpppstweb\\\/index.php\\\/2024\\\/06\\\/03\\\/brigadista-inpsasel\\\/#breadcrumb\"},\"inLanguage\":\"es\",\"potentialAction\":[{\"@type\":\"ReadAction\",\"target\":[\"https:\\\/\\\/www.mpppst.gob.ve\\\/mpppstweb\\\/index.php\\\/2024\\\/06\\\/03\\\/brigadista-inpsasel\\\/\"]}]},{\"@type\":\"ImageObject\",\"inLanguage\":\"es\",\"@id\":\"https:\\\/\\\/www.mpppst.gob.ve\\\/mpppstweb\\\/index.php\\\/2024\\\/06\\\/03\\\/brigadista-inpsasel\\\/#primaryimage\",\"url\":\"https:\\\/\\\/www.mpppst.gob.ve\\\/mpppstweb\\\/wp-content\\\/uploads\\\/2024\\\/06\\\/photo_5100479225885994624_y.jpg\",\"contentUrl\":\"https:\\\/\\\/www.mpppst.gob.ve\\\/mpppstweb\\\/wp-content\\\/uploads\\\/2024\\\/06\\\/photo_5100479225885994624_y.jpg\",\"width\":1280,\"height\":721,\"caption\":\"En el Instituto Nacional de Prevenci\u00f3n, Salud y Seguridad Social (Inpsasel), celebr\u00f3 la juramentaci\u00f3n de un nuevo grupo de brigadista de emergencia, luego se realiz\u00f3 la inauguraci\u00f3n de la peque\u00f1a planta con sistema de agua potable, que beneficiar\u00e1 a sus trabajadores y trabajadoras.\"},{\"@type\":\"BreadcrumbList\",\"@id\":\"https:\\\/\\\/www.mpppst.gob.ve\\\/mpppstweb\\\/index.php\\\/2024\\\/06\\\/03\\\/brigadista-inpsasel\\\/#breadcrumb\",\"itemListElement\":[{\"@type\":\"ListItem\",\"position\":1,\"name\":\"Home\",\"item\":\"https:\\\/\\\/www.mpppst.gob.ve\\\/mpppstweb\\\/\"},{\"@type\":\"ListItem\",\"position\":2,\"name\":\"Juramentaci\u00f3n de brigadistas e inauguraci\u00f3n de potabilizadora en INPSASEL\"}]},{\"@type\":\"WebSite\",\"@id\":\"https:\\\/\\\/www.mpppst.gob.ve\\\/mpppstweb\\\/#website\",\"url\":\"https:\\\/\\\/www.mpppst.gob.ve\\\/mpppstweb\\\/\",\"name\":\"MPPPST\",\"description\":\"Sitio web oficial del Ministerio del Poder Popular para el Proceso Social de Trabajo\",\"publisher\":{\"@id\":\"https:\\\/\\\/www.mpppst.gob.ve\\\/mpppstweb\\\/#organization\"},\"alternateName\":\"Ministerio del Poder Popular para el Proceso Social de Trabajo\",\"potentialAction\":[{\"@type\":\"SearchAction\",\"target\":{\"@type\":\"EntryPoint\",\"urlTemplate\":\"https:\\\/\\\/www.mpppst.gob.ve\\\/mpppstweb\\\/?s={search_term_string}\"},\"query-input\":{\"@type\":\"PropertyValueSpecification\",\"valueRequired\":true,\"valueName\":\"search_term_string\"}}],\"inLanguage\":\"es\"},{\"@type\":\"Organization\",\"@id\":\"https:\\\/\\\/www.mpppst.gob.ve\\\/mpppstweb\\\/#organization\",\"name\":\"Ministerio del Poder Popular para el Proceso Social de Trabajo\",\"alternateName\":\"MPPPST\",\"url\":\"https:\\\/\\\/www.mpppst.gob.ve\\\/mpppstweb\\\/\",\"logo\":{\"@type\":\"ImageObject\",\"inLanguage\":\"es\",\"@id\":\"https:\\\/\\\/www.mpppst.gob.ve\\\/mpppstweb\\\/#\\\/schema\\\/logo\\\/image\\\/\",\"url\":\"https:\\\/\\\/www.mpppst.gob.ve\\\/mpppstweb\\\/wp-content\\\/uploads\\\/2025\\\/07\\\/cropped-cropped-g910.png\",\"contentUrl\":\"https:\\\/\\\/www.mpppst.gob.ve\\\/mpppstweb\\\/wp-content\\\/uploads\\\/2025\\\/07\\\/cropped-cropped-g910.png\",\"width\":1080,\"height\":241,\"caption\":\"Ministerio del Poder Popular para el Proceso Social de Trabajo\"},\"image\":{\"@id\":\"https:\\\/\\\/www.mpppst.gob.ve\\\/mpppstweb\\\/#\\\/schema\\\/logo\\\/image\\\/\"},\"sameAs\":[\"https:\\\/\\\/www.facebook.com\\\/mintrabajo_ve\",\"https:\\\/\\\/www.instagram.com\\\/mintrabajo_ve\\\/\",\"https:\\\/\\\/www.tiktok.com\\\/@mintrabajo_ve\",\"https:\\\/\\\/t.me\\\/mpppst\"]},{\"@type\":\"Person\",\"@id\":\"https:\\\/\\\/www.mpppst.gob.ve\\\/mpppstweb\\\/#\\\/schema\\\/person\\\/fc187ee8ead412bd4c9304b62f900ea4\",\"name\":\"MPPPST Prensa\",\"url\":\"https:\\\/\\\/www.mpppst.gob.ve\\\/mpppstweb\\\/index.php\\\/author\\\/prensa-mpppst\\\/\"}]}<\/script>\n<!-- \/ Yoast SEO plugin. -->","yoast_head_json":{"title":"Juramentaci\u00f3n de brigadistas e inauguraci\u00f3n de potabilizadora en INPSASEL - MPPPST","description":"En el Inpsasel, celebr\u00f3 la juramentaci\u00f3n de un nuevo grupo de brigadista de emergencia, luego se realiz\u00f3 la inauguraci\u00f3n de la potabilizadora","robots":{"index":"index","follow":"follow","max-snippet":"max-snippet:-1","max-image-preview":"max-image-preview:large","max-video-preview":"max-video-preview:-1"},"canonical":"https:\/\/www.mpppst.gob.ve\/mpppstweb\/index.php\/2024\/06\/03\/brigadista-inpsasel\/","og_locale":"es_ES","og_type":"article","og_title":"Juramentaci\u00f3n de brigadistas e inauguraci\u00f3n de potabilizadora en INPSASEL - MPPPST","og_description":"En el Inpsasel, celebr\u00f3 la juramentaci\u00f3n de un nuevo grupo de brigadista de emergencia, luego se realiz\u00f3 la inauguraci\u00f3n de la potabilizadora","og_url":"https:\/\/www.mpppst.gob.ve\/mpppstweb\/index.php\/2024\/06\/03\/brigadista-inpsasel\/","og_site_name":"MPPPST","article_publisher":"https:\/\/www.facebook.com\/mintrabajo_ve","article_published_time":"2024-06-03T16:47:45+00:00","article_modified_time":"2024-06-03T16:47:47+00:00","og_image":[{"width":1280,"height":721,"url":"https:\/\/www.mpppst.gob.ve\/mpppstweb\/wp-content\/uploads\/2024\/06\/photo_5100479225885994624_y.jpg","type":"image\/jpeg"}],"author":"MPPPST Prensa","twitter_card":"summary_large_image","schema":{"@context":"https:\/\/schema.org","@graph":[{"@type":"Article","@id":"https:\/\/www.mpppst.gob.ve\/mpppstweb\/index.php\/2024\/06\/03\/brigadista-inpsasel\/#article","isPartOf":{"@id":"https:\/\/www.mpppst.gob.ve\/mpppstweb\/index.php\/2024\/06\/03\/brigadista-inpsasel\/"},"author":{"name":"MPPPST Prensa","@id":"https:\/\/www.mpppst.gob.ve\/mpppstweb\/#\/schema\/person\/fc187ee8ead412bd4c9304b62f900ea4"},"headline":"Juramentaci\u00f3n de brigadistas e inauguraci\u00f3n de potabilizadora en INPSASEL","datePublished":"2024-06-03T16:47:45+00:00","dateModified":"2024-06-03T16:47:47+00:00","mainEntityOfPage":{"@id":"https:\/\/www.mpppst.gob.ve\/mpppstweb\/index.php\/2024\/06\/03\/brigadista-inpsasel\/"},"wordCount":207,"publisher":{"@id":"https:\/\/www.mpppst.gob.ve\/mpppstweb\/#organization"},"image":{"@id":"https:\/\/www.mpppst.gob.ve\/mpppstweb\/index.php\/2024\/06\/03\/brigadista-inpsasel\/#primaryimage"},"thumbnailUrl":"https:\/\/www.mpppst.gob.ve\/mpppstweb\/wp-content\/uploads\/2024\/06\/photo_5100479225885994624_y.jpg","keywords":["Fuerza Laboral","Gobierno Bolivariano","Inpsasel","MPPPST","Nicol\u00e1s Maduro","Participaci\u00f3n popular y protag\u00f3nica","Proceso Social","Venezuela"],"articleSection":["Noticias","Vida Laboral y Sindical"],"inLanguage":"es"},{"@type":"WebPage","@id":"https:\/\/www.mpppst.gob.ve\/mpppstweb\/index.php\/2024\/06\/03\/brigadista-inpsasel\/","url":"https:\/\/www.mpppst.gob.ve\/mpppstweb\/index.php\/2024\/06\/03\/brigadista-inpsasel\/","name":"Juramentaci\u00f3n de brigadistas e inauguraci\u00f3n de potabilizadora en INPSASEL - MPPPST","isPartOf":{"@id":"https:\/\/www.mpppst.gob.ve\/mpppstweb\/#website"},"primaryImageOfPage":{"@id":"https:\/\/www.mpppst.gob.ve\/mpppstweb\/index.php\/2024\/06\/03\/brigadista-inpsasel\/#primaryimage"},"image":{"@id":"https:\/\/www.mpppst.gob.ve\/mpppstweb\/index.php\/2024\/06\/03\/brigadista-inpsasel\/#primaryimage"},"thumbnailUrl":"https:\/\/www.mpppst.gob.ve\/mpppstweb\/wp-content\/uploads\/2024\/06\/photo_5100479225885994624_y.jpg","datePublished":"2024-06-03T16:47:45+00:00","dateModified":"2024-06-03T16:47:47+00:00","description":"En el Inpsasel, celebr\u00f3 la juramentaci\u00f3n de un nuevo grupo de brigadista de emergencia, luego se realiz\u00f3 la inauguraci\u00f3n de la potabilizadora","breadcrumb":{"@id":"https:\/\/www.mpppst.gob.ve\/mpppstweb\/index.php\/2024\/06\/03\/brigadista-inpsasel\/#breadcrumb"},"inLanguage":"es","potentialAction":[{"@type":"ReadAction","target":["https:\/\/www.mpppst.gob.ve\/mpppstweb\/index.php\/2024\/06\/03\/brigadista-inpsasel\/"]}]},{"@type":"ImageObject","inLanguage":"es","@id":"https:\/\/www.mpppst.gob.ve\/mpppstweb\/index.php\/2024\/06\/03\/brigadista-inpsasel\/#primaryimage","url":"https:\/\/www.mpppst.gob.ve\/mpppstweb\/wp-content\/uploads\/2024\/06\/photo_5100479225885994624_y.jpg","contentUrl":"https:\/\/www.mpppst.gob.ve\/mpppstweb\/wp-content\/uploads\/2024\/06\/photo_5100479225885994624_y.jpg","width":1280,"height":721,"caption":"En el Instituto Nacional de Prevenci\u00f3n, Salud y Seguridad Social (Inpsasel), celebr\u00f3 la juramentaci\u00f3n de un nuevo grupo de brigadista de emergencia, luego se realiz\u00f3 la inauguraci\u00f3n de la peque\u00f1a planta con sistema de agua potable, que beneficiar\u00e1 a sus trabajadores y trabajadoras."},{"@type":"BreadcrumbList","@id":"https:\/\/www.mpppst.gob.ve\/mpppstweb\/index.php\/2024\/06\/03\/brigadista-inpsasel\/#breadcrumb","itemListElement":[{"@type":"ListItem","position":1,"name":"Home","item":"https:\/\/www.mpppst.gob.ve\/mpppstweb\/"},{"@type":"ListItem","position":2,"name":"Juramentaci\u00f3n de brigadistas e inauguraci\u00f3n de potabilizadora en INPSASEL"}]},{"@type":"WebSite","@id":"https:\/\/www.mpppst.gob.ve\/mpppstweb\/#website","url":"https:\/\/www.mpppst.gob.ve\/mpppstweb\/","name":"MPPPST","description":"Sitio web oficial del Ministerio del Poder Popular para el Proceso Social de Trabajo","publisher":{"@id":"https:\/\/www.mpppst.gob.ve\/mpppstweb\/#organization"},"alternateName":"Ministerio del Poder Popular para el Proceso Social de Trabajo","potentialAction":[{"@type":"SearchAction","target":{"@type":"EntryPoint","urlTemplate":"https:\/\/www.mpppst.gob.ve\/mpppstweb\/?s={search_term_string}"},"query-input":{"@type":"PropertyValueSpecification","valueRequired":true,"valueName":"search_term_string"}}],"inLanguage":"es"},{"@type":"Organization","@id":"https:\/\/www.mpppst.gob.ve\/mpppstweb\/#organization","name":"Ministerio del Poder Popular para el Proceso Social de Trabajo","alternateName":"MPPPST","url":"https:\/\/www.mpppst.gob.ve\/mpppstweb\/","logo":{"@type":"ImageObject","inLanguage":"es","@id":"https:\/\/www.mpppst.gob.ve\/mpppstweb\/#\/schema\/logo\/image\/","url":"https:\/\/www.mpppst.gob.ve\/mpppstweb\/wp-content\/uploads\/2025\/07\/cropped-cropped-g910.png","contentUrl":"https:\/\/www.mpppst.gob.ve\/mpppstweb\/wp-content\/uploads\/2025\/07\/cropped-cropped-g910.png","width":1080,"height":241,"caption":"Ministerio del Poder Popular para el Proceso Social de Trabajo"},"image":{"@id":"https:\/\/www.mpppst.gob.ve\/mpppstweb\/#\/schema\/logo\/image\/"},"sameAs":["https:\/\/www.facebook.com\/mintrabajo_ve","https:\/\/www.instagram.com\/mintrabajo_ve\/","https:\/\/www.tiktok.com\/@mintrabajo_ve","https:\/\/t.me\/mpppst"]},{"@type":"Person","@id":"https:\/\/www.mpppst.gob.ve\/mpppstweb\/#\/schema\/person\/fc187ee8ead412bd4c9304b62f900ea4","name":"MPPPST Prensa","url":"https:\/\/www.mpppst.gob.ve\/mpppstweb\/index.php\/author\/prensa-mpppst\/"}]}},"_links":{"self":[{"href":"https:\/\/www.mpppst.gob.ve\/mpppstweb\/index.php\/wp-json\/wp\/v2\/posts\/26263","targetHints":{"allow":["GET"]}}],"collection":[{"href":"https:\/\/www.mpppst.gob.ve\/mpppstweb\/index.php\/wp-json\/wp\/v2\/posts"}],"about":[{"href":"https:\/\/www.mpppst.gob.ve\/mpppstweb\/index.php\/wp-json\/wp\/v2\/types\/post"}],"author":[{"embeddable":true,"href":"https:\/\/www.mpppst.gob.ve\/mpppstweb\/index.php\/wp-json\/wp\/v2\/users\/25"}],"replies":[{"embeddable":true,"href":"https:\/\/www.mpppst.gob.ve\/mpppstweb\/index.php\/wp-json\/wp\/v2\/comments?post=26263"}],"version-history":[{"count":1,"href":"https:\/\/www.mpppst.gob.ve\/mpppstweb\/index.php\/wp-json\/wp\/v2\/posts\/26263\/revisions"}],"predecessor-version":[{"id":26267,"href":"https:\/\/www.mpppst.gob.ve\/mpppstweb\/index.php\/wp-json\/wp\/v2\/posts\/26263\/revisions\/26267"}],"wp:featuredmedia":[{"embeddable":true,"href":"https:\/\/www.mpppst.gob.ve\/mpppstweb\/index.php\/wp-json\/wp\/v2\/media\/26264"}],"wp:attachment":[{"href":"https:\/\/www.mpppst.gob.ve\/mpppstweb\/index.php\/wp-json\/wp\/v2\/media?parent=26263"}],"wp:term":[{"taxonomy":"category","embeddable":true,"href":"https:\/\/www.mpppst.gob.ve\/mpppstweb\/index.php\/wp-json\/wp\/v2\/categories?post=26263"},{"taxonomy":"post_tag","embeddable":true,"href":"https:\/\/www.mpppst.gob.ve\/mpppstweb\/index.php\/wp-json\/wp\/v2\/tags?post=26263"}],"curies":[{"name":"wp","href":"https:\/\/api.w.org\/{rel}","templated":true}]}}