{"id":26277,"date":"2024-06-04T13:12:25","date_gmt":"2024-06-04T17:12:25","guid":{"rendered":"http:\/\/www.mpppst.gob.ve\/mpppstweb\/?p=26277"},"modified":"2024-06-04T13:12:26","modified_gmt":"2024-06-04T17:12:26","slug":"plan-integral","status":"publish","type":"post","link":"https:\/\/www.mpppst.gob.ve\/mpppstweb\/index.php\/2024\/06\/04\/plan-integral\/","title":{"rendered":"El estado Lara recibi\u00f3 los operativos del Plan Integral de Inspecci\u00f3n Agropecuaria y Av\u00edcola"},"content":{"rendered":"\n<p><strong>MPPPST, Caracas<\/strong>.- El <strong>Ministerio del Poder Popular para el Proceso Social de Trabajo<\/strong> (<strong>MPPPST<\/strong>), junto con la <strong>viceministra<\/strong> del <strong>Sistema Integrado de Inspecci\u00f3n Laboral<\/strong>, <strong>Rosal\u00eda Zingales<\/strong>, participaron durante 10 d\u00edas en el operativo de <strong>Plan Integral de Inspecci\u00f3n Agropecuaria<\/strong> <strong>y Av\u00edcola<\/strong>, tambi\u00e9n conocida como <strong>PIIA<\/strong>.<\/p>\n\n\n\n<p>Este operativo se organiz\u00f3 en el estado <strong>Lara<\/strong>, tuvo una duraci\u00f3n de <strong>10 d\u00edas<\/strong>, y fueron visitadas m\u00e1s <strong>375 empresas<\/strong> en el <strong>municipio Torres<\/strong>, <strong>ciudad Carora<\/strong>.<\/p>\n\n\n\n<p>Durante el operativo, se realizaron <strong>375<\/strong> inspecciones integrales, donde <strong>2467<\/strong> trabajadores y trabajadoras fueron impactadas con el proceso del <strong>Plan Integral<\/strong>, tambi\u00e9n se cont\u00f3 con el levantamiento de <strong>70<\/strong> informes a entidades de trabajo no dependientes, y se contabilizaron <strong>171<\/strong> empleados, siendo <strong>122<\/strong> masculinos y <strong>49<\/strong> femeninas.<\/p>\n\n\n\n<p>El <strong>municipio Torre<\/strong> es de producci\u00f3n agropecuaria y agr\u00edcola, donde el principal producto son frutas, hortaliza y animales.<\/p>\n\n\n\n<p>En la visita, se desarrollaron conversatorios para la asesor\u00eda colectiva de los productores en este campo, con respecto a los derechos y deberes de cada uno de los trabajadores y trabajadoras, adem\u00e1s de temas como la seguridad social, la salud y seguridad laboral.<\/p>\n\n\n\n<p>Cabe destacar, que dichos operativos fueron aprobados y supervisados por el <strong>MPPPST<\/strong>, el <strong>ministro Alexis Corredor P\u00e9rez<\/strong>, y sigui\u00f3 los lineamientos del <strong>Presidente Obrero<\/strong>, <strong>Nicol\u00e1s Maduro Moros<\/strong>.<\/p>\n\n\n\n<p><strong>Prenda MPPST\/Andrea Gonzalez<\/strong><\/p>\n","protected":false},"excerpt":{"rendered":"<p>MPPPST, Caracas.- El Ministerio del Poder Popular para el Proceso Social de Trabajo (MPPPST), junto con &hellip; <a title=\"El estado Lara recibi\u00f3 los operativos del Plan Integral de Inspecci\u00f3n Agropecuaria y Av\u00edcola\" class=\"hm-read-more\" href=\"https:\/\/www.mpppst.gob.ve\/mpppstweb\/index.php\/2024\/06\/04\/plan-integral\/\"><span class=\"screen-reader-text\">El estado Lara recibi\u00f3 los operativos del Plan Integral de Inspecci\u00f3n Agropecuaria y Av\u00edcola<\/span>Read more<\/a><\/p>\n","protected":false},"author":25,"featured_media":26278,"comment_status":"closed","ping_status":"closed","sticky":false,"template":"","format":"standard","meta":{"footnotes":""},"categories":[195,163,630,188,190,279,84],"tags":[803,802],"yoast_head":"<!-- This site is optimized with the Yoast SEO plugin v22.5 - https:\/\/yoast.com\/wordpress\/plugins\/seo\/ -->\n<title>El estado Lara recibi\u00f3 los operativos del Plan Integral de Inspecci\u00f3n Agropecuaria y Av\u00edcola - MPPPST<\/title>\n<meta name=\"description\" content=\"El MPPPST, junto con la viceministra Rosal\u00eda Zingales, llevo a cabo operativo de Plan Integral de Inspecci\u00f3n Agropecuaria y Av\u00edcola PIIA.\" \/>\n<meta name=\"robots\" content=\"index, follow, max-snippet:-1, max-image-preview:large, max-video-preview:-1\" \/>\n<link rel=\"canonical\" href=\"https:\/\/www.mpppst.gob.ve\/mpppstweb\/index.php\/2024\/06\/04\/plan-integral\/\" \/>\n<meta property=\"og:locale\" content=\"es_ES\" \/>\n<meta property=\"og:type\" content=\"article\" \/>\n<meta property=\"og:title\" content=\"El estado Lara recibi\u00f3 los operativos del Plan Integral de Inspecci\u00f3n Agropecuaria y Av\u00edcola - MPPPST\" \/>\n<meta property=\"og:description\" content=\"El MPPPST, junto con la viceministra Rosal\u00eda Zingales, llevo a cabo operativo de Plan Integral de Inspecci\u00f3n Agropecuaria y Av\u00edcola PIIA.\" \/>\n<meta property=\"og:url\" content=\"https:\/\/www.mpppst.gob.ve\/mpppstweb\/index.php\/2024\/06\/04\/plan-integral\/\" \/>\n<meta property=\"og:site_name\" content=\"MPPPST\" \/>\n<meta property=\"article:published_time\" content=\"2024-06-04T17:12:25+00:00\" \/>\n<meta property=\"article:modified_time\" content=\"2024-06-04T17:12:26+00:00\" \/>\n<meta property=\"og:image\" content=\"https:\/\/www.mpppst.gob.ve\/mpppstweb\/wp-content\/uploads\/2024\/06\/WhatsApp-Image-2024-06-04-at-1.00.38-PM.jpeg\" \/>\n\t<meta property=\"og:image:width\" content=\"2304\" \/>\n\t<meta property=\"og:image:height\" content=\"1728\" \/>\n\t<meta property=\"og:image:type\" content=\"image\/jpeg\" \/>\n<meta name=\"author\" content=\"MPPPST Prensa\" \/>\n<meta name=\"twitter:card\" content=\"summary_large_image\" \/>\n<meta name=\"twitter:label1\" content=\"Escrito por\" \/>\n\t<meta name=\"twitter:data1\" content=\"MPPPST Prensa\" \/>\n\t<meta name=\"twitter:label2\" content=\"Tiempo de lectura\" \/>\n\t<meta name=\"twitter:data2\" content=\"2 minutos\" \/>\n<script type=\"application\/ld+json\" class=\"yoast-schema-graph\">{\"@context\":\"https:\/\/schema.org\",\"@graph\":[{\"@type\":\"Article\",\"@id\":\"https:\/\/www.mpppst.gob.ve\/mpppstweb\/index.php\/2024\/06\/04\/plan-integral\/#article\",\"isPartOf\":{\"@id\":\"https:\/\/www.mpppst.gob.ve\/mpppstweb\/index.php\/2024\/06\/04\/plan-integral\/\"},\"author\":{\"name\":\"MPPPST Prensa\",\"@id\":\"https:\/\/www.mpppst.gob.ve\/mpppstweb\/#\/schema\/person\/fc187ee8ead412bd4c9304b62f900ea4\"},\"headline\":\"El estado Lara recibi\u00f3 los operativos del Plan Integral de Inspecci\u00f3n Agropecuaria y Av\u00edcola\",\"datePublished\":\"2024-06-04T17:12:25+00:00\",\"dateModified\":\"2024-06-04T17:12:26+00:00\",\"mainEntityOfPage\":{\"@id\":\"https:\/\/www.mpppst.gob.ve\/mpppstweb\/index.php\/2024\/06\/04\/plan-integral\/\"},\"wordCount\":234,\"publisher\":{\"@id\":\"https:\/\/www.mpppst.gob.ve\/mpppstweb\/#organization\"},\"image\":{\"@id\":\"https:\/\/www.mpppst.gob.ve\/mpppstweb\/index.php\/2024\/06\/04\/plan-integral\/#primaryimage\"},\"thumbnailUrl\":\"https:\/\/www.mpppst.gob.ve\/mpppstweb\/wp-content\/uploads\/2024\/06\/WhatsApp-Image-2024-06-04-at-1.00.38-PM.jpeg\",\"keywords\":[\"PIIA\",\"Plan Integral de Inspecci\u00f3n Agropecuaria y Av\u00edcola\"],\"articleSection\":[\"Fuerza de Trabajo\",\"Noticias\",\"Regionales\",\"Relaciones Laborales\",\"Salud y Seguridad Laboral\",\"Sector Empresarial\",\"Vida Laboral y Sindical\"],\"inLanguage\":\"es\"},{\"@type\":\"WebPage\",\"@id\":\"https:\/\/www.mpppst.gob.ve\/mpppstweb\/index.php\/2024\/06\/04\/plan-integral\/\",\"url\":\"https:\/\/www.mpppst.gob.ve\/mpppstweb\/index.php\/2024\/06\/04\/plan-integral\/\",\"name\":\"El estado Lara recibi\u00f3 los operativos del Plan Integral de Inspecci\u00f3n Agropecuaria y Av\u00edcola - MPPPST\",\"isPartOf\":{\"@id\":\"https:\/\/www.mpppst.gob.ve\/mpppstweb\/#website\"},\"primaryImageOfPage\":{\"@id\":\"https:\/\/www.mpppst.gob.ve\/mpppstweb\/index.php\/2024\/06\/04\/plan-integral\/#primaryimage\"},\"image\":{\"@id\":\"https:\/\/www.mpppst.gob.ve\/mpppstweb\/index.php\/2024\/06\/04\/plan-integral\/#primaryimage\"},\"thumbnailUrl\":\"https:\/\/www.mpppst.gob.ve\/mpppstweb\/wp-content\/uploads\/2024\/06\/WhatsApp-Image-2024-06-04-at-1.00.38-PM.jpeg\",\"datePublished\":\"2024-06-04T17:12:25+00:00\",\"dateModified\":\"2024-06-04T17:12:26+00:00\",\"description\":\"El MPPPST, junto con la viceministra Rosal\u00eda Zingales, llevo a cabo operativo de Plan Integral de Inspecci\u00f3n Agropecuaria y Av\u00edcola PIIA.\",\"breadcrumb\":{\"@id\":\"https:\/\/www.mpppst.gob.ve\/mpppstweb\/index.php\/2024\/06\/04\/plan-integral\/#breadcrumb\"},\"inLanguage\":\"es\",\"potentialAction\":[{\"@type\":\"ReadAction\",\"target\":[\"https:\/\/www.mpppst.gob.ve\/mpppstweb\/index.php\/2024\/06\/04\/plan-integral\/\"]}]},{\"@type\":\"ImageObject\",\"inLanguage\":\"es\",\"@id\":\"https:\/\/www.mpppst.gob.ve\/mpppstweb\/index.php\/2024\/06\/04\/plan-integral\/#primaryimage\",\"url\":\"https:\/\/www.mpppst.gob.ve\/mpppstweb\/wp-content\/uploads\/2024\/06\/WhatsApp-Image-2024-06-04-at-1.00.38-PM.jpeg\",\"contentUrl\":\"https:\/\/www.mpppst.gob.ve\/mpppstweb\/wp-content\/uploads\/2024\/06\/WhatsApp-Image-2024-06-04-at-1.00.38-PM.jpeg\",\"width\":2304,\"height\":1728,\"caption\":\"El Ministerio del Poder Popular para el Proceso Social de Trabajo (MPPPST), junto con la viceministra del Sistema Integrado de Inspecci\u00f3n Laboral, Rosal\u00eda Zingales, participaron durante 10 d\u00edas en el operativo de Plan Integral de Inspecci\u00f3n Agropecuaria y Av\u00edcola, tambi\u00e9n conocida como PIIA.\"},{\"@type\":\"BreadcrumbList\",\"@id\":\"https:\/\/www.mpppst.gob.ve\/mpppstweb\/index.php\/2024\/06\/04\/plan-integral\/#breadcrumb\",\"itemListElement\":[{\"@type\":\"ListItem\",\"position\":1,\"name\":\"Home\",\"item\":\"https:\/\/www.mpppst.gob.ve\/mpppstweb\/\"},{\"@type\":\"ListItem\",\"position\":2,\"name\":\"El estado Lara recibi\u00f3 los operativos del Plan Integral de Inspecci\u00f3n Agropecuaria y Av\u00edcola\"}]},{\"@type\":\"WebSite\",\"@id\":\"https:\/\/www.mpppst.gob.ve\/mpppstweb\/#website\",\"url\":\"https:\/\/www.mpppst.gob.ve\/mpppstweb\/\",\"name\":\"MPPPST\",\"description\":\"Ministerio del Poder Popular para el Proceso Social de Trabajo\",\"publisher\":{\"@id\":\"https:\/\/www.mpppst.gob.ve\/mpppstweb\/#organization\"},\"potentialAction\":[{\"@type\":\"SearchAction\",\"target\":{\"@type\":\"EntryPoint\",\"urlTemplate\":\"https:\/\/www.mpppst.gob.ve\/mpppstweb\/?s={search_term_string}\"},\"query-input\":\"required name=search_term_string\"}],\"inLanguage\":\"es\"},{\"@type\":\"Organization\",\"@id\":\"https:\/\/www.mpppst.gob.ve\/mpppstweb\/#organization\",\"name\":\"mpppst\",\"url\":\"https:\/\/www.mpppst.gob.ve\/mpppstweb\/\",\"logo\":{\"@type\":\"ImageObject\",\"inLanguage\":\"es\",\"@id\":\"https:\/\/www.mpppst.gob.ve\/mpppstweb\/#\/schema\/logo\/image\/\",\"url\":\"https:\/\/www.mpppst.gob.ve\/mpppstweb\/wp-content\/uploads\/2025\/07\/cropped-cropped-g910.png\",\"contentUrl\":\"https:\/\/www.mpppst.gob.ve\/mpppstweb\/wp-content\/uploads\/2025\/07\/cropped-cropped-g910.png\",\"width\":1080,\"height\":241,\"caption\":\"mpppst\"},\"image\":{\"@id\":\"https:\/\/www.mpppst.gob.ve\/mpppstweb\/#\/schema\/logo\/image\/\"}},{\"@type\":\"Person\",\"@id\":\"https:\/\/www.mpppst.gob.ve\/mpppstweb\/#\/schema\/person\/fc187ee8ead412bd4c9304b62f900ea4\",\"name\":\"MPPPST Prensa\",\"url\":\"https:\/\/www.mpppst.gob.ve\/mpppstweb\/index.php\/author\/prensa-mpppst\/\"}]}<\/script>\n<!-- \/ Yoast SEO plugin. -->","yoast_head_json":{"title":"El estado Lara recibi\u00f3 los operativos del Plan Integral de Inspecci\u00f3n Agropecuaria y Av\u00edcola - MPPPST","description":"El MPPPST, junto con la viceministra Rosal\u00eda Zingales, llevo a cabo operativo de Plan Integral de Inspecci\u00f3n Agropecuaria y Av\u00edcola PIIA.","robots":{"index":"index","follow":"follow","max-snippet":"max-snippet:-1","max-image-preview":"max-image-preview:large","max-video-preview":"max-video-preview:-1"},"canonical":"https:\/\/www.mpppst.gob.ve\/mpppstweb\/index.php\/2024\/06\/04\/plan-integral\/","og_locale":"es_ES","og_type":"article","og_title":"El estado Lara recibi\u00f3 los operativos del Plan Integral de Inspecci\u00f3n Agropecuaria y Av\u00edcola - MPPPST","og_description":"El MPPPST, junto con la viceministra Rosal\u00eda Zingales, llevo a cabo operativo de Plan Integral de Inspecci\u00f3n Agropecuaria y Av\u00edcola PIIA.","og_url":"https:\/\/www.mpppst.gob.ve\/mpppstweb\/index.php\/2024\/06\/04\/plan-integral\/","og_site_name":"MPPPST","article_published_time":"2024-06-04T17:12:25+00:00","article_modified_time":"2024-06-04T17:12:26+00:00","og_image":[{"width":2304,"height":1728,"url":"https:\/\/www.mpppst.gob.ve\/mpppstweb\/wp-content\/uploads\/2024\/06\/WhatsApp-Image-2024-06-04-at-1.00.38-PM.jpeg","type":"image\/jpeg"}],"author":"MPPPST Prensa","twitter_card":"summary_large_image","twitter_misc":{"Escrito por":"MPPPST Prensa","Tiempo de lectura":"2 minutos"},"schema":{"@context":"https:\/\/schema.org","@graph":[{"@type":"Article","@id":"https:\/\/www.mpppst.gob.ve\/mpppstweb\/index.php\/2024\/06\/04\/plan-integral\/#article","isPartOf":{"@id":"https:\/\/www.mpppst.gob.ve\/mpppstweb\/index.php\/2024\/06\/04\/plan-integral\/"},"author":{"name":"MPPPST Prensa","@id":"https:\/\/www.mpppst.gob.ve\/mpppstweb\/#\/schema\/person\/fc187ee8ead412bd4c9304b62f900ea4"},"headline":"El estado Lara recibi\u00f3 los operativos del Plan Integral de Inspecci\u00f3n Agropecuaria y Av\u00edcola","datePublished":"2024-06-04T17:12:25+00:00","dateModified":"2024-06-04T17:12:26+00:00","mainEntityOfPage":{"@id":"https:\/\/www.mpppst.gob.ve\/mpppstweb\/index.php\/2024\/06\/04\/plan-integral\/"},"wordCount":234,"publisher":{"@id":"https:\/\/www.mpppst.gob.ve\/mpppstweb\/#organization"},"image":{"@id":"https:\/\/www.mpppst.gob.ve\/mpppstweb\/index.php\/2024\/06\/04\/plan-integral\/#primaryimage"},"thumbnailUrl":"https:\/\/www.mpppst.gob.ve\/mpppstweb\/wp-content\/uploads\/2024\/06\/WhatsApp-Image-2024-06-04-at-1.00.38-PM.jpeg","keywords":["PIIA","Plan Integral de Inspecci\u00f3n Agropecuaria y Av\u00edcola"],"articleSection":["Fuerza de Trabajo","Noticias","Regionales","Relaciones Laborales","Salud y Seguridad Laboral","Sector Empresarial","Vida Laboral y Sindical"],"inLanguage":"es"},{"@type":"WebPage","@id":"https:\/\/www.mpppst.gob.ve\/mpppstweb\/index.php\/2024\/06\/04\/plan-integral\/","url":"https:\/\/www.mpppst.gob.ve\/mpppstweb\/index.php\/2024\/06\/04\/plan-integral\/","name":"El estado Lara recibi\u00f3 los operativos del Plan Integral de Inspecci\u00f3n Agropecuaria y Av\u00edcola - MPPPST","isPartOf":{"@id":"https:\/\/www.mpppst.gob.ve\/mpppstweb\/#website"},"primaryImageOfPage":{"@id":"https:\/\/www.mpppst.gob.ve\/mpppstweb\/index.php\/2024\/06\/04\/plan-integral\/#primaryimage"},"image":{"@id":"https:\/\/www.mpppst.gob.ve\/mpppstweb\/index.php\/2024\/06\/04\/plan-integral\/#primaryimage"},"thumbnailUrl":"https:\/\/www.mpppst.gob.ve\/mpppstweb\/wp-content\/uploads\/2024\/06\/WhatsApp-Image-2024-06-04-at-1.00.38-PM.jpeg","datePublished":"2024-06-04T17:12:25+00:00","dateModified":"2024-06-04T17:12:26+00:00","description":"El MPPPST, junto con la viceministra Rosal\u00eda Zingales, llevo a cabo operativo de Plan Integral de Inspecci\u00f3n Agropecuaria y Av\u00edcola PIIA.","breadcrumb":{"@id":"https:\/\/www.mpppst.gob.ve\/mpppstweb\/index.php\/2024\/06\/04\/plan-integral\/#breadcrumb"},"inLanguage":"es","potentialAction":[{"@type":"ReadAction","target":["https:\/\/www.mpppst.gob.ve\/mpppstweb\/index.php\/2024\/06\/04\/plan-integral\/"]}]},{"@type":"ImageObject","inLanguage":"es","@id":"https:\/\/www.mpppst.gob.ve\/mpppstweb\/index.php\/2024\/06\/04\/plan-integral\/#primaryimage","url":"https:\/\/www.mpppst.gob.ve\/mpppstweb\/wp-content\/uploads\/2024\/06\/WhatsApp-Image-2024-06-04-at-1.00.38-PM.jpeg","contentUrl":"https:\/\/www.mpppst.gob.ve\/mpppstweb\/wp-content\/uploads\/2024\/06\/WhatsApp-Image-2024-06-04-at-1.00.38-PM.jpeg","width":2304,"height":1728,"caption":"El Ministerio del Poder Popular para el Proceso Social de Trabajo (MPPPST), junto con la viceministra del Sistema Integrado de Inspecci\u00f3n Laboral, Rosal\u00eda Zingales, participaron durante 10 d\u00edas en el operativo de Plan Integral de Inspecci\u00f3n Agropecuaria y Av\u00edcola, tambi\u00e9n conocida como PIIA."},{"@type":"BreadcrumbList","@id":"https:\/\/www.mpppst.gob.ve\/mpppstweb\/index.php\/2024\/06\/04\/plan-integral\/#breadcrumb","itemListElement":[{"@type":"ListItem","position":1,"name":"Home","item":"https:\/\/www.mpppst.gob.ve\/mpppstweb\/"},{"@type":"ListItem","position":2,"name":"El estado Lara recibi\u00f3 los operativos del Plan Integral de Inspecci\u00f3n Agropecuaria y Av\u00edcola"}]},{"@type":"WebSite","@id":"https:\/\/www.mpppst.gob.ve\/mpppstweb\/#website","url":"https:\/\/www.mpppst.gob.ve\/mpppstweb\/","name":"MPPPST","description":"Ministerio del Poder Popular para el Proceso Social de Trabajo","publisher":{"@id":"https:\/\/www.mpppst.gob.ve\/mpppstweb\/#organization"},"potentialAction":[{"@type":"SearchAction","target":{"@type":"EntryPoint","urlTemplate":"https:\/\/www.mpppst.gob.ve\/mpppstweb\/?s={search_term_string}"},"query-input":"required name=search_term_string"}],"inLanguage":"es"},{"@type":"Organization","@id":"https:\/\/www.mpppst.gob.ve\/mpppstweb\/#organization","name":"mpppst","url":"https:\/\/www.mpppst.gob.ve\/mpppstweb\/","logo":{"@type":"ImageObject","inLanguage":"es","@id":"https:\/\/www.mpppst.gob.ve\/mpppstweb\/#\/schema\/logo\/image\/","url":"https:\/\/www.mpppst.gob.ve\/mpppstweb\/wp-content\/uploads\/2025\/07\/cropped-cropped-g910.png","contentUrl":"https:\/\/www.mpppst.gob.ve\/mpppstweb\/wp-content\/uploads\/2025\/07\/cropped-cropped-g910.png","width":1080,"height":241,"caption":"mpppst"},"image":{"@id":"https:\/\/www.mpppst.gob.ve\/mpppstweb\/#\/schema\/logo\/image\/"}},{"@type":"Person","@id":"https:\/\/www.mpppst.gob.ve\/mpppstweb\/#\/schema\/person\/fc187ee8ead412bd4c9304b62f900ea4","name":"MPPPST Prensa","url":"https:\/\/www.mpppst.gob.ve\/mpppstweb\/index.php\/author\/prensa-mpppst\/"}]}},"_links":{"self":[{"href":"https:\/\/www.mpppst.gob.ve\/mpppstweb\/index.php\/wp-json\/wp\/v2\/posts\/26277"}],"collection":[{"href":"https:\/\/www.mpppst.gob.ve\/mpppstweb\/index.php\/wp-json\/wp\/v2\/posts"}],"about":[{"href":"https:\/\/www.mpppst.gob.ve\/mpppstweb\/index.php\/wp-json\/wp\/v2\/types\/post"}],"author":[{"embeddable":true,"href":"https:\/\/www.mpppst.gob.ve\/mpppstweb\/index.php\/wp-json\/wp\/v2\/users\/25"}],"replies":[{"embeddable":true,"href":"https:\/\/www.mpppst.gob.ve\/mpppstweb\/index.php\/wp-json\/wp\/v2\/comments?post=26277"}],"version-history":[{"count":1,"href":"https:\/\/www.mpppst.gob.ve\/mpppstweb\/index.php\/wp-json\/wp\/v2\/posts\/26277\/revisions"}],"predecessor-version":[{"id":26279,"href":"https:\/\/www.mpppst.gob.ve\/mpppstweb\/index.php\/wp-json\/wp\/v2\/posts\/26277\/revisions\/26279"}],"wp:featuredmedia":[{"embeddable":true,"href":"https:\/\/www.mpppst.gob.ve\/mpppstweb\/index.php\/wp-json\/wp\/v2\/media\/26278"}],"wp:attachment":[{"href":"https:\/\/www.mpppst.gob.ve\/mpppstweb\/index.php\/wp-json\/wp\/v2\/media?parent=26277"}],"wp:term":[{"taxonomy":"category","embeddable":true,"href":"https:\/\/www.mpppst.gob.ve\/mpppstweb\/index.php\/wp-json\/wp\/v2\/categories?post=26277"},{"taxonomy":"post_tag","embeddable":true,"href":"https:\/\/www.mpppst.gob.ve\/mpppstweb\/index.php\/wp-json\/wp\/v2\/tags?post=26277"}],"curies":[{"name":"wp","href":"https:\/\/api.w.org\/{rel}","templated":true}]}}