{"id":26284,"date":"2024-06-04T15:32:01","date_gmt":"2024-06-04T19:32:01","guid":{"rendered":"http:\/\/www.mpppst.gob.ve\/mpppstweb\/?p=26284"},"modified":"2024-06-04T15:32:03","modified_gmt":"2024-06-04T19:32:03","slug":"delta-amacuro-y-sucre","status":"publish","type":"post","link":"https:\/\/www.mpppst.gob.ve\/mpppstweb\/index.php\/2024\/06\/04\/delta-amacuro-y-sucre\/","title":{"rendered":"Plan Amor en Acci\u00f3n ayud\u00f3 a las personas afectadas por la MCU en Delta Amacuro y Sucre"},"content":{"rendered":"\n<p><strong>MPPPST<\/strong>, <strong>Caracas<\/strong>.- <strong>El Ministerio del Poder Popular para el Proceso Social de Trabajo<\/strong> (<strong>MPPPST<\/strong>), junto con el presidente del <strong>Instituto Nacional de Capacitaci\u00f3n y Recreaci\u00f3n de los Trabajadores<\/strong> (<strong>Incret<\/strong>), <strong>Nelson Herrera<\/strong>, y el viceministro de <strong>Previsi\u00f3n Social<\/strong>, <strong>Rafael R\u00edos<\/strong>, participaron en el <strong>Plan Amor en Acci\u00f3n<\/strong> en los estados Delta Amacuro y Sucre.<\/p>\n\n\n\n<p>La jornada que se celebr\u00f3 en el estado Delta Amacuro, se realiz\u00f3 en la parroquia San Jos\u00e9 en el municipio Tucupita, y fue presidida por el presidente del <strong>Incret<\/strong>, <strong>Nels\u00f3n Herrera<\/strong>, quien realiz\u00f3 entregas de ayudas t\u00e9cnicas a <strong>1334<\/strong> personas, tambi\u00e9n se le ofreci\u00f3 servicio m\u00e9dico en el \u00e1rea general, se incluy\u00f3 una feria de Campo Soberano para los que deseaban hortalizas.<\/p>\n\n\n\n<figure class=\"wp-block-image alignwide size-large\"><a href=\"http:\/\/www.mpppst.gob.ve\/mpppstweb\/wp-content\/uploads\/2024\/06\/WhatsApp-Image-2024-06-02-at-12.31.03-PM.jpeg\"><img decoding=\"async\" loading=\"lazy\" width=\"1024\" height=\"741\" src=\"http:\/\/www.mpppst.gob.ve\/mpppstweb\/wp-content\/uploads\/2024\/06\/WhatsApp-Image-2024-06-02-at-12.31.03-PM-1024x741.jpeg\" alt=\"\" class=\"wp-image-26286\" srcset=\"https:\/\/www.mpppst.gob.ve\/mpppstweb\/wp-content\/uploads\/2024\/06\/WhatsApp-Image-2024-06-02-at-12.31.03-PM-1024x741.jpeg 1024w, https:\/\/www.mpppst.gob.ve\/mpppstweb\/wp-content\/uploads\/2024\/06\/WhatsApp-Image-2024-06-02-at-12.31.03-PM-300x217.jpeg 300w, https:\/\/www.mpppst.gob.ve\/mpppstweb\/wp-content\/uploads\/2024\/06\/WhatsApp-Image-2024-06-02-at-12.31.03-PM-768x556.jpeg 768w, https:\/\/www.mpppst.gob.ve\/mpppstweb\/wp-content\/uploads\/2024\/06\/WhatsApp-Image-2024-06-02-at-12.31.03-PM-1536x1112.jpeg 1536w, https:\/\/www.mpppst.gob.ve\/mpppstweb\/wp-content\/uploads\/2024\/06\/WhatsApp-Image-2024-06-02-at-12.31.03-PM-2048x1482.jpeg 2048w\" sizes=\"(max-width: 1024px) 100vw, 1024px\" \/><\/a><\/figure>\n\n\n\n<p>Por su parte, el viceministro <strong>Rafael R\u00edos<\/strong>, realiz\u00f3 su recorrido por el estado Sucre, donde la comunidad de El Tacal I, donde <strong>315<\/strong> familias recibieron apoyo de parte del <strong>Movimiento Somos Venezuela <\/strong>(<strong>MSV<\/strong>), adem\u00e1s de recibir apoyo en el \u00e1rea de salud, alimenticia, tambi\u00e9n contaron con la reinauguraci\u00f3n del Centro Ambulatorio M\u00e9dico-Asistencial.<\/p>\n\n\n\n<p>El viceministro <strong>Rafael R\u00edos<\/strong>, destac\u00f3 el excelente trabajo de organizaci\u00f3n y planificaci\u00f3n de la comunidad, que ha demostrado solidaridad y compromiso para resolver sus necesidades, contando con el apoyo constante del <strong>Gobierno Bolivariano<\/strong>.<\/p>\n\n\n\n<p>Las jornadas del <strong>Plan Amor en Acci\u00f3n<\/strong>, se realizan con la finalidad de apoyar a las personas que sufren por las <strong>Medidas Coercitivas Unilaterales <\/strong>(<strong>MCU<\/strong>) que impuso el gobierno norteamericano, es importante recordar que se llevaron a cabo, bajo los lineamientos e instrucciones del <strong>Presidente<\/strong>, <strong>Nicol\u00e1s Maduro Moros<\/strong>, y del <strong>ministro<\/strong>, <strong>Alexis Corredor P\u00e9rez<\/strong>.<\/p>\n\n\n\n<p><strong>Prensa MPPPST\/Rosa Brito<\/strong><\/p>\n","protected":false},"excerpt":{"rendered":"<p>El Ministerio del Poder Popular para el Proceso Social de Trabajo (MPPPST), junto con el presidente del Instituto Nacional de Capacitaci\u00f3n y Recreaci\u00f3n de los Trabajadores (Incret), Nelson Herrera, y el viceministro de Previsi\u00f3n Social, Rafael R\u00edos, participaron en el Plan Amor en Acci\u00f3n en los estados Delta Amacuro y Sucre.<\/p>\n","protected":false},"author":25,"featured_media":26285,"comment_status":"closed","ping_status":"closed","sticky":false,"template":"","format":"standard","meta":{"footnotes":""},"categories":[82,163,630],"tags":[804,615,222,223,240,634,227,335],"yoast_head":"<!-- This site is optimized with the Yoast SEO plugin v22.5 - https:\/\/yoast.com\/wordpress\/plugins\/seo\/ -->\n<title>Plan Amor en Acci\u00f3n ayud\u00f3 a las personas afectadas por la MCU en Delta Amacuro y Sucre - MPPPST<\/title>\n<meta name=\"description\" content=\"Plan Amor en Acci\u00f3n en los estados Delta Amacuro y Sucre fueron precedidos por el MPPPST y el presidente del Incret y el viceministro R\u00edos\" \/>\n<meta name=\"robots\" content=\"index, follow, max-snippet:-1, max-image-preview:large, max-video-preview:-1\" \/>\n<link rel=\"canonical\" href=\"https:\/\/www.mpppst.gob.ve\/mpppstweb\/index.php\/2024\/06\/04\/delta-amacuro-y-sucre\/\" \/>\n<meta property=\"og:locale\" content=\"es_ES\" \/>\n<meta property=\"og:type\" content=\"article\" \/>\n<meta property=\"og:title\" content=\"Plan Amor en Acci\u00f3n ayud\u00f3 a las personas afectadas por la MCU en Delta Amacuro y Sucre - MPPPST\" \/>\n<meta property=\"og:description\" content=\"Plan Amor en Acci\u00f3n en los estados Delta Amacuro y Sucre fueron precedidos por el MPPPST y el presidente del Incret y el viceministro R\u00edos\" \/>\n<meta property=\"og:url\" content=\"https:\/\/www.mpppst.gob.ve\/mpppstweb\/index.php\/2024\/06\/04\/delta-amacuro-y-sucre\/\" \/>\n<meta property=\"og:site_name\" content=\"MPPPST\" \/>\n<meta property=\"article:published_time\" content=\"2024-06-04T19:32:01+00:00\" \/>\n<meta property=\"article:modified_time\" content=\"2024-06-04T19:32:03+00:00\" \/>\n<meta property=\"og:image\" content=\"https:\/\/www.mpppst.gob.ve\/mpppstweb\/wp-content\/uploads\/2024\/06\/WhatsApp-Image-2024-06-03-at-7.22.37-AM.jpeg\" \/>\n\t<meta property=\"og:image:width\" content=\"1280\" \/>\n\t<meta property=\"og:image:height\" content=\"720\" \/>\n\t<meta property=\"og:image:type\" content=\"image\/jpeg\" \/>\n<meta name=\"author\" content=\"MPPPST Prensa\" \/>\n<meta name=\"twitter:card\" content=\"summary_large_image\" \/>\n<meta name=\"twitter:label1\" content=\"Escrito por\" \/>\n\t<meta name=\"twitter:data1\" content=\"MPPPST Prensa\" \/>\n\t<meta name=\"twitter:label2\" content=\"Tiempo de lectura\" \/>\n\t<meta name=\"twitter:data2\" content=\"2 minutos\" \/>\n<script type=\"application\/ld+json\" class=\"yoast-schema-graph\">{\"@context\":\"https:\/\/schema.org\",\"@graph\":[{\"@type\":\"Article\",\"@id\":\"https:\/\/www.mpppst.gob.ve\/mpppstweb\/index.php\/2024\/06\/04\/delta-amacuro-y-sucre\/#article\",\"isPartOf\":{\"@id\":\"https:\/\/www.mpppst.gob.ve\/mpppstweb\/index.php\/2024\/06\/04\/delta-amacuro-y-sucre\/\"},\"author\":{\"name\":\"MPPPST Prensa\",\"@id\":\"https:\/\/www.mpppst.gob.ve\/mpppstweb\/#\/schema\/person\/fc187ee8ead412bd4c9304b62f900ea4\"},\"headline\":\"Plan Amor en Acci\u00f3n ayud\u00f3 a las personas afectadas por la MCU en Delta Amacuro y Sucre\",\"datePublished\":\"2024-06-04T19:32:01+00:00\",\"dateModified\":\"2024-06-04T19:32:03+00:00\",\"mainEntityOfPage\":{\"@id\":\"https:\/\/www.mpppst.gob.ve\/mpppstweb\/index.php\/2024\/06\/04\/delta-amacuro-y-sucre\/\"},\"wordCount\":295,\"publisher\":{\"@id\":\"https:\/\/www.mpppst.gob.ve\/mpppstweb\/#organization\"},\"image\":{\"@id\":\"https:\/\/www.mpppst.gob.ve\/mpppstweb\/index.php\/2024\/06\/04\/delta-amacuro-y-sucre\/#primaryimage\"},\"thumbnailUrl\":\"https:\/\/www.mpppst.gob.ve\/mpppstweb\/wp-content\/uploads\/2024\/06\/WhatsApp-Image-2024-06-03-at-7.22.37-AM.jpeg\",\"keywords\":[\"Delta Amacuro\",\"Edo. Sucre\",\"Gobierno Bolivariano\",\"MPPPST\",\"Participaci\u00f3n popular y protag\u00f3nica\",\"Plan de Amor en Acci\u00f3n\",\"Proceso Social\",\"Venezuela\"],\"articleSection\":[\"Gobierno Nacional\",\"Noticias\",\"Regionales\"],\"inLanguage\":\"es\"},{\"@type\":\"WebPage\",\"@id\":\"https:\/\/www.mpppst.gob.ve\/mpppstweb\/index.php\/2024\/06\/04\/delta-amacuro-y-sucre\/\",\"url\":\"https:\/\/www.mpppst.gob.ve\/mpppstweb\/index.php\/2024\/06\/04\/delta-amacuro-y-sucre\/\",\"name\":\"Plan Amor en Acci\u00f3n ayud\u00f3 a las personas afectadas por la MCU en Delta Amacuro y Sucre - MPPPST\",\"isPartOf\":{\"@id\":\"https:\/\/www.mpppst.gob.ve\/mpppstweb\/#website\"},\"primaryImageOfPage\":{\"@id\":\"https:\/\/www.mpppst.gob.ve\/mpppstweb\/index.php\/2024\/06\/04\/delta-amacuro-y-sucre\/#primaryimage\"},\"image\":{\"@id\":\"https:\/\/www.mpppst.gob.ve\/mpppstweb\/index.php\/2024\/06\/04\/delta-amacuro-y-sucre\/#primaryimage\"},\"thumbnailUrl\":\"https:\/\/www.mpppst.gob.ve\/mpppstweb\/wp-content\/uploads\/2024\/06\/WhatsApp-Image-2024-06-03-at-7.22.37-AM.jpeg\",\"datePublished\":\"2024-06-04T19:32:01+00:00\",\"dateModified\":\"2024-06-04T19:32:03+00:00\",\"description\":\"Plan Amor en Acci\u00f3n en los estados Delta Amacuro y Sucre fueron precedidos por el MPPPST y el presidente del Incret y el viceministro R\u00edos\",\"breadcrumb\":{\"@id\":\"https:\/\/www.mpppst.gob.ve\/mpppstweb\/index.php\/2024\/06\/04\/delta-amacuro-y-sucre\/#breadcrumb\"},\"inLanguage\":\"es\",\"potentialAction\":[{\"@type\":\"ReadAction\",\"target\":[\"https:\/\/www.mpppst.gob.ve\/mpppstweb\/index.php\/2024\/06\/04\/delta-amacuro-y-sucre\/\"]}]},{\"@type\":\"ImageObject\",\"inLanguage\":\"es\",\"@id\":\"https:\/\/www.mpppst.gob.ve\/mpppstweb\/index.php\/2024\/06\/04\/delta-amacuro-y-sucre\/#primaryimage\",\"url\":\"https:\/\/www.mpppst.gob.ve\/mpppstweb\/wp-content\/uploads\/2024\/06\/WhatsApp-Image-2024-06-03-at-7.22.37-AM.jpeg\",\"contentUrl\":\"https:\/\/www.mpppst.gob.ve\/mpppstweb\/wp-content\/uploads\/2024\/06\/WhatsApp-Image-2024-06-03-at-7.22.37-AM.jpeg\",\"width\":1280,\"height\":720,\"caption\":\"El Ministerio del Poder Popular para el Proceso Social de Trabajo (MPPPST), junto con el presidente del Instituto Nacional de Capacitaci\u00f3n y Recreaci\u00f3n de los Trabajadores (Incret), Nelson Herrera, y el viceministro de Previsi\u00f3n Social, Rafael R\u00edos, participaron en el Plan Amor en Acci\u00f3n en los estados Delta Amacuro y Sucre.\"},{\"@type\":\"BreadcrumbList\",\"@id\":\"https:\/\/www.mpppst.gob.ve\/mpppstweb\/index.php\/2024\/06\/04\/delta-amacuro-y-sucre\/#breadcrumb\",\"itemListElement\":[{\"@type\":\"ListItem\",\"position\":1,\"name\":\"Home\",\"item\":\"https:\/\/www.mpppst.gob.ve\/mpppstweb\/\"},{\"@type\":\"ListItem\",\"position\":2,\"name\":\"Plan Amor en Acci\u00f3n ayud\u00f3 a las personas afectadas por la MCU en Delta Amacuro y Sucre\"}]},{\"@type\":\"WebSite\",\"@id\":\"https:\/\/www.mpppst.gob.ve\/mpppstweb\/#website\",\"url\":\"https:\/\/www.mpppst.gob.ve\/mpppstweb\/\",\"name\":\"MPPPST\",\"description\":\"Ministerio del Poder Popular para el Proceso Social de Trabajo\",\"publisher\":{\"@id\":\"https:\/\/www.mpppst.gob.ve\/mpppstweb\/#organization\"},\"potentialAction\":[{\"@type\":\"SearchAction\",\"target\":{\"@type\":\"EntryPoint\",\"urlTemplate\":\"https:\/\/www.mpppst.gob.ve\/mpppstweb\/?s={search_term_string}\"},\"query-input\":\"required name=search_term_string\"}],\"inLanguage\":\"es\"},{\"@type\":\"Organization\",\"@id\":\"https:\/\/www.mpppst.gob.ve\/mpppstweb\/#organization\",\"name\":\"mpppst\",\"url\":\"https:\/\/www.mpppst.gob.ve\/mpppstweb\/\",\"logo\":{\"@type\":\"ImageObject\",\"inLanguage\":\"es\",\"@id\":\"https:\/\/www.mpppst.gob.ve\/mpppstweb\/#\/schema\/logo\/image\/\",\"url\":\"https:\/\/www.mpppst.gob.ve\/mpppstweb\/wp-content\/uploads\/2025\/07\/cropped-cropped-g910.png\",\"contentUrl\":\"https:\/\/www.mpppst.gob.ve\/mpppstweb\/wp-content\/uploads\/2025\/07\/cropped-cropped-g910.png\",\"width\":1080,\"height\":241,\"caption\":\"mpppst\"},\"image\":{\"@id\":\"https:\/\/www.mpppst.gob.ve\/mpppstweb\/#\/schema\/logo\/image\/\"}},{\"@type\":\"Person\",\"@id\":\"https:\/\/www.mpppst.gob.ve\/mpppstweb\/#\/schema\/person\/fc187ee8ead412bd4c9304b62f900ea4\",\"name\":\"MPPPST Prensa\",\"url\":\"https:\/\/www.mpppst.gob.ve\/mpppstweb\/index.php\/author\/prensa-mpppst\/\"}]}<\/script>\n<!-- \/ Yoast SEO plugin. -->","yoast_head_json":{"title":"Plan Amor en Acci\u00f3n ayud\u00f3 a las personas afectadas por la MCU en Delta Amacuro y Sucre - MPPPST","description":"Plan Amor en Acci\u00f3n en los estados Delta Amacuro y Sucre fueron precedidos por el MPPPST y el presidente del Incret y el viceministro R\u00edos","robots":{"index":"index","follow":"follow","max-snippet":"max-snippet:-1","max-image-preview":"max-image-preview:large","max-video-preview":"max-video-preview:-1"},"canonical":"https:\/\/www.mpppst.gob.ve\/mpppstweb\/index.php\/2024\/06\/04\/delta-amacuro-y-sucre\/","og_locale":"es_ES","og_type":"article","og_title":"Plan Amor en Acci\u00f3n ayud\u00f3 a las personas afectadas por la MCU en Delta Amacuro y Sucre - MPPPST","og_description":"Plan Amor en Acci\u00f3n en los estados Delta Amacuro y Sucre fueron precedidos por el MPPPST y el presidente del Incret y el viceministro R\u00edos","og_url":"https:\/\/www.mpppst.gob.ve\/mpppstweb\/index.php\/2024\/06\/04\/delta-amacuro-y-sucre\/","og_site_name":"MPPPST","article_published_time":"2024-06-04T19:32:01+00:00","article_modified_time":"2024-06-04T19:32:03+00:00","og_image":[{"width":1280,"height":720,"url":"https:\/\/www.mpppst.gob.ve\/mpppstweb\/wp-content\/uploads\/2024\/06\/WhatsApp-Image-2024-06-03-at-7.22.37-AM.jpeg","type":"image\/jpeg"}],"author":"MPPPST Prensa","twitter_card":"summary_large_image","twitter_misc":{"Escrito por":"MPPPST Prensa","Tiempo de lectura":"2 minutos"},"schema":{"@context":"https:\/\/schema.org","@graph":[{"@type":"Article","@id":"https:\/\/www.mpppst.gob.ve\/mpppstweb\/index.php\/2024\/06\/04\/delta-amacuro-y-sucre\/#article","isPartOf":{"@id":"https:\/\/www.mpppst.gob.ve\/mpppstweb\/index.php\/2024\/06\/04\/delta-amacuro-y-sucre\/"},"author":{"name":"MPPPST Prensa","@id":"https:\/\/www.mpppst.gob.ve\/mpppstweb\/#\/schema\/person\/fc187ee8ead412bd4c9304b62f900ea4"},"headline":"Plan Amor en Acci\u00f3n ayud\u00f3 a las personas afectadas por la MCU en Delta Amacuro y Sucre","datePublished":"2024-06-04T19:32:01+00:00","dateModified":"2024-06-04T19:32:03+00:00","mainEntityOfPage":{"@id":"https:\/\/www.mpppst.gob.ve\/mpppstweb\/index.php\/2024\/06\/04\/delta-amacuro-y-sucre\/"},"wordCount":295,"publisher":{"@id":"https:\/\/www.mpppst.gob.ve\/mpppstweb\/#organization"},"image":{"@id":"https:\/\/www.mpppst.gob.ve\/mpppstweb\/index.php\/2024\/06\/04\/delta-amacuro-y-sucre\/#primaryimage"},"thumbnailUrl":"https:\/\/www.mpppst.gob.ve\/mpppstweb\/wp-content\/uploads\/2024\/06\/WhatsApp-Image-2024-06-03-at-7.22.37-AM.jpeg","keywords":["Delta Amacuro","Edo. Sucre","Gobierno Bolivariano","MPPPST","Participaci\u00f3n popular y protag\u00f3nica","Plan de Amor en Acci\u00f3n","Proceso Social","Venezuela"],"articleSection":["Gobierno Nacional","Noticias","Regionales"],"inLanguage":"es"},{"@type":"WebPage","@id":"https:\/\/www.mpppst.gob.ve\/mpppstweb\/index.php\/2024\/06\/04\/delta-amacuro-y-sucre\/","url":"https:\/\/www.mpppst.gob.ve\/mpppstweb\/index.php\/2024\/06\/04\/delta-amacuro-y-sucre\/","name":"Plan Amor en Acci\u00f3n ayud\u00f3 a las personas afectadas por la MCU en Delta Amacuro y Sucre - MPPPST","isPartOf":{"@id":"https:\/\/www.mpppst.gob.ve\/mpppstweb\/#website"},"primaryImageOfPage":{"@id":"https:\/\/www.mpppst.gob.ve\/mpppstweb\/index.php\/2024\/06\/04\/delta-amacuro-y-sucre\/#primaryimage"},"image":{"@id":"https:\/\/www.mpppst.gob.ve\/mpppstweb\/index.php\/2024\/06\/04\/delta-amacuro-y-sucre\/#primaryimage"},"thumbnailUrl":"https:\/\/www.mpppst.gob.ve\/mpppstweb\/wp-content\/uploads\/2024\/06\/WhatsApp-Image-2024-06-03-at-7.22.37-AM.jpeg","datePublished":"2024-06-04T19:32:01+00:00","dateModified":"2024-06-04T19:32:03+00:00","description":"Plan Amor en Acci\u00f3n en los estados Delta Amacuro y Sucre fueron precedidos por el MPPPST y el presidente del Incret y el viceministro R\u00edos","breadcrumb":{"@id":"https:\/\/www.mpppst.gob.ve\/mpppstweb\/index.php\/2024\/06\/04\/delta-amacuro-y-sucre\/#breadcrumb"},"inLanguage":"es","potentialAction":[{"@type":"ReadAction","target":["https:\/\/www.mpppst.gob.ve\/mpppstweb\/index.php\/2024\/06\/04\/delta-amacuro-y-sucre\/"]}]},{"@type":"ImageObject","inLanguage":"es","@id":"https:\/\/www.mpppst.gob.ve\/mpppstweb\/index.php\/2024\/06\/04\/delta-amacuro-y-sucre\/#primaryimage","url":"https:\/\/www.mpppst.gob.ve\/mpppstweb\/wp-content\/uploads\/2024\/06\/WhatsApp-Image-2024-06-03-at-7.22.37-AM.jpeg","contentUrl":"https:\/\/www.mpppst.gob.ve\/mpppstweb\/wp-content\/uploads\/2024\/06\/WhatsApp-Image-2024-06-03-at-7.22.37-AM.jpeg","width":1280,"height":720,"caption":"El Ministerio del Poder Popular para el Proceso Social de Trabajo (MPPPST), junto con el presidente del Instituto Nacional de Capacitaci\u00f3n y Recreaci\u00f3n de los Trabajadores (Incret), Nelson Herrera, y el viceministro de Previsi\u00f3n Social, Rafael R\u00edos, participaron en el Plan Amor en Acci\u00f3n en los estados Delta Amacuro y Sucre."},{"@type":"BreadcrumbList","@id":"https:\/\/www.mpppst.gob.ve\/mpppstweb\/index.php\/2024\/06\/04\/delta-amacuro-y-sucre\/#breadcrumb","itemListElement":[{"@type":"ListItem","position":1,"name":"Home","item":"https:\/\/www.mpppst.gob.ve\/mpppstweb\/"},{"@type":"ListItem","position":2,"name":"Plan Amor en Acci\u00f3n ayud\u00f3 a las personas afectadas por la MCU en Delta Amacuro y Sucre"}]},{"@type":"WebSite","@id":"https:\/\/www.mpppst.gob.ve\/mpppstweb\/#website","url":"https:\/\/www.mpppst.gob.ve\/mpppstweb\/","name":"MPPPST","description":"Ministerio del Poder Popular para el Proceso Social de Trabajo","publisher":{"@id":"https:\/\/www.mpppst.gob.ve\/mpppstweb\/#organization"},"potentialAction":[{"@type":"SearchAction","target":{"@type":"EntryPoint","urlTemplate":"https:\/\/www.mpppst.gob.ve\/mpppstweb\/?s={search_term_string}"},"query-input":"required name=search_term_string"}],"inLanguage":"es"},{"@type":"Organization","@id":"https:\/\/www.mpppst.gob.ve\/mpppstweb\/#organization","name":"mpppst","url":"https:\/\/www.mpppst.gob.ve\/mpppstweb\/","logo":{"@type":"ImageObject","inLanguage":"es","@id":"https:\/\/www.mpppst.gob.ve\/mpppstweb\/#\/schema\/logo\/image\/","url":"https:\/\/www.mpppst.gob.ve\/mpppstweb\/wp-content\/uploads\/2025\/07\/cropped-cropped-g910.png","contentUrl":"https:\/\/www.mpppst.gob.ve\/mpppstweb\/wp-content\/uploads\/2025\/07\/cropped-cropped-g910.png","width":1080,"height":241,"caption":"mpppst"},"image":{"@id":"https:\/\/www.mpppst.gob.ve\/mpppstweb\/#\/schema\/logo\/image\/"}},{"@type":"Person","@id":"https:\/\/www.mpppst.gob.ve\/mpppstweb\/#\/schema\/person\/fc187ee8ead412bd4c9304b62f900ea4","name":"MPPPST Prensa","url":"https:\/\/www.mpppst.gob.ve\/mpppstweb\/index.php\/author\/prensa-mpppst\/"}]}},"_links":{"self":[{"href":"https:\/\/www.mpppst.gob.ve\/mpppstweb\/index.php\/wp-json\/wp\/v2\/posts\/26284"}],"collection":[{"href":"https:\/\/www.mpppst.gob.ve\/mpppstweb\/index.php\/wp-json\/wp\/v2\/posts"}],"about":[{"href":"https:\/\/www.mpppst.gob.ve\/mpppstweb\/index.php\/wp-json\/wp\/v2\/types\/post"}],"author":[{"embeddable":true,"href":"https:\/\/www.mpppst.gob.ve\/mpppstweb\/index.php\/wp-json\/wp\/v2\/users\/25"}],"replies":[{"embeddable":true,"href":"https:\/\/www.mpppst.gob.ve\/mpppstweb\/index.php\/wp-json\/wp\/v2\/comments?post=26284"}],"version-history":[{"count":1,"href":"https:\/\/www.mpppst.gob.ve\/mpppstweb\/index.php\/wp-json\/wp\/v2\/posts\/26284\/revisions"}],"predecessor-version":[{"id":26287,"href":"https:\/\/www.mpppst.gob.ve\/mpppstweb\/index.php\/wp-json\/wp\/v2\/posts\/26284\/revisions\/26287"}],"wp:featuredmedia":[{"embeddable":true,"href":"https:\/\/www.mpppst.gob.ve\/mpppstweb\/index.php\/wp-json\/wp\/v2\/media\/26285"}],"wp:attachment":[{"href":"https:\/\/www.mpppst.gob.ve\/mpppstweb\/index.php\/wp-json\/wp\/v2\/media?parent=26284"}],"wp:term":[{"taxonomy":"category","embeddable":true,"href":"https:\/\/www.mpppst.gob.ve\/mpppstweb\/index.php\/wp-json\/wp\/v2\/categories?post=26284"},{"taxonomy":"post_tag","embeddable":true,"href":"https:\/\/www.mpppst.gob.ve\/mpppstweb\/index.php\/wp-json\/wp\/v2\/tags?post=26284"}],"curies":[{"name":"wp","href":"https:\/\/api.w.org\/{rel}","templated":true}]}}