{"id":26323,"date":"2024-06-16T12:54:11","date_gmt":"2024-06-16T16:54:11","guid":{"rendered":"http:\/\/www.mpppst.gob.ve\/mpppstweb\/?p=26323"},"modified":"2024-06-16T12:54:13","modified_gmt":"2024-06-16T16:54:13","slug":"padres-obreros","status":"publish","type":"post","link":"https:\/\/www.mpppst.gob.ve\/mpppstweb\/index.php\/2024\/06\/16\/padres-obreros\/","title":{"rendered":"Ministro del MPPPST celebra el D\u00eda del Padre con la Clase Obrera"},"content":{"rendered":"\n<p><strong>MPPPST, Caracas.<\/strong>-En el <strong>Ministerio del Poder Popular para el Proceso Social de Trabajo<\/strong> (<strong>MPPPST<\/strong>), se celebr\u00f3 un homenaje a los <strong>Padres Obreros<\/strong>, donde celebraron su d\u00eda con m\u00fasica en vivo y regalos.<\/p>\n\n\n\n<p>Durante la celebraci\u00f3n, el <strong>Ministro del MPPPST<\/strong>, <strong>Alexis Corredor P\u00e9rez<\/strong>, le indic\u00f3 a los trabajadores presentes que la actividad fue de coraz\u00f3n, y record\u00f3 que todos los presentes no son simplemente compa\u00f1eros y compa\u00f1eras, sino familia.<\/p>\n\n\n\n<p><em>\u201cPara nuestro equipo de trabajo este tipo de actividades son fundamentales, (\u2026), gracias al Presidente, Nicol\u00e1s Maduro, y a su equipo de trabajo, hay una estabilidad pol\u00edtica en el pa\u00eds, venimos avanzando hacia una recuperaci\u00f3n econ\u00f3mica, una gran estabilidad que nos permite hacer este tipo de actividades porque somos familia\u201d<\/em>, afirm\u00f3 el <strong>Ministro<\/strong>,<strong> Alexis Corredor P\u00e9rez<\/strong>.<\/p>\n\n\n\n<p>El grupo de m\u00fasica llanera, <strong>Esencia Venezolana<\/strong>, agradeci\u00f3 por su participaci\u00f3n, d\u00e1ndole paso al grupo de salsa <strong>Son Obreros<\/strong>, quienes animaron al p\u00fablico a bailar y a disfrutar.<\/p>\n\n\n\n<p>Mientras que el <strong>Ministro Corredor P\u00e9rez<\/strong>, se\u00f1al\u00f3 que traer a estos grupos para que todos los trabajadores y trabajadoras disfrutaran de la herencia musical.<\/p>\n\n\n\n<p>Es importante recordar que en el <strong>MPPPST<\/strong>, se cumple con lo establecido en la Ley Org\u00e1nica del Trabajo, las Trabajadoras y los Trabajadores (<strong>LOTTT<\/strong>) y la recreaci\u00f3n de los trabajadores y trabajadoras, adem\u00e1s este evento fue realizado bajo los lineamientos del Ministro, Alexis Corredor P\u00e9rez.<\/p>\n\n\n\n<p><strong>Prensa MPPPST\/Rosa Brito<\/strong><\/p>\n","protected":false},"excerpt":{"rendered":"<p>En el Ministerio del Poder Popular para el Proceso Social de Trabajo (MPPPST), se celebr\u00f3 un homenaje a los Padres Obreros, donde celebraron su d\u00eda con m\u00fasica en vivo y regalos.<\/p>\n","protected":false},"author":25,"featured_media":26324,"comment_status":"closed","ping_status":"closed","sticky":false,"template":"","format":"standard","meta":{"footnotes":""},"categories":[82,163,149],"tags":[810,225,222,223,341,811,240,345,335],"yoast_head":"<!-- This site is optimized with the Yoast SEO plugin v22.5 - https:\/\/yoast.com\/wordpress\/plugins\/seo\/ -->\n<title>Ministro del MPPPST celebra el D\u00eda del Padre con la Clase Obrera - MPPPST<\/title>\n<meta name=\"description\" content=\"En el MPPPST, se celebr\u00f3 un homenaje a los Padres Obreros, donde celebraron su d\u00eda con m\u00fasica en vivo y regalos.\" \/>\n<meta name=\"robots\" content=\"index, follow, max-snippet:-1, max-image-preview:large, max-video-preview:-1\" \/>\n<link rel=\"canonical\" href=\"https:\/\/www.mpppst.gob.ve\/mpppstweb\/index.php\/2024\/06\/16\/padres-obreros\/\" \/>\n<meta property=\"og:locale\" content=\"es_ES\" \/>\n<meta property=\"og:type\" content=\"article\" \/>\n<meta property=\"og:title\" content=\"Ministro del MPPPST celebra el D\u00eda del Padre con la Clase Obrera - MPPPST\" \/>\n<meta property=\"og:description\" content=\"En el MPPPST, se celebr\u00f3 un homenaje a los Padres Obreros, donde celebraron su d\u00eda con m\u00fasica en vivo y regalos.\" \/>\n<meta property=\"og:url\" content=\"https:\/\/www.mpppst.gob.ve\/mpppstweb\/index.php\/2024\/06\/16\/padres-obreros\/\" \/>\n<meta property=\"og:site_name\" content=\"MPPPST\" \/>\n<meta property=\"article:published_time\" content=\"2024-06-16T16:54:11+00:00\" \/>\n<meta property=\"article:modified_time\" content=\"2024-06-16T16:54:13+00:00\" \/>\n<meta property=\"og:image\" content=\"https:\/\/www.mpppst.gob.ve\/mpppstweb\/wp-content\/uploads\/2024\/06\/padres-3.jpeg\" \/>\n\t<meta property=\"og:image:width\" content=\"1280\" \/>\n\t<meta property=\"og:image:height\" content=\"721\" \/>\n\t<meta property=\"og:image:type\" content=\"image\/jpeg\" \/>\n<meta name=\"author\" content=\"MPPPST Prensa\" \/>\n<meta name=\"twitter:card\" content=\"summary_large_image\" \/>\n<meta name=\"twitter:label1\" content=\"Escrito por\" \/>\n\t<meta name=\"twitter:data1\" content=\"MPPPST Prensa\" \/>\n\t<meta name=\"twitter:label2\" content=\"Tiempo de lectura\" \/>\n\t<meta name=\"twitter:data2\" content=\"2 minutos\" \/>\n<script type=\"application\/ld+json\" class=\"yoast-schema-graph\">{\"@context\":\"https:\/\/schema.org\",\"@graph\":[{\"@type\":\"Article\",\"@id\":\"https:\/\/www.mpppst.gob.ve\/mpppstweb\/index.php\/2024\/06\/16\/padres-obreros\/#article\",\"isPartOf\":{\"@id\":\"https:\/\/www.mpppst.gob.ve\/mpppstweb\/index.php\/2024\/06\/16\/padres-obreros\/\"},\"author\":{\"name\":\"MPPPST Prensa\",\"@id\":\"https:\/\/www.mpppst.gob.ve\/mpppstweb\/#\/schema\/person\/fc187ee8ead412bd4c9304b62f900ea4\"},\"headline\":\"Ministro del MPPPST celebra el D\u00eda del Padre con la Clase Obrera\",\"datePublished\":\"2024-06-16T16:54:11+00:00\",\"dateModified\":\"2024-06-16T16:54:13+00:00\",\"mainEntityOfPage\":{\"@id\":\"https:\/\/www.mpppst.gob.ve\/mpppstweb\/index.php\/2024\/06\/16\/padres-obreros\/\"},\"wordCount\":261,\"publisher\":{\"@id\":\"https:\/\/www.mpppst.gob.ve\/mpppstweb\/#organization\"},\"image\":{\"@id\":\"https:\/\/www.mpppst.gob.ve\/mpppstweb\/index.php\/2024\/06\/16\/padres-obreros\/#primaryimage\"},\"thumbnailUrl\":\"https:\/\/www.mpppst.gob.ve\/mpppstweb\/wp-content\/uploads\/2024\/06\/padres-3.jpeg\",\"keywords\":[\"D\u00eda del Padre\",\"Fuerza Laboral\",\"Gobierno Bolivariano\",\"MPPPST\",\"Nicol\u00e1s Maduro\",\"Padres Trabajadores\",\"Participaci\u00f3n popular y protag\u00f3nica\",\"Trabajadores\",\"Venezuela\"],\"articleSection\":[\"Gobierno Nacional\",\"Noticias\",\"Vida social y Pol\u00edtica\"],\"inLanguage\":\"es\"},{\"@type\":\"WebPage\",\"@id\":\"https:\/\/www.mpppst.gob.ve\/mpppstweb\/index.php\/2024\/06\/16\/padres-obreros\/\",\"url\":\"https:\/\/www.mpppst.gob.ve\/mpppstweb\/index.php\/2024\/06\/16\/padres-obreros\/\",\"name\":\"Ministro del MPPPST celebra el D\u00eda del Padre con la Clase Obrera - MPPPST\",\"isPartOf\":{\"@id\":\"https:\/\/www.mpppst.gob.ve\/mpppstweb\/#website\"},\"primaryImageOfPage\":{\"@id\":\"https:\/\/www.mpppst.gob.ve\/mpppstweb\/index.php\/2024\/06\/16\/padres-obreros\/#primaryimage\"},\"image\":{\"@id\":\"https:\/\/www.mpppst.gob.ve\/mpppstweb\/index.php\/2024\/06\/16\/padres-obreros\/#primaryimage\"},\"thumbnailUrl\":\"https:\/\/www.mpppst.gob.ve\/mpppstweb\/wp-content\/uploads\/2024\/06\/padres-3.jpeg\",\"datePublished\":\"2024-06-16T16:54:11+00:00\",\"dateModified\":\"2024-06-16T16:54:13+00:00\",\"description\":\"En el MPPPST, se celebr\u00f3 un homenaje a los Padres Obreros, donde celebraron su d\u00eda con m\u00fasica en vivo y regalos.\",\"breadcrumb\":{\"@id\":\"https:\/\/www.mpppst.gob.ve\/mpppstweb\/index.php\/2024\/06\/16\/padres-obreros\/#breadcrumb\"},\"inLanguage\":\"es\",\"potentialAction\":[{\"@type\":\"ReadAction\",\"target\":[\"https:\/\/www.mpppst.gob.ve\/mpppstweb\/index.php\/2024\/06\/16\/padres-obreros\/\"]}]},{\"@type\":\"ImageObject\",\"inLanguage\":\"es\",\"@id\":\"https:\/\/www.mpppst.gob.ve\/mpppstweb\/index.php\/2024\/06\/16\/padres-obreros\/#primaryimage\",\"url\":\"https:\/\/www.mpppst.gob.ve\/mpppstweb\/wp-content\/uploads\/2024\/06\/padres-3.jpeg\",\"contentUrl\":\"https:\/\/www.mpppst.gob.ve\/mpppstweb\/wp-content\/uploads\/2024\/06\/padres-3.jpeg\",\"width\":1280,\"height\":721,\"caption\":\"En el Ministerio del Poder Popular para el Proceso Social de Trabajo (MPPPST), se celebr\u00f3 un homenaje a los Padres Obreros, donde celebraron su d\u00eda con m\u00fasica en vivo y regalos.\"},{\"@type\":\"BreadcrumbList\",\"@id\":\"https:\/\/www.mpppst.gob.ve\/mpppstweb\/index.php\/2024\/06\/16\/padres-obreros\/#breadcrumb\",\"itemListElement\":[{\"@type\":\"ListItem\",\"position\":1,\"name\":\"Home\",\"item\":\"https:\/\/www.mpppst.gob.ve\/mpppstweb\/\"},{\"@type\":\"ListItem\",\"position\":2,\"name\":\"Ministro del MPPPST celebra el D\u00eda del Padre con la Clase Obrera\"}]},{\"@type\":\"WebSite\",\"@id\":\"https:\/\/www.mpppst.gob.ve\/mpppstweb\/#website\",\"url\":\"https:\/\/www.mpppst.gob.ve\/mpppstweb\/\",\"name\":\"MPPPST\",\"description\":\"Ministerio del Poder Popular para el Proceso Social de Trabajo\",\"publisher\":{\"@id\":\"https:\/\/www.mpppst.gob.ve\/mpppstweb\/#organization\"},\"potentialAction\":[{\"@type\":\"SearchAction\",\"target\":{\"@type\":\"EntryPoint\",\"urlTemplate\":\"https:\/\/www.mpppst.gob.ve\/mpppstweb\/?s={search_term_string}\"},\"query-input\":\"required name=search_term_string\"}],\"inLanguage\":\"es\"},{\"@type\":\"Organization\",\"@id\":\"https:\/\/www.mpppst.gob.ve\/mpppstweb\/#organization\",\"name\":\"mpppst\",\"url\":\"https:\/\/www.mpppst.gob.ve\/mpppstweb\/\",\"logo\":{\"@type\":\"ImageObject\",\"inLanguage\":\"es\",\"@id\":\"https:\/\/www.mpppst.gob.ve\/mpppstweb\/#\/schema\/logo\/image\/\",\"url\":\"https:\/\/www.mpppst.gob.ve\/mpppstweb\/wp-content\/uploads\/2025\/07\/cropped-cropped-g910.png\",\"contentUrl\":\"https:\/\/www.mpppst.gob.ve\/mpppstweb\/wp-content\/uploads\/2025\/07\/cropped-cropped-g910.png\",\"width\":1080,\"height\":241,\"caption\":\"mpppst\"},\"image\":{\"@id\":\"https:\/\/www.mpppst.gob.ve\/mpppstweb\/#\/schema\/logo\/image\/\"}},{\"@type\":\"Person\",\"@id\":\"https:\/\/www.mpppst.gob.ve\/mpppstweb\/#\/schema\/person\/fc187ee8ead412bd4c9304b62f900ea4\",\"name\":\"MPPPST Prensa\",\"url\":\"https:\/\/www.mpppst.gob.ve\/mpppstweb\/index.php\/author\/prensa-mpppst\/\"}]}<\/script>\n<!-- \/ Yoast SEO plugin. -->","yoast_head_json":{"title":"Ministro del MPPPST celebra el D\u00eda del Padre con la Clase Obrera - MPPPST","description":"En el MPPPST, se celebr\u00f3 un homenaje a los Padres Obreros, donde celebraron su d\u00eda con m\u00fasica en vivo y regalos.","robots":{"index":"index","follow":"follow","max-snippet":"max-snippet:-1","max-image-preview":"max-image-preview:large","max-video-preview":"max-video-preview:-1"},"canonical":"https:\/\/www.mpppst.gob.ve\/mpppstweb\/index.php\/2024\/06\/16\/padres-obreros\/","og_locale":"es_ES","og_type":"article","og_title":"Ministro del MPPPST celebra el D\u00eda del Padre con la Clase Obrera - MPPPST","og_description":"En el MPPPST, se celebr\u00f3 un homenaje a los Padres Obreros, donde celebraron su d\u00eda con m\u00fasica en vivo y regalos.","og_url":"https:\/\/www.mpppst.gob.ve\/mpppstweb\/index.php\/2024\/06\/16\/padres-obreros\/","og_site_name":"MPPPST","article_published_time":"2024-06-16T16:54:11+00:00","article_modified_time":"2024-06-16T16:54:13+00:00","og_image":[{"width":1280,"height":721,"url":"https:\/\/www.mpppst.gob.ve\/mpppstweb\/wp-content\/uploads\/2024\/06\/padres-3.jpeg","type":"image\/jpeg"}],"author":"MPPPST Prensa","twitter_card":"summary_large_image","twitter_misc":{"Escrito por":"MPPPST Prensa","Tiempo de lectura":"2 minutos"},"schema":{"@context":"https:\/\/schema.org","@graph":[{"@type":"Article","@id":"https:\/\/www.mpppst.gob.ve\/mpppstweb\/index.php\/2024\/06\/16\/padres-obreros\/#article","isPartOf":{"@id":"https:\/\/www.mpppst.gob.ve\/mpppstweb\/index.php\/2024\/06\/16\/padres-obreros\/"},"author":{"name":"MPPPST Prensa","@id":"https:\/\/www.mpppst.gob.ve\/mpppstweb\/#\/schema\/person\/fc187ee8ead412bd4c9304b62f900ea4"},"headline":"Ministro del MPPPST celebra el D\u00eda del Padre con la Clase Obrera","datePublished":"2024-06-16T16:54:11+00:00","dateModified":"2024-06-16T16:54:13+00:00","mainEntityOfPage":{"@id":"https:\/\/www.mpppst.gob.ve\/mpppstweb\/index.php\/2024\/06\/16\/padres-obreros\/"},"wordCount":261,"publisher":{"@id":"https:\/\/www.mpppst.gob.ve\/mpppstweb\/#organization"},"image":{"@id":"https:\/\/www.mpppst.gob.ve\/mpppstweb\/index.php\/2024\/06\/16\/padres-obreros\/#primaryimage"},"thumbnailUrl":"https:\/\/www.mpppst.gob.ve\/mpppstweb\/wp-content\/uploads\/2024\/06\/padres-3.jpeg","keywords":["D\u00eda del Padre","Fuerza Laboral","Gobierno Bolivariano","MPPPST","Nicol\u00e1s Maduro","Padres Trabajadores","Participaci\u00f3n popular y protag\u00f3nica","Trabajadores","Venezuela"],"articleSection":["Gobierno Nacional","Noticias","Vida social y Pol\u00edtica"],"inLanguage":"es"},{"@type":"WebPage","@id":"https:\/\/www.mpppst.gob.ve\/mpppstweb\/index.php\/2024\/06\/16\/padres-obreros\/","url":"https:\/\/www.mpppst.gob.ve\/mpppstweb\/index.php\/2024\/06\/16\/padres-obreros\/","name":"Ministro del MPPPST celebra el D\u00eda del Padre con la Clase Obrera - MPPPST","isPartOf":{"@id":"https:\/\/www.mpppst.gob.ve\/mpppstweb\/#website"},"primaryImageOfPage":{"@id":"https:\/\/www.mpppst.gob.ve\/mpppstweb\/index.php\/2024\/06\/16\/padres-obreros\/#primaryimage"},"image":{"@id":"https:\/\/www.mpppst.gob.ve\/mpppstweb\/index.php\/2024\/06\/16\/padres-obreros\/#primaryimage"},"thumbnailUrl":"https:\/\/www.mpppst.gob.ve\/mpppstweb\/wp-content\/uploads\/2024\/06\/padres-3.jpeg","datePublished":"2024-06-16T16:54:11+00:00","dateModified":"2024-06-16T16:54:13+00:00","description":"En el MPPPST, se celebr\u00f3 un homenaje a los Padres Obreros, donde celebraron su d\u00eda con m\u00fasica en vivo y regalos.","breadcrumb":{"@id":"https:\/\/www.mpppst.gob.ve\/mpppstweb\/index.php\/2024\/06\/16\/padres-obreros\/#breadcrumb"},"inLanguage":"es","potentialAction":[{"@type":"ReadAction","target":["https:\/\/www.mpppst.gob.ve\/mpppstweb\/index.php\/2024\/06\/16\/padres-obreros\/"]}]},{"@type":"ImageObject","inLanguage":"es","@id":"https:\/\/www.mpppst.gob.ve\/mpppstweb\/index.php\/2024\/06\/16\/padres-obreros\/#primaryimage","url":"https:\/\/www.mpppst.gob.ve\/mpppstweb\/wp-content\/uploads\/2024\/06\/padres-3.jpeg","contentUrl":"https:\/\/www.mpppst.gob.ve\/mpppstweb\/wp-content\/uploads\/2024\/06\/padres-3.jpeg","width":1280,"height":721,"caption":"En el Ministerio del Poder Popular para el Proceso Social de Trabajo (MPPPST), se celebr\u00f3 un homenaje a los Padres Obreros, donde celebraron su d\u00eda con m\u00fasica en vivo y regalos."},{"@type":"BreadcrumbList","@id":"https:\/\/www.mpppst.gob.ve\/mpppstweb\/index.php\/2024\/06\/16\/padres-obreros\/#breadcrumb","itemListElement":[{"@type":"ListItem","position":1,"name":"Home","item":"https:\/\/www.mpppst.gob.ve\/mpppstweb\/"},{"@type":"ListItem","position":2,"name":"Ministro del MPPPST celebra el D\u00eda del Padre con la Clase Obrera"}]},{"@type":"WebSite","@id":"https:\/\/www.mpppst.gob.ve\/mpppstweb\/#website","url":"https:\/\/www.mpppst.gob.ve\/mpppstweb\/","name":"MPPPST","description":"Ministerio del Poder Popular para el Proceso Social de Trabajo","publisher":{"@id":"https:\/\/www.mpppst.gob.ve\/mpppstweb\/#organization"},"potentialAction":[{"@type":"SearchAction","target":{"@type":"EntryPoint","urlTemplate":"https:\/\/www.mpppst.gob.ve\/mpppstweb\/?s={search_term_string}"},"query-input":"required name=search_term_string"}],"inLanguage":"es"},{"@type":"Organization","@id":"https:\/\/www.mpppst.gob.ve\/mpppstweb\/#organization","name":"mpppst","url":"https:\/\/www.mpppst.gob.ve\/mpppstweb\/","logo":{"@type":"ImageObject","inLanguage":"es","@id":"https:\/\/www.mpppst.gob.ve\/mpppstweb\/#\/schema\/logo\/image\/","url":"https:\/\/www.mpppst.gob.ve\/mpppstweb\/wp-content\/uploads\/2025\/07\/cropped-cropped-g910.png","contentUrl":"https:\/\/www.mpppst.gob.ve\/mpppstweb\/wp-content\/uploads\/2025\/07\/cropped-cropped-g910.png","width":1080,"height":241,"caption":"mpppst"},"image":{"@id":"https:\/\/www.mpppst.gob.ve\/mpppstweb\/#\/schema\/logo\/image\/"}},{"@type":"Person","@id":"https:\/\/www.mpppst.gob.ve\/mpppstweb\/#\/schema\/person\/fc187ee8ead412bd4c9304b62f900ea4","name":"MPPPST Prensa","url":"https:\/\/www.mpppst.gob.ve\/mpppstweb\/index.php\/author\/prensa-mpppst\/"}]}},"_links":{"self":[{"href":"https:\/\/www.mpppst.gob.ve\/mpppstweb\/index.php\/wp-json\/wp\/v2\/posts\/26323"}],"collection":[{"href":"https:\/\/www.mpppst.gob.ve\/mpppstweb\/index.php\/wp-json\/wp\/v2\/posts"}],"about":[{"href":"https:\/\/www.mpppst.gob.ve\/mpppstweb\/index.php\/wp-json\/wp\/v2\/types\/post"}],"author":[{"embeddable":true,"href":"https:\/\/www.mpppst.gob.ve\/mpppstweb\/index.php\/wp-json\/wp\/v2\/users\/25"}],"replies":[{"embeddable":true,"href":"https:\/\/www.mpppst.gob.ve\/mpppstweb\/index.php\/wp-json\/wp\/v2\/comments?post=26323"}],"version-history":[{"count":1,"href":"https:\/\/www.mpppst.gob.ve\/mpppstweb\/index.php\/wp-json\/wp\/v2\/posts\/26323\/revisions"}],"predecessor-version":[{"id":26325,"href":"https:\/\/www.mpppst.gob.ve\/mpppstweb\/index.php\/wp-json\/wp\/v2\/posts\/26323\/revisions\/26325"}],"wp:featuredmedia":[{"embeddable":true,"href":"https:\/\/www.mpppst.gob.ve\/mpppstweb\/index.php\/wp-json\/wp\/v2\/media\/26324"}],"wp:attachment":[{"href":"https:\/\/www.mpppst.gob.ve\/mpppstweb\/index.php\/wp-json\/wp\/v2\/media?parent=26323"}],"wp:term":[{"taxonomy":"category","embeddable":true,"href":"https:\/\/www.mpppst.gob.ve\/mpppstweb\/index.php\/wp-json\/wp\/v2\/categories?post=26323"},{"taxonomy":"post_tag","embeddable":true,"href":"https:\/\/www.mpppst.gob.ve\/mpppstweb\/index.php\/wp-json\/wp\/v2\/tags?post=26323"}],"curies":[{"name":"wp","href":"https:\/\/api.w.org\/{rel}","templated":true}]}}