{"id":26371,"date":"2024-06-25T15:35:16","date_gmt":"2024-06-25T19:35:16","guid":{"rendered":"http:\/\/www.mpppst.gob.ve\/mpppstweb\/?p=26371"},"modified":"2024-06-25T15:35:17","modified_gmt":"2024-06-25T19:35:17","slug":"mujeres-trabajadoras-del-mpppst-visitan-el-warairarepano-2","status":"publish","type":"post","link":"https:\/\/www.mpppst.gob.ve\/mpppstweb\/index.php\/2024\/06\/25\/mujeres-trabajadoras-del-mpppst-visitan-el-warairarepano-2\/","title":{"rendered":"Mujeres trabajadoras del MPPPST visitan el Warairarepano."},"content":{"rendered":"\n<p class=\"wp-block-paragraph\"><strong>MPPPST, Caracas.-<\/strong> El <strong>Ministerio del Poder Popular para el Proceso Social de Trabajo<\/strong> (<strong>MPPPST<\/strong>), reuni\u00f3 a las mujeres trabajadoras de la clase obrera, en el <strong>Parque Nacional<\/strong> \u00ab<strong>Warairarepano<\/strong>\u00bb, donde disfrutaron de una actividad dedicada a la motivaci\u00f3n f\u00edsica, recreativa y desenvolvimiento.<\/p>\n\n\n\n<p class=\"wp-block-paragraph\">Las Trabajadoras disfrutaron de una bailoterapia recreativa, d\u00f3nde gozaron de actividad f\u00edsica y de espacio de esparcimiento con meditaci\u00f3n.<\/p>\n\n\n\n<p class=\"wp-block-paragraph\">El prop\u00f3sito de esta actividad, es festejar la ardua labor y compromiso de las mujeres trabajadoras, y de igual manera incentivar e impulsar el bienestar laboral y saludable.<\/p>\n\n\n\n<p class=\"wp-block-paragraph\"><em>\u00abGracias al Presidente obrero,<strong> Nicol\u00e1s Maduro<\/strong> y el ministro, <strong>Alexis Corredor P\u00e9rez<\/strong>, por esta oportunidad, hemos compartido una tarde muy amena. Un abrazo muy grande y estamos con ustedes. Gracias\u00bb<\/em>, exclam\u00f3 la <strong>trabajadora<\/strong>, <strong>Elkys Castellanos<\/strong>.<\/p>\n\n\n\n<p class=\"wp-block-paragraph\">Las participantes compartieron sus distintas experiencias, y alentaron a las dem\u00e1s compa\u00f1eras a continuar con su trabajo diario, destacando tambi\u00e9n, la importancia de la motivaci\u00f3n y perseverancia de la lucha hist\u00f3rica de todas las mujeres por sus derechos laborales y sociales.<\/p>\n\n\n\n<p class=\"wp-block-paragraph\">Esta actividad, se llev\u00f3 a cabo bajo los lineamientos del <strong>ministro <\/strong>del <strong>MPPPTS<\/strong>, <strong>Alexis Corredor P\u00e9rez<\/strong>, haciendo cumplimiento de la <strong>Ley Org\u00e1nica del Trabajo, las Trabajadoras y los Trabajadores<\/strong> a su derecho a la recreatividad y tiempo libre.<\/p>\n\n\n\n<p class=\"wp-block-paragraph\"><strong>Prensa MPPPST\/Andrea Gonzalez<\/strong><\/p>\n","protected":false},"excerpt":{"rendered":"<p>MPPPST, Caracas.- El Ministerio del Poder Popular para el Proceso Social de Trabajo (MPPPST), reuni\u00f3 a &hellip; <a title=\"Mujeres trabajadoras del MPPPST visitan el Warairarepano.\" class=\"hm-read-more\" href=\"https:\/\/www.mpppst.gob.ve\/mpppstweb\/index.php\/2024\/06\/25\/mujeres-trabajadoras-del-mpppst-visitan-el-warairarepano-2\/\"><span class=\"screen-reader-text\">Mujeres trabajadoras del MPPPST visitan el Warairarepano.<\/span>Leer m\u00e1s<\/a><\/p>\n","protected":false},"author":25,"featured_media":26372,"comment_status":"closed","ping_status":"closed","sticky":false,"template":"","format":"standard","meta":{"footnotes":""},"categories":[163,84],"tags":[225,222,223,341,240,285,345,335],"class_list":["post-26371","post","type-post","status-publish","format-standard","has-post-thumbnail","hentry","category-noticias","category-vidalaboralysindical","tag-fuerza-laboral","tag-gobierno-bolivariano","tag-mpppst","tag-nicolas-maduro","tag-participacion-popular-y-protagonica","tag-presidente-maduro","tag-trabajadores","tag-venezuela"],"yoast_head":"<!-- This site is optimized with the Yoast SEO plugin v28.4 - https:\/\/yoast.com\/product\/yoast-seo-wordpress\/ -->\n<title>Mujeres trabajadoras del MPPPST visitan el Warairarepano. - MPPPST<\/title>\n<meta name=\"robots\" content=\"index, follow, max-snippet:-1, max-image-preview:large, max-video-preview:-1\" \/>\n<link rel=\"canonical\" href=\"https:\/\/www.mpppst.gob.ve\/mpppstweb\/index.php\/2024\/06\/25\/mujeres-trabajadoras-del-mpppst-visitan-el-warairarepano-2\/\" \/>\n<meta property=\"og:locale\" content=\"es_ES\" \/>\n<meta property=\"og:type\" content=\"article\" \/>\n<meta property=\"og:title\" content=\"Mujeres trabajadoras del MPPPST visitan el Warairarepano. - MPPPST\" \/>\n<meta property=\"og:description\" content=\"MPPPST, Caracas.- El Ministerio del Poder Popular para el Proceso Social de Trabajo (MPPPST), reuni\u00f3 a &hellip; Mujeres trabajadoras del MPPPST visitan el Warairarepano.Leer m\u00e1s\" \/>\n<meta property=\"og:url\" content=\"https:\/\/www.mpppst.gob.ve\/mpppstweb\/index.php\/2024\/06\/25\/mujeres-trabajadoras-del-mpppst-visitan-el-warairarepano-2\/\" \/>\n<meta property=\"og:site_name\" content=\"MPPPST\" \/>\n<meta property=\"article:publisher\" content=\"https:\/\/www.facebook.com\/mintrabajo_ve\" \/>\n<meta property=\"article:published_time\" content=\"2024-06-25T19:35:16+00:00\" \/>\n<meta property=\"article:modified_time\" content=\"2024-06-25T19:35:17+00:00\" \/>\n<meta property=\"og:image\" content=\"https:\/\/www.mpppst.gob.ve\/mpppstweb\/wp-content\/uploads\/2024\/06\/photo_5161304535552076899_y.jpg\" \/>\n\t<meta property=\"og:image:width\" content=\"1280\" \/>\n\t<meta property=\"og:image:height\" content=\"960\" \/>\n\t<meta property=\"og:image:type\" content=\"image\/jpeg\" \/>\n<meta name=\"author\" content=\"MPPPST Prensa\" \/>\n<meta name=\"twitter:card\" content=\"summary_large_image\" \/>\n<script type=\"application\/ld+json\" class=\"yoast-schema-graph\">{\"@context\":\"https:\\\/\\\/schema.org\",\"@graph\":[{\"@type\":\"Article\",\"@id\":\"https:\\\/\\\/www.mpppst.gob.ve\\\/mpppstweb\\\/index.php\\\/2024\\\/06\\\/25\\\/mujeres-trabajadoras-del-mpppst-visitan-el-warairarepano-2\\\/#article\",\"isPartOf\":{\"@id\":\"https:\\\/\\\/www.mpppst.gob.ve\\\/mpppstweb\\\/index.php\\\/2024\\\/06\\\/25\\\/mujeres-trabajadoras-del-mpppst-visitan-el-warairarepano-2\\\/\"},\"author\":{\"name\":\"MPPPST Prensa\",\"@id\":\"https:\\\/\\\/www.mpppst.gob.ve\\\/mpppstweb\\\/#\\\/schema\\\/person\\\/fc187ee8ead412bd4c9304b62f900ea4\"},\"headline\":\"Mujeres trabajadoras del MPPPST visitan el Warairarepano.\",\"datePublished\":\"2024-06-25T19:35:16+00:00\",\"dateModified\":\"2024-06-25T19:35:17+00:00\",\"mainEntityOfPage\":{\"@id\":\"https:\\\/\\\/www.mpppst.gob.ve\\\/mpppstweb\\\/index.php\\\/2024\\\/06\\\/25\\\/mujeres-trabajadoras-del-mpppst-visitan-el-warairarepano-2\\\/\"},\"wordCount\":229,\"publisher\":{\"@id\":\"https:\\\/\\\/www.mpppst.gob.ve\\\/mpppstweb\\\/#organization\"},\"image\":{\"@id\":\"https:\\\/\\\/www.mpppst.gob.ve\\\/mpppstweb\\\/index.php\\\/2024\\\/06\\\/25\\\/mujeres-trabajadoras-del-mpppst-visitan-el-warairarepano-2\\\/#primaryimage\"},\"thumbnailUrl\":\"https:\\\/\\\/www.mpppst.gob.ve\\\/mpppstweb\\\/wp-content\\\/uploads\\\/2024\\\/06\\\/photo_5161304535552076899_y.jpg\",\"keywords\":[\"Fuerza Laboral\",\"Gobierno Bolivariano\",\"MPPPST\",\"Nicol\u00e1s Maduro\",\"Participaci\u00f3n popular y protag\u00f3nica\",\"Presidente Maduro\",\"Trabajadores\",\"Venezuela\"],\"articleSection\":[\"Noticias\",\"Vida Laboral y Sindical\"],\"inLanguage\":\"es\"},{\"@type\":\"WebPage\",\"@id\":\"https:\\\/\\\/www.mpppst.gob.ve\\\/mpppstweb\\\/index.php\\\/2024\\\/06\\\/25\\\/mujeres-trabajadoras-del-mpppst-visitan-el-warairarepano-2\\\/\",\"url\":\"https:\\\/\\\/www.mpppst.gob.ve\\\/mpppstweb\\\/index.php\\\/2024\\\/06\\\/25\\\/mujeres-trabajadoras-del-mpppst-visitan-el-warairarepano-2\\\/\",\"name\":\"Mujeres trabajadoras del MPPPST visitan el Warairarepano. - MPPPST\",\"isPartOf\":{\"@id\":\"https:\\\/\\\/www.mpppst.gob.ve\\\/mpppstweb\\\/#website\"},\"primaryImageOfPage\":{\"@id\":\"https:\\\/\\\/www.mpppst.gob.ve\\\/mpppstweb\\\/index.php\\\/2024\\\/06\\\/25\\\/mujeres-trabajadoras-del-mpppst-visitan-el-warairarepano-2\\\/#primaryimage\"},\"image\":{\"@id\":\"https:\\\/\\\/www.mpppst.gob.ve\\\/mpppstweb\\\/index.php\\\/2024\\\/06\\\/25\\\/mujeres-trabajadoras-del-mpppst-visitan-el-warairarepano-2\\\/#primaryimage\"},\"thumbnailUrl\":\"https:\\\/\\\/www.mpppst.gob.ve\\\/mpppstweb\\\/wp-content\\\/uploads\\\/2024\\\/06\\\/photo_5161304535552076899_y.jpg\",\"datePublished\":\"2024-06-25T19:35:16+00:00\",\"dateModified\":\"2024-06-25T19:35:17+00:00\",\"breadcrumb\":{\"@id\":\"https:\\\/\\\/www.mpppst.gob.ve\\\/mpppstweb\\\/index.php\\\/2024\\\/06\\\/25\\\/mujeres-trabajadoras-del-mpppst-visitan-el-warairarepano-2\\\/#breadcrumb\"},\"inLanguage\":\"es\",\"potentialAction\":[{\"@type\":\"ReadAction\",\"target\":[\"https:\\\/\\\/www.mpppst.gob.ve\\\/mpppstweb\\\/index.php\\\/2024\\\/06\\\/25\\\/mujeres-trabajadoras-del-mpppst-visitan-el-warairarepano-2\\\/\"]}]},{\"@type\":\"ImageObject\",\"inLanguage\":\"es\",\"@id\":\"https:\\\/\\\/www.mpppst.gob.ve\\\/mpppstweb\\\/index.php\\\/2024\\\/06\\\/25\\\/mujeres-trabajadoras-del-mpppst-visitan-el-warairarepano-2\\\/#primaryimage\",\"url\":\"https:\\\/\\\/www.mpppst.gob.ve\\\/mpppstweb\\\/wp-content\\\/uploads\\\/2024\\\/06\\\/photo_5161304535552076899_y.jpg\",\"contentUrl\":\"https:\\\/\\\/www.mpppst.gob.ve\\\/mpppstweb\\\/wp-content\\\/uploads\\\/2024\\\/06\\\/photo_5161304535552076899_y.jpg\",\"width\":1280,\"height\":960},{\"@type\":\"BreadcrumbList\",\"@id\":\"https:\\\/\\\/www.mpppst.gob.ve\\\/mpppstweb\\\/index.php\\\/2024\\\/06\\\/25\\\/mujeres-trabajadoras-del-mpppst-visitan-el-warairarepano-2\\\/#breadcrumb\",\"itemListElement\":[{\"@type\":\"ListItem\",\"position\":1,\"name\":\"Home\",\"item\":\"https:\\\/\\\/www.mpppst.gob.ve\\\/mpppstweb\\\/\"},{\"@type\":\"ListItem\",\"position\":2,\"name\":\"Mujeres trabajadoras del MPPPST visitan el Warairarepano.\"}]},{\"@type\":\"WebSite\",\"@id\":\"https:\\\/\\\/www.mpppst.gob.ve\\\/mpppstweb\\\/#website\",\"url\":\"https:\\\/\\\/www.mpppst.gob.ve\\\/mpppstweb\\\/\",\"name\":\"MPPPST\",\"description\":\"Sitio web oficial del Ministerio del Poder Popular para el Proceso Social de Trabajo\",\"publisher\":{\"@id\":\"https:\\\/\\\/www.mpppst.gob.ve\\\/mpppstweb\\\/#organization\"},\"alternateName\":\"Ministerio del Poder Popular para el Proceso Social de Trabajo\",\"potentialAction\":[{\"@type\":\"SearchAction\",\"target\":{\"@type\":\"EntryPoint\",\"urlTemplate\":\"https:\\\/\\\/www.mpppst.gob.ve\\\/mpppstweb\\\/?s={search_term_string}\"},\"query-input\":{\"@type\":\"PropertyValueSpecification\",\"valueRequired\":true,\"valueName\":\"search_term_string\"}}],\"inLanguage\":\"es\"},{\"@type\":\"Organization\",\"@id\":\"https:\\\/\\\/www.mpppst.gob.ve\\\/mpppstweb\\\/#organization\",\"name\":\"Ministerio del Poder Popular para el Proceso Social de Trabajo\",\"alternateName\":\"MPPPST\",\"url\":\"https:\\\/\\\/www.mpppst.gob.ve\\\/mpppstweb\\\/\",\"logo\":{\"@type\":\"ImageObject\",\"inLanguage\":\"es\",\"@id\":\"https:\\\/\\\/www.mpppst.gob.ve\\\/mpppstweb\\\/#\\\/schema\\\/logo\\\/image\\\/\",\"url\":\"https:\\\/\\\/www.mpppst.gob.ve\\\/mpppstweb\\\/wp-content\\\/uploads\\\/2025\\\/07\\\/cropped-cropped-g910.png\",\"contentUrl\":\"https:\\\/\\\/www.mpppst.gob.ve\\\/mpppstweb\\\/wp-content\\\/uploads\\\/2025\\\/07\\\/cropped-cropped-g910.png\",\"width\":1080,\"height\":241,\"caption\":\"Ministerio del Poder Popular para el Proceso Social de Trabajo\"},\"image\":{\"@id\":\"https:\\\/\\\/www.mpppst.gob.ve\\\/mpppstweb\\\/#\\\/schema\\\/logo\\\/image\\\/\"},\"sameAs\":[\"https:\\\/\\\/www.facebook.com\\\/mintrabajo_ve\",\"https:\\\/\\\/www.instagram.com\\\/mintrabajo_ve\\\/\",\"https:\\\/\\\/www.tiktok.com\\\/@mintrabajo_ve\",\"https:\\\/\\\/t.me\\\/mpppst\"]},{\"@type\":\"Person\",\"@id\":\"https:\\\/\\\/www.mpppst.gob.ve\\\/mpppstweb\\\/#\\\/schema\\\/person\\\/fc187ee8ead412bd4c9304b62f900ea4\",\"name\":\"MPPPST Prensa\",\"url\":\"https:\\\/\\\/www.mpppst.gob.ve\\\/mpppstweb\\\/index.php\\\/author\\\/prensa-mpppst\\\/\"}]}<\/script>\n<!-- \/ Yoast SEO plugin. -->","yoast_head_json":{"title":"Mujeres trabajadoras del MPPPST visitan el Warairarepano. - MPPPST","robots":{"index":"index","follow":"follow","max-snippet":"max-snippet:-1","max-image-preview":"max-image-preview:large","max-video-preview":"max-video-preview:-1"},"canonical":"https:\/\/www.mpppst.gob.ve\/mpppstweb\/index.php\/2024\/06\/25\/mujeres-trabajadoras-del-mpppst-visitan-el-warairarepano-2\/","og_locale":"es_ES","og_type":"article","og_title":"Mujeres trabajadoras del MPPPST visitan el Warairarepano. - MPPPST","og_description":"MPPPST, Caracas.- El Ministerio del Poder Popular para el Proceso Social de Trabajo (MPPPST), reuni\u00f3 a &hellip; Mujeres trabajadoras del MPPPST visitan el Warairarepano.Leer m\u00e1s","og_url":"https:\/\/www.mpppst.gob.ve\/mpppstweb\/index.php\/2024\/06\/25\/mujeres-trabajadoras-del-mpppst-visitan-el-warairarepano-2\/","og_site_name":"MPPPST","article_publisher":"https:\/\/www.facebook.com\/mintrabajo_ve","article_published_time":"2024-06-25T19:35:16+00:00","article_modified_time":"2024-06-25T19:35:17+00:00","og_image":[{"width":1280,"height":960,"url":"https:\/\/www.mpppst.gob.ve\/mpppstweb\/wp-content\/uploads\/2024\/06\/photo_5161304535552076899_y.jpg","type":"image\/jpeg"}],"author":"MPPPST Prensa","twitter_card":"summary_large_image","schema":{"@context":"https:\/\/schema.org","@graph":[{"@type":"Article","@id":"https:\/\/www.mpppst.gob.ve\/mpppstweb\/index.php\/2024\/06\/25\/mujeres-trabajadoras-del-mpppst-visitan-el-warairarepano-2\/#article","isPartOf":{"@id":"https:\/\/www.mpppst.gob.ve\/mpppstweb\/index.php\/2024\/06\/25\/mujeres-trabajadoras-del-mpppst-visitan-el-warairarepano-2\/"},"author":{"name":"MPPPST Prensa","@id":"https:\/\/www.mpppst.gob.ve\/mpppstweb\/#\/schema\/person\/fc187ee8ead412bd4c9304b62f900ea4"},"headline":"Mujeres trabajadoras del MPPPST visitan el Warairarepano.","datePublished":"2024-06-25T19:35:16+00:00","dateModified":"2024-06-25T19:35:17+00:00","mainEntityOfPage":{"@id":"https:\/\/www.mpppst.gob.ve\/mpppstweb\/index.php\/2024\/06\/25\/mujeres-trabajadoras-del-mpppst-visitan-el-warairarepano-2\/"},"wordCount":229,"publisher":{"@id":"https:\/\/www.mpppst.gob.ve\/mpppstweb\/#organization"},"image":{"@id":"https:\/\/www.mpppst.gob.ve\/mpppstweb\/index.php\/2024\/06\/25\/mujeres-trabajadoras-del-mpppst-visitan-el-warairarepano-2\/#primaryimage"},"thumbnailUrl":"https:\/\/www.mpppst.gob.ve\/mpppstweb\/wp-content\/uploads\/2024\/06\/photo_5161304535552076899_y.jpg","keywords":["Fuerza Laboral","Gobierno Bolivariano","MPPPST","Nicol\u00e1s Maduro","Participaci\u00f3n popular y protag\u00f3nica","Presidente Maduro","Trabajadores","Venezuela"],"articleSection":["Noticias","Vida Laboral y Sindical"],"inLanguage":"es"},{"@type":"WebPage","@id":"https:\/\/www.mpppst.gob.ve\/mpppstweb\/index.php\/2024\/06\/25\/mujeres-trabajadoras-del-mpppst-visitan-el-warairarepano-2\/","url":"https:\/\/www.mpppst.gob.ve\/mpppstweb\/index.php\/2024\/06\/25\/mujeres-trabajadoras-del-mpppst-visitan-el-warairarepano-2\/","name":"Mujeres trabajadoras del MPPPST visitan el Warairarepano. - MPPPST","isPartOf":{"@id":"https:\/\/www.mpppst.gob.ve\/mpppstweb\/#website"},"primaryImageOfPage":{"@id":"https:\/\/www.mpppst.gob.ve\/mpppstweb\/index.php\/2024\/06\/25\/mujeres-trabajadoras-del-mpppst-visitan-el-warairarepano-2\/#primaryimage"},"image":{"@id":"https:\/\/www.mpppst.gob.ve\/mpppstweb\/index.php\/2024\/06\/25\/mujeres-trabajadoras-del-mpppst-visitan-el-warairarepano-2\/#primaryimage"},"thumbnailUrl":"https:\/\/www.mpppst.gob.ve\/mpppstweb\/wp-content\/uploads\/2024\/06\/photo_5161304535552076899_y.jpg","datePublished":"2024-06-25T19:35:16+00:00","dateModified":"2024-06-25T19:35:17+00:00","breadcrumb":{"@id":"https:\/\/www.mpppst.gob.ve\/mpppstweb\/index.php\/2024\/06\/25\/mujeres-trabajadoras-del-mpppst-visitan-el-warairarepano-2\/#breadcrumb"},"inLanguage":"es","potentialAction":[{"@type":"ReadAction","target":["https:\/\/www.mpppst.gob.ve\/mpppstweb\/index.php\/2024\/06\/25\/mujeres-trabajadoras-del-mpppst-visitan-el-warairarepano-2\/"]}]},{"@type":"ImageObject","inLanguage":"es","@id":"https:\/\/www.mpppst.gob.ve\/mpppstweb\/index.php\/2024\/06\/25\/mujeres-trabajadoras-del-mpppst-visitan-el-warairarepano-2\/#primaryimage","url":"https:\/\/www.mpppst.gob.ve\/mpppstweb\/wp-content\/uploads\/2024\/06\/photo_5161304535552076899_y.jpg","contentUrl":"https:\/\/www.mpppst.gob.ve\/mpppstweb\/wp-content\/uploads\/2024\/06\/photo_5161304535552076899_y.jpg","width":1280,"height":960},{"@type":"BreadcrumbList","@id":"https:\/\/www.mpppst.gob.ve\/mpppstweb\/index.php\/2024\/06\/25\/mujeres-trabajadoras-del-mpppst-visitan-el-warairarepano-2\/#breadcrumb","itemListElement":[{"@type":"ListItem","position":1,"name":"Home","item":"https:\/\/www.mpppst.gob.ve\/mpppstweb\/"},{"@type":"ListItem","position":2,"name":"Mujeres trabajadoras del MPPPST visitan el Warairarepano."}]},{"@type":"WebSite","@id":"https:\/\/www.mpppst.gob.ve\/mpppstweb\/#website","url":"https:\/\/www.mpppst.gob.ve\/mpppstweb\/","name":"MPPPST","description":"Sitio web oficial del Ministerio del Poder Popular para el Proceso Social de Trabajo","publisher":{"@id":"https:\/\/www.mpppst.gob.ve\/mpppstweb\/#organization"},"alternateName":"Ministerio del Poder Popular para el Proceso Social de Trabajo","potentialAction":[{"@type":"SearchAction","target":{"@type":"EntryPoint","urlTemplate":"https:\/\/www.mpppst.gob.ve\/mpppstweb\/?s={search_term_string}"},"query-input":{"@type":"PropertyValueSpecification","valueRequired":true,"valueName":"search_term_string"}}],"inLanguage":"es"},{"@type":"Organization","@id":"https:\/\/www.mpppst.gob.ve\/mpppstweb\/#organization","name":"Ministerio del Poder Popular para el Proceso Social de Trabajo","alternateName":"MPPPST","url":"https:\/\/www.mpppst.gob.ve\/mpppstweb\/","logo":{"@type":"ImageObject","inLanguage":"es","@id":"https:\/\/www.mpppst.gob.ve\/mpppstweb\/#\/schema\/logo\/image\/","url":"https:\/\/www.mpppst.gob.ve\/mpppstweb\/wp-content\/uploads\/2025\/07\/cropped-cropped-g910.png","contentUrl":"https:\/\/www.mpppst.gob.ve\/mpppstweb\/wp-content\/uploads\/2025\/07\/cropped-cropped-g910.png","width":1080,"height":241,"caption":"Ministerio del Poder Popular para el Proceso Social de Trabajo"},"image":{"@id":"https:\/\/www.mpppst.gob.ve\/mpppstweb\/#\/schema\/logo\/image\/"},"sameAs":["https:\/\/www.facebook.com\/mintrabajo_ve","https:\/\/www.instagram.com\/mintrabajo_ve\/","https:\/\/www.tiktok.com\/@mintrabajo_ve","https:\/\/t.me\/mpppst"]},{"@type":"Person","@id":"https:\/\/www.mpppst.gob.ve\/mpppstweb\/#\/schema\/person\/fc187ee8ead412bd4c9304b62f900ea4","name":"MPPPST Prensa","url":"https:\/\/www.mpppst.gob.ve\/mpppstweb\/index.php\/author\/prensa-mpppst\/"}]}},"_links":{"self":[{"href":"https:\/\/www.mpppst.gob.ve\/mpppstweb\/index.php\/wp-json\/wp\/v2\/posts\/26371","targetHints":{"allow":["GET"]}}],"collection":[{"href":"https:\/\/www.mpppst.gob.ve\/mpppstweb\/index.php\/wp-json\/wp\/v2\/posts"}],"about":[{"href":"https:\/\/www.mpppst.gob.ve\/mpppstweb\/index.php\/wp-json\/wp\/v2\/types\/post"}],"author":[{"embeddable":true,"href":"https:\/\/www.mpppst.gob.ve\/mpppstweb\/index.php\/wp-json\/wp\/v2\/users\/25"}],"replies":[{"embeddable":true,"href":"https:\/\/www.mpppst.gob.ve\/mpppstweb\/index.php\/wp-json\/wp\/v2\/comments?post=26371"}],"version-history":[{"count":1,"href":"https:\/\/www.mpppst.gob.ve\/mpppstweb\/index.php\/wp-json\/wp\/v2\/posts\/26371\/revisions"}],"predecessor-version":[{"id":26373,"href":"https:\/\/www.mpppst.gob.ve\/mpppstweb\/index.php\/wp-json\/wp\/v2\/posts\/26371\/revisions\/26373"}],"wp:featuredmedia":[{"embeddable":true,"href":"https:\/\/www.mpppst.gob.ve\/mpppstweb\/index.php\/wp-json\/wp\/v2\/media\/26372"}],"wp:attachment":[{"href":"https:\/\/www.mpppst.gob.ve\/mpppstweb\/index.php\/wp-json\/wp\/v2\/media?parent=26371"}],"wp:term":[{"taxonomy":"category","embeddable":true,"href":"https:\/\/www.mpppst.gob.ve\/mpppstweb\/index.php\/wp-json\/wp\/v2\/categories?post=26371"},{"taxonomy":"post_tag","embeddable":true,"href":"https:\/\/www.mpppst.gob.ve\/mpppstweb\/index.php\/wp-json\/wp\/v2\/tags?post=26371"}],"curies":[{"name":"wp","href":"https:\/\/api.w.org\/{rel}","templated":true}]}}