{"id":26397,"date":"2024-07-01T16:00:42","date_gmt":"2024-07-01T20:00:42","guid":{"rendered":"http:\/\/www.mpppst.gob.ve\/mpppstweb\/?p=26397"},"modified":"2024-07-01T16:00:44","modified_gmt":"2024-07-01T20:00:44","slug":"simulacro-electoral","status":"publish","type":"post","link":"https:\/\/www.mpppst.gob.ve\/mpppstweb\/index.php\/2024\/07\/01\/simulacro-electoral\/","title":{"rendered":"La clase obrera celebra el Simulacro Electoral 2024"},"content":{"rendered":"\n<p class=\"wp-block-paragraph\"><strong>MPPPST<\/strong>, <strong>Caracas<\/strong>.- La clase obrera aguerrida particip\u00f3 en el simulacro electoral, con el fin de familiarizarse con el cart\u00f3n donde estar\u00e1n los candidatos de las pr\u00f3ximas elecciones presidenciales <strong>2024<\/strong>.<\/p>\n\n\n\n<p class=\"wp-block-paragraph\">A v\u00edsperas del <strong>28<\/strong> <strong>de<\/strong> <strong>julio<\/strong>, el presidente del <strong>Instituto Nacional de Capacitaci\u00f3n y Recreaci\u00f3n de los Trabajadores<\/strong> (<strong>Incret<\/strong>), <strong>Nelson Herrera<\/strong>, estuvo presente en el <strong>Liceo Ferm\u00edn Toro<\/strong>, d\u00f3nde particip\u00f3 en el simulacro, expres\u00f3 que la clase obrera asisti\u00f3 para conocer el cart\u00f3n electoral y familiarizarse con las m\u00e1quinas de votaci\u00f3n.<\/p>\n\n\n\n<p class=\"wp-block-paragraph\"><em>\u00abSalimos a participar en el simulacro electoral para las elecciones presidenciales, aqu\u00ed estamos aprovechando en conocer las m\u00e1quinas electorales, conocer la boleta electoral y defendiendo los derechos laborales, para seguir con la esperanza y construyendo la patria\u00bb<\/em>, afirm\u00f3 <strong>Nelson Herrera<\/strong>.<\/p>\n\n\n\n<p class=\"wp-block-paragraph\">Por su parte la trabajadora <strong>Maryuri<\/strong> Romero, invit\u00f3 a todos a participar en el simulacro, y as\u00ed, al momento de participar el pr\u00f3ximo <strong>28 de julio<\/strong> el proceso se haga m\u00e1s sencillo.<\/p>\n\n\n\n<p class=\"wp-block-paragraph\">El simulacro electoral, se realiza con la finalidad de ayudar a los electores a conocer el cart\u00f3n electoral, y as\u00ed ubiquen con facilidad al candidato de la preferencia.<\/p>\n\n\n\n<p class=\"wp-block-paragraph\"><strong>Prensa MPPPST\/Rosa Brito<\/strong><\/p>\n","protected":false},"excerpt":{"rendered":"<p>La clase obrera aguerrida particip\u00f3 en el simulacro electoral, con el fin de familiarizarse con el cart\u00f3n donde estar\u00e1n los candidatos de las pr\u00f3ximas elecciones presidenciales 2024.<\/p>\n","protected":false},"author":25,"featured_media":26398,"comment_status":"closed","ping_status":"closed","sticky":false,"template":"","format":"standard","meta":{"footnotes":""},"categories":[395,82,163,84],"tags":[225,222,341,240,285,555,552,335],"class_list":["post-26397","post","type-post","status-publish","format-standard","has-post-thumbnail","hentry","category-cne","category-gobierno-nacional","category-noticias","category-vidalaboralysindical","tag-fuerza-laboral","tag-gobierno-bolivariano","tag-nicolas-maduro","tag-participacion-popular-y-protagonica","tag-presidente-maduro","tag-simulacro","tag-simulacro-electoral","tag-venezuela"],"yoast_head":"<!-- This site is optimized with the Yoast SEO plugin v28.4 - https:\/\/yoast.com\/product\/yoast-seo-wordpress\/ -->\n<title>La clase obrera celebra el Simulacro Electoral 2024 - MPPPST<\/title>\n<meta name=\"description\" content=\"La clase obrera particip\u00f3 en el simulacro electoral, donde estar\u00e1n los candidatos de las pr\u00f3ximas elecciones presidenciales 2024.\" \/>\n<meta name=\"robots\" content=\"index, follow, max-snippet:-1, max-image-preview:large, max-video-preview:-1\" \/>\n<link rel=\"canonical\" href=\"https:\/\/www.mpppst.gob.ve\/mpppstweb\/index.php\/2024\/07\/01\/simulacro-electoral\/\" \/>\n<meta property=\"og:locale\" content=\"es_ES\" \/>\n<meta property=\"og:type\" content=\"article\" \/>\n<meta property=\"og:title\" content=\"La clase obrera celebra el Simulacro Electoral 2024 - MPPPST\" \/>\n<meta property=\"og:description\" content=\"La clase obrera particip\u00f3 en el simulacro electoral, donde estar\u00e1n los candidatos de las pr\u00f3ximas elecciones presidenciales 2024.\" \/>\n<meta property=\"og:url\" content=\"https:\/\/www.mpppst.gob.ve\/mpppstweb\/index.php\/2024\/07\/01\/simulacro-electoral\/\" \/>\n<meta property=\"og:site_name\" content=\"MPPPST\" \/>\n<meta property=\"article:publisher\" content=\"https:\/\/www.facebook.com\/mintrabajo_ve\" \/>\n<meta property=\"article:published_time\" content=\"2024-07-01T20:00:42+00:00\" \/>\n<meta property=\"article:modified_time\" content=\"2024-07-01T20:00:44+00:00\" \/>\n<meta property=\"og:image\" content=\"https:\/\/www.mpppst.gob.ve\/mpppstweb\/wp-content\/uploads\/2024\/07\/photo_4902631265337977877_y-e1719863996710.jpg\" \/>\n\t<meta property=\"og:image:width\" content=\"960\" \/>\n\t<meta property=\"og:image:height\" content=\"772\" \/>\n\t<meta property=\"og:image:type\" content=\"image\/jpeg\" \/>\n<meta name=\"author\" content=\"MPPPST Prensa\" \/>\n<meta name=\"twitter:card\" content=\"summary_large_image\" \/>\n<script type=\"application\/ld+json\" class=\"yoast-schema-graph\">{\"@context\":\"https:\\\/\\\/schema.org\",\"@graph\":[{\"@type\":\"Article\",\"@id\":\"https:\\\/\\\/www.mpppst.gob.ve\\\/mpppstweb\\\/index.php\\\/2024\\\/07\\\/01\\\/simulacro-electoral\\\/#article\",\"isPartOf\":{\"@id\":\"https:\\\/\\\/www.mpppst.gob.ve\\\/mpppstweb\\\/index.php\\\/2024\\\/07\\\/01\\\/simulacro-electoral\\\/\"},\"author\":{\"name\":\"MPPPST Prensa\",\"@id\":\"https:\\\/\\\/www.mpppst.gob.ve\\\/mpppstweb\\\/#\\\/schema\\\/person\\\/fc187ee8ead412bd4c9304b62f900ea4\"},\"headline\":\"La clase obrera celebra el Simulacro Electoral 2024\",\"datePublished\":\"2024-07-01T20:00:42+00:00\",\"dateModified\":\"2024-07-01T20:00:44+00:00\",\"mainEntityOfPage\":{\"@id\":\"https:\\\/\\\/www.mpppst.gob.ve\\\/mpppstweb\\\/index.php\\\/2024\\\/07\\\/01\\\/simulacro-electoral\\\/\"},\"wordCount\":204,\"publisher\":{\"@id\":\"https:\\\/\\\/www.mpppst.gob.ve\\\/mpppstweb\\\/#organization\"},\"image\":{\"@id\":\"https:\\\/\\\/www.mpppst.gob.ve\\\/mpppstweb\\\/index.php\\\/2024\\\/07\\\/01\\\/simulacro-electoral\\\/#primaryimage\"},\"thumbnailUrl\":\"https:\\\/\\\/www.mpppst.gob.ve\\\/mpppstweb\\\/wp-content\\\/uploads\\\/2024\\\/07\\\/photo_4902631265337977877_y-e1719863996710.jpg\",\"keywords\":[\"Fuerza Laboral\",\"Gobierno Bolivariano\",\"Nicol\u00e1s Maduro\",\"Participaci\u00f3n popular y protag\u00f3nica\",\"Presidente Maduro\",\"simulacro\",\"simulacro electoral\",\"Venezuela\"],\"articleSection\":[\"CNE\",\"Gobierno Nacional\",\"Noticias\",\"Vida Laboral y Sindical\"],\"inLanguage\":\"es\"},{\"@type\":\"WebPage\",\"@id\":\"https:\\\/\\\/www.mpppst.gob.ve\\\/mpppstweb\\\/index.php\\\/2024\\\/07\\\/01\\\/simulacro-electoral\\\/\",\"url\":\"https:\\\/\\\/www.mpppst.gob.ve\\\/mpppstweb\\\/index.php\\\/2024\\\/07\\\/01\\\/simulacro-electoral\\\/\",\"name\":\"La clase obrera celebra el Simulacro Electoral 2024 - MPPPST\",\"isPartOf\":{\"@id\":\"https:\\\/\\\/www.mpppst.gob.ve\\\/mpppstweb\\\/#website\"},\"primaryImageOfPage\":{\"@id\":\"https:\\\/\\\/www.mpppst.gob.ve\\\/mpppstweb\\\/index.php\\\/2024\\\/07\\\/01\\\/simulacro-electoral\\\/#primaryimage\"},\"image\":{\"@id\":\"https:\\\/\\\/www.mpppst.gob.ve\\\/mpppstweb\\\/index.php\\\/2024\\\/07\\\/01\\\/simulacro-electoral\\\/#primaryimage\"},\"thumbnailUrl\":\"https:\\\/\\\/www.mpppst.gob.ve\\\/mpppstweb\\\/wp-content\\\/uploads\\\/2024\\\/07\\\/photo_4902631265337977877_y-e1719863996710.jpg\",\"datePublished\":\"2024-07-01T20:00:42+00:00\",\"dateModified\":\"2024-07-01T20:00:44+00:00\",\"description\":\"La clase obrera particip\u00f3 en el simulacro electoral, donde estar\u00e1n los candidatos de las pr\u00f3ximas elecciones presidenciales 2024.\",\"breadcrumb\":{\"@id\":\"https:\\\/\\\/www.mpppst.gob.ve\\\/mpppstweb\\\/index.php\\\/2024\\\/07\\\/01\\\/simulacro-electoral\\\/#breadcrumb\"},\"inLanguage\":\"es\",\"potentialAction\":[{\"@type\":\"ReadAction\",\"target\":[\"https:\\\/\\\/www.mpppst.gob.ve\\\/mpppstweb\\\/index.php\\\/2024\\\/07\\\/01\\\/simulacro-electoral\\\/\"]}]},{\"@type\":\"ImageObject\",\"inLanguage\":\"es\",\"@id\":\"https:\\\/\\\/www.mpppst.gob.ve\\\/mpppstweb\\\/index.php\\\/2024\\\/07\\\/01\\\/simulacro-electoral\\\/#primaryimage\",\"url\":\"https:\\\/\\\/www.mpppst.gob.ve\\\/mpppstweb\\\/wp-content\\\/uploads\\\/2024\\\/07\\\/photo_4902631265337977877_y-e1719863996710.jpg\",\"contentUrl\":\"https:\\\/\\\/www.mpppst.gob.ve\\\/mpppstweb\\\/wp-content\\\/uploads\\\/2024\\\/07\\\/photo_4902631265337977877_y-e1719863996710.jpg\",\"width\":960,\"height\":772,\"caption\":\"LICEO FERM\u00cdN TORO\"},{\"@type\":\"BreadcrumbList\",\"@id\":\"https:\\\/\\\/www.mpppst.gob.ve\\\/mpppstweb\\\/index.php\\\/2024\\\/07\\\/01\\\/simulacro-electoral\\\/#breadcrumb\",\"itemListElement\":[{\"@type\":\"ListItem\",\"position\":1,\"name\":\"Home\",\"item\":\"https:\\\/\\\/www.mpppst.gob.ve\\\/mpppstweb\\\/\"},{\"@type\":\"ListItem\",\"position\":2,\"name\":\"La clase obrera celebra el Simulacro Electoral 2024\"}]},{\"@type\":\"WebSite\",\"@id\":\"https:\\\/\\\/www.mpppst.gob.ve\\\/mpppstweb\\\/#website\",\"url\":\"https:\\\/\\\/www.mpppst.gob.ve\\\/mpppstweb\\\/\",\"name\":\"MPPPST\",\"description\":\"Sitio web oficial del Ministerio del Poder Popular para el Proceso Social de Trabajo\",\"publisher\":{\"@id\":\"https:\\\/\\\/www.mpppst.gob.ve\\\/mpppstweb\\\/#organization\"},\"alternateName\":\"Ministerio del Poder Popular para el Proceso Social de Trabajo\",\"potentialAction\":[{\"@type\":\"SearchAction\",\"target\":{\"@type\":\"EntryPoint\",\"urlTemplate\":\"https:\\\/\\\/www.mpppst.gob.ve\\\/mpppstweb\\\/?s={search_term_string}\"},\"query-input\":{\"@type\":\"PropertyValueSpecification\",\"valueRequired\":true,\"valueName\":\"search_term_string\"}}],\"inLanguage\":\"es\"},{\"@type\":\"Organization\",\"@id\":\"https:\\\/\\\/www.mpppst.gob.ve\\\/mpppstweb\\\/#organization\",\"name\":\"Ministerio del Poder Popular para el Proceso Social de Trabajo\",\"alternateName\":\"MPPPST\",\"url\":\"https:\\\/\\\/www.mpppst.gob.ve\\\/mpppstweb\\\/\",\"logo\":{\"@type\":\"ImageObject\",\"inLanguage\":\"es\",\"@id\":\"https:\\\/\\\/www.mpppst.gob.ve\\\/mpppstweb\\\/#\\\/schema\\\/logo\\\/image\\\/\",\"url\":\"https:\\\/\\\/www.mpppst.gob.ve\\\/mpppstweb\\\/wp-content\\\/uploads\\\/2025\\\/07\\\/cropped-cropped-g910.png\",\"contentUrl\":\"https:\\\/\\\/www.mpppst.gob.ve\\\/mpppstweb\\\/wp-content\\\/uploads\\\/2025\\\/07\\\/cropped-cropped-g910.png\",\"width\":1080,\"height\":241,\"caption\":\"Ministerio del Poder Popular para el Proceso Social de Trabajo\"},\"image\":{\"@id\":\"https:\\\/\\\/www.mpppst.gob.ve\\\/mpppstweb\\\/#\\\/schema\\\/logo\\\/image\\\/\"},\"sameAs\":[\"https:\\\/\\\/www.facebook.com\\\/mintrabajo_ve\",\"https:\\\/\\\/www.instagram.com\\\/mintrabajo_ve\\\/\",\"https:\\\/\\\/www.tiktok.com\\\/@mintrabajo_ve\",\"https:\\\/\\\/t.me\\\/mpppst\"]},{\"@type\":\"Person\",\"@id\":\"https:\\\/\\\/www.mpppst.gob.ve\\\/mpppstweb\\\/#\\\/schema\\\/person\\\/fc187ee8ead412bd4c9304b62f900ea4\",\"name\":\"MPPPST Prensa\",\"url\":\"https:\\\/\\\/www.mpppst.gob.ve\\\/mpppstweb\\\/index.php\\\/author\\\/prensa-mpppst\\\/\"}]}<\/script>\n<!-- \/ Yoast SEO plugin. -->","yoast_head_json":{"title":"La clase obrera celebra el Simulacro Electoral 2024 - MPPPST","description":"La clase obrera particip\u00f3 en el simulacro electoral, donde estar\u00e1n los candidatos de las pr\u00f3ximas elecciones presidenciales 2024.","robots":{"index":"index","follow":"follow","max-snippet":"max-snippet:-1","max-image-preview":"max-image-preview:large","max-video-preview":"max-video-preview:-1"},"canonical":"https:\/\/www.mpppst.gob.ve\/mpppstweb\/index.php\/2024\/07\/01\/simulacro-electoral\/","og_locale":"es_ES","og_type":"article","og_title":"La clase obrera celebra el Simulacro Electoral 2024 - MPPPST","og_description":"La clase obrera particip\u00f3 en el simulacro electoral, donde estar\u00e1n los candidatos de las pr\u00f3ximas elecciones presidenciales 2024.","og_url":"https:\/\/www.mpppst.gob.ve\/mpppstweb\/index.php\/2024\/07\/01\/simulacro-electoral\/","og_site_name":"MPPPST","article_publisher":"https:\/\/www.facebook.com\/mintrabajo_ve","article_published_time":"2024-07-01T20:00:42+00:00","article_modified_time":"2024-07-01T20:00:44+00:00","og_image":[{"width":960,"height":772,"url":"https:\/\/www.mpppst.gob.ve\/mpppstweb\/wp-content\/uploads\/2024\/07\/photo_4902631265337977877_y-e1719863996710.jpg","type":"image\/jpeg"}],"author":"MPPPST Prensa","twitter_card":"summary_large_image","schema":{"@context":"https:\/\/schema.org","@graph":[{"@type":"Article","@id":"https:\/\/www.mpppst.gob.ve\/mpppstweb\/index.php\/2024\/07\/01\/simulacro-electoral\/#article","isPartOf":{"@id":"https:\/\/www.mpppst.gob.ve\/mpppstweb\/index.php\/2024\/07\/01\/simulacro-electoral\/"},"author":{"name":"MPPPST Prensa","@id":"https:\/\/www.mpppst.gob.ve\/mpppstweb\/#\/schema\/person\/fc187ee8ead412bd4c9304b62f900ea4"},"headline":"La clase obrera celebra el Simulacro Electoral 2024","datePublished":"2024-07-01T20:00:42+00:00","dateModified":"2024-07-01T20:00:44+00:00","mainEntityOfPage":{"@id":"https:\/\/www.mpppst.gob.ve\/mpppstweb\/index.php\/2024\/07\/01\/simulacro-electoral\/"},"wordCount":204,"publisher":{"@id":"https:\/\/www.mpppst.gob.ve\/mpppstweb\/#organization"},"image":{"@id":"https:\/\/www.mpppst.gob.ve\/mpppstweb\/index.php\/2024\/07\/01\/simulacro-electoral\/#primaryimage"},"thumbnailUrl":"https:\/\/www.mpppst.gob.ve\/mpppstweb\/wp-content\/uploads\/2024\/07\/photo_4902631265337977877_y-e1719863996710.jpg","keywords":["Fuerza Laboral","Gobierno Bolivariano","Nicol\u00e1s Maduro","Participaci\u00f3n popular y protag\u00f3nica","Presidente Maduro","simulacro","simulacro electoral","Venezuela"],"articleSection":["CNE","Gobierno Nacional","Noticias","Vida Laboral y Sindical"],"inLanguage":"es"},{"@type":"WebPage","@id":"https:\/\/www.mpppst.gob.ve\/mpppstweb\/index.php\/2024\/07\/01\/simulacro-electoral\/","url":"https:\/\/www.mpppst.gob.ve\/mpppstweb\/index.php\/2024\/07\/01\/simulacro-electoral\/","name":"La clase obrera celebra el Simulacro Electoral 2024 - MPPPST","isPartOf":{"@id":"https:\/\/www.mpppst.gob.ve\/mpppstweb\/#website"},"primaryImageOfPage":{"@id":"https:\/\/www.mpppst.gob.ve\/mpppstweb\/index.php\/2024\/07\/01\/simulacro-electoral\/#primaryimage"},"image":{"@id":"https:\/\/www.mpppst.gob.ve\/mpppstweb\/index.php\/2024\/07\/01\/simulacro-electoral\/#primaryimage"},"thumbnailUrl":"https:\/\/www.mpppst.gob.ve\/mpppstweb\/wp-content\/uploads\/2024\/07\/photo_4902631265337977877_y-e1719863996710.jpg","datePublished":"2024-07-01T20:00:42+00:00","dateModified":"2024-07-01T20:00:44+00:00","description":"La clase obrera particip\u00f3 en el simulacro electoral, donde estar\u00e1n los candidatos de las pr\u00f3ximas elecciones presidenciales 2024.","breadcrumb":{"@id":"https:\/\/www.mpppst.gob.ve\/mpppstweb\/index.php\/2024\/07\/01\/simulacro-electoral\/#breadcrumb"},"inLanguage":"es","potentialAction":[{"@type":"ReadAction","target":["https:\/\/www.mpppst.gob.ve\/mpppstweb\/index.php\/2024\/07\/01\/simulacro-electoral\/"]}]},{"@type":"ImageObject","inLanguage":"es","@id":"https:\/\/www.mpppst.gob.ve\/mpppstweb\/index.php\/2024\/07\/01\/simulacro-electoral\/#primaryimage","url":"https:\/\/www.mpppst.gob.ve\/mpppstweb\/wp-content\/uploads\/2024\/07\/photo_4902631265337977877_y-e1719863996710.jpg","contentUrl":"https:\/\/www.mpppst.gob.ve\/mpppstweb\/wp-content\/uploads\/2024\/07\/photo_4902631265337977877_y-e1719863996710.jpg","width":960,"height":772,"caption":"LICEO FERM\u00cdN TORO"},{"@type":"BreadcrumbList","@id":"https:\/\/www.mpppst.gob.ve\/mpppstweb\/index.php\/2024\/07\/01\/simulacro-electoral\/#breadcrumb","itemListElement":[{"@type":"ListItem","position":1,"name":"Home","item":"https:\/\/www.mpppst.gob.ve\/mpppstweb\/"},{"@type":"ListItem","position":2,"name":"La clase obrera celebra el Simulacro Electoral 2024"}]},{"@type":"WebSite","@id":"https:\/\/www.mpppst.gob.ve\/mpppstweb\/#website","url":"https:\/\/www.mpppst.gob.ve\/mpppstweb\/","name":"MPPPST","description":"Sitio web oficial del Ministerio del Poder Popular para el Proceso Social de Trabajo","publisher":{"@id":"https:\/\/www.mpppst.gob.ve\/mpppstweb\/#organization"},"alternateName":"Ministerio del Poder Popular para el Proceso Social de Trabajo","potentialAction":[{"@type":"SearchAction","target":{"@type":"EntryPoint","urlTemplate":"https:\/\/www.mpppst.gob.ve\/mpppstweb\/?s={search_term_string}"},"query-input":{"@type":"PropertyValueSpecification","valueRequired":true,"valueName":"search_term_string"}}],"inLanguage":"es"},{"@type":"Organization","@id":"https:\/\/www.mpppst.gob.ve\/mpppstweb\/#organization","name":"Ministerio del Poder Popular para el Proceso Social de Trabajo","alternateName":"MPPPST","url":"https:\/\/www.mpppst.gob.ve\/mpppstweb\/","logo":{"@type":"ImageObject","inLanguage":"es","@id":"https:\/\/www.mpppst.gob.ve\/mpppstweb\/#\/schema\/logo\/image\/","url":"https:\/\/www.mpppst.gob.ve\/mpppstweb\/wp-content\/uploads\/2025\/07\/cropped-cropped-g910.png","contentUrl":"https:\/\/www.mpppst.gob.ve\/mpppstweb\/wp-content\/uploads\/2025\/07\/cropped-cropped-g910.png","width":1080,"height":241,"caption":"Ministerio del Poder Popular para el Proceso Social de Trabajo"},"image":{"@id":"https:\/\/www.mpppst.gob.ve\/mpppstweb\/#\/schema\/logo\/image\/"},"sameAs":["https:\/\/www.facebook.com\/mintrabajo_ve","https:\/\/www.instagram.com\/mintrabajo_ve\/","https:\/\/www.tiktok.com\/@mintrabajo_ve","https:\/\/t.me\/mpppst"]},{"@type":"Person","@id":"https:\/\/www.mpppst.gob.ve\/mpppstweb\/#\/schema\/person\/fc187ee8ead412bd4c9304b62f900ea4","name":"MPPPST Prensa","url":"https:\/\/www.mpppst.gob.ve\/mpppstweb\/index.php\/author\/prensa-mpppst\/"}]}},"_links":{"self":[{"href":"https:\/\/www.mpppst.gob.ve\/mpppstweb\/index.php\/wp-json\/wp\/v2\/posts\/26397","targetHints":{"allow":["GET"]}}],"collection":[{"href":"https:\/\/www.mpppst.gob.ve\/mpppstweb\/index.php\/wp-json\/wp\/v2\/posts"}],"about":[{"href":"https:\/\/www.mpppst.gob.ve\/mpppstweb\/index.php\/wp-json\/wp\/v2\/types\/post"}],"author":[{"embeddable":true,"href":"https:\/\/www.mpppst.gob.ve\/mpppstweb\/index.php\/wp-json\/wp\/v2\/users\/25"}],"replies":[{"embeddable":true,"href":"https:\/\/www.mpppst.gob.ve\/mpppstweb\/index.php\/wp-json\/wp\/v2\/comments?post=26397"}],"version-history":[{"count":1,"href":"https:\/\/www.mpppst.gob.ve\/mpppstweb\/index.php\/wp-json\/wp\/v2\/posts\/26397\/revisions"}],"predecessor-version":[{"id":26399,"href":"https:\/\/www.mpppst.gob.ve\/mpppstweb\/index.php\/wp-json\/wp\/v2\/posts\/26397\/revisions\/26399"}],"wp:featuredmedia":[{"embeddable":true,"href":"https:\/\/www.mpppst.gob.ve\/mpppstweb\/index.php\/wp-json\/wp\/v2\/media\/26398"}],"wp:attachment":[{"href":"https:\/\/www.mpppst.gob.ve\/mpppstweb\/index.php\/wp-json\/wp\/v2\/media?parent=26397"}],"wp:term":[{"taxonomy":"category","embeddable":true,"href":"https:\/\/www.mpppst.gob.ve\/mpppstweb\/index.php\/wp-json\/wp\/v2\/categories?post=26397"},{"taxonomy":"post_tag","embeddable":true,"href":"https:\/\/www.mpppst.gob.ve\/mpppstweb\/index.php\/wp-json\/wp\/v2\/tags?post=26397"}],"curies":[{"name":"wp","href":"https:\/\/api.w.org\/{rel}","templated":true}]}}