{"id":26400,"date":"2024-07-02T15:50:09","date_gmt":"2024-07-02T19:50:09","guid":{"rendered":"http:\/\/www.mpppst.gob.ve\/mpppstweb\/?p=26400"},"modified":"2024-07-02T15:50:10","modified_gmt":"2024-07-02T19:50:10","slug":"ministro-alexis-corredor-trabajadores-y-trabajadoras-de-miranda-y-sus-organizaciones-sindicales-apuestan-a-la-diplomacia-de-paz","status":"publish","type":"post","link":"https:\/\/www.mpppst.gob.ve\/mpppstweb\/index.php\/2024\/07\/02\/ministro-alexis-corredor-trabajadores-y-trabajadoras-de-miranda-y-sus-organizaciones-sindicales-apuestan-a-la-diplomacia-de-paz\/","title":{"rendered":"Ministro Alexis Corredor: Trabajadores y trabajadoras de Miranda y sus organizaciones sindicales apuestan a la Diplomacia de Paz"},"content":{"rendered":"\n<p><strong>(Caracas, 02-07-2024.- Prensa MPPPST).<\/strong>&#8211; M\u00e1s de<strong> 90 trabajadoras<\/strong> y <strong>trabajadores<\/strong> de <strong>40 organizaciones sindicales de empresas p\u00fablicas y privadas<\/strong> del estado<strong> Bolivariano de Miranda<\/strong> participaron junto al <strong>Ministro del Poder Popular para el Proceso Social del Trabajo <\/strong>(<strong>MPPPST<\/strong>),<strong> Alexis Corredor P\u00e9rez<\/strong>, en un encuentro organizado en el <strong>N\u00facleo de Desarrollo End\u00f3geno Socialista Francisco de Miranda<\/strong>, ubicado en <strong>Los Ruices<\/strong>, municipio <strong>Sucre <\/strong>del estado <strong>Bolivariano de Miranda<\/strong>, en respaldo al <strong>presidente Nicol\u00e1s Maduro Moros<\/strong>.<\/p>\n\n\n\n<p>Luego de escuchar atentamente algunas propuestas e inquietudes por parte de los dirigentes sindicales, el <strong>ministro Corredor P\u00e9rez<\/strong>, expres\u00f3 que evalu\u00f3 algunos temas particulares de los <strong>trabajadores y las trabajadoras de Miranda<\/strong>. <em>\u201cTambi\u00e9n estamos evaluando todo lo que es el proceso pol\u00edtico venezolano, la extraordinaria jornada del simulacro del domingo 30 de junio, y la preparaci\u00f3n de la clase obrera del estado Miranda a trav\u00e9s de sus organismos y sus organizaciones genuinas para el proceso electoral del pr\u00f3ximo 28 de julio\u201d<\/em>.<\/p>\n\n\n\n<figure class=\"wp-block-image alignfull size-large\"><a href=\"http:\/\/www.mpppst.gob.ve\/mpppstweb\/wp-content\/uploads\/2024\/07\/WhatsApp-Image-2024-07-02-at-3.18.36-PM.jpeg\"><img decoding=\"async\" loading=\"lazy\" width=\"1024\" height=\"771\" src=\"http:\/\/www.mpppst.gob.ve\/mpppstweb\/wp-content\/uploads\/2024\/07\/WhatsApp-Image-2024-07-02-at-3.18.36-PM-1024x771.jpeg\" alt=\"\" class=\"wp-image-26402\" srcset=\"https:\/\/www.mpppst.gob.ve\/mpppstweb\/wp-content\/uploads\/2024\/07\/WhatsApp-Image-2024-07-02-at-3.18.36-PM-1024x771.jpeg 1024w, https:\/\/www.mpppst.gob.ve\/mpppstweb\/wp-content\/uploads\/2024\/07\/WhatsApp-Image-2024-07-02-at-3.18.36-PM-300x226.jpeg 300w, https:\/\/www.mpppst.gob.ve\/mpppstweb\/wp-content\/uploads\/2024\/07\/WhatsApp-Image-2024-07-02-at-3.18.36-PM-768x578.jpeg 768w, https:\/\/www.mpppst.gob.ve\/mpppstweb\/wp-content\/uploads\/2024\/07\/WhatsApp-Image-2024-07-02-at-3.18.36-PM-1536x1156.jpeg 1536w, https:\/\/www.mpppst.gob.ve\/mpppstweb\/wp-content\/uploads\/2024\/07\/WhatsApp-Image-2024-07-02-at-3.18.36-PM-2048x1542.jpeg 2048w\" sizes=\"(max-width: 1024px) 100vw, 1024px\" \/><\/a><\/figure>\n\n\n\n<p>Destac\u00f3 el compromiso por parte del <strong>Ministerio del Poder Popular para el Proceso Social de Trabajo<\/strong>, con las mayores garant\u00edas, a todas las organizaciones sindicales, y asegur\u00f3 que dicho <strong>Ministerio<\/strong> pondr\u00e1 a disposici\u00f3n del pueblo venezolano, el <strong>0800Trabajo<\/strong>, para garantizar que compa\u00f1eras y compa\u00f1eros trabajadores ejerzan su derecho al voto en las elecciones presidenciales a realizarse pr\u00f3ximamente.<\/p>\n\n\n\n<p><em>\u201cNosotros, en este esfuerzo de cantos y labores, queremos indicarle al pueblo venezolano que los trabajadores y las trabajadoras de Miranda y sus organizaciones sindicales apuestan a la Diplomacia de Paz\u201d<\/em>, afirm\u00f3.<\/p>\n\n\n\n<p><strong>Corredor <\/strong>afirm\u00f3 que ma\u00f1ana 03 de julio se celebrar\u00e1 una reuni\u00f3n entre <strong>Venezuela<\/strong> y <strong>Estados<\/strong> <strong>Unidos<\/strong> y la poblaci\u00f3n apuesta a la tranquilidad<em> \u201cy que el proceso electoral se desenvuelva con la m\u00e1xima tranquilidad con todas las medidas, desde el punto de vista econ\u00f3mico, sin ninguna perturbaci\u00f3n ni actividades que violente nuestra Constituci\u00f3n\u201d<\/em>, acot\u00f3.<\/p>\n\n\n\n<p><strong>La clase trabajadora expresa su respaldo al presidente Nicol\u00e1s Maduro<\/strong><\/p>\n\n\n\n<p><strong>Vladimir Molina<\/strong>, <strong>presidente <\/strong>del <strong>Sindicato de Salud de Miranda<\/strong>, afirm\u00f3 la satisfacci\u00f3n de la reuni\u00f3n sostenida con el <strong>Ministro para el Proceso Social de Trabajo<\/strong>, en apoyo al <strong>Presidente Obrero<\/strong> para proyectarse el pr\u00f3ximo <strong>28 de julio<\/strong>.<\/p>\n\n\n\n<p>Asimismo, manifest\u00f3 el compromiso que tiene la clase trabajadora con el pueblo venezolano.<em> \u201cCuente con nosotros se\u00f1or Presidente. Estamos en reuni\u00f3n permanente, estamos en la calle, estamos en la f\u00e1brica para impulsar la producci\u00f3n. Nosotros estamos convencidos que la <strong>Revoluci\u00f3n <\/strong>es el cambio de nuestra <strong>Patria <\/strong>y as\u00ed lo hizo saber nuestro <strong>Comandante Ch\u00e1vez<\/strong>. Estamos rodilla en tierra\u201d<\/em>.<\/p>\n\n\n\n<p><strong>Beatriz Blanco<\/strong>, durante su intervenci\u00f3n manifest\u00f3 la lucha incansable de la clase trabajadora para mantener el legado del <strong>Comandante Hugo Ch\u00e1vez<\/strong>. <em>\u00abAqu\u00ed est\u00e1 el pueblo que <strong>Ch\u00e1vez <\/strong>form\u00f3 y aqu\u00ed seguimos, en lucha con la Clase Trabajadora\u00bb.<br>Finalmente, <\/em><strong>Otilio Tovar<\/strong>, secretario general de <strong>Pepsi Cola<\/strong> &#8211; <strong>Planta Caucagua<\/strong>, puntualiz\u00f3 que <em>\u00abEl Sindicato ni se arrodilla, ni se vende\u00bb<\/em>.<strong> (Fin\/ Prensa MPPPST)<\/strong>.<\/p>\n","protected":false},"excerpt":{"rendered":"<p>(Caracas, 02-07-2024.- Prensa MPPPST).&#8211; M\u00e1s de 90 trabajadoras y trabajadores de 40 organizaciones sindicales de empresas &hellip; <a title=\"Ministro Alexis Corredor: Trabajadores y trabajadoras de Miranda y sus organizaciones sindicales apuestan a la Diplomacia de Paz\" class=\"hm-read-more\" href=\"https:\/\/www.mpppst.gob.ve\/mpppstweb\/index.php\/2024\/07\/02\/ministro-alexis-corredor-trabajadores-y-trabajadoras-de-miranda-y-sus-organizaciones-sindicales-apuestan-a-la-diplomacia-de-paz\/\"><span class=\"screen-reader-text\">Ministro Alexis Corredor: Trabajadores y trabajadoras de Miranda y sus organizaciones sindicales apuestan a la Diplomacia de Paz<\/span>Read more<\/a><\/p>\n","protected":false},"author":25,"featured_media":26401,"comment_status":"closed","ping_status":"closed","sticky":false,"template":"","format":"standard","meta":{"footnotes":""},"categories":[82,163,84],"tags":[229,225,222,693,223,341,240,285,227,345,335],"yoast_head":"<!-- This site is optimized with the Yoast SEO plugin v22.5 - https:\/\/yoast.com\/wordpress\/plugins\/seo\/ -->\n<title>Ministro Alexis Corredor: Trabajadores y trabajadoras de Miranda y sus organizaciones sindicales apuestan a la Diplomacia de Paz - MPPPST<\/title>\n<meta name=\"robots\" content=\"index, follow, max-snippet:-1, max-image-preview:large, max-video-preview:-1\" \/>\n<link rel=\"canonical\" href=\"https:\/\/www.mpppst.gob.ve\/mpppstweb\/index.php\/2024\/07\/02\/ministro-alexis-corredor-trabajadores-y-trabajadoras-de-miranda-y-sus-organizaciones-sindicales-apuestan-a-la-diplomacia-de-paz\/\" \/>\n<meta property=\"og:locale\" content=\"es_ES\" \/>\n<meta property=\"og:type\" content=\"article\" \/>\n<meta property=\"og:title\" content=\"Ministro Alexis Corredor: Trabajadores y trabajadoras de Miranda y sus organizaciones sindicales apuestan a la Diplomacia de Paz - MPPPST\" \/>\n<meta property=\"og:description\" content=\"(Caracas, 02-07-2024.- Prensa MPPPST).&#8211; M\u00e1s de 90 trabajadoras y trabajadores de 40 organizaciones sindicales de empresas &hellip; Ministro Alexis Corredor: Trabajadores y trabajadoras de Miranda y sus organizaciones sindicales apuestan a la Diplomacia de PazRead more\" \/>\n<meta property=\"og:url\" content=\"https:\/\/www.mpppst.gob.ve\/mpppstweb\/index.php\/2024\/07\/02\/ministro-alexis-corredor-trabajadores-y-trabajadoras-de-miranda-y-sus-organizaciones-sindicales-apuestan-a-la-diplomacia-de-paz\/\" \/>\n<meta property=\"og:site_name\" content=\"MPPPST\" \/>\n<meta property=\"article:published_time\" content=\"2024-07-02T19:50:09+00:00\" \/>\n<meta property=\"article:modified_time\" content=\"2024-07-02T19:50:10+00:00\" \/>\n<meta property=\"og:image\" content=\"https:\/\/www.mpppst.gob.ve\/mpppstweb\/wp-content\/uploads\/2024\/07\/WhatsApp-Image-2024-07-02-at-3.18.51-PM.jpeg\" \/>\n\t<meta property=\"og:image:width\" content=\"2560\" \/>\n\t<meta property=\"og:image:height\" content=\"1927\" \/>\n\t<meta property=\"og:image:type\" content=\"image\/jpeg\" \/>\n<meta name=\"author\" content=\"MPPPST Prensa\" \/>\n<meta name=\"twitter:card\" content=\"summary_large_image\" \/>\n<meta name=\"twitter:label1\" content=\"Escrito por\" \/>\n\t<meta name=\"twitter:data1\" content=\"MPPPST Prensa\" \/>\n\t<meta name=\"twitter:label2\" content=\"Tiempo de lectura\" \/>\n\t<meta name=\"twitter:data2\" content=\"3 minutos\" \/>\n<script type=\"application\/ld+json\" class=\"yoast-schema-graph\">{\"@context\":\"https:\/\/schema.org\",\"@graph\":[{\"@type\":\"Article\",\"@id\":\"https:\/\/www.mpppst.gob.ve\/mpppstweb\/index.php\/2024\/07\/02\/ministro-alexis-corredor-trabajadores-y-trabajadoras-de-miranda-y-sus-organizaciones-sindicales-apuestan-a-la-diplomacia-de-paz\/#article\",\"isPartOf\":{\"@id\":\"https:\/\/www.mpppst.gob.ve\/mpppstweb\/index.php\/2024\/07\/02\/ministro-alexis-corredor-trabajadores-y-trabajadoras-de-miranda-y-sus-organizaciones-sindicales-apuestan-a-la-diplomacia-de-paz\/\"},\"author\":{\"name\":\"MPPPST Prensa\",\"@id\":\"https:\/\/www.mpppst.gob.ve\/mpppstweb\/#\/schema\/person\/fc187ee8ead412bd4c9304b62f900ea4\"},\"headline\":\"Ministro Alexis Corredor: Trabajadores y trabajadoras de Miranda y sus organizaciones sindicales apuestan a la Diplomacia de Paz\",\"datePublished\":\"2024-07-02T19:50:09+00:00\",\"dateModified\":\"2024-07-02T19:50:10+00:00\",\"mainEntityOfPage\":{\"@id\":\"https:\/\/www.mpppst.gob.ve\/mpppstweb\/index.php\/2024\/07\/02\/ministro-alexis-corredor-trabajadores-y-trabajadoras-de-miranda-y-sus-organizaciones-sindicales-apuestan-a-la-diplomacia-de-paz\/\"},\"wordCount\":515,\"publisher\":{\"@id\":\"https:\/\/www.mpppst.gob.ve\/mpppstweb\/#organization\"},\"image\":{\"@id\":\"https:\/\/www.mpppst.gob.ve\/mpppstweb\/index.php\/2024\/07\/02\/ministro-alexis-corredor-trabajadores-y-trabajadoras-de-miranda-y-sus-organizaciones-sindicales-apuestan-a-la-diplomacia-de-paz\/#primaryimage\"},\"thumbnailUrl\":\"https:\/\/www.mpppst.gob.ve\/mpppstweb\/wp-content\/uploads\/2024\/07\/WhatsApp-Image-2024-07-02-at-3.18.51-PM.jpeg\",\"keywords\":[\"Defensa Integral\",\"Fuerza Laboral\",\"Gobierno Bolivariano\",\"Ministro Alexis Corredor P\u00e9rez\",\"MPPPST\",\"Nicol\u00e1s Maduro\",\"Participaci\u00f3n popular y protag\u00f3nica\",\"Presidente Maduro\",\"Proceso Social\",\"Trabajadores\",\"Venezuela\"],\"articleSection\":[\"Gobierno Nacional\",\"Noticias\",\"Vida Laboral y Sindical\"],\"inLanguage\":\"es\"},{\"@type\":\"WebPage\",\"@id\":\"https:\/\/www.mpppst.gob.ve\/mpppstweb\/index.php\/2024\/07\/02\/ministro-alexis-corredor-trabajadores-y-trabajadoras-de-miranda-y-sus-organizaciones-sindicales-apuestan-a-la-diplomacia-de-paz\/\",\"url\":\"https:\/\/www.mpppst.gob.ve\/mpppstweb\/index.php\/2024\/07\/02\/ministro-alexis-corredor-trabajadores-y-trabajadoras-de-miranda-y-sus-organizaciones-sindicales-apuestan-a-la-diplomacia-de-paz\/\",\"name\":\"Ministro Alexis Corredor: Trabajadores y trabajadoras de Miranda y sus organizaciones sindicales apuestan a la Diplomacia de Paz - MPPPST\",\"isPartOf\":{\"@id\":\"https:\/\/www.mpppst.gob.ve\/mpppstweb\/#website\"},\"primaryImageOfPage\":{\"@id\":\"https:\/\/www.mpppst.gob.ve\/mpppstweb\/index.php\/2024\/07\/02\/ministro-alexis-corredor-trabajadores-y-trabajadoras-de-miranda-y-sus-organizaciones-sindicales-apuestan-a-la-diplomacia-de-paz\/#primaryimage\"},\"image\":{\"@id\":\"https:\/\/www.mpppst.gob.ve\/mpppstweb\/index.php\/2024\/07\/02\/ministro-alexis-corredor-trabajadores-y-trabajadoras-de-miranda-y-sus-organizaciones-sindicales-apuestan-a-la-diplomacia-de-paz\/#primaryimage\"},\"thumbnailUrl\":\"https:\/\/www.mpppst.gob.ve\/mpppstweb\/wp-content\/uploads\/2024\/07\/WhatsApp-Image-2024-07-02-at-3.18.51-PM.jpeg\",\"datePublished\":\"2024-07-02T19:50:09+00:00\",\"dateModified\":\"2024-07-02T19:50:10+00:00\",\"breadcrumb\":{\"@id\":\"https:\/\/www.mpppst.gob.ve\/mpppstweb\/index.php\/2024\/07\/02\/ministro-alexis-corredor-trabajadores-y-trabajadoras-de-miranda-y-sus-organizaciones-sindicales-apuestan-a-la-diplomacia-de-paz\/#breadcrumb\"},\"inLanguage\":\"es\",\"potentialAction\":[{\"@type\":\"ReadAction\",\"target\":[\"https:\/\/www.mpppst.gob.ve\/mpppstweb\/index.php\/2024\/07\/02\/ministro-alexis-corredor-trabajadores-y-trabajadoras-de-miranda-y-sus-organizaciones-sindicales-apuestan-a-la-diplomacia-de-paz\/\"]}]},{\"@type\":\"ImageObject\",\"inLanguage\":\"es\",\"@id\":\"https:\/\/www.mpppst.gob.ve\/mpppstweb\/index.php\/2024\/07\/02\/ministro-alexis-corredor-trabajadores-y-trabajadoras-de-miranda-y-sus-organizaciones-sindicales-apuestan-a-la-diplomacia-de-paz\/#primaryimage\",\"url\":\"https:\/\/www.mpppst.gob.ve\/mpppstweb\/wp-content\/uploads\/2024\/07\/WhatsApp-Image-2024-07-02-at-3.18.51-PM.jpeg\",\"contentUrl\":\"https:\/\/www.mpppst.gob.ve\/mpppstweb\/wp-content\/uploads\/2024\/07\/WhatsApp-Image-2024-07-02-at-3.18.51-PM.jpeg\",\"width\":2560,\"height\":1927},{\"@type\":\"BreadcrumbList\",\"@id\":\"https:\/\/www.mpppst.gob.ve\/mpppstweb\/index.php\/2024\/07\/02\/ministro-alexis-corredor-trabajadores-y-trabajadoras-de-miranda-y-sus-organizaciones-sindicales-apuestan-a-la-diplomacia-de-paz\/#breadcrumb\",\"itemListElement\":[{\"@type\":\"ListItem\",\"position\":1,\"name\":\"Home\",\"item\":\"https:\/\/www.mpppst.gob.ve\/mpppstweb\/\"},{\"@type\":\"ListItem\",\"position\":2,\"name\":\"Ministro Alexis Corredor: Trabajadores y trabajadoras de Miranda y sus organizaciones sindicales apuestan a la Diplomacia de Paz\"}]},{\"@type\":\"WebSite\",\"@id\":\"https:\/\/www.mpppst.gob.ve\/mpppstweb\/#website\",\"url\":\"https:\/\/www.mpppst.gob.ve\/mpppstweb\/\",\"name\":\"MPPPST\",\"description\":\"Ministerio del Poder Popular para el Proceso Social de Trabajo\",\"publisher\":{\"@id\":\"https:\/\/www.mpppst.gob.ve\/mpppstweb\/#organization\"},\"potentialAction\":[{\"@type\":\"SearchAction\",\"target\":{\"@type\":\"EntryPoint\",\"urlTemplate\":\"https:\/\/www.mpppst.gob.ve\/mpppstweb\/?s={search_term_string}\"},\"query-input\":\"required name=search_term_string\"}],\"inLanguage\":\"es\"},{\"@type\":\"Organization\",\"@id\":\"https:\/\/www.mpppst.gob.ve\/mpppstweb\/#organization\",\"name\":\"mpppst\",\"url\":\"https:\/\/www.mpppst.gob.ve\/mpppstweb\/\",\"logo\":{\"@type\":\"ImageObject\",\"inLanguage\":\"es\",\"@id\":\"https:\/\/www.mpppst.gob.ve\/mpppstweb\/#\/schema\/logo\/image\/\",\"url\":\"https:\/\/www.mpppst.gob.ve\/mpppstweb\/wp-content\/uploads\/2025\/07\/cropped-cropped-g910.png\",\"contentUrl\":\"https:\/\/www.mpppst.gob.ve\/mpppstweb\/wp-content\/uploads\/2025\/07\/cropped-cropped-g910.png\",\"width\":1080,\"height\":241,\"caption\":\"mpppst\"},\"image\":{\"@id\":\"https:\/\/www.mpppst.gob.ve\/mpppstweb\/#\/schema\/logo\/image\/\"}},{\"@type\":\"Person\",\"@id\":\"https:\/\/www.mpppst.gob.ve\/mpppstweb\/#\/schema\/person\/fc187ee8ead412bd4c9304b62f900ea4\",\"name\":\"MPPPST Prensa\",\"url\":\"https:\/\/www.mpppst.gob.ve\/mpppstweb\/index.php\/author\/prensa-mpppst\/\"}]}<\/script>\n<!-- \/ Yoast SEO plugin. -->","yoast_head_json":{"title":"Ministro Alexis Corredor: Trabajadores y trabajadoras de Miranda y sus organizaciones sindicales apuestan a la Diplomacia de Paz - MPPPST","robots":{"index":"index","follow":"follow","max-snippet":"max-snippet:-1","max-image-preview":"max-image-preview:large","max-video-preview":"max-video-preview:-1"},"canonical":"https:\/\/www.mpppst.gob.ve\/mpppstweb\/index.php\/2024\/07\/02\/ministro-alexis-corredor-trabajadores-y-trabajadoras-de-miranda-y-sus-organizaciones-sindicales-apuestan-a-la-diplomacia-de-paz\/","og_locale":"es_ES","og_type":"article","og_title":"Ministro Alexis Corredor: Trabajadores y trabajadoras de Miranda y sus organizaciones sindicales apuestan a la Diplomacia de Paz - MPPPST","og_description":"(Caracas, 02-07-2024.- Prensa MPPPST).&#8211; M\u00e1s de 90 trabajadoras y trabajadores de 40 organizaciones sindicales de empresas &hellip; Ministro Alexis Corredor: Trabajadores y trabajadoras de Miranda y sus organizaciones sindicales apuestan a la Diplomacia de PazRead more","og_url":"https:\/\/www.mpppst.gob.ve\/mpppstweb\/index.php\/2024\/07\/02\/ministro-alexis-corredor-trabajadores-y-trabajadoras-de-miranda-y-sus-organizaciones-sindicales-apuestan-a-la-diplomacia-de-paz\/","og_site_name":"MPPPST","article_published_time":"2024-07-02T19:50:09+00:00","article_modified_time":"2024-07-02T19:50:10+00:00","og_image":[{"width":2560,"height":1927,"url":"https:\/\/www.mpppst.gob.ve\/mpppstweb\/wp-content\/uploads\/2024\/07\/WhatsApp-Image-2024-07-02-at-3.18.51-PM.jpeg","type":"image\/jpeg"}],"author":"MPPPST Prensa","twitter_card":"summary_large_image","twitter_misc":{"Escrito por":"MPPPST Prensa","Tiempo de lectura":"3 minutos"},"schema":{"@context":"https:\/\/schema.org","@graph":[{"@type":"Article","@id":"https:\/\/www.mpppst.gob.ve\/mpppstweb\/index.php\/2024\/07\/02\/ministro-alexis-corredor-trabajadores-y-trabajadoras-de-miranda-y-sus-organizaciones-sindicales-apuestan-a-la-diplomacia-de-paz\/#article","isPartOf":{"@id":"https:\/\/www.mpppst.gob.ve\/mpppstweb\/index.php\/2024\/07\/02\/ministro-alexis-corredor-trabajadores-y-trabajadoras-de-miranda-y-sus-organizaciones-sindicales-apuestan-a-la-diplomacia-de-paz\/"},"author":{"name":"MPPPST Prensa","@id":"https:\/\/www.mpppst.gob.ve\/mpppstweb\/#\/schema\/person\/fc187ee8ead412bd4c9304b62f900ea4"},"headline":"Ministro Alexis Corredor: Trabajadores y trabajadoras de Miranda y sus organizaciones sindicales apuestan a la Diplomacia de Paz","datePublished":"2024-07-02T19:50:09+00:00","dateModified":"2024-07-02T19:50:10+00:00","mainEntityOfPage":{"@id":"https:\/\/www.mpppst.gob.ve\/mpppstweb\/index.php\/2024\/07\/02\/ministro-alexis-corredor-trabajadores-y-trabajadoras-de-miranda-y-sus-organizaciones-sindicales-apuestan-a-la-diplomacia-de-paz\/"},"wordCount":515,"publisher":{"@id":"https:\/\/www.mpppst.gob.ve\/mpppstweb\/#organization"},"image":{"@id":"https:\/\/www.mpppst.gob.ve\/mpppstweb\/index.php\/2024\/07\/02\/ministro-alexis-corredor-trabajadores-y-trabajadoras-de-miranda-y-sus-organizaciones-sindicales-apuestan-a-la-diplomacia-de-paz\/#primaryimage"},"thumbnailUrl":"https:\/\/www.mpppst.gob.ve\/mpppstweb\/wp-content\/uploads\/2024\/07\/WhatsApp-Image-2024-07-02-at-3.18.51-PM.jpeg","keywords":["Defensa Integral","Fuerza Laboral","Gobierno Bolivariano","Ministro Alexis Corredor P\u00e9rez","MPPPST","Nicol\u00e1s Maduro","Participaci\u00f3n popular y protag\u00f3nica","Presidente Maduro","Proceso Social","Trabajadores","Venezuela"],"articleSection":["Gobierno Nacional","Noticias","Vida Laboral y Sindical"],"inLanguage":"es"},{"@type":"WebPage","@id":"https:\/\/www.mpppst.gob.ve\/mpppstweb\/index.php\/2024\/07\/02\/ministro-alexis-corredor-trabajadores-y-trabajadoras-de-miranda-y-sus-organizaciones-sindicales-apuestan-a-la-diplomacia-de-paz\/","url":"https:\/\/www.mpppst.gob.ve\/mpppstweb\/index.php\/2024\/07\/02\/ministro-alexis-corredor-trabajadores-y-trabajadoras-de-miranda-y-sus-organizaciones-sindicales-apuestan-a-la-diplomacia-de-paz\/","name":"Ministro Alexis Corredor: Trabajadores y trabajadoras de Miranda y sus organizaciones sindicales apuestan a la Diplomacia de Paz - MPPPST","isPartOf":{"@id":"https:\/\/www.mpppst.gob.ve\/mpppstweb\/#website"},"primaryImageOfPage":{"@id":"https:\/\/www.mpppst.gob.ve\/mpppstweb\/index.php\/2024\/07\/02\/ministro-alexis-corredor-trabajadores-y-trabajadoras-de-miranda-y-sus-organizaciones-sindicales-apuestan-a-la-diplomacia-de-paz\/#primaryimage"},"image":{"@id":"https:\/\/www.mpppst.gob.ve\/mpppstweb\/index.php\/2024\/07\/02\/ministro-alexis-corredor-trabajadores-y-trabajadoras-de-miranda-y-sus-organizaciones-sindicales-apuestan-a-la-diplomacia-de-paz\/#primaryimage"},"thumbnailUrl":"https:\/\/www.mpppst.gob.ve\/mpppstweb\/wp-content\/uploads\/2024\/07\/WhatsApp-Image-2024-07-02-at-3.18.51-PM.jpeg","datePublished":"2024-07-02T19:50:09+00:00","dateModified":"2024-07-02T19:50:10+00:00","breadcrumb":{"@id":"https:\/\/www.mpppst.gob.ve\/mpppstweb\/index.php\/2024\/07\/02\/ministro-alexis-corredor-trabajadores-y-trabajadoras-de-miranda-y-sus-organizaciones-sindicales-apuestan-a-la-diplomacia-de-paz\/#breadcrumb"},"inLanguage":"es","potentialAction":[{"@type":"ReadAction","target":["https:\/\/www.mpppst.gob.ve\/mpppstweb\/index.php\/2024\/07\/02\/ministro-alexis-corredor-trabajadores-y-trabajadoras-de-miranda-y-sus-organizaciones-sindicales-apuestan-a-la-diplomacia-de-paz\/"]}]},{"@type":"ImageObject","inLanguage":"es","@id":"https:\/\/www.mpppst.gob.ve\/mpppstweb\/index.php\/2024\/07\/02\/ministro-alexis-corredor-trabajadores-y-trabajadoras-de-miranda-y-sus-organizaciones-sindicales-apuestan-a-la-diplomacia-de-paz\/#primaryimage","url":"https:\/\/www.mpppst.gob.ve\/mpppstweb\/wp-content\/uploads\/2024\/07\/WhatsApp-Image-2024-07-02-at-3.18.51-PM.jpeg","contentUrl":"https:\/\/www.mpppst.gob.ve\/mpppstweb\/wp-content\/uploads\/2024\/07\/WhatsApp-Image-2024-07-02-at-3.18.51-PM.jpeg","width":2560,"height":1927},{"@type":"BreadcrumbList","@id":"https:\/\/www.mpppst.gob.ve\/mpppstweb\/index.php\/2024\/07\/02\/ministro-alexis-corredor-trabajadores-y-trabajadoras-de-miranda-y-sus-organizaciones-sindicales-apuestan-a-la-diplomacia-de-paz\/#breadcrumb","itemListElement":[{"@type":"ListItem","position":1,"name":"Home","item":"https:\/\/www.mpppst.gob.ve\/mpppstweb\/"},{"@type":"ListItem","position":2,"name":"Ministro Alexis Corredor: Trabajadores y trabajadoras de Miranda y sus organizaciones sindicales apuestan a la Diplomacia de Paz"}]},{"@type":"WebSite","@id":"https:\/\/www.mpppst.gob.ve\/mpppstweb\/#website","url":"https:\/\/www.mpppst.gob.ve\/mpppstweb\/","name":"MPPPST","description":"Ministerio del Poder Popular para el Proceso Social de Trabajo","publisher":{"@id":"https:\/\/www.mpppst.gob.ve\/mpppstweb\/#organization"},"potentialAction":[{"@type":"SearchAction","target":{"@type":"EntryPoint","urlTemplate":"https:\/\/www.mpppst.gob.ve\/mpppstweb\/?s={search_term_string}"},"query-input":"required name=search_term_string"}],"inLanguage":"es"},{"@type":"Organization","@id":"https:\/\/www.mpppst.gob.ve\/mpppstweb\/#organization","name":"mpppst","url":"https:\/\/www.mpppst.gob.ve\/mpppstweb\/","logo":{"@type":"ImageObject","inLanguage":"es","@id":"https:\/\/www.mpppst.gob.ve\/mpppstweb\/#\/schema\/logo\/image\/","url":"https:\/\/www.mpppst.gob.ve\/mpppstweb\/wp-content\/uploads\/2025\/07\/cropped-cropped-g910.png","contentUrl":"https:\/\/www.mpppst.gob.ve\/mpppstweb\/wp-content\/uploads\/2025\/07\/cropped-cropped-g910.png","width":1080,"height":241,"caption":"mpppst"},"image":{"@id":"https:\/\/www.mpppst.gob.ve\/mpppstweb\/#\/schema\/logo\/image\/"}},{"@type":"Person","@id":"https:\/\/www.mpppst.gob.ve\/mpppstweb\/#\/schema\/person\/fc187ee8ead412bd4c9304b62f900ea4","name":"MPPPST Prensa","url":"https:\/\/www.mpppst.gob.ve\/mpppstweb\/index.php\/author\/prensa-mpppst\/"}]}},"_links":{"self":[{"href":"https:\/\/www.mpppst.gob.ve\/mpppstweb\/index.php\/wp-json\/wp\/v2\/posts\/26400"}],"collection":[{"href":"https:\/\/www.mpppst.gob.ve\/mpppstweb\/index.php\/wp-json\/wp\/v2\/posts"}],"about":[{"href":"https:\/\/www.mpppst.gob.ve\/mpppstweb\/index.php\/wp-json\/wp\/v2\/types\/post"}],"author":[{"embeddable":true,"href":"https:\/\/www.mpppst.gob.ve\/mpppstweb\/index.php\/wp-json\/wp\/v2\/users\/25"}],"replies":[{"embeddable":true,"href":"https:\/\/www.mpppst.gob.ve\/mpppstweb\/index.php\/wp-json\/wp\/v2\/comments?post=26400"}],"version-history":[{"count":1,"href":"https:\/\/www.mpppst.gob.ve\/mpppstweb\/index.php\/wp-json\/wp\/v2\/posts\/26400\/revisions"}],"predecessor-version":[{"id":26403,"href":"https:\/\/www.mpppst.gob.ve\/mpppstweb\/index.php\/wp-json\/wp\/v2\/posts\/26400\/revisions\/26403"}],"wp:featuredmedia":[{"embeddable":true,"href":"https:\/\/www.mpppst.gob.ve\/mpppstweb\/index.php\/wp-json\/wp\/v2\/media\/26401"}],"wp:attachment":[{"href":"https:\/\/www.mpppst.gob.ve\/mpppstweb\/index.php\/wp-json\/wp\/v2\/media?parent=26400"}],"wp:term":[{"taxonomy":"category","embeddable":true,"href":"https:\/\/www.mpppst.gob.ve\/mpppstweb\/index.php\/wp-json\/wp\/v2\/categories?post=26400"},{"taxonomy":"post_tag","embeddable":true,"href":"https:\/\/www.mpppst.gob.ve\/mpppstweb\/index.php\/wp-json\/wp\/v2\/tags?post=26400"}],"curies":[{"name":"wp","href":"https:\/\/api.w.org\/{rel}","templated":true}]}}