{"id":26424,"date":"2024-07-05T19:52:40","date_gmt":"2024-07-05T23:52:40","guid":{"rendered":"http:\/\/www.mpppst.gob.ve\/mpppstweb\/?p=26424"},"modified":"2024-07-05T22:47:22","modified_gmt":"2024-07-06T02:47:22","slug":"acta-de-independencia","status":"publish","type":"post","link":"https:\/\/www.mpppst.gob.ve\/mpppstweb\/index.php\/2024\/07\/05\/acta-de-independencia\/","title":{"rendered":"Presidente Nicol\u00e1s Maduro, celebra los 213 a\u00f1os de la Firma del Acta de Independencia"},"content":{"rendered":"\n<p><strong>MPPPST, Caracas.- Venezuela <\/strong>celebr\u00f3 el <strong>213\u00b0 aniversario de la Firma del Acta de Independencia<\/strong>, con un desfile <strong>c\u00edvico militar<\/strong> por la <strong>Fuerza Armada Nacional Bolivariana<\/strong> (<strong>FANB<\/strong>) y sus cuatro componentes, adem\u00e1s de la participaci\u00f3n de las <strong>Misiones <\/strong>y <strong>Grandes Misiones<\/strong> venezolanas.<\/p>\n\n\n\n<p>Las caraque\u00f1as y caraque\u00f1os, se acercaron al <strong>Paseo los Pr\u00f3ceres<\/strong> con el fin de disfrutar del desfile.<\/p>\n\n\n\n<p>Durante la espera, el ciudadano, <strong>Omar Corredor<\/strong>, afirm\u00f3 que este evento es parte de la historia de nuestros precursores, adem\u00e1s de celebrar un aniversario m\u00e1s de la firma del acta de independencia<strong>.<\/strong><\/p>\n\n\n\n<p><em>\u00abCelebramos la fecha que marc\u00f3 Nuestra Independencia, en la unidad perfecta del Pueblo y las Fuerzas Armadas, con el fin de seguir defendiendo nuestra independencia. Seguimos adelante en este proceso que deslumbra que ser\u00e1 irreversible, y vamos a conquistar de manera definitiva todo el bienestar de nuestro pueblo\u00bb<\/em>, asever\u00f3 Corredor.<\/p>\n\n\n<div class=\"wp-block-image\">\n<figure class=\"aligncenter size-large\"><a href=\"http:\/\/www.mpppst.gob.ve\/mpppstweb\/wp-content\/uploads\/2024\/07\/5-de-julio.jpeg\"><img decoding=\"async\" loading=\"lazy\" width=\"899\" height=\"506\" src=\"http:\/\/www.mpppst.gob.ve\/mpppstweb\/wp-content\/uploads\/2024\/07\/5-de-julio-edited.jpeg\" alt=\"\" class=\"wp-image-26427\" srcset=\"https:\/\/www.mpppst.gob.ve\/mpppstweb\/wp-content\/uploads\/2024\/07\/5-de-julio-edited.jpeg 899w, https:\/\/www.mpppst.gob.ve\/mpppstweb\/wp-content\/uploads\/2024\/07\/5-de-julio-edited-300x169.jpeg 300w, https:\/\/www.mpppst.gob.ve\/mpppstweb\/wp-content\/uploads\/2024\/07\/5-de-julio-edited-768x432.jpeg 768w\" sizes=\"(max-width: 899px) 100vw, 899px\" \/><\/a><\/figure><\/div>\n\n\n<p>Antes del inicio del desfile, el <strong>Presidente<\/strong>, <strong>Nicol\u00e1s Maduro<\/strong>, salud\u00f3 a los presentes, y se acerc\u00f3 a los ciudadanos y ciudadanas.<\/p>\n\n\n\n<p>El <strong>Presidente<\/strong>, afirm\u00f3 a los espectadores que la <strong>FANB<\/strong>, es parte del pueblo con armas, y garantiza la democracia, las libertades de un pa\u00eds y de un pueblo.<\/p>\n\n\n\n<p>Adem\u00e1s, expres\u00f3 que, <em>\u201cLe digo al Pueblo: Defendamos lo nuestro, nos pertenece nuestra tierra. Hoy, <strong>5 de julio<\/strong>, levanto mi bast\u00f3n de mando para decir, Venezuela siempre vence\u201d, <\/em>expres\u00f3 antes de iniciar el desfile, que es<em> \u00abcon el pueblo, siempre con el pueblo\u201d<\/em>.<\/p>\n\n\n\n<p>Al finalizar el acto, enfatiz\u00f3 que le ha cumplido a los venezolanos y venezolanas, con paz, estabilidad, unidad y con el sue\u00f1o de un futuro promisor de independencia, bienestar y felicidad.<\/p>\n\n\n\n<p><strong>Prensa MPPPST\/Rosa Brito<\/strong><\/p>\n","protected":false},"excerpt":{"rendered":"<p>Venezuela celebr\u00f3 el 213\u00b0 aniversario de la Firma del Acta de Independencia, con un desfile c\u00edvico militar por la Fuerza Armada Nacional Bolivariana (FANB) y sus cuatro componentes, adem\u00e1s de la participaci\u00f3n de las Misiones y Grandes Misiones venezolanas.<\/p>\n","protected":false},"author":25,"featured_media":26425,"comment_status":"closed","ping_status":"closed","sticky":false,"template":"","format":"standard","meta":{"footnotes":""},"categories":[82,163],"tags":[229,225,222,341,240,285,227,345,335],"yoast_head":"<!-- This site is optimized with the Yoast SEO plugin v22.5 - https:\/\/yoast.com\/wordpress\/plugins\/seo\/ -->\n<title>Presidente Nicol\u00e1s Maduro, celebra los 213 a\u00f1os de la Firma del Acta de Independencia - MPPPST<\/title>\n<meta name=\"description\" content=\"Venezuela celebr\u00f3 el 213\u00b0 aniversario de la Firma del Acta de Independencia, con un desfile c\u00edvico militar por la FANB\" \/>\n<meta name=\"robots\" content=\"index, follow, max-snippet:-1, max-image-preview:large, max-video-preview:-1\" \/>\n<link rel=\"canonical\" href=\"https:\/\/www.mpppst.gob.ve\/mpppstweb\/index.php\/2024\/07\/05\/acta-de-independencia\/\" \/>\n<meta property=\"og:locale\" content=\"es_ES\" \/>\n<meta property=\"og:type\" content=\"article\" \/>\n<meta property=\"og:title\" content=\"Presidente Nicol\u00e1s Maduro, celebra los 213 a\u00f1os de la Firma del Acta de Independencia - MPPPST\" \/>\n<meta property=\"og:description\" content=\"Venezuela celebr\u00f3 el 213\u00b0 aniversario de la Firma del Acta de Independencia, con un desfile c\u00edvico militar por la FANB\" \/>\n<meta property=\"og:url\" content=\"https:\/\/www.mpppst.gob.ve\/mpppstweb\/index.php\/2024\/07\/05\/acta-de-independencia\/\" \/>\n<meta property=\"og:site_name\" content=\"MPPPST\" \/>\n<meta property=\"article:published_time\" content=\"2024-07-05T23:52:40+00:00\" \/>\n<meta property=\"article:modified_time\" content=\"2024-07-06T02:47:22+00:00\" \/>\n<meta property=\"og:image\" content=\"https:\/\/www.mpppst.gob.ve\/mpppstweb\/wp-content\/uploads\/2024\/07\/5-de-julio.jpeg-2.jpeg\" \/>\n\t<meta property=\"og:image:width\" content=\"1080\" \/>\n\t<meta property=\"og:image:height\" content=\"608\" \/>\n\t<meta property=\"og:image:type\" content=\"image\/jpeg\" \/>\n<meta name=\"author\" content=\"MPPPST Prensa\" \/>\n<meta name=\"twitter:card\" content=\"summary_large_image\" \/>\n<meta name=\"twitter:label1\" content=\"Escrito por\" \/>\n\t<meta name=\"twitter:data1\" content=\"MPPPST Prensa\" \/>\n\t<meta name=\"twitter:label2\" content=\"Tiempo de lectura\" \/>\n\t<meta name=\"twitter:data2\" content=\"2 minutos\" \/>\n<script type=\"application\/ld+json\" class=\"yoast-schema-graph\">{\"@context\":\"https:\/\/schema.org\",\"@graph\":[{\"@type\":\"Article\",\"@id\":\"https:\/\/www.mpppst.gob.ve\/mpppstweb\/index.php\/2024\/07\/05\/acta-de-independencia\/#article\",\"isPartOf\":{\"@id\":\"https:\/\/www.mpppst.gob.ve\/mpppstweb\/index.php\/2024\/07\/05\/acta-de-independencia\/\"},\"author\":{\"name\":\"MPPPST Prensa\",\"@id\":\"https:\/\/www.mpppst.gob.ve\/mpppstweb\/#\/schema\/person\/fc187ee8ead412bd4c9304b62f900ea4\"},\"headline\":\"Presidente Nicol\u00e1s Maduro, celebra los 213 a\u00f1os de la Firma del Acta de Independencia\",\"datePublished\":\"2024-07-05T23:52:40+00:00\",\"dateModified\":\"2024-07-06T02:47:22+00:00\",\"mainEntityOfPage\":{\"@id\":\"https:\/\/www.mpppst.gob.ve\/mpppstweb\/index.php\/2024\/07\/05\/acta-de-independencia\/\"},\"wordCount\":294,\"publisher\":{\"@id\":\"https:\/\/www.mpppst.gob.ve\/mpppstweb\/#organization\"},\"image\":{\"@id\":\"https:\/\/www.mpppst.gob.ve\/mpppstweb\/index.php\/2024\/07\/05\/acta-de-independencia\/#primaryimage\"},\"thumbnailUrl\":\"https:\/\/www.mpppst.gob.ve\/mpppstweb\/wp-content\/uploads\/2024\/07\/5-de-julio.jpeg-2.jpeg\",\"keywords\":[\"Defensa Integral\",\"Fuerza Laboral\",\"Gobierno Bolivariano\",\"Nicol\u00e1s Maduro\",\"Participaci\u00f3n popular y protag\u00f3nica\",\"Presidente Maduro\",\"Proceso Social\",\"Trabajadores\",\"Venezuela\"],\"articleSection\":[\"Gobierno Nacional\",\"Noticias\"],\"inLanguage\":\"es\"},{\"@type\":\"WebPage\",\"@id\":\"https:\/\/www.mpppst.gob.ve\/mpppstweb\/index.php\/2024\/07\/05\/acta-de-independencia\/\",\"url\":\"https:\/\/www.mpppst.gob.ve\/mpppstweb\/index.php\/2024\/07\/05\/acta-de-independencia\/\",\"name\":\"Presidente Nicol\u00e1s Maduro, celebra los 213 a\u00f1os de la Firma del Acta de Independencia - MPPPST\",\"isPartOf\":{\"@id\":\"https:\/\/www.mpppst.gob.ve\/mpppstweb\/#website\"},\"primaryImageOfPage\":{\"@id\":\"https:\/\/www.mpppst.gob.ve\/mpppstweb\/index.php\/2024\/07\/05\/acta-de-independencia\/#primaryimage\"},\"image\":{\"@id\":\"https:\/\/www.mpppst.gob.ve\/mpppstweb\/index.php\/2024\/07\/05\/acta-de-independencia\/#primaryimage\"},\"thumbnailUrl\":\"https:\/\/www.mpppst.gob.ve\/mpppstweb\/wp-content\/uploads\/2024\/07\/5-de-julio.jpeg-2.jpeg\",\"datePublished\":\"2024-07-05T23:52:40+00:00\",\"dateModified\":\"2024-07-06T02:47:22+00:00\",\"description\":\"Venezuela celebr\u00f3 el 213\u00b0 aniversario de la Firma del Acta de Independencia, con un desfile c\u00edvico militar por la FANB\",\"breadcrumb\":{\"@id\":\"https:\/\/www.mpppst.gob.ve\/mpppstweb\/index.php\/2024\/07\/05\/acta-de-independencia\/#breadcrumb\"},\"inLanguage\":\"es\",\"potentialAction\":[{\"@type\":\"ReadAction\",\"target\":[\"https:\/\/www.mpppst.gob.ve\/mpppstweb\/index.php\/2024\/07\/05\/acta-de-independencia\/\"]}]},{\"@type\":\"ImageObject\",\"inLanguage\":\"es\",\"@id\":\"https:\/\/www.mpppst.gob.ve\/mpppstweb\/index.php\/2024\/07\/05\/acta-de-independencia\/#primaryimage\",\"url\":\"https:\/\/www.mpppst.gob.ve\/mpppstweb\/wp-content\/uploads\/2024\/07\/5-de-julio.jpeg-2.jpeg\",\"contentUrl\":\"https:\/\/www.mpppst.gob.ve\/mpppstweb\/wp-content\/uploads\/2024\/07\/5-de-julio.jpeg-2.jpeg\",\"width\":1080,\"height\":608,\"caption\":\"Venezuela celebr\u00f3 el 213\u00b0 aniversario de la Firma del Acta de Independencia, con un desfile c\u00edvico militar por la Fuerza Armada Nacional Bolivariana (FANB) y sus cuatro componentes, adem\u00e1s de la participaci\u00f3n de las Misiones y Grandes Misiones venezolanas.\"},{\"@type\":\"BreadcrumbList\",\"@id\":\"https:\/\/www.mpppst.gob.ve\/mpppstweb\/index.php\/2024\/07\/05\/acta-de-independencia\/#breadcrumb\",\"itemListElement\":[{\"@type\":\"ListItem\",\"position\":1,\"name\":\"Home\",\"item\":\"https:\/\/www.mpppst.gob.ve\/mpppstweb\/\"},{\"@type\":\"ListItem\",\"position\":2,\"name\":\"Presidente Nicol\u00e1s Maduro, celebra los 213 a\u00f1os de la Firma del Acta de Independencia\"}]},{\"@type\":\"WebSite\",\"@id\":\"https:\/\/www.mpppst.gob.ve\/mpppstweb\/#website\",\"url\":\"https:\/\/www.mpppst.gob.ve\/mpppstweb\/\",\"name\":\"MPPPST\",\"description\":\"Ministerio del Poder Popular para el Proceso Social de Trabajo\",\"publisher\":{\"@id\":\"https:\/\/www.mpppst.gob.ve\/mpppstweb\/#organization\"},\"potentialAction\":[{\"@type\":\"SearchAction\",\"target\":{\"@type\":\"EntryPoint\",\"urlTemplate\":\"https:\/\/www.mpppst.gob.ve\/mpppstweb\/?s={search_term_string}\"},\"query-input\":\"required name=search_term_string\"}],\"inLanguage\":\"es\"},{\"@type\":\"Organization\",\"@id\":\"https:\/\/www.mpppst.gob.ve\/mpppstweb\/#organization\",\"name\":\"mpppst\",\"url\":\"https:\/\/www.mpppst.gob.ve\/mpppstweb\/\",\"logo\":{\"@type\":\"ImageObject\",\"inLanguage\":\"es\",\"@id\":\"https:\/\/www.mpppst.gob.ve\/mpppstweb\/#\/schema\/logo\/image\/\",\"url\":\"https:\/\/www.mpppst.gob.ve\/mpppstweb\/wp-content\/uploads\/2025\/07\/cropped-cropped-g910.png\",\"contentUrl\":\"https:\/\/www.mpppst.gob.ve\/mpppstweb\/wp-content\/uploads\/2025\/07\/cropped-cropped-g910.png\",\"width\":1080,\"height\":241,\"caption\":\"mpppst\"},\"image\":{\"@id\":\"https:\/\/www.mpppst.gob.ve\/mpppstweb\/#\/schema\/logo\/image\/\"}},{\"@type\":\"Person\",\"@id\":\"https:\/\/www.mpppst.gob.ve\/mpppstweb\/#\/schema\/person\/fc187ee8ead412bd4c9304b62f900ea4\",\"name\":\"MPPPST Prensa\",\"url\":\"https:\/\/www.mpppst.gob.ve\/mpppstweb\/index.php\/author\/prensa-mpppst\/\"}]}<\/script>\n<!-- \/ Yoast SEO plugin. -->","yoast_head_json":{"title":"Presidente Nicol\u00e1s Maduro, celebra los 213 a\u00f1os de la Firma del Acta de Independencia - MPPPST","description":"Venezuela celebr\u00f3 el 213\u00b0 aniversario de la Firma del Acta de Independencia, con un desfile c\u00edvico militar por la FANB","robots":{"index":"index","follow":"follow","max-snippet":"max-snippet:-1","max-image-preview":"max-image-preview:large","max-video-preview":"max-video-preview:-1"},"canonical":"https:\/\/www.mpppst.gob.ve\/mpppstweb\/index.php\/2024\/07\/05\/acta-de-independencia\/","og_locale":"es_ES","og_type":"article","og_title":"Presidente Nicol\u00e1s Maduro, celebra los 213 a\u00f1os de la Firma del Acta de Independencia - MPPPST","og_description":"Venezuela celebr\u00f3 el 213\u00b0 aniversario de la Firma del Acta de Independencia, con un desfile c\u00edvico militar por la FANB","og_url":"https:\/\/www.mpppst.gob.ve\/mpppstweb\/index.php\/2024\/07\/05\/acta-de-independencia\/","og_site_name":"MPPPST","article_published_time":"2024-07-05T23:52:40+00:00","article_modified_time":"2024-07-06T02:47:22+00:00","og_image":[{"width":1080,"height":608,"url":"https:\/\/www.mpppst.gob.ve\/mpppstweb\/wp-content\/uploads\/2024\/07\/5-de-julio.jpeg-2.jpeg","type":"image\/jpeg"}],"author":"MPPPST Prensa","twitter_card":"summary_large_image","twitter_misc":{"Escrito por":"MPPPST Prensa","Tiempo de lectura":"2 minutos"},"schema":{"@context":"https:\/\/schema.org","@graph":[{"@type":"Article","@id":"https:\/\/www.mpppst.gob.ve\/mpppstweb\/index.php\/2024\/07\/05\/acta-de-independencia\/#article","isPartOf":{"@id":"https:\/\/www.mpppst.gob.ve\/mpppstweb\/index.php\/2024\/07\/05\/acta-de-independencia\/"},"author":{"name":"MPPPST Prensa","@id":"https:\/\/www.mpppst.gob.ve\/mpppstweb\/#\/schema\/person\/fc187ee8ead412bd4c9304b62f900ea4"},"headline":"Presidente Nicol\u00e1s Maduro, celebra los 213 a\u00f1os de la Firma del Acta de Independencia","datePublished":"2024-07-05T23:52:40+00:00","dateModified":"2024-07-06T02:47:22+00:00","mainEntityOfPage":{"@id":"https:\/\/www.mpppst.gob.ve\/mpppstweb\/index.php\/2024\/07\/05\/acta-de-independencia\/"},"wordCount":294,"publisher":{"@id":"https:\/\/www.mpppst.gob.ve\/mpppstweb\/#organization"},"image":{"@id":"https:\/\/www.mpppst.gob.ve\/mpppstweb\/index.php\/2024\/07\/05\/acta-de-independencia\/#primaryimage"},"thumbnailUrl":"https:\/\/www.mpppst.gob.ve\/mpppstweb\/wp-content\/uploads\/2024\/07\/5-de-julio.jpeg-2.jpeg","keywords":["Defensa Integral","Fuerza Laboral","Gobierno Bolivariano","Nicol\u00e1s Maduro","Participaci\u00f3n popular y protag\u00f3nica","Presidente Maduro","Proceso Social","Trabajadores","Venezuela"],"articleSection":["Gobierno Nacional","Noticias"],"inLanguage":"es"},{"@type":"WebPage","@id":"https:\/\/www.mpppst.gob.ve\/mpppstweb\/index.php\/2024\/07\/05\/acta-de-independencia\/","url":"https:\/\/www.mpppst.gob.ve\/mpppstweb\/index.php\/2024\/07\/05\/acta-de-independencia\/","name":"Presidente Nicol\u00e1s Maduro, celebra los 213 a\u00f1os de la Firma del Acta de Independencia - MPPPST","isPartOf":{"@id":"https:\/\/www.mpppst.gob.ve\/mpppstweb\/#website"},"primaryImageOfPage":{"@id":"https:\/\/www.mpppst.gob.ve\/mpppstweb\/index.php\/2024\/07\/05\/acta-de-independencia\/#primaryimage"},"image":{"@id":"https:\/\/www.mpppst.gob.ve\/mpppstweb\/index.php\/2024\/07\/05\/acta-de-independencia\/#primaryimage"},"thumbnailUrl":"https:\/\/www.mpppst.gob.ve\/mpppstweb\/wp-content\/uploads\/2024\/07\/5-de-julio.jpeg-2.jpeg","datePublished":"2024-07-05T23:52:40+00:00","dateModified":"2024-07-06T02:47:22+00:00","description":"Venezuela celebr\u00f3 el 213\u00b0 aniversario de la Firma del Acta de Independencia, con un desfile c\u00edvico militar por la FANB","breadcrumb":{"@id":"https:\/\/www.mpppst.gob.ve\/mpppstweb\/index.php\/2024\/07\/05\/acta-de-independencia\/#breadcrumb"},"inLanguage":"es","potentialAction":[{"@type":"ReadAction","target":["https:\/\/www.mpppst.gob.ve\/mpppstweb\/index.php\/2024\/07\/05\/acta-de-independencia\/"]}]},{"@type":"ImageObject","inLanguage":"es","@id":"https:\/\/www.mpppst.gob.ve\/mpppstweb\/index.php\/2024\/07\/05\/acta-de-independencia\/#primaryimage","url":"https:\/\/www.mpppst.gob.ve\/mpppstweb\/wp-content\/uploads\/2024\/07\/5-de-julio.jpeg-2.jpeg","contentUrl":"https:\/\/www.mpppst.gob.ve\/mpppstweb\/wp-content\/uploads\/2024\/07\/5-de-julio.jpeg-2.jpeg","width":1080,"height":608,"caption":"Venezuela celebr\u00f3 el 213\u00b0 aniversario de la Firma del Acta de Independencia, con un desfile c\u00edvico militar por la Fuerza Armada Nacional Bolivariana (FANB) y sus cuatro componentes, adem\u00e1s de la participaci\u00f3n de las Misiones y Grandes Misiones venezolanas."},{"@type":"BreadcrumbList","@id":"https:\/\/www.mpppst.gob.ve\/mpppstweb\/index.php\/2024\/07\/05\/acta-de-independencia\/#breadcrumb","itemListElement":[{"@type":"ListItem","position":1,"name":"Home","item":"https:\/\/www.mpppst.gob.ve\/mpppstweb\/"},{"@type":"ListItem","position":2,"name":"Presidente Nicol\u00e1s Maduro, celebra los 213 a\u00f1os de la Firma del Acta de Independencia"}]},{"@type":"WebSite","@id":"https:\/\/www.mpppst.gob.ve\/mpppstweb\/#website","url":"https:\/\/www.mpppst.gob.ve\/mpppstweb\/","name":"MPPPST","description":"Ministerio del Poder Popular para el Proceso Social de Trabajo","publisher":{"@id":"https:\/\/www.mpppst.gob.ve\/mpppstweb\/#organization"},"potentialAction":[{"@type":"SearchAction","target":{"@type":"EntryPoint","urlTemplate":"https:\/\/www.mpppst.gob.ve\/mpppstweb\/?s={search_term_string}"},"query-input":"required name=search_term_string"}],"inLanguage":"es"},{"@type":"Organization","@id":"https:\/\/www.mpppst.gob.ve\/mpppstweb\/#organization","name":"mpppst","url":"https:\/\/www.mpppst.gob.ve\/mpppstweb\/","logo":{"@type":"ImageObject","inLanguage":"es","@id":"https:\/\/www.mpppst.gob.ve\/mpppstweb\/#\/schema\/logo\/image\/","url":"https:\/\/www.mpppst.gob.ve\/mpppstweb\/wp-content\/uploads\/2025\/07\/cropped-cropped-g910.png","contentUrl":"https:\/\/www.mpppst.gob.ve\/mpppstweb\/wp-content\/uploads\/2025\/07\/cropped-cropped-g910.png","width":1080,"height":241,"caption":"mpppst"},"image":{"@id":"https:\/\/www.mpppst.gob.ve\/mpppstweb\/#\/schema\/logo\/image\/"}},{"@type":"Person","@id":"https:\/\/www.mpppst.gob.ve\/mpppstweb\/#\/schema\/person\/fc187ee8ead412bd4c9304b62f900ea4","name":"MPPPST Prensa","url":"https:\/\/www.mpppst.gob.ve\/mpppstweb\/index.php\/author\/prensa-mpppst\/"}]}},"_links":{"self":[{"href":"https:\/\/www.mpppst.gob.ve\/mpppstweb\/index.php\/wp-json\/wp\/v2\/posts\/26424"}],"collection":[{"href":"https:\/\/www.mpppst.gob.ve\/mpppstweb\/index.php\/wp-json\/wp\/v2\/posts"}],"about":[{"href":"https:\/\/www.mpppst.gob.ve\/mpppstweb\/index.php\/wp-json\/wp\/v2\/types\/post"}],"author":[{"embeddable":true,"href":"https:\/\/www.mpppst.gob.ve\/mpppstweb\/index.php\/wp-json\/wp\/v2\/users\/25"}],"replies":[{"embeddable":true,"href":"https:\/\/www.mpppst.gob.ve\/mpppstweb\/index.php\/wp-json\/wp\/v2\/comments?post=26424"}],"version-history":[{"count":3,"href":"https:\/\/www.mpppst.gob.ve\/mpppstweb\/index.php\/wp-json\/wp\/v2\/posts\/26424\/revisions"}],"predecessor-version":[{"id":26431,"href":"https:\/\/www.mpppst.gob.ve\/mpppstweb\/index.php\/wp-json\/wp\/v2\/posts\/26424\/revisions\/26431"}],"wp:featuredmedia":[{"embeddable":true,"href":"https:\/\/www.mpppst.gob.ve\/mpppstweb\/index.php\/wp-json\/wp\/v2\/media\/26425"}],"wp:attachment":[{"href":"https:\/\/www.mpppst.gob.ve\/mpppstweb\/index.php\/wp-json\/wp\/v2\/media?parent=26424"}],"wp:term":[{"taxonomy":"category","embeddable":true,"href":"https:\/\/www.mpppst.gob.ve\/mpppstweb\/index.php\/wp-json\/wp\/v2\/categories?post=26424"},{"taxonomy":"post_tag","embeddable":true,"href":"https:\/\/www.mpppst.gob.ve\/mpppstweb\/index.php\/wp-json\/wp\/v2\/tags?post=26424"}],"curies":[{"name":"wp","href":"https:\/\/api.w.org\/{rel}","templated":true}]}}