{"id":26437,"date":"2024-07-11T15:58:51","date_gmt":"2024-07-11T19:58:51","guid":{"rendered":"http:\/\/www.mpppst.gob.ve\/mpppstweb\/?p=26437"},"modified":"2024-07-11T15:58:53","modified_gmt":"2024-07-11T19:58:53","slug":"seguridad-social","status":"publish","type":"post","link":"https:\/\/www.mpppst.gob.ve\/mpppstweb\/index.php\/2024\/07\/11\/seguridad-social\/","title":{"rendered":"Ministro Corredor P\u00e9rez: El nuevo Sistema de Seguridad Social protege y profundiza el car\u00e1cter fundamental de la Revoluci\u00f3n Bolivariana"},"content":{"rendered":"\n<p><strong>(Caracas, 11-07-2024.- Prensa MPPPST).<\/strong>&#8211;<em> \u201cLas medidas coercitivas tienen el fin de asfixiar al pueblo venezolano, de quebrar el espinazo de la Revoluci\u00f3n Bolivariana, han sido confrontadas con m\u00e1s formaci\u00f3n\u201d<\/em>, as\u00ed lo asegur\u00f3, <strong>Alexis Corredor P\u00e9rez<\/strong>, ministro del <strong>Ministerio del Poder Popular para el Proceso Social de Trabajo (MPPPST)<\/strong>, durante el curso Modelo de Seguridad Social de la Revoluci\u00f3n Bolivariana y Proyecci\u00f3n en la <strong>7T<\/strong>, enmarcado en el Plan de Formaci\u00f3n Masiva en Planificaci\u00f3n Popular de la <strong>Escuela Venezolana de Planificaci\u00f3n<\/strong>, ubicada en la Rinconada, municipio Bolivariano Libertador de Caracas.<\/p>\n\n\n\n<p><strong>Corredor P\u00e9rez<\/strong> asegur\u00f3 que el tema de la seguridad social es importante, porque desde la misma concepci\u00f3n que aparece en la <strong>Constituci\u00f3n de la Rep\u00fablica Bolivariana de Venezuela<\/strong>, promulgada por el presidente <strong>Ch\u00e1vez<\/strong>, donde habla de un nuevo <strong>Sistema de Seguridad Social<\/strong>; la <strong>Ley Org\u00e1nica del Trabajo de los Trabajadores y de las Trabajadoras<\/strong>, se refiere a la protecci\u00f3n de los trabajadores y profundiza el car\u00e1cter fundamental de la <strong>Revoluci\u00f3n Bolivariana.<\/strong><\/p>\n\n\n\n<p>El Ministro explic\u00f3 el proceso de recuperaci\u00f3n econ\u00f3mica iniciado en el a\u00f1o <strong>2018<\/strong>, por parte del presidente <strong>Nicol\u00e1s Maduro Moros<\/strong> con todas las dificultades para superarla,<em> \u201cnos proyecta hacia un conjunto de medidas positivas en el terreno de nuestro pa\u00eds. Hablar del Bicentenario; culminar la era Bicentenario del 2030, proyectarnos hacia el 2050, indica lo valeroso que vienen siendo todos los elementos que el presidente Maduro ha venido presentando para la recuperaci\u00f3n de nuestro aparato econ\u00f3mico\u201d<\/em>.<\/p>\n\n\n\n<p>Indic\u00f3 que la batalla del <strong>28<\/strong> de julio implica la participaci\u00f3n, de todo el pueblo venezolano, para contrarrestar la guerra econ\u00f3mica, avizora que van hacia el camino correcto como lo ha planteado el presidente Maduro.<\/p>\n\n\n<div class=\"wp-block-image\">\n<figure class=\"aligncenter size-large\"><a href=\"http:\/\/www.mpppst.gob.ve\/mpppstweb\/wp-content\/uploads\/2024\/07\/WhatsApp-Image-2024-07-11-at-3.25.53-PM-1.jpeg\"><img decoding=\"async\" loading=\"lazy\" width=\"1024\" height=\"576\" src=\"http:\/\/www.mpppst.gob.ve\/mpppstweb\/wp-content\/uploads\/2024\/07\/WhatsApp-Image-2024-07-11-at-3.25.53-PM-1-1024x576.jpeg\" alt=\"\" class=\"wp-image-26439\" srcset=\"https:\/\/www.mpppst.gob.ve\/mpppstweb\/wp-content\/uploads\/2024\/07\/WhatsApp-Image-2024-07-11-at-3.25.53-PM-1-1024x576.jpeg 1024w, https:\/\/www.mpppst.gob.ve\/mpppstweb\/wp-content\/uploads\/2024\/07\/WhatsApp-Image-2024-07-11-at-3.25.53-PM-1-300x169.jpeg 300w, https:\/\/www.mpppst.gob.ve\/mpppstweb\/wp-content\/uploads\/2024\/07\/WhatsApp-Image-2024-07-11-at-3.25.53-PM-1-768x432.jpeg 768w, https:\/\/www.mpppst.gob.ve\/mpppstweb\/wp-content\/uploads\/2024\/07\/WhatsApp-Image-2024-07-11-at-3.25.53-PM-1.jpeg 1280w\" sizes=\"(max-width: 1024px) 100vw, 1024px\" \/><\/a><figcaption class=\"wp-element-caption\">Ministro Corredor P\u00e9rez, El nuevo Sistema de Seguridad Social protege y profundiza el car\u00e1cter fundamental de la Revoluci\u00f3n Bolivariana<\/figcaption><\/figure><\/div>\n\n\n<p>Destac\u00f3 que el Plan de Debate de la <strong>7T<\/strong> tiene como expresi\u00f3n los aportes que hacen el pueblo desde las comunidades, para incorporar nuevos elementos propios del pueblo en relaci\u00f3n a los nuevos retos que se tiene en funci\u00f3n de enfrentar los efectos de las medidas coercitivas.<\/p>\n\n\n\n<p>Asimismo, destac\u00f3 que <em>\u201cnosotros pensamos que seguir profundizando el debate de las 7 Transformaciones, donde se coloca fundamentalmente el papel de la Revoluci\u00f3n Bolivariana como el ente transformador de nuestro proceso, implica la participaci\u00f3n de nuestro pueblo\u201d<\/em>.<\/p>\n\n\n\n<p>Para finalizar, agreg\u00f3 que el plan de formaci\u00f3n que realiza el<strong> Ministerio del Poder Popular de Planificaci\u00f3n<\/strong> a trav\u00e9s de la <strong>Fundaci\u00f3n Escuela Venezolana de Planificaci\u00f3n<\/strong> para todo el pueblo venezolano, es fundamental porque permite consolidar las nuevas ideas, los nuevos planteamientos y sobre todo la visi\u00f3n futura que tiene la Revoluci\u00f3n Bolivariana.<strong> (Fin\/ Prensa MPPPST)<\/strong>.<\/p>\n","protected":false},"excerpt":{"rendered":"<p>(Caracas, 11-07-2024.- Prensa MPPPST).- \u201cLas medidas coercitivas tienen el fin de asfixiar al pueblo venezolano, de quebrar el espinazo de la Revoluci\u00f3n Bolivariana, han sido confrontadas con m\u00e1s formaci\u00f3n\u201d, as\u00ed lo asegur\u00f3, Alexis Corredor P\u00e9rez, ministro del Ministerio del Poder Popular para el Proceso Social de Trabajo (MPPPST), durante el curso Modelo de Seguridad Social de la Revoluci\u00f3n Bolivariana y Proyecci\u00f3n en la 7T, enmarcado en el Plan de Formaci\u00f3n Masiva en Planificaci\u00f3n Popular de la Escuela Venezolana de Planificaci\u00f3n, ubicada en la Rinconada, municipio Bolivariano Libertador de Caracas.<\/p>\n","protected":false},"author":25,"featured_media":26438,"comment_status":"closed","ping_status":"closed","sticky":false,"template":"","format":"standard","meta":{"footnotes":""},"categories":[82,83,163,185],"tags":[225,222,223,227,776,335],"yoast_head":"<!-- This site is optimized with the Yoast SEO plugin v22.5 - https:\/\/yoast.com\/wordpress\/plugins\/seo\/ -->\n<title>Ministro Corredor P\u00e9rez: El nuevo Sistema de Seguridad Social protege y profundiza el car\u00e1cter fundamental de la Revoluci\u00f3n Bolivariana - MPPPST<\/title>\n<meta name=\"robots\" content=\"index, follow, max-snippet:-1, max-image-preview:large, max-video-preview:-1\" \/>\n<link rel=\"canonical\" href=\"https:\/\/www.mpppst.gob.ve\/mpppstweb\/index.php\/2024\/07\/11\/seguridad-social\/\" \/>\n<meta property=\"og:locale\" content=\"es_ES\" \/>\n<meta property=\"og:type\" content=\"article\" \/>\n<meta property=\"og:title\" content=\"Ministro Corredor P\u00e9rez: El nuevo Sistema de Seguridad Social protege y profundiza el car\u00e1cter fundamental de la Revoluci\u00f3n Bolivariana - MPPPST\" \/>\n<meta property=\"og:description\" content=\"(Caracas, 11-07-2024.- Prensa MPPPST).- \u201cLas medidas coercitivas tienen el fin de asfixiar al pueblo venezolano, de quebrar el espinazo de la Revoluci\u00f3n Bolivariana, han sido confrontadas con m\u00e1s formaci\u00f3n\u201d, as\u00ed lo asegur\u00f3, Alexis Corredor P\u00e9rez, ministro del Ministerio del Poder Popular para el Proceso Social de Trabajo (MPPPST), durante el curso Modelo de Seguridad Social de la Revoluci\u00f3n Bolivariana y Proyecci\u00f3n en la 7T, enmarcado en el Plan de Formaci\u00f3n Masiva en Planificaci\u00f3n Popular de la Escuela Venezolana de Planificaci\u00f3n, ubicada en la Rinconada, municipio Bolivariano Libertador de Caracas.\" \/>\n<meta property=\"og:url\" content=\"https:\/\/www.mpppst.gob.ve\/mpppstweb\/index.php\/2024\/07\/11\/seguridad-social\/\" \/>\n<meta property=\"og:site_name\" content=\"MPPPST\" \/>\n<meta property=\"article:published_time\" content=\"2024-07-11T19:58:51+00:00\" \/>\n<meta property=\"article:modified_time\" content=\"2024-07-11T19:58:53+00:00\" \/>\n<meta property=\"og:image\" content=\"https:\/\/www.mpppst.gob.ve\/mpppstweb\/wp-content\/uploads\/2024\/07\/WhatsApp-Image-2024-07-11-at-3.25.53-PM.jpeg\" \/>\n\t<meta property=\"og:image:width\" content=\"1280\" \/>\n\t<meta property=\"og:image:height\" content=\"720\" \/>\n\t<meta property=\"og:image:type\" content=\"image\/jpeg\" \/>\n<meta name=\"author\" content=\"MPPPST Prensa\" \/>\n<meta name=\"twitter:card\" content=\"summary_large_image\" \/>\n<meta name=\"twitter:label1\" content=\"Escrito por\" \/>\n\t<meta name=\"twitter:data1\" content=\"MPPPST Prensa\" \/>\n\t<meta name=\"twitter:label2\" content=\"Tiempo de lectura\" \/>\n\t<meta name=\"twitter:data2\" content=\"2 minutos\" \/>\n<script type=\"application\/ld+json\" class=\"yoast-schema-graph\">{\"@context\":\"https:\/\/schema.org\",\"@graph\":[{\"@type\":\"Article\",\"@id\":\"https:\/\/www.mpppst.gob.ve\/mpppstweb\/index.php\/2024\/07\/11\/seguridad-social\/#article\",\"isPartOf\":{\"@id\":\"https:\/\/www.mpppst.gob.ve\/mpppstweb\/index.php\/2024\/07\/11\/seguridad-social\/\"},\"author\":{\"name\":\"MPPPST Prensa\",\"@id\":\"https:\/\/www.mpppst.gob.ve\/mpppstweb\/#\/schema\/person\/fc187ee8ead412bd4c9304b62f900ea4\"},\"headline\":\"Ministro Corredor P\u00e9rez: El nuevo Sistema de Seguridad Social protege y profundiza el car\u00e1cter fundamental de la Revoluci\u00f3n Bolivariana\",\"datePublished\":\"2024-07-11T19:58:51+00:00\",\"dateModified\":\"2024-07-11T19:58:53+00:00\",\"mainEntityOfPage\":{\"@id\":\"https:\/\/www.mpppst.gob.ve\/mpppstweb\/index.php\/2024\/07\/11\/seguridad-social\/\"},\"wordCount\":492,\"publisher\":{\"@id\":\"https:\/\/www.mpppst.gob.ve\/mpppstweb\/#organization\"},\"image\":{\"@id\":\"https:\/\/www.mpppst.gob.ve\/mpppstweb\/index.php\/2024\/07\/11\/seguridad-social\/#primaryimage\"},\"thumbnailUrl\":\"https:\/\/www.mpppst.gob.ve\/mpppstweb\/wp-content\/uploads\/2024\/07\/WhatsApp-Image-2024-07-11-at-3.25.53-PM.jpeg\",\"keywords\":[\"Fuerza Laboral\",\"Gobierno Bolivariano\",\"MPPPST\",\"Proceso Social\",\"Seguridad Social\",\"Venezuela\"],\"articleSection\":[\"Gobierno Nacional\",\"Ministerio\",\"Noticias\",\"Participaci\u00f3n en el Proceso Social de Trabajo\"],\"inLanguage\":\"es\"},{\"@type\":\"WebPage\",\"@id\":\"https:\/\/www.mpppst.gob.ve\/mpppstweb\/index.php\/2024\/07\/11\/seguridad-social\/\",\"url\":\"https:\/\/www.mpppst.gob.ve\/mpppstweb\/index.php\/2024\/07\/11\/seguridad-social\/\",\"name\":\"Ministro Corredor P\u00e9rez: El nuevo Sistema de Seguridad Social protege y profundiza el car\u00e1cter fundamental de la Revoluci\u00f3n Bolivariana - MPPPST\",\"isPartOf\":{\"@id\":\"https:\/\/www.mpppst.gob.ve\/mpppstweb\/#website\"},\"primaryImageOfPage\":{\"@id\":\"https:\/\/www.mpppst.gob.ve\/mpppstweb\/index.php\/2024\/07\/11\/seguridad-social\/#primaryimage\"},\"image\":{\"@id\":\"https:\/\/www.mpppst.gob.ve\/mpppstweb\/index.php\/2024\/07\/11\/seguridad-social\/#primaryimage\"},\"thumbnailUrl\":\"https:\/\/www.mpppst.gob.ve\/mpppstweb\/wp-content\/uploads\/2024\/07\/WhatsApp-Image-2024-07-11-at-3.25.53-PM.jpeg\",\"datePublished\":\"2024-07-11T19:58:51+00:00\",\"dateModified\":\"2024-07-11T19:58:53+00:00\",\"breadcrumb\":{\"@id\":\"https:\/\/www.mpppst.gob.ve\/mpppstweb\/index.php\/2024\/07\/11\/seguridad-social\/#breadcrumb\"},\"inLanguage\":\"es\",\"potentialAction\":[{\"@type\":\"ReadAction\",\"target\":[\"https:\/\/www.mpppst.gob.ve\/mpppstweb\/index.php\/2024\/07\/11\/seguridad-social\/\"]}]},{\"@type\":\"ImageObject\",\"inLanguage\":\"es\",\"@id\":\"https:\/\/www.mpppst.gob.ve\/mpppstweb\/index.php\/2024\/07\/11\/seguridad-social\/#primaryimage\",\"url\":\"https:\/\/www.mpppst.gob.ve\/mpppstweb\/wp-content\/uploads\/2024\/07\/WhatsApp-Image-2024-07-11-at-3.25.53-PM.jpeg\",\"contentUrl\":\"https:\/\/www.mpppst.gob.ve\/mpppstweb\/wp-content\/uploads\/2024\/07\/WhatsApp-Image-2024-07-11-at-3.25.53-PM.jpeg\",\"width\":1280,\"height\":720,\"caption\":\"Ministro Corredor P\u00e9rez: El nuevo Sistema de Seguridad Social protege y profundiza el car\u00e1cter fundamental de la Revoluci\u00f3n Bolivariana\"},{\"@type\":\"BreadcrumbList\",\"@id\":\"https:\/\/www.mpppst.gob.ve\/mpppstweb\/index.php\/2024\/07\/11\/seguridad-social\/#breadcrumb\",\"itemListElement\":[{\"@type\":\"ListItem\",\"position\":1,\"name\":\"Home\",\"item\":\"https:\/\/www.mpppst.gob.ve\/mpppstweb\/\"},{\"@type\":\"ListItem\",\"position\":2,\"name\":\"Ministro Corredor P\u00e9rez: El nuevo Sistema de Seguridad Social protege y profundiza el car\u00e1cter fundamental de la Revoluci\u00f3n Bolivariana\"}]},{\"@type\":\"WebSite\",\"@id\":\"https:\/\/www.mpppst.gob.ve\/mpppstweb\/#website\",\"url\":\"https:\/\/www.mpppst.gob.ve\/mpppstweb\/\",\"name\":\"MPPPST\",\"description\":\"Ministerio del Poder Popular para el Proceso Social de Trabajo\",\"publisher\":{\"@id\":\"https:\/\/www.mpppst.gob.ve\/mpppstweb\/#organization\"},\"potentialAction\":[{\"@type\":\"SearchAction\",\"target\":{\"@type\":\"EntryPoint\",\"urlTemplate\":\"https:\/\/www.mpppst.gob.ve\/mpppstweb\/?s={search_term_string}\"},\"query-input\":\"required name=search_term_string\"}],\"inLanguage\":\"es\"},{\"@type\":\"Organization\",\"@id\":\"https:\/\/www.mpppst.gob.ve\/mpppstweb\/#organization\",\"name\":\"mpppst\",\"url\":\"https:\/\/www.mpppst.gob.ve\/mpppstweb\/\",\"logo\":{\"@type\":\"ImageObject\",\"inLanguage\":\"es\",\"@id\":\"https:\/\/www.mpppst.gob.ve\/mpppstweb\/#\/schema\/logo\/image\/\",\"url\":\"https:\/\/www.mpppst.gob.ve\/mpppstweb\/wp-content\/uploads\/2025\/07\/cropped-cropped-g910.png\",\"contentUrl\":\"https:\/\/www.mpppst.gob.ve\/mpppstweb\/wp-content\/uploads\/2025\/07\/cropped-cropped-g910.png\",\"width\":1080,\"height\":241,\"caption\":\"mpppst\"},\"image\":{\"@id\":\"https:\/\/www.mpppst.gob.ve\/mpppstweb\/#\/schema\/logo\/image\/\"}},{\"@type\":\"Person\",\"@id\":\"https:\/\/www.mpppst.gob.ve\/mpppstweb\/#\/schema\/person\/fc187ee8ead412bd4c9304b62f900ea4\",\"name\":\"MPPPST Prensa\",\"url\":\"https:\/\/www.mpppst.gob.ve\/mpppstweb\/index.php\/author\/prensa-mpppst\/\"}]}<\/script>\n<!-- \/ Yoast SEO plugin. -->","yoast_head_json":{"title":"Ministro Corredor P\u00e9rez: El nuevo Sistema de Seguridad Social protege y profundiza el car\u00e1cter fundamental de la Revoluci\u00f3n Bolivariana - MPPPST","robots":{"index":"index","follow":"follow","max-snippet":"max-snippet:-1","max-image-preview":"max-image-preview:large","max-video-preview":"max-video-preview:-1"},"canonical":"https:\/\/www.mpppst.gob.ve\/mpppstweb\/index.php\/2024\/07\/11\/seguridad-social\/","og_locale":"es_ES","og_type":"article","og_title":"Ministro Corredor P\u00e9rez: El nuevo Sistema de Seguridad Social protege y profundiza el car\u00e1cter fundamental de la Revoluci\u00f3n Bolivariana - MPPPST","og_description":"(Caracas, 11-07-2024.- Prensa MPPPST).- \u201cLas medidas coercitivas tienen el fin de asfixiar al pueblo venezolano, de quebrar el espinazo de la Revoluci\u00f3n Bolivariana, han sido confrontadas con m\u00e1s formaci\u00f3n\u201d, as\u00ed lo asegur\u00f3, Alexis Corredor P\u00e9rez, ministro del Ministerio del Poder Popular para el Proceso Social de Trabajo (MPPPST), durante el curso Modelo de Seguridad Social de la Revoluci\u00f3n Bolivariana y Proyecci\u00f3n en la 7T, enmarcado en el Plan de Formaci\u00f3n Masiva en Planificaci\u00f3n Popular de la Escuela Venezolana de Planificaci\u00f3n, ubicada en la Rinconada, municipio Bolivariano Libertador de Caracas.","og_url":"https:\/\/www.mpppst.gob.ve\/mpppstweb\/index.php\/2024\/07\/11\/seguridad-social\/","og_site_name":"MPPPST","article_published_time":"2024-07-11T19:58:51+00:00","article_modified_time":"2024-07-11T19:58:53+00:00","og_image":[{"width":1280,"height":720,"url":"https:\/\/www.mpppst.gob.ve\/mpppstweb\/wp-content\/uploads\/2024\/07\/WhatsApp-Image-2024-07-11-at-3.25.53-PM.jpeg","type":"image\/jpeg"}],"author":"MPPPST Prensa","twitter_card":"summary_large_image","twitter_misc":{"Escrito por":"MPPPST Prensa","Tiempo de lectura":"2 minutos"},"schema":{"@context":"https:\/\/schema.org","@graph":[{"@type":"Article","@id":"https:\/\/www.mpppst.gob.ve\/mpppstweb\/index.php\/2024\/07\/11\/seguridad-social\/#article","isPartOf":{"@id":"https:\/\/www.mpppst.gob.ve\/mpppstweb\/index.php\/2024\/07\/11\/seguridad-social\/"},"author":{"name":"MPPPST Prensa","@id":"https:\/\/www.mpppst.gob.ve\/mpppstweb\/#\/schema\/person\/fc187ee8ead412bd4c9304b62f900ea4"},"headline":"Ministro Corredor P\u00e9rez: El nuevo Sistema de Seguridad Social protege y profundiza el car\u00e1cter fundamental de la Revoluci\u00f3n Bolivariana","datePublished":"2024-07-11T19:58:51+00:00","dateModified":"2024-07-11T19:58:53+00:00","mainEntityOfPage":{"@id":"https:\/\/www.mpppst.gob.ve\/mpppstweb\/index.php\/2024\/07\/11\/seguridad-social\/"},"wordCount":492,"publisher":{"@id":"https:\/\/www.mpppst.gob.ve\/mpppstweb\/#organization"},"image":{"@id":"https:\/\/www.mpppst.gob.ve\/mpppstweb\/index.php\/2024\/07\/11\/seguridad-social\/#primaryimage"},"thumbnailUrl":"https:\/\/www.mpppst.gob.ve\/mpppstweb\/wp-content\/uploads\/2024\/07\/WhatsApp-Image-2024-07-11-at-3.25.53-PM.jpeg","keywords":["Fuerza Laboral","Gobierno Bolivariano","MPPPST","Proceso Social","Seguridad Social","Venezuela"],"articleSection":["Gobierno Nacional","Ministerio","Noticias","Participaci\u00f3n en el Proceso Social de Trabajo"],"inLanguage":"es"},{"@type":"WebPage","@id":"https:\/\/www.mpppst.gob.ve\/mpppstweb\/index.php\/2024\/07\/11\/seguridad-social\/","url":"https:\/\/www.mpppst.gob.ve\/mpppstweb\/index.php\/2024\/07\/11\/seguridad-social\/","name":"Ministro Corredor P\u00e9rez: El nuevo Sistema de Seguridad Social protege y profundiza el car\u00e1cter fundamental de la Revoluci\u00f3n Bolivariana - MPPPST","isPartOf":{"@id":"https:\/\/www.mpppst.gob.ve\/mpppstweb\/#website"},"primaryImageOfPage":{"@id":"https:\/\/www.mpppst.gob.ve\/mpppstweb\/index.php\/2024\/07\/11\/seguridad-social\/#primaryimage"},"image":{"@id":"https:\/\/www.mpppst.gob.ve\/mpppstweb\/index.php\/2024\/07\/11\/seguridad-social\/#primaryimage"},"thumbnailUrl":"https:\/\/www.mpppst.gob.ve\/mpppstweb\/wp-content\/uploads\/2024\/07\/WhatsApp-Image-2024-07-11-at-3.25.53-PM.jpeg","datePublished":"2024-07-11T19:58:51+00:00","dateModified":"2024-07-11T19:58:53+00:00","breadcrumb":{"@id":"https:\/\/www.mpppst.gob.ve\/mpppstweb\/index.php\/2024\/07\/11\/seguridad-social\/#breadcrumb"},"inLanguage":"es","potentialAction":[{"@type":"ReadAction","target":["https:\/\/www.mpppst.gob.ve\/mpppstweb\/index.php\/2024\/07\/11\/seguridad-social\/"]}]},{"@type":"ImageObject","inLanguage":"es","@id":"https:\/\/www.mpppst.gob.ve\/mpppstweb\/index.php\/2024\/07\/11\/seguridad-social\/#primaryimage","url":"https:\/\/www.mpppst.gob.ve\/mpppstweb\/wp-content\/uploads\/2024\/07\/WhatsApp-Image-2024-07-11-at-3.25.53-PM.jpeg","contentUrl":"https:\/\/www.mpppst.gob.ve\/mpppstweb\/wp-content\/uploads\/2024\/07\/WhatsApp-Image-2024-07-11-at-3.25.53-PM.jpeg","width":1280,"height":720,"caption":"Ministro Corredor P\u00e9rez: El nuevo Sistema de Seguridad Social protege y profundiza el car\u00e1cter fundamental de la Revoluci\u00f3n Bolivariana"},{"@type":"BreadcrumbList","@id":"https:\/\/www.mpppst.gob.ve\/mpppstweb\/index.php\/2024\/07\/11\/seguridad-social\/#breadcrumb","itemListElement":[{"@type":"ListItem","position":1,"name":"Home","item":"https:\/\/www.mpppst.gob.ve\/mpppstweb\/"},{"@type":"ListItem","position":2,"name":"Ministro Corredor P\u00e9rez: El nuevo Sistema de Seguridad Social protege y profundiza el car\u00e1cter fundamental de la Revoluci\u00f3n Bolivariana"}]},{"@type":"WebSite","@id":"https:\/\/www.mpppst.gob.ve\/mpppstweb\/#website","url":"https:\/\/www.mpppst.gob.ve\/mpppstweb\/","name":"MPPPST","description":"Ministerio del Poder Popular para el Proceso Social de Trabajo","publisher":{"@id":"https:\/\/www.mpppst.gob.ve\/mpppstweb\/#organization"},"potentialAction":[{"@type":"SearchAction","target":{"@type":"EntryPoint","urlTemplate":"https:\/\/www.mpppst.gob.ve\/mpppstweb\/?s={search_term_string}"},"query-input":"required name=search_term_string"}],"inLanguage":"es"},{"@type":"Organization","@id":"https:\/\/www.mpppst.gob.ve\/mpppstweb\/#organization","name":"mpppst","url":"https:\/\/www.mpppst.gob.ve\/mpppstweb\/","logo":{"@type":"ImageObject","inLanguage":"es","@id":"https:\/\/www.mpppst.gob.ve\/mpppstweb\/#\/schema\/logo\/image\/","url":"https:\/\/www.mpppst.gob.ve\/mpppstweb\/wp-content\/uploads\/2025\/07\/cropped-cropped-g910.png","contentUrl":"https:\/\/www.mpppst.gob.ve\/mpppstweb\/wp-content\/uploads\/2025\/07\/cropped-cropped-g910.png","width":1080,"height":241,"caption":"mpppst"},"image":{"@id":"https:\/\/www.mpppst.gob.ve\/mpppstweb\/#\/schema\/logo\/image\/"}},{"@type":"Person","@id":"https:\/\/www.mpppst.gob.ve\/mpppstweb\/#\/schema\/person\/fc187ee8ead412bd4c9304b62f900ea4","name":"MPPPST Prensa","url":"https:\/\/www.mpppst.gob.ve\/mpppstweb\/index.php\/author\/prensa-mpppst\/"}]}},"_links":{"self":[{"href":"https:\/\/www.mpppst.gob.ve\/mpppstweb\/index.php\/wp-json\/wp\/v2\/posts\/26437"}],"collection":[{"href":"https:\/\/www.mpppst.gob.ve\/mpppstweb\/index.php\/wp-json\/wp\/v2\/posts"}],"about":[{"href":"https:\/\/www.mpppst.gob.ve\/mpppstweb\/index.php\/wp-json\/wp\/v2\/types\/post"}],"author":[{"embeddable":true,"href":"https:\/\/www.mpppst.gob.ve\/mpppstweb\/index.php\/wp-json\/wp\/v2\/users\/25"}],"replies":[{"embeddable":true,"href":"https:\/\/www.mpppst.gob.ve\/mpppstweb\/index.php\/wp-json\/wp\/v2\/comments?post=26437"}],"version-history":[{"count":1,"href":"https:\/\/www.mpppst.gob.ve\/mpppstweb\/index.php\/wp-json\/wp\/v2\/posts\/26437\/revisions"}],"predecessor-version":[{"id":26440,"href":"https:\/\/www.mpppst.gob.ve\/mpppstweb\/index.php\/wp-json\/wp\/v2\/posts\/26437\/revisions\/26440"}],"wp:featuredmedia":[{"embeddable":true,"href":"https:\/\/www.mpppst.gob.ve\/mpppstweb\/index.php\/wp-json\/wp\/v2\/media\/26438"}],"wp:attachment":[{"href":"https:\/\/www.mpppst.gob.ve\/mpppstweb\/index.php\/wp-json\/wp\/v2\/media?parent=26437"}],"wp:term":[{"taxonomy":"category","embeddable":true,"href":"https:\/\/www.mpppst.gob.ve\/mpppstweb\/index.php\/wp-json\/wp\/v2\/categories?post=26437"},{"taxonomy":"post_tag","embeddable":true,"href":"https:\/\/www.mpppst.gob.ve\/mpppstweb\/index.php\/wp-json\/wp\/v2\/tags?post=26437"}],"curies":[{"name":"wp","href":"https:\/\/api.w.org\/{rel}","templated":true}]}}