{"id":26457,"date":"2024-07-16T11:23:32","date_gmt":"2024-07-16T15:23:32","guid":{"rendered":"http:\/\/www.mpppst.gob.ve\/mpppstweb\/?p=26457"},"modified":"2024-07-16T11:23:33","modified_gmt":"2024-07-16T15:23:33","slug":"sistema-de-formacion","status":"publish","type":"post","link":"https:\/\/www.mpppst.gob.ve\/mpppstweb\/index.php\/2024\/07\/16\/sistema-de-formacion\/","title":{"rendered":"El Viceministerio de Educaci\u00f3n y el Trabajo para la Liberaci\u00f3n visita f\u00e1brica en Yaracuy"},"content":{"rendered":"\n<p class=\"wp-block-paragraph\"><strong>MPPPST, Caracas.<\/strong>&#8211; El<strong> Viceministerio de Educaci\u00f3n y el Trabajo para la Liberaci\u00f3n,<\/strong> asisti\u00f3 a la entidad de trabajo Bananera Venezolana C.A., en el estado Yaracuy para seguir cumpliendo con el despliegue del <strong>Sistema Nacional de Formaci\u00f3n y Autoformaci\u00f3n<\/strong> de la clase obrera.<\/p>\n\n\n\n<p class=\"wp-block-paragraph\">Como parte de la jornada, realizaron una asamblea donde participaron m\u00e1s de <strong>30 trabajadoras y trabajadores<\/strong>, donde acordaron la inscripci\u00f3n en el sistema de caracterizaci\u00f3n de <strong>80 personas<\/strong>.<\/p>\n\n\n\n<p class=\"wp-block-paragraph\">Durante la vista, se recorrieron las \u00e1reas productivas, donde verificaron la calidad del aceite de palma y palmito, tambi\u00e9n se comprob\u00f3 las experiencias productivas en el \u00e1rea de innovaci\u00f3n, inventiva o mejoramiento productivo, donde se detectaron dos posibles experiencias productivas.<\/p>\n\n\n\n<p class=\"wp-block-paragraph\">Es importante recordar que, este programa se realiza con el apoyo de las misiones educativas y con el programa realizado por el <strong>Presidente<\/strong>, <strong>Nicol\u00e1s Maduro<\/strong>, <em>\u201cCada F\u00e1brica una Escuela\u201d<\/em> y cumpliendo tambi\u00e9n con lo indicado por el <strong>Ministro del Poder Popular para el Proceso Social de Trabajo<\/strong> (<strong>MPPPST<\/strong>), <strong>Alexis Corredor P\u00e9rez<\/strong> y con la <strong>Ley Org\u00e1nica del Trabajo, las Trabajadoras y los Trabajadores <\/strong>(<strong>LOTTT<\/strong>).<\/p>\n\n\n\n<p class=\"wp-block-paragraph\"><strong>Prensa MPPPST\/Rosa Brito<\/strong><\/p>\n\n\n\n<p class=\"wp-block-paragraph\"><\/p>\n","protected":false},"excerpt":{"rendered":"<p>El Viceministerio de Educaci\u00f3n y el Trabajo para la Liberaci\u00f3n, asisti\u00f3 a la entidad de trabajo Bananera Venezolana C.A., en el estado Yaracuy para seguir cumpliendo con el despliegue del Sistema Nacional de Formaci\u00f3n y Autoformaci\u00f3n de la clase obrera.<\/p>\n","protected":false},"author":25,"featured_media":26458,"comment_status":"closed","ping_status":"closed","sticky":false,"template":"","format":"standard","meta":{"footnotes":""},"categories":[205,411,82],"tags":[671,222,223,341,588,345],"class_list":["post-26457","post","type-post","status-publish","format-standard","has-post-thumbnail","hentry","category-autoformacion","category-formacion","category-gobierno-nacional","tag-formacion","tag-gobierno-bolivariano","tag-mpppst","tag-nicolas-maduro","tag-sistema-nacional-de-formacion-y-autoformacion-de-la-clase-obrera","tag-trabajadores"],"yoast_head":"<!-- This site is optimized with the Yoast SEO plugin v28.4 - https:\/\/yoast.com\/product\/yoast-seo-wordpress\/ -->\n<title>El Viceministerio de Educaci\u00f3n y el Trabajo para la Liberaci\u00f3n visita f\u00e1brica en Yaracuy - MPPPST<\/title>\n<meta name=\"description\" content=\"El Viceministerio de Educaci\u00f3n y el Trabajo para la Liberaci\u00f3n, asisti\u00f3 a Bananera Venezolana C.A., para el despliegue del Sistema Nacional de Formaci\u00f3n y Autoformaci\u00f3n de la clase obrera.\" \/>\n<meta name=\"robots\" content=\"index, follow, max-snippet:-1, max-image-preview:large, max-video-preview:-1\" \/>\n<link rel=\"canonical\" href=\"https:\/\/www.mpppst.gob.ve\/mpppstweb\/index.php\/2024\/07\/16\/sistema-de-formacion\/\" \/>\n<meta property=\"og:locale\" content=\"es_ES\" \/>\n<meta property=\"og:type\" content=\"article\" \/>\n<meta property=\"og:title\" content=\"El Viceministerio de Educaci\u00f3n y el Trabajo para la Liberaci\u00f3n visita f\u00e1brica en Yaracuy - MPPPST\" \/>\n<meta property=\"og:description\" content=\"El Viceministerio de Educaci\u00f3n y el Trabajo para la Liberaci\u00f3n, asisti\u00f3 a Bananera Venezolana C.A., para el despliegue del Sistema Nacional de Formaci\u00f3n y Autoformaci\u00f3n de la clase obrera.\" \/>\n<meta property=\"og:url\" content=\"https:\/\/www.mpppst.gob.ve\/mpppstweb\/index.php\/2024\/07\/16\/sistema-de-formacion\/\" \/>\n<meta property=\"og:site_name\" content=\"MPPPST\" \/>\n<meta property=\"article:publisher\" content=\"https:\/\/www.facebook.com\/mintrabajo_ve\" \/>\n<meta property=\"article:published_time\" content=\"2024-07-16T15:23:32+00:00\" \/>\n<meta property=\"article:modified_time\" content=\"2024-07-16T15:23:33+00:00\" \/>\n<meta property=\"og:image\" content=\"https:\/\/www.mpppst.gob.ve\/mpppstweb\/wp-content\/uploads\/2024\/07\/WhatsApp-Image-2024-07-16-at-10.59.37-AM.jpeg\" \/>\n\t<meta property=\"og:image:width\" content=\"1080\" \/>\n\t<meta property=\"og:image:height\" content=\"813\" \/>\n\t<meta property=\"og:image:type\" content=\"image\/jpeg\" \/>\n<meta name=\"author\" content=\"MPPPST Prensa\" \/>\n<meta name=\"twitter:card\" content=\"summary_large_image\" \/>\n<script type=\"application\/ld+json\" class=\"yoast-schema-graph\">{\"@context\":\"https:\\\/\\\/schema.org\",\"@graph\":[{\"@type\":\"Article\",\"@id\":\"https:\\\/\\\/www.mpppst.gob.ve\\\/mpppstweb\\\/index.php\\\/2024\\\/07\\\/16\\\/sistema-de-formacion\\\/#article\",\"isPartOf\":{\"@id\":\"https:\\\/\\\/www.mpppst.gob.ve\\\/mpppstweb\\\/index.php\\\/2024\\\/07\\\/16\\\/sistema-de-formacion\\\/\"},\"author\":{\"name\":\"MPPPST Prensa\",\"@id\":\"https:\\\/\\\/www.mpppst.gob.ve\\\/mpppstweb\\\/#\\\/schema\\\/person\\\/fc187ee8ead412bd4c9304b62f900ea4\"},\"headline\":\"El Viceministerio de Educaci\u00f3n y el Trabajo para la Liberaci\u00f3n visita f\u00e1brica en Yaracuy\",\"datePublished\":\"2024-07-16T15:23:32+00:00\",\"dateModified\":\"2024-07-16T15:23:33+00:00\",\"mainEntityOfPage\":{\"@id\":\"https:\\\/\\\/www.mpppst.gob.ve\\\/mpppstweb\\\/index.php\\\/2024\\\/07\\\/16\\\/sistema-de-formacion\\\/\"},\"wordCount\":209,\"publisher\":{\"@id\":\"https:\\\/\\\/www.mpppst.gob.ve\\\/mpppstweb\\\/#organization\"},\"image\":{\"@id\":\"https:\\\/\\\/www.mpppst.gob.ve\\\/mpppstweb\\\/index.php\\\/2024\\\/07\\\/16\\\/sistema-de-formacion\\\/#primaryimage\"},\"thumbnailUrl\":\"https:\\\/\\\/www.mpppst.gob.ve\\\/mpppstweb\\\/wp-content\\\/uploads\\\/2024\\\/07\\\/WhatsApp-Image-2024-07-16-at-10.59.37-AM.jpeg\",\"keywords\":[\"Formaci\u00f3n\",\"Gobierno Bolivariano\",\"MPPPST\",\"Nicol\u00e1s Maduro\",\"Sistema Nacional de Formaci\u00f3n y Autoformaci\u00f3n de la clase obrera\",\"Trabajadores\"],\"articleSection\":[\"Autoformacion\",\"Formaci\u00f3n\",\"Gobierno Nacional\"],\"inLanguage\":\"es\"},{\"@type\":\"WebPage\",\"@id\":\"https:\\\/\\\/www.mpppst.gob.ve\\\/mpppstweb\\\/index.php\\\/2024\\\/07\\\/16\\\/sistema-de-formacion\\\/\",\"url\":\"https:\\\/\\\/www.mpppst.gob.ve\\\/mpppstweb\\\/index.php\\\/2024\\\/07\\\/16\\\/sistema-de-formacion\\\/\",\"name\":\"El Viceministerio de Educaci\u00f3n y el Trabajo para la Liberaci\u00f3n visita f\u00e1brica en Yaracuy - MPPPST\",\"isPartOf\":{\"@id\":\"https:\\\/\\\/www.mpppst.gob.ve\\\/mpppstweb\\\/#website\"},\"primaryImageOfPage\":{\"@id\":\"https:\\\/\\\/www.mpppst.gob.ve\\\/mpppstweb\\\/index.php\\\/2024\\\/07\\\/16\\\/sistema-de-formacion\\\/#primaryimage\"},\"image\":{\"@id\":\"https:\\\/\\\/www.mpppst.gob.ve\\\/mpppstweb\\\/index.php\\\/2024\\\/07\\\/16\\\/sistema-de-formacion\\\/#primaryimage\"},\"thumbnailUrl\":\"https:\\\/\\\/www.mpppst.gob.ve\\\/mpppstweb\\\/wp-content\\\/uploads\\\/2024\\\/07\\\/WhatsApp-Image-2024-07-16-at-10.59.37-AM.jpeg\",\"datePublished\":\"2024-07-16T15:23:32+00:00\",\"dateModified\":\"2024-07-16T15:23:33+00:00\",\"description\":\"El Viceministerio de Educaci\u00f3n y el Trabajo para la Liberaci\u00f3n, asisti\u00f3 a Bananera Venezolana C.A., para el despliegue del Sistema Nacional de Formaci\u00f3n y Autoformaci\u00f3n de la clase obrera.\",\"breadcrumb\":{\"@id\":\"https:\\\/\\\/www.mpppst.gob.ve\\\/mpppstweb\\\/index.php\\\/2024\\\/07\\\/16\\\/sistema-de-formacion\\\/#breadcrumb\"},\"inLanguage\":\"es\",\"potentialAction\":[{\"@type\":\"ReadAction\",\"target\":[\"https:\\\/\\\/www.mpppst.gob.ve\\\/mpppstweb\\\/index.php\\\/2024\\\/07\\\/16\\\/sistema-de-formacion\\\/\"]}]},{\"@type\":\"ImageObject\",\"inLanguage\":\"es\",\"@id\":\"https:\\\/\\\/www.mpppst.gob.ve\\\/mpppstweb\\\/index.php\\\/2024\\\/07\\\/16\\\/sistema-de-formacion\\\/#primaryimage\",\"url\":\"https:\\\/\\\/www.mpppst.gob.ve\\\/mpppstweb\\\/wp-content\\\/uploads\\\/2024\\\/07\\\/WhatsApp-Image-2024-07-16-at-10.59.37-AM.jpeg\",\"contentUrl\":\"https:\\\/\\\/www.mpppst.gob.ve\\\/mpppstweb\\\/wp-content\\\/uploads\\\/2024\\\/07\\\/WhatsApp-Image-2024-07-16-at-10.59.37-AM.jpeg\",\"width\":1080,\"height\":813,\"caption\":\"El Viceministerio de Educaci\u00f3n y el Trabajo para la Liberaci\u00f3n, asisti\u00f3 a la entidad de trabajo Bananera Venezolana C.A., en el estado Yaracuy para seguir cumpliendo con el despliegue del Sistema Nacional de Formaci\u00f3n y Autoformaci\u00f3n de la clase obrera.\"},{\"@type\":\"BreadcrumbList\",\"@id\":\"https:\\\/\\\/www.mpppst.gob.ve\\\/mpppstweb\\\/index.php\\\/2024\\\/07\\\/16\\\/sistema-de-formacion\\\/#breadcrumb\",\"itemListElement\":[{\"@type\":\"ListItem\",\"position\":1,\"name\":\"Home\",\"item\":\"https:\\\/\\\/www.mpppst.gob.ve\\\/mpppstweb\\\/\"},{\"@type\":\"ListItem\",\"position\":2,\"name\":\"El Viceministerio de Educaci\u00f3n y el Trabajo para la Liberaci\u00f3n visita f\u00e1brica en Yaracuy\"}]},{\"@type\":\"WebSite\",\"@id\":\"https:\\\/\\\/www.mpppst.gob.ve\\\/mpppstweb\\\/#website\",\"url\":\"https:\\\/\\\/www.mpppst.gob.ve\\\/mpppstweb\\\/\",\"name\":\"MPPPST\",\"description\":\"Sitio web oficial del Ministerio del Poder Popular para el Proceso Social de Trabajo\",\"publisher\":{\"@id\":\"https:\\\/\\\/www.mpppst.gob.ve\\\/mpppstweb\\\/#organization\"},\"alternateName\":\"Ministerio del Poder Popular para el Proceso Social de Trabajo\",\"potentialAction\":[{\"@type\":\"SearchAction\",\"target\":{\"@type\":\"EntryPoint\",\"urlTemplate\":\"https:\\\/\\\/www.mpppst.gob.ve\\\/mpppstweb\\\/?s={search_term_string}\"},\"query-input\":{\"@type\":\"PropertyValueSpecification\",\"valueRequired\":true,\"valueName\":\"search_term_string\"}}],\"inLanguage\":\"es\"},{\"@type\":\"Organization\",\"@id\":\"https:\\\/\\\/www.mpppst.gob.ve\\\/mpppstweb\\\/#organization\",\"name\":\"Ministerio del Poder Popular para el Proceso Social de Trabajo\",\"alternateName\":\"MPPPST\",\"url\":\"https:\\\/\\\/www.mpppst.gob.ve\\\/mpppstweb\\\/\",\"logo\":{\"@type\":\"ImageObject\",\"inLanguage\":\"es\",\"@id\":\"https:\\\/\\\/www.mpppst.gob.ve\\\/mpppstweb\\\/#\\\/schema\\\/logo\\\/image\\\/\",\"url\":\"https:\\\/\\\/www.mpppst.gob.ve\\\/mpppstweb\\\/wp-content\\\/uploads\\\/2025\\\/07\\\/cropped-cropped-g910.png\",\"contentUrl\":\"https:\\\/\\\/www.mpppst.gob.ve\\\/mpppstweb\\\/wp-content\\\/uploads\\\/2025\\\/07\\\/cropped-cropped-g910.png\",\"width\":1080,\"height\":241,\"caption\":\"Ministerio del Poder Popular para el Proceso Social de Trabajo\"},\"image\":{\"@id\":\"https:\\\/\\\/www.mpppst.gob.ve\\\/mpppstweb\\\/#\\\/schema\\\/logo\\\/image\\\/\"},\"sameAs\":[\"https:\\\/\\\/www.facebook.com\\\/mintrabajo_ve\",\"https:\\\/\\\/www.instagram.com\\\/mintrabajo_ve\\\/\",\"https:\\\/\\\/www.tiktok.com\\\/@mintrabajo_ve\",\"https:\\\/\\\/t.me\\\/mpppst\"]},{\"@type\":\"Person\",\"@id\":\"https:\\\/\\\/www.mpppst.gob.ve\\\/mpppstweb\\\/#\\\/schema\\\/person\\\/fc187ee8ead412bd4c9304b62f900ea4\",\"name\":\"MPPPST Prensa\",\"url\":\"https:\\\/\\\/www.mpppst.gob.ve\\\/mpppstweb\\\/index.php\\\/author\\\/prensa-mpppst\\\/\"}]}<\/script>\n<!-- \/ Yoast SEO plugin. -->","yoast_head_json":{"title":"El Viceministerio de Educaci\u00f3n y el Trabajo para la Liberaci\u00f3n visita f\u00e1brica en Yaracuy - MPPPST","description":"El Viceministerio de Educaci\u00f3n y el Trabajo para la Liberaci\u00f3n, asisti\u00f3 a Bananera Venezolana C.A., para el despliegue del Sistema Nacional de Formaci\u00f3n y Autoformaci\u00f3n de la clase obrera.","robots":{"index":"index","follow":"follow","max-snippet":"max-snippet:-1","max-image-preview":"max-image-preview:large","max-video-preview":"max-video-preview:-1"},"canonical":"https:\/\/www.mpppst.gob.ve\/mpppstweb\/index.php\/2024\/07\/16\/sistema-de-formacion\/","og_locale":"es_ES","og_type":"article","og_title":"El Viceministerio de Educaci\u00f3n y el Trabajo para la Liberaci\u00f3n visita f\u00e1brica en Yaracuy - MPPPST","og_description":"El Viceministerio de Educaci\u00f3n y el Trabajo para la Liberaci\u00f3n, asisti\u00f3 a Bananera Venezolana C.A., para el despliegue del Sistema Nacional de Formaci\u00f3n y Autoformaci\u00f3n de la clase obrera.","og_url":"https:\/\/www.mpppst.gob.ve\/mpppstweb\/index.php\/2024\/07\/16\/sistema-de-formacion\/","og_site_name":"MPPPST","article_publisher":"https:\/\/www.facebook.com\/mintrabajo_ve","article_published_time":"2024-07-16T15:23:32+00:00","article_modified_time":"2024-07-16T15:23:33+00:00","og_image":[{"width":1080,"height":813,"url":"https:\/\/www.mpppst.gob.ve\/mpppstweb\/wp-content\/uploads\/2024\/07\/WhatsApp-Image-2024-07-16-at-10.59.37-AM.jpeg","type":"image\/jpeg"}],"author":"MPPPST Prensa","twitter_card":"summary_large_image","schema":{"@context":"https:\/\/schema.org","@graph":[{"@type":"Article","@id":"https:\/\/www.mpppst.gob.ve\/mpppstweb\/index.php\/2024\/07\/16\/sistema-de-formacion\/#article","isPartOf":{"@id":"https:\/\/www.mpppst.gob.ve\/mpppstweb\/index.php\/2024\/07\/16\/sistema-de-formacion\/"},"author":{"name":"MPPPST Prensa","@id":"https:\/\/www.mpppst.gob.ve\/mpppstweb\/#\/schema\/person\/fc187ee8ead412bd4c9304b62f900ea4"},"headline":"El Viceministerio de Educaci\u00f3n y el Trabajo para la Liberaci\u00f3n visita f\u00e1brica en Yaracuy","datePublished":"2024-07-16T15:23:32+00:00","dateModified":"2024-07-16T15:23:33+00:00","mainEntityOfPage":{"@id":"https:\/\/www.mpppst.gob.ve\/mpppstweb\/index.php\/2024\/07\/16\/sistema-de-formacion\/"},"wordCount":209,"publisher":{"@id":"https:\/\/www.mpppst.gob.ve\/mpppstweb\/#organization"},"image":{"@id":"https:\/\/www.mpppst.gob.ve\/mpppstweb\/index.php\/2024\/07\/16\/sistema-de-formacion\/#primaryimage"},"thumbnailUrl":"https:\/\/www.mpppst.gob.ve\/mpppstweb\/wp-content\/uploads\/2024\/07\/WhatsApp-Image-2024-07-16-at-10.59.37-AM.jpeg","keywords":["Formaci\u00f3n","Gobierno Bolivariano","MPPPST","Nicol\u00e1s Maduro","Sistema Nacional de Formaci\u00f3n y Autoformaci\u00f3n de la clase obrera","Trabajadores"],"articleSection":["Autoformacion","Formaci\u00f3n","Gobierno Nacional"],"inLanguage":"es"},{"@type":"WebPage","@id":"https:\/\/www.mpppst.gob.ve\/mpppstweb\/index.php\/2024\/07\/16\/sistema-de-formacion\/","url":"https:\/\/www.mpppst.gob.ve\/mpppstweb\/index.php\/2024\/07\/16\/sistema-de-formacion\/","name":"El Viceministerio de Educaci\u00f3n y el Trabajo para la Liberaci\u00f3n visita f\u00e1brica en Yaracuy - MPPPST","isPartOf":{"@id":"https:\/\/www.mpppst.gob.ve\/mpppstweb\/#website"},"primaryImageOfPage":{"@id":"https:\/\/www.mpppst.gob.ve\/mpppstweb\/index.php\/2024\/07\/16\/sistema-de-formacion\/#primaryimage"},"image":{"@id":"https:\/\/www.mpppst.gob.ve\/mpppstweb\/index.php\/2024\/07\/16\/sistema-de-formacion\/#primaryimage"},"thumbnailUrl":"https:\/\/www.mpppst.gob.ve\/mpppstweb\/wp-content\/uploads\/2024\/07\/WhatsApp-Image-2024-07-16-at-10.59.37-AM.jpeg","datePublished":"2024-07-16T15:23:32+00:00","dateModified":"2024-07-16T15:23:33+00:00","description":"El Viceministerio de Educaci\u00f3n y el Trabajo para la Liberaci\u00f3n, asisti\u00f3 a Bananera Venezolana C.A., para el despliegue del Sistema Nacional de Formaci\u00f3n y Autoformaci\u00f3n de la clase obrera.","breadcrumb":{"@id":"https:\/\/www.mpppst.gob.ve\/mpppstweb\/index.php\/2024\/07\/16\/sistema-de-formacion\/#breadcrumb"},"inLanguage":"es","potentialAction":[{"@type":"ReadAction","target":["https:\/\/www.mpppst.gob.ve\/mpppstweb\/index.php\/2024\/07\/16\/sistema-de-formacion\/"]}]},{"@type":"ImageObject","inLanguage":"es","@id":"https:\/\/www.mpppst.gob.ve\/mpppstweb\/index.php\/2024\/07\/16\/sistema-de-formacion\/#primaryimage","url":"https:\/\/www.mpppst.gob.ve\/mpppstweb\/wp-content\/uploads\/2024\/07\/WhatsApp-Image-2024-07-16-at-10.59.37-AM.jpeg","contentUrl":"https:\/\/www.mpppst.gob.ve\/mpppstweb\/wp-content\/uploads\/2024\/07\/WhatsApp-Image-2024-07-16-at-10.59.37-AM.jpeg","width":1080,"height":813,"caption":"El Viceministerio de Educaci\u00f3n y el Trabajo para la Liberaci\u00f3n, asisti\u00f3 a la entidad de trabajo Bananera Venezolana C.A., en el estado Yaracuy para seguir cumpliendo con el despliegue del Sistema Nacional de Formaci\u00f3n y Autoformaci\u00f3n de la clase obrera."},{"@type":"BreadcrumbList","@id":"https:\/\/www.mpppst.gob.ve\/mpppstweb\/index.php\/2024\/07\/16\/sistema-de-formacion\/#breadcrumb","itemListElement":[{"@type":"ListItem","position":1,"name":"Home","item":"https:\/\/www.mpppst.gob.ve\/mpppstweb\/"},{"@type":"ListItem","position":2,"name":"El Viceministerio de Educaci\u00f3n y el Trabajo para la Liberaci\u00f3n visita f\u00e1brica en Yaracuy"}]},{"@type":"WebSite","@id":"https:\/\/www.mpppst.gob.ve\/mpppstweb\/#website","url":"https:\/\/www.mpppst.gob.ve\/mpppstweb\/","name":"MPPPST","description":"Sitio web oficial del Ministerio del Poder Popular para el Proceso Social de Trabajo","publisher":{"@id":"https:\/\/www.mpppst.gob.ve\/mpppstweb\/#organization"},"alternateName":"Ministerio del Poder Popular para el Proceso Social de Trabajo","potentialAction":[{"@type":"SearchAction","target":{"@type":"EntryPoint","urlTemplate":"https:\/\/www.mpppst.gob.ve\/mpppstweb\/?s={search_term_string}"},"query-input":{"@type":"PropertyValueSpecification","valueRequired":true,"valueName":"search_term_string"}}],"inLanguage":"es"},{"@type":"Organization","@id":"https:\/\/www.mpppst.gob.ve\/mpppstweb\/#organization","name":"Ministerio del Poder Popular para el Proceso Social de Trabajo","alternateName":"MPPPST","url":"https:\/\/www.mpppst.gob.ve\/mpppstweb\/","logo":{"@type":"ImageObject","inLanguage":"es","@id":"https:\/\/www.mpppst.gob.ve\/mpppstweb\/#\/schema\/logo\/image\/","url":"https:\/\/www.mpppst.gob.ve\/mpppstweb\/wp-content\/uploads\/2025\/07\/cropped-cropped-g910.png","contentUrl":"https:\/\/www.mpppst.gob.ve\/mpppstweb\/wp-content\/uploads\/2025\/07\/cropped-cropped-g910.png","width":1080,"height":241,"caption":"Ministerio del Poder Popular para el Proceso Social de Trabajo"},"image":{"@id":"https:\/\/www.mpppst.gob.ve\/mpppstweb\/#\/schema\/logo\/image\/"},"sameAs":["https:\/\/www.facebook.com\/mintrabajo_ve","https:\/\/www.instagram.com\/mintrabajo_ve\/","https:\/\/www.tiktok.com\/@mintrabajo_ve","https:\/\/t.me\/mpppst"]},{"@type":"Person","@id":"https:\/\/www.mpppst.gob.ve\/mpppstweb\/#\/schema\/person\/fc187ee8ead412bd4c9304b62f900ea4","name":"MPPPST Prensa","url":"https:\/\/www.mpppst.gob.ve\/mpppstweb\/index.php\/author\/prensa-mpppst\/"}]}},"_links":{"self":[{"href":"https:\/\/www.mpppst.gob.ve\/mpppstweb\/index.php\/wp-json\/wp\/v2\/posts\/26457","targetHints":{"allow":["GET"]}}],"collection":[{"href":"https:\/\/www.mpppst.gob.ve\/mpppstweb\/index.php\/wp-json\/wp\/v2\/posts"}],"about":[{"href":"https:\/\/www.mpppst.gob.ve\/mpppstweb\/index.php\/wp-json\/wp\/v2\/types\/post"}],"author":[{"embeddable":true,"href":"https:\/\/www.mpppst.gob.ve\/mpppstweb\/index.php\/wp-json\/wp\/v2\/users\/25"}],"replies":[{"embeddable":true,"href":"https:\/\/www.mpppst.gob.ve\/mpppstweb\/index.php\/wp-json\/wp\/v2\/comments?post=26457"}],"version-history":[{"count":1,"href":"https:\/\/www.mpppst.gob.ve\/mpppstweb\/index.php\/wp-json\/wp\/v2\/posts\/26457\/revisions"}],"predecessor-version":[{"id":26459,"href":"https:\/\/www.mpppst.gob.ve\/mpppstweb\/index.php\/wp-json\/wp\/v2\/posts\/26457\/revisions\/26459"}],"wp:featuredmedia":[{"embeddable":true,"href":"https:\/\/www.mpppst.gob.ve\/mpppstweb\/index.php\/wp-json\/wp\/v2\/media\/26458"}],"wp:attachment":[{"href":"https:\/\/www.mpppst.gob.ve\/mpppstweb\/index.php\/wp-json\/wp\/v2\/media?parent=26457"}],"wp:term":[{"taxonomy":"category","embeddable":true,"href":"https:\/\/www.mpppst.gob.ve\/mpppstweb\/index.php\/wp-json\/wp\/v2\/categories?post=26457"},{"taxonomy":"post_tag","embeddable":true,"href":"https:\/\/www.mpppst.gob.ve\/mpppstweb\/index.php\/wp-json\/wp\/v2\/tags?post=26457"}],"curies":[{"name":"wp","href":"https:\/\/api.w.org\/{rel}","templated":true}]}}