{"id":26463,"date":"2024-07-22T10:33:35","date_gmt":"2024-07-22T14:33:35","guid":{"rendered":"https:\/\/www.mpppst.gob.ve\/mpppstweb\/?p=26463"},"modified":"2024-07-22T12:13:24","modified_gmt":"2024-07-22T16:13:24","slug":"tu-voto-cuenta","status":"publish","type":"post","link":"https:\/\/www.mpppst.gob.ve\/mpppstweb\/index.php\/2024\/07\/22\/tu-voto-cuenta\/","title":{"rendered":"0800TRABAJO defender\u00e1 el derecho al voto de la clase trabajadora"},"content":{"rendered":"\n<p><strong>(Caracas, 22-07-2024.- Prensa MPPPST).- El Ministerio del Poder Popular para el Proceso Social de Trabajo <\/strong>(<strong>MPPPST<\/strong>) en los pr\u00f3ximos d\u00edas establecer\u00e1 una l\u00ednea de atenci\u00f3n telef\u00f3nica <strong>(0800TRABAJO o 08008722256)<\/strong>, para apoyar a la clase trabajadora venezolana en su participaci\u00f3n en las <strong>elecciones presidenciales<\/strong> a realizarse el <strong>28 de julio<\/strong>.<\/p>\n\n\n\n<p>El voto es un derecho consagrado en la <strong>Constituci\u00f3n de la Rep\u00fablica Bolivariana de Venezuela<\/strong>, tal como lo indica el <strong>art\u00edculo 63<\/strong>, asimismo, el derecho al voto se alinea con los principios de participaci\u00f3n democr\u00e1tica.<\/p>\n\n\n\n<p>Para aplicar est\u00e1s garant\u00edas el <strong>Ministerio del Proceso Social de Trabajo<\/strong> dispone de un equipo especializado que aclarar\u00e1 cualquier duda o inquietud que tenga el pueblo venezolano en los comicios electorales.<\/p>\n\n\n\n<p>A trav\u00e9s de esta l\u00ednea de apoyo tanto los trabajadores, trabajadoras, empleadores y empleadoras, podr\u00e1n recibir una gu\u00eda que les ayudar\u00e1 con su participaci\u00f3n.<\/p>\n\n\n\n<p>Cabe destacar que el <strong>MPPPST <\/strong>exhorta a las entidades de trabajo a tomar las previsiones y disposiciones necesarias para que la clase obrera participe libremente en el ejercicio electoral.<\/p>\n\n\n\n<p>Con el <strong>0800TRABAJO <\/strong>el <strong>MPPPST <\/strong>promueve la participaci\u00f3n electoral y garantiza que todos los venezolanos y venezolanas tengan la oportunidad de ejercer su derecho democr\u00e1tico. (Fin\/Prensa MPPPST)<\/p>\n","protected":false},"excerpt":{"rendered":"<p>El Ministerio del Poder Popular para el Proceso Social de Trabajo (MPPPST) en los pr\u00f3ximos d\u00edas establecer\u00e1 una l\u00ednea de atenci\u00f3n telef\u00f3nica (0800TRABAJO o 08008722256), para apoyar a la clase trabajadora venezolana en su participaci\u00f3n en las elecciones presidenciales a realizarse el 28 de julio.<\/p>\n","protected":false},"author":25,"featured_media":26465,"comment_status":"closed","ping_status":"closed","sticky":false,"template":"","format":"standard","meta":{"footnotes":""},"categories":[82,163],"tags":[350,818,817,809,222,693,819],"yoast_head":"<!-- This site is optimized with the Yoast SEO plugin v22.5 - https:\/\/yoast.com\/wordpress\/plugins\/seo\/ -->\n<title>0800TRABAJO defender\u00e1 el derecho al voto de la clase trabajadora - MPPPST<\/title>\n<meta name=\"description\" content=\"El MPPPST en los pr\u00f3ximos d\u00edas establecer\u00e1 una l\u00ednea de atenci\u00f3n telef\u00f3nica, y as\u00ed apoyar a la clase trabajadora venezolana a participar.\" \/>\n<meta name=\"robots\" content=\"index, follow, max-snippet:-1, max-image-preview:large, max-video-preview:-1\" \/>\n<link rel=\"canonical\" href=\"https:\/\/www.mpppst.gob.ve\/mpppstweb\/index.php\/2024\/07\/22\/tu-voto-cuenta\/\" \/>\n<meta property=\"og:locale\" content=\"es_ES\" \/>\n<meta property=\"og:type\" content=\"article\" \/>\n<meta property=\"og:title\" content=\"0800TRABAJO defender\u00e1 el derecho al voto de la clase trabajadora - MPPPST\" \/>\n<meta property=\"og:description\" content=\"El MPPPST en los pr\u00f3ximos d\u00edas establecer\u00e1 una l\u00ednea de atenci\u00f3n telef\u00f3nica, y as\u00ed apoyar a la clase trabajadora venezolana a participar.\" \/>\n<meta property=\"og:url\" content=\"https:\/\/www.mpppst.gob.ve\/mpppstweb\/index.php\/2024\/07\/22\/tu-voto-cuenta\/\" \/>\n<meta property=\"og:site_name\" content=\"MPPPST\" \/>\n<meta property=\"article:published_time\" content=\"2024-07-22T14:33:35+00:00\" \/>\n<meta property=\"article:modified_time\" content=\"2024-07-22T16:13:24+00:00\" \/>\n<meta property=\"og:image\" content=\"https:\/\/www.mpppst.gob.ve\/mpppstweb\/wp-content\/uploads\/2024\/07\/WhatsApp-Image-2024-07-22-at-12.12.09-PM.jpeg\" \/>\n\t<meta property=\"og:image:width\" content=\"1050\" \/>\n\t<meta property=\"og:image:height\" content=\"638\" \/>\n\t<meta property=\"og:image:type\" content=\"image\/jpeg\" \/>\n<meta name=\"author\" content=\"MPPPST Prensa\" \/>\n<meta name=\"twitter:card\" content=\"summary_large_image\" \/>\n<meta name=\"twitter:label1\" content=\"Escrito por\" \/>\n\t<meta name=\"twitter:data1\" content=\"MPPPST Prensa\" \/>\n\t<meta name=\"twitter:label2\" content=\"Tiempo de lectura\" \/>\n\t<meta name=\"twitter:data2\" content=\"2 minutos\" \/>\n<script type=\"application\/ld+json\" class=\"yoast-schema-graph\">{\"@context\":\"https:\/\/schema.org\",\"@graph\":[{\"@type\":\"Article\",\"@id\":\"https:\/\/www.mpppst.gob.ve\/mpppstweb\/index.php\/2024\/07\/22\/tu-voto-cuenta\/#article\",\"isPartOf\":{\"@id\":\"https:\/\/www.mpppst.gob.ve\/mpppstweb\/index.php\/2024\/07\/22\/tu-voto-cuenta\/\"},\"author\":{\"name\":\"MPPPST Prensa\",\"@id\":\"https:\/\/www.mpppst.gob.ve\/mpppstweb\/#\/schema\/person\/fc187ee8ead412bd4c9304b62f900ea4\"},\"headline\":\"0800TRABAJO defender\u00e1 el derecho al voto de la clase trabajadora\",\"datePublished\":\"2024-07-22T14:33:35+00:00\",\"dateModified\":\"2024-07-22T16:13:24+00:00\",\"mainEntityOfPage\":{\"@id\":\"https:\/\/www.mpppst.gob.ve\/mpppstweb\/index.php\/2024\/07\/22\/tu-voto-cuenta\/\"},\"wordCount\":226,\"publisher\":{\"@id\":\"https:\/\/www.mpppst.gob.ve\/mpppstweb\/#organization\"},\"image\":{\"@id\":\"https:\/\/www.mpppst.gob.ve\/mpppstweb\/index.php\/2024\/07\/22\/tu-voto-cuenta\/#primaryimage\"},\"thumbnailUrl\":\"https:\/\/www.mpppst.gob.ve\/mpppstweb\/wp-content\/uploads\/2024\/07\/WhatsApp-Image-2024-07-22-at-12.12.09-PM.jpeg\",\"keywords\":[\"Clase Obrera\",\"derecho al voto\",\"Elecciones 2024\",\"Elecciones Presidenciales\",\"Gobierno Bolivariano\",\"Ministro Alexis Corredor P\u00e9rez\",\"Votaciones 2024\"],\"articleSection\":[\"Gobierno Nacional\",\"Noticias\"],\"inLanguage\":\"es\"},{\"@type\":\"WebPage\",\"@id\":\"https:\/\/www.mpppst.gob.ve\/mpppstweb\/index.php\/2024\/07\/22\/tu-voto-cuenta\/\",\"url\":\"https:\/\/www.mpppst.gob.ve\/mpppstweb\/index.php\/2024\/07\/22\/tu-voto-cuenta\/\",\"name\":\"0800TRABAJO defender\u00e1 el derecho al voto de la clase trabajadora - MPPPST\",\"isPartOf\":{\"@id\":\"https:\/\/www.mpppst.gob.ve\/mpppstweb\/#website\"},\"primaryImageOfPage\":{\"@id\":\"https:\/\/www.mpppst.gob.ve\/mpppstweb\/index.php\/2024\/07\/22\/tu-voto-cuenta\/#primaryimage\"},\"image\":{\"@id\":\"https:\/\/www.mpppst.gob.ve\/mpppstweb\/index.php\/2024\/07\/22\/tu-voto-cuenta\/#primaryimage\"},\"thumbnailUrl\":\"https:\/\/www.mpppst.gob.ve\/mpppstweb\/wp-content\/uploads\/2024\/07\/WhatsApp-Image-2024-07-22-at-12.12.09-PM.jpeg\",\"datePublished\":\"2024-07-22T14:33:35+00:00\",\"dateModified\":\"2024-07-22T16:13:24+00:00\",\"description\":\"El MPPPST en los pr\u00f3ximos d\u00edas establecer\u00e1 una l\u00ednea de atenci\u00f3n telef\u00f3nica, y as\u00ed apoyar a la clase trabajadora venezolana a participar.\",\"breadcrumb\":{\"@id\":\"https:\/\/www.mpppst.gob.ve\/mpppstweb\/index.php\/2024\/07\/22\/tu-voto-cuenta\/#breadcrumb\"},\"inLanguage\":\"es\",\"potentialAction\":[{\"@type\":\"ReadAction\",\"target\":[\"https:\/\/www.mpppst.gob.ve\/mpppstweb\/index.php\/2024\/07\/22\/tu-voto-cuenta\/\"]}]},{\"@type\":\"ImageObject\",\"inLanguage\":\"es\",\"@id\":\"https:\/\/www.mpppst.gob.ve\/mpppstweb\/index.php\/2024\/07\/22\/tu-voto-cuenta\/#primaryimage\",\"url\":\"https:\/\/www.mpppst.gob.ve\/mpppstweb\/wp-content\/uploads\/2024\/07\/WhatsApp-Image-2024-07-22-at-12.12.09-PM.jpeg\",\"contentUrl\":\"https:\/\/www.mpppst.gob.ve\/mpppstweb\/wp-content\/uploads\/2024\/07\/WhatsApp-Image-2024-07-22-at-12.12.09-PM.jpeg\",\"width\":1050,\"height\":638},{\"@type\":\"BreadcrumbList\",\"@id\":\"https:\/\/www.mpppst.gob.ve\/mpppstweb\/index.php\/2024\/07\/22\/tu-voto-cuenta\/#breadcrumb\",\"itemListElement\":[{\"@type\":\"ListItem\",\"position\":1,\"name\":\"Home\",\"item\":\"https:\/\/www.mpppst.gob.ve\/mpppstweb\/\"},{\"@type\":\"ListItem\",\"position\":2,\"name\":\"0800TRABAJO defender\u00e1 el derecho al voto de la clase trabajadora\"}]},{\"@type\":\"WebSite\",\"@id\":\"https:\/\/www.mpppst.gob.ve\/mpppstweb\/#website\",\"url\":\"https:\/\/www.mpppst.gob.ve\/mpppstweb\/\",\"name\":\"MPPPST\",\"description\":\"Ministerio del Poder Popular para el Proceso Social de Trabajo\",\"publisher\":{\"@id\":\"https:\/\/www.mpppst.gob.ve\/mpppstweb\/#organization\"},\"potentialAction\":[{\"@type\":\"SearchAction\",\"target\":{\"@type\":\"EntryPoint\",\"urlTemplate\":\"https:\/\/www.mpppst.gob.ve\/mpppstweb\/?s={search_term_string}\"},\"query-input\":\"required name=search_term_string\"}],\"inLanguage\":\"es\"},{\"@type\":\"Organization\",\"@id\":\"https:\/\/www.mpppst.gob.ve\/mpppstweb\/#organization\",\"name\":\"mpppst\",\"url\":\"https:\/\/www.mpppst.gob.ve\/mpppstweb\/\",\"logo\":{\"@type\":\"ImageObject\",\"inLanguage\":\"es\",\"@id\":\"https:\/\/www.mpppst.gob.ve\/mpppstweb\/#\/schema\/logo\/image\/\",\"url\":\"https:\/\/www.mpppst.gob.ve\/mpppstweb\/wp-content\/uploads\/2025\/07\/cropped-cropped-g910.png\",\"contentUrl\":\"https:\/\/www.mpppst.gob.ve\/mpppstweb\/wp-content\/uploads\/2025\/07\/cropped-cropped-g910.png\",\"width\":1080,\"height\":241,\"caption\":\"mpppst\"},\"image\":{\"@id\":\"https:\/\/www.mpppst.gob.ve\/mpppstweb\/#\/schema\/logo\/image\/\"}},{\"@type\":\"Person\",\"@id\":\"https:\/\/www.mpppst.gob.ve\/mpppstweb\/#\/schema\/person\/fc187ee8ead412bd4c9304b62f900ea4\",\"name\":\"MPPPST Prensa\",\"url\":\"https:\/\/www.mpppst.gob.ve\/mpppstweb\/index.php\/author\/prensa-mpppst\/\"}]}<\/script>\n<!-- \/ Yoast SEO plugin. -->","yoast_head_json":{"title":"0800TRABAJO defender\u00e1 el derecho al voto de la clase trabajadora - MPPPST","description":"El MPPPST en los pr\u00f3ximos d\u00edas establecer\u00e1 una l\u00ednea de atenci\u00f3n telef\u00f3nica, y as\u00ed apoyar a la clase trabajadora venezolana a participar.","robots":{"index":"index","follow":"follow","max-snippet":"max-snippet:-1","max-image-preview":"max-image-preview:large","max-video-preview":"max-video-preview:-1"},"canonical":"https:\/\/www.mpppst.gob.ve\/mpppstweb\/index.php\/2024\/07\/22\/tu-voto-cuenta\/","og_locale":"es_ES","og_type":"article","og_title":"0800TRABAJO defender\u00e1 el derecho al voto de la clase trabajadora - MPPPST","og_description":"El MPPPST en los pr\u00f3ximos d\u00edas establecer\u00e1 una l\u00ednea de atenci\u00f3n telef\u00f3nica, y as\u00ed apoyar a la clase trabajadora venezolana a participar.","og_url":"https:\/\/www.mpppst.gob.ve\/mpppstweb\/index.php\/2024\/07\/22\/tu-voto-cuenta\/","og_site_name":"MPPPST","article_published_time":"2024-07-22T14:33:35+00:00","article_modified_time":"2024-07-22T16:13:24+00:00","og_image":[{"width":1050,"height":638,"url":"https:\/\/www.mpppst.gob.ve\/mpppstweb\/wp-content\/uploads\/2024\/07\/WhatsApp-Image-2024-07-22-at-12.12.09-PM.jpeg","type":"image\/jpeg"}],"author":"MPPPST Prensa","twitter_card":"summary_large_image","twitter_misc":{"Escrito por":"MPPPST Prensa","Tiempo de lectura":"2 minutos"},"schema":{"@context":"https:\/\/schema.org","@graph":[{"@type":"Article","@id":"https:\/\/www.mpppst.gob.ve\/mpppstweb\/index.php\/2024\/07\/22\/tu-voto-cuenta\/#article","isPartOf":{"@id":"https:\/\/www.mpppst.gob.ve\/mpppstweb\/index.php\/2024\/07\/22\/tu-voto-cuenta\/"},"author":{"name":"MPPPST Prensa","@id":"https:\/\/www.mpppst.gob.ve\/mpppstweb\/#\/schema\/person\/fc187ee8ead412bd4c9304b62f900ea4"},"headline":"0800TRABAJO defender\u00e1 el derecho al voto de la clase trabajadora","datePublished":"2024-07-22T14:33:35+00:00","dateModified":"2024-07-22T16:13:24+00:00","mainEntityOfPage":{"@id":"https:\/\/www.mpppst.gob.ve\/mpppstweb\/index.php\/2024\/07\/22\/tu-voto-cuenta\/"},"wordCount":226,"publisher":{"@id":"https:\/\/www.mpppst.gob.ve\/mpppstweb\/#organization"},"image":{"@id":"https:\/\/www.mpppst.gob.ve\/mpppstweb\/index.php\/2024\/07\/22\/tu-voto-cuenta\/#primaryimage"},"thumbnailUrl":"https:\/\/www.mpppst.gob.ve\/mpppstweb\/wp-content\/uploads\/2024\/07\/WhatsApp-Image-2024-07-22-at-12.12.09-PM.jpeg","keywords":["Clase Obrera","derecho al voto","Elecciones 2024","Elecciones Presidenciales","Gobierno Bolivariano","Ministro Alexis Corredor P\u00e9rez","Votaciones 2024"],"articleSection":["Gobierno Nacional","Noticias"],"inLanguage":"es"},{"@type":"WebPage","@id":"https:\/\/www.mpppst.gob.ve\/mpppstweb\/index.php\/2024\/07\/22\/tu-voto-cuenta\/","url":"https:\/\/www.mpppst.gob.ve\/mpppstweb\/index.php\/2024\/07\/22\/tu-voto-cuenta\/","name":"0800TRABAJO defender\u00e1 el derecho al voto de la clase trabajadora - MPPPST","isPartOf":{"@id":"https:\/\/www.mpppst.gob.ve\/mpppstweb\/#website"},"primaryImageOfPage":{"@id":"https:\/\/www.mpppst.gob.ve\/mpppstweb\/index.php\/2024\/07\/22\/tu-voto-cuenta\/#primaryimage"},"image":{"@id":"https:\/\/www.mpppst.gob.ve\/mpppstweb\/index.php\/2024\/07\/22\/tu-voto-cuenta\/#primaryimage"},"thumbnailUrl":"https:\/\/www.mpppst.gob.ve\/mpppstweb\/wp-content\/uploads\/2024\/07\/WhatsApp-Image-2024-07-22-at-12.12.09-PM.jpeg","datePublished":"2024-07-22T14:33:35+00:00","dateModified":"2024-07-22T16:13:24+00:00","description":"El MPPPST en los pr\u00f3ximos d\u00edas establecer\u00e1 una l\u00ednea de atenci\u00f3n telef\u00f3nica, y as\u00ed apoyar a la clase trabajadora venezolana a participar.","breadcrumb":{"@id":"https:\/\/www.mpppst.gob.ve\/mpppstweb\/index.php\/2024\/07\/22\/tu-voto-cuenta\/#breadcrumb"},"inLanguage":"es","potentialAction":[{"@type":"ReadAction","target":["https:\/\/www.mpppst.gob.ve\/mpppstweb\/index.php\/2024\/07\/22\/tu-voto-cuenta\/"]}]},{"@type":"ImageObject","inLanguage":"es","@id":"https:\/\/www.mpppst.gob.ve\/mpppstweb\/index.php\/2024\/07\/22\/tu-voto-cuenta\/#primaryimage","url":"https:\/\/www.mpppst.gob.ve\/mpppstweb\/wp-content\/uploads\/2024\/07\/WhatsApp-Image-2024-07-22-at-12.12.09-PM.jpeg","contentUrl":"https:\/\/www.mpppst.gob.ve\/mpppstweb\/wp-content\/uploads\/2024\/07\/WhatsApp-Image-2024-07-22-at-12.12.09-PM.jpeg","width":1050,"height":638},{"@type":"BreadcrumbList","@id":"https:\/\/www.mpppst.gob.ve\/mpppstweb\/index.php\/2024\/07\/22\/tu-voto-cuenta\/#breadcrumb","itemListElement":[{"@type":"ListItem","position":1,"name":"Home","item":"https:\/\/www.mpppst.gob.ve\/mpppstweb\/"},{"@type":"ListItem","position":2,"name":"0800TRABAJO defender\u00e1 el derecho al voto de la clase trabajadora"}]},{"@type":"WebSite","@id":"https:\/\/www.mpppst.gob.ve\/mpppstweb\/#website","url":"https:\/\/www.mpppst.gob.ve\/mpppstweb\/","name":"MPPPST","description":"Ministerio del Poder Popular para el Proceso Social de Trabajo","publisher":{"@id":"https:\/\/www.mpppst.gob.ve\/mpppstweb\/#organization"},"potentialAction":[{"@type":"SearchAction","target":{"@type":"EntryPoint","urlTemplate":"https:\/\/www.mpppst.gob.ve\/mpppstweb\/?s={search_term_string}"},"query-input":"required name=search_term_string"}],"inLanguage":"es"},{"@type":"Organization","@id":"https:\/\/www.mpppst.gob.ve\/mpppstweb\/#organization","name":"mpppst","url":"https:\/\/www.mpppst.gob.ve\/mpppstweb\/","logo":{"@type":"ImageObject","inLanguage":"es","@id":"https:\/\/www.mpppst.gob.ve\/mpppstweb\/#\/schema\/logo\/image\/","url":"https:\/\/www.mpppst.gob.ve\/mpppstweb\/wp-content\/uploads\/2025\/07\/cropped-cropped-g910.png","contentUrl":"https:\/\/www.mpppst.gob.ve\/mpppstweb\/wp-content\/uploads\/2025\/07\/cropped-cropped-g910.png","width":1080,"height":241,"caption":"mpppst"},"image":{"@id":"https:\/\/www.mpppst.gob.ve\/mpppstweb\/#\/schema\/logo\/image\/"}},{"@type":"Person","@id":"https:\/\/www.mpppst.gob.ve\/mpppstweb\/#\/schema\/person\/fc187ee8ead412bd4c9304b62f900ea4","name":"MPPPST Prensa","url":"https:\/\/www.mpppst.gob.ve\/mpppstweb\/index.php\/author\/prensa-mpppst\/"}]}},"_links":{"self":[{"href":"https:\/\/www.mpppst.gob.ve\/mpppstweb\/index.php\/wp-json\/wp\/v2\/posts\/26463"}],"collection":[{"href":"https:\/\/www.mpppst.gob.ve\/mpppstweb\/index.php\/wp-json\/wp\/v2\/posts"}],"about":[{"href":"https:\/\/www.mpppst.gob.ve\/mpppstweb\/index.php\/wp-json\/wp\/v2\/types\/post"}],"author":[{"embeddable":true,"href":"https:\/\/www.mpppst.gob.ve\/mpppstweb\/index.php\/wp-json\/wp\/v2\/users\/25"}],"replies":[{"embeddable":true,"href":"https:\/\/www.mpppst.gob.ve\/mpppstweb\/index.php\/wp-json\/wp\/v2\/comments?post=26463"}],"version-history":[{"count":1,"href":"https:\/\/www.mpppst.gob.ve\/mpppstweb\/index.php\/wp-json\/wp\/v2\/posts\/26463\/revisions"}],"predecessor-version":[{"id":26464,"href":"https:\/\/www.mpppst.gob.ve\/mpppstweb\/index.php\/wp-json\/wp\/v2\/posts\/26463\/revisions\/26464"}],"wp:featuredmedia":[{"embeddable":true,"href":"https:\/\/www.mpppst.gob.ve\/mpppstweb\/index.php\/wp-json\/wp\/v2\/media\/26465"}],"wp:attachment":[{"href":"https:\/\/www.mpppst.gob.ve\/mpppstweb\/index.php\/wp-json\/wp\/v2\/media?parent=26463"}],"wp:term":[{"taxonomy":"category","embeddable":true,"href":"https:\/\/www.mpppst.gob.ve\/mpppstweb\/index.php\/wp-json\/wp\/v2\/categories?post=26463"},{"taxonomy":"post_tag","embeddable":true,"href":"https:\/\/www.mpppst.gob.ve\/mpppstweb\/index.php\/wp-json\/wp\/v2\/tags?post=26463"}],"curies":[{"name":"wp","href":"https:\/\/api.w.org\/{rel}","templated":true}]}}