{"id":26468,"date":"2024-07-24T11:16:16","date_gmt":"2024-07-24T15:16:16","guid":{"rendered":"https:\/\/www.mpppst.gob.ve\/mpppstweb\/?p=26468"},"modified":"2024-07-24T11:16:17","modified_gmt":"2024-07-24T15:16:17","slug":"0800trabajo2","status":"publish","type":"post","link":"https:\/\/www.mpppst.gob.ve\/mpppstweb\/index.php\/2024\/07\/24\/0800trabajo2\/","title":{"rendered":"Viceministra Rosal\u00eda Zingales: Todos vamos a ejercer el derecho al voto es nuestro derecho constitucional"},"content":{"rendered":"\n<p><strong>(Caracas, 24-07-2024.- Prensa MPPPST).<\/strong>&#8211; <em>\u00abLa cultura del voto y la participaci\u00f3n protag\u00f3nica est\u00e1 construida en el pa\u00eds, y est\u00e1s bases se han mantenido gracias a la Ley Org\u00e1nica del Trabajo, las Trabajadoras y los Trabajadores\u00bb<\/em>, as\u00ed lo afirm\u00f3 la <strong>viceministra del Sistema Integrado de Inspecci\u00f3n Laboral y de la Seguridad Social,<\/strong> <strong>Rosal\u00eda Zingales<\/strong>, durante una entrevista en <strong>YVKE Mundial<\/strong>, donde convers\u00f3 sobre el <strong>0800TRABAJO.<\/strong><\/p>\n\n\n\n<p>Asimismo, explic\u00f3 c\u00f3mo el <strong>Ministerio del Poder Popular para el Proceso Social de Trabajo<\/strong> (<strong>MPPPST<\/strong>) apoyar\u00e1 a la clase obrera el pr\u00f3ximo 28 de julio.<\/p>\n\n\n\n<p>Durante la alocuci\u00f3n, la viceministra <strong>Zingales <\/strong>afirm\u00f3 que el voto es un derecho de cada ciudadano y ciudadana, tambi\u00e9n recalc\u00f3 que est\u00e1 plasmado en el art\u00edculo <strong>62 <\/strong>y <strong>63 <\/strong>de la <strong>Constituci\u00f3n de la Rep\u00fablica Bolivariana de Venezuela<\/strong>, afirmando que los trabajadores est\u00e1n amparados.<\/p>\n\n\n\n<p>Enfatiz\u00f3, que la l\u00ednea telef\u00f3nica es para recibir reportes y llamadas en caso que las y los trabajadores necesiten apoyo.<\/p>\n\n\n\n<p>Asegur\u00f3 que el <strong>MPPPST <\/strong>y el <strong>Viceministerio para el Sistema Integrado de Inspecci\u00f3n Laboral<\/strong>, han venido exhortando a los patronos y patronas sobre las elecciones presidenciales que se celebrar\u00e1n el pr\u00f3ximo <strong>28 de julio<\/strong>.<\/p>\n\n\n\n<p>Incluy\u00f3 que el <strong>0800TRABAJO <\/strong>siempre ha estado disponible para la clase obrera.<\/p>\n\n\n\n<p>Para finalizar, la <strong>Viceministra <\/strong>convoc\u00f3 a la fuerza obrera a participar, <em>\u00abtodos vamos a ejercer el derecho al voto, es nuestro derecho constitucional. El estado est\u00e1 comprometido en garantizar que usted libremente pueda participar protagonicamente y determinar los destinos de este pa\u00eds, no permitas que nadie decida por ti, nosotros mismos vamos a continuar y vamos a seguir. Garantizando la Paz\u00bb<\/em>. (FIN\/ Prensa MPPPST).<\/p>\n","protected":false},"excerpt":{"rendered":"<p>\u00abLa cultura del voto y la participaci\u00f3n protag\u00f3nica est\u00e1 construida en el pa\u00eds, y est\u00e1s bases se han mantenido gracias a la Ley Org\u00e1nica del Trabajo, las Trabajadoras y los Trabajadores\u00bb, as\u00ed lo afirm\u00f3 la viceministra del Sistema Integrado de Inspecci\u00f3n Laboral y de la Seguridad Social, Rosal\u00eda Zingales, durante una entrevista en YVKE Mundial, donde convers\u00f3 sobre el 0800TRABAJO.<\/p>\n","protected":false},"author":25,"featured_media":26469,"comment_status":"closed","ping_status":"closed","sticky":false,"template":"","format":"standard","meta":{"footnotes":""},"categories":[82,163,84],"tags":[820,821,801,817,223,240,745,740],"yoast_head":"<!-- This site is optimized with the Yoast SEO plugin v22.5 - https:\/\/yoast.com\/wordpress\/plugins\/seo\/ -->\n<title>Viceministra Rosal\u00eda Zingales: Todos vamos a ejercer el derecho al voto es nuestro derecho constitucional - MPPPST<\/title>\n<meta name=\"description\" content=\"Viceministra Rosal\u00eda Zingales, durante una entrevista en YVKE Mundial, donde convers\u00f3 sobre el 0800TRABAJO.\" \/>\n<meta name=\"robots\" content=\"index, follow, max-snippet:-1, max-image-preview:large, max-video-preview:-1\" \/>\n<link rel=\"canonical\" href=\"https:\/\/www.mpppst.gob.ve\/mpppstweb\/index.php\/2024\/07\/24\/0800trabajo2\/\" \/>\n<meta property=\"og:locale\" content=\"es_ES\" \/>\n<meta property=\"og:type\" content=\"article\" \/>\n<meta property=\"og:title\" content=\"Viceministra Rosal\u00eda Zingales: Todos vamos a ejercer el derecho al voto es nuestro derecho constitucional - MPPPST\" \/>\n<meta property=\"og:description\" content=\"Viceministra Rosal\u00eda Zingales, durante una entrevista en YVKE Mundial, donde convers\u00f3 sobre el 0800TRABAJO.\" \/>\n<meta property=\"og:url\" content=\"https:\/\/www.mpppst.gob.ve\/mpppstweb\/index.php\/2024\/07\/24\/0800trabajo2\/\" \/>\n<meta property=\"og:site_name\" content=\"MPPPST\" \/>\n<meta property=\"article:published_time\" content=\"2024-07-24T15:16:16+00:00\" \/>\n<meta property=\"article:modified_time\" content=\"2024-07-24T15:16:17+00:00\" \/>\n<meta property=\"og:image\" content=\"https:\/\/www.mpppst.gob.ve\/mpppstweb\/wp-content\/uploads\/2024\/07\/WhatsApp-Image-2024-07-24-at-11.15.09-AM.jpeg\" \/>\n\t<meta property=\"og:image:width\" content=\"1080\" \/>\n\t<meta property=\"og:image:height\" content=\"608\" \/>\n\t<meta property=\"og:image:type\" content=\"image\/jpeg\" \/>\n<meta name=\"author\" content=\"MPPPST Prensa\" \/>\n<meta name=\"twitter:card\" content=\"summary_large_image\" \/>\n<meta name=\"twitter:label1\" content=\"Escrito por\" \/>\n\t<meta name=\"twitter:data1\" content=\"MPPPST Prensa\" \/>\n\t<meta name=\"twitter:label2\" content=\"Tiempo de lectura\" \/>\n\t<meta name=\"twitter:data2\" content=\"2 minutos\" \/>\n<script type=\"application\/ld+json\" class=\"yoast-schema-graph\">{\"@context\":\"https:\/\/schema.org\",\"@graph\":[{\"@type\":\"Article\",\"@id\":\"https:\/\/www.mpppst.gob.ve\/mpppstweb\/index.php\/2024\/07\/24\/0800trabajo2\/#article\",\"isPartOf\":{\"@id\":\"https:\/\/www.mpppst.gob.ve\/mpppstweb\/index.php\/2024\/07\/24\/0800trabajo2\/\"},\"author\":{\"name\":\"MPPPST Prensa\",\"@id\":\"https:\/\/www.mpppst.gob.ve\/mpppstweb\/#\/schema\/person\/fc187ee8ead412bd4c9304b62f900ea4\"},\"headline\":\"Viceministra Rosal\u00eda Zingales: Todos vamos a ejercer el derecho al voto es nuestro derecho constitucional\",\"datePublished\":\"2024-07-24T15:16:16+00:00\",\"dateModified\":\"2024-07-24T15:16:17+00:00\",\"mainEntityOfPage\":{\"@id\":\"https:\/\/www.mpppst.gob.ve\/mpppstweb\/index.php\/2024\/07\/24\/0800trabajo2\/\"},\"wordCount\":299,\"publisher\":{\"@id\":\"https:\/\/www.mpppst.gob.ve\/mpppstweb\/#organization\"},\"image\":{\"@id\":\"https:\/\/www.mpppst.gob.ve\/mpppstweb\/index.php\/2024\/07\/24\/0800trabajo2\/#primaryimage\"},\"thumbnailUrl\":\"https:\/\/www.mpppst.gob.ve\/mpppstweb\/wp-content\/uploads\/2024\/07\/WhatsApp-Image-2024-07-24-at-11.15.09-AM.jpeg\",\"keywords\":[\"0800TRABAJO\",\"Apoyo Laboral\",\"El Ministerio del Poder Popular para el Proceso Social de Trabajo (MPPPST)\",\"Elecciones 2024\",\"MPPPST\",\"Participaci\u00f3n popular y protag\u00f3nica\",\"Viceministerio del Sistema Integrado de Inspecci\u00f3n Laboral y de la Seguridad Social\",\"Viceministra Rosalia Zingales\"],\"articleSection\":[\"Gobierno Nacional\",\"Noticias\",\"Vida Laboral y Sindical\"],\"inLanguage\":\"es\"},{\"@type\":\"WebPage\",\"@id\":\"https:\/\/www.mpppst.gob.ve\/mpppstweb\/index.php\/2024\/07\/24\/0800trabajo2\/\",\"url\":\"https:\/\/www.mpppst.gob.ve\/mpppstweb\/index.php\/2024\/07\/24\/0800trabajo2\/\",\"name\":\"Viceministra Rosal\u00eda Zingales: Todos vamos a ejercer el derecho al voto es nuestro derecho constitucional - MPPPST\",\"isPartOf\":{\"@id\":\"https:\/\/www.mpppst.gob.ve\/mpppstweb\/#website\"},\"primaryImageOfPage\":{\"@id\":\"https:\/\/www.mpppst.gob.ve\/mpppstweb\/index.php\/2024\/07\/24\/0800trabajo2\/#primaryimage\"},\"image\":{\"@id\":\"https:\/\/www.mpppst.gob.ve\/mpppstweb\/index.php\/2024\/07\/24\/0800trabajo2\/#primaryimage\"},\"thumbnailUrl\":\"https:\/\/www.mpppst.gob.ve\/mpppstweb\/wp-content\/uploads\/2024\/07\/WhatsApp-Image-2024-07-24-at-11.15.09-AM.jpeg\",\"datePublished\":\"2024-07-24T15:16:16+00:00\",\"dateModified\":\"2024-07-24T15:16:17+00:00\",\"description\":\"Viceministra Rosal\u00eda Zingales, durante una entrevista en YVKE Mundial, donde convers\u00f3 sobre el 0800TRABAJO.\",\"breadcrumb\":{\"@id\":\"https:\/\/www.mpppst.gob.ve\/mpppstweb\/index.php\/2024\/07\/24\/0800trabajo2\/#breadcrumb\"},\"inLanguage\":\"es\",\"potentialAction\":[{\"@type\":\"ReadAction\",\"target\":[\"https:\/\/www.mpppst.gob.ve\/mpppstweb\/index.php\/2024\/07\/24\/0800trabajo2\/\"]}]},{\"@type\":\"ImageObject\",\"inLanguage\":\"es\",\"@id\":\"https:\/\/www.mpppst.gob.ve\/mpppstweb\/index.php\/2024\/07\/24\/0800trabajo2\/#primaryimage\",\"url\":\"https:\/\/www.mpppst.gob.ve\/mpppstweb\/wp-content\/uploads\/2024\/07\/WhatsApp-Image-2024-07-24-at-11.15.09-AM.jpeg\",\"contentUrl\":\"https:\/\/www.mpppst.gob.ve\/mpppstweb\/wp-content\/uploads\/2024\/07\/WhatsApp-Image-2024-07-24-at-11.15.09-AM.jpeg\",\"width\":1080,\"height\":608,\"caption\":\"\\\"La cultura del voto y la participaci\u00f3n protag\u00f3nica est\u00e1 construida en el pa\u00eds, y est\u00e1s bases se han mantenido gracias a la Ley Org\u00e1nica del Trabajo, las Trabajadoras y los Trabajadores\\\", as\u00ed lo afirm\u00f3 la viceministra del Sistema Integrado de Inspecci\u00f3n Laboral y de la Seguridad Social, Rosal\u00eda Zingales, durante una entrevista en YVKE Mundial, donde convers\u00f3 sobre el 0800TRABAJO.\"},{\"@type\":\"BreadcrumbList\",\"@id\":\"https:\/\/www.mpppst.gob.ve\/mpppstweb\/index.php\/2024\/07\/24\/0800trabajo2\/#breadcrumb\",\"itemListElement\":[{\"@type\":\"ListItem\",\"position\":1,\"name\":\"Home\",\"item\":\"https:\/\/www.mpppst.gob.ve\/mpppstweb\/\"},{\"@type\":\"ListItem\",\"position\":2,\"name\":\"Viceministra Rosal\u00eda Zingales: Todos vamos a ejercer el derecho al voto es nuestro derecho constitucional\"}]},{\"@type\":\"WebSite\",\"@id\":\"https:\/\/www.mpppst.gob.ve\/mpppstweb\/#website\",\"url\":\"https:\/\/www.mpppst.gob.ve\/mpppstweb\/\",\"name\":\"MPPPST\",\"description\":\"Ministerio del Poder Popular para el Proceso Social de Trabajo\",\"publisher\":{\"@id\":\"https:\/\/www.mpppst.gob.ve\/mpppstweb\/#organization\"},\"potentialAction\":[{\"@type\":\"SearchAction\",\"target\":{\"@type\":\"EntryPoint\",\"urlTemplate\":\"https:\/\/www.mpppst.gob.ve\/mpppstweb\/?s={search_term_string}\"},\"query-input\":\"required name=search_term_string\"}],\"inLanguage\":\"es\"},{\"@type\":\"Organization\",\"@id\":\"https:\/\/www.mpppst.gob.ve\/mpppstweb\/#organization\",\"name\":\"mpppst\",\"url\":\"https:\/\/www.mpppst.gob.ve\/mpppstweb\/\",\"logo\":{\"@type\":\"ImageObject\",\"inLanguage\":\"es\",\"@id\":\"https:\/\/www.mpppst.gob.ve\/mpppstweb\/#\/schema\/logo\/image\/\",\"url\":\"https:\/\/www.mpppst.gob.ve\/mpppstweb\/wp-content\/uploads\/2025\/07\/cropped-cropped-g910.png\",\"contentUrl\":\"https:\/\/www.mpppst.gob.ve\/mpppstweb\/wp-content\/uploads\/2025\/07\/cropped-cropped-g910.png\",\"width\":1080,\"height\":241,\"caption\":\"mpppst\"},\"image\":{\"@id\":\"https:\/\/www.mpppst.gob.ve\/mpppstweb\/#\/schema\/logo\/image\/\"}},{\"@type\":\"Person\",\"@id\":\"https:\/\/www.mpppst.gob.ve\/mpppstweb\/#\/schema\/person\/fc187ee8ead412bd4c9304b62f900ea4\",\"name\":\"MPPPST Prensa\",\"url\":\"https:\/\/www.mpppst.gob.ve\/mpppstweb\/index.php\/author\/prensa-mpppst\/\"}]}<\/script>\n<!-- \/ Yoast SEO plugin. -->","yoast_head_json":{"title":"Viceministra Rosal\u00eda Zingales: Todos vamos a ejercer el derecho al voto es nuestro derecho constitucional - MPPPST","description":"Viceministra Rosal\u00eda Zingales, durante una entrevista en YVKE Mundial, donde convers\u00f3 sobre el 0800TRABAJO.","robots":{"index":"index","follow":"follow","max-snippet":"max-snippet:-1","max-image-preview":"max-image-preview:large","max-video-preview":"max-video-preview:-1"},"canonical":"https:\/\/www.mpppst.gob.ve\/mpppstweb\/index.php\/2024\/07\/24\/0800trabajo2\/","og_locale":"es_ES","og_type":"article","og_title":"Viceministra Rosal\u00eda Zingales: Todos vamos a ejercer el derecho al voto es nuestro derecho constitucional - MPPPST","og_description":"Viceministra Rosal\u00eda Zingales, durante una entrevista en YVKE Mundial, donde convers\u00f3 sobre el 0800TRABAJO.","og_url":"https:\/\/www.mpppst.gob.ve\/mpppstweb\/index.php\/2024\/07\/24\/0800trabajo2\/","og_site_name":"MPPPST","article_published_time":"2024-07-24T15:16:16+00:00","article_modified_time":"2024-07-24T15:16:17+00:00","og_image":[{"width":1080,"height":608,"url":"https:\/\/www.mpppst.gob.ve\/mpppstweb\/wp-content\/uploads\/2024\/07\/WhatsApp-Image-2024-07-24-at-11.15.09-AM.jpeg","type":"image\/jpeg"}],"author":"MPPPST Prensa","twitter_card":"summary_large_image","twitter_misc":{"Escrito por":"MPPPST Prensa","Tiempo de lectura":"2 minutos"},"schema":{"@context":"https:\/\/schema.org","@graph":[{"@type":"Article","@id":"https:\/\/www.mpppst.gob.ve\/mpppstweb\/index.php\/2024\/07\/24\/0800trabajo2\/#article","isPartOf":{"@id":"https:\/\/www.mpppst.gob.ve\/mpppstweb\/index.php\/2024\/07\/24\/0800trabajo2\/"},"author":{"name":"MPPPST Prensa","@id":"https:\/\/www.mpppst.gob.ve\/mpppstweb\/#\/schema\/person\/fc187ee8ead412bd4c9304b62f900ea4"},"headline":"Viceministra Rosal\u00eda Zingales: Todos vamos a ejercer el derecho al voto es nuestro derecho constitucional","datePublished":"2024-07-24T15:16:16+00:00","dateModified":"2024-07-24T15:16:17+00:00","mainEntityOfPage":{"@id":"https:\/\/www.mpppst.gob.ve\/mpppstweb\/index.php\/2024\/07\/24\/0800trabajo2\/"},"wordCount":299,"publisher":{"@id":"https:\/\/www.mpppst.gob.ve\/mpppstweb\/#organization"},"image":{"@id":"https:\/\/www.mpppst.gob.ve\/mpppstweb\/index.php\/2024\/07\/24\/0800trabajo2\/#primaryimage"},"thumbnailUrl":"https:\/\/www.mpppst.gob.ve\/mpppstweb\/wp-content\/uploads\/2024\/07\/WhatsApp-Image-2024-07-24-at-11.15.09-AM.jpeg","keywords":["0800TRABAJO","Apoyo Laboral","El Ministerio del Poder Popular para el Proceso Social de Trabajo (MPPPST)","Elecciones 2024","MPPPST","Participaci\u00f3n popular y protag\u00f3nica","Viceministerio del Sistema Integrado de Inspecci\u00f3n Laboral y de la Seguridad Social","Viceministra Rosalia Zingales"],"articleSection":["Gobierno Nacional","Noticias","Vida Laboral y Sindical"],"inLanguage":"es"},{"@type":"WebPage","@id":"https:\/\/www.mpppst.gob.ve\/mpppstweb\/index.php\/2024\/07\/24\/0800trabajo2\/","url":"https:\/\/www.mpppst.gob.ve\/mpppstweb\/index.php\/2024\/07\/24\/0800trabajo2\/","name":"Viceministra Rosal\u00eda Zingales: Todos vamos a ejercer el derecho al voto es nuestro derecho constitucional - MPPPST","isPartOf":{"@id":"https:\/\/www.mpppst.gob.ve\/mpppstweb\/#website"},"primaryImageOfPage":{"@id":"https:\/\/www.mpppst.gob.ve\/mpppstweb\/index.php\/2024\/07\/24\/0800trabajo2\/#primaryimage"},"image":{"@id":"https:\/\/www.mpppst.gob.ve\/mpppstweb\/index.php\/2024\/07\/24\/0800trabajo2\/#primaryimage"},"thumbnailUrl":"https:\/\/www.mpppst.gob.ve\/mpppstweb\/wp-content\/uploads\/2024\/07\/WhatsApp-Image-2024-07-24-at-11.15.09-AM.jpeg","datePublished":"2024-07-24T15:16:16+00:00","dateModified":"2024-07-24T15:16:17+00:00","description":"Viceministra Rosal\u00eda Zingales, durante una entrevista en YVKE Mundial, donde convers\u00f3 sobre el 0800TRABAJO.","breadcrumb":{"@id":"https:\/\/www.mpppst.gob.ve\/mpppstweb\/index.php\/2024\/07\/24\/0800trabajo2\/#breadcrumb"},"inLanguage":"es","potentialAction":[{"@type":"ReadAction","target":["https:\/\/www.mpppst.gob.ve\/mpppstweb\/index.php\/2024\/07\/24\/0800trabajo2\/"]}]},{"@type":"ImageObject","inLanguage":"es","@id":"https:\/\/www.mpppst.gob.ve\/mpppstweb\/index.php\/2024\/07\/24\/0800trabajo2\/#primaryimage","url":"https:\/\/www.mpppst.gob.ve\/mpppstweb\/wp-content\/uploads\/2024\/07\/WhatsApp-Image-2024-07-24-at-11.15.09-AM.jpeg","contentUrl":"https:\/\/www.mpppst.gob.ve\/mpppstweb\/wp-content\/uploads\/2024\/07\/WhatsApp-Image-2024-07-24-at-11.15.09-AM.jpeg","width":1080,"height":608,"caption":"\"La cultura del voto y la participaci\u00f3n protag\u00f3nica est\u00e1 construida en el pa\u00eds, y est\u00e1s bases se han mantenido gracias a la Ley Org\u00e1nica del Trabajo, las Trabajadoras y los Trabajadores\", as\u00ed lo afirm\u00f3 la viceministra del Sistema Integrado de Inspecci\u00f3n Laboral y de la Seguridad Social, Rosal\u00eda Zingales, durante una entrevista en YVKE Mundial, donde convers\u00f3 sobre el 0800TRABAJO."},{"@type":"BreadcrumbList","@id":"https:\/\/www.mpppst.gob.ve\/mpppstweb\/index.php\/2024\/07\/24\/0800trabajo2\/#breadcrumb","itemListElement":[{"@type":"ListItem","position":1,"name":"Home","item":"https:\/\/www.mpppst.gob.ve\/mpppstweb\/"},{"@type":"ListItem","position":2,"name":"Viceministra Rosal\u00eda Zingales: Todos vamos a ejercer el derecho al voto es nuestro derecho constitucional"}]},{"@type":"WebSite","@id":"https:\/\/www.mpppst.gob.ve\/mpppstweb\/#website","url":"https:\/\/www.mpppst.gob.ve\/mpppstweb\/","name":"MPPPST","description":"Ministerio del Poder Popular para el Proceso Social de Trabajo","publisher":{"@id":"https:\/\/www.mpppst.gob.ve\/mpppstweb\/#organization"},"potentialAction":[{"@type":"SearchAction","target":{"@type":"EntryPoint","urlTemplate":"https:\/\/www.mpppst.gob.ve\/mpppstweb\/?s={search_term_string}"},"query-input":"required name=search_term_string"}],"inLanguage":"es"},{"@type":"Organization","@id":"https:\/\/www.mpppst.gob.ve\/mpppstweb\/#organization","name":"mpppst","url":"https:\/\/www.mpppst.gob.ve\/mpppstweb\/","logo":{"@type":"ImageObject","inLanguage":"es","@id":"https:\/\/www.mpppst.gob.ve\/mpppstweb\/#\/schema\/logo\/image\/","url":"https:\/\/www.mpppst.gob.ve\/mpppstweb\/wp-content\/uploads\/2025\/07\/cropped-cropped-g910.png","contentUrl":"https:\/\/www.mpppst.gob.ve\/mpppstweb\/wp-content\/uploads\/2025\/07\/cropped-cropped-g910.png","width":1080,"height":241,"caption":"mpppst"},"image":{"@id":"https:\/\/www.mpppst.gob.ve\/mpppstweb\/#\/schema\/logo\/image\/"}},{"@type":"Person","@id":"https:\/\/www.mpppst.gob.ve\/mpppstweb\/#\/schema\/person\/fc187ee8ead412bd4c9304b62f900ea4","name":"MPPPST Prensa","url":"https:\/\/www.mpppst.gob.ve\/mpppstweb\/index.php\/author\/prensa-mpppst\/"}]}},"_links":{"self":[{"href":"https:\/\/www.mpppst.gob.ve\/mpppstweb\/index.php\/wp-json\/wp\/v2\/posts\/26468"}],"collection":[{"href":"https:\/\/www.mpppst.gob.ve\/mpppstweb\/index.php\/wp-json\/wp\/v2\/posts"}],"about":[{"href":"https:\/\/www.mpppst.gob.ve\/mpppstweb\/index.php\/wp-json\/wp\/v2\/types\/post"}],"author":[{"embeddable":true,"href":"https:\/\/www.mpppst.gob.ve\/mpppstweb\/index.php\/wp-json\/wp\/v2\/users\/25"}],"replies":[{"embeddable":true,"href":"https:\/\/www.mpppst.gob.ve\/mpppstweb\/index.php\/wp-json\/wp\/v2\/comments?post=26468"}],"version-history":[{"count":1,"href":"https:\/\/www.mpppst.gob.ve\/mpppstweb\/index.php\/wp-json\/wp\/v2\/posts\/26468\/revisions"}],"predecessor-version":[{"id":26470,"href":"https:\/\/www.mpppst.gob.ve\/mpppstweb\/index.php\/wp-json\/wp\/v2\/posts\/26468\/revisions\/26470"}],"wp:featuredmedia":[{"embeddable":true,"href":"https:\/\/www.mpppst.gob.ve\/mpppstweb\/index.php\/wp-json\/wp\/v2\/media\/26469"}],"wp:attachment":[{"href":"https:\/\/www.mpppst.gob.ve\/mpppstweb\/index.php\/wp-json\/wp\/v2\/media?parent=26468"}],"wp:term":[{"taxonomy":"category","embeddable":true,"href":"https:\/\/www.mpppst.gob.ve\/mpppstweb\/index.php\/wp-json\/wp\/v2\/categories?post=26468"},{"taxonomy":"post_tag","embeddable":true,"href":"https:\/\/www.mpppst.gob.ve\/mpppstweb\/index.php\/wp-json\/wp\/v2\/tags?post=26468"}],"curies":[{"name":"wp","href":"https:\/\/api.w.org\/{rel}","templated":true}]}}