{"id":26471,"date":"2024-07-24T11:21:45","date_gmt":"2024-07-24T15:21:45","guid":{"rendered":"https:\/\/www.mpppst.gob.ve\/mpppstweb\/?p=26471"},"modified":"2024-07-24T11:21:46","modified_gmt":"2024-07-24T15:21:46","slug":"mega-toma-con-maduro-mas-deporte","status":"publish","type":"post","link":"https:\/\/www.mpppst.gob.ve\/mpppstweb\/index.php\/2024\/07\/24\/mega-toma-con-maduro-mas-deporte\/","title":{"rendered":"MPPPST e Incret, participaron en la Celebraci\u00f3n del D\u00eda del Ni\u00f1o junto a la Mega Toma Social, Deportiva, Recreativa y Cultural"},"content":{"rendered":"\n<p><strong>MPPPST, Caracas.-<\/strong> El <strong>Ministerio del Poder Popular para el Proceso Social de Trabajo (MPPPST)<\/strong>, form\u00f3 parte de la <strong>Mega Toma Social, Deportiva, Recreativa y Cultural, \u201cM\u00e1s Deporte con Maduro\u201d<\/strong> en honor al d\u00eda de las y los ni\u00f1os. El evento se celebr\u00f3 el pasado 21 de julio en la <strong>avenida Bol\u00edvar<\/strong> de <strong>Caracas<\/strong>.<\/p>\n\n\n\n<p>El <strong>MPPPST<\/strong>, junto con su ente adscrito <strong>Incret (Instituto Nacional de Capacitaci\u00f3n y Recreaci\u00f3n de los Trabajadores)<\/strong>, se dedicaron a animar a los m\u00e1s peque\u00f1os de la casa con din\u00e1micas, pintas caritas y globo magia, tambi\u00e9n camas el\u00e1sticas y colch\u00f3n inflable.<\/p>\n\n\n\n<p>La ciudadana <strong>Thais Ojeda<\/strong>, expres\u00f3 la importancia de estas actividades para los ni\u00f1os y ni\u00f1as, tambi\u00e9n afirm\u00f3 que, <em>\u201ces importante darles recreaci\u00f3n y esparcimiento sano a ellos (\u2026) Me ha parecido muy bien, excelente por el gobierno que deber\u00eda permanecer en el tiempo\u00bb<\/em>.<\/p>\n\n\n\n<p>Por su parte, el padre <strong>Kevin Bol\u00edvar<\/strong>, enfatiz\u00f3 que estos espacios de recreaci\u00f3n son importante para los m\u00e1s peque\u00f1os, por motivo que puede compartir y disfrutar de un momento sano y lleno de alegr\u00eda.<\/p>\n\n\n\n<p>Adem\u00e1s de contar con diferentes actividades, los ni\u00f1os y ni\u00f1as pod\u00eda disfrutar de actividades f\u00edsicas como, futbol sala, voleibol, paintball, entre otras; la zona gamer tambi\u00e9n se hizo presente con juegos digitales y virtuales, hubo participaci\u00f3n de los deportes extremos y de calle, e incluso la zona para los j\u00f3venes que desean participar en las Misiones y Grandes Misiones.<\/p>\n\n\n\n<p>El evento inici\u00f3 desde las 10:00 de la ma\u00f1ana y finaliz\u00f3 alrededor de las 5:00 p.m., donde todos los ni\u00f1os que asistieron pudieron disfrutar de un d\u00eda lleno de alegr\u00eda y emoci\u00f3n, adem\u00e1s de recibir su respectivo juguete y conocer todas las oportunidades recreativas que ofrecen los entes p\u00fablicos venezolanos.<\/p>\n\n\n\n<p><strong>Prensa MPPPST\/Rosa Brito<\/strong><\/p>\n","protected":false},"excerpt":{"rendered":"<p>El Ministerio del Poder Popular para el Proceso Social de Trabajo (MPPPST), form\u00f3 parte de la Mega Toma Social, Deportiva, Recreativa y Cultural, \u201cM\u00e1s Deporte con Maduro\u201d en honor al d\u00eda de las y los ni\u00f1os. El evento se celebr\u00f3 el pasado 21 de julio en la avenida Bol\u00edvar de Caracas<\/p>\n","protected":false},"author":25,"featured_media":26472,"comment_status":"closed","ping_status":"closed","sticky":false,"template":"","format":"standard","meta":{"footnotes":""},"categories":[1,360,163],"tags":[225,222,347,223,335],"yoast_head":"<!-- This site is optimized with the Yoast SEO plugin v22.5 - https:\/\/yoast.com\/wordpress\/plugins\/seo\/ -->\n<title>MPPPST e Incret, participaron en la Celebraci\u00f3n del D\u00eda del Ni\u00f1o junto a la Mega Toma Social, Deportiva, Recreativa y Cultural - MPPPST<\/title>\n<meta name=\"description\" content=\"El MPPPST, form\u00f3 parte de la Mega Toma Social, Deportiva, Recreativa y Cultural, M\u00e1s Deporte con Maduro en honor al d\u00eda del Ni\u00f1o\" \/>\n<meta name=\"robots\" content=\"index, follow, max-snippet:-1, max-image-preview:large, max-video-preview:-1\" \/>\n<link rel=\"canonical\" href=\"https:\/\/www.mpppst.gob.ve\/mpppstweb\/index.php\/2024\/07\/24\/mega-toma-con-maduro-mas-deporte\/\" \/>\n<meta property=\"og:locale\" content=\"es_ES\" \/>\n<meta property=\"og:type\" content=\"article\" \/>\n<meta property=\"og:title\" content=\"MPPPST e Incret, participaron en la Celebraci\u00f3n del D\u00eda del Ni\u00f1o junto a la Mega Toma Social, Deportiva, Recreativa y Cultural - MPPPST\" \/>\n<meta property=\"og:description\" content=\"El MPPPST, form\u00f3 parte de la Mega Toma Social, Deportiva, Recreativa y Cultural, M\u00e1s Deporte con Maduro en honor al d\u00eda del Ni\u00f1o\" \/>\n<meta property=\"og:url\" content=\"https:\/\/www.mpppst.gob.ve\/mpppstweb\/index.php\/2024\/07\/24\/mega-toma-con-maduro-mas-deporte\/\" \/>\n<meta property=\"og:site_name\" content=\"MPPPST\" \/>\n<meta property=\"article:published_time\" content=\"2024-07-24T15:21:45+00:00\" \/>\n<meta property=\"article:modified_time\" content=\"2024-07-24T15:21:46+00:00\" \/>\n<meta property=\"og:image\" content=\"https:\/\/www.mpppst.gob.ve\/mpppstweb\/wp-content\/uploads\/2024\/07\/WhatsApp-Image-2024-07-24-at-11.21.10-AM.jpeg\" \/>\n\t<meta property=\"og:image:width\" content=\"1080\" \/>\n\t<meta property=\"og:image:height\" content=\"608\" \/>\n\t<meta property=\"og:image:type\" content=\"image\/jpeg\" \/>\n<meta name=\"author\" content=\"MPPPST Prensa\" \/>\n<meta name=\"twitter:card\" content=\"summary_large_image\" \/>\n<meta name=\"twitter:label1\" content=\"Escrito por\" \/>\n\t<meta name=\"twitter:data1\" content=\"MPPPST Prensa\" \/>\n\t<meta name=\"twitter:label2\" content=\"Tiempo de lectura\" \/>\n\t<meta name=\"twitter:data2\" content=\"2 minutos\" \/>\n<script type=\"application\/ld+json\" class=\"yoast-schema-graph\">{\"@context\":\"https:\/\/schema.org\",\"@graph\":[{\"@type\":\"Article\",\"@id\":\"https:\/\/www.mpppst.gob.ve\/mpppstweb\/index.php\/2024\/07\/24\/mega-toma-con-maduro-mas-deporte\/#article\",\"isPartOf\":{\"@id\":\"https:\/\/www.mpppst.gob.ve\/mpppstweb\/index.php\/2024\/07\/24\/mega-toma-con-maduro-mas-deporte\/\"},\"author\":{\"name\":\"MPPPST Prensa\",\"@id\":\"https:\/\/www.mpppst.gob.ve\/mpppstweb\/#\/schema\/person\/fc187ee8ead412bd4c9304b62f900ea4\"},\"headline\":\"MPPPST e Incret, participaron en la Celebraci\u00f3n del D\u00eda del Ni\u00f1o junto a la Mega Toma Social, Deportiva, Recreativa y Cultural\",\"datePublished\":\"2024-07-24T15:21:45+00:00\",\"dateModified\":\"2024-07-24T15:21:46+00:00\",\"mainEntityOfPage\":{\"@id\":\"https:\/\/www.mpppst.gob.ve\/mpppstweb\/index.php\/2024\/07\/24\/mega-toma-con-maduro-mas-deporte\/\"},\"wordCount\":343,\"publisher\":{\"@id\":\"https:\/\/www.mpppst.gob.ve\/mpppstweb\/#organization\"},\"image\":{\"@id\":\"https:\/\/www.mpppst.gob.ve\/mpppstweb\/index.php\/2024\/07\/24\/mega-toma-con-maduro-mas-deporte\/#primaryimage\"},\"thumbnailUrl\":\"https:\/\/www.mpppst.gob.ve\/mpppstweb\/wp-content\/uploads\/2024\/07\/WhatsApp-Image-2024-07-24-at-11.21.10-AM.jpeg\",\"keywords\":[\"Fuerza Laboral\",\"Gobierno Bolivariano\",\"INCRET\",\"MPPPST\",\"Venezuela\"],\"articleSection\":[\"Grandes Misiones\",\"Movimientos Sociales\",\"Noticias\"],\"inLanguage\":\"es\"},{\"@type\":\"WebPage\",\"@id\":\"https:\/\/www.mpppst.gob.ve\/mpppstweb\/index.php\/2024\/07\/24\/mega-toma-con-maduro-mas-deporte\/\",\"url\":\"https:\/\/www.mpppst.gob.ve\/mpppstweb\/index.php\/2024\/07\/24\/mega-toma-con-maduro-mas-deporte\/\",\"name\":\"MPPPST e Incret, participaron en la Celebraci\u00f3n del D\u00eda del Ni\u00f1o junto a la Mega Toma Social, Deportiva, Recreativa y Cultural - MPPPST\",\"isPartOf\":{\"@id\":\"https:\/\/www.mpppst.gob.ve\/mpppstweb\/#website\"},\"primaryImageOfPage\":{\"@id\":\"https:\/\/www.mpppst.gob.ve\/mpppstweb\/index.php\/2024\/07\/24\/mega-toma-con-maduro-mas-deporte\/#primaryimage\"},\"image\":{\"@id\":\"https:\/\/www.mpppst.gob.ve\/mpppstweb\/index.php\/2024\/07\/24\/mega-toma-con-maduro-mas-deporte\/#primaryimage\"},\"thumbnailUrl\":\"https:\/\/www.mpppst.gob.ve\/mpppstweb\/wp-content\/uploads\/2024\/07\/WhatsApp-Image-2024-07-24-at-11.21.10-AM.jpeg\",\"datePublished\":\"2024-07-24T15:21:45+00:00\",\"dateModified\":\"2024-07-24T15:21:46+00:00\",\"description\":\"El MPPPST, form\u00f3 parte de la Mega Toma Social, Deportiva, Recreativa y Cultural, M\u00e1s Deporte con Maduro en honor al d\u00eda del Ni\u00f1o\",\"breadcrumb\":{\"@id\":\"https:\/\/www.mpppst.gob.ve\/mpppstweb\/index.php\/2024\/07\/24\/mega-toma-con-maduro-mas-deporte\/#breadcrumb\"},\"inLanguage\":\"es\",\"potentialAction\":[{\"@type\":\"ReadAction\",\"target\":[\"https:\/\/www.mpppst.gob.ve\/mpppstweb\/index.php\/2024\/07\/24\/mega-toma-con-maduro-mas-deporte\/\"]}]},{\"@type\":\"ImageObject\",\"inLanguage\":\"es\",\"@id\":\"https:\/\/www.mpppst.gob.ve\/mpppstweb\/index.php\/2024\/07\/24\/mega-toma-con-maduro-mas-deporte\/#primaryimage\",\"url\":\"https:\/\/www.mpppst.gob.ve\/mpppstweb\/wp-content\/uploads\/2024\/07\/WhatsApp-Image-2024-07-24-at-11.21.10-AM.jpeg\",\"contentUrl\":\"https:\/\/www.mpppst.gob.ve\/mpppstweb\/wp-content\/uploads\/2024\/07\/WhatsApp-Image-2024-07-24-at-11.21.10-AM.jpeg\",\"width\":1080,\"height\":608},{\"@type\":\"BreadcrumbList\",\"@id\":\"https:\/\/www.mpppst.gob.ve\/mpppstweb\/index.php\/2024\/07\/24\/mega-toma-con-maduro-mas-deporte\/#breadcrumb\",\"itemListElement\":[{\"@type\":\"ListItem\",\"position\":1,\"name\":\"Home\",\"item\":\"https:\/\/www.mpppst.gob.ve\/mpppstweb\/\"},{\"@type\":\"ListItem\",\"position\":2,\"name\":\"MPPPST e Incret, participaron en la Celebraci\u00f3n del D\u00eda del Ni\u00f1o junto a la Mega Toma Social, Deportiva, Recreativa y Cultural\"}]},{\"@type\":\"WebSite\",\"@id\":\"https:\/\/www.mpppst.gob.ve\/mpppstweb\/#website\",\"url\":\"https:\/\/www.mpppst.gob.ve\/mpppstweb\/\",\"name\":\"MPPPST\",\"description\":\"Ministerio del Poder Popular para el Proceso Social de Trabajo\",\"publisher\":{\"@id\":\"https:\/\/www.mpppst.gob.ve\/mpppstweb\/#organization\"},\"potentialAction\":[{\"@type\":\"SearchAction\",\"target\":{\"@type\":\"EntryPoint\",\"urlTemplate\":\"https:\/\/www.mpppst.gob.ve\/mpppstweb\/?s={search_term_string}\"},\"query-input\":\"required name=search_term_string\"}],\"inLanguage\":\"es\"},{\"@type\":\"Organization\",\"@id\":\"https:\/\/www.mpppst.gob.ve\/mpppstweb\/#organization\",\"name\":\"mpppst\",\"url\":\"https:\/\/www.mpppst.gob.ve\/mpppstweb\/\",\"logo\":{\"@type\":\"ImageObject\",\"inLanguage\":\"es\",\"@id\":\"https:\/\/www.mpppst.gob.ve\/mpppstweb\/#\/schema\/logo\/image\/\",\"url\":\"https:\/\/www.mpppst.gob.ve\/mpppstweb\/wp-content\/uploads\/2025\/07\/cropped-cropped-g910.png\",\"contentUrl\":\"https:\/\/www.mpppst.gob.ve\/mpppstweb\/wp-content\/uploads\/2025\/07\/cropped-cropped-g910.png\",\"width\":1080,\"height\":241,\"caption\":\"mpppst\"},\"image\":{\"@id\":\"https:\/\/www.mpppst.gob.ve\/mpppstweb\/#\/schema\/logo\/image\/\"}},{\"@type\":\"Person\",\"@id\":\"https:\/\/www.mpppst.gob.ve\/mpppstweb\/#\/schema\/person\/fc187ee8ead412bd4c9304b62f900ea4\",\"name\":\"MPPPST Prensa\",\"url\":\"https:\/\/www.mpppst.gob.ve\/mpppstweb\/index.php\/author\/prensa-mpppst\/\"}]}<\/script>\n<!-- \/ Yoast SEO plugin. -->","yoast_head_json":{"title":"MPPPST e Incret, participaron en la Celebraci\u00f3n del D\u00eda del Ni\u00f1o junto a la Mega Toma Social, Deportiva, Recreativa y Cultural - MPPPST","description":"El MPPPST, form\u00f3 parte de la Mega Toma Social, Deportiva, Recreativa y Cultural, M\u00e1s Deporte con Maduro en honor al d\u00eda del Ni\u00f1o","robots":{"index":"index","follow":"follow","max-snippet":"max-snippet:-1","max-image-preview":"max-image-preview:large","max-video-preview":"max-video-preview:-1"},"canonical":"https:\/\/www.mpppst.gob.ve\/mpppstweb\/index.php\/2024\/07\/24\/mega-toma-con-maduro-mas-deporte\/","og_locale":"es_ES","og_type":"article","og_title":"MPPPST e Incret, participaron en la Celebraci\u00f3n del D\u00eda del Ni\u00f1o junto a la Mega Toma Social, Deportiva, Recreativa y Cultural - MPPPST","og_description":"El MPPPST, form\u00f3 parte de la Mega Toma Social, Deportiva, Recreativa y Cultural, M\u00e1s Deporte con Maduro en honor al d\u00eda del Ni\u00f1o","og_url":"https:\/\/www.mpppst.gob.ve\/mpppstweb\/index.php\/2024\/07\/24\/mega-toma-con-maduro-mas-deporte\/","og_site_name":"MPPPST","article_published_time":"2024-07-24T15:21:45+00:00","article_modified_time":"2024-07-24T15:21:46+00:00","og_image":[{"width":1080,"height":608,"url":"https:\/\/www.mpppst.gob.ve\/mpppstweb\/wp-content\/uploads\/2024\/07\/WhatsApp-Image-2024-07-24-at-11.21.10-AM.jpeg","type":"image\/jpeg"}],"author":"MPPPST Prensa","twitter_card":"summary_large_image","twitter_misc":{"Escrito por":"MPPPST Prensa","Tiempo de lectura":"2 minutos"},"schema":{"@context":"https:\/\/schema.org","@graph":[{"@type":"Article","@id":"https:\/\/www.mpppst.gob.ve\/mpppstweb\/index.php\/2024\/07\/24\/mega-toma-con-maduro-mas-deporte\/#article","isPartOf":{"@id":"https:\/\/www.mpppst.gob.ve\/mpppstweb\/index.php\/2024\/07\/24\/mega-toma-con-maduro-mas-deporte\/"},"author":{"name":"MPPPST Prensa","@id":"https:\/\/www.mpppst.gob.ve\/mpppstweb\/#\/schema\/person\/fc187ee8ead412bd4c9304b62f900ea4"},"headline":"MPPPST e Incret, participaron en la Celebraci\u00f3n del D\u00eda del Ni\u00f1o junto a la Mega Toma Social, Deportiva, Recreativa y Cultural","datePublished":"2024-07-24T15:21:45+00:00","dateModified":"2024-07-24T15:21:46+00:00","mainEntityOfPage":{"@id":"https:\/\/www.mpppst.gob.ve\/mpppstweb\/index.php\/2024\/07\/24\/mega-toma-con-maduro-mas-deporte\/"},"wordCount":343,"publisher":{"@id":"https:\/\/www.mpppst.gob.ve\/mpppstweb\/#organization"},"image":{"@id":"https:\/\/www.mpppst.gob.ve\/mpppstweb\/index.php\/2024\/07\/24\/mega-toma-con-maduro-mas-deporte\/#primaryimage"},"thumbnailUrl":"https:\/\/www.mpppst.gob.ve\/mpppstweb\/wp-content\/uploads\/2024\/07\/WhatsApp-Image-2024-07-24-at-11.21.10-AM.jpeg","keywords":["Fuerza Laboral","Gobierno Bolivariano","INCRET","MPPPST","Venezuela"],"articleSection":["Grandes Misiones","Movimientos Sociales","Noticias"],"inLanguage":"es"},{"@type":"WebPage","@id":"https:\/\/www.mpppst.gob.ve\/mpppstweb\/index.php\/2024\/07\/24\/mega-toma-con-maduro-mas-deporte\/","url":"https:\/\/www.mpppst.gob.ve\/mpppstweb\/index.php\/2024\/07\/24\/mega-toma-con-maduro-mas-deporte\/","name":"MPPPST e Incret, participaron en la Celebraci\u00f3n del D\u00eda del Ni\u00f1o junto a la Mega Toma Social, Deportiva, Recreativa y Cultural - MPPPST","isPartOf":{"@id":"https:\/\/www.mpppst.gob.ve\/mpppstweb\/#website"},"primaryImageOfPage":{"@id":"https:\/\/www.mpppst.gob.ve\/mpppstweb\/index.php\/2024\/07\/24\/mega-toma-con-maduro-mas-deporte\/#primaryimage"},"image":{"@id":"https:\/\/www.mpppst.gob.ve\/mpppstweb\/index.php\/2024\/07\/24\/mega-toma-con-maduro-mas-deporte\/#primaryimage"},"thumbnailUrl":"https:\/\/www.mpppst.gob.ve\/mpppstweb\/wp-content\/uploads\/2024\/07\/WhatsApp-Image-2024-07-24-at-11.21.10-AM.jpeg","datePublished":"2024-07-24T15:21:45+00:00","dateModified":"2024-07-24T15:21:46+00:00","description":"El MPPPST, form\u00f3 parte de la Mega Toma Social, Deportiva, Recreativa y Cultural, M\u00e1s Deporte con Maduro en honor al d\u00eda del Ni\u00f1o","breadcrumb":{"@id":"https:\/\/www.mpppst.gob.ve\/mpppstweb\/index.php\/2024\/07\/24\/mega-toma-con-maduro-mas-deporte\/#breadcrumb"},"inLanguage":"es","potentialAction":[{"@type":"ReadAction","target":["https:\/\/www.mpppst.gob.ve\/mpppstweb\/index.php\/2024\/07\/24\/mega-toma-con-maduro-mas-deporte\/"]}]},{"@type":"ImageObject","inLanguage":"es","@id":"https:\/\/www.mpppst.gob.ve\/mpppstweb\/index.php\/2024\/07\/24\/mega-toma-con-maduro-mas-deporte\/#primaryimage","url":"https:\/\/www.mpppst.gob.ve\/mpppstweb\/wp-content\/uploads\/2024\/07\/WhatsApp-Image-2024-07-24-at-11.21.10-AM.jpeg","contentUrl":"https:\/\/www.mpppst.gob.ve\/mpppstweb\/wp-content\/uploads\/2024\/07\/WhatsApp-Image-2024-07-24-at-11.21.10-AM.jpeg","width":1080,"height":608},{"@type":"BreadcrumbList","@id":"https:\/\/www.mpppst.gob.ve\/mpppstweb\/index.php\/2024\/07\/24\/mega-toma-con-maduro-mas-deporte\/#breadcrumb","itemListElement":[{"@type":"ListItem","position":1,"name":"Home","item":"https:\/\/www.mpppst.gob.ve\/mpppstweb\/"},{"@type":"ListItem","position":2,"name":"MPPPST e Incret, participaron en la Celebraci\u00f3n del D\u00eda del Ni\u00f1o junto a la Mega Toma Social, Deportiva, Recreativa y Cultural"}]},{"@type":"WebSite","@id":"https:\/\/www.mpppst.gob.ve\/mpppstweb\/#website","url":"https:\/\/www.mpppst.gob.ve\/mpppstweb\/","name":"MPPPST","description":"Ministerio del Poder Popular para el Proceso Social de Trabajo","publisher":{"@id":"https:\/\/www.mpppst.gob.ve\/mpppstweb\/#organization"},"potentialAction":[{"@type":"SearchAction","target":{"@type":"EntryPoint","urlTemplate":"https:\/\/www.mpppst.gob.ve\/mpppstweb\/?s={search_term_string}"},"query-input":"required name=search_term_string"}],"inLanguage":"es"},{"@type":"Organization","@id":"https:\/\/www.mpppst.gob.ve\/mpppstweb\/#organization","name":"mpppst","url":"https:\/\/www.mpppst.gob.ve\/mpppstweb\/","logo":{"@type":"ImageObject","inLanguage":"es","@id":"https:\/\/www.mpppst.gob.ve\/mpppstweb\/#\/schema\/logo\/image\/","url":"https:\/\/www.mpppst.gob.ve\/mpppstweb\/wp-content\/uploads\/2025\/07\/cropped-cropped-g910.png","contentUrl":"https:\/\/www.mpppst.gob.ve\/mpppstweb\/wp-content\/uploads\/2025\/07\/cropped-cropped-g910.png","width":1080,"height":241,"caption":"mpppst"},"image":{"@id":"https:\/\/www.mpppst.gob.ve\/mpppstweb\/#\/schema\/logo\/image\/"}},{"@type":"Person","@id":"https:\/\/www.mpppst.gob.ve\/mpppstweb\/#\/schema\/person\/fc187ee8ead412bd4c9304b62f900ea4","name":"MPPPST Prensa","url":"https:\/\/www.mpppst.gob.ve\/mpppstweb\/index.php\/author\/prensa-mpppst\/"}]}},"_links":{"self":[{"href":"https:\/\/www.mpppst.gob.ve\/mpppstweb\/index.php\/wp-json\/wp\/v2\/posts\/26471"}],"collection":[{"href":"https:\/\/www.mpppst.gob.ve\/mpppstweb\/index.php\/wp-json\/wp\/v2\/posts"}],"about":[{"href":"https:\/\/www.mpppst.gob.ve\/mpppstweb\/index.php\/wp-json\/wp\/v2\/types\/post"}],"author":[{"embeddable":true,"href":"https:\/\/www.mpppst.gob.ve\/mpppstweb\/index.php\/wp-json\/wp\/v2\/users\/25"}],"replies":[{"embeddable":true,"href":"https:\/\/www.mpppst.gob.ve\/mpppstweb\/index.php\/wp-json\/wp\/v2\/comments?post=26471"}],"version-history":[{"count":1,"href":"https:\/\/www.mpppst.gob.ve\/mpppstweb\/index.php\/wp-json\/wp\/v2\/posts\/26471\/revisions"}],"predecessor-version":[{"id":26473,"href":"https:\/\/www.mpppst.gob.ve\/mpppstweb\/index.php\/wp-json\/wp\/v2\/posts\/26471\/revisions\/26473"}],"wp:featuredmedia":[{"embeddable":true,"href":"https:\/\/www.mpppst.gob.ve\/mpppstweb\/index.php\/wp-json\/wp\/v2\/media\/26472"}],"wp:attachment":[{"href":"https:\/\/www.mpppst.gob.ve\/mpppstweb\/index.php\/wp-json\/wp\/v2\/media?parent=26471"}],"wp:term":[{"taxonomy":"category","embeddable":true,"href":"https:\/\/www.mpppst.gob.ve\/mpppstweb\/index.php\/wp-json\/wp\/v2\/categories?post=26471"},{"taxonomy":"post_tag","embeddable":true,"href":"https:\/\/www.mpppst.gob.ve\/mpppstweb\/index.php\/wp-json\/wp\/v2\/tags?post=26471"}],"curies":[{"name":"wp","href":"https:\/\/api.w.org\/{rel}","templated":true}]}}