{"id":26493,"date":"2024-08-03T11:09:28","date_gmt":"2024-08-03T15:09:28","guid":{"rendered":"https:\/\/www.mpppst.gob.ve\/mpppstweb\/?p=26493"},"modified":"2024-08-03T11:09:29","modified_gmt":"2024-08-03T15:09:29","slug":"conmemoracion","status":"publish","type":"post","link":"https:\/\/www.mpppst.gob.ve\/mpppstweb\/index.php\/2024\/08\/03\/conmemoracion\/","title":{"rendered":"Venezuela honra y conmemora el Dia de la Bandera Nacional"},"content":{"rendered":"\n<p class=\"wp-block-paragraph\"><strong>(Prensa MPPPST)<\/strong>.- Conmemoramos con satisfacci\u00f3n el <strong>D\u00eda de la bandera en Venezuela<\/strong>, d\u00f3nde recordamos con orgullo, emoci\u00f3n e importancia honrar la memoria y el legado de nuestros h\u00e9roes y hero\u00ednas que lucharon por la libertad y la independencia de nuestra naci\u00f3n. <\/p>\n\n\n\n<p class=\"wp-block-paragraph\">Se homenajea un hito importante en la historia venezolana, el cual fue la aprobaci\u00f3n de la octava estrella en nuestro tricolor nacional hace<strong> 18 a\u00f1os<\/strong> , d\u00f3nde est\u00e1 modificaci\u00f3n, impulsada por el comandante Eterno, <strong>Hugo Ch\u00e1vez Fr\u00edas<\/strong> , representa la lucha y la resistencia del pueblo venezolano en busca de justicia e igualdad.<\/p>\n\n\n\n<p class=\"wp-block-paragraph\"> <em>\u201c\u00a118 a\u00f1os de la 8va estrella en la bandera nacional! Aprobada por la AN, fue una propuesta del Cmdte. Ch\u00e1vez, que reivindic\u00f3 el decreto de nuestro Padre Bol\u00edvar en reconocimiento a la tierra rebelde de Guayana. Hoy m\u00e1s que nunca, la defendemos como s\u00edmbolo sagrado de la historia\u201d<\/em>-Afirmo el jefe de Estado <strong>Nicol\u00e1s Maduro Moros<\/strong>.<\/p>\n\n\n\n<figure class=\"wp-block-image size-full is-resized\"><a href=\"https:\/\/www.mpppst.gob.ve\/mpppstweb\/wp-content\/uploads\/2024\/08\/photo_5003560793475755308_x.jpg\"><img loading=\"lazy\" decoding=\"async\" width=\"640\" height=\"424\" src=\"https:\/\/www.mpppst.gob.ve\/mpppstweb\/wp-content\/uploads\/2024\/08\/photo_5003560793475755308_x.jpg\" alt=\"\" class=\"wp-image-26495\" style=\"aspect-ratio:1.509433962264151;width:790px;height:auto\" srcset=\"https:\/\/www.mpppst.gob.ve\/mpppstweb\/wp-content\/uploads\/2024\/08\/photo_5003560793475755308_x.jpg 640w, https:\/\/www.mpppst.gob.ve\/mpppstweb\/wp-content\/uploads\/2024\/08\/photo_5003560793475755308_x-300x199.jpg 300w\" sizes=\"auto, (max-width: 640px) 100vw, 640px\" \/><\/a><\/figure>\n\n\n\n<p class=\"wp-block-paragraph\"> La octava estrella, simboliza la importancia de avanzar hacia una sociedad m\u00e1s inclusiva y equitativa, recordando con orgullo el significado de este s\u00edmbolo nacional, reafirmando nuestro compromiso de seguir trabajando juntos por un futuro mejor y m\u00e1s justo para el pueblo.<\/p>\n\n\n\n<p class=\"wp-block-paragraph\"> La franja azul lleva un arco de ocho estrellas blancas, que representa a las ocho provincias que firmaron el acta de independencia, Caracas, Cuman\u00e1, Barcelona, Barinas, Guayana, Margarita, M\u00e9rida y Trujillo, el amarillo las riquezas venezolanas, el azul al Mar Caribe que nos rodea en nuestro territorio y el rojo representa la sangre derramada en las luchas por la independencia Venezolana. <\/p>\n\n\n\n<p class=\"wp-block-paragraph\">Este d\u00eda, nos recuerda el legado revolucionario de la gloria del pueblo aguerrido que hist\u00f3ricamente ha luchado por su libertad y por el orgullo de reconocernos como la patria libre y soberana.<strong>(Fin.\/Andrea Gonz\u00e1lez Prensa MPPPST).<\/strong><\/p>\n\n\n\n<p class=\"wp-block-paragraph\"><\/p>\n","protected":false},"excerpt":{"rendered":"<p>(Prensa MPPPST).- Conmemoramos con satisfacci\u00f3n el D\u00eda de la bandera en Venezuela, d\u00f3nde recordamos con orgullo, &hellip; <a title=\"Venezuela honra y conmemora el Dia de la Bandera Nacional\" class=\"hm-read-more\" href=\"https:\/\/www.mpppst.gob.ve\/mpppstweb\/index.php\/2024\/08\/03\/conmemoracion\/\"><span class=\"screen-reader-text\">Venezuela honra y conmemora el Dia de la Bandera Nacional<\/span>Leer m\u00e1s<\/a><\/p>\n","protected":false},"author":25,"featured_media":26494,"comment_status":"closed","ping_status":"closed","sticky":false,"template":"","format":"standard","meta":{"footnotes":""},"categories":[82,163],"tags":[823,824,222,341,240,285,335],"class_list":["post-26493","post","type-post","status-publish","format-standard","has-post-thumbnail","hentry","category-gobierno-nacional","category-noticias","tag-conmemoracion","tag-conmemoracion-del-dia-de-la-bandera","tag-gobierno-bolivariano","tag-nicolas-maduro","tag-participacion-popular-y-protagonica","tag-presidente-maduro","tag-venezuela"],"yoast_head":"<!-- This site is optimized with the Yoast SEO plugin v28.4 - https:\/\/yoast.com\/product\/yoast-seo-wordpress\/ -->\n<title>Venezuela honra y conmemora el Dia de la Bandera Nacional - MPPPST<\/title>\n<meta name=\"description\" content=\"D\u00eda de la bandera en Venezuela, d\u00f3nde recordamos la importancia del legado de nuestros h\u00e9roes que lucharon por la independencia.\" \/>\n<meta name=\"robots\" content=\"index, follow, max-snippet:-1, max-image-preview:large, max-video-preview:-1\" \/>\n<link rel=\"canonical\" href=\"https:\/\/www.mpppst.gob.ve\/mpppstweb\/index.php\/2024\/08\/03\/conmemoracion\/\" \/>\n<meta property=\"og:locale\" content=\"es_ES\" \/>\n<meta property=\"og:type\" content=\"article\" \/>\n<meta property=\"og:title\" content=\"Venezuela honra y conmemora el Dia de la Bandera Nacional - MPPPST\" \/>\n<meta property=\"og:description\" content=\"D\u00eda de la bandera en Venezuela, d\u00f3nde recordamos la importancia del legado de nuestros h\u00e9roes que lucharon por la independencia.\" \/>\n<meta property=\"og:url\" content=\"https:\/\/www.mpppst.gob.ve\/mpppstweb\/index.php\/2024\/08\/03\/conmemoracion\/\" \/>\n<meta property=\"og:site_name\" content=\"MPPPST\" \/>\n<meta property=\"article:publisher\" content=\"https:\/\/www.facebook.com\/mintrabajo_ve\" \/>\n<meta property=\"article:published_time\" content=\"2024-08-03T15:09:28+00:00\" \/>\n<meta property=\"article:modified_time\" content=\"2024-08-03T15:09:29+00:00\" \/>\n<meta property=\"og:image\" content=\"https:\/\/www.mpppst.gob.ve\/mpppstweb\/wp-content\/uploads\/2024\/08\/photo_5003560793475755307_y.jpg\" \/>\n\t<meta property=\"og:image:width\" content=\"950\" \/>\n\t<meta property=\"og:image:height\" content=\"468\" \/>\n\t<meta property=\"og:image:type\" content=\"image\/jpeg\" \/>\n<meta name=\"author\" content=\"MPPPST Prensa\" \/>\n<meta name=\"twitter:card\" content=\"summary_large_image\" \/>\n<script type=\"application\/ld+json\" class=\"yoast-schema-graph\">{\"@context\":\"https:\\\/\\\/schema.org\",\"@graph\":[{\"@type\":\"Article\",\"@id\":\"https:\\\/\\\/www.mpppst.gob.ve\\\/mpppstweb\\\/index.php\\\/2024\\\/08\\\/03\\\/conmemoracion\\\/#article\",\"isPartOf\":{\"@id\":\"https:\\\/\\\/www.mpppst.gob.ve\\\/mpppstweb\\\/index.php\\\/2024\\\/08\\\/03\\\/conmemoracion\\\/\"},\"author\":{\"name\":\"MPPPST Prensa\",\"@id\":\"https:\\\/\\\/www.mpppst.gob.ve\\\/mpppstweb\\\/#\\\/schema\\\/person\\\/fc187ee8ead412bd4c9304b62f900ea4\"},\"headline\":\"Venezuela honra y conmemora el Dia de la Bandera Nacional\",\"datePublished\":\"2024-08-03T15:09:28+00:00\",\"dateModified\":\"2024-08-03T15:09:29+00:00\",\"mainEntityOfPage\":{\"@id\":\"https:\\\/\\\/www.mpppst.gob.ve\\\/mpppstweb\\\/index.php\\\/2024\\\/08\\\/03\\\/conmemoracion\\\/\"},\"wordCount\":322,\"publisher\":{\"@id\":\"https:\\\/\\\/www.mpppst.gob.ve\\\/mpppstweb\\\/#organization\"},\"image\":{\"@id\":\"https:\\\/\\\/www.mpppst.gob.ve\\\/mpppstweb\\\/index.php\\\/2024\\\/08\\\/03\\\/conmemoracion\\\/#primaryimage\"},\"thumbnailUrl\":\"https:\\\/\\\/www.mpppst.gob.ve\\\/mpppstweb\\\/wp-content\\\/uploads\\\/2024\\\/08\\\/photo_5003560793475755307_y.jpg\",\"keywords\":[\"Conmemoraci\u00f3n\",\"Conmemoraci\u00f3n del Dia de la Bandera\",\"Gobierno Bolivariano\",\"Nicol\u00e1s Maduro\",\"Participaci\u00f3n popular y protag\u00f3nica\",\"Presidente Maduro\",\"Venezuela\"],\"articleSection\":[\"Gobierno Nacional\",\"Noticias\"],\"inLanguage\":\"es\"},{\"@type\":\"WebPage\",\"@id\":\"https:\\\/\\\/www.mpppst.gob.ve\\\/mpppstweb\\\/index.php\\\/2024\\\/08\\\/03\\\/conmemoracion\\\/\",\"url\":\"https:\\\/\\\/www.mpppst.gob.ve\\\/mpppstweb\\\/index.php\\\/2024\\\/08\\\/03\\\/conmemoracion\\\/\",\"name\":\"Venezuela honra y conmemora el Dia de la Bandera Nacional - MPPPST\",\"isPartOf\":{\"@id\":\"https:\\\/\\\/www.mpppst.gob.ve\\\/mpppstweb\\\/#website\"},\"primaryImageOfPage\":{\"@id\":\"https:\\\/\\\/www.mpppst.gob.ve\\\/mpppstweb\\\/index.php\\\/2024\\\/08\\\/03\\\/conmemoracion\\\/#primaryimage\"},\"image\":{\"@id\":\"https:\\\/\\\/www.mpppst.gob.ve\\\/mpppstweb\\\/index.php\\\/2024\\\/08\\\/03\\\/conmemoracion\\\/#primaryimage\"},\"thumbnailUrl\":\"https:\\\/\\\/www.mpppst.gob.ve\\\/mpppstweb\\\/wp-content\\\/uploads\\\/2024\\\/08\\\/photo_5003560793475755307_y.jpg\",\"datePublished\":\"2024-08-03T15:09:28+00:00\",\"dateModified\":\"2024-08-03T15:09:29+00:00\",\"description\":\"D\u00eda de la bandera en Venezuela, d\u00f3nde recordamos la importancia del legado de nuestros h\u00e9roes que lucharon por la independencia.\",\"breadcrumb\":{\"@id\":\"https:\\\/\\\/www.mpppst.gob.ve\\\/mpppstweb\\\/index.php\\\/2024\\\/08\\\/03\\\/conmemoracion\\\/#breadcrumb\"},\"inLanguage\":\"es\",\"potentialAction\":[{\"@type\":\"ReadAction\",\"target\":[\"https:\\\/\\\/www.mpppst.gob.ve\\\/mpppstweb\\\/index.php\\\/2024\\\/08\\\/03\\\/conmemoracion\\\/\"]}]},{\"@type\":\"ImageObject\",\"inLanguage\":\"es\",\"@id\":\"https:\\\/\\\/www.mpppst.gob.ve\\\/mpppstweb\\\/index.php\\\/2024\\\/08\\\/03\\\/conmemoracion\\\/#primaryimage\",\"url\":\"https:\\\/\\\/www.mpppst.gob.ve\\\/mpppstweb\\\/wp-content\\\/uploads\\\/2024\\\/08\\\/photo_5003560793475755307_y.jpg\",\"contentUrl\":\"https:\\\/\\\/www.mpppst.gob.ve\\\/mpppstweb\\\/wp-content\\\/uploads\\\/2024\\\/08\\\/photo_5003560793475755307_y.jpg\",\"width\":950,\"height\":468,\"caption\":\"Conmemoramos con satisfacci\u00f3n el D\u00eda de la bandera en Venezuela, d\u00f3nde recordamos con orgullo, emoci\u00f3n e importancia honrar la memoria y el legado de nuestros h\u00e9roes y hero\u00ednas que lucharon por la libertad y la independencia de nuestra naci\u00f3n.\"},{\"@type\":\"BreadcrumbList\",\"@id\":\"https:\\\/\\\/www.mpppst.gob.ve\\\/mpppstweb\\\/index.php\\\/2024\\\/08\\\/03\\\/conmemoracion\\\/#breadcrumb\",\"itemListElement\":[{\"@type\":\"ListItem\",\"position\":1,\"name\":\"Home\",\"item\":\"https:\\\/\\\/www.mpppst.gob.ve\\\/mpppstweb\\\/\"},{\"@type\":\"ListItem\",\"position\":2,\"name\":\"Venezuela honra y conmemora el Dia de la Bandera Nacional\"}]},{\"@type\":\"WebSite\",\"@id\":\"https:\\\/\\\/www.mpppst.gob.ve\\\/mpppstweb\\\/#website\",\"url\":\"https:\\\/\\\/www.mpppst.gob.ve\\\/mpppstweb\\\/\",\"name\":\"MPPPST\",\"description\":\"Sitio web oficial del Ministerio del Poder Popular para el Proceso Social de Trabajo\",\"publisher\":{\"@id\":\"https:\\\/\\\/www.mpppst.gob.ve\\\/mpppstweb\\\/#organization\"},\"alternateName\":\"Ministerio del Poder Popular para el Proceso Social de Trabajo\",\"potentialAction\":[{\"@type\":\"SearchAction\",\"target\":{\"@type\":\"EntryPoint\",\"urlTemplate\":\"https:\\\/\\\/www.mpppst.gob.ve\\\/mpppstweb\\\/?s={search_term_string}\"},\"query-input\":{\"@type\":\"PropertyValueSpecification\",\"valueRequired\":true,\"valueName\":\"search_term_string\"}}],\"inLanguage\":\"es\"},{\"@type\":\"Organization\",\"@id\":\"https:\\\/\\\/www.mpppst.gob.ve\\\/mpppstweb\\\/#organization\",\"name\":\"Ministerio del Poder Popular para el Proceso Social de Trabajo\",\"alternateName\":\"MPPPST\",\"url\":\"https:\\\/\\\/www.mpppst.gob.ve\\\/mpppstweb\\\/\",\"logo\":{\"@type\":\"ImageObject\",\"inLanguage\":\"es\",\"@id\":\"https:\\\/\\\/www.mpppst.gob.ve\\\/mpppstweb\\\/#\\\/schema\\\/logo\\\/image\\\/\",\"url\":\"https:\\\/\\\/www.mpppst.gob.ve\\\/mpppstweb\\\/wp-content\\\/uploads\\\/2025\\\/07\\\/cropped-cropped-g910.png\",\"contentUrl\":\"https:\\\/\\\/www.mpppst.gob.ve\\\/mpppstweb\\\/wp-content\\\/uploads\\\/2025\\\/07\\\/cropped-cropped-g910.png\",\"width\":1080,\"height\":241,\"caption\":\"Ministerio del Poder Popular para el Proceso Social de Trabajo\"},\"image\":{\"@id\":\"https:\\\/\\\/www.mpppst.gob.ve\\\/mpppstweb\\\/#\\\/schema\\\/logo\\\/image\\\/\"},\"sameAs\":[\"https:\\\/\\\/www.facebook.com\\\/mintrabajo_ve\",\"https:\\\/\\\/www.instagram.com\\\/mintrabajo_ve\\\/\",\"https:\\\/\\\/www.tiktok.com\\\/@mintrabajo_ve\",\"https:\\\/\\\/t.me\\\/mpppst\"]},{\"@type\":\"Person\",\"@id\":\"https:\\\/\\\/www.mpppst.gob.ve\\\/mpppstweb\\\/#\\\/schema\\\/person\\\/fc187ee8ead412bd4c9304b62f900ea4\",\"name\":\"MPPPST Prensa\",\"url\":\"https:\\\/\\\/www.mpppst.gob.ve\\\/mpppstweb\\\/index.php\\\/author\\\/prensa-mpppst\\\/\"}]}<\/script>\n<!-- \/ Yoast SEO plugin. -->","yoast_head_json":{"title":"Venezuela honra y conmemora el Dia de la Bandera Nacional - MPPPST","description":"D\u00eda de la bandera en Venezuela, d\u00f3nde recordamos la importancia del legado de nuestros h\u00e9roes que lucharon por la independencia.","robots":{"index":"index","follow":"follow","max-snippet":"max-snippet:-1","max-image-preview":"max-image-preview:large","max-video-preview":"max-video-preview:-1"},"canonical":"https:\/\/www.mpppst.gob.ve\/mpppstweb\/index.php\/2024\/08\/03\/conmemoracion\/","og_locale":"es_ES","og_type":"article","og_title":"Venezuela honra y conmemora el Dia de la Bandera Nacional - MPPPST","og_description":"D\u00eda de la bandera en Venezuela, d\u00f3nde recordamos la importancia del legado de nuestros h\u00e9roes que lucharon por la independencia.","og_url":"https:\/\/www.mpppst.gob.ve\/mpppstweb\/index.php\/2024\/08\/03\/conmemoracion\/","og_site_name":"MPPPST","article_publisher":"https:\/\/www.facebook.com\/mintrabajo_ve","article_published_time":"2024-08-03T15:09:28+00:00","article_modified_time":"2024-08-03T15:09:29+00:00","og_image":[{"width":950,"height":468,"url":"https:\/\/www.mpppst.gob.ve\/mpppstweb\/wp-content\/uploads\/2024\/08\/photo_5003560793475755307_y.jpg","type":"image\/jpeg"}],"author":"MPPPST Prensa","twitter_card":"summary_large_image","schema":{"@context":"https:\/\/schema.org","@graph":[{"@type":"Article","@id":"https:\/\/www.mpppst.gob.ve\/mpppstweb\/index.php\/2024\/08\/03\/conmemoracion\/#article","isPartOf":{"@id":"https:\/\/www.mpppst.gob.ve\/mpppstweb\/index.php\/2024\/08\/03\/conmemoracion\/"},"author":{"name":"MPPPST Prensa","@id":"https:\/\/www.mpppst.gob.ve\/mpppstweb\/#\/schema\/person\/fc187ee8ead412bd4c9304b62f900ea4"},"headline":"Venezuela honra y conmemora el Dia de la Bandera Nacional","datePublished":"2024-08-03T15:09:28+00:00","dateModified":"2024-08-03T15:09:29+00:00","mainEntityOfPage":{"@id":"https:\/\/www.mpppst.gob.ve\/mpppstweb\/index.php\/2024\/08\/03\/conmemoracion\/"},"wordCount":322,"publisher":{"@id":"https:\/\/www.mpppst.gob.ve\/mpppstweb\/#organization"},"image":{"@id":"https:\/\/www.mpppst.gob.ve\/mpppstweb\/index.php\/2024\/08\/03\/conmemoracion\/#primaryimage"},"thumbnailUrl":"https:\/\/www.mpppst.gob.ve\/mpppstweb\/wp-content\/uploads\/2024\/08\/photo_5003560793475755307_y.jpg","keywords":["Conmemoraci\u00f3n","Conmemoraci\u00f3n del Dia de la Bandera","Gobierno Bolivariano","Nicol\u00e1s Maduro","Participaci\u00f3n popular y protag\u00f3nica","Presidente Maduro","Venezuela"],"articleSection":["Gobierno Nacional","Noticias"],"inLanguage":"es"},{"@type":"WebPage","@id":"https:\/\/www.mpppst.gob.ve\/mpppstweb\/index.php\/2024\/08\/03\/conmemoracion\/","url":"https:\/\/www.mpppst.gob.ve\/mpppstweb\/index.php\/2024\/08\/03\/conmemoracion\/","name":"Venezuela honra y conmemora el Dia de la Bandera Nacional - MPPPST","isPartOf":{"@id":"https:\/\/www.mpppst.gob.ve\/mpppstweb\/#website"},"primaryImageOfPage":{"@id":"https:\/\/www.mpppst.gob.ve\/mpppstweb\/index.php\/2024\/08\/03\/conmemoracion\/#primaryimage"},"image":{"@id":"https:\/\/www.mpppst.gob.ve\/mpppstweb\/index.php\/2024\/08\/03\/conmemoracion\/#primaryimage"},"thumbnailUrl":"https:\/\/www.mpppst.gob.ve\/mpppstweb\/wp-content\/uploads\/2024\/08\/photo_5003560793475755307_y.jpg","datePublished":"2024-08-03T15:09:28+00:00","dateModified":"2024-08-03T15:09:29+00:00","description":"D\u00eda de la bandera en Venezuela, d\u00f3nde recordamos la importancia del legado de nuestros h\u00e9roes que lucharon por la independencia.","breadcrumb":{"@id":"https:\/\/www.mpppst.gob.ve\/mpppstweb\/index.php\/2024\/08\/03\/conmemoracion\/#breadcrumb"},"inLanguage":"es","potentialAction":[{"@type":"ReadAction","target":["https:\/\/www.mpppst.gob.ve\/mpppstweb\/index.php\/2024\/08\/03\/conmemoracion\/"]}]},{"@type":"ImageObject","inLanguage":"es","@id":"https:\/\/www.mpppst.gob.ve\/mpppstweb\/index.php\/2024\/08\/03\/conmemoracion\/#primaryimage","url":"https:\/\/www.mpppst.gob.ve\/mpppstweb\/wp-content\/uploads\/2024\/08\/photo_5003560793475755307_y.jpg","contentUrl":"https:\/\/www.mpppst.gob.ve\/mpppstweb\/wp-content\/uploads\/2024\/08\/photo_5003560793475755307_y.jpg","width":950,"height":468,"caption":"Conmemoramos con satisfacci\u00f3n el D\u00eda de la bandera en Venezuela, d\u00f3nde recordamos con orgullo, emoci\u00f3n e importancia honrar la memoria y el legado de nuestros h\u00e9roes y hero\u00ednas que lucharon por la libertad y la independencia de nuestra naci\u00f3n."},{"@type":"BreadcrumbList","@id":"https:\/\/www.mpppst.gob.ve\/mpppstweb\/index.php\/2024\/08\/03\/conmemoracion\/#breadcrumb","itemListElement":[{"@type":"ListItem","position":1,"name":"Home","item":"https:\/\/www.mpppst.gob.ve\/mpppstweb\/"},{"@type":"ListItem","position":2,"name":"Venezuela honra y conmemora el Dia de la Bandera Nacional"}]},{"@type":"WebSite","@id":"https:\/\/www.mpppst.gob.ve\/mpppstweb\/#website","url":"https:\/\/www.mpppst.gob.ve\/mpppstweb\/","name":"MPPPST","description":"Sitio web oficial del Ministerio del Poder Popular para el Proceso Social de Trabajo","publisher":{"@id":"https:\/\/www.mpppst.gob.ve\/mpppstweb\/#organization"},"alternateName":"Ministerio del Poder Popular para el Proceso Social de Trabajo","potentialAction":[{"@type":"SearchAction","target":{"@type":"EntryPoint","urlTemplate":"https:\/\/www.mpppst.gob.ve\/mpppstweb\/?s={search_term_string}"},"query-input":{"@type":"PropertyValueSpecification","valueRequired":true,"valueName":"search_term_string"}}],"inLanguage":"es"},{"@type":"Organization","@id":"https:\/\/www.mpppst.gob.ve\/mpppstweb\/#organization","name":"Ministerio del Poder Popular para el Proceso Social de Trabajo","alternateName":"MPPPST","url":"https:\/\/www.mpppst.gob.ve\/mpppstweb\/","logo":{"@type":"ImageObject","inLanguage":"es","@id":"https:\/\/www.mpppst.gob.ve\/mpppstweb\/#\/schema\/logo\/image\/","url":"https:\/\/www.mpppst.gob.ve\/mpppstweb\/wp-content\/uploads\/2025\/07\/cropped-cropped-g910.png","contentUrl":"https:\/\/www.mpppst.gob.ve\/mpppstweb\/wp-content\/uploads\/2025\/07\/cropped-cropped-g910.png","width":1080,"height":241,"caption":"Ministerio del Poder Popular para el Proceso Social de Trabajo"},"image":{"@id":"https:\/\/www.mpppst.gob.ve\/mpppstweb\/#\/schema\/logo\/image\/"},"sameAs":["https:\/\/www.facebook.com\/mintrabajo_ve","https:\/\/www.instagram.com\/mintrabajo_ve\/","https:\/\/www.tiktok.com\/@mintrabajo_ve","https:\/\/t.me\/mpppst"]},{"@type":"Person","@id":"https:\/\/www.mpppst.gob.ve\/mpppstweb\/#\/schema\/person\/fc187ee8ead412bd4c9304b62f900ea4","name":"MPPPST Prensa","url":"https:\/\/www.mpppst.gob.ve\/mpppstweb\/index.php\/author\/prensa-mpppst\/"}]}},"_links":{"self":[{"href":"https:\/\/www.mpppst.gob.ve\/mpppstweb\/index.php\/wp-json\/wp\/v2\/posts\/26493","targetHints":{"allow":["GET"]}}],"collection":[{"href":"https:\/\/www.mpppst.gob.ve\/mpppstweb\/index.php\/wp-json\/wp\/v2\/posts"}],"about":[{"href":"https:\/\/www.mpppst.gob.ve\/mpppstweb\/index.php\/wp-json\/wp\/v2\/types\/post"}],"author":[{"embeddable":true,"href":"https:\/\/www.mpppst.gob.ve\/mpppstweb\/index.php\/wp-json\/wp\/v2\/users\/25"}],"replies":[{"embeddable":true,"href":"https:\/\/www.mpppst.gob.ve\/mpppstweb\/index.php\/wp-json\/wp\/v2\/comments?post=26493"}],"version-history":[{"count":1,"href":"https:\/\/www.mpppst.gob.ve\/mpppstweb\/index.php\/wp-json\/wp\/v2\/posts\/26493\/revisions"}],"predecessor-version":[{"id":26496,"href":"https:\/\/www.mpppst.gob.ve\/mpppstweb\/index.php\/wp-json\/wp\/v2\/posts\/26493\/revisions\/26496"}],"wp:featuredmedia":[{"embeddable":true,"href":"https:\/\/www.mpppst.gob.ve\/mpppstweb\/index.php\/wp-json\/wp\/v2\/media\/26494"}],"wp:attachment":[{"href":"https:\/\/www.mpppst.gob.ve\/mpppstweb\/index.php\/wp-json\/wp\/v2\/media?parent=26493"}],"wp:term":[{"taxonomy":"category","embeddable":true,"href":"https:\/\/www.mpppst.gob.ve\/mpppstweb\/index.php\/wp-json\/wp\/v2\/categories?post=26493"},{"taxonomy":"post_tag","embeddable":true,"href":"https:\/\/www.mpppst.gob.ve\/mpppstweb\/index.php\/wp-json\/wp\/v2\/tags?post=26493"}],"curies":[{"name":"wp","href":"https:\/\/api.w.org\/{rel}","templated":true}]}}