{"id":26509,"date":"2024-08-04T15:36:13","date_gmt":"2024-08-04T19:36:13","guid":{"rendered":"https:\/\/www.mpppst.gob.ve\/mpppstweb\/?p=26509"},"modified":"2024-08-04T15:41:05","modified_gmt":"2024-08-04T19:41:05","slug":"gran-marcha-de-paz","status":"publish","type":"post","link":"https:\/\/www.mpppst.gob.ve\/mpppstweb\/index.php\/2024\/08\/04\/gran-marcha-de-paz\/","title":{"rendered":"Pueblo trabajador acompa\u00f1\u00f3 al presidente Nicol\u00e1s Maduro en Gran Marcha por la Paz"},"content":{"rendered":"\n<p class=\"wp-block-paragraph\"><\/p>\n\n\n\n<p class=\"wp-block-paragraph\"><strong>(Caracas, 04-08-2024.- Prensa MPPPST).<\/strong>&#8211; El pueblo patriota recorri\u00f3 las calles de toda Venezuela, apoyando al presidente <strong>Nicol\u00e1s Maduro Moros<\/strong>, quien di\u00f3 en su discurso, una declaraci\u00f3n contra los grupos criminales que atacan al pa\u00eds.<\/p>\n\n\n\n<p class=\"wp-block-paragraph\">\u00ab<em>Esa es la verdad, ellos cuando no participan en las elecciones, llaman a sabotear y conspiran contra la Patria\u00bb<\/em>, dijo el presidente reelecto por el pueblo, recordando como los grupos criminales hicieron el llamado a la violencia en los a\u00f1os <strong>2014<\/strong> y <strong>2017<\/strong>.<\/p>\n\n\n\n<p class=\"wp-block-paragraph\">Agreg\u00f3, que<em> \u00absiempre con la constituci\u00f3n en la mano, siempre una fuerza legal, moral, espiritual. Una constituci\u00f3n perfecta, porque est\u00e1n todos los organismos para resolver conflictos, para tener un Estado de derechos y de justicia, que estamos construyendo a largo plazo en Venezuela\u00bb.<\/em><\/p>\n\n\n\n<p class=\"wp-block-paragraph\">Asimismo, le record\u00f3 a la ultraderecha que esta vez habr\u00e1<em> \u00abjusticia completa\u00bb<\/em>, mientras expon\u00eda los estragos causados por el llamado a la destrucci\u00f3n y a la quema de sedes del Consejo Nacional Electoral, en diversos municipios, as\u00ed como comandos de la Guardia Nacional. Detall\u00f3 que tambi\u00e9n los antisociales tumbaron estatuas del Comandante <strong>Hugo Ch\u00e1vez Fr\u00edas<\/strong>, del <strong>Dr. Jos\u00e9 Gregorio Hern\u00e1ndez<\/strong>, entre otras. Adem\u00e1s de anunciar que m\u00e1s del <strong>80%<\/strong> de los detenidos confesaron sus actos en contra de la naci\u00f3n.<\/p>\n\n\n\n<figure class=\"wp-block-image size-large\"><a href=\"https:\/\/www.mpppst.gob.ve\/mpppstweb\/wp-content\/uploads\/2024\/08\/1000014778-3.jpg\"><img loading=\"lazy\" decoding=\"async\" width=\"1024\" height=\"577\" src=\"https:\/\/www.mpppst.gob.ve\/mpppstweb\/wp-content\/uploads\/2024\/08\/1000014778-3-1024x577.jpg\" alt=\"\" class=\"wp-image-26516\" srcset=\"https:\/\/www.mpppst.gob.ve\/mpppstweb\/wp-content\/uploads\/2024\/08\/1000014778-3-1024x577.jpg 1024w, https:\/\/www.mpppst.gob.ve\/mpppstweb\/wp-content\/uploads\/2024\/08\/1000014778-3-300x169.jpg 300w, https:\/\/www.mpppst.gob.ve\/mpppstweb\/wp-content\/uploads\/2024\/08\/1000014778-3-768x433.jpg 768w, https:\/\/www.mpppst.gob.ve\/mpppstweb\/wp-content\/uploads\/2024\/08\/1000014778-3.jpg 1280w\" sizes=\"auto, (max-width: 1024px) 100vw, 1024px\" \/><\/a><\/figure>\n\n\n\n<p class=\"wp-block-paragraph\">Por otra parte, mencion\u00f3 que la <strong>Asamblea Nacional<\/strong> est\u00e1 trabajando en la <strong>Ley Antibloqueo<\/strong>, la cual proteger\u00e1 a la naci\u00f3n contra los ataques imperialistas y tambi\u00e9n a la econom\u00eda del pueblo trabajador.<\/p>\n\n\n\n<p class=\"wp-block-paragraph\">Record\u00f3 al pueblo como el <strong>Comandante Ch\u00e1vez <\/strong>decret\u00f3 el <strong>3 de agosto<\/strong> el d\u00eda de la Bandera Nacional e hizo un llamado a la defensa de la Paz, y hacer honor al legado de los libertadores de la naci\u00f3n, superando as\u00ed la violencia criminal del fascismo.<\/p>\n\n\n\n<p class=\"wp-block-paragraph\"><em>\u00abEse d\u00eda Ch\u00e1vez y yo hablamos desde La Vela de Coro, porque se estaban cumpliendo los 200 a\u00f1os de que Francisco de Miranda iz\u00f3 por primera vez la Bandera Nacional; fue un 3 de agosto de 1806\u00bb.<\/em><\/p>\n\n\n\n<p class=\"wp-block-paragraph\">El Presidente destac\u00f3 que <em>\u00abCh\u00e1vez me dijo: Nicol\u00e1s, voy a cambiar el d\u00eda de la Bandera, porque el verdadero d\u00eda fue cuando lleg\u00f3 con las armas revolucionarias de Miranda, y se iz\u00f3 en La Vela de Coro. A partir del 2007, y en los a\u00f1os sucesivos, el d\u00eda de la bandera tricolor, \u00e9ste estandarte que llev\u00f3 la libertad de Am\u00e9rica, ser\u00e1 el 3 de agosto\u00bb.<\/em><\/p>\n\n\n\n<p class=\"wp-block-paragraph\">Concluy\u00f3 el acto alzando la voz por la libertad, la justicia y la consolidaci\u00f3n de la Paz. <strong>(Fin\/ Isabela Guzm\u00e1n).<\/strong><\/p>\n","protected":false},"excerpt":{"rendered":"<p>(Caracas, 04-08-2024.- Prensa MPPPST).&#8211; El pueblo patriota recorri\u00f3 las calles de toda Venezuela, apoyando al presidente &hellip; <a title=\"Pueblo trabajador acompa\u00f1\u00f3 al presidente Nicol\u00e1s Maduro en Gran Marcha por la Paz\" class=\"hm-read-more\" href=\"https:\/\/www.mpppst.gob.ve\/mpppstweb\/index.php\/2024\/08\/04\/gran-marcha-de-paz\/\"><span class=\"screen-reader-text\">Pueblo trabajador acompa\u00f1\u00f3 al presidente Nicol\u00e1s Maduro en Gran Marcha por la Paz<\/span>Leer m\u00e1s<\/a><\/p>\n","protected":false},"author":25,"featured_media":26510,"comment_status":"closed","ping_status":"closed","sticky":false,"template":"","format":"standard","meta":{"footnotes":""},"categories":[82,272,360,163],"tags":[222,341,240,285,335],"class_list":["post-26509","post","type-post","status-publish","format-standard","has-post-thumbnail","hentry","category-gobierno-nacional","category-movilizaciones","category-movimientos-sociales","category-noticias","tag-gobierno-bolivariano","tag-nicolas-maduro","tag-participacion-popular-y-protagonica","tag-presidente-maduro","tag-venezuela"],"yoast_head":"<!-- This site is optimized with the Yoast SEO plugin v28.4 - https:\/\/yoast.com\/product\/yoast-seo-wordpress\/ -->\n<title>Pueblo trabajador acompa\u00f1\u00f3 al presidente Nicol\u00e1s Maduro en Gran Marcha por la Paz - MPPPST<\/title>\n<meta name=\"description\" content=\"El pueblo recorri\u00f3 las calles, apoyando al presidente Nicol\u00e1s Maduro Moros, quien di\u00f3 declaraciones contra los criminales que atacan al pa\u00eds.\" \/>\n<meta name=\"robots\" content=\"index, follow, max-snippet:-1, max-image-preview:large, max-video-preview:-1\" \/>\n<link rel=\"canonical\" href=\"https:\/\/www.mpppst.gob.ve\/mpppstweb\/index.php\/2024\/08\/04\/gran-marcha-de-paz\/\" \/>\n<meta property=\"og:locale\" content=\"es_ES\" \/>\n<meta property=\"og:type\" content=\"article\" \/>\n<meta property=\"og:title\" content=\"Pueblo trabajador acompa\u00f1\u00f3 al presidente Nicol\u00e1s Maduro en Gran Marcha por la Paz - MPPPST\" \/>\n<meta property=\"og:description\" content=\"El pueblo recorri\u00f3 las calles, apoyando al presidente Nicol\u00e1s Maduro Moros, quien di\u00f3 declaraciones contra los criminales que atacan al pa\u00eds.\" \/>\n<meta property=\"og:url\" content=\"https:\/\/www.mpppst.gob.ve\/mpppstweb\/index.php\/2024\/08\/04\/gran-marcha-de-paz\/\" \/>\n<meta property=\"og:site_name\" content=\"MPPPST\" \/>\n<meta property=\"article:publisher\" content=\"https:\/\/www.facebook.com\/mintrabajo_ve\" \/>\n<meta property=\"article:published_time\" content=\"2024-08-04T19:36:13+00:00\" \/>\n<meta property=\"article:modified_time\" content=\"2024-08-04T19:41:05+00:00\" \/>\n<meta property=\"og:image\" content=\"https:\/\/www.mpppst.gob.ve\/mpppstweb\/wp-content\/uploads\/2024\/08\/IMG_20240804_151837_171.jpg\" \/>\n\t<meta property=\"og:image:width\" content=\"800\" \/>\n\t<meta property=\"og:image:height\" content=\"450\" \/>\n\t<meta property=\"og:image:type\" content=\"image\/jpeg\" \/>\n<meta name=\"author\" content=\"MPPPST Prensa\" \/>\n<meta name=\"twitter:card\" content=\"summary_large_image\" \/>\n<script type=\"application\/ld+json\" class=\"yoast-schema-graph\">{\"@context\":\"https:\\\/\\\/schema.org\",\"@graph\":[{\"@type\":\"Article\",\"@id\":\"https:\\\/\\\/www.mpppst.gob.ve\\\/mpppstweb\\\/index.php\\\/2024\\\/08\\\/04\\\/gran-marcha-de-paz\\\/#article\",\"isPartOf\":{\"@id\":\"https:\\\/\\\/www.mpppst.gob.ve\\\/mpppstweb\\\/index.php\\\/2024\\\/08\\\/04\\\/gran-marcha-de-paz\\\/\"},\"author\":{\"name\":\"MPPPST Prensa\",\"@id\":\"https:\\\/\\\/www.mpppst.gob.ve\\\/mpppstweb\\\/#\\\/schema\\\/person\\\/fc187ee8ead412bd4c9304b62f900ea4\"},\"headline\":\"Pueblo trabajador acompa\u00f1\u00f3 al presidente Nicol\u00e1s Maduro en Gran Marcha por la Paz\",\"datePublished\":\"2024-08-04T19:36:13+00:00\",\"dateModified\":\"2024-08-04T19:41:05+00:00\",\"mainEntityOfPage\":{\"@id\":\"https:\\\/\\\/www.mpppst.gob.ve\\\/mpppstweb\\\/index.php\\\/2024\\\/08\\\/04\\\/gran-marcha-de-paz\\\/\"},\"wordCount\":442,\"publisher\":{\"@id\":\"https:\\\/\\\/www.mpppst.gob.ve\\\/mpppstweb\\\/#organization\"},\"image\":{\"@id\":\"https:\\\/\\\/www.mpppst.gob.ve\\\/mpppstweb\\\/index.php\\\/2024\\\/08\\\/04\\\/gran-marcha-de-paz\\\/#primaryimage\"},\"thumbnailUrl\":\"https:\\\/\\\/www.mpppst.gob.ve\\\/mpppstweb\\\/wp-content\\\/uploads\\\/2024\\\/08\\\/IMG_20240804_151837_171.jpg\",\"keywords\":[\"Gobierno Bolivariano\",\"Nicol\u00e1s Maduro\",\"Participaci\u00f3n popular y protag\u00f3nica\",\"Presidente Maduro\",\"Venezuela\"],\"articleSection\":[\"Gobierno Nacional\",\"Movilizaciones\",\"Movimientos Sociales\",\"Noticias\"],\"inLanguage\":\"es\"},{\"@type\":\"WebPage\",\"@id\":\"https:\\\/\\\/www.mpppst.gob.ve\\\/mpppstweb\\\/index.php\\\/2024\\\/08\\\/04\\\/gran-marcha-de-paz\\\/\",\"url\":\"https:\\\/\\\/www.mpppst.gob.ve\\\/mpppstweb\\\/index.php\\\/2024\\\/08\\\/04\\\/gran-marcha-de-paz\\\/\",\"name\":\"Pueblo trabajador acompa\u00f1\u00f3 al presidente Nicol\u00e1s Maduro en Gran Marcha por la Paz - MPPPST\",\"isPartOf\":{\"@id\":\"https:\\\/\\\/www.mpppst.gob.ve\\\/mpppstweb\\\/#website\"},\"primaryImageOfPage\":{\"@id\":\"https:\\\/\\\/www.mpppst.gob.ve\\\/mpppstweb\\\/index.php\\\/2024\\\/08\\\/04\\\/gran-marcha-de-paz\\\/#primaryimage\"},\"image\":{\"@id\":\"https:\\\/\\\/www.mpppst.gob.ve\\\/mpppstweb\\\/index.php\\\/2024\\\/08\\\/04\\\/gran-marcha-de-paz\\\/#primaryimage\"},\"thumbnailUrl\":\"https:\\\/\\\/www.mpppst.gob.ve\\\/mpppstweb\\\/wp-content\\\/uploads\\\/2024\\\/08\\\/IMG_20240804_151837_171.jpg\",\"datePublished\":\"2024-08-04T19:36:13+00:00\",\"dateModified\":\"2024-08-04T19:41:05+00:00\",\"description\":\"El pueblo recorri\u00f3 las calles, apoyando al presidente Nicol\u00e1s Maduro Moros, quien di\u00f3 declaraciones contra los criminales que atacan al pa\u00eds.\",\"breadcrumb\":{\"@id\":\"https:\\\/\\\/www.mpppst.gob.ve\\\/mpppstweb\\\/index.php\\\/2024\\\/08\\\/04\\\/gran-marcha-de-paz\\\/#breadcrumb\"},\"inLanguage\":\"es\",\"potentialAction\":[{\"@type\":\"ReadAction\",\"target\":[\"https:\\\/\\\/www.mpppst.gob.ve\\\/mpppstweb\\\/index.php\\\/2024\\\/08\\\/04\\\/gran-marcha-de-paz\\\/\"]}]},{\"@type\":\"ImageObject\",\"inLanguage\":\"es\",\"@id\":\"https:\\\/\\\/www.mpppst.gob.ve\\\/mpppstweb\\\/index.php\\\/2024\\\/08\\\/04\\\/gran-marcha-de-paz\\\/#primaryimage\",\"url\":\"https:\\\/\\\/www.mpppst.gob.ve\\\/mpppstweb\\\/wp-content\\\/uploads\\\/2024\\\/08\\\/IMG_20240804_151837_171.jpg\",\"contentUrl\":\"https:\\\/\\\/www.mpppst.gob.ve\\\/mpppstweb\\\/wp-content\\\/uploads\\\/2024\\\/08\\\/IMG_20240804_151837_171.jpg\",\"width\":800,\"height\":450,\"caption\":\"El pueblo recorri\u00f3 las calles, apoyando al presidente Nicol\u00e1s Maduro Moros, quien di\u00f3 declaraciones contra los criminales que atacan al pa\u00eds.\"},{\"@type\":\"BreadcrumbList\",\"@id\":\"https:\\\/\\\/www.mpppst.gob.ve\\\/mpppstweb\\\/index.php\\\/2024\\\/08\\\/04\\\/gran-marcha-de-paz\\\/#breadcrumb\",\"itemListElement\":[{\"@type\":\"ListItem\",\"position\":1,\"name\":\"Home\",\"item\":\"https:\\\/\\\/www.mpppst.gob.ve\\\/mpppstweb\\\/\"},{\"@type\":\"ListItem\",\"position\":2,\"name\":\"Pueblo trabajador acompa\u00f1\u00f3 al presidente Nicol\u00e1s Maduro en Gran Marcha por la Paz\"}]},{\"@type\":\"WebSite\",\"@id\":\"https:\\\/\\\/www.mpppst.gob.ve\\\/mpppstweb\\\/#website\",\"url\":\"https:\\\/\\\/www.mpppst.gob.ve\\\/mpppstweb\\\/\",\"name\":\"MPPPST\",\"description\":\"Sitio web oficial del Ministerio del Poder Popular para el Proceso Social de Trabajo\",\"publisher\":{\"@id\":\"https:\\\/\\\/www.mpppst.gob.ve\\\/mpppstweb\\\/#organization\"},\"alternateName\":\"Ministerio del Poder Popular para el Proceso Social de Trabajo\",\"potentialAction\":[{\"@type\":\"SearchAction\",\"target\":{\"@type\":\"EntryPoint\",\"urlTemplate\":\"https:\\\/\\\/www.mpppst.gob.ve\\\/mpppstweb\\\/?s={search_term_string}\"},\"query-input\":{\"@type\":\"PropertyValueSpecification\",\"valueRequired\":true,\"valueName\":\"search_term_string\"}}],\"inLanguage\":\"es\"},{\"@type\":\"Organization\",\"@id\":\"https:\\\/\\\/www.mpppst.gob.ve\\\/mpppstweb\\\/#organization\",\"name\":\"Ministerio del Poder Popular para el Proceso Social de Trabajo\",\"alternateName\":\"MPPPST\",\"url\":\"https:\\\/\\\/www.mpppst.gob.ve\\\/mpppstweb\\\/\",\"logo\":{\"@type\":\"ImageObject\",\"inLanguage\":\"es\",\"@id\":\"https:\\\/\\\/www.mpppst.gob.ve\\\/mpppstweb\\\/#\\\/schema\\\/logo\\\/image\\\/\",\"url\":\"https:\\\/\\\/www.mpppst.gob.ve\\\/mpppstweb\\\/wp-content\\\/uploads\\\/2025\\\/07\\\/cropped-cropped-g910.png\",\"contentUrl\":\"https:\\\/\\\/www.mpppst.gob.ve\\\/mpppstweb\\\/wp-content\\\/uploads\\\/2025\\\/07\\\/cropped-cropped-g910.png\",\"width\":1080,\"height\":241,\"caption\":\"Ministerio del Poder Popular para el Proceso Social de Trabajo\"},\"image\":{\"@id\":\"https:\\\/\\\/www.mpppst.gob.ve\\\/mpppstweb\\\/#\\\/schema\\\/logo\\\/image\\\/\"},\"sameAs\":[\"https:\\\/\\\/www.facebook.com\\\/mintrabajo_ve\",\"https:\\\/\\\/www.instagram.com\\\/mintrabajo_ve\\\/\",\"https:\\\/\\\/www.tiktok.com\\\/@mintrabajo_ve\",\"https:\\\/\\\/t.me\\\/mpppst\"]},{\"@type\":\"Person\",\"@id\":\"https:\\\/\\\/www.mpppst.gob.ve\\\/mpppstweb\\\/#\\\/schema\\\/person\\\/fc187ee8ead412bd4c9304b62f900ea4\",\"name\":\"MPPPST Prensa\",\"url\":\"https:\\\/\\\/www.mpppst.gob.ve\\\/mpppstweb\\\/index.php\\\/author\\\/prensa-mpppst\\\/\"}]}<\/script>\n<!-- \/ Yoast SEO plugin. -->","yoast_head_json":{"title":"Pueblo trabajador acompa\u00f1\u00f3 al presidente Nicol\u00e1s Maduro en Gran Marcha por la Paz - MPPPST","description":"El pueblo recorri\u00f3 las calles, apoyando al presidente Nicol\u00e1s Maduro Moros, quien di\u00f3 declaraciones contra los criminales que atacan al pa\u00eds.","robots":{"index":"index","follow":"follow","max-snippet":"max-snippet:-1","max-image-preview":"max-image-preview:large","max-video-preview":"max-video-preview:-1"},"canonical":"https:\/\/www.mpppst.gob.ve\/mpppstweb\/index.php\/2024\/08\/04\/gran-marcha-de-paz\/","og_locale":"es_ES","og_type":"article","og_title":"Pueblo trabajador acompa\u00f1\u00f3 al presidente Nicol\u00e1s Maduro en Gran Marcha por la Paz - MPPPST","og_description":"El pueblo recorri\u00f3 las calles, apoyando al presidente Nicol\u00e1s Maduro Moros, quien di\u00f3 declaraciones contra los criminales que atacan al pa\u00eds.","og_url":"https:\/\/www.mpppst.gob.ve\/mpppstweb\/index.php\/2024\/08\/04\/gran-marcha-de-paz\/","og_site_name":"MPPPST","article_publisher":"https:\/\/www.facebook.com\/mintrabajo_ve","article_published_time":"2024-08-04T19:36:13+00:00","article_modified_time":"2024-08-04T19:41:05+00:00","og_image":[{"width":800,"height":450,"url":"https:\/\/www.mpppst.gob.ve\/mpppstweb\/wp-content\/uploads\/2024\/08\/IMG_20240804_151837_171.jpg","type":"image\/jpeg"}],"author":"MPPPST Prensa","twitter_card":"summary_large_image","schema":{"@context":"https:\/\/schema.org","@graph":[{"@type":"Article","@id":"https:\/\/www.mpppst.gob.ve\/mpppstweb\/index.php\/2024\/08\/04\/gran-marcha-de-paz\/#article","isPartOf":{"@id":"https:\/\/www.mpppst.gob.ve\/mpppstweb\/index.php\/2024\/08\/04\/gran-marcha-de-paz\/"},"author":{"name":"MPPPST Prensa","@id":"https:\/\/www.mpppst.gob.ve\/mpppstweb\/#\/schema\/person\/fc187ee8ead412bd4c9304b62f900ea4"},"headline":"Pueblo trabajador acompa\u00f1\u00f3 al presidente Nicol\u00e1s Maduro en Gran Marcha por la Paz","datePublished":"2024-08-04T19:36:13+00:00","dateModified":"2024-08-04T19:41:05+00:00","mainEntityOfPage":{"@id":"https:\/\/www.mpppst.gob.ve\/mpppstweb\/index.php\/2024\/08\/04\/gran-marcha-de-paz\/"},"wordCount":442,"publisher":{"@id":"https:\/\/www.mpppst.gob.ve\/mpppstweb\/#organization"},"image":{"@id":"https:\/\/www.mpppst.gob.ve\/mpppstweb\/index.php\/2024\/08\/04\/gran-marcha-de-paz\/#primaryimage"},"thumbnailUrl":"https:\/\/www.mpppst.gob.ve\/mpppstweb\/wp-content\/uploads\/2024\/08\/IMG_20240804_151837_171.jpg","keywords":["Gobierno Bolivariano","Nicol\u00e1s Maduro","Participaci\u00f3n popular y protag\u00f3nica","Presidente Maduro","Venezuela"],"articleSection":["Gobierno Nacional","Movilizaciones","Movimientos Sociales","Noticias"],"inLanguage":"es"},{"@type":"WebPage","@id":"https:\/\/www.mpppst.gob.ve\/mpppstweb\/index.php\/2024\/08\/04\/gran-marcha-de-paz\/","url":"https:\/\/www.mpppst.gob.ve\/mpppstweb\/index.php\/2024\/08\/04\/gran-marcha-de-paz\/","name":"Pueblo trabajador acompa\u00f1\u00f3 al presidente Nicol\u00e1s Maduro en Gran Marcha por la Paz - MPPPST","isPartOf":{"@id":"https:\/\/www.mpppst.gob.ve\/mpppstweb\/#website"},"primaryImageOfPage":{"@id":"https:\/\/www.mpppst.gob.ve\/mpppstweb\/index.php\/2024\/08\/04\/gran-marcha-de-paz\/#primaryimage"},"image":{"@id":"https:\/\/www.mpppst.gob.ve\/mpppstweb\/index.php\/2024\/08\/04\/gran-marcha-de-paz\/#primaryimage"},"thumbnailUrl":"https:\/\/www.mpppst.gob.ve\/mpppstweb\/wp-content\/uploads\/2024\/08\/IMG_20240804_151837_171.jpg","datePublished":"2024-08-04T19:36:13+00:00","dateModified":"2024-08-04T19:41:05+00:00","description":"El pueblo recorri\u00f3 las calles, apoyando al presidente Nicol\u00e1s Maduro Moros, quien di\u00f3 declaraciones contra los criminales que atacan al pa\u00eds.","breadcrumb":{"@id":"https:\/\/www.mpppst.gob.ve\/mpppstweb\/index.php\/2024\/08\/04\/gran-marcha-de-paz\/#breadcrumb"},"inLanguage":"es","potentialAction":[{"@type":"ReadAction","target":["https:\/\/www.mpppst.gob.ve\/mpppstweb\/index.php\/2024\/08\/04\/gran-marcha-de-paz\/"]}]},{"@type":"ImageObject","inLanguage":"es","@id":"https:\/\/www.mpppst.gob.ve\/mpppstweb\/index.php\/2024\/08\/04\/gran-marcha-de-paz\/#primaryimage","url":"https:\/\/www.mpppst.gob.ve\/mpppstweb\/wp-content\/uploads\/2024\/08\/IMG_20240804_151837_171.jpg","contentUrl":"https:\/\/www.mpppst.gob.ve\/mpppstweb\/wp-content\/uploads\/2024\/08\/IMG_20240804_151837_171.jpg","width":800,"height":450,"caption":"El pueblo recorri\u00f3 las calles, apoyando al presidente Nicol\u00e1s Maduro Moros, quien di\u00f3 declaraciones contra los criminales que atacan al pa\u00eds."},{"@type":"BreadcrumbList","@id":"https:\/\/www.mpppst.gob.ve\/mpppstweb\/index.php\/2024\/08\/04\/gran-marcha-de-paz\/#breadcrumb","itemListElement":[{"@type":"ListItem","position":1,"name":"Home","item":"https:\/\/www.mpppst.gob.ve\/mpppstweb\/"},{"@type":"ListItem","position":2,"name":"Pueblo trabajador acompa\u00f1\u00f3 al presidente Nicol\u00e1s Maduro en Gran Marcha por la Paz"}]},{"@type":"WebSite","@id":"https:\/\/www.mpppst.gob.ve\/mpppstweb\/#website","url":"https:\/\/www.mpppst.gob.ve\/mpppstweb\/","name":"MPPPST","description":"Sitio web oficial del Ministerio del Poder Popular para el Proceso Social de Trabajo","publisher":{"@id":"https:\/\/www.mpppst.gob.ve\/mpppstweb\/#organization"},"alternateName":"Ministerio del Poder Popular para el Proceso Social de Trabajo","potentialAction":[{"@type":"SearchAction","target":{"@type":"EntryPoint","urlTemplate":"https:\/\/www.mpppst.gob.ve\/mpppstweb\/?s={search_term_string}"},"query-input":{"@type":"PropertyValueSpecification","valueRequired":true,"valueName":"search_term_string"}}],"inLanguage":"es"},{"@type":"Organization","@id":"https:\/\/www.mpppst.gob.ve\/mpppstweb\/#organization","name":"Ministerio del Poder Popular para el Proceso Social de Trabajo","alternateName":"MPPPST","url":"https:\/\/www.mpppst.gob.ve\/mpppstweb\/","logo":{"@type":"ImageObject","inLanguage":"es","@id":"https:\/\/www.mpppst.gob.ve\/mpppstweb\/#\/schema\/logo\/image\/","url":"https:\/\/www.mpppst.gob.ve\/mpppstweb\/wp-content\/uploads\/2025\/07\/cropped-cropped-g910.png","contentUrl":"https:\/\/www.mpppst.gob.ve\/mpppstweb\/wp-content\/uploads\/2025\/07\/cropped-cropped-g910.png","width":1080,"height":241,"caption":"Ministerio del Poder Popular para el Proceso Social de Trabajo"},"image":{"@id":"https:\/\/www.mpppst.gob.ve\/mpppstweb\/#\/schema\/logo\/image\/"},"sameAs":["https:\/\/www.facebook.com\/mintrabajo_ve","https:\/\/www.instagram.com\/mintrabajo_ve\/","https:\/\/www.tiktok.com\/@mintrabajo_ve","https:\/\/t.me\/mpppst"]},{"@type":"Person","@id":"https:\/\/www.mpppst.gob.ve\/mpppstweb\/#\/schema\/person\/fc187ee8ead412bd4c9304b62f900ea4","name":"MPPPST Prensa","url":"https:\/\/www.mpppst.gob.ve\/mpppstweb\/index.php\/author\/prensa-mpppst\/"}]}},"_links":{"self":[{"href":"https:\/\/www.mpppst.gob.ve\/mpppstweb\/index.php\/wp-json\/wp\/v2\/posts\/26509","targetHints":{"allow":["GET"]}}],"collection":[{"href":"https:\/\/www.mpppst.gob.ve\/mpppstweb\/index.php\/wp-json\/wp\/v2\/posts"}],"about":[{"href":"https:\/\/www.mpppst.gob.ve\/mpppstweb\/index.php\/wp-json\/wp\/v2\/types\/post"}],"author":[{"embeddable":true,"href":"https:\/\/www.mpppst.gob.ve\/mpppstweb\/index.php\/wp-json\/wp\/v2\/users\/25"}],"replies":[{"embeddable":true,"href":"https:\/\/www.mpppst.gob.ve\/mpppstweb\/index.php\/wp-json\/wp\/v2\/comments?post=26509"}],"version-history":[{"count":2,"href":"https:\/\/www.mpppst.gob.ve\/mpppstweb\/index.php\/wp-json\/wp\/v2\/posts\/26509\/revisions"}],"predecessor-version":[{"id":26517,"href":"https:\/\/www.mpppst.gob.ve\/mpppstweb\/index.php\/wp-json\/wp\/v2\/posts\/26509\/revisions\/26517"}],"wp:featuredmedia":[{"embeddable":true,"href":"https:\/\/www.mpppst.gob.ve\/mpppstweb\/index.php\/wp-json\/wp\/v2\/media\/26510"}],"wp:attachment":[{"href":"https:\/\/www.mpppst.gob.ve\/mpppstweb\/index.php\/wp-json\/wp\/v2\/media?parent=26509"}],"wp:term":[{"taxonomy":"category","embeddable":true,"href":"https:\/\/www.mpppst.gob.ve\/mpppstweb\/index.php\/wp-json\/wp\/v2\/categories?post=26509"},{"taxonomy":"post_tag","embeddable":true,"href":"https:\/\/www.mpppst.gob.ve\/mpppstweb\/index.php\/wp-json\/wp\/v2\/tags?post=26509"}],"curies":[{"name":"wp","href":"https:\/\/api.w.org\/{rel}","templated":true}]}}