{"id":26521,"date":"2024-08-06T16:01:07","date_gmt":"2024-08-06T20:01:07","guid":{"rendered":"https:\/\/www.mpppst.gob.ve\/mpppstweb\/?p=26521"},"modified":"2024-08-06T16:01:09","modified_gmt":"2024-08-06T20:01:09","slug":"marcha-por-la-paz","status":"publish","type":"post","link":"https:\/\/www.mpppst.gob.ve\/mpppstweb\/index.php\/2024\/08\/06\/marcha-por-la-paz\/","title":{"rendered":"Juventud caraque\u00f1a se moviliz\u00f3 en favor de la Paz y la soberan\u00eda de la Patria"},"content":{"rendered":"\n<p><\/p>\n\n\n\n<p>(<strong>Caracas, 06-08-2024.- Prensa MPPPST).<\/strong>&#8211; Miles de j\u00f3venes venezolanos socialistas acudieron a la gran movilizaci\u00f3n en <strong>Caracas<\/strong> por la Paz del pa\u00eds y en apoyo a la victoria electoral del presidente Nicol\u00e1s Maduro Moros, convocada por la Juventud del<strong> Partido Socialista Unido de Venezuela<\/strong> <strong>(Jpsuv)<\/strong> y organizada desde la sede del Liceo Andr\u00e9s Bello en la avenida Universidad, hasta el Palacio de Miraflores.<\/p>\n\n\n\n<p><br>La movilizaci\u00f3n cont\u00f3 con representantes de diferentes movimientos sociales, emprendedores y estudiantes que se desplazaron, hasta el Palacio de Miraflores, para defender la Paz y rechazar todos los planes de violencia extremista.<\/p>\n\n\n\n<p><em>\u00abLa juventud venezolana se encuentra permanentemente en la calle, dando un mensaje de Paz, dici\u00e9ndole al mundo que Venezuela est\u00e1 en Paz y que Venezuela ratifica nuestro presidente electo Nicol\u00e1s Maduro Moros para el periodo 2025-2031, como uno de los grandes de la defensa del Esequibo y le decimos a esa derecha fascista que rein\u00f3 la Paz y va vencer la Paz\u00bb<\/em>, afirm\u00f3 David Guacare.<\/p>\n\n\n<div class=\"wp-block-image\">\n<figure class=\"aligncenter size-large\"><a href=\"https:\/\/www.mpppst.gob.ve\/mpppstweb\/wp-content\/uploads\/2024\/08\/1000015334.jpg\"><img decoding=\"async\" loading=\"lazy\" width=\"1024\" height=\"577\" src=\"https:\/\/www.mpppst.gob.ve\/mpppstweb\/wp-content\/uploads\/2024\/08\/1000015334-1024x577.jpg\" alt=\"\" class=\"wp-image-26523\" srcset=\"https:\/\/www.mpppst.gob.ve\/mpppstweb\/wp-content\/uploads\/2024\/08\/1000015334-1024x577.jpg 1024w, https:\/\/www.mpppst.gob.ve\/mpppstweb\/wp-content\/uploads\/2024\/08\/1000015334-300x169.jpg 300w, https:\/\/www.mpppst.gob.ve\/mpppstweb\/wp-content\/uploads\/2024\/08\/1000015334-768x433.jpg 768w, https:\/\/www.mpppst.gob.ve\/mpppstweb\/wp-content\/uploads\/2024\/08\/1000015334.jpg 1280w\" sizes=\"(max-width: 1024px) 100vw, 1024px\" \/><\/a><\/figure><\/div>\n\n\n<p>Los j\u00f3venes de la Patria expresaron que salieron a las calles a apoyar al presidente <strong>Nicol\u00e1s Maduro moros<\/strong>, por ser j\u00f3venes de Paz, que creen en la humildad, en el amor a trav\u00e9s de la suprema felicidad, tambi\u00e9n expresaron que no quieren m\u00e1s odio por ser una juventud que lucha y vence para seguir transformando la felicidad de <strong>Venezuela<\/strong>.<\/p>\n\n\n\n<p>Bajo una fuerte lluvia, los j\u00f3venes venezolanos esperaron en la entrada de Miraflores al presidente Nicol\u00e1s Maduro, quien afirm\u00f3 que el pa\u00eds lleva el poder indestructible de la juventud y los felicit\u00f3 por su demostraci\u00f3n de fuerza y moral.<\/p>\n\n\n\n<p>\u00ab<em>J\u00f3venes, esto ha sido una demostraci\u00f3n de pasi\u00f3n y fortaleza moral. Hay que seguir perseverando en el camino de la Patria libre, independiente y soberana\u00bb<\/em>, asegur\u00f3 el Primer Mandatario a la muchachada socialista. <strong>(Fin\/ Andrea Gonz\u00e1lez).<\/strong><\/p>\n","protected":false},"excerpt":{"rendered":"<p>(Caracas, 06-08-2024.- Prensa MPPPST).&#8211; Miles de j\u00f3venes venezolanos socialistas acudieron a la gran movilizaci\u00f3n en Caracas &hellip; <a title=\"Juventud caraque\u00f1a se moviliz\u00f3 en favor de la Paz y la soberan\u00eda de la Patria\" class=\"hm-read-more\" href=\"https:\/\/www.mpppst.gob.ve\/mpppstweb\/index.php\/2024\/08\/06\/marcha-por-la-paz\/\"><span class=\"screen-reader-text\">Juventud caraque\u00f1a se moviliz\u00f3 en favor de la Paz y la soberan\u00eda de la Patria<\/span>Read more<\/a><\/p>\n","protected":false},"author":25,"featured_media":26522,"comment_status":"closed","ping_status":"closed","sticky":false,"template":"","format":"standard","meta":{"footnotes":""},"categories":[82,360,163],"tags":[222,826,825,223,341,240,285,335],"yoast_head":"<!-- This site is optimized with the Yoast SEO plugin v22.5 - https:\/\/yoast.com\/wordpress\/plugins\/seo\/ -->\n<title>Juventud caraque\u00f1a se moviliz\u00f3 en favor de la Paz y la soberan\u00eda de la Patria - MPPPST<\/title>\n<meta name=\"description\" content=\"Los j\u00f3venes acudieron a la gran movilizaci\u00f3n por la Paz del pa\u00eds y en apoyo a la victoria electoral del presidente Nicol\u00e1s Maduro Moros\" \/>\n<meta name=\"robots\" content=\"index, follow, max-snippet:-1, max-image-preview:large, max-video-preview:-1\" \/>\n<link rel=\"canonical\" href=\"https:\/\/www.mpppst.gob.ve\/mpppstweb\/index.php\/2024\/08\/06\/marcha-por-la-paz\/\" \/>\n<meta property=\"og:locale\" content=\"es_ES\" \/>\n<meta property=\"og:type\" content=\"article\" \/>\n<meta property=\"og:title\" content=\"Juventud caraque\u00f1a se moviliz\u00f3 en favor de la Paz y la soberan\u00eda de la Patria - MPPPST\" \/>\n<meta property=\"og:description\" content=\"Los j\u00f3venes acudieron a la gran movilizaci\u00f3n por la Paz del pa\u00eds y en apoyo a la victoria electoral del presidente Nicol\u00e1s Maduro Moros\" \/>\n<meta property=\"og:url\" content=\"https:\/\/www.mpppst.gob.ve\/mpppstweb\/index.php\/2024\/08\/06\/marcha-por-la-paz\/\" \/>\n<meta property=\"og:site_name\" content=\"MPPPST\" \/>\n<meta property=\"article:published_time\" content=\"2024-08-06T20:01:07+00:00\" \/>\n<meta property=\"article:modified_time\" content=\"2024-08-06T20:01:09+00:00\" \/>\n<meta property=\"og:image\" content=\"https:\/\/www.mpppst.gob.ve\/mpppstweb\/wp-content\/uploads\/2024\/08\/IMG_20240806_150835_310.jpg\" \/>\n\t<meta property=\"og:image:width\" content=\"1280\" \/>\n\t<meta property=\"og:image:height\" content=\"721\" \/>\n\t<meta property=\"og:image:type\" content=\"image\/jpeg\" \/>\n<meta name=\"author\" content=\"MPPPST Prensa\" \/>\n<meta name=\"twitter:card\" content=\"summary_large_image\" \/>\n<meta name=\"twitter:label1\" content=\"Escrito por\" \/>\n\t<meta name=\"twitter:data1\" content=\"MPPPST Prensa\" \/>\n\t<meta name=\"twitter:label2\" content=\"Tiempo de lectura\" \/>\n\t<meta name=\"twitter:data2\" content=\"2 minutos\" \/>\n<script type=\"application\/ld+json\" class=\"yoast-schema-graph\">{\"@context\":\"https:\/\/schema.org\",\"@graph\":[{\"@type\":\"Article\",\"@id\":\"https:\/\/www.mpppst.gob.ve\/mpppstweb\/index.php\/2024\/08\/06\/marcha-por-la-paz\/#article\",\"isPartOf\":{\"@id\":\"https:\/\/www.mpppst.gob.ve\/mpppstweb\/index.php\/2024\/08\/06\/marcha-por-la-paz\/\"},\"author\":{\"name\":\"MPPPST Prensa\",\"@id\":\"https:\/\/www.mpppst.gob.ve\/mpppstweb\/#\/schema\/person\/fc187ee8ead412bd4c9304b62f900ea4\"},\"headline\":\"Juventud caraque\u00f1a se moviliz\u00f3 en favor de la Paz y la soberan\u00eda de la Patria\",\"datePublished\":\"2024-08-06T20:01:07+00:00\",\"dateModified\":\"2024-08-06T20:01:09+00:00\",\"mainEntityOfPage\":{\"@id\":\"https:\/\/www.mpppst.gob.ve\/mpppstweb\/index.php\/2024\/08\/06\/marcha-por-la-paz\/\"},\"wordCount\":335,\"publisher\":{\"@id\":\"https:\/\/www.mpppst.gob.ve\/mpppstweb\/#organization\"},\"image\":{\"@id\":\"https:\/\/www.mpppst.gob.ve\/mpppstweb\/index.php\/2024\/08\/06\/marcha-por-la-paz\/#primaryimage\"},\"thumbnailUrl\":\"https:\/\/www.mpppst.gob.ve\/mpppstweb\/wp-content\/uploads\/2024\/08\/IMG_20240806_150835_310.jpg\",\"keywords\":[\"Gobierno Bolivariano\",\"J\u00f3venes Socialistas\",\"Juventud venezolana\",\"MPPPST\",\"Nicol\u00e1s Maduro\",\"Participaci\u00f3n popular y protag\u00f3nica\",\"Presidente Maduro\",\"Venezuela\"],\"articleSection\":[\"Gobierno Nacional\",\"Movimientos Sociales\",\"Noticias\"],\"inLanguage\":\"es\"},{\"@type\":\"WebPage\",\"@id\":\"https:\/\/www.mpppst.gob.ve\/mpppstweb\/index.php\/2024\/08\/06\/marcha-por-la-paz\/\",\"url\":\"https:\/\/www.mpppst.gob.ve\/mpppstweb\/index.php\/2024\/08\/06\/marcha-por-la-paz\/\",\"name\":\"Juventud caraque\u00f1a se moviliz\u00f3 en favor de la Paz y la soberan\u00eda de la Patria - MPPPST\",\"isPartOf\":{\"@id\":\"https:\/\/www.mpppst.gob.ve\/mpppstweb\/#website\"},\"primaryImageOfPage\":{\"@id\":\"https:\/\/www.mpppst.gob.ve\/mpppstweb\/index.php\/2024\/08\/06\/marcha-por-la-paz\/#primaryimage\"},\"image\":{\"@id\":\"https:\/\/www.mpppst.gob.ve\/mpppstweb\/index.php\/2024\/08\/06\/marcha-por-la-paz\/#primaryimage\"},\"thumbnailUrl\":\"https:\/\/www.mpppst.gob.ve\/mpppstweb\/wp-content\/uploads\/2024\/08\/IMG_20240806_150835_310.jpg\",\"datePublished\":\"2024-08-06T20:01:07+00:00\",\"dateModified\":\"2024-08-06T20:01:09+00:00\",\"description\":\"Los j\u00f3venes acudieron a la gran movilizaci\u00f3n por la Paz del pa\u00eds y en apoyo a la victoria electoral del presidente Nicol\u00e1s Maduro Moros\",\"breadcrumb\":{\"@id\":\"https:\/\/www.mpppst.gob.ve\/mpppstweb\/index.php\/2024\/08\/06\/marcha-por-la-paz\/#breadcrumb\"},\"inLanguage\":\"es\",\"potentialAction\":[{\"@type\":\"ReadAction\",\"target\":[\"https:\/\/www.mpppst.gob.ve\/mpppstweb\/index.php\/2024\/08\/06\/marcha-por-la-paz\/\"]}]},{\"@type\":\"ImageObject\",\"inLanguage\":\"es\",\"@id\":\"https:\/\/www.mpppst.gob.ve\/mpppstweb\/index.php\/2024\/08\/06\/marcha-por-la-paz\/#primaryimage\",\"url\":\"https:\/\/www.mpppst.gob.ve\/mpppstweb\/wp-content\/uploads\/2024\/08\/IMG_20240806_150835_310.jpg\",\"contentUrl\":\"https:\/\/www.mpppst.gob.ve\/mpppstweb\/wp-content\/uploads\/2024\/08\/IMG_20240806_150835_310.jpg\",\"width\":1280,\"height\":721,\"caption\":\"- Miles de j\u00f3venes venezolanos socialistas acudieron a la gran movilizaci\u00f3n en Caracas por la Paz del pa\u00eds y en apoyo a la victoria electoral del presidente Nicol\u00e1s Maduro Moros, convocada por la Juventud del Partido Socialista Unido de Venezuela (Jpsuv) y organizada desde la sede del Liceo Andr\u00e9s Bello en la avenida Universidad, hasta el Palacio de Miraflores.\"},{\"@type\":\"BreadcrumbList\",\"@id\":\"https:\/\/www.mpppst.gob.ve\/mpppstweb\/index.php\/2024\/08\/06\/marcha-por-la-paz\/#breadcrumb\",\"itemListElement\":[{\"@type\":\"ListItem\",\"position\":1,\"name\":\"Home\",\"item\":\"https:\/\/www.mpppst.gob.ve\/mpppstweb\/\"},{\"@type\":\"ListItem\",\"position\":2,\"name\":\"Juventud caraque\u00f1a se moviliz\u00f3 en favor de la Paz y la soberan\u00eda de la Patria\"}]},{\"@type\":\"WebSite\",\"@id\":\"https:\/\/www.mpppst.gob.ve\/mpppstweb\/#website\",\"url\":\"https:\/\/www.mpppst.gob.ve\/mpppstweb\/\",\"name\":\"MPPPST\",\"description\":\"Ministerio del Poder Popular para el Proceso Social de Trabajo\",\"publisher\":{\"@id\":\"https:\/\/www.mpppst.gob.ve\/mpppstweb\/#organization\"},\"potentialAction\":[{\"@type\":\"SearchAction\",\"target\":{\"@type\":\"EntryPoint\",\"urlTemplate\":\"https:\/\/www.mpppst.gob.ve\/mpppstweb\/?s={search_term_string}\"},\"query-input\":\"required name=search_term_string\"}],\"inLanguage\":\"es\"},{\"@type\":\"Organization\",\"@id\":\"https:\/\/www.mpppst.gob.ve\/mpppstweb\/#organization\",\"name\":\"mpppst\",\"url\":\"https:\/\/www.mpppst.gob.ve\/mpppstweb\/\",\"logo\":{\"@type\":\"ImageObject\",\"inLanguage\":\"es\",\"@id\":\"https:\/\/www.mpppst.gob.ve\/mpppstweb\/#\/schema\/logo\/image\/\",\"url\":\"https:\/\/www.mpppst.gob.ve\/mpppstweb\/wp-content\/uploads\/2025\/07\/cropped-cropped-g910.png\",\"contentUrl\":\"https:\/\/www.mpppst.gob.ve\/mpppstweb\/wp-content\/uploads\/2025\/07\/cropped-cropped-g910.png\",\"width\":1080,\"height\":241,\"caption\":\"mpppst\"},\"image\":{\"@id\":\"https:\/\/www.mpppst.gob.ve\/mpppstweb\/#\/schema\/logo\/image\/\"}},{\"@type\":\"Person\",\"@id\":\"https:\/\/www.mpppst.gob.ve\/mpppstweb\/#\/schema\/person\/fc187ee8ead412bd4c9304b62f900ea4\",\"name\":\"MPPPST Prensa\",\"url\":\"https:\/\/www.mpppst.gob.ve\/mpppstweb\/index.php\/author\/prensa-mpppst\/\"}]}<\/script>\n<!-- \/ Yoast SEO plugin. -->","yoast_head_json":{"title":"Juventud caraque\u00f1a se moviliz\u00f3 en favor de la Paz y la soberan\u00eda de la Patria - MPPPST","description":"Los j\u00f3venes acudieron a la gran movilizaci\u00f3n por la Paz del pa\u00eds y en apoyo a la victoria electoral del presidente Nicol\u00e1s Maduro Moros","robots":{"index":"index","follow":"follow","max-snippet":"max-snippet:-1","max-image-preview":"max-image-preview:large","max-video-preview":"max-video-preview:-1"},"canonical":"https:\/\/www.mpppst.gob.ve\/mpppstweb\/index.php\/2024\/08\/06\/marcha-por-la-paz\/","og_locale":"es_ES","og_type":"article","og_title":"Juventud caraque\u00f1a se moviliz\u00f3 en favor de la Paz y la soberan\u00eda de la Patria - MPPPST","og_description":"Los j\u00f3venes acudieron a la gran movilizaci\u00f3n por la Paz del pa\u00eds y en apoyo a la victoria electoral del presidente Nicol\u00e1s Maduro Moros","og_url":"https:\/\/www.mpppst.gob.ve\/mpppstweb\/index.php\/2024\/08\/06\/marcha-por-la-paz\/","og_site_name":"MPPPST","article_published_time":"2024-08-06T20:01:07+00:00","article_modified_time":"2024-08-06T20:01:09+00:00","og_image":[{"width":1280,"height":721,"url":"https:\/\/www.mpppst.gob.ve\/mpppstweb\/wp-content\/uploads\/2024\/08\/IMG_20240806_150835_310.jpg","type":"image\/jpeg"}],"author":"MPPPST Prensa","twitter_card":"summary_large_image","twitter_misc":{"Escrito por":"MPPPST Prensa","Tiempo de lectura":"2 minutos"},"schema":{"@context":"https:\/\/schema.org","@graph":[{"@type":"Article","@id":"https:\/\/www.mpppst.gob.ve\/mpppstweb\/index.php\/2024\/08\/06\/marcha-por-la-paz\/#article","isPartOf":{"@id":"https:\/\/www.mpppst.gob.ve\/mpppstweb\/index.php\/2024\/08\/06\/marcha-por-la-paz\/"},"author":{"name":"MPPPST Prensa","@id":"https:\/\/www.mpppst.gob.ve\/mpppstweb\/#\/schema\/person\/fc187ee8ead412bd4c9304b62f900ea4"},"headline":"Juventud caraque\u00f1a se moviliz\u00f3 en favor de la Paz y la soberan\u00eda de la Patria","datePublished":"2024-08-06T20:01:07+00:00","dateModified":"2024-08-06T20:01:09+00:00","mainEntityOfPage":{"@id":"https:\/\/www.mpppst.gob.ve\/mpppstweb\/index.php\/2024\/08\/06\/marcha-por-la-paz\/"},"wordCount":335,"publisher":{"@id":"https:\/\/www.mpppst.gob.ve\/mpppstweb\/#organization"},"image":{"@id":"https:\/\/www.mpppst.gob.ve\/mpppstweb\/index.php\/2024\/08\/06\/marcha-por-la-paz\/#primaryimage"},"thumbnailUrl":"https:\/\/www.mpppst.gob.ve\/mpppstweb\/wp-content\/uploads\/2024\/08\/IMG_20240806_150835_310.jpg","keywords":["Gobierno Bolivariano","J\u00f3venes Socialistas","Juventud venezolana","MPPPST","Nicol\u00e1s Maduro","Participaci\u00f3n popular y protag\u00f3nica","Presidente Maduro","Venezuela"],"articleSection":["Gobierno Nacional","Movimientos Sociales","Noticias"],"inLanguage":"es"},{"@type":"WebPage","@id":"https:\/\/www.mpppst.gob.ve\/mpppstweb\/index.php\/2024\/08\/06\/marcha-por-la-paz\/","url":"https:\/\/www.mpppst.gob.ve\/mpppstweb\/index.php\/2024\/08\/06\/marcha-por-la-paz\/","name":"Juventud caraque\u00f1a se moviliz\u00f3 en favor de la Paz y la soberan\u00eda de la Patria - MPPPST","isPartOf":{"@id":"https:\/\/www.mpppst.gob.ve\/mpppstweb\/#website"},"primaryImageOfPage":{"@id":"https:\/\/www.mpppst.gob.ve\/mpppstweb\/index.php\/2024\/08\/06\/marcha-por-la-paz\/#primaryimage"},"image":{"@id":"https:\/\/www.mpppst.gob.ve\/mpppstweb\/index.php\/2024\/08\/06\/marcha-por-la-paz\/#primaryimage"},"thumbnailUrl":"https:\/\/www.mpppst.gob.ve\/mpppstweb\/wp-content\/uploads\/2024\/08\/IMG_20240806_150835_310.jpg","datePublished":"2024-08-06T20:01:07+00:00","dateModified":"2024-08-06T20:01:09+00:00","description":"Los j\u00f3venes acudieron a la gran movilizaci\u00f3n por la Paz del pa\u00eds y en apoyo a la victoria electoral del presidente Nicol\u00e1s Maduro Moros","breadcrumb":{"@id":"https:\/\/www.mpppst.gob.ve\/mpppstweb\/index.php\/2024\/08\/06\/marcha-por-la-paz\/#breadcrumb"},"inLanguage":"es","potentialAction":[{"@type":"ReadAction","target":["https:\/\/www.mpppst.gob.ve\/mpppstweb\/index.php\/2024\/08\/06\/marcha-por-la-paz\/"]}]},{"@type":"ImageObject","inLanguage":"es","@id":"https:\/\/www.mpppst.gob.ve\/mpppstweb\/index.php\/2024\/08\/06\/marcha-por-la-paz\/#primaryimage","url":"https:\/\/www.mpppst.gob.ve\/mpppstweb\/wp-content\/uploads\/2024\/08\/IMG_20240806_150835_310.jpg","contentUrl":"https:\/\/www.mpppst.gob.ve\/mpppstweb\/wp-content\/uploads\/2024\/08\/IMG_20240806_150835_310.jpg","width":1280,"height":721,"caption":"- Miles de j\u00f3venes venezolanos socialistas acudieron a la gran movilizaci\u00f3n en Caracas por la Paz del pa\u00eds y en apoyo a la victoria electoral del presidente Nicol\u00e1s Maduro Moros, convocada por la Juventud del Partido Socialista Unido de Venezuela (Jpsuv) y organizada desde la sede del Liceo Andr\u00e9s Bello en la avenida Universidad, hasta el Palacio de Miraflores."},{"@type":"BreadcrumbList","@id":"https:\/\/www.mpppst.gob.ve\/mpppstweb\/index.php\/2024\/08\/06\/marcha-por-la-paz\/#breadcrumb","itemListElement":[{"@type":"ListItem","position":1,"name":"Home","item":"https:\/\/www.mpppst.gob.ve\/mpppstweb\/"},{"@type":"ListItem","position":2,"name":"Juventud caraque\u00f1a se moviliz\u00f3 en favor de la Paz y la soberan\u00eda de la Patria"}]},{"@type":"WebSite","@id":"https:\/\/www.mpppst.gob.ve\/mpppstweb\/#website","url":"https:\/\/www.mpppst.gob.ve\/mpppstweb\/","name":"MPPPST","description":"Ministerio del Poder Popular para el Proceso Social de Trabajo","publisher":{"@id":"https:\/\/www.mpppst.gob.ve\/mpppstweb\/#organization"},"potentialAction":[{"@type":"SearchAction","target":{"@type":"EntryPoint","urlTemplate":"https:\/\/www.mpppst.gob.ve\/mpppstweb\/?s={search_term_string}"},"query-input":"required name=search_term_string"}],"inLanguage":"es"},{"@type":"Organization","@id":"https:\/\/www.mpppst.gob.ve\/mpppstweb\/#organization","name":"mpppst","url":"https:\/\/www.mpppst.gob.ve\/mpppstweb\/","logo":{"@type":"ImageObject","inLanguage":"es","@id":"https:\/\/www.mpppst.gob.ve\/mpppstweb\/#\/schema\/logo\/image\/","url":"https:\/\/www.mpppst.gob.ve\/mpppstweb\/wp-content\/uploads\/2025\/07\/cropped-cropped-g910.png","contentUrl":"https:\/\/www.mpppst.gob.ve\/mpppstweb\/wp-content\/uploads\/2025\/07\/cropped-cropped-g910.png","width":1080,"height":241,"caption":"mpppst"},"image":{"@id":"https:\/\/www.mpppst.gob.ve\/mpppstweb\/#\/schema\/logo\/image\/"}},{"@type":"Person","@id":"https:\/\/www.mpppst.gob.ve\/mpppstweb\/#\/schema\/person\/fc187ee8ead412bd4c9304b62f900ea4","name":"MPPPST Prensa","url":"https:\/\/www.mpppst.gob.ve\/mpppstweb\/index.php\/author\/prensa-mpppst\/"}]}},"_links":{"self":[{"href":"https:\/\/www.mpppst.gob.ve\/mpppstweb\/index.php\/wp-json\/wp\/v2\/posts\/26521"}],"collection":[{"href":"https:\/\/www.mpppst.gob.ve\/mpppstweb\/index.php\/wp-json\/wp\/v2\/posts"}],"about":[{"href":"https:\/\/www.mpppst.gob.ve\/mpppstweb\/index.php\/wp-json\/wp\/v2\/types\/post"}],"author":[{"embeddable":true,"href":"https:\/\/www.mpppst.gob.ve\/mpppstweb\/index.php\/wp-json\/wp\/v2\/users\/25"}],"replies":[{"embeddable":true,"href":"https:\/\/www.mpppst.gob.ve\/mpppstweb\/index.php\/wp-json\/wp\/v2\/comments?post=26521"}],"version-history":[{"count":1,"href":"https:\/\/www.mpppst.gob.ve\/mpppstweb\/index.php\/wp-json\/wp\/v2\/posts\/26521\/revisions"}],"predecessor-version":[{"id":26524,"href":"https:\/\/www.mpppst.gob.ve\/mpppstweb\/index.php\/wp-json\/wp\/v2\/posts\/26521\/revisions\/26524"}],"wp:featuredmedia":[{"embeddable":true,"href":"https:\/\/www.mpppst.gob.ve\/mpppstweb\/index.php\/wp-json\/wp\/v2\/media\/26522"}],"wp:attachment":[{"href":"https:\/\/www.mpppst.gob.ve\/mpppstweb\/index.php\/wp-json\/wp\/v2\/media?parent=26521"}],"wp:term":[{"taxonomy":"category","embeddable":true,"href":"https:\/\/www.mpppst.gob.ve\/mpppstweb\/index.php\/wp-json\/wp\/v2\/categories?post=26521"},{"taxonomy":"post_tag","embeddable":true,"href":"https:\/\/www.mpppst.gob.ve\/mpppstweb\/index.php\/wp-json\/wp\/v2\/tags?post=26521"}],"curies":[{"name":"wp","href":"https:\/\/api.w.org\/{rel}","templated":true}]}}