{"id":26525,"date":"2024-08-07T08:14:31","date_gmt":"2024-08-07T12:14:31","guid":{"rendered":"https:\/\/www.mpppst.gob.ve\/mpppstweb\/?p=26525"},"modified":"2024-08-07T08:14:58","modified_gmt":"2024-08-07T12:14:58","slug":"el-mpppst-conmemora-los-200-anos-de-la-gran-batalla-de-junin","status":"publish","type":"post","link":"https:\/\/www.mpppst.gob.ve\/mpppstweb\/index.php\/2024\/08\/07\/el-mpppst-conmemora-los-200-anos-de-la-gran-batalla-de-junin\/","title":{"rendered":"El MPPPST conmemora los 200 a\u00f1os de la gran Batalla de Jun\u00edn."},"content":{"rendered":"\n<p>(<strong>Caracas, 06-08\u20132024.Prensa MPPPST)<\/strong> El Ministerio del Poder Popular para el Proceso Social de Trabajo, conmemor\u00f3 los <strong>200<\/strong> a\u00f1os de la <strong>Batalla de Jun\u00edn<\/strong>, campa\u00f1a militar que pudo asegurar la independencia de Per\u00fa.<\/p>\n\n\n\n<p> La <strong>Batalla de Jun\u00edn<\/strong>, librada el <strong>6 de agosto de 1824<\/strong>, se desarroll\u00f3 en una elevaci\u00f3n del terreno ubicado a orillas del lago Chinchaycocha, fue un hecho trascendental, un golpe decisivo al prestigio del Ej\u00e9rcito Espa\u00f1ol, constituyendo as\u00ed, el pen\u00faltimo gran combate antes de la crucial <strong>Batalla de Ayacucho<\/strong>.<\/p>\n\n\n\n<p> El ej\u00e9rcito de Jos\u00e9 Canterac, formado por <strong>1.300<\/strong> jinetes, y entre menos de <strong>6.000<\/strong> a <strong>7.000<\/strong> infantes y 9 piezas de artiller\u00eda, marchaban apresuradamente alrededor del Lago Jun\u00edn, procurando evitar el combate con El Libertador, <strong>Sim\u00f3n Bol\u00edvar<\/strong>, quien contaba con <strong>900<\/strong> jinetes para la lucha.<\/p>\n\n\n<div class=\"wp-block-image\">\n<figure class=\"aligncenter size-full\"><a href=\"https:\/\/www.mpppst.gob.ve\/mpppstweb\/wp-content\/uploads\/2024\/08\/1000015761-1.jpg\"><img decoding=\"async\" loading=\"lazy\" width=\"900\" height=\"506\" src=\"https:\/\/www.mpppst.gob.ve\/mpppstweb\/wp-content\/uploads\/2024\/08\/1000015761-1.jpg\" alt=\"\" class=\"wp-image-26530\" srcset=\"https:\/\/www.mpppst.gob.ve\/mpppstweb\/wp-content\/uploads\/2024\/08\/1000015761-1.jpg 900w, https:\/\/www.mpppst.gob.ve\/mpppstweb\/wp-content\/uploads\/2024\/08\/1000015761-1-300x169.jpg 300w, https:\/\/www.mpppst.gob.ve\/mpppstweb\/wp-content\/uploads\/2024\/08\/1000015761-1-768x432.jpg 768w\" sizes=\"(max-width: 900px) 100vw, 900px\" \/><\/a><\/figure><\/div>\n\n\n<p>Sin embargo, el frente realista no contaba con el gran despliegue de dos frentes patriotas. Los realistas se desmoralizaron, dispersos en grupos aislados, fueron derrotados tras un combate librado solamente con armas blancas, sin que quedara registro de alg\u00fan disparo durante la acci\u00f3n, por este motivo se le llam\u00f3 <em>\u201cLa Batalla silenciosa\u201d<\/em>. <\/p>\n\n\n\n<p><strong>Jos\u00e9 Canterac<\/strong>, orden\u00f3 continuar con la retirada, logrando que el Ej\u00e9rcito Unido, obtuviera una victoria importante, este triunfo har\u00eda renacer la moral de las fuerzas patriotas, y aceler\u00f3 el proceso hacia la independencia definitiva del Per\u00fa. <\/p>\n\n\n\n<p>En el marco de esta conmemoraci\u00f3n, el presidente <strong>Nicol\u00e1s Maduro<\/strong>, expres\u00f3; <em>\u201cHonramos la victoria heroica del Ej\u00e9rcito Libertador en la \u00e9pica Batalla de Jun\u00edn, donde hace 200 a\u00f1os se forj\u00f3, con el sacrificio y la lucha de valientes patriotas, la libertad del pueblo peruano, \u00a1Gloria eterna a los libertadores de Am\u00e9rica!\u201d<\/em>. <\/p>\n\n\n\n<p>Cabe destacar que luego de tal magn\u00edfica victoria, la Municipalidad de Lima le obsequi\u00f3 al Libertador Sim\u00f3n Bol\u00edvar la <em>\u201cEspada del Per\u00fa\u201d<\/em>, considerada una de las m\u00e1s notables del mundo, por su valor material, art\u00edstico e hist\u00f3rico. <strong>(Fin\/Isabela Guzm\u00e1n)<\/strong>.<\/p>\n","protected":false},"excerpt":{"rendered":"<p>(Caracas, 06-08\u20132024.Prensa MPPPST) El Ministerio del Poder Popular para el Proceso Social de Trabajo, conmemor\u00f3 los &hellip; <a title=\"El MPPPST conmemora los 200 a\u00f1os de la gran Batalla de Jun\u00edn.\" class=\"hm-read-more\" href=\"https:\/\/www.mpppst.gob.ve\/mpppstweb\/index.php\/2024\/08\/07\/el-mpppst-conmemora-los-200-anos-de-la-gran-batalla-de-junin\/\"><span class=\"screen-reader-text\">El MPPPST conmemora los 200 a\u00f1os de la gran Batalla de Jun\u00edn.<\/span>Read more<\/a><\/p>\n","protected":false},"author":25,"featured_media":26527,"comment_status":"closed","ping_status":"closed","sticky":false,"template":"","format":"standard","meta":{"footnotes":""},"categories":[82,163],"tags":[827,222,223,341,240,285],"yoast_head":"<!-- This site is optimized with the Yoast SEO plugin v22.5 - https:\/\/yoast.com\/wordpress\/plugins\/seo\/ -->\n<title>El MPPPST conmemora los 200 a\u00f1os de la gran Batalla de Jun\u00edn. - MPPPST<\/title>\n<meta name=\"description\" content=\"El MPPPST conmemor\u00f3 los 200 a\u00f1os de la Batalla de Jun\u00edn, campa\u00f1a militar que pudo asegurar la independencia de Per\u00fa.\" \/>\n<meta name=\"robots\" content=\"index, follow, max-snippet:-1, max-image-preview:large, max-video-preview:-1\" \/>\n<link rel=\"canonical\" href=\"https:\/\/www.mpppst.gob.ve\/mpppstweb\/index.php\/2024\/08\/07\/el-mpppst-conmemora-los-200-anos-de-la-gran-batalla-de-junin\/\" \/>\n<meta property=\"og:locale\" content=\"es_ES\" \/>\n<meta property=\"og:type\" content=\"article\" \/>\n<meta property=\"og:title\" content=\"El MPPPST conmemora los 200 a\u00f1os de la gran Batalla de Jun\u00edn. - MPPPST\" \/>\n<meta property=\"og:description\" content=\"El MPPPST conmemor\u00f3 los 200 a\u00f1os de la Batalla de Jun\u00edn, campa\u00f1a militar que pudo asegurar la independencia de Per\u00fa.\" \/>\n<meta property=\"og:url\" content=\"https:\/\/www.mpppst.gob.ve\/mpppstweb\/index.php\/2024\/08\/07\/el-mpppst-conmemora-los-200-anos-de-la-gran-batalla-de-junin\/\" \/>\n<meta property=\"og:site_name\" content=\"MPPPST\" \/>\n<meta property=\"article:published_time\" content=\"2024-08-07T12:14:31+00:00\" \/>\n<meta property=\"article:modified_time\" content=\"2024-08-07T12:14:58+00:00\" \/>\n<meta property=\"og:image\" content=\"https:\/\/www.mpppst.gob.ve\/mpppstweb\/wp-content\/uploads\/2024\/08\/IMG_20240807_081237_085.jpg\" \/>\n\t<meta property=\"og:image:width\" content=\"590\" \/>\n\t<meta property=\"og:image:height\" content=\"389\" \/>\n\t<meta property=\"og:image:type\" content=\"image\/jpeg\" \/>\n<meta name=\"author\" content=\"MPPPST Prensa\" \/>\n<meta name=\"twitter:card\" content=\"summary_large_image\" \/>\n<meta name=\"twitter:label1\" content=\"Escrito por\" \/>\n\t<meta name=\"twitter:data1\" content=\"MPPPST Prensa\" \/>\n\t<meta name=\"twitter:label2\" content=\"Tiempo de lectura\" \/>\n\t<meta name=\"twitter:data2\" content=\"2 minutos\" \/>\n<script type=\"application\/ld+json\" class=\"yoast-schema-graph\">{\"@context\":\"https:\/\/schema.org\",\"@graph\":[{\"@type\":\"Article\",\"@id\":\"https:\/\/www.mpppst.gob.ve\/mpppstweb\/index.php\/2024\/08\/07\/el-mpppst-conmemora-los-200-anos-de-la-gran-batalla-de-junin\/#article\",\"isPartOf\":{\"@id\":\"https:\/\/www.mpppst.gob.ve\/mpppstweb\/index.php\/2024\/08\/07\/el-mpppst-conmemora-los-200-anos-de-la-gran-batalla-de-junin\/\"},\"author\":{\"name\":\"MPPPST Prensa\",\"@id\":\"https:\/\/www.mpppst.gob.ve\/mpppstweb\/#\/schema\/person\/fc187ee8ead412bd4c9304b62f900ea4\"},\"headline\":\"El MPPPST conmemora los 200 a\u00f1os de la gran Batalla de Jun\u00edn.\",\"datePublished\":\"2024-08-07T12:14:31+00:00\",\"dateModified\":\"2024-08-07T12:14:58+00:00\",\"mainEntityOfPage\":{\"@id\":\"https:\/\/www.mpppst.gob.ve\/mpppstweb\/index.php\/2024\/08\/07\/el-mpppst-conmemora-los-200-anos-de-la-gran-batalla-de-junin\/\"},\"wordCount\":340,\"publisher\":{\"@id\":\"https:\/\/www.mpppst.gob.ve\/mpppstweb\/#organization\"},\"image\":{\"@id\":\"https:\/\/www.mpppst.gob.ve\/mpppstweb\/index.php\/2024\/08\/07\/el-mpppst-conmemora-los-200-anos-de-la-gran-batalla-de-junin\/#primaryimage\"},\"thumbnailUrl\":\"https:\/\/www.mpppst.gob.ve\/mpppstweb\/wp-content\/uploads\/2024\/08\/IMG_20240807_081237_085.jpg\",\"keywords\":[\"Batalla de Jun\u00edn\",\"Gobierno Bolivariano\",\"MPPPST\",\"Nicol\u00e1s Maduro\",\"Participaci\u00f3n popular y protag\u00f3nica\",\"Presidente Maduro\"],\"articleSection\":[\"Gobierno Nacional\",\"Noticias\"],\"inLanguage\":\"es\"},{\"@type\":\"WebPage\",\"@id\":\"https:\/\/www.mpppst.gob.ve\/mpppstweb\/index.php\/2024\/08\/07\/el-mpppst-conmemora-los-200-anos-de-la-gran-batalla-de-junin\/\",\"url\":\"https:\/\/www.mpppst.gob.ve\/mpppstweb\/index.php\/2024\/08\/07\/el-mpppst-conmemora-los-200-anos-de-la-gran-batalla-de-junin\/\",\"name\":\"El MPPPST conmemora los 200 a\u00f1os de la gran Batalla de Jun\u00edn. - MPPPST\",\"isPartOf\":{\"@id\":\"https:\/\/www.mpppst.gob.ve\/mpppstweb\/#website\"},\"primaryImageOfPage\":{\"@id\":\"https:\/\/www.mpppst.gob.ve\/mpppstweb\/index.php\/2024\/08\/07\/el-mpppst-conmemora-los-200-anos-de-la-gran-batalla-de-junin\/#primaryimage\"},\"image\":{\"@id\":\"https:\/\/www.mpppst.gob.ve\/mpppstweb\/index.php\/2024\/08\/07\/el-mpppst-conmemora-los-200-anos-de-la-gran-batalla-de-junin\/#primaryimage\"},\"thumbnailUrl\":\"https:\/\/www.mpppst.gob.ve\/mpppstweb\/wp-content\/uploads\/2024\/08\/IMG_20240807_081237_085.jpg\",\"datePublished\":\"2024-08-07T12:14:31+00:00\",\"dateModified\":\"2024-08-07T12:14:58+00:00\",\"description\":\"El MPPPST conmemor\u00f3 los 200 a\u00f1os de la Batalla de Jun\u00edn, campa\u00f1a militar que pudo asegurar la independencia de Per\u00fa.\",\"breadcrumb\":{\"@id\":\"https:\/\/www.mpppst.gob.ve\/mpppstweb\/index.php\/2024\/08\/07\/el-mpppst-conmemora-los-200-anos-de-la-gran-batalla-de-junin\/#breadcrumb\"},\"inLanguage\":\"es\",\"potentialAction\":[{\"@type\":\"ReadAction\",\"target\":[\"https:\/\/www.mpppst.gob.ve\/mpppstweb\/index.php\/2024\/08\/07\/el-mpppst-conmemora-los-200-anos-de-la-gran-batalla-de-junin\/\"]}]},{\"@type\":\"ImageObject\",\"inLanguage\":\"es\",\"@id\":\"https:\/\/www.mpppst.gob.ve\/mpppstweb\/index.php\/2024\/08\/07\/el-mpppst-conmemora-los-200-anos-de-la-gran-batalla-de-junin\/#primaryimage\",\"url\":\"https:\/\/www.mpppst.gob.ve\/mpppstweb\/wp-content\/uploads\/2024\/08\/IMG_20240807_081237_085.jpg\",\"contentUrl\":\"https:\/\/www.mpppst.gob.ve\/mpppstweb\/wp-content\/uploads\/2024\/08\/IMG_20240807_081237_085.jpg\",\"width\":590,\"height\":389,\"caption\":\"El Ministerio del Poder Popular para el Proceso Social de Trabajo, conmemor\u00f3 los 200 a\u00f1os de la Batalla de Jun\u00edn, campa\u00f1a militar que pudo asegurar la independencia de Per\u00fa.\"},{\"@type\":\"BreadcrumbList\",\"@id\":\"https:\/\/www.mpppst.gob.ve\/mpppstweb\/index.php\/2024\/08\/07\/el-mpppst-conmemora-los-200-anos-de-la-gran-batalla-de-junin\/#breadcrumb\",\"itemListElement\":[{\"@type\":\"ListItem\",\"position\":1,\"name\":\"Home\",\"item\":\"https:\/\/www.mpppst.gob.ve\/mpppstweb\/\"},{\"@type\":\"ListItem\",\"position\":2,\"name\":\"El MPPPST conmemora los 200 a\u00f1os de la gran Batalla de Jun\u00edn.\"}]},{\"@type\":\"WebSite\",\"@id\":\"https:\/\/www.mpppst.gob.ve\/mpppstweb\/#website\",\"url\":\"https:\/\/www.mpppst.gob.ve\/mpppstweb\/\",\"name\":\"MPPPST\",\"description\":\"Ministerio del Poder Popular para el Proceso Social de Trabajo\",\"publisher\":{\"@id\":\"https:\/\/www.mpppst.gob.ve\/mpppstweb\/#organization\"},\"potentialAction\":[{\"@type\":\"SearchAction\",\"target\":{\"@type\":\"EntryPoint\",\"urlTemplate\":\"https:\/\/www.mpppst.gob.ve\/mpppstweb\/?s={search_term_string}\"},\"query-input\":\"required name=search_term_string\"}],\"inLanguage\":\"es\"},{\"@type\":\"Organization\",\"@id\":\"https:\/\/www.mpppst.gob.ve\/mpppstweb\/#organization\",\"name\":\"mpppst\",\"url\":\"https:\/\/www.mpppst.gob.ve\/mpppstweb\/\",\"logo\":{\"@type\":\"ImageObject\",\"inLanguage\":\"es\",\"@id\":\"https:\/\/www.mpppst.gob.ve\/mpppstweb\/#\/schema\/logo\/image\/\",\"url\":\"https:\/\/www.mpppst.gob.ve\/mpppstweb\/wp-content\/uploads\/2025\/07\/cropped-cropped-g910.png\",\"contentUrl\":\"https:\/\/www.mpppst.gob.ve\/mpppstweb\/wp-content\/uploads\/2025\/07\/cropped-cropped-g910.png\",\"width\":1080,\"height\":241,\"caption\":\"mpppst\"},\"image\":{\"@id\":\"https:\/\/www.mpppst.gob.ve\/mpppstweb\/#\/schema\/logo\/image\/\"}},{\"@type\":\"Person\",\"@id\":\"https:\/\/www.mpppst.gob.ve\/mpppstweb\/#\/schema\/person\/fc187ee8ead412bd4c9304b62f900ea4\",\"name\":\"MPPPST Prensa\",\"url\":\"https:\/\/www.mpppst.gob.ve\/mpppstweb\/index.php\/author\/prensa-mpppst\/\"}]}<\/script>\n<!-- \/ Yoast SEO plugin. -->","yoast_head_json":{"title":"El MPPPST conmemora los 200 a\u00f1os de la gran Batalla de Jun\u00edn. - MPPPST","description":"El MPPPST conmemor\u00f3 los 200 a\u00f1os de la Batalla de Jun\u00edn, campa\u00f1a militar que pudo asegurar la independencia de Per\u00fa.","robots":{"index":"index","follow":"follow","max-snippet":"max-snippet:-1","max-image-preview":"max-image-preview:large","max-video-preview":"max-video-preview:-1"},"canonical":"https:\/\/www.mpppst.gob.ve\/mpppstweb\/index.php\/2024\/08\/07\/el-mpppst-conmemora-los-200-anos-de-la-gran-batalla-de-junin\/","og_locale":"es_ES","og_type":"article","og_title":"El MPPPST conmemora los 200 a\u00f1os de la gran Batalla de Jun\u00edn. - MPPPST","og_description":"El MPPPST conmemor\u00f3 los 200 a\u00f1os de la Batalla de Jun\u00edn, campa\u00f1a militar que pudo asegurar la independencia de Per\u00fa.","og_url":"https:\/\/www.mpppst.gob.ve\/mpppstweb\/index.php\/2024\/08\/07\/el-mpppst-conmemora-los-200-anos-de-la-gran-batalla-de-junin\/","og_site_name":"MPPPST","article_published_time":"2024-08-07T12:14:31+00:00","article_modified_time":"2024-08-07T12:14:58+00:00","og_image":[{"width":590,"height":389,"url":"https:\/\/www.mpppst.gob.ve\/mpppstweb\/wp-content\/uploads\/2024\/08\/IMG_20240807_081237_085.jpg","type":"image\/jpeg"}],"author":"MPPPST Prensa","twitter_card":"summary_large_image","twitter_misc":{"Escrito por":"MPPPST Prensa","Tiempo de lectura":"2 minutos"},"schema":{"@context":"https:\/\/schema.org","@graph":[{"@type":"Article","@id":"https:\/\/www.mpppst.gob.ve\/mpppstweb\/index.php\/2024\/08\/07\/el-mpppst-conmemora-los-200-anos-de-la-gran-batalla-de-junin\/#article","isPartOf":{"@id":"https:\/\/www.mpppst.gob.ve\/mpppstweb\/index.php\/2024\/08\/07\/el-mpppst-conmemora-los-200-anos-de-la-gran-batalla-de-junin\/"},"author":{"name":"MPPPST Prensa","@id":"https:\/\/www.mpppst.gob.ve\/mpppstweb\/#\/schema\/person\/fc187ee8ead412bd4c9304b62f900ea4"},"headline":"El MPPPST conmemora los 200 a\u00f1os de la gran Batalla de Jun\u00edn.","datePublished":"2024-08-07T12:14:31+00:00","dateModified":"2024-08-07T12:14:58+00:00","mainEntityOfPage":{"@id":"https:\/\/www.mpppst.gob.ve\/mpppstweb\/index.php\/2024\/08\/07\/el-mpppst-conmemora-los-200-anos-de-la-gran-batalla-de-junin\/"},"wordCount":340,"publisher":{"@id":"https:\/\/www.mpppst.gob.ve\/mpppstweb\/#organization"},"image":{"@id":"https:\/\/www.mpppst.gob.ve\/mpppstweb\/index.php\/2024\/08\/07\/el-mpppst-conmemora-los-200-anos-de-la-gran-batalla-de-junin\/#primaryimage"},"thumbnailUrl":"https:\/\/www.mpppst.gob.ve\/mpppstweb\/wp-content\/uploads\/2024\/08\/IMG_20240807_081237_085.jpg","keywords":["Batalla de Jun\u00edn","Gobierno Bolivariano","MPPPST","Nicol\u00e1s Maduro","Participaci\u00f3n popular y protag\u00f3nica","Presidente Maduro"],"articleSection":["Gobierno Nacional","Noticias"],"inLanguage":"es"},{"@type":"WebPage","@id":"https:\/\/www.mpppst.gob.ve\/mpppstweb\/index.php\/2024\/08\/07\/el-mpppst-conmemora-los-200-anos-de-la-gran-batalla-de-junin\/","url":"https:\/\/www.mpppst.gob.ve\/mpppstweb\/index.php\/2024\/08\/07\/el-mpppst-conmemora-los-200-anos-de-la-gran-batalla-de-junin\/","name":"El MPPPST conmemora los 200 a\u00f1os de la gran Batalla de Jun\u00edn. - MPPPST","isPartOf":{"@id":"https:\/\/www.mpppst.gob.ve\/mpppstweb\/#website"},"primaryImageOfPage":{"@id":"https:\/\/www.mpppst.gob.ve\/mpppstweb\/index.php\/2024\/08\/07\/el-mpppst-conmemora-los-200-anos-de-la-gran-batalla-de-junin\/#primaryimage"},"image":{"@id":"https:\/\/www.mpppst.gob.ve\/mpppstweb\/index.php\/2024\/08\/07\/el-mpppst-conmemora-los-200-anos-de-la-gran-batalla-de-junin\/#primaryimage"},"thumbnailUrl":"https:\/\/www.mpppst.gob.ve\/mpppstweb\/wp-content\/uploads\/2024\/08\/IMG_20240807_081237_085.jpg","datePublished":"2024-08-07T12:14:31+00:00","dateModified":"2024-08-07T12:14:58+00:00","description":"El MPPPST conmemor\u00f3 los 200 a\u00f1os de la Batalla de Jun\u00edn, campa\u00f1a militar que pudo asegurar la independencia de Per\u00fa.","breadcrumb":{"@id":"https:\/\/www.mpppst.gob.ve\/mpppstweb\/index.php\/2024\/08\/07\/el-mpppst-conmemora-los-200-anos-de-la-gran-batalla-de-junin\/#breadcrumb"},"inLanguage":"es","potentialAction":[{"@type":"ReadAction","target":["https:\/\/www.mpppst.gob.ve\/mpppstweb\/index.php\/2024\/08\/07\/el-mpppst-conmemora-los-200-anos-de-la-gran-batalla-de-junin\/"]}]},{"@type":"ImageObject","inLanguage":"es","@id":"https:\/\/www.mpppst.gob.ve\/mpppstweb\/index.php\/2024\/08\/07\/el-mpppst-conmemora-los-200-anos-de-la-gran-batalla-de-junin\/#primaryimage","url":"https:\/\/www.mpppst.gob.ve\/mpppstweb\/wp-content\/uploads\/2024\/08\/IMG_20240807_081237_085.jpg","contentUrl":"https:\/\/www.mpppst.gob.ve\/mpppstweb\/wp-content\/uploads\/2024\/08\/IMG_20240807_081237_085.jpg","width":590,"height":389,"caption":"El Ministerio del Poder Popular para el Proceso Social de Trabajo, conmemor\u00f3 los 200 a\u00f1os de la Batalla de Jun\u00edn, campa\u00f1a militar que pudo asegurar la independencia de Per\u00fa."},{"@type":"BreadcrumbList","@id":"https:\/\/www.mpppst.gob.ve\/mpppstweb\/index.php\/2024\/08\/07\/el-mpppst-conmemora-los-200-anos-de-la-gran-batalla-de-junin\/#breadcrumb","itemListElement":[{"@type":"ListItem","position":1,"name":"Home","item":"https:\/\/www.mpppst.gob.ve\/mpppstweb\/"},{"@type":"ListItem","position":2,"name":"El MPPPST conmemora los 200 a\u00f1os de la gran Batalla de Jun\u00edn."}]},{"@type":"WebSite","@id":"https:\/\/www.mpppst.gob.ve\/mpppstweb\/#website","url":"https:\/\/www.mpppst.gob.ve\/mpppstweb\/","name":"MPPPST","description":"Ministerio del Poder Popular para el Proceso Social de Trabajo","publisher":{"@id":"https:\/\/www.mpppst.gob.ve\/mpppstweb\/#organization"},"potentialAction":[{"@type":"SearchAction","target":{"@type":"EntryPoint","urlTemplate":"https:\/\/www.mpppst.gob.ve\/mpppstweb\/?s={search_term_string}"},"query-input":"required name=search_term_string"}],"inLanguage":"es"},{"@type":"Organization","@id":"https:\/\/www.mpppst.gob.ve\/mpppstweb\/#organization","name":"mpppst","url":"https:\/\/www.mpppst.gob.ve\/mpppstweb\/","logo":{"@type":"ImageObject","inLanguage":"es","@id":"https:\/\/www.mpppst.gob.ve\/mpppstweb\/#\/schema\/logo\/image\/","url":"https:\/\/www.mpppst.gob.ve\/mpppstweb\/wp-content\/uploads\/2025\/07\/cropped-cropped-g910.png","contentUrl":"https:\/\/www.mpppst.gob.ve\/mpppstweb\/wp-content\/uploads\/2025\/07\/cropped-cropped-g910.png","width":1080,"height":241,"caption":"mpppst"},"image":{"@id":"https:\/\/www.mpppst.gob.ve\/mpppstweb\/#\/schema\/logo\/image\/"}},{"@type":"Person","@id":"https:\/\/www.mpppst.gob.ve\/mpppstweb\/#\/schema\/person\/fc187ee8ead412bd4c9304b62f900ea4","name":"MPPPST Prensa","url":"https:\/\/www.mpppst.gob.ve\/mpppstweb\/index.php\/author\/prensa-mpppst\/"}]}},"_links":{"self":[{"href":"https:\/\/www.mpppst.gob.ve\/mpppstweb\/index.php\/wp-json\/wp\/v2\/posts\/26525"}],"collection":[{"href":"https:\/\/www.mpppst.gob.ve\/mpppstweb\/index.php\/wp-json\/wp\/v2\/posts"}],"about":[{"href":"https:\/\/www.mpppst.gob.ve\/mpppstweb\/index.php\/wp-json\/wp\/v2\/types\/post"}],"author":[{"embeddable":true,"href":"https:\/\/www.mpppst.gob.ve\/mpppstweb\/index.php\/wp-json\/wp\/v2\/users\/25"}],"replies":[{"embeddable":true,"href":"https:\/\/www.mpppst.gob.ve\/mpppstweb\/index.php\/wp-json\/wp\/v2\/comments?post=26525"}],"version-history":[{"count":2,"href":"https:\/\/www.mpppst.gob.ve\/mpppstweb\/index.php\/wp-json\/wp\/v2\/posts\/26525\/revisions"}],"predecessor-version":[{"id":26531,"href":"https:\/\/www.mpppst.gob.ve\/mpppstweb\/index.php\/wp-json\/wp\/v2\/posts\/26525\/revisions\/26531"}],"wp:featuredmedia":[{"embeddable":true,"href":"https:\/\/www.mpppst.gob.ve\/mpppstweb\/index.php\/wp-json\/wp\/v2\/media\/26527"}],"wp:attachment":[{"href":"https:\/\/www.mpppst.gob.ve\/mpppstweb\/index.php\/wp-json\/wp\/v2\/media?parent=26525"}],"wp:term":[{"taxonomy":"category","embeddable":true,"href":"https:\/\/www.mpppst.gob.ve\/mpppstweb\/index.php\/wp-json\/wp\/v2\/categories?post=26525"},{"taxonomy":"post_tag","embeddable":true,"href":"https:\/\/www.mpppst.gob.ve\/mpppstweb\/index.php\/wp-json\/wp\/v2\/tags?post=26525"}],"curies":[{"name":"wp","href":"https:\/\/api.w.org\/{rel}","templated":true}]}}