{"id":26571,"date":"2024-08-09T22:50:06","date_gmt":"2024-08-10T02:50:06","guid":{"rendered":"https:\/\/www.mpppst.gob.ve\/mpppstweb\/?p=26571"},"modified":"2024-08-10T09:16:49","modified_gmt":"2024-08-10T13:16:49","slug":"clase-obrera-se-reunio-a-las-afueras-del-tsj-para-apoyar-el-presidente-nicolas-maduro-moros","status":"publish","type":"post","link":"https:\/\/www.mpppst.gob.ve\/mpppstweb\/index.php\/2024\/08\/09\/clase-obrera-se-reunio-a-las-afueras-del-tsj-para-apoyar-el-presidente-nicolas-maduro-moros\/","title":{"rendered":"Clase obrera se reuni\u00f3 a las afueras del TSJ para apoyar al presidente Nicol\u00e1s Maduro Moros\u00a0"},"content":{"rendered":"\n<p>(Caracas, 09-08-2024. Prensa MPPPST).-&nbsp; Diversos sectores hicieron acto de presencia en las inmediaciones del Tribunal Supremo de Justicia (TSJ) con el objetivo de acompa\u00f1ar al presidente Nicol\u00e1s Maduro Moros quien compareci\u00f3 ante la Sala Electoral del referido Tribunal, como parte del recurso contencioso, para dirimir lo concerniente a los comicios presidenciales, celebrado el pasado 28 de julio.<br><\/p>\n\n\n\n<figure class=\"wp-block-image size-large\"><img decoding=\"async\" loading=\"lazy\" width=\"1024\" height=\"682\" src=\"http:\/\/www.mpppst.gob.ve\/mpppstweb\/wp-content\/uploads\/2024\/08\/img_20240809_224815_8692210256264315368044-1024x682.jpg\" alt=\"\" class=\"wp-image-26568\" srcset=\"https:\/\/www.mpppst.gob.ve\/mpppstweb\/wp-content\/uploads\/2024\/08\/img_20240809_224815_8692210256264315368044-1024x682.jpg 1024w, https:\/\/www.mpppst.gob.ve\/mpppstweb\/wp-content\/uploads\/2024\/08\/img_20240809_224815_8692210256264315368044-300x200.jpg 300w, https:\/\/www.mpppst.gob.ve\/mpppstweb\/wp-content\/uploads\/2024\/08\/img_20240809_224815_8692210256264315368044-768x512.jpg 768w, https:\/\/www.mpppst.gob.ve\/mpppstweb\/wp-content\/uploads\/2024\/08\/img_20240809_224815_8692210256264315368044.jpg 1280w\" sizes=\"(max-width: 1024px) 100vw, 1024px\" \/><\/figure>\n\n\n\n<p><br>En este sentido, los trabajadores y trabajadoras del Ministerio del Poder Popular para el Proceso Social de Trabajo (MPPPST) acompa\u00f1aron, junto al pueblo, al Primer Mandatario Nacional, como parte de su compromiso revolucionario y en defensa de los votos y de la voluntad popular venezolana manifestada en los comicios electorales el pasado 28 de julio, d\u00f3nde result\u00f3 ganador Nicol\u00e1s Maduro Moros.&nbsp;<br><br>Por su parte,&nbsp; Marcos Arejula, vocero de los cultores de Caracas, manifest\u00f3 que \u201cac\u00e1 estamos todas las expresiones culturales, los gabinetes culturales, los equipos culturales, m\u00fasicos, artesanos, apoyando el proceso revolucionario de&nbsp; nuestro pa\u00eds en estos 25 a\u00f1os y tambi\u00e9n le estamos dando un mensaje claro al imperialismo internacional de que el 28 de julio gan\u00f3 Nicol\u00e1s Maduro\u00bb.&nbsp;<br><br>Apoyo rotundo al presidente Nicol\u00e1s Maduro.<\/p>\n\n\n\n<figure class=\"wp-block-image size-large\"><img decoding=\"async\" loading=\"lazy\" width=\"1024\" height=\"682\" src=\"http:\/\/www.mpppst.gob.ve\/mpppstweb\/wp-content\/uploads\/2024\/08\/img_20240809_224823_713272564234528083434-1024x682.jpg\" alt=\"\" class=\"wp-image-26569\" srcset=\"https:\/\/www.mpppst.gob.ve\/mpppstweb\/wp-content\/uploads\/2024\/08\/img_20240809_224823_713272564234528083434-1024x682.jpg 1024w, https:\/\/www.mpppst.gob.ve\/mpppstweb\/wp-content\/uploads\/2024\/08\/img_20240809_224823_713272564234528083434-300x200.jpg 300w, https:\/\/www.mpppst.gob.ve\/mpppstweb\/wp-content\/uploads\/2024\/08\/img_20240809_224823_713272564234528083434-768x512.jpg 768w, https:\/\/www.mpppst.gob.ve\/mpppstweb\/wp-content\/uploads\/2024\/08\/img_20240809_224823_713272564234528083434.jpg 1280w\" sizes=\"(max-width: 1024px) 100vw, 1024px\" \/><\/figure>\n\n\n\n<p><br><br>El pueblo venezolano entre cantos, banderas, y mucha energ\u00eda, esper\u00f3 al presidente Maduro, luego de comparecer ante el TSJ quien declar\u00f3 que \u00abtenemos bajo el nuevo sistema electoral, la nueva Constituci\u00f3n, 31 elecciones en 25 a\u00f1os, hemos ganado 29 elecciones, en distintas coyunturas, en unas m\u00e1s favorables, otras m\u00e1s dif\u00edciles [&#8230;] y no salimos a pegar gritos, ni a quemar el pa\u00eds, respeto a nuestros adversarios.\u00bb<br><br>Hizo la observaci\u00f3n de la ausencia de las actas del candidato Edmundo Gonzalez, siendo escandaloso que denuncien fraude y luego huyan sin asumir la responsabilidad ante el TJS.l, exigiendo la verdad a los medios que est\u00e1n afiliados a la oligarqu\u00eda de la ultraderecha, quienes buscan justificar la violencia en el pa\u00eds.&nbsp;<br><br>\u201cCon la verdad se hace justicia, ante este golpe de Estado, esta emboscada criminal, de violencia y de fascismo, que pretende llevar un espiral de violencia, para imponer un llamado de intervenci\u00f3n extranjera y para tratar de destruir el orden de las instituciones. [&#8230;] No pudieron con la justicia y la Constituci\u00f3n.\u00bb&nbsp;<br><br>PSUV y el GPP entregan documentaci\u00f3n entregada en el TSJ.<\/p>\n\n\n\n<figure class=\"wp-block-image size-large\"><img decoding=\"async\" loading=\"lazy\" width=\"1024\" height=\"577\" src=\"http:\/\/www.mpppst.gob.ve\/mpppstweb\/wp-content\/uploads\/2024\/08\/img_20240809_224842_1957720972773791208706-1024x577.jpg\" alt=\"\" class=\"wp-image-26570\" srcset=\"https:\/\/www.mpppst.gob.ve\/mpppstweb\/wp-content\/uploads\/2024\/08\/img_20240809_224842_1957720972773791208706-1024x577.jpg 1024w, https:\/\/www.mpppst.gob.ve\/mpppstweb\/wp-content\/uploads\/2024\/08\/img_20240809_224842_1957720972773791208706-300x169.jpg 300w, https:\/\/www.mpppst.gob.ve\/mpppstweb\/wp-content\/uploads\/2024\/08\/img_20240809_224842_1957720972773791208706-768x433.jpg 768w, https:\/\/www.mpppst.gob.ve\/mpppstweb\/wp-content\/uploads\/2024\/08\/img_20240809_224842_1957720972773791208706.jpg 1280w\" sizes=\"(max-width: 1024px) 100vw, 1024px\" \/><\/figure>\n\n\n\n<p><br><br>El primer vicepresidente por el Partido Socialista Unido de Venezuela (Psuv), Diosdado Cabello, y el Gran Polo Patri\u00f3tico (GPP), entregaron la documentaci\u00f3n solicitada por el Tribunal Supremo de Justicia (TSJ) para dar continuidad al contencioso electoral sobre las elecciones del 28 de julio.&nbsp;<br><br>\u201cComo piensan algunos gobiernos, como el de Boris, el de Milei, en Venezuela ellos no hacen las elecciones, las elecciones las hace el Consejo Nacional Electoral, nosotros tenemos tiempo pidi\u00e9ndoles respeto a estos se\u00f1ores que son voceros del imperialismo\u00bb, agreg\u00f3 el vicepresidente del Psuv Diosdado Cabello. (Fin\/Isabela Guzman).<\/p>\n","protected":false},"excerpt":{"rendered":"<p>(Caracas, 09-08-2024. Prensa MPPPST).-&nbsp; Diversos sectores hicieron acto de presencia en las inmediaciones del Tribunal Supremo &hellip; <a title=\"Clase obrera se reuni\u00f3 a las afueras del TSJ para apoyar al presidente Nicol\u00e1s Maduro Moros\u00a0\" class=\"hm-read-more\" href=\"https:\/\/www.mpppst.gob.ve\/mpppstweb\/index.php\/2024\/08\/09\/clase-obrera-se-reunio-a-las-afueras-del-tsj-para-apoyar-el-presidente-nicolas-maduro-moros\/\"><span class=\"screen-reader-text\">Clase obrera se reuni\u00f3 a las afueras del TSJ para apoyar al presidente Nicol\u00e1s Maduro Moros\u00a0<\/span>Read more<\/a><\/p>\n","protected":false},"author":25,"featured_media":26569,"comment_status":"closed","ping_status":"closed","sticky":false,"template":"","format":"standard","meta":{"footnotes":""},"categories":[82],"tags":[225,222,223,341,240,227,345],"yoast_head":"<!-- This site is optimized with the Yoast SEO plugin v22.5 - https:\/\/yoast.com\/wordpress\/plugins\/seo\/ -->\n<title>Clase obrera se reuni\u00f3 a las afueras del TSJ para apoyar al presidente Nicol\u00e1s Maduro Moros\u00a0 - MPPPST<\/title>\n<meta name=\"robots\" content=\"index, follow, max-snippet:-1, max-image-preview:large, max-video-preview:-1\" \/>\n<link rel=\"canonical\" href=\"https:\/\/www.mpppst.gob.ve\/mpppstweb\/index.php\/2024\/08\/09\/clase-obrera-se-reunio-a-las-afueras-del-tsj-para-apoyar-el-presidente-nicolas-maduro-moros\/\" \/>\n<meta property=\"og:locale\" content=\"es_ES\" \/>\n<meta property=\"og:type\" content=\"article\" \/>\n<meta property=\"og:title\" content=\"Clase obrera se reuni\u00f3 a las afueras del TSJ para apoyar al presidente Nicol\u00e1s Maduro Moros\u00a0 - MPPPST\" \/>\n<meta property=\"og:description\" content=\"(Caracas, 09-08-2024. Prensa MPPPST).-&nbsp; Diversos sectores hicieron acto de presencia en las inmediaciones del Tribunal Supremo &hellip; Clase obrera se reuni\u00f3 a las afueras del TSJ para apoyar al presidente Nicol\u00e1s Maduro Moros\u00a0Read more\" \/>\n<meta property=\"og:url\" content=\"https:\/\/www.mpppst.gob.ve\/mpppstweb\/index.php\/2024\/08\/09\/clase-obrera-se-reunio-a-las-afueras-del-tsj-para-apoyar-el-presidente-nicolas-maduro-moros\/\" \/>\n<meta property=\"og:site_name\" content=\"MPPPST\" \/>\n<meta property=\"article:published_time\" content=\"2024-08-10T02:50:06+00:00\" \/>\n<meta property=\"article:modified_time\" content=\"2024-08-10T13:16:49+00:00\" \/>\n<meta property=\"og:image\" content=\"https:\/\/www.mpppst.gob.ve\/mpppstweb\/wp-content\/uploads\/2024\/08\/img_20240809_224823_713272564234528083434.jpg\" \/>\n\t<meta property=\"og:image:width\" content=\"1280\" \/>\n\t<meta property=\"og:image:height\" content=\"853\" \/>\n\t<meta property=\"og:image:type\" content=\"image\/jpeg\" \/>\n<meta name=\"author\" content=\"MPPPST Prensa\" \/>\n<meta name=\"twitter:card\" content=\"summary_large_image\" \/>\n<meta name=\"twitter:label1\" content=\"Escrito por\" \/>\n\t<meta name=\"twitter:data1\" content=\"MPPPST Prensa\" \/>\n\t<meta name=\"twitter:label2\" content=\"Tiempo de lectura\" \/>\n\t<meta name=\"twitter:data2\" content=\"3 minutos\" \/>\n<script type=\"application\/ld+json\" class=\"yoast-schema-graph\">{\"@context\":\"https:\/\/schema.org\",\"@graph\":[{\"@type\":\"Article\",\"@id\":\"https:\/\/www.mpppst.gob.ve\/mpppstweb\/index.php\/2024\/08\/09\/clase-obrera-se-reunio-a-las-afueras-del-tsj-para-apoyar-el-presidente-nicolas-maduro-moros\/#article\",\"isPartOf\":{\"@id\":\"https:\/\/www.mpppst.gob.ve\/mpppstweb\/index.php\/2024\/08\/09\/clase-obrera-se-reunio-a-las-afueras-del-tsj-para-apoyar-el-presidente-nicolas-maduro-moros\/\"},\"author\":{\"name\":\"MPPPST Prensa\",\"@id\":\"https:\/\/www.mpppst.gob.ve\/mpppstweb\/#\/schema\/person\/fc187ee8ead412bd4c9304b62f900ea4\"},\"headline\":\"Clase obrera se reuni\u00f3 a las afueras del TSJ para apoyar al presidente Nicol\u00e1s Maduro Moros\u00a0\",\"datePublished\":\"2024-08-10T02:50:06+00:00\",\"dateModified\":\"2024-08-10T13:16:49+00:00\",\"mainEntityOfPage\":{\"@id\":\"https:\/\/www.mpppst.gob.ve\/mpppstweb\/index.php\/2024\/08\/09\/clase-obrera-se-reunio-a-las-afueras-del-tsj-para-apoyar-el-presidente-nicolas-maduro-moros\/\"},\"wordCount\":500,\"publisher\":{\"@id\":\"https:\/\/www.mpppst.gob.ve\/mpppstweb\/#organization\"},\"image\":{\"@id\":\"https:\/\/www.mpppst.gob.ve\/mpppstweb\/index.php\/2024\/08\/09\/clase-obrera-se-reunio-a-las-afueras-del-tsj-para-apoyar-el-presidente-nicolas-maduro-moros\/#primaryimage\"},\"thumbnailUrl\":\"https:\/\/www.mpppst.gob.ve\/mpppstweb\/wp-content\/uploads\/2024\/08\/img_20240809_224823_713272564234528083434.jpg\",\"keywords\":[\"Fuerza Laboral\",\"Gobierno Bolivariano\",\"MPPPST\",\"Nicol\u00e1s Maduro\",\"Participaci\u00f3n popular y protag\u00f3nica\",\"Proceso Social\",\"Trabajadores\"],\"articleSection\":[\"Gobierno Nacional\"],\"inLanguage\":\"es\"},{\"@type\":\"WebPage\",\"@id\":\"https:\/\/www.mpppst.gob.ve\/mpppstweb\/index.php\/2024\/08\/09\/clase-obrera-se-reunio-a-las-afueras-del-tsj-para-apoyar-el-presidente-nicolas-maduro-moros\/\",\"url\":\"https:\/\/www.mpppst.gob.ve\/mpppstweb\/index.php\/2024\/08\/09\/clase-obrera-se-reunio-a-las-afueras-del-tsj-para-apoyar-el-presidente-nicolas-maduro-moros\/\",\"name\":\"Clase obrera se reuni\u00f3 a las afueras del TSJ para apoyar al presidente Nicol\u00e1s Maduro Moros\u00a0 - MPPPST\",\"isPartOf\":{\"@id\":\"https:\/\/www.mpppst.gob.ve\/mpppstweb\/#website\"},\"primaryImageOfPage\":{\"@id\":\"https:\/\/www.mpppst.gob.ve\/mpppstweb\/index.php\/2024\/08\/09\/clase-obrera-se-reunio-a-las-afueras-del-tsj-para-apoyar-el-presidente-nicolas-maduro-moros\/#primaryimage\"},\"image\":{\"@id\":\"https:\/\/www.mpppst.gob.ve\/mpppstweb\/index.php\/2024\/08\/09\/clase-obrera-se-reunio-a-las-afueras-del-tsj-para-apoyar-el-presidente-nicolas-maduro-moros\/#primaryimage\"},\"thumbnailUrl\":\"https:\/\/www.mpppst.gob.ve\/mpppstweb\/wp-content\/uploads\/2024\/08\/img_20240809_224823_713272564234528083434.jpg\",\"datePublished\":\"2024-08-10T02:50:06+00:00\",\"dateModified\":\"2024-08-10T13:16:49+00:00\",\"breadcrumb\":{\"@id\":\"https:\/\/www.mpppst.gob.ve\/mpppstweb\/index.php\/2024\/08\/09\/clase-obrera-se-reunio-a-las-afueras-del-tsj-para-apoyar-el-presidente-nicolas-maduro-moros\/#breadcrumb\"},\"inLanguage\":\"es\",\"potentialAction\":[{\"@type\":\"ReadAction\",\"target\":[\"https:\/\/www.mpppst.gob.ve\/mpppstweb\/index.php\/2024\/08\/09\/clase-obrera-se-reunio-a-las-afueras-del-tsj-para-apoyar-el-presidente-nicolas-maduro-moros\/\"]}]},{\"@type\":\"ImageObject\",\"inLanguage\":\"es\",\"@id\":\"https:\/\/www.mpppst.gob.ve\/mpppstweb\/index.php\/2024\/08\/09\/clase-obrera-se-reunio-a-las-afueras-del-tsj-para-apoyar-el-presidente-nicolas-maduro-moros\/#primaryimage\",\"url\":\"https:\/\/www.mpppst.gob.ve\/mpppstweb\/wp-content\/uploads\/2024\/08\/img_20240809_224823_713272564234528083434.jpg\",\"contentUrl\":\"https:\/\/www.mpppst.gob.ve\/mpppstweb\/wp-content\/uploads\/2024\/08\/img_20240809_224823_713272564234528083434.jpg\",\"width\":1280,\"height\":853},{\"@type\":\"BreadcrumbList\",\"@id\":\"https:\/\/www.mpppst.gob.ve\/mpppstweb\/index.php\/2024\/08\/09\/clase-obrera-se-reunio-a-las-afueras-del-tsj-para-apoyar-el-presidente-nicolas-maduro-moros\/#breadcrumb\",\"itemListElement\":[{\"@type\":\"ListItem\",\"position\":1,\"name\":\"Home\",\"item\":\"https:\/\/www.mpppst.gob.ve\/mpppstweb\/\"},{\"@type\":\"ListItem\",\"position\":2,\"name\":\"Clase obrera se reuni\u00f3 a las afueras del TSJ para apoyar al presidente Nicol\u00e1s Maduro Moros\u00a0\"}]},{\"@type\":\"WebSite\",\"@id\":\"https:\/\/www.mpppst.gob.ve\/mpppstweb\/#website\",\"url\":\"https:\/\/www.mpppst.gob.ve\/mpppstweb\/\",\"name\":\"MPPPST\",\"description\":\"Ministerio del Poder Popular para el Proceso Social de Trabajo\",\"publisher\":{\"@id\":\"https:\/\/www.mpppst.gob.ve\/mpppstweb\/#organization\"},\"potentialAction\":[{\"@type\":\"SearchAction\",\"target\":{\"@type\":\"EntryPoint\",\"urlTemplate\":\"https:\/\/www.mpppst.gob.ve\/mpppstweb\/?s={search_term_string}\"},\"query-input\":\"required name=search_term_string\"}],\"inLanguage\":\"es\"},{\"@type\":\"Organization\",\"@id\":\"https:\/\/www.mpppst.gob.ve\/mpppstweb\/#organization\",\"name\":\"mpppst\",\"url\":\"https:\/\/www.mpppst.gob.ve\/mpppstweb\/\",\"logo\":{\"@type\":\"ImageObject\",\"inLanguage\":\"es\",\"@id\":\"https:\/\/www.mpppst.gob.ve\/mpppstweb\/#\/schema\/logo\/image\/\",\"url\":\"https:\/\/www.mpppst.gob.ve\/mpppstweb\/wp-content\/uploads\/2025\/07\/cropped-cropped-g910.png\",\"contentUrl\":\"https:\/\/www.mpppst.gob.ve\/mpppstweb\/wp-content\/uploads\/2025\/07\/cropped-cropped-g910.png\",\"width\":1080,\"height\":241,\"caption\":\"mpppst\"},\"image\":{\"@id\":\"https:\/\/www.mpppst.gob.ve\/mpppstweb\/#\/schema\/logo\/image\/\"}},{\"@type\":\"Person\",\"@id\":\"https:\/\/www.mpppst.gob.ve\/mpppstweb\/#\/schema\/person\/fc187ee8ead412bd4c9304b62f900ea4\",\"name\":\"MPPPST Prensa\",\"url\":\"https:\/\/www.mpppst.gob.ve\/mpppstweb\/index.php\/author\/prensa-mpppst\/\"}]}<\/script>\n<!-- \/ Yoast SEO plugin. -->","yoast_head_json":{"title":"Clase obrera se reuni\u00f3 a las afueras del TSJ para apoyar al presidente Nicol\u00e1s Maduro Moros\u00a0 - MPPPST","robots":{"index":"index","follow":"follow","max-snippet":"max-snippet:-1","max-image-preview":"max-image-preview:large","max-video-preview":"max-video-preview:-1"},"canonical":"https:\/\/www.mpppst.gob.ve\/mpppstweb\/index.php\/2024\/08\/09\/clase-obrera-se-reunio-a-las-afueras-del-tsj-para-apoyar-el-presidente-nicolas-maduro-moros\/","og_locale":"es_ES","og_type":"article","og_title":"Clase obrera se reuni\u00f3 a las afueras del TSJ para apoyar al presidente Nicol\u00e1s Maduro Moros\u00a0 - MPPPST","og_description":"(Caracas, 09-08-2024. Prensa MPPPST).-&nbsp; Diversos sectores hicieron acto de presencia en las inmediaciones del Tribunal Supremo &hellip; Clase obrera se reuni\u00f3 a las afueras del TSJ para apoyar al presidente Nicol\u00e1s Maduro Moros\u00a0Read more","og_url":"https:\/\/www.mpppst.gob.ve\/mpppstweb\/index.php\/2024\/08\/09\/clase-obrera-se-reunio-a-las-afueras-del-tsj-para-apoyar-el-presidente-nicolas-maduro-moros\/","og_site_name":"MPPPST","article_published_time":"2024-08-10T02:50:06+00:00","article_modified_time":"2024-08-10T13:16:49+00:00","og_image":[{"width":1280,"height":853,"url":"https:\/\/www.mpppst.gob.ve\/mpppstweb\/wp-content\/uploads\/2024\/08\/img_20240809_224823_713272564234528083434.jpg","type":"image\/jpeg"}],"author":"MPPPST Prensa","twitter_card":"summary_large_image","twitter_misc":{"Escrito por":"MPPPST Prensa","Tiempo de lectura":"3 minutos"},"schema":{"@context":"https:\/\/schema.org","@graph":[{"@type":"Article","@id":"https:\/\/www.mpppst.gob.ve\/mpppstweb\/index.php\/2024\/08\/09\/clase-obrera-se-reunio-a-las-afueras-del-tsj-para-apoyar-el-presidente-nicolas-maduro-moros\/#article","isPartOf":{"@id":"https:\/\/www.mpppst.gob.ve\/mpppstweb\/index.php\/2024\/08\/09\/clase-obrera-se-reunio-a-las-afueras-del-tsj-para-apoyar-el-presidente-nicolas-maduro-moros\/"},"author":{"name":"MPPPST Prensa","@id":"https:\/\/www.mpppst.gob.ve\/mpppstweb\/#\/schema\/person\/fc187ee8ead412bd4c9304b62f900ea4"},"headline":"Clase obrera se reuni\u00f3 a las afueras del TSJ para apoyar al presidente Nicol\u00e1s Maduro Moros\u00a0","datePublished":"2024-08-10T02:50:06+00:00","dateModified":"2024-08-10T13:16:49+00:00","mainEntityOfPage":{"@id":"https:\/\/www.mpppst.gob.ve\/mpppstweb\/index.php\/2024\/08\/09\/clase-obrera-se-reunio-a-las-afueras-del-tsj-para-apoyar-el-presidente-nicolas-maduro-moros\/"},"wordCount":500,"publisher":{"@id":"https:\/\/www.mpppst.gob.ve\/mpppstweb\/#organization"},"image":{"@id":"https:\/\/www.mpppst.gob.ve\/mpppstweb\/index.php\/2024\/08\/09\/clase-obrera-se-reunio-a-las-afueras-del-tsj-para-apoyar-el-presidente-nicolas-maduro-moros\/#primaryimage"},"thumbnailUrl":"https:\/\/www.mpppst.gob.ve\/mpppstweb\/wp-content\/uploads\/2024\/08\/img_20240809_224823_713272564234528083434.jpg","keywords":["Fuerza Laboral","Gobierno Bolivariano","MPPPST","Nicol\u00e1s Maduro","Participaci\u00f3n popular y protag\u00f3nica","Proceso Social","Trabajadores"],"articleSection":["Gobierno Nacional"],"inLanguage":"es"},{"@type":"WebPage","@id":"https:\/\/www.mpppst.gob.ve\/mpppstweb\/index.php\/2024\/08\/09\/clase-obrera-se-reunio-a-las-afueras-del-tsj-para-apoyar-el-presidente-nicolas-maduro-moros\/","url":"https:\/\/www.mpppst.gob.ve\/mpppstweb\/index.php\/2024\/08\/09\/clase-obrera-se-reunio-a-las-afueras-del-tsj-para-apoyar-el-presidente-nicolas-maduro-moros\/","name":"Clase obrera se reuni\u00f3 a las afueras del TSJ para apoyar al presidente Nicol\u00e1s Maduro Moros\u00a0 - MPPPST","isPartOf":{"@id":"https:\/\/www.mpppst.gob.ve\/mpppstweb\/#website"},"primaryImageOfPage":{"@id":"https:\/\/www.mpppst.gob.ve\/mpppstweb\/index.php\/2024\/08\/09\/clase-obrera-se-reunio-a-las-afueras-del-tsj-para-apoyar-el-presidente-nicolas-maduro-moros\/#primaryimage"},"image":{"@id":"https:\/\/www.mpppst.gob.ve\/mpppstweb\/index.php\/2024\/08\/09\/clase-obrera-se-reunio-a-las-afueras-del-tsj-para-apoyar-el-presidente-nicolas-maduro-moros\/#primaryimage"},"thumbnailUrl":"https:\/\/www.mpppst.gob.ve\/mpppstweb\/wp-content\/uploads\/2024\/08\/img_20240809_224823_713272564234528083434.jpg","datePublished":"2024-08-10T02:50:06+00:00","dateModified":"2024-08-10T13:16:49+00:00","breadcrumb":{"@id":"https:\/\/www.mpppst.gob.ve\/mpppstweb\/index.php\/2024\/08\/09\/clase-obrera-se-reunio-a-las-afueras-del-tsj-para-apoyar-el-presidente-nicolas-maduro-moros\/#breadcrumb"},"inLanguage":"es","potentialAction":[{"@type":"ReadAction","target":["https:\/\/www.mpppst.gob.ve\/mpppstweb\/index.php\/2024\/08\/09\/clase-obrera-se-reunio-a-las-afueras-del-tsj-para-apoyar-el-presidente-nicolas-maduro-moros\/"]}]},{"@type":"ImageObject","inLanguage":"es","@id":"https:\/\/www.mpppst.gob.ve\/mpppstweb\/index.php\/2024\/08\/09\/clase-obrera-se-reunio-a-las-afueras-del-tsj-para-apoyar-el-presidente-nicolas-maduro-moros\/#primaryimage","url":"https:\/\/www.mpppst.gob.ve\/mpppstweb\/wp-content\/uploads\/2024\/08\/img_20240809_224823_713272564234528083434.jpg","contentUrl":"https:\/\/www.mpppst.gob.ve\/mpppstweb\/wp-content\/uploads\/2024\/08\/img_20240809_224823_713272564234528083434.jpg","width":1280,"height":853},{"@type":"BreadcrumbList","@id":"https:\/\/www.mpppst.gob.ve\/mpppstweb\/index.php\/2024\/08\/09\/clase-obrera-se-reunio-a-las-afueras-del-tsj-para-apoyar-el-presidente-nicolas-maduro-moros\/#breadcrumb","itemListElement":[{"@type":"ListItem","position":1,"name":"Home","item":"https:\/\/www.mpppst.gob.ve\/mpppstweb\/"},{"@type":"ListItem","position":2,"name":"Clase obrera se reuni\u00f3 a las afueras del TSJ para apoyar al presidente Nicol\u00e1s Maduro Moros\u00a0"}]},{"@type":"WebSite","@id":"https:\/\/www.mpppst.gob.ve\/mpppstweb\/#website","url":"https:\/\/www.mpppst.gob.ve\/mpppstweb\/","name":"MPPPST","description":"Ministerio del Poder Popular para el Proceso Social de Trabajo","publisher":{"@id":"https:\/\/www.mpppst.gob.ve\/mpppstweb\/#organization"},"potentialAction":[{"@type":"SearchAction","target":{"@type":"EntryPoint","urlTemplate":"https:\/\/www.mpppst.gob.ve\/mpppstweb\/?s={search_term_string}"},"query-input":"required name=search_term_string"}],"inLanguage":"es"},{"@type":"Organization","@id":"https:\/\/www.mpppst.gob.ve\/mpppstweb\/#organization","name":"mpppst","url":"https:\/\/www.mpppst.gob.ve\/mpppstweb\/","logo":{"@type":"ImageObject","inLanguage":"es","@id":"https:\/\/www.mpppst.gob.ve\/mpppstweb\/#\/schema\/logo\/image\/","url":"https:\/\/www.mpppst.gob.ve\/mpppstweb\/wp-content\/uploads\/2025\/07\/cropped-cropped-g910.png","contentUrl":"https:\/\/www.mpppst.gob.ve\/mpppstweb\/wp-content\/uploads\/2025\/07\/cropped-cropped-g910.png","width":1080,"height":241,"caption":"mpppst"},"image":{"@id":"https:\/\/www.mpppst.gob.ve\/mpppstweb\/#\/schema\/logo\/image\/"}},{"@type":"Person","@id":"https:\/\/www.mpppst.gob.ve\/mpppstweb\/#\/schema\/person\/fc187ee8ead412bd4c9304b62f900ea4","name":"MPPPST Prensa","url":"https:\/\/www.mpppst.gob.ve\/mpppstweb\/index.php\/author\/prensa-mpppst\/"}]}},"_links":{"self":[{"href":"https:\/\/www.mpppst.gob.ve\/mpppstweb\/index.php\/wp-json\/wp\/v2\/posts\/26571"}],"collection":[{"href":"https:\/\/www.mpppst.gob.ve\/mpppstweb\/index.php\/wp-json\/wp\/v2\/posts"}],"about":[{"href":"https:\/\/www.mpppst.gob.ve\/mpppstweb\/index.php\/wp-json\/wp\/v2\/types\/post"}],"author":[{"embeddable":true,"href":"https:\/\/www.mpppst.gob.ve\/mpppstweb\/index.php\/wp-json\/wp\/v2\/users\/25"}],"replies":[{"embeddable":true,"href":"https:\/\/www.mpppst.gob.ve\/mpppstweb\/index.php\/wp-json\/wp\/v2\/comments?post=26571"}],"version-history":[{"count":3,"href":"https:\/\/www.mpppst.gob.ve\/mpppstweb\/index.php\/wp-json\/wp\/v2\/posts\/26571\/revisions"}],"predecessor-version":[{"id":26574,"href":"https:\/\/www.mpppst.gob.ve\/mpppstweb\/index.php\/wp-json\/wp\/v2\/posts\/26571\/revisions\/26574"}],"wp:featuredmedia":[{"embeddable":true,"href":"https:\/\/www.mpppst.gob.ve\/mpppstweb\/index.php\/wp-json\/wp\/v2\/media\/26569"}],"wp:attachment":[{"href":"https:\/\/www.mpppst.gob.ve\/mpppstweb\/index.php\/wp-json\/wp\/v2\/media?parent=26571"}],"wp:term":[{"taxonomy":"category","embeddable":true,"href":"https:\/\/www.mpppst.gob.ve\/mpppstweb\/index.php\/wp-json\/wp\/v2\/categories?post=26571"},{"taxonomy":"post_tag","embeddable":true,"href":"https:\/\/www.mpppst.gob.ve\/mpppstweb\/index.php\/wp-json\/wp\/v2\/tags?post=26571"}],"curies":[{"name":"wp","href":"https:\/\/api.w.org\/{rel}","templated":true}]}}