{"id":26598,"date":"2024-08-22T18:53:56","date_gmt":"2024-08-22T22:53:56","guid":{"rendered":"https:\/\/www.mpppst.gob.ve\/mpppstweb\/?p=26598"},"modified":"2024-08-22T18:55:58","modified_gmt":"2024-08-22T22:55:58","slug":"clase-trabajadora-rechaza-violencia-que-desestabilice-la-paz-de-la-nacion","status":"publish","type":"post","link":"https:\/\/www.mpppst.gob.ve\/mpppstweb\/index.php\/2024\/08\/22\/clase-trabajadora-rechaza-violencia-que-desestabilice-la-paz-de-la-nacion\/","title":{"rendered":"Clase trabajadora rechaza violencia que desestabilice la Paz de la naci\u00f3n."},"content":{"rendered":"\n<p>Caracas, 22-08-2024. Prensa MPPPST).- Este jueves, el Partido Socialista Unido de Venezuela (PSUV) convoc\u00f3 a todos los venezolanos y las venezolanas a movilizarse en respaldo a la Ley Contra el Fascismo, Neofascismo y Expresiones Similares, desde la Plaza Morelos, en Bellas Artes, hasta las inmediaciones de la Asamblea Nacional, ubicada en la esquina de San Francisco en pleno centro de Caracas. <br> <br>&nbsp; <br> <br>Los trabajadores y trabajadoras hicieron presencia, dejando claro que est\u00e1n en contra de cualquier expresi\u00f3n de violencia que atente contra la Patria y desestabilice la Paz de la naci\u00f3n. <br> <br>&nbsp; <\/p>\n\n\n\n<figure class=\"wp-block-image size-large\"><img decoding=\"async\" loading=\"lazy\" width=\"1024\" height=\"577\" src=\"https:\/\/www.mpppst.gob.ve\/mpppstweb\/wp-content\/uploads\/2024\/08\/img_20240822_185151_3102527312244884562184-1024x577.jpg\" alt=\"\" class=\"wp-image-26596\" srcset=\"https:\/\/www.mpppst.gob.ve\/mpppstweb\/wp-content\/uploads\/2024\/08\/img_20240822_185151_3102527312244884562184-1024x577.jpg 1024w, https:\/\/www.mpppst.gob.ve\/mpppstweb\/wp-content\/uploads\/2024\/08\/img_20240822_185151_3102527312244884562184-300x169.jpg 300w, https:\/\/www.mpppst.gob.ve\/mpppstweb\/wp-content\/uploads\/2024\/08\/img_20240822_185151_3102527312244884562184-768x433.jpg 768w, https:\/\/www.mpppst.gob.ve\/mpppstweb\/wp-content\/uploads\/2024\/08\/img_20240822_185151_3102527312244884562184.jpg 1280w\" sizes=\"(max-width: 1024px) 100vw, 1024px\" \/><figcaption class=\"wp-element-caption\"><em>Clase trabajadora. (Foto: Yorgelis S\u00e1nchez).<\/em><\/figcaption><\/figure>\n\n\n\n<p><br> <br>La Ley Contra el Fascismo, Neofascismo y otras Expresiones Similares, consta de 4 cap\u00edtulos y 30 art\u00edculos y tiene como objetivo prevenir futuros actos de violencia que atenten contra la estabilidad del pa\u00eds. <br> <br>&nbsp; <br> <br>En este sentido, Alexis Corredor P\u00e9rez, titular del Ministerio del Poder Popular para el Proceso Social de Trabajo (MPPPST) expres\u00f3 que la decisi\u00f3n de la Sala Electoral del Tribunal Supremo de Justicia (TSJ), ratificando la victoria en la reelecci\u00f3n del presidente Constitucional Nicol\u00e1s Maduro Moros, fortalece a las instituciones del Estado venezolano. <br> <\/p>\n\n\n\n<figure class=\"wp-block-image size-large\"><img decoding=\"async\" loading=\"lazy\" width=\"1024\" height=\"577\" src=\"https:\/\/www.mpppst.gob.ve\/mpppstweb\/wp-content\/uploads\/2024\/08\/img_20240822_184856_9298256898451242859631-1024x577.jpg\" alt=\"\" class=\"wp-image-26597\" srcset=\"https:\/\/www.mpppst.gob.ve\/mpppstweb\/wp-content\/uploads\/2024\/08\/img_20240822_184856_9298256898451242859631-1024x577.jpg 1024w, https:\/\/www.mpppst.gob.ve\/mpppstweb\/wp-content\/uploads\/2024\/08\/img_20240822_184856_9298256898451242859631-300x169.jpg 300w, https:\/\/www.mpppst.gob.ve\/mpppstweb\/wp-content\/uploads\/2024\/08\/img_20240822_184856_9298256898451242859631-768x433.jpg 768w, https:\/\/www.mpppst.gob.ve\/mpppstweb\/wp-content\/uploads\/2024\/08\/img_20240822_184856_9298256898451242859631.jpg 1280w\" sizes=\"(max-width: 1024px) 100vw, 1024px\" \/><figcaption class=\"wp-element-caption\"><em>Clase trabajadora. (Foto: Yorgelis S\u00e1nchez)<\/em><\/figcaption><\/figure>\n\n\n\n<p><br>&nbsp; <br> <br>\u201cLos que queremos la Paz, estamos aqu\u00ed respaldando al Consejo Nacional Electoral (CNE). Los que quieren la guerra, los que impulsaron el terrorismo, desconocen al CNE y al Tribunal Supremo de Justicia\u201d, agreg\u00f3. <br> <br>&nbsp; <br> <br>El TSJ certific\u00f3 de forma inobjetable el material electoral peritado, convalidando los resultados emitidos por el CNE, y la victoria del presidente Nicol\u00e1s Maduro Moros. Asimismo, la Sala Electoral del m\u00e1ximo Tribunal de Venezuela declar\u00f3 en desacato al excandidato opositor Edmundo Gonz\u00e1lez Urrutia y advirti\u00f3 que su conducta acarrea sanciones previstas en el ordenamiento vigente. (Fin\/ Isabela Guzm\u00e1n).<\/p>\n","protected":false},"excerpt":{"rendered":"<p>Caracas, 22-08-2024. Prensa MPPPST).- Este jueves, el Partido Socialista Unido de Venezuela (PSUV) convoc\u00f3 a todos &hellip; <a title=\"Clase trabajadora rechaza violencia que desestabilice la Paz de la naci\u00f3n.\" class=\"hm-read-more\" href=\"https:\/\/www.mpppst.gob.ve\/mpppstweb\/index.php\/2024\/08\/22\/clase-trabajadora-rechaza-violencia-que-desestabilice-la-paz-de-la-nacion\/\"><span class=\"screen-reader-text\">Clase trabajadora rechaza violencia que desestabilice la Paz de la naci\u00f3n.<\/span>Read more<\/a><\/p>\n","protected":false},"author":25,"featured_media":26600,"comment_status":"closed","ping_status":"closed","sticky":false,"template":"","format":"standard","meta":{"footnotes":""},"categories":[82],"tags":[684,830,475,491,459,499,383],"yoast_head":"<!-- This site is optimized with the Yoast SEO plugin v22.5 - https:\/\/yoast.com\/wordpress\/plugins\/seo\/ -->\n<title>Clase trabajadora rechaza violencia que desestabilice la Paz de la naci\u00f3n. - MPPPST<\/title>\n<meta name=\"robots\" content=\"index, follow, max-snippet:-1, max-image-preview:large, max-video-preview:-1\" \/>\n<link rel=\"canonical\" href=\"https:\/\/www.mpppst.gob.ve\/mpppstweb\/index.php\/2024\/08\/22\/clase-trabajadora-rechaza-violencia-que-desestabilice-la-paz-de-la-nacion\/\" \/>\n<meta property=\"og:locale\" content=\"es_ES\" \/>\n<meta property=\"og:type\" content=\"article\" \/>\n<meta property=\"og:title\" content=\"Clase trabajadora rechaza violencia que desestabilice la Paz de la naci\u00f3n. - MPPPST\" \/>\n<meta property=\"og:description\" content=\"Caracas, 22-08-2024. Prensa MPPPST).- Este jueves, el Partido Socialista Unido de Venezuela (PSUV) convoc\u00f3 a todos &hellip; Clase trabajadora rechaza violencia que desestabilice la Paz de la naci\u00f3n.Read more\" \/>\n<meta property=\"og:url\" content=\"https:\/\/www.mpppst.gob.ve\/mpppstweb\/index.php\/2024\/08\/22\/clase-trabajadora-rechaza-violencia-que-desestabilice-la-paz-de-la-nacion\/\" \/>\n<meta property=\"og:site_name\" content=\"MPPPST\" \/>\n<meta property=\"article:published_time\" content=\"2024-08-22T22:53:56+00:00\" \/>\n<meta property=\"article:modified_time\" content=\"2024-08-22T22:55:58+00:00\" \/>\n<meta property=\"og:image\" content=\"http:\/\/www.mpppst.gob.ve\/mpppstweb\/wp-content\/uploads\/2024\/08\/IMG_20240822_184845_131.jpg\" \/>\n\t<meta property=\"og:image:width\" content=\"1280\" \/>\n\t<meta property=\"og:image:height\" content=\"721\" \/>\n\t<meta property=\"og:image:type\" content=\"image\/jpeg\" \/>\n<meta name=\"author\" content=\"MPPPST Prensa\" \/>\n<meta name=\"twitter:card\" content=\"summary_large_image\" \/>\n<meta name=\"twitter:label1\" content=\"Escrito por\" \/>\n\t<meta name=\"twitter:data1\" content=\"MPPPST Prensa\" \/>\n\t<meta name=\"twitter:label2\" content=\"Tiempo de lectura\" \/>\n\t<meta name=\"twitter:data2\" content=\"2 minutos\" \/>\n<script type=\"application\/ld+json\" class=\"yoast-schema-graph\">{\"@context\":\"https:\/\/schema.org\",\"@graph\":[{\"@type\":\"Article\",\"@id\":\"https:\/\/www.mpppst.gob.ve\/mpppstweb\/index.php\/2024\/08\/22\/clase-trabajadora-rechaza-violencia-que-desestabilice-la-paz-de-la-nacion\/#article\",\"isPartOf\":{\"@id\":\"https:\/\/www.mpppst.gob.ve\/mpppstweb\/index.php\/2024\/08\/22\/clase-trabajadora-rechaza-violencia-que-desestabilice-la-paz-de-la-nacion\/\"},\"author\":{\"name\":\"MPPPST Prensa\",\"@id\":\"https:\/\/www.mpppst.gob.ve\/mpppstweb\/#\/schema\/person\/fc187ee8ead412bd4c9304b62f900ea4\"},\"headline\":\"Clase trabajadora rechaza violencia que desestabilice la Paz de la naci\u00f3n.\",\"datePublished\":\"2024-08-22T22:53:56+00:00\",\"dateModified\":\"2024-08-22T22:55:58+00:00\",\"mainEntityOfPage\":{\"@id\":\"https:\/\/www.mpppst.gob.ve\/mpppstweb\/index.php\/2024\/08\/22\/clase-trabajadora-rechaza-violencia-que-desestabilice-la-paz-de-la-nacion\/\"},\"wordCount\":309,\"publisher\":{\"@id\":\"https:\/\/www.mpppst.gob.ve\/mpppstweb\/#organization\"},\"image\":{\"@id\":\"https:\/\/www.mpppst.gob.ve\/mpppstweb\/index.php\/2024\/08\/22\/clase-trabajadora-rechaza-violencia-que-desestabilice-la-paz-de-la-nacion\/#primaryimage\"},\"thumbnailUrl\":\"https:\/\/www.mpppst.gob.ve\/mpppstweb\/wp-content\/uploads\/2024\/08\/IMG_20240822_184845_131.jpg\",\"keywords\":[\"Alexis Corredor P\u00e9rez\",\"Gran Marcha\",\"Johanna Sant\u00e9liz\",\"marcha\",\"Movilizaci\u00f3n\",\"Rosalia Zingales\",\"Viceministros del Trabajo\"],\"articleSection\":[\"Gobierno Nacional\"],\"inLanguage\":\"es\"},{\"@type\":\"WebPage\",\"@id\":\"https:\/\/www.mpppst.gob.ve\/mpppstweb\/index.php\/2024\/08\/22\/clase-trabajadora-rechaza-violencia-que-desestabilice-la-paz-de-la-nacion\/\",\"url\":\"https:\/\/www.mpppst.gob.ve\/mpppstweb\/index.php\/2024\/08\/22\/clase-trabajadora-rechaza-violencia-que-desestabilice-la-paz-de-la-nacion\/\",\"name\":\"Clase trabajadora rechaza violencia que desestabilice la Paz de la naci\u00f3n. - MPPPST\",\"isPartOf\":{\"@id\":\"https:\/\/www.mpppst.gob.ve\/mpppstweb\/#website\"},\"primaryImageOfPage\":{\"@id\":\"https:\/\/www.mpppst.gob.ve\/mpppstweb\/index.php\/2024\/08\/22\/clase-trabajadora-rechaza-violencia-que-desestabilice-la-paz-de-la-nacion\/#primaryimage\"},\"image\":{\"@id\":\"https:\/\/www.mpppst.gob.ve\/mpppstweb\/index.php\/2024\/08\/22\/clase-trabajadora-rechaza-violencia-que-desestabilice-la-paz-de-la-nacion\/#primaryimage\"},\"thumbnailUrl\":\"https:\/\/www.mpppst.gob.ve\/mpppstweb\/wp-content\/uploads\/2024\/08\/IMG_20240822_184845_131.jpg\",\"datePublished\":\"2024-08-22T22:53:56+00:00\",\"dateModified\":\"2024-08-22T22:55:58+00:00\",\"breadcrumb\":{\"@id\":\"https:\/\/www.mpppst.gob.ve\/mpppstweb\/index.php\/2024\/08\/22\/clase-trabajadora-rechaza-violencia-que-desestabilice-la-paz-de-la-nacion\/#breadcrumb\"},\"inLanguage\":\"es\",\"potentialAction\":[{\"@type\":\"ReadAction\",\"target\":[\"https:\/\/www.mpppst.gob.ve\/mpppstweb\/index.php\/2024\/08\/22\/clase-trabajadora-rechaza-violencia-que-desestabilice-la-paz-de-la-nacion\/\"]}]},{\"@type\":\"ImageObject\",\"inLanguage\":\"es\",\"@id\":\"https:\/\/www.mpppst.gob.ve\/mpppstweb\/index.php\/2024\/08\/22\/clase-trabajadora-rechaza-violencia-que-desestabilice-la-paz-de-la-nacion\/#primaryimage\",\"url\":\"https:\/\/www.mpppst.gob.ve\/mpppstweb\/wp-content\/uploads\/2024\/08\/IMG_20240822_184845_131.jpg\",\"contentUrl\":\"https:\/\/www.mpppst.gob.ve\/mpppstweb\/wp-content\/uploads\/2024\/08\/IMG_20240822_184845_131.jpg\",\"width\":1280,\"height\":721},{\"@type\":\"BreadcrumbList\",\"@id\":\"https:\/\/www.mpppst.gob.ve\/mpppstweb\/index.php\/2024\/08\/22\/clase-trabajadora-rechaza-violencia-que-desestabilice-la-paz-de-la-nacion\/#breadcrumb\",\"itemListElement\":[{\"@type\":\"ListItem\",\"position\":1,\"name\":\"Home\",\"item\":\"https:\/\/www.mpppst.gob.ve\/mpppstweb\/\"},{\"@type\":\"ListItem\",\"position\":2,\"name\":\"Clase trabajadora rechaza violencia que desestabilice la Paz de la naci\u00f3n.\"}]},{\"@type\":\"WebSite\",\"@id\":\"https:\/\/www.mpppst.gob.ve\/mpppstweb\/#website\",\"url\":\"https:\/\/www.mpppst.gob.ve\/mpppstweb\/\",\"name\":\"MPPPST\",\"description\":\"Ministerio del Poder Popular para el Proceso Social de Trabajo\",\"publisher\":{\"@id\":\"https:\/\/www.mpppst.gob.ve\/mpppstweb\/#organization\"},\"potentialAction\":[{\"@type\":\"SearchAction\",\"target\":{\"@type\":\"EntryPoint\",\"urlTemplate\":\"https:\/\/www.mpppst.gob.ve\/mpppstweb\/?s={search_term_string}\"},\"query-input\":\"required name=search_term_string\"}],\"inLanguage\":\"es\"},{\"@type\":\"Organization\",\"@id\":\"https:\/\/www.mpppst.gob.ve\/mpppstweb\/#organization\",\"name\":\"mpppst\",\"url\":\"https:\/\/www.mpppst.gob.ve\/mpppstweb\/\",\"logo\":{\"@type\":\"ImageObject\",\"inLanguage\":\"es\",\"@id\":\"https:\/\/www.mpppst.gob.ve\/mpppstweb\/#\/schema\/logo\/image\/\",\"url\":\"https:\/\/www.mpppst.gob.ve\/mpppstweb\/wp-content\/uploads\/2025\/07\/cropped-cropped-g910.png\",\"contentUrl\":\"https:\/\/www.mpppst.gob.ve\/mpppstweb\/wp-content\/uploads\/2025\/07\/cropped-cropped-g910.png\",\"width\":1080,\"height\":241,\"caption\":\"mpppst\"},\"image\":{\"@id\":\"https:\/\/www.mpppst.gob.ve\/mpppstweb\/#\/schema\/logo\/image\/\"}},{\"@type\":\"Person\",\"@id\":\"https:\/\/www.mpppst.gob.ve\/mpppstweb\/#\/schema\/person\/fc187ee8ead412bd4c9304b62f900ea4\",\"name\":\"MPPPST Prensa\",\"url\":\"https:\/\/www.mpppst.gob.ve\/mpppstweb\/index.php\/author\/prensa-mpppst\/\"}]}<\/script>\n<!-- \/ Yoast SEO plugin. -->","yoast_head_json":{"title":"Clase trabajadora rechaza violencia que desestabilice la Paz de la naci\u00f3n. - MPPPST","robots":{"index":"index","follow":"follow","max-snippet":"max-snippet:-1","max-image-preview":"max-image-preview:large","max-video-preview":"max-video-preview:-1"},"canonical":"https:\/\/www.mpppst.gob.ve\/mpppstweb\/index.php\/2024\/08\/22\/clase-trabajadora-rechaza-violencia-que-desestabilice-la-paz-de-la-nacion\/","og_locale":"es_ES","og_type":"article","og_title":"Clase trabajadora rechaza violencia que desestabilice la Paz de la naci\u00f3n. - MPPPST","og_description":"Caracas, 22-08-2024. Prensa MPPPST).- Este jueves, el Partido Socialista Unido de Venezuela (PSUV) convoc\u00f3 a todos &hellip; Clase trabajadora rechaza violencia que desestabilice la Paz de la naci\u00f3n.Read more","og_url":"https:\/\/www.mpppst.gob.ve\/mpppstweb\/index.php\/2024\/08\/22\/clase-trabajadora-rechaza-violencia-que-desestabilice-la-paz-de-la-nacion\/","og_site_name":"MPPPST","article_published_time":"2024-08-22T22:53:56+00:00","article_modified_time":"2024-08-22T22:55:58+00:00","og_image":[{"width":1280,"height":721,"url":"http:\/\/www.mpppst.gob.ve\/mpppstweb\/wp-content\/uploads\/2024\/08\/IMG_20240822_184845_131.jpg","type":"image\/jpeg"}],"author":"MPPPST Prensa","twitter_card":"summary_large_image","twitter_misc":{"Escrito por":"MPPPST Prensa","Tiempo de lectura":"2 minutos"},"schema":{"@context":"https:\/\/schema.org","@graph":[{"@type":"Article","@id":"https:\/\/www.mpppst.gob.ve\/mpppstweb\/index.php\/2024\/08\/22\/clase-trabajadora-rechaza-violencia-que-desestabilice-la-paz-de-la-nacion\/#article","isPartOf":{"@id":"https:\/\/www.mpppst.gob.ve\/mpppstweb\/index.php\/2024\/08\/22\/clase-trabajadora-rechaza-violencia-que-desestabilice-la-paz-de-la-nacion\/"},"author":{"name":"MPPPST Prensa","@id":"https:\/\/www.mpppst.gob.ve\/mpppstweb\/#\/schema\/person\/fc187ee8ead412bd4c9304b62f900ea4"},"headline":"Clase trabajadora rechaza violencia que desestabilice la Paz de la naci\u00f3n.","datePublished":"2024-08-22T22:53:56+00:00","dateModified":"2024-08-22T22:55:58+00:00","mainEntityOfPage":{"@id":"https:\/\/www.mpppst.gob.ve\/mpppstweb\/index.php\/2024\/08\/22\/clase-trabajadora-rechaza-violencia-que-desestabilice-la-paz-de-la-nacion\/"},"wordCount":309,"publisher":{"@id":"https:\/\/www.mpppst.gob.ve\/mpppstweb\/#organization"},"image":{"@id":"https:\/\/www.mpppst.gob.ve\/mpppstweb\/index.php\/2024\/08\/22\/clase-trabajadora-rechaza-violencia-que-desestabilice-la-paz-de-la-nacion\/#primaryimage"},"thumbnailUrl":"https:\/\/www.mpppst.gob.ve\/mpppstweb\/wp-content\/uploads\/2024\/08\/IMG_20240822_184845_131.jpg","keywords":["Alexis Corredor P\u00e9rez","Gran Marcha","Johanna Sant\u00e9liz","marcha","Movilizaci\u00f3n","Rosalia Zingales","Viceministros del Trabajo"],"articleSection":["Gobierno Nacional"],"inLanguage":"es"},{"@type":"WebPage","@id":"https:\/\/www.mpppst.gob.ve\/mpppstweb\/index.php\/2024\/08\/22\/clase-trabajadora-rechaza-violencia-que-desestabilice-la-paz-de-la-nacion\/","url":"https:\/\/www.mpppst.gob.ve\/mpppstweb\/index.php\/2024\/08\/22\/clase-trabajadora-rechaza-violencia-que-desestabilice-la-paz-de-la-nacion\/","name":"Clase trabajadora rechaza violencia que desestabilice la Paz de la naci\u00f3n. - MPPPST","isPartOf":{"@id":"https:\/\/www.mpppst.gob.ve\/mpppstweb\/#website"},"primaryImageOfPage":{"@id":"https:\/\/www.mpppst.gob.ve\/mpppstweb\/index.php\/2024\/08\/22\/clase-trabajadora-rechaza-violencia-que-desestabilice-la-paz-de-la-nacion\/#primaryimage"},"image":{"@id":"https:\/\/www.mpppst.gob.ve\/mpppstweb\/index.php\/2024\/08\/22\/clase-trabajadora-rechaza-violencia-que-desestabilice-la-paz-de-la-nacion\/#primaryimage"},"thumbnailUrl":"https:\/\/www.mpppst.gob.ve\/mpppstweb\/wp-content\/uploads\/2024\/08\/IMG_20240822_184845_131.jpg","datePublished":"2024-08-22T22:53:56+00:00","dateModified":"2024-08-22T22:55:58+00:00","breadcrumb":{"@id":"https:\/\/www.mpppst.gob.ve\/mpppstweb\/index.php\/2024\/08\/22\/clase-trabajadora-rechaza-violencia-que-desestabilice-la-paz-de-la-nacion\/#breadcrumb"},"inLanguage":"es","potentialAction":[{"@type":"ReadAction","target":["https:\/\/www.mpppst.gob.ve\/mpppstweb\/index.php\/2024\/08\/22\/clase-trabajadora-rechaza-violencia-que-desestabilice-la-paz-de-la-nacion\/"]}]},{"@type":"ImageObject","inLanguage":"es","@id":"https:\/\/www.mpppst.gob.ve\/mpppstweb\/index.php\/2024\/08\/22\/clase-trabajadora-rechaza-violencia-que-desestabilice-la-paz-de-la-nacion\/#primaryimage","url":"https:\/\/www.mpppst.gob.ve\/mpppstweb\/wp-content\/uploads\/2024\/08\/IMG_20240822_184845_131.jpg","contentUrl":"https:\/\/www.mpppst.gob.ve\/mpppstweb\/wp-content\/uploads\/2024\/08\/IMG_20240822_184845_131.jpg","width":1280,"height":721},{"@type":"BreadcrumbList","@id":"https:\/\/www.mpppst.gob.ve\/mpppstweb\/index.php\/2024\/08\/22\/clase-trabajadora-rechaza-violencia-que-desestabilice-la-paz-de-la-nacion\/#breadcrumb","itemListElement":[{"@type":"ListItem","position":1,"name":"Home","item":"https:\/\/www.mpppst.gob.ve\/mpppstweb\/"},{"@type":"ListItem","position":2,"name":"Clase trabajadora rechaza violencia que desestabilice la Paz de la naci\u00f3n."}]},{"@type":"WebSite","@id":"https:\/\/www.mpppst.gob.ve\/mpppstweb\/#website","url":"https:\/\/www.mpppst.gob.ve\/mpppstweb\/","name":"MPPPST","description":"Ministerio del Poder Popular para el Proceso Social de Trabajo","publisher":{"@id":"https:\/\/www.mpppst.gob.ve\/mpppstweb\/#organization"},"potentialAction":[{"@type":"SearchAction","target":{"@type":"EntryPoint","urlTemplate":"https:\/\/www.mpppst.gob.ve\/mpppstweb\/?s={search_term_string}"},"query-input":"required name=search_term_string"}],"inLanguage":"es"},{"@type":"Organization","@id":"https:\/\/www.mpppst.gob.ve\/mpppstweb\/#organization","name":"mpppst","url":"https:\/\/www.mpppst.gob.ve\/mpppstweb\/","logo":{"@type":"ImageObject","inLanguage":"es","@id":"https:\/\/www.mpppst.gob.ve\/mpppstweb\/#\/schema\/logo\/image\/","url":"https:\/\/www.mpppst.gob.ve\/mpppstweb\/wp-content\/uploads\/2025\/07\/cropped-cropped-g910.png","contentUrl":"https:\/\/www.mpppst.gob.ve\/mpppstweb\/wp-content\/uploads\/2025\/07\/cropped-cropped-g910.png","width":1080,"height":241,"caption":"mpppst"},"image":{"@id":"https:\/\/www.mpppst.gob.ve\/mpppstweb\/#\/schema\/logo\/image\/"}},{"@type":"Person","@id":"https:\/\/www.mpppst.gob.ve\/mpppstweb\/#\/schema\/person\/fc187ee8ead412bd4c9304b62f900ea4","name":"MPPPST Prensa","url":"https:\/\/www.mpppst.gob.ve\/mpppstweb\/index.php\/author\/prensa-mpppst\/"}]}},"_links":{"self":[{"href":"https:\/\/www.mpppst.gob.ve\/mpppstweb\/index.php\/wp-json\/wp\/v2\/posts\/26598"}],"collection":[{"href":"https:\/\/www.mpppst.gob.ve\/mpppstweb\/index.php\/wp-json\/wp\/v2\/posts"}],"about":[{"href":"https:\/\/www.mpppst.gob.ve\/mpppstweb\/index.php\/wp-json\/wp\/v2\/types\/post"}],"author":[{"embeddable":true,"href":"https:\/\/www.mpppst.gob.ve\/mpppstweb\/index.php\/wp-json\/wp\/v2\/users\/25"}],"replies":[{"embeddable":true,"href":"https:\/\/www.mpppst.gob.ve\/mpppstweb\/index.php\/wp-json\/wp\/v2\/comments?post=26598"}],"version-history":[{"count":2,"href":"https:\/\/www.mpppst.gob.ve\/mpppstweb\/index.php\/wp-json\/wp\/v2\/posts\/26598\/revisions"}],"predecessor-version":[{"id":26601,"href":"https:\/\/www.mpppst.gob.ve\/mpppstweb\/index.php\/wp-json\/wp\/v2\/posts\/26598\/revisions\/26601"}],"wp:featuredmedia":[{"embeddable":true,"href":"https:\/\/www.mpppst.gob.ve\/mpppstweb\/index.php\/wp-json\/wp\/v2\/media\/26600"}],"wp:attachment":[{"href":"https:\/\/www.mpppst.gob.ve\/mpppstweb\/index.php\/wp-json\/wp\/v2\/media?parent=26598"}],"wp:term":[{"taxonomy":"category","embeddable":true,"href":"https:\/\/www.mpppst.gob.ve\/mpppstweb\/index.php\/wp-json\/wp\/v2\/categories?post=26598"},{"taxonomy":"post_tag","embeddable":true,"href":"https:\/\/www.mpppst.gob.ve\/mpppstweb\/index.php\/wp-json\/wp\/v2\/tags?post=26598"}],"curies":[{"name":"wp","href":"https:\/\/api.w.org\/{rel}","templated":true}]}}