{"id":26622,"date":"2024-09-04T11:10:10","date_gmt":"2024-09-04T15:10:10","guid":{"rendered":"https:\/\/www.mpppst.gob.ve\/mpppstweb\/?p=26622"},"modified":"2024-09-04T11:11:59","modified_gmt":"2024-09-04T15:11:59","slug":"el-presidente-nicolas-maduro-anuncio-a-traves-de-con-maduro-las-navidades-para-el-01-de-octubre","status":"publish","type":"post","link":"https:\/\/www.mpppst.gob.ve\/mpppstweb\/index.php\/2024\/09\/04\/el-presidente-nicolas-maduro-anuncio-a-traves-de-con-maduro-las-navidades-para-el-01-de-octubre\/","title":{"rendered":"El Presidente Nicolas Maduro anunci\u00f3 a trav\u00e9s de \u201cCon Maduro+\u201d las navidades para el 01 de octubre."},"content":{"rendered":"\n<p>(Caracas, 04-08-2024. Prensa MPPPST).\u2014El Presidente Nicol\u00e1s Maduro, decret\u00f3 el inicio de la Navidad en Venezuela a partir del martes 01 de octubre, durante el programa n\u00famero 55, de \u201cCon Maduro+\u201d.<br><br>En ese sentido, se\u00f1al\u00f3 que \u201cest\u00e1 llegando septiembre. Y dije: septiembre y ya huele a navidad. Por eso, este a\u00f1o, en homenaje, en agradecimiento a ustedes, voy a decretar el adelanto de la Navidad para el 01 de octubre. Arranca la navidad el 01 de octubre, para todos y todas\u201d. <\/p>\n\n\n\n<figure class=\"wp-block-image size-large\"><img decoding=\"async\" loading=\"lazy\" width=\"1024\" height=\"682\" src=\"https:\/\/www.mpppst.gob.ve\/mpppstweb\/wp-content\/uploads\/2024\/09\/img_20240904_110756_2966895545462210553396-1024x682.jpg\" alt=\"\" class=\"wp-image-26620\" srcset=\"https:\/\/www.mpppst.gob.ve\/mpppstweb\/wp-content\/uploads\/2024\/09\/img_20240904_110756_2966895545462210553396-1024x682.jpg 1024w, https:\/\/www.mpppst.gob.ve\/mpppstweb\/wp-content\/uploads\/2024\/09\/img_20240904_110756_2966895545462210553396-300x200.jpg 300w, https:\/\/www.mpppst.gob.ve\/mpppstweb\/wp-content\/uploads\/2024\/09\/img_20240904_110756_2966895545462210553396-768x512.jpg 768w, https:\/\/www.mpppst.gob.ve\/mpppstweb\/wp-content\/uploads\/2024\/09\/img_20240904_110756_2966895545462210553396.jpg 1280w\" sizes=\"(max-width: 1024px) 100vw, 1024px\" \/><\/figure>\n\n\n\n<p><br><br>Durante la transmisi\u00f3n, el Presidente acus\u00f3 a sectores de la extrema derecha de orquestar un plan para provocar un apag\u00f3n general, con el objetivo de desestabilizar el pa\u00eds en un momento cr\u00edtico. El cual se logr\u00f3 contener a trav\u00e9s del Plan Centella, para proteger a toda la poblaci\u00f3n del pa\u00eds del ataque al Sistema El\u00e9ctrico Nacional (SEN).<br><br>El presidente venezolano record\u00f3 que el pasado viernes 30 de agosto, \u201cdurante el m\u00e1s fuerte ataque contra el Sistema El\u00e9ctrico Nacional (SEN), el pueblo venezolano le dio una demostraci\u00f3n hermosa a los fascistas y la gente sali\u00f3 a trabajar y nosotros desde el Gobierno nacional a respaldarlos y garantizar la paz de la naci\u00f3n\u201d.<\/p>\n\n\n\n<figure class=\"wp-block-image size-large\"><img decoding=\"async\" loading=\"lazy\" width=\"1024\" height=\"614\" src=\"https:\/\/www.mpppst.gob.ve\/mpppstweb\/wp-content\/uploads\/2024\/09\/img_20240904_110809_6251981626712488368566-1024x614.jpg\" alt=\"\" class=\"wp-image-26621\" srcset=\"https:\/\/www.mpppst.gob.ve\/mpppstweb\/wp-content\/uploads\/2024\/09\/img_20240904_110809_6251981626712488368566-1024x614.jpg 1024w, https:\/\/www.mpppst.gob.ve\/mpppstweb\/wp-content\/uploads\/2024\/09\/img_20240904_110809_6251981626712488368566-300x180.jpg 300w, https:\/\/www.mpppst.gob.ve\/mpppstweb\/wp-content\/uploads\/2024\/09\/img_20240904_110809_6251981626712488368566-768x460.jpg 768w, https:\/\/www.mpppst.gob.ve\/mpppstweb\/wp-content\/uploads\/2024\/09\/img_20240904_110809_6251981626712488368566.jpg 1280w\" sizes=\"(max-width: 1024px) 100vw, 1024px\" \/><\/figure>\n\n\n\n<p><br><br>El presidente tambi\u00e9n dirigi\u00f3 una advertencia al ex candidato opositor, Edmundo Gonz\u00e1lez Urrutia, enfatiz\u00f3 que \u201cnadie est\u00e1 por encima de las leyes y las instituciones\u201d , en referencia a las citaciones emitidas por organismos del Estado que Gonz\u00e1lez Urrutia ha ignorado.<br><br>Maduro enfatiz\u00f3 que la mayor\u00eda de los venezolanos apoya el respeto a la Constituci\u00f3n y el funcionamiento adecuado de las instituciones y los Poderes P\u00fablicos. (Fin\/Isabela Guzm\u00e1n).<\/p>\n","protected":false},"excerpt":{"rendered":"<p>(Caracas, 04-08-2024. Prensa MPPPST).\u2014El Presidente Nicol\u00e1s Maduro, decret\u00f3 el inicio de la Navidad en Venezuela a &hellip; <a title=\"El Presidente Nicolas Maduro anunci\u00f3 a trav\u00e9s de \u201cCon Maduro+\u201d las navidades para el 01 de octubre.\" class=\"hm-read-more\" href=\"https:\/\/www.mpppst.gob.ve\/mpppstweb\/index.php\/2024\/09\/04\/el-presidente-nicolas-maduro-anuncio-a-traves-de-con-maduro-las-navidades-para-el-01-de-octubre\/\"><span class=\"screen-reader-text\">El Presidente Nicolas Maduro anunci\u00f3 a trav\u00e9s de \u201cCon Maduro+\u201d las navidades para el 01 de octubre.<\/span>Read more<\/a><\/p>\n","protected":false},"author":25,"featured_media":26626,"comment_status":"closed","ping_status":"closed","sticky":false,"template":"","format":"standard","meta":{"footnotes":""},"categories":[82],"tags":[624,538,449,448,341,834,620],"yoast_head":"<!-- This site is optimized with the Yoast SEO plugin v22.5 - https:\/\/yoast.com\/wordpress\/plugins\/seo\/ -->\n<title>El Presidente Nicolas Maduro anunci\u00f3 a trav\u00e9s de \u201cCon Maduro+\u201d las navidades para el 01 de octubre. - MPPPST<\/title>\n<meta name=\"robots\" content=\"index, follow, max-snippet:-1, max-image-preview:large, max-video-preview:-1\" \/>\n<link rel=\"canonical\" href=\"https:\/\/www.mpppst.gob.ve\/mpppstweb\/index.php\/2024\/09\/04\/el-presidente-nicolas-maduro-anuncio-a-traves-de-con-maduro-las-navidades-para-el-01-de-octubre\/\" \/>\n<meta property=\"og:locale\" content=\"es_ES\" \/>\n<meta property=\"og:type\" content=\"article\" \/>\n<meta property=\"og:title\" content=\"El Presidente Nicolas Maduro anunci\u00f3 a trav\u00e9s de \u201cCon Maduro+\u201d las navidades para el 01 de octubre. - MPPPST\" \/>\n<meta property=\"og:description\" content=\"(Caracas, 04-08-2024. Prensa MPPPST).\u2014El Presidente Nicol\u00e1s Maduro, decret\u00f3 el inicio de la Navidad en Venezuela a &hellip; El Presidente Nicolas Maduro anunci\u00f3 a trav\u00e9s de \u201cCon Maduro+\u201d las navidades para el 01 de octubre.Read more\" \/>\n<meta property=\"og:url\" content=\"https:\/\/www.mpppst.gob.ve\/mpppstweb\/index.php\/2024\/09\/04\/el-presidente-nicolas-maduro-anuncio-a-traves-de-con-maduro-las-navidades-para-el-01-de-octubre\/\" \/>\n<meta property=\"og:site_name\" content=\"MPPPST\" \/>\n<meta property=\"article:published_time\" content=\"2024-09-04T15:10:10+00:00\" \/>\n<meta property=\"article:modified_time\" content=\"2024-09-04T15:11:59+00:00\" \/>\n<meta property=\"og:image\" content=\"http:\/\/www.mpppst.gob.ve\/mpppstweb\/wp-content\/uploads\/2024\/09\/IMG_20240904_110807_283.jpg\" \/>\n\t<meta property=\"og:image:width\" content=\"1280\" \/>\n\t<meta property=\"og:image:height\" content=\"853\" \/>\n\t<meta property=\"og:image:type\" content=\"image\/jpeg\" \/>\n<meta name=\"author\" content=\"MPPPST Prensa\" \/>\n<meta name=\"twitter:card\" content=\"summary_large_image\" \/>\n<meta name=\"twitter:label1\" content=\"Escrito por\" \/>\n\t<meta name=\"twitter:data1\" content=\"MPPPST Prensa\" \/>\n\t<meta name=\"twitter:label2\" content=\"Tiempo de lectura\" \/>\n\t<meta name=\"twitter:data2\" content=\"2 minutos\" \/>\n<script type=\"application\/ld+json\" class=\"yoast-schema-graph\">{\"@context\":\"https:\/\/schema.org\",\"@graph\":[{\"@type\":\"Article\",\"@id\":\"https:\/\/www.mpppst.gob.ve\/mpppstweb\/index.php\/2024\/09\/04\/el-presidente-nicolas-maduro-anuncio-a-traves-de-con-maduro-las-navidades-para-el-01-de-octubre\/#article\",\"isPartOf\":{\"@id\":\"https:\/\/www.mpppst.gob.ve\/mpppstweb\/index.php\/2024\/09\/04\/el-presidente-nicolas-maduro-anuncio-a-traves-de-con-maduro-las-navidades-para-el-01-de-octubre\/\"},\"author\":{\"name\":\"MPPPST Prensa\",\"@id\":\"https:\/\/www.mpppst.gob.ve\/mpppstweb\/#\/schema\/person\/fc187ee8ead412bd4c9304b62f900ea4\"},\"headline\":\"El Presidente Nicolas Maduro anunci\u00f3 a trav\u00e9s de \u201cCon Maduro+\u201d las navidades para el 01 de octubre.\",\"datePublished\":\"2024-09-04T15:10:10+00:00\",\"dateModified\":\"2024-09-04T15:11:59+00:00\",\"mainEntityOfPage\":{\"@id\":\"https:\/\/www.mpppst.gob.ve\/mpppstweb\/index.php\/2024\/09\/04\/el-presidente-nicolas-maduro-anuncio-a-traves-de-con-maduro-las-navidades-para-el-01-de-octubre\/\"},\"wordCount\":296,\"publisher\":{\"@id\":\"https:\/\/www.mpppst.gob.ve\/mpppstweb\/#organization\"},\"image\":{\"@id\":\"https:\/\/www.mpppst.gob.ve\/mpppstweb\/index.php\/2024\/09\/04\/el-presidente-nicolas-maduro-anuncio-a-traves-de-con-maduro-las-navidades-para-el-01-de-octubre\/#primaryimage\"},\"thumbnailUrl\":\"https:\/\/www.mpppst.gob.ve\/mpppstweb\/wp-content\/uploads\/2024\/09\/IMG_20240904_110807_283.jpg\",\"keywords\":[\"7 Transformaciones\",\"Caracas\",\"Con Maduro +\",\"Navidad\",\"Nicol\u00e1s Maduro\",\"octubre\",\"Presidente Nicol\u00e1s Maduro\"],\"articleSection\":[\"Gobierno Nacional\"],\"inLanguage\":\"es\"},{\"@type\":\"WebPage\",\"@id\":\"https:\/\/www.mpppst.gob.ve\/mpppstweb\/index.php\/2024\/09\/04\/el-presidente-nicolas-maduro-anuncio-a-traves-de-con-maduro-las-navidades-para-el-01-de-octubre\/\",\"url\":\"https:\/\/www.mpppst.gob.ve\/mpppstweb\/index.php\/2024\/09\/04\/el-presidente-nicolas-maduro-anuncio-a-traves-de-con-maduro-las-navidades-para-el-01-de-octubre\/\",\"name\":\"El Presidente Nicolas Maduro anunci\u00f3 a trav\u00e9s de \u201cCon Maduro+\u201d las navidades para el 01 de octubre. - MPPPST\",\"isPartOf\":{\"@id\":\"https:\/\/www.mpppst.gob.ve\/mpppstweb\/#website\"},\"primaryImageOfPage\":{\"@id\":\"https:\/\/www.mpppst.gob.ve\/mpppstweb\/index.php\/2024\/09\/04\/el-presidente-nicolas-maduro-anuncio-a-traves-de-con-maduro-las-navidades-para-el-01-de-octubre\/#primaryimage\"},\"image\":{\"@id\":\"https:\/\/www.mpppst.gob.ve\/mpppstweb\/index.php\/2024\/09\/04\/el-presidente-nicolas-maduro-anuncio-a-traves-de-con-maduro-las-navidades-para-el-01-de-octubre\/#primaryimage\"},\"thumbnailUrl\":\"https:\/\/www.mpppst.gob.ve\/mpppstweb\/wp-content\/uploads\/2024\/09\/IMG_20240904_110807_283.jpg\",\"datePublished\":\"2024-09-04T15:10:10+00:00\",\"dateModified\":\"2024-09-04T15:11:59+00:00\",\"breadcrumb\":{\"@id\":\"https:\/\/www.mpppst.gob.ve\/mpppstweb\/index.php\/2024\/09\/04\/el-presidente-nicolas-maduro-anuncio-a-traves-de-con-maduro-las-navidades-para-el-01-de-octubre\/#breadcrumb\"},\"inLanguage\":\"es\",\"potentialAction\":[{\"@type\":\"ReadAction\",\"target\":[\"https:\/\/www.mpppst.gob.ve\/mpppstweb\/index.php\/2024\/09\/04\/el-presidente-nicolas-maduro-anuncio-a-traves-de-con-maduro-las-navidades-para-el-01-de-octubre\/\"]}]},{\"@type\":\"ImageObject\",\"inLanguage\":\"es\",\"@id\":\"https:\/\/www.mpppst.gob.ve\/mpppstweb\/index.php\/2024\/09\/04\/el-presidente-nicolas-maduro-anuncio-a-traves-de-con-maduro-las-navidades-para-el-01-de-octubre\/#primaryimage\",\"url\":\"https:\/\/www.mpppst.gob.ve\/mpppstweb\/wp-content\/uploads\/2024\/09\/IMG_20240904_110807_283.jpg\",\"contentUrl\":\"https:\/\/www.mpppst.gob.ve\/mpppstweb\/wp-content\/uploads\/2024\/09\/IMG_20240904_110807_283.jpg\",\"width\":1280,\"height\":853},{\"@type\":\"BreadcrumbList\",\"@id\":\"https:\/\/www.mpppst.gob.ve\/mpppstweb\/index.php\/2024\/09\/04\/el-presidente-nicolas-maduro-anuncio-a-traves-de-con-maduro-las-navidades-para-el-01-de-octubre\/#breadcrumb\",\"itemListElement\":[{\"@type\":\"ListItem\",\"position\":1,\"name\":\"Home\",\"item\":\"https:\/\/www.mpppst.gob.ve\/mpppstweb\/\"},{\"@type\":\"ListItem\",\"position\":2,\"name\":\"El Presidente Nicolas Maduro anunci\u00f3 a trav\u00e9s de \u201cCon Maduro+\u201d las navidades para el 01 de octubre.\"}]},{\"@type\":\"WebSite\",\"@id\":\"https:\/\/www.mpppst.gob.ve\/mpppstweb\/#website\",\"url\":\"https:\/\/www.mpppst.gob.ve\/mpppstweb\/\",\"name\":\"MPPPST\",\"description\":\"Ministerio del Poder Popular para el Proceso Social de Trabajo\",\"publisher\":{\"@id\":\"https:\/\/www.mpppst.gob.ve\/mpppstweb\/#organization\"},\"potentialAction\":[{\"@type\":\"SearchAction\",\"target\":{\"@type\":\"EntryPoint\",\"urlTemplate\":\"https:\/\/www.mpppst.gob.ve\/mpppstweb\/?s={search_term_string}\"},\"query-input\":\"required name=search_term_string\"}],\"inLanguage\":\"es\"},{\"@type\":\"Organization\",\"@id\":\"https:\/\/www.mpppst.gob.ve\/mpppstweb\/#organization\",\"name\":\"mpppst\",\"url\":\"https:\/\/www.mpppst.gob.ve\/mpppstweb\/\",\"logo\":{\"@type\":\"ImageObject\",\"inLanguage\":\"es\",\"@id\":\"https:\/\/www.mpppst.gob.ve\/mpppstweb\/#\/schema\/logo\/image\/\",\"url\":\"https:\/\/www.mpppst.gob.ve\/mpppstweb\/wp-content\/uploads\/2025\/07\/cropped-cropped-g910.png\",\"contentUrl\":\"https:\/\/www.mpppst.gob.ve\/mpppstweb\/wp-content\/uploads\/2025\/07\/cropped-cropped-g910.png\",\"width\":1080,\"height\":241,\"caption\":\"mpppst\"},\"image\":{\"@id\":\"https:\/\/www.mpppst.gob.ve\/mpppstweb\/#\/schema\/logo\/image\/\"}},{\"@type\":\"Person\",\"@id\":\"https:\/\/www.mpppst.gob.ve\/mpppstweb\/#\/schema\/person\/fc187ee8ead412bd4c9304b62f900ea4\",\"name\":\"MPPPST Prensa\",\"url\":\"https:\/\/www.mpppst.gob.ve\/mpppstweb\/index.php\/author\/prensa-mpppst\/\"}]}<\/script>\n<!-- \/ Yoast SEO plugin. -->","yoast_head_json":{"title":"El Presidente Nicolas Maduro anunci\u00f3 a trav\u00e9s de \u201cCon Maduro+\u201d las navidades para el 01 de octubre. - MPPPST","robots":{"index":"index","follow":"follow","max-snippet":"max-snippet:-1","max-image-preview":"max-image-preview:large","max-video-preview":"max-video-preview:-1"},"canonical":"https:\/\/www.mpppst.gob.ve\/mpppstweb\/index.php\/2024\/09\/04\/el-presidente-nicolas-maduro-anuncio-a-traves-de-con-maduro-las-navidades-para-el-01-de-octubre\/","og_locale":"es_ES","og_type":"article","og_title":"El Presidente Nicolas Maduro anunci\u00f3 a trav\u00e9s de \u201cCon Maduro+\u201d las navidades para el 01 de octubre. - MPPPST","og_description":"(Caracas, 04-08-2024. Prensa MPPPST).\u2014El Presidente Nicol\u00e1s Maduro, decret\u00f3 el inicio de la Navidad en Venezuela a &hellip; El Presidente Nicolas Maduro anunci\u00f3 a trav\u00e9s de \u201cCon Maduro+\u201d las navidades para el 01 de octubre.Read more","og_url":"https:\/\/www.mpppst.gob.ve\/mpppstweb\/index.php\/2024\/09\/04\/el-presidente-nicolas-maduro-anuncio-a-traves-de-con-maduro-las-navidades-para-el-01-de-octubre\/","og_site_name":"MPPPST","article_published_time":"2024-09-04T15:10:10+00:00","article_modified_time":"2024-09-04T15:11:59+00:00","og_image":[{"width":1280,"height":853,"url":"http:\/\/www.mpppst.gob.ve\/mpppstweb\/wp-content\/uploads\/2024\/09\/IMG_20240904_110807_283.jpg","type":"image\/jpeg"}],"author":"MPPPST Prensa","twitter_card":"summary_large_image","twitter_misc":{"Escrito por":"MPPPST Prensa","Tiempo de lectura":"2 minutos"},"schema":{"@context":"https:\/\/schema.org","@graph":[{"@type":"Article","@id":"https:\/\/www.mpppst.gob.ve\/mpppstweb\/index.php\/2024\/09\/04\/el-presidente-nicolas-maduro-anuncio-a-traves-de-con-maduro-las-navidades-para-el-01-de-octubre\/#article","isPartOf":{"@id":"https:\/\/www.mpppst.gob.ve\/mpppstweb\/index.php\/2024\/09\/04\/el-presidente-nicolas-maduro-anuncio-a-traves-de-con-maduro-las-navidades-para-el-01-de-octubre\/"},"author":{"name":"MPPPST Prensa","@id":"https:\/\/www.mpppst.gob.ve\/mpppstweb\/#\/schema\/person\/fc187ee8ead412bd4c9304b62f900ea4"},"headline":"El Presidente Nicolas Maduro anunci\u00f3 a trav\u00e9s de \u201cCon Maduro+\u201d las navidades para el 01 de octubre.","datePublished":"2024-09-04T15:10:10+00:00","dateModified":"2024-09-04T15:11:59+00:00","mainEntityOfPage":{"@id":"https:\/\/www.mpppst.gob.ve\/mpppstweb\/index.php\/2024\/09\/04\/el-presidente-nicolas-maduro-anuncio-a-traves-de-con-maduro-las-navidades-para-el-01-de-octubre\/"},"wordCount":296,"publisher":{"@id":"https:\/\/www.mpppst.gob.ve\/mpppstweb\/#organization"},"image":{"@id":"https:\/\/www.mpppst.gob.ve\/mpppstweb\/index.php\/2024\/09\/04\/el-presidente-nicolas-maduro-anuncio-a-traves-de-con-maduro-las-navidades-para-el-01-de-octubre\/#primaryimage"},"thumbnailUrl":"https:\/\/www.mpppst.gob.ve\/mpppstweb\/wp-content\/uploads\/2024\/09\/IMG_20240904_110807_283.jpg","keywords":["7 Transformaciones","Caracas","Con Maduro +","Navidad","Nicol\u00e1s Maduro","octubre","Presidente Nicol\u00e1s Maduro"],"articleSection":["Gobierno Nacional"],"inLanguage":"es"},{"@type":"WebPage","@id":"https:\/\/www.mpppst.gob.ve\/mpppstweb\/index.php\/2024\/09\/04\/el-presidente-nicolas-maduro-anuncio-a-traves-de-con-maduro-las-navidades-para-el-01-de-octubre\/","url":"https:\/\/www.mpppst.gob.ve\/mpppstweb\/index.php\/2024\/09\/04\/el-presidente-nicolas-maduro-anuncio-a-traves-de-con-maduro-las-navidades-para-el-01-de-octubre\/","name":"El Presidente Nicolas Maduro anunci\u00f3 a trav\u00e9s de \u201cCon Maduro+\u201d las navidades para el 01 de octubre. - MPPPST","isPartOf":{"@id":"https:\/\/www.mpppst.gob.ve\/mpppstweb\/#website"},"primaryImageOfPage":{"@id":"https:\/\/www.mpppst.gob.ve\/mpppstweb\/index.php\/2024\/09\/04\/el-presidente-nicolas-maduro-anuncio-a-traves-de-con-maduro-las-navidades-para-el-01-de-octubre\/#primaryimage"},"image":{"@id":"https:\/\/www.mpppst.gob.ve\/mpppstweb\/index.php\/2024\/09\/04\/el-presidente-nicolas-maduro-anuncio-a-traves-de-con-maduro-las-navidades-para-el-01-de-octubre\/#primaryimage"},"thumbnailUrl":"https:\/\/www.mpppst.gob.ve\/mpppstweb\/wp-content\/uploads\/2024\/09\/IMG_20240904_110807_283.jpg","datePublished":"2024-09-04T15:10:10+00:00","dateModified":"2024-09-04T15:11:59+00:00","breadcrumb":{"@id":"https:\/\/www.mpppst.gob.ve\/mpppstweb\/index.php\/2024\/09\/04\/el-presidente-nicolas-maduro-anuncio-a-traves-de-con-maduro-las-navidades-para-el-01-de-octubre\/#breadcrumb"},"inLanguage":"es","potentialAction":[{"@type":"ReadAction","target":["https:\/\/www.mpppst.gob.ve\/mpppstweb\/index.php\/2024\/09\/04\/el-presidente-nicolas-maduro-anuncio-a-traves-de-con-maduro-las-navidades-para-el-01-de-octubre\/"]}]},{"@type":"ImageObject","inLanguage":"es","@id":"https:\/\/www.mpppst.gob.ve\/mpppstweb\/index.php\/2024\/09\/04\/el-presidente-nicolas-maduro-anuncio-a-traves-de-con-maduro-las-navidades-para-el-01-de-octubre\/#primaryimage","url":"https:\/\/www.mpppst.gob.ve\/mpppstweb\/wp-content\/uploads\/2024\/09\/IMG_20240904_110807_283.jpg","contentUrl":"https:\/\/www.mpppst.gob.ve\/mpppstweb\/wp-content\/uploads\/2024\/09\/IMG_20240904_110807_283.jpg","width":1280,"height":853},{"@type":"BreadcrumbList","@id":"https:\/\/www.mpppst.gob.ve\/mpppstweb\/index.php\/2024\/09\/04\/el-presidente-nicolas-maduro-anuncio-a-traves-de-con-maduro-las-navidades-para-el-01-de-octubre\/#breadcrumb","itemListElement":[{"@type":"ListItem","position":1,"name":"Home","item":"https:\/\/www.mpppst.gob.ve\/mpppstweb\/"},{"@type":"ListItem","position":2,"name":"El Presidente Nicolas Maduro anunci\u00f3 a trav\u00e9s de \u201cCon Maduro+\u201d las navidades para el 01 de octubre."}]},{"@type":"WebSite","@id":"https:\/\/www.mpppst.gob.ve\/mpppstweb\/#website","url":"https:\/\/www.mpppst.gob.ve\/mpppstweb\/","name":"MPPPST","description":"Ministerio del Poder Popular para el Proceso Social de Trabajo","publisher":{"@id":"https:\/\/www.mpppst.gob.ve\/mpppstweb\/#organization"},"potentialAction":[{"@type":"SearchAction","target":{"@type":"EntryPoint","urlTemplate":"https:\/\/www.mpppst.gob.ve\/mpppstweb\/?s={search_term_string}"},"query-input":"required name=search_term_string"}],"inLanguage":"es"},{"@type":"Organization","@id":"https:\/\/www.mpppst.gob.ve\/mpppstweb\/#organization","name":"mpppst","url":"https:\/\/www.mpppst.gob.ve\/mpppstweb\/","logo":{"@type":"ImageObject","inLanguage":"es","@id":"https:\/\/www.mpppst.gob.ve\/mpppstweb\/#\/schema\/logo\/image\/","url":"https:\/\/www.mpppst.gob.ve\/mpppstweb\/wp-content\/uploads\/2025\/07\/cropped-cropped-g910.png","contentUrl":"https:\/\/www.mpppst.gob.ve\/mpppstweb\/wp-content\/uploads\/2025\/07\/cropped-cropped-g910.png","width":1080,"height":241,"caption":"mpppst"},"image":{"@id":"https:\/\/www.mpppst.gob.ve\/mpppstweb\/#\/schema\/logo\/image\/"}},{"@type":"Person","@id":"https:\/\/www.mpppst.gob.ve\/mpppstweb\/#\/schema\/person\/fc187ee8ead412bd4c9304b62f900ea4","name":"MPPPST Prensa","url":"https:\/\/www.mpppst.gob.ve\/mpppstweb\/index.php\/author\/prensa-mpppst\/"}]}},"_links":{"self":[{"href":"https:\/\/www.mpppst.gob.ve\/mpppstweb\/index.php\/wp-json\/wp\/v2\/posts\/26622"}],"collection":[{"href":"https:\/\/www.mpppst.gob.ve\/mpppstweb\/index.php\/wp-json\/wp\/v2\/posts"}],"about":[{"href":"https:\/\/www.mpppst.gob.ve\/mpppstweb\/index.php\/wp-json\/wp\/v2\/types\/post"}],"author":[{"embeddable":true,"href":"https:\/\/www.mpppst.gob.ve\/mpppstweb\/index.php\/wp-json\/wp\/v2\/users\/25"}],"replies":[{"embeddable":true,"href":"https:\/\/www.mpppst.gob.ve\/mpppstweb\/index.php\/wp-json\/wp\/v2\/comments?post=26622"}],"version-history":[{"count":1,"href":"https:\/\/www.mpppst.gob.ve\/mpppstweb\/index.php\/wp-json\/wp\/v2\/posts\/26622\/revisions"}],"predecessor-version":[{"id":26623,"href":"https:\/\/www.mpppst.gob.ve\/mpppstweb\/index.php\/wp-json\/wp\/v2\/posts\/26622\/revisions\/26623"}],"wp:featuredmedia":[{"embeddable":true,"href":"https:\/\/www.mpppst.gob.ve\/mpppstweb\/index.php\/wp-json\/wp\/v2\/media\/26626"}],"wp:attachment":[{"href":"https:\/\/www.mpppst.gob.ve\/mpppstweb\/index.php\/wp-json\/wp\/v2\/media?parent=26622"}],"wp:term":[{"taxonomy":"category","embeddable":true,"href":"https:\/\/www.mpppst.gob.ve\/mpppstweb\/index.php\/wp-json\/wp\/v2\/categories?post=26622"},{"taxonomy":"post_tag","embeddable":true,"href":"https:\/\/www.mpppst.gob.ve\/mpppstweb\/index.php\/wp-json\/wp\/v2\/tags?post=26622"}],"curies":[{"name":"wp","href":"https:\/\/api.w.org\/{rel}","templated":true}]}}