{"id":26649,"date":"2024-09-06T13:49:43","date_gmt":"2024-09-06T17:49:43","guid":{"rendered":"https:\/\/www.mpppst.gob.ve\/mpppstweb\/?p=26649"},"modified":"2024-09-06T13:51:13","modified_gmt":"2024-09-06T17:51:13","slug":"ciudadano-ministro-eduardo-pinate-cumple-68-anos-haciendo-un-excelso-trabajo-para-seguir-creando-una-patria-socialista","status":"publish","type":"post","link":"https:\/\/www.mpppst.gob.ve\/mpppstweb\/index.php\/2024\/09\/06\/ciudadano-ministro-eduardo-pinate-cumple-68-anos-haciendo-un-excelso-trabajo-para-seguir-creando-una-patria-socialista\/","title":{"rendered":"Ciudadano Ministro Eduardo Pi\u00f1ate cumple 68 a\u00f1os haciendo un excelso trabajo para seguir creando una patria socialista."},"content":{"rendered":"\n<p>(Caracas 06-09-2024. Prensa MPPPST).- En San Fernando de Apure, el 06 de septiembre de 1956, ve nacer a Germ\u00e1n Eduardo Pi\u00f1ate Rodr\u00edguez, un docente, pol\u00edtico e historiador venezolano. Actual ministro del Proceso Social de Trabajo. <br><br>Egres\u00f3 en 1984 como profesor de Historia y Ciencias Sociales del antiguo Instituto Universitario Pedag\u00f3gico de Caracas, actualmente Universidad Pedag\u00f3gica Experimental Libertador (UPEL).<br><\/p>\n\n\n\n<figure class=\"wp-block-image size-large\"><img decoding=\"async\" loading=\"lazy\" width=\"1024\" height=\"682\" src=\"https:\/\/www.mpppst.gob.ve\/mpppstweb\/wp-content\/uploads\/2024\/09\/pinate2984726066915116243-1024x682.jpg\" alt=\"\" class=\"wp-image-26647\" srcset=\"https:\/\/www.mpppst.gob.ve\/mpppstweb\/wp-content\/uploads\/2024\/09\/pinate2984726066915116243-1024x682.jpg 1024w, https:\/\/www.mpppst.gob.ve\/mpppstweb\/wp-content\/uploads\/2024\/09\/pinate2984726066915116243-300x200.jpg 300w, https:\/\/www.mpppst.gob.ve\/mpppstweb\/wp-content\/uploads\/2024\/09\/pinate2984726066915116243-768x511.jpg 768w, https:\/\/www.mpppst.gob.ve\/mpppstweb\/wp-content\/uploads\/2024\/09\/pinate2984726066915116243.jpg 1200w\" sizes=\"(max-width: 1024px) 100vw, 1024px\" \/><\/figure>\n\n\n\n<p><br>En 2000, fue fundador de la Fuerza Socialista Bolivariana de Trabajadores (FSBT) y coordinador nacional de la FSBT-Educaci\u00f3n. Desde los a\u00f1os de 2002 hasta 2008, fungi\u00f3 como presidente-fundador del Sindicato Nacional Fuerza Unitaria Magisterial (Sinafum).<br><br>Fue candidato a la Gobernaci\u00f3n de Apure por el Psuv para las elecciones regionales de noviembre de 2021. Adem\u00e1s tuvo el cargo como ministro de Educaci\u00f3n y vicepresidente de Gobierno para el Socialismo Social y Territorial, entre el 2 de mayo y el 19 de agosto de 2021, cargos a los que fue designado por el Presidente Nicol\u00e1s Maduro, en reemplazo de Arist\u00f3bulo Ist\u00fariz, por su fallecimiento. <\/p>\n\n\n\n<figure class=\"wp-block-image size-large\"><img decoding=\"async\" loading=\"lazy\" width=\"1024\" height=\"576\" src=\"https:\/\/www.mpppst.gob.ve\/mpppstweb\/wp-content\/uploads\/2024\/09\/eduardo-pinate-ministro-para-el-proceso-social-de-trabajo-734697384435143880608066-1024x576.jpg\" alt=\"\" class=\"wp-image-26648\" srcset=\"https:\/\/www.mpppst.gob.ve\/mpppstweb\/wp-content\/uploads\/2024\/09\/eduardo-pinate-ministro-para-el-proceso-social-de-trabajo-734697384435143880608066-1024x576.jpg 1024w, https:\/\/www.mpppst.gob.ve\/mpppstweb\/wp-content\/uploads\/2024\/09\/eduardo-pinate-ministro-para-el-proceso-social-de-trabajo-734697384435143880608066-300x169.jpg 300w, https:\/\/www.mpppst.gob.ve\/mpppstweb\/wp-content\/uploads\/2024\/09\/eduardo-pinate-ministro-para-el-proceso-social-de-trabajo-734697384435143880608066-768x432.jpg 768w, https:\/\/www.mpppst.gob.ve\/mpppstweb\/wp-content\/uploads\/2024\/09\/eduardo-pinate-ministro-para-el-proceso-social-de-trabajo-734697384435143880608066.jpg 1242w\" sizes=\"(max-width: 1024px) 100vw, 1024px\" \/><\/figure>\n\n\n\n<p><br><br>Realiz\u00f3 la labor como ministro del Trabajo desde el 14 de junio de 2018 hasta el 2 de mayo de 2021. Y el 27 de agosto del 2024, vuelve al cargo bajo la instrucci\u00f3n del Jefe de Estado, quien anunci\u00f3 \u201cle he pedido al pueblo de Apuro, que me permita traer a un compa\u00f1ero, que ha sido un gran ministro de la clase obrera para que me recupere los consejos productivos de trabajadores, que lo funde junto con \u00e9l\u201d. <br><br>Deseamos al Ministro Pi\u00f1ate, muchos a\u00f1os de vida para continuar con la labor que ha encomendado nuestro Presidente. (Fin\/Isabela Guzm\u00e1n).<\/p>\n","protected":false},"excerpt":{"rendered":"<p>(Caracas 06-09-2024. Prensa MPPPST).- En San Fernando de Apure, el 06 de septiembre de 1956, ve &hellip; <a title=\"Ciudadano Ministro Eduardo Pi\u00f1ate cumple 68 a\u00f1os haciendo un excelso trabajo para seguir creando una patria socialista.\" class=\"hm-read-more\" href=\"https:\/\/www.mpppst.gob.ve\/mpppstweb\/index.php\/2024\/09\/06\/ciudadano-ministro-eduardo-pinate-cumple-68-anos-haciendo-un-excelso-trabajo-para-seguir-creando-una-patria-socialista\/\"><span class=\"screen-reader-text\">Ciudadano Ministro Eduardo Pi\u00f1ate cumple 68 a\u00f1os haciendo un excelso trabajo para seguir creando una patria socialista.<\/span>Read more<\/a><\/p>\n","protected":false},"author":25,"featured_media":26651,"comment_status":"closed","ping_status":"closed","sticky":false,"template":"","format":"standard","meta":{"footnotes":""},"categories":[82],"tags":[841,840,839],"yoast_head":"<!-- This site is optimized with the Yoast SEO plugin v22.5 - https:\/\/yoast.com\/wordpress\/plugins\/seo\/ -->\n<title>Ciudadano Ministro Eduardo Pi\u00f1ate cumple 68 a\u00f1os haciendo un excelso trabajo para seguir creando una patria socialista. - MPPPST<\/title>\n<meta name=\"robots\" content=\"index, follow, max-snippet:-1, max-image-preview:large, max-video-preview:-1\" \/>\n<link rel=\"canonical\" href=\"https:\/\/www.mpppst.gob.ve\/mpppstweb\/index.php\/2024\/09\/06\/ciudadano-ministro-eduardo-pinate-cumple-68-anos-haciendo-un-excelso-trabajo-para-seguir-creando-una-patria-socialista\/\" \/>\n<meta property=\"og:locale\" content=\"es_ES\" \/>\n<meta property=\"og:type\" content=\"article\" \/>\n<meta property=\"og:title\" content=\"Ciudadano Ministro Eduardo Pi\u00f1ate cumple 68 a\u00f1os haciendo un excelso trabajo para seguir creando una patria socialista. - MPPPST\" \/>\n<meta property=\"og:description\" content=\"(Caracas 06-09-2024. Prensa MPPPST).- En San Fernando de Apure, el 06 de septiembre de 1956, ve &hellip; Ciudadano Ministro Eduardo Pi\u00f1ate cumple 68 a\u00f1os haciendo un excelso trabajo para seguir creando una patria socialista.Read more\" \/>\n<meta property=\"og:url\" content=\"https:\/\/www.mpppst.gob.ve\/mpppstweb\/index.php\/2024\/09\/06\/ciudadano-ministro-eduardo-pinate-cumple-68-anos-haciendo-un-excelso-trabajo-para-seguir-creando-una-patria-socialista\/\" \/>\n<meta property=\"og:site_name\" content=\"MPPPST\" \/>\n<meta property=\"article:published_time\" content=\"2024-09-06T17:49:43+00:00\" \/>\n<meta property=\"article:modified_time\" content=\"2024-09-06T17:51:13+00:00\" \/>\n<meta property=\"og:image\" content=\"http:\/\/www.mpppst.gob.ve\/mpppstweb\/wp-content\/uploads\/2024\/09\/photo_2024-08-27_15-12-41.jpg\" \/>\n\t<meta property=\"og:image:width\" content=\"512\" \/>\n\t<meta property=\"og:image:height\" content=\"341\" \/>\n\t<meta property=\"og:image:type\" content=\"image\/jpeg\" \/>\n<meta name=\"author\" content=\"MPPPST Prensa\" \/>\n<meta name=\"twitter:card\" content=\"summary_large_image\" \/>\n<meta name=\"twitter:label1\" content=\"Escrito por\" \/>\n\t<meta name=\"twitter:data1\" content=\"MPPPST Prensa\" \/>\n\t<meta name=\"twitter:label2\" content=\"Tiempo de lectura\" \/>\n\t<meta name=\"twitter:data2\" content=\"2 minutos\" \/>\n<script type=\"application\/ld+json\" class=\"yoast-schema-graph\">{\"@context\":\"https:\/\/schema.org\",\"@graph\":[{\"@type\":\"Article\",\"@id\":\"https:\/\/www.mpppst.gob.ve\/mpppstweb\/index.php\/2024\/09\/06\/ciudadano-ministro-eduardo-pinate-cumple-68-anos-haciendo-un-excelso-trabajo-para-seguir-creando-una-patria-socialista\/#article\",\"isPartOf\":{\"@id\":\"https:\/\/www.mpppst.gob.ve\/mpppstweb\/index.php\/2024\/09\/06\/ciudadano-ministro-eduardo-pinate-cumple-68-anos-haciendo-un-excelso-trabajo-para-seguir-creando-una-patria-socialista\/\"},\"author\":{\"name\":\"MPPPST Prensa\",\"@id\":\"https:\/\/www.mpppst.gob.ve\/mpppstweb\/#\/schema\/person\/fc187ee8ead412bd4c9304b62f900ea4\"},\"headline\":\"Ciudadano Ministro Eduardo Pi\u00f1ate cumple 68 a\u00f1os haciendo un excelso trabajo para seguir creando una patria socialista.\",\"datePublished\":\"2024-09-06T17:49:43+00:00\",\"dateModified\":\"2024-09-06T17:51:13+00:00\",\"mainEntityOfPage\":{\"@id\":\"https:\/\/www.mpppst.gob.ve\/mpppstweb\/index.php\/2024\/09\/06\/ciudadano-ministro-eduardo-pinate-cumple-68-anos-haciendo-un-excelso-trabajo-para-seguir-creando-una-patria-socialista\/\"},\"wordCount\":283,\"publisher\":{\"@id\":\"https:\/\/www.mpppst.gob.ve\/mpppstweb\/#organization\"},\"image\":{\"@id\":\"https:\/\/www.mpppst.gob.ve\/mpppstweb\/index.php\/2024\/09\/06\/ciudadano-ministro-eduardo-pinate-cumple-68-anos-haciendo-un-excelso-trabajo-para-seguir-creando-una-patria-socialista\/#primaryimage\"},\"thumbnailUrl\":\"https:\/\/www.mpppst.gob.ve\/mpppstweb\/wp-content\/uploads\/2024\/09\/photo_2024-08-27_15-12-41.jpg\",\"keywords\":[\"2024\",\"Cumplea\u00f1os\",\"Ministro Eduardo Pi\u00f1ate\"],\"articleSection\":[\"Gobierno Nacional\"],\"inLanguage\":\"es\"},{\"@type\":\"WebPage\",\"@id\":\"https:\/\/www.mpppst.gob.ve\/mpppstweb\/index.php\/2024\/09\/06\/ciudadano-ministro-eduardo-pinate-cumple-68-anos-haciendo-un-excelso-trabajo-para-seguir-creando-una-patria-socialista\/\",\"url\":\"https:\/\/www.mpppst.gob.ve\/mpppstweb\/index.php\/2024\/09\/06\/ciudadano-ministro-eduardo-pinate-cumple-68-anos-haciendo-un-excelso-trabajo-para-seguir-creando-una-patria-socialista\/\",\"name\":\"Ciudadano Ministro Eduardo Pi\u00f1ate cumple 68 a\u00f1os haciendo un excelso trabajo para seguir creando una patria socialista. - MPPPST\",\"isPartOf\":{\"@id\":\"https:\/\/www.mpppst.gob.ve\/mpppstweb\/#website\"},\"primaryImageOfPage\":{\"@id\":\"https:\/\/www.mpppst.gob.ve\/mpppstweb\/index.php\/2024\/09\/06\/ciudadano-ministro-eduardo-pinate-cumple-68-anos-haciendo-un-excelso-trabajo-para-seguir-creando-una-patria-socialista\/#primaryimage\"},\"image\":{\"@id\":\"https:\/\/www.mpppst.gob.ve\/mpppstweb\/index.php\/2024\/09\/06\/ciudadano-ministro-eduardo-pinate-cumple-68-anos-haciendo-un-excelso-trabajo-para-seguir-creando-una-patria-socialista\/#primaryimage\"},\"thumbnailUrl\":\"https:\/\/www.mpppst.gob.ve\/mpppstweb\/wp-content\/uploads\/2024\/09\/photo_2024-08-27_15-12-41.jpg\",\"datePublished\":\"2024-09-06T17:49:43+00:00\",\"dateModified\":\"2024-09-06T17:51:13+00:00\",\"breadcrumb\":{\"@id\":\"https:\/\/www.mpppst.gob.ve\/mpppstweb\/index.php\/2024\/09\/06\/ciudadano-ministro-eduardo-pinate-cumple-68-anos-haciendo-un-excelso-trabajo-para-seguir-creando-una-patria-socialista\/#breadcrumb\"},\"inLanguage\":\"es\",\"potentialAction\":[{\"@type\":\"ReadAction\",\"target\":[\"https:\/\/www.mpppst.gob.ve\/mpppstweb\/index.php\/2024\/09\/06\/ciudadano-ministro-eduardo-pinate-cumple-68-anos-haciendo-un-excelso-trabajo-para-seguir-creando-una-patria-socialista\/\"]}]},{\"@type\":\"ImageObject\",\"inLanguage\":\"es\",\"@id\":\"https:\/\/www.mpppst.gob.ve\/mpppstweb\/index.php\/2024\/09\/06\/ciudadano-ministro-eduardo-pinate-cumple-68-anos-haciendo-un-excelso-trabajo-para-seguir-creando-una-patria-socialista\/#primaryimage\",\"url\":\"https:\/\/www.mpppst.gob.ve\/mpppstweb\/wp-content\/uploads\/2024\/09\/photo_2024-08-27_15-12-41.jpg\",\"contentUrl\":\"https:\/\/www.mpppst.gob.ve\/mpppstweb\/wp-content\/uploads\/2024\/09\/photo_2024-08-27_15-12-41.jpg\",\"width\":512,\"height\":341},{\"@type\":\"BreadcrumbList\",\"@id\":\"https:\/\/www.mpppst.gob.ve\/mpppstweb\/index.php\/2024\/09\/06\/ciudadano-ministro-eduardo-pinate-cumple-68-anos-haciendo-un-excelso-trabajo-para-seguir-creando-una-patria-socialista\/#breadcrumb\",\"itemListElement\":[{\"@type\":\"ListItem\",\"position\":1,\"name\":\"Home\",\"item\":\"https:\/\/www.mpppst.gob.ve\/mpppstweb\/\"},{\"@type\":\"ListItem\",\"position\":2,\"name\":\"Ciudadano Ministro Eduardo Pi\u00f1ate cumple 68 a\u00f1os haciendo un excelso trabajo para seguir creando una patria socialista.\"}]},{\"@type\":\"WebSite\",\"@id\":\"https:\/\/www.mpppst.gob.ve\/mpppstweb\/#website\",\"url\":\"https:\/\/www.mpppst.gob.ve\/mpppstweb\/\",\"name\":\"MPPPST\",\"description\":\"Ministerio del Poder Popular para el Proceso Social de Trabajo\",\"publisher\":{\"@id\":\"https:\/\/www.mpppst.gob.ve\/mpppstweb\/#organization\"},\"potentialAction\":[{\"@type\":\"SearchAction\",\"target\":{\"@type\":\"EntryPoint\",\"urlTemplate\":\"https:\/\/www.mpppst.gob.ve\/mpppstweb\/?s={search_term_string}\"},\"query-input\":\"required name=search_term_string\"}],\"inLanguage\":\"es\"},{\"@type\":\"Organization\",\"@id\":\"https:\/\/www.mpppst.gob.ve\/mpppstweb\/#organization\",\"name\":\"mpppst\",\"url\":\"https:\/\/www.mpppst.gob.ve\/mpppstweb\/\",\"logo\":{\"@type\":\"ImageObject\",\"inLanguage\":\"es\",\"@id\":\"https:\/\/www.mpppst.gob.ve\/mpppstweb\/#\/schema\/logo\/image\/\",\"url\":\"https:\/\/www.mpppst.gob.ve\/mpppstweb\/wp-content\/uploads\/2025\/07\/cropped-cropped-g910.png\",\"contentUrl\":\"https:\/\/www.mpppst.gob.ve\/mpppstweb\/wp-content\/uploads\/2025\/07\/cropped-cropped-g910.png\",\"width\":1080,\"height\":241,\"caption\":\"mpppst\"},\"image\":{\"@id\":\"https:\/\/www.mpppst.gob.ve\/mpppstweb\/#\/schema\/logo\/image\/\"}},{\"@type\":\"Person\",\"@id\":\"https:\/\/www.mpppst.gob.ve\/mpppstweb\/#\/schema\/person\/fc187ee8ead412bd4c9304b62f900ea4\",\"name\":\"MPPPST Prensa\",\"url\":\"https:\/\/www.mpppst.gob.ve\/mpppstweb\/index.php\/author\/prensa-mpppst\/\"}]}<\/script>\n<!-- \/ Yoast SEO plugin. -->","yoast_head_json":{"title":"Ciudadano Ministro Eduardo Pi\u00f1ate cumple 68 a\u00f1os haciendo un excelso trabajo para seguir creando una patria socialista. - MPPPST","robots":{"index":"index","follow":"follow","max-snippet":"max-snippet:-1","max-image-preview":"max-image-preview:large","max-video-preview":"max-video-preview:-1"},"canonical":"https:\/\/www.mpppst.gob.ve\/mpppstweb\/index.php\/2024\/09\/06\/ciudadano-ministro-eduardo-pinate-cumple-68-anos-haciendo-un-excelso-trabajo-para-seguir-creando-una-patria-socialista\/","og_locale":"es_ES","og_type":"article","og_title":"Ciudadano Ministro Eduardo Pi\u00f1ate cumple 68 a\u00f1os haciendo un excelso trabajo para seguir creando una patria socialista. - MPPPST","og_description":"(Caracas 06-09-2024. Prensa MPPPST).- En San Fernando de Apure, el 06 de septiembre de 1956, ve &hellip; Ciudadano Ministro Eduardo Pi\u00f1ate cumple 68 a\u00f1os haciendo un excelso trabajo para seguir creando una patria socialista.Read more","og_url":"https:\/\/www.mpppst.gob.ve\/mpppstweb\/index.php\/2024\/09\/06\/ciudadano-ministro-eduardo-pinate-cumple-68-anos-haciendo-un-excelso-trabajo-para-seguir-creando-una-patria-socialista\/","og_site_name":"MPPPST","article_published_time":"2024-09-06T17:49:43+00:00","article_modified_time":"2024-09-06T17:51:13+00:00","og_image":[{"width":512,"height":341,"url":"http:\/\/www.mpppst.gob.ve\/mpppstweb\/wp-content\/uploads\/2024\/09\/photo_2024-08-27_15-12-41.jpg","type":"image\/jpeg"}],"author":"MPPPST Prensa","twitter_card":"summary_large_image","twitter_misc":{"Escrito por":"MPPPST Prensa","Tiempo de lectura":"2 minutos"},"schema":{"@context":"https:\/\/schema.org","@graph":[{"@type":"Article","@id":"https:\/\/www.mpppst.gob.ve\/mpppstweb\/index.php\/2024\/09\/06\/ciudadano-ministro-eduardo-pinate-cumple-68-anos-haciendo-un-excelso-trabajo-para-seguir-creando-una-patria-socialista\/#article","isPartOf":{"@id":"https:\/\/www.mpppst.gob.ve\/mpppstweb\/index.php\/2024\/09\/06\/ciudadano-ministro-eduardo-pinate-cumple-68-anos-haciendo-un-excelso-trabajo-para-seguir-creando-una-patria-socialista\/"},"author":{"name":"MPPPST Prensa","@id":"https:\/\/www.mpppst.gob.ve\/mpppstweb\/#\/schema\/person\/fc187ee8ead412bd4c9304b62f900ea4"},"headline":"Ciudadano Ministro Eduardo Pi\u00f1ate cumple 68 a\u00f1os haciendo un excelso trabajo para seguir creando una patria socialista.","datePublished":"2024-09-06T17:49:43+00:00","dateModified":"2024-09-06T17:51:13+00:00","mainEntityOfPage":{"@id":"https:\/\/www.mpppst.gob.ve\/mpppstweb\/index.php\/2024\/09\/06\/ciudadano-ministro-eduardo-pinate-cumple-68-anos-haciendo-un-excelso-trabajo-para-seguir-creando-una-patria-socialista\/"},"wordCount":283,"publisher":{"@id":"https:\/\/www.mpppst.gob.ve\/mpppstweb\/#organization"},"image":{"@id":"https:\/\/www.mpppst.gob.ve\/mpppstweb\/index.php\/2024\/09\/06\/ciudadano-ministro-eduardo-pinate-cumple-68-anos-haciendo-un-excelso-trabajo-para-seguir-creando-una-patria-socialista\/#primaryimage"},"thumbnailUrl":"https:\/\/www.mpppst.gob.ve\/mpppstweb\/wp-content\/uploads\/2024\/09\/photo_2024-08-27_15-12-41.jpg","keywords":["2024","Cumplea\u00f1os","Ministro Eduardo Pi\u00f1ate"],"articleSection":["Gobierno Nacional"],"inLanguage":"es"},{"@type":"WebPage","@id":"https:\/\/www.mpppst.gob.ve\/mpppstweb\/index.php\/2024\/09\/06\/ciudadano-ministro-eduardo-pinate-cumple-68-anos-haciendo-un-excelso-trabajo-para-seguir-creando-una-patria-socialista\/","url":"https:\/\/www.mpppst.gob.ve\/mpppstweb\/index.php\/2024\/09\/06\/ciudadano-ministro-eduardo-pinate-cumple-68-anos-haciendo-un-excelso-trabajo-para-seguir-creando-una-patria-socialista\/","name":"Ciudadano Ministro Eduardo Pi\u00f1ate cumple 68 a\u00f1os haciendo un excelso trabajo para seguir creando una patria socialista. - MPPPST","isPartOf":{"@id":"https:\/\/www.mpppst.gob.ve\/mpppstweb\/#website"},"primaryImageOfPage":{"@id":"https:\/\/www.mpppst.gob.ve\/mpppstweb\/index.php\/2024\/09\/06\/ciudadano-ministro-eduardo-pinate-cumple-68-anos-haciendo-un-excelso-trabajo-para-seguir-creando-una-patria-socialista\/#primaryimage"},"image":{"@id":"https:\/\/www.mpppst.gob.ve\/mpppstweb\/index.php\/2024\/09\/06\/ciudadano-ministro-eduardo-pinate-cumple-68-anos-haciendo-un-excelso-trabajo-para-seguir-creando-una-patria-socialista\/#primaryimage"},"thumbnailUrl":"https:\/\/www.mpppst.gob.ve\/mpppstweb\/wp-content\/uploads\/2024\/09\/photo_2024-08-27_15-12-41.jpg","datePublished":"2024-09-06T17:49:43+00:00","dateModified":"2024-09-06T17:51:13+00:00","breadcrumb":{"@id":"https:\/\/www.mpppst.gob.ve\/mpppstweb\/index.php\/2024\/09\/06\/ciudadano-ministro-eduardo-pinate-cumple-68-anos-haciendo-un-excelso-trabajo-para-seguir-creando-una-patria-socialista\/#breadcrumb"},"inLanguage":"es","potentialAction":[{"@type":"ReadAction","target":["https:\/\/www.mpppst.gob.ve\/mpppstweb\/index.php\/2024\/09\/06\/ciudadano-ministro-eduardo-pinate-cumple-68-anos-haciendo-un-excelso-trabajo-para-seguir-creando-una-patria-socialista\/"]}]},{"@type":"ImageObject","inLanguage":"es","@id":"https:\/\/www.mpppst.gob.ve\/mpppstweb\/index.php\/2024\/09\/06\/ciudadano-ministro-eduardo-pinate-cumple-68-anos-haciendo-un-excelso-trabajo-para-seguir-creando-una-patria-socialista\/#primaryimage","url":"https:\/\/www.mpppst.gob.ve\/mpppstweb\/wp-content\/uploads\/2024\/09\/photo_2024-08-27_15-12-41.jpg","contentUrl":"https:\/\/www.mpppst.gob.ve\/mpppstweb\/wp-content\/uploads\/2024\/09\/photo_2024-08-27_15-12-41.jpg","width":512,"height":341},{"@type":"BreadcrumbList","@id":"https:\/\/www.mpppst.gob.ve\/mpppstweb\/index.php\/2024\/09\/06\/ciudadano-ministro-eduardo-pinate-cumple-68-anos-haciendo-un-excelso-trabajo-para-seguir-creando-una-patria-socialista\/#breadcrumb","itemListElement":[{"@type":"ListItem","position":1,"name":"Home","item":"https:\/\/www.mpppst.gob.ve\/mpppstweb\/"},{"@type":"ListItem","position":2,"name":"Ciudadano Ministro Eduardo Pi\u00f1ate cumple 68 a\u00f1os haciendo un excelso trabajo para seguir creando una patria socialista."}]},{"@type":"WebSite","@id":"https:\/\/www.mpppst.gob.ve\/mpppstweb\/#website","url":"https:\/\/www.mpppst.gob.ve\/mpppstweb\/","name":"MPPPST","description":"Ministerio del Poder Popular para el Proceso Social de Trabajo","publisher":{"@id":"https:\/\/www.mpppst.gob.ve\/mpppstweb\/#organization"},"potentialAction":[{"@type":"SearchAction","target":{"@type":"EntryPoint","urlTemplate":"https:\/\/www.mpppst.gob.ve\/mpppstweb\/?s={search_term_string}"},"query-input":"required name=search_term_string"}],"inLanguage":"es"},{"@type":"Organization","@id":"https:\/\/www.mpppst.gob.ve\/mpppstweb\/#organization","name":"mpppst","url":"https:\/\/www.mpppst.gob.ve\/mpppstweb\/","logo":{"@type":"ImageObject","inLanguage":"es","@id":"https:\/\/www.mpppst.gob.ve\/mpppstweb\/#\/schema\/logo\/image\/","url":"https:\/\/www.mpppst.gob.ve\/mpppstweb\/wp-content\/uploads\/2025\/07\/cropped-cropped-g910.png","contentUrl":"https:\/\/www.mpppst.gob.ve\/mpppstweb\/wp-content\/uploads\/2025\/07\/cropped-cropped-g910.png","width":1080,"height":241,"caption":"mpppst"},"image":{"@id":"https:\/\/www.mpppst.gob.ve\/mpppstweb\/#\/schema\/logo\/image\/"}},{"@type":"Person","@id":"https:\/\/www.mpppst.gob.ve\/mpppstweb\/#\/schema\/person\/fc187ee8ead412bd4c9304b62f900ea4","name":"MPPPST Prensa","url":"https:\/\/www.mpppst.gob.ve\/mpppstweb\/index.php\/author\/prensa-mpppst\/"}]}},"_links":{"self":[{"href":"https:\/\/www.mpppst.gob.ve\/mpppstweb\/index.php\/wp-json\/wp\/v2\/posts\/26649"}],"collection":[{"href":"https:\/\/www.mpppst.gob.ve\/mpppstweb\/index.php\/wp-json\/wp\/v2\/posts"}],"about":[{"href":"https:\/\/www.mpppst.gob.ve\/mpppstweb\/index.php\/wp-json\/wp\/v2\/types\/post"}],"author":[{"embeddable":true,"href":"https:\/\/www.mpppst.gob.ve\/mpppstweb\/index.php\/wp-json\/wp\/v2\/users\/25"}],"replies":[{"embeddable":true,"href":"https:\/\/www.mpppst.gob.ve\/mpppstweb\/index.php\/wp-json\/wp\/v2\/comments?post=26649"}],"version-history":[{"count":1,"href":"https:\/\/www.mpppst.gob.ve\/mpppstweb\/index.php\/wp-json\/wp\/v2\/posts\/26649\/revisions"}],"predecessor-version":[{"id":26650,"href":"https:\/\/www.mpppst.gob.ve\/mpppstweb\/index.php\/wp-json\/wp\/v2\/posts\/26649\/revisions\/26650"}],"wp:featuredmedia":[{"embeddable":true,"href":"https:\/\/www.mpppst.gob.ve\/mpppstweb\/index.php\/wp-json\/wp\/v2\/media\/26651"}],"wp:attachment":[{"href":"https:\/\/www.mpppst.gob.ve\/mpppstweb\/index.php\/wp-json\/wp\/v2\/media?parent=26649"}],"wp:term":[{"taxonomy":"category","embeddable":true,"href":"https:\/\/www.mpppst.gob.ve\/mpppstweb\/index.php\/wp-json\/wp\/v2\/categories?post=26649"},{"taxonomy":"post_tag","embeddable":true,"href":"https:\/\/www.mpppst.gob.ve\/mpppstweb\/index.php\/wp-json\/wp\/v2\/tags?post=26649"}],"curies":[{"name":"wp","href":"https:\/\/api.w.org\/{rel}","templated":true}]}}