{"id":26662,"date":"2024-09-10T13:55:48","date_gmt":"2024-09-10T17:55:48","guid":{"rendered":"https:\/\/www.mpppst.gob.ve\/mpppstweb\/?p=26662"},"modified":"2024-09-10T13:59:33","modified_gmt":"2024-09-10T17:59:33","slug":"inicia-primer-congreso-mundial-antifascista-en-venezuela","status":"publish","type":"post","link":"https:\/\/www.mpppst.gob.ve\/mpppstweb\/index.php\/2024\/09\/10\/inicia-primer-congreso-mundial-antifascista-en-venezuela\/","title":{"rendered":"Inicia Primer Congreso Mundial Antifascista en Venezuela"},"content":{"rendered":"\n<p>(Caracas, 10-09-2024. Prensa MPPPST).\u2014 Hoy da inicio el <strong>Primer Congreso Mundial Antifascista<\/strong> en Caracas, Venezuela, un evento que se desarrollar\u00e1 los <strong>d\u00edas 10 y 11 de septiembre<\/strong>. Este congreso re\u00fane a representantes de 95 pa\u00edses y contar\u00e1 con la participaci\u00f3n de m\u00e1s de 200 intelectuales de renombre mundial.<\/p>\n\n\n\n<figure class=\"wp-block-image size-large\"><img decoding=\"async\" loading=\"lazy\" width=\"1024\" height=\"682\" src=\"https:\/\/www.mpppst.gob.ve\/mpppstweb\/wp-content\/uploads\/2024\/09\/img_20240910_135921_0188344771324224442143-1024x682.jpg\" alt=\"\" class=\"wp-image-26668\" srcset=\"https:\/\/www.mpppst.gob.ve\/mpppstweb\/wp-content\/uploads\/2024\/09\/img_20240910_135921_0188344771324224442143-1024x682.jpg 1024w, https:\/\/www.mpppst.gob.ve\/mpppstweb\/wp-content\/uploads\/2024\/09\/img_20240910_135921_0188344771324224442143-300x200.jpg 300w, https:\/\/www.mpppst.gob.ve\/mpppstweb\/wp-content\/uploads\/2024\/09\/img_20240910_135921_0188344771324224442143-768x512.jpg 768w, https:\/\/www.mpppst.gob.ve\/mpppstweb\/wp-content\/uploads\/2024\/09\/img_20240910_135921_0188344771324224442143.jpg 1280w\" sizes=\"(max-width: 1024px) 100vw, 1024px\" \/><\/figure>\n\n\n\n<p><br \/><br \/>El congreso ser\u00e1 un espacio de <strong>debate y reflexi\u00f3n<\/strong> para tomar acciones concretas contra la injerencia de Occidente. Durante el evento, se llevar\u00e1n a cabo foros y ponencias, y se presentar\u00e1 un documental que aborda el papel de las redes sociales en la Guerra Medi\u00e1tica. Adem\u00e1s, se publicar\u00e1 un informe titulado \u00abGuerra Cognitiva: Un ataque a la paz de los venezolanos\u00bb, que ser\u00e1 difundido en todos los estados del pa\u00eds.<br \/><br \/>La Vicepresidenta Ejecutiva de Venezuela, Delcy Rodr\u00edguez, destac\u00f3 la importancia de este congreso en su discurso inaugural. <em>\u00abSe nos vino encima el imperialismo tecnol\u00f3gico, las grandes corporaciones se vinieron contra Venezuela y nos dieron 30 millones de ataques por minuto y la mejor respuesta, ustedes lo pueden constatar, es estar ac\u00e1 y ver que es un pa\u00eds que est\u00e1 en paz<\/em>\u00ab, afirm\u00f3 Rodr\u00edguez.<\/p>\n\n\n\n<figure class=\"wp-block-image size-large\"><img decoding=\"async\" loading=\"lazy\" width=\"1024\" height=\"682\" src=\"https:\/\/www.mpppst.gob.ve\/mpppstweb\/wp-content\/uploads\/2024\/09\/img_20240910_135453_1505877290823555236869-1024x682.jpg\" alt=\"\" class=\"wp-image-26661\" srcset=\"https:\/\/www.mpppst.gob.ve\/mpppstweb\/wp-content\/uploads\/2024\/09\/img_20240910_135453_1505877290823555236869-1024x682.jpg 1024w, https:\/\/www.mpppst.gob.ve\/mpppstweb\/wp-content\/uploads\/2024\/09\/img_20240910_135453_1505877290823555236869-300x200.jpg 300w, https:\/\/www.mpppst.gob.ve\/mpppstweb\/wp-content\/uploads\/2024\/09\/img_20240910_135453_1505877290823555236869-768x512.jpg 768w, https:\/\/www.mpppst.gob.ve\/mpppstweb\/wp-content\/uploads\/2024\/09\/img_20240910_135453_1505877290823555236869.jpg 1280w\" sizes=\"(max-width: 1024px) 100vw, 1024px\" \/><\/figure>\n\n\n\n<p><br \/><br \/>Rodr\u00edguez advirti\u00f3 sobre los peligros del fascismo a nivel global. \u00ab<em>Si el fascismo llegara a tomar todos los espacios de este planeta no quedar\u00e1 un metro cuadrado donde podamos respirar<\/em>\u00ab, se\u00f1al\u00f3. Tambi\u00e9n denunci\u00f3 el uso de algoritmos en las redes sociales como herramientas de control y manipulaci\u00f3n. <em>\u00abEllos colocaron a su servicio el poder de la dictadura de los algoritmos en las redes sociales. M\u00e1s de mil millones de d\u00f3lares se tiene estimado que fue lo que invirtieron para derrocar al gobierno Bolivariano<\/em>\u00ab, a\u00f1adi\u00f3.<br \/><br \/>El Primer Congreso Mundial Antifascista <strong>promete ser un hito en la lucha contra el fascismo y la defensa de la paz<\/strong> y la soberan\u00eda de los pueblos.(Fin. \/Isabela Guzman).<\/p>\n","protected":false},"excerpt":{"rendered":"<p>(Caracas, 10-09-2024. Prensa MPPPST).\u2014 Hoy da inicio el Primer Congreso Mundial Antifascista en Caracas, Venezuela, un &hellip; <a title=\"Inicia Primer Congreso Mundial Antifascista en Venezuela\" class=\"hm-read-more\" href=\"https:\/\/www.mpppst.gob.ve\/mpppstweb\/index.php\/2024\/09\/10\/inicia-primer-congreso-mundial-antifascista-en-venezuela\/\"><span class=\"screen-reader-text\">Inicia Primer Congreso Mundial Antifascista en Venezuela<\/span>Read more<\/a><\/p>\n","protected":false},"author":25,"featured_media":26665,"comment_status":"closed","ping_status":"closed","sticky":false,"template":"","format":"standard","meta":{"footnotes":""},"categories":[82],"tags":[847,844,846,843,445,335,845],"yoast_head":"<!-- This site is optimized with the Yoast SEO plugin v22.5 - https:\/\/yoast.com\/wordpress\/plugins\/seo\/ -->\n<title>Inicia Primer Congreso Mundial Antifascista en Venezuela - MPPPST<\/title>\n<meta name=\"robots\" content=\"index, follow, max-snippet:-1, max-image-preview:large, max-video-preview:-1\" \/>\n<link rel=\"canonical\" href=\"https:\/\/www.mpppst.gob.ve\/mpppstweb\/index.php\/2024\/09\/10\/inicia-primer-congreso-mundial-antifascista-en-venezuela\/\" \/>\n<meta property=\"og:locale\" content=\"es_ES\" \/>\n<meta property=\"og:type\" content=\"article\" \/>\n<meta property=\"og:title\" content=\"Inicia Primer Congreso Mundial Antifascista en Venezuela - MPPPST\" \/>\n<meta property=\"og:description\" content=\"(Caracas, 10-09-2024. Prensa MPPPST).\u2014 Hoy da inicio el Primer Congreso Mundial Antifascista en Caracas, Venezuela, un &hellip; Inicia Primer Congreso Mundial Antifascista en VenezuelaRead more\" \/>\n<meta property=\"og:url\" content=\"https:\/\/www.mpppst.gob.ve\/mpppstweb\/index.php\/2024\/09\/10\/inicia-primer-congreso-mundial-antifascista-en-venezuela\/\" \/>\n<meta property=\"og:site_name\" content=\"MPPPST\" \/>\n<meta property=\"article:published_time\" content=\"2024-09-10T17:55:48+00:00\" \/>\n<meta property=\"article:modified_time\" content=\"2024-09-10T17:59:33+00:00\" \/>\n<meta property=\"og:image\" content=\"https:\/\/www.mpppst.gob.ve\/mpppstweb\/wp-content\/uploads\/2024\/09\/IMG_20240910_135504_228.jpg\" \/>\n\t<meta property=\"og:image:width\" content=\"810\" \/>\n\t<meta property=\"og:image:height\" content=\"540\" \/>\n\t<meta property=\"og:image:type\" content=\"image\/jpeg\" \/>\n<meta name=\"author\" content=\"MPPPST Prensa\" \/>\n<meta name=\"twitter:card\" content=\"summary_large_image\" \/>\n<meta name=\"twitter:label1\" content=\"Escrito por\" \/>\n\t<meta name=\"twitter:data1\" content=\"MPPPST Prensa\" \/>\n\t<meta name=\"twitter:label2\" content=\"Tiempo de lectura\" \/>\n\t<meta name=\"twitter:data2\" content=\"2 minutos\" \/>\n<script type=\"application\/ld+json\" class=\"yoast-schema-graph\">{\"@context\":\"https:\/\/schema.org\",\"@graph\":[{\"@type\":\"Article\",\"@id\":\"https:\/\/www.mpppst.gob.ve\/mpppstweb\/index.php\/2024\/09\/10\/inicia-primer-congreso-mundial-antifascista-en-venezuela\/#article\",\"isPartOf\":{\"@id\":\"https:\/\/www.mpppst.gob.ve\/mpppstweb\/index.php\/2024\/09\/10\/inicia-primer-congreso-mundial-antifascista-en-venezuela\/\"},\"author\":{\"name\":\"MPPPST Prensa\",\"@id\":\"https:\/\/www.mpppst.gob.ve\/mpppstweb\/#\/schema\/person\/fc187ee8ead412bd4c9304b62f900ea4\"},\"headline\":\"Inicia Primer Congreso Mundial Antifascista en Venezuela\",\"datePublished\":\"2024-09-10T17:55:48+00:00\",\"dateModified\":\"2024-09-10T17:59:33+00:00\",\"mainEntityOfPage\":{\"@id\":\"https:\/\/www.mpppst.gob.ve\/mpppstweb\/index.php\/2024\/09\/10\/inicia-primer-congreso-mundial-antifascista-en-venezuela\/\"},\"wordCount\":320,\"publisher\":{\"@id\":\"https:\/\/www.mpppst.gob.ve\/mpppstweb\/#organization\"},\"image\":{\"@id\":\"https:\/\/www.mpppst.gob.ve\/mpppstweb\/index.php\/2024\/09\/10\/inicia-primer-congreso-mundial-antifascista-en-venezuela\/#primaryimage\"},\"thumbnailUrl\":\"https:\/\/www.mpppst.gob.ve\/mpppstweb\/wp-content\/uploads\/2024\/09\/IMG_20240910_135504_228.jpg\",\"keywords\":[\"95 pa\u00edses\",\"Anti fascismo\",\"Congreso\",\"Congreso Mundial Antifascista\",\"Delcy Rodr\u00edguez\",\"Venezuela\",\"Vicepresidenta\"],\"articleSection\":[\"Gobierno Nacional\"],\"inLanguage\":\"es\"},{\"@type\":\"WebPage\",\"@id\":\"https:\/\/www.mpppst.gob.ve\/mpppstweb\/index.php\/2024\/09\/10\/inicia-primer-congreso-mundial-antifascista-en-venezuela\/\",\"url\":\"https:\/\/www.mpppst.gob.ve\/mpppstweb\/index.php\/2024\/09\/10\/inicia-primer-congreso-mundial-antifascista-en-venezuela\/\",\"name\":\"Inicia Primer Congreso Mundial Antifascista en Venezuela - MPPPST\",\"isPartOf\":{\"@id\":\"https:\/\/www.mpppst.gob.ve\/mpppstweb\/#website\"},\"primaryImageOfPage\":{\"@id\":\"https:\/\/www.mpppst.gob.ve\/mpppstweb\/index.php\/2024\/09\/10\/inicia-primer-congreso-mundial-antifascista-en-venezuela\/#primaryimage\"},\"image\":{\"@id\":\"https:\/\/www.mpppst.gob.ve\/mpppstweb\/index.php\/2024\/09\/10\/inicia-primer-congreso-mundial-antifascista-en-venezuela\/#primaryimage\"},\"thumbnailUrl\":\"https:\/\/www.mpppst.gob.ve\/mpppstweb\/wp-content\/uploads\/2024\/09\/IMG_20240910_135504_228.jpg\",\"datePublished\":\"2024-09-10T17:55:48+00:00\",\"dateModified\":\"2024-09-10T17:59:33+00:00\",\"breadcrumb\":{\"@id\":\"https:\/\/www.mpppst.gob.ve\/mpppstweb\/index.php\/2024\/09\/10\/inicia-primer-congreso-mundial-antifascista-en-venezuela\/#breadcrumb\"},\"inLanguage\":\"es\",\"potentialAction\":[{\"@type\":\"ReadAction\",\"target\":[\"https:\/\/www.mpppst.gob.ve\/mpppstweb\/index.php\/2024\/09\/10\/inicia-primer-congreso-mundial-antifascista-en-venezuela\/\"]}]},{\"@type\":\"ImageObject\",\"inLanguage\":\"es\",\"@id\":\"https:\/\/www.mpppst.gob.ve\/mpppstweb\/index.php\/2024\/09\/10\/inicia-primer-congreso-mundial-antifascista-en-venezuela\/#primaryimage\",\"url\":\"https:\/\/www.mpppst.gob.ve\/mpppstweb\/wp-content\/uploads\/2024\/09\/IMG_20240910_135504_228.jpg\",\"contentUrl\":\"https:\/\/www.mpppst.gob.ve\/mpppstweb\/wp-content\/uploads\/2024\/09\/IMG_20240910_135504_228.jpg\",\"width\":810,\"height\":540},{\"@type\":\"BreadcrumbList\",\"@id\":\"https:\/\/www.mpppst.gob.ve\/mpppstweb\/index.php\/2024\/09\/10\/inicia-primer-congreso-mundial-antifascista-en-venezuela\/#breadcrumb\",\"itemListElement\":[{\"@type\":\"ListItem\",\"position\":1,\"name\":\"Home\",\"item\":\"https:\/\/www.mpppst.gob.ve\/mpppstweb\/\"},{\"@type\":\"ListItem\",\"position\":2,\"name\":\"Inicia Primer Congreso Mundial Antifascista en Venezuela\"}]},{\"@type\":\"WebSite\",\"@id\":\"https:\/\/www.mpppst.gob.ve\/mpppstweb\/#website\",\"url\":\"https:\/\/www.mpppst.gob.ve\/mpppstweb\/\",\"name\":\"MPPPST\",\"description\":\"Ministerio del Poder Popular para el Proceso Social de Trabajo\",\"publisher\":{\"@id\":\"https:\/\/www.mpppst.gob.ve\/mpppstweb\/#organization\"},\"potentialAction\":[{\"@type\":\"SearchAction\",\"target\":{\"@type\":\"EntryPoint\",\"urlTemplate\":\"https:\/\/www.mpppst.gob.ve\/mpppstweb\/?s={search_term_string}\"},\"query-input\":\"required name=search_term_string\"}],\"inLanguage\":\"es\"},{\"@type\":\"Organization\",\"@id\":\"https:\/\/www.mpppst.gob.ve\/mpppstweb\/#organization\",\"name\":\"mpppst\",\"url\":\"https:\/\/www.mpppst.gob.ve\/mpppstweb\/\",\"logo\":{\"@type\":\"ImageObject\",\"inLanguage\":\"es\",\"@id\":\"https:\/\/www.mpppst.gob.ve\/mpppstweb\/#\/schema\/logo\/image\/\",\"url\":\"https:\/\/www.mpppst.gob.ve\/mpppstweb\/wp-content\/uploads\/2025\/07\/cropped-cropped-g910.png\",\"contentUrl\":\"https:\/\/www.mpppst.gob.ve\/mpppstweb\/wp-content\/uploads\/2025\/07\/cropped-cropped-g910.png\",\"width\":1080,\"height\":241,\"caption\":\"mpppst\"},\"image\":{\"@id\":\"https:\/\/www.mpppst.gob.ve\/mpppstweb\/#\/schema\/logo\/image\/\"}},{\"@type\":\"Person\",\"@id\":\"https:\/\/www.mpppst.gob.ve\/mpppstweb\/#\/schema\/person\/fc187ee8ead412bd4c9304b62f900ea4\",\"name\":\"MPPPST Prensa\",\"url\":\"https:\/\/www.mpppst.gob.ve\/mpppstweb\/index.php\/author\/prensa-mpppst\/\"}]}<\/script>\n<!-- \/ Yoast SEO plugin. -->","yoast_head_json":{"title":"Inicia Primer Congreso Mundial Antifascista en Venezuela - MPPPST","robots":{"index":"index","follow":"follow","max-snippet":"max-snippet:-1","max-image-preview":"max-image-preview:large","max-video-preview":"max-video-preview:-1"},"canonical":"https:\/\/www.mpppst.gob.ve\/mpppstweb\/index.php\/2024\/09\/10\/inicia-primer-congreso-mundial-antifascista-en-venezuela\/","og_locale":"es_ES","og_type":"article","og_title":"Inicia Primer Congreso Mundial Antifascista en Venezuela - MPPPST","og_description":"(Caracas, 10-09-2024. Prensa MPPPST).\u2014 Hoy da inicio el Primer Congreso Mundial Antifascista en Caracas, Venezuela, un &hellip; Inicia Primer Congreso Mundial Antifascista en VenezuelaRead more","og_url":"https:\/\/www.mpppst.gob.ve\/mpppstweb\/index.php\/2024\/09\/10\/inicia-primer-congreso-mundial-antifascista-en-venezuela\/","og_site_name":"MPPPST","article_published_time":"2024-09-10T17:55:48+00:00","article_modified_time":"2024-09-10T17:59:33+00:00","og_image":[{"width":810,"height":540,"url":"https:\/\/www.mpppst.gob.ve\/mpppstweb\/wp-content\/uploads\/2024\/09\/IMG_20240910_135504_228.jpg","type":"image\/jpeg"}],"author":"MPPPST Prensa","twitter_card":"summary_large_image","twitter_misc":{"Escrito por":"MPPPST Prensa","Tiempo de lectura":"2 minutos"},"schema":{"@context":"https:\/\/schema.org","@graph":[{"@type":"Article","@id":"https:\/\/www.mpppst.gob.ve\/mpppstweb\/index.php\/2024\/09\/10\/inicia-primer-congreso-mundial-antifascista-en-venezuela\/#article","isPartOf":{"@id":"https:\/\/www.mpppst.gob.ve\/mpppstweb\/index.php\/2024\/09\/10\/inicia-primer-congreso-mundial-antifascista-en-venezuela\/"},"author":{"name":"MPPPST Prensa","@id":"https:\/\/www.mpppst.gob.ve\/mpppstweb\/#\/schema\/person\/fc187ee8ead412bd4c9304b62f900ea4"},"headline":"Inicia Primer Congreso Mundial Antifascista en Venezuela","datePublished":"2024-09-10T17:55:48+00:00","dateModified":"2024-09-10T17:59:33+00:00","mainEntityOfPage":{"@id":"https:\/\/www.mpppst.gob.ve\/mpppstweb\/index.php\/2024\/09\/10\/inicia-primer-congreso-mundial-antifascista-en-venezuela\/"},"wordCount":320,"publisher":{"@id":"https:\/\/www.mpppst.gob.ve\/mpppstweb\/#organization"},"image":{"@id":"https:\/\/www.mpppst.gob.ve\/mpppstweb\/index.php\/2024\/09\/10\/inicia-primer-congreso-mundial-antifascista-en-venezuela\/#primaryimage"},"thumbnailUrl":"https:\/\/www.mpppst.gob.ve\/mpppstweb\/wp-content\/uploads\/2024\/09\/IMG_20240910_135504_228.jpg","keywords":["95 pa\u00edses","Anti fascismo","Congreso","Congreso Mundial Antifascista","Delcy Rodr\u00edguez","Venezuela","Vicepresidenta"],"articleSection":["Gobierno Nacional"],"inLanguage":"es"},{"@type":"WebPage","@id":"https:\/\/www.mpppst.gob.ve\/mpppstweb\/index.php\/2024\/09\/10\/inicia-primer-congreso-mundial-antifascista-en-venezuela\/","url":"https:\/\/www.mpppst.gob.ve\/mpppstweb\/index.php\/2024\/09\/10\/inicia-primer-congreso-mundial-antifascista-en-venezuela\/","name":"Inicia Primer Congreso Mundial Antifascista en Venezuela - MPPPST","isPartOf":{"@id":"https:\/\/www.mpppst.gob.ve\/mpppstweb\/#website"},"primaryImageOfPage":{"@id":"https:\/\/www.mpppst.gob.ve\/mpppstweb\/index.php\/2024\/09\/10\/inicia-primer-congreso-mundial-antifascista-en-venezuela\/#primaryimage"},"image":{"@id":"https:\/\/www.mpppst.gob.ve\/mpppstweb\/index.php\/2024\/09\/10\/inicia-primer-congreso-mundial-antifascista-en-venezuela\/#primaryimage"},"thumbnailUrl":"https:\/\/www.mpppst.gob.ve\/mpppstweb\/wp-content\/uploads\/2024\/09\/IMG_20240910_135504_228.jpg","datePublished":"2024-09-10T17:55:48+00:00","dateModified":"2024-09-10T17:59:33+00:00","breadcrumb":{"@id":"https:\/\/www.mpppst.gob.ve\/mpppstweb\/index.php\/2024\/09\/10\/inicia-primer-congreso-mundial-antifascista-en-venezuela\/#breadcrumb"},"inLanguage":"es","potentialAction":[{"@type":"ReadAction","target":["https:\/\/www.mpppst.gob.ve\/mpppstweb\/index.php\/2024\/09\/10\/inicia-primer-congreso-mundial-antifascista-en-venezuela\/"]}]},{"@type":"ImageObject","inLanguage":"es","@id":"https:\/\/www.mpppst.gob.ve\/mpppstweb\/index.php\/2024\/09\/10\/inicia-primer-congreso-mundial-antifascista-en-venezuela\/#primaryimage","url":"https:\/\/www.mpppst.gob.ve\/mpppstweb\/wp-content\/uploads\/2024\/09\/IMG_20240910_135504_228.jpg","contentUrl":"https:\/\/www.mpppst.gob.ve\/mpppstweb\/wp-content\/uploads\/2024\/09\/IMG_20240910_135504_228.jpg","width":810,"height":540},{"@type":"BreadcrumbList","@id":"https:\/\/www.mpppst.gob.ve\/mpppstweb\/index.php\/2024\/09\/10\/inicia-primer-congreso-mundial-antifascista-en-venezuela\/#breadcrumb","itemListElement":[{"@type":"ListItem","position":1,"name":"Home","item":"https:\/\/www.mpppst.gob.ve\/mpppstweb\/"},{"@type":"ListItem","position":2,"name":"Inicia Primer Congreso Mundial Antifascista en Venezuela"}]},{"@type":"WebSite","@id":"https:\/\/www.mpppst.gob.ve\/mpppstweb\/#website","url":"https:\/\/www.mpppst.gob.ve\/mpppstweb\/","name":"MPPPST","description":"Ministerio del Poder Popular para el Proceso Social de Trabajo","publisher":{"@id":"https:\/\/www.mpppst.gob.ve\/mpppstweb\/#organization"},"potentialAction":[{"@type":"SearchAction","target":{"@type":"EntryPoint","urlTemplate":"https:\/\/www.mpppst.gob.ve\/mpppstweb\/?s={search_term_string}"},"query-input":"required name=search_term_string"}],"inLanguage":"es"},{"@type":"Organization","@id":"https:\/\/www.mpppst.gob.ve\/mpppstweb\/#organization","name":"mpppst","url":"https:\/\/www.mpppst.gob.ve\/mpppstweb\/","logo":{"@type":"ImageObject","inLanguage":"es","@id":"https:\/\/www.mpppst.gob.ve\/mpppstweb\/#\/schema\/logo\/image\/","url":"https:\/\/www.mpppst.gob.ve\/mpppstweb\/wp-content\/uploads\/2025\/07\/cropped-cropped-g910.png","contentUrl":"https:\/\/www.mpppst.gob.ve\/mpppstweb\/wp-content\/uploads\/2025\/07\/cropped-cropped-g910.png","width":1080,"height":241,"caption":"mpppst"},"image":{"@id":"https:\/\/www.mpppst.gob.ve\/mpppstweb\/#\/schema\/logo\/image\/"}},{"@type":"Person","@id":"https:\/\/www.mpppst.gob.ve\/mpppstweb\/#\/schema\/person\/fc187ee8ead412bd4c9304b62f900ea4","name":"MPPPST Prensa","url":"https:\/\/www.mpppst.gob.ve\/mpppstweb\/index.php\/author\/prensa-mpppst\/"}]}},"_links":{"self":[{"href":"https:\/\/www.mpppst.gob.ve\/mpppstweb\/index.php\/wp-json\/wp\/v2\/posts\/26662"}],"collection":[{"href":"https:\/\/www.mpppst.gob.ve\/mpppstweb\/index.php\/wp-json\/wp\/v2\/posts"}],"about":[{"href":"https:\/\/www.mpppst.gob.ve\/mpppstweb\/index.php\/wp-json\/wp\/v2\/types\/post"}],"author":[{"embeddable":true,"href":"https:\/\/www.mpppst.gob.ve\/mpppstweb\/index.php\/wp-json\/wp\/v2\/users\/25"}],"replies":[{"embeddable":true,"href":"https:\/\/www.mpppst.gob.ve\/mpppstweb\/index.php\/wp-json\/wp\/v2\/comments?post=26662"}],"version-history":[{"count":3,"href":"https:\/\/www.mpppst.gob.ve\/mpppstweb\/index.php\/wp-json\/wp\/v2\/posts\/26662\/revisions"}],"predecessor-version":[{"id":26669,"href":"https:\/\/www.mpppst.gob.ve\/mpppstweb\/index.php\/wp-json\/wp\/v2\/posts\/26662\/revisions\/26669"}],"wp:featuredmedia":[{"embeddable":true,"href":"https:\/\/www.mpppst.gob.ve\/mpppstweb\/index.php\/wp-json\/wp\/v2\/media\/26665"}],"wp:attachment":[{"href":"https:\/\/www.mpppst.gob.ve\/mpppstweb\/index.php\/wp-json\/wp\/v2\/media?parent=26662"}],"wp:term":[{"taxonomy":"category","embeddable":true,"href":"https:\/\/www.mpppst.gob.ve\/mpppstweb\/index.php\/wp-json\/wp\/v2\/categories?post=26662"},{"taxonomy":"post_tag","embeddable":true,"href":"https:\/\/www.mpppst.gob.ve\/mpppstweb\/index.php\/wp-json\/wp\/v2\/tags?post=26662"}],"curies":[{"name":"wp","href":"https:\/\/api.w.org\/{rel}","templated":true}]}}