{"id":26673,"date":"2024-09-10T20:14:37","date_gmt":"2024-09-11T00:14:37","guid":{"rendered":"https:\/\/www.mpppst.gob.ve\/mpppstweb\/?p=26673"},"modified":"2024-09-10T20:17:07","modified_gmt":"2024-09-11T00:17:07","slug":"bienvenida-a-la-patria-la-seleccion-venezolana-de-atletas-paralimpicos-2024-regresa-triunfante","status":"publish","type":"post","link":"https:\/\/www.mpppst.gob.ve\/mpppstweb\/index.php\/2024\/09\/10\/bienvenida-a-la-patria-la-seleccion-venezolana-de-atletas-paralimpicos-2024-regresa-triunfante\/","title":{"rendered":"Bienvenida a la Patria: La Selecci\u00f3n Venezolana de Atletas Paral\u00edmpicos 2024 Regresa Triunfante"},"content":{"rendered":"\n<p>(Caracas, 10-09-2024. Prensa MPPPST).- La Plaza Catia se llen\u00f3 de alegr\u00eda y fervor patri\u00f3tico con la llegada de la Selecci\u00f3n Venezolana de Atletas Paral\u00edmpicos 2024, quienes fueron recibidos con los brazos abiertos por el pueblo venezolano y la clase obrera en una emotiva movilizaci\u00f3n hacia la Cancha \u00abPaguita\u00bb.<br><br>Este evento, que celebra los logros y la dedicaci\u00f3n de nuestros atletas, es un claro reflejo del apoyo incondicional del Gobierno Bolivariano de Venezuela. A trav\u00e9s de pol\u00edticas inclusivas y de promoci\u00f3n del deporte, el Estado ha trabajado arduamente para garantizar que todos los atletas, sin importar sus condiciones, tengan las oportunidades necesarias para brillar en el escenario internacional.<\/p>\n\n\n\n<figure class=\"wp-block-image size-large\"><img decoding=\"async\" loading=\"lazy\" width=\"1024\" height=\"577\" src=\"https:\/\/www.mpppst.gob.ve\/mpppstweb\/wp-content\/uploads\/2024\/09\/img_20240910_201216_262344983880846632766-1024x577.jpg\" alt=\"\" class=\"wp-image-26671\" srcset=\"https:\/\/www.mpppst.gob.ve\/mpppstweb\/wp-content\/uploads\/2024\/09\/img_20240910_201216_262344983880846632766-1024x577.jpg 1024w, https:\/\/www.mpppst.gob.ve\/mpppstweb\/wp-content\/uploads\/2024\/09\/img_20240910_201216_262344983880846632766-300x169.jpg 300w, https:\/\/www.mpppst.gob.ve\/mpppstweb\/wp-content\/uploads\/2024\/09\/img_20240910_201216_262344983880846632766-768x433.jpg 768w, https:\/\/www.mpppst.gob.ve\/mpppstweb\/wp-content\/uploads\/2024\/09\/img_20240910_201216_262344983880846632766.jpg 1280w\" sizes=\"(max-width: 1024px) 100vw, 1024px\" \/><figcaption class=\"wp-element-caption\"><em>Foto: Greyler Alvarado.<\/em><\/figcaption><\/figure>\n\n\n\n<p><br>La movilizaci\u00f3n, que parti\u00f3 desde la Plaza Catia, cont\u00f3 con la participaci\u00f3n entusiasta de trabajadores y trabajadoras del Ministerio del Poder Popular para el Proceso Social de Trabajo (MPPPST) y sus entes adscritos, quienes se unieron desde el parque Al\u00ed Primera, para rendir homenaje a estos valientes atletas. Con pancartas, m\u00fasica y un ambiente festivo, la clase obrera demostr\u00f3 su compromiso y solidaridad con quienes han llevado el nombre de Venezuela en alto.<br><br>Durante el recorrido, se escucharon v\u00edtores y aplausos, creando un ambiente de unidad y esperanza. Al llegar a la Cancha \u00abPaguita\u00bb, los atletas fueron recibidos con un acto protocolar que resalt\u00f3 sus logros y sacrificios. Se destac\u00f3 la importancia del trabajo en equipo y el apoyo mutuo entre los deportistas y el pueblo venezolano.<br><\/p>\n\n\n\n<figure class=\"wp-block-image size-large\"><img decoding=\"async\" loading=\"lazy\" width=\"1024\" height=\"682\" src=\"https:\/\/www.mpppst.gob.ve\/mpppstweb\/wp-content\/uploads\/2024\/09\/img_20240910_201119_9142520920279002585786-1024x682.jpg\" alt=\"\" class=\"wp-image-26672\" srcset=\"https:\/\/www.mpppst.gob.ve\/mpppstweb\/wp-content\/uploads\/2024\/09\/img_20240910_201119_9142520920279002585786-1024x682.jpg 1024w, https:\/\/www.mpppst.gob.ve\/mpppstweb\/wp-content\/uploads\/2024\/09\/img_20240910_201119_9142520920279002585786-300x200.jpg 300w, https:\/\/www.mpppst.gob.ve\/mpppstweb\/wp-content\/uploads\/2024\/09\/img_20240910_201119_9142520920279002585786-768x512.jpg 768w, https:\/\/www.mpppst.gob.ve\/mpppstweb\/wp-content\/uploads\/2024\/09\/img_20240910_201119_9142520920279002585786.jpg 1280w\" sizes=\"(max-width: 1024px) 100vw, 1024px\" \/><figcaption class=\"wp-element-caption\"><em>Foto: colaboraci\u00f3n.<\/em><\/figcaption><\/figure>\n\n\n\n<p><br>La bienvenida a la selecci\u00f3n paral\u00edmpica es un recordatorio del poder transformador del deporte y de la capacidad de superaci\u00f3n que caracteriza al pueblo venezolano. Juntos, seguimos construyendo un futuro donde todos tengan la oportunidad de brillar. (Fin\/ Isabela Guzm\u00e1n).<\/p>\n\n\n\n<p><\/p>\n","protected":false},"excerpt":{"rendered":"<p>(Caracas, 10-09-2024. Prensa MPPPST).- La Plaza Catia se llen\u00f3 de alegr\u00eda y fervor patri\u00f3tico con la &hellip; <a title=\"Bienvenida a la Patria: La Selecci\u00f3n Venezolana de Atletas Paral\u00edmpicos 2024 Regresa Triunfante\" class=\"hm-read-more\" href=\"https:\/\/www.mpppst.gob.ve\/mpppstweb\/index.php\/2024\/09\/10\/bienvenida-a-la-patria-la-seleccion-venezolana-de-atletas-paralimpicos-2024-regresa-triunfante\/\"><span class=\"screen-reader-text\">Bienvenida a la Patria: La Selecci\u00f3n Venezolana de Atletas Paral\u00edmpicos 2024 Regresa Triunfante<\/span>Read more<\/a><\/p>\n","protected":false},"author":25,"featured_media":26675,"comment_status":"closed","ping_status":"closed","sticky":false,"template":"","format":"standard","meta":{"footnotes":""},"categories":[82],"tags":[852,350,822,739,848,851,849,850,853,583,345],"yoast_head":"<!-- This site is optimized with the Yoast SEO plugin v22.5 - https:\/\/yoast.com\/wordpress\/plugins\/seo\/ -->\n<title>Bienvenida a la Patria: La Selecci\u00f3n Venezolana de Atletas Paral\u00edmpicos 2024 Regresa Triunfante - MPPPST<\/title>\n<meta name=\"robots\" content=\"index, follow, max-snippet:-1, max-image-preview:large, max-video-preview:-1\" \/>\n<link rel=\"canonical\" href=\"https:\/\/www.mpppst.gob.ve\/mpppstweb\/index.php\/2024\/09\/10\/bienvenida-a-la-patria-la-seleccion-venezolana-de-atletas-paralimpicos-2024-regresa-triunfante\/\" \/>\n<meta property=\"og:locale\" content=\"es_ES\" \/>\n<meta property=\"og:type\" content=\"article\" \/>\n<meta property=\"og:title\" content=\"Bienvenida a la Patria: La Selecci\u00f3n Venezolana de Atletas Paral\u00edmpicos 2024 Regresa Triunfante - MPPPST\" \/>\n<meta property=\"og:description\" content=\"(Caracas, 10-09-2024. Prensa MPPPST).- La Plaza Catia se llen\u00f3 de alegr\u00eda y fervor patri\u00f3tico con la &hellip; Bienvenida a la Patria: La Selecci\u00f3n Venezolana de Atletas Paral\u00edmpicos 2024 Regresa TriunfanteRead more\" \/>\n<meta property=\"og:url\" content=\"https:\/\/www.mpppst.gob.ve\/mpppstweb\/index.php\/2024\/09\/10\/bienvenida-a-la-patria-la-seleccion-venezolana-de-atletas-paralimpicos-2024-regresa-triunfante\/\" \/>\n<meta property=\"og:site_name\" content=\"MPPPST\" \/>\n<meta property=\"article:published_time\" content=\"2024-09-11T00:14:37+00:00\" \/>\n<meta property=\"article:modified_time\" content=\"2024-09-11T00:17:07+00:00\" \/>\n<meta property=\"og:image\" content=\"http:\/\/www.mpppst.gob.ve\/mpppstweb\/wp-content\/uploads\/2024\/09\/IMG_20240910_201210_441.jpg\" \/>\n\t<meta property=\"og:image:width\" content=\"1280\" \/>\n\t<meta property=\"og:image:height\" content=\"721\" \/>\n\t<meta property=\"og:image:type\" content=\"image\/jpeg\" \/>\n<meta name=\"author\" content=\"MPPPST Prensa\" \/>\n<meta name=\"twitter:card\" content=\"summary_large_image\" \/>\n<meta name=\"twitter:label1\" content=\"Escrito por\" \/>\n\t<meta name=\"twitter:data1\" content=\"MPPPST Prensa\" \/>\n\t<meta name=\"twitter:label2\" content=\"Tiempo de lectura\" \/>\n\t<meta name=\"twitter:data2\" content=\"2 minutos\" \/>\n<script type=\"application\/ld+json\" class=\"yoast-schema-graph\">{\"@context\":\"https:\/\/schema.org\",\"@graph\":[{\"@type\":\"Article\",\"@id\":\"https:\/\/www.mpppst.gob.ve\/mpppstweb\/index.php\/2024\/09\/10\/bienvenida-a-la-patria-la-seleccion-venezolana-de-atletas-paralimpicos-2024-regresa-triunfante\/#article\",\"isPartOf\":{\"@id\":\"https:\/\/www.mpppst.gob.ve\/mpppstweb\/index.php\/2024\/09\/10\/bienvenida-a-la-patria-la-seleccion-venezolana-de-atletas-paralimpicos-2024-regresa-triunfante\/\"},\"author\":{\"name\":\"MPPPST Prensa\",\"@id\":\"https:\/\/www.mpppst.gob.ve\/mpppstweb\/#\/schema\/person\/fc187ee8ead412bd4c9304b62f900ea4\"},\"headline\":\"Bienvenida a la Patria: La Selecci\u00f3n Venezolana de Atletas Paral\u00edmpicos 2024 Regresa Triunfante\",\"datePublished\":\"2024-09-11T00:14:37+00:00\",\"dateModified\":\"2024-09-11T00:17:07+00:00\",\"mainEntityOfPage\":{\"@id\":\"https:\/\/www.mpppst.gob.ve\/mpppstweb\/index.php\/2024\/09\/10\/bienvenida-a-la-patria-la-seleccion-venezolana-de-atletas-paralimpicos-2024-regresa-triunfante\/\"},\"wordCount\":312,\"publisher\":{\"@id\":\"https:\/\/www.mpppst.gob.ve\/mpppstweb\/#organization\"},\"image\":{\"@id\":\"https:\/\/www.mpppst.gob.ve\/mpppstweb\/index.php\/2024\/09\/10\/bienvenida-a-la-patria-la-seleccion-venezolana-de-atletas-paralimpicos-2024-regresa-triunfante\/#primaryimage\"},\"thumbnailUrl\":\"https:\/\/www.mpppst.gob.ve\/mpppstweb\/wp-content\/uploads\/2024\/09\/IMG_20240910_201210_441.jpg\",\"keywords\":[\"Atletas Paral\u00edmpicos\",\"Clase Obrera\",\"Clase Trabajadora\",\"Encuentro con la clase obrera\",\"Juegos Ol\u00edmpicos\",\"Juegos Paral\u00edmpicos\",\"Olimpiadas\",\"Par\u00eds 2024\",\"Record Ol\u00edmpico\",\"Trabajadoras\",\"Trabajadores\"],\"articleSection\":[\"Gobierno Nacional\"],\"inLanguage\":\"es\"},{\"@type\":\"WebPage\",\"@id\":\"https:\/\/www.mpppst.gob.ve\/mpppstweb\/index.php\/2024\/09\/10\/bienvenida-a-la-patria-la-seleccion-venezolana-de-atletas-paralimpicos-2024-regresa-triunfante\/\",\"url\":\"https:\/\/www.mpppst.gob.ve\/mpppstweb\/index.php\/2024\/09\/10\/bienvenida-a-la-patria-la-seleccion-venezolana-de-atletas-paralimpicos-2024-regresa-triunfante\/\",\"name\":\"Bienvenida a la Patria: La Selecci\u00f3n Venezolana de Atletas Paral\u00edmpicos 2024 Regresa Triunfante - MPPPST\",\"isPartOf\":{\"@id\":\"https:\/\/www.mpppst.gob.ve\/mpppstweb\/#website\"},\"primaryImageOfPage\":{\"@id\":\"https:\/\/www.mpppst.gob.ve\/mpppstweb\/index.php\/2024\/09\/10\/bienvenida-a-la-patria-la-seleccion-venezolana-de-atletas-paralimpicos-2024-regresa-triunfante\/#primaryimage\"},\"image\":{\"@id\":\"https:\/\/www.mpppst.gob.ve\/mpppstweb\/index.php\/2024\/09\/10\/bienvenida-a-la-patria-la-seleccion-venezolana-de-atletas-paralimpicos-2024-regresa-triunfante\/#primaryimage\"},\"thumbnailUrl\":\"https:\/\/www.mpppst.gob.ve\/mpppstweb\/wp-content\/uploads\/2024\/09\/IMG_20240910_201210_441.jpg\",\"datePublished\":\"2024-09-11T00:14:37+00:00\",\"dateModified\":\"2024-09-11T00:17:07+00:00\",\"breadcrumb\":{\"@id\":\"https:\/\/www.mpppst.gob.ve\/mpppstweb\/index.php\/2024\/09\/10\/bienvenida-a-la-patria-la-seleccion-venezolana-de-atletas-paralimpicos-2024-regresa-triunfante\/#breadcrumb\"},\"inLanguage\":\"es\",\"potentialAction\":[{\"@type\":\"ReadAction\",\"target\":[\"https:\/\/www.mpppst.gob.ve\/mpppstweb\/index.php\/2024\/09\/10\/bienvenida-a-la-patria-la-seleccion-venezolana-de-atletas-paralimpicos-2024-regresa-triunfante\/\"]}]},{\"@type\":\"ImageObject\",\"inLanguage\":\"es\",\"@id\":\"https:\/\/www.mpppst.gob.ve\/mpppstweb\/index.php\/2024\/09\/10\/bienvenida-a-la-patria-la-seleccion-venezolana-de-atletas-paralimpicos-2024-regresa-triunfante\/#primaryimage\",\"url\":\"https:\/\/www.mpppst.gob.ve\/mpppstweb\/wp-content\/uploads\/2024\/09\/IMG_20240910_201210_441.jpg\",\"contentUrl\":\"https:\/\/www.mpppst.gob.ve\/mpppstweb\/wp-content\/uploads\/2024\/09\/IMG_20240910_201210_441.jpg\",\"width\":1280,\"height\":721},{\"@type\":\"BreadcrumbList\",\"@id\":\"https:\/\/www.mpppst.gob.ve\/mpppstweb\/index.php\/2024\/09\/10\/bienvenida-a-la-patria-la-seleccion-venezolana-de-atletas-paralimpicos-2024-regresa-triunfante\/#breadcrumb\",\"itemListElement\":[{\"@type\":\"ListItem\",\"position\":1,\"name\":\"Home\",\"item\":\"https:\/\/www.mpppst.gob.ve\/mpppstweb\/\"},{\"@type\":\"ListItem\",\"position\":2,\"name\":\"Bienvenida a la Patria: La Selecci\u00f3n Venezolana de Atletas Paral\u00edmpicos 2024 Regresa Triunfante\"}]},{\"@type\":\"WebSite\",\"@id\":\"https:\/\/www.mpppst.gob.ve\/mpppstweb\/#website\",\"url\":\"https:\/\/www.mpppst.gob.ve\/mpppstweb\/\",\"name\":\"MPPPST\",\"description\":\"Ministerio del Poder Popular para el Proceso Social de Trabajo\",\"publisher\":{\"@id\":\"https:\/\/www.mpppst.gob.ve\/mpppstweb\/#organization\"},\"potentialAction\":[{\"@type\":\"SearchAction\",\"target\":{\"@type\":\"EntryPoint\",\"urlTemplate\":\"https:\/\/www.mpppst.gob.ve\/mpppstweb\/?s={search_term_string}\"},\"query-input\":\"required name=search_term_string\"}],\"inLanguage\":\"es\"},{\"@type\":\"Organization\",\"@id\":\"https:\/\/www.mpppst.gob.ve\/mpppstweb\/#organization\",\"name\":\"mpppst\",\"url\":\"https:\/\/www.mpppst.gob.ve\/mpppstweb\/\",\"logo\":{\"@type\":\"ImageObject\",\"inLanguage\":\"es\",\"@id\":\"https:\/\/www.mpppst.gob.ve\/mpppstweb\/#\/schema\/logo\/image\/\",\"url\":\"https:\/\/www.mpppst.gob.ve\/mpppstweb\/wp-content\/uploads\/2025\/07\/cropped-cropped-g910.png\",\"contentUrl\":\"https:\/\/www.mpppst.gob.ve\/mpppstweb\/wp-content\/uploads\/2025\/07\/cropped-cropped-g910.png\",\"width\":1080,\"height\":241,\"caption\":\"mpppst\"},\"image\":{\"@id\":\"https:\/\/www.mpppst.gob.ve\/mpppstweb\/#\/schema\/logo\/image\/\"}},{\"@type\":\"Person\",\"@id\":\"https:\/\/www.mpppst.gob.ve\/mpppstweb\/#\/schema\/person\/fc187ee8ead412bd4c9304b62f900ea4\",\"name\":\"MPPPST Prensa\",\"url\":\"https:\/\/www.mpppst.gob.ve\/mpppstweb\/index.php\/author\/prensa-mpppst\/\"}]}<\/script>\n<!-- \/ Yoast SEO plugin. -->","yoast_head_json":{"title":"Bienvenida a la Patria: La Selecci\u00f3n Venezolana de Atletas Paral\u00edmpicos 2024 Regresa Triunfante - MPPPST","robots":{"index":"index","follow":"follow","max-snippet":"max-snippet:-1","max-image-preview":"max-image-preview:large","max-video-preview":"max-video-preview:-1"},"canonical":"https:\/\/www.mpppst.gob.ve\/mpppstweb\/index.php\/2024\/09\/10\/bienvenida-a-la-patria-la-seleccion-venezolana-de-atletas-paralimpicos-2024-regresa-triunfante\/","og_locale":"es_ES","og_type":"article","og_title":"Bienvenida a la Patria: La Selecci\u00f3n Venezolana de Atletas Paral\u00edmpicos 2024 Regresa Triunfante - MPPPST","og_description":"(Caracas, 10-09-2024. Prensa MPPPST).- La Plaza Catia se llen\u00f3 de alegr\u00eda y fervor patri\u00f3tico con la &hellip; Bienvenida a la Patria: La Selecci\u00f3n Venezolana de Atletas Paral\u00edmpicos 2024 Regresa TriunfanteRead more","og_url":"https:\/\/www.mpppst.gob.ve\/mpppstweb\/index.php\/2024\/09\/10\/bienvenida-a-la-patria-la-seleccion-venezolana-de-atletas-paralimpicos-2024-regresa-triunfante\/","og_site_name":"MPPPST","article_published_time":"2024-09-11T00:14:37+00:00","article_modified_time":"2024-09-11T00:17:07+00:00","og_image":[{"width":1280,"height":721,"url":"http:\/\/www.mpppst.gob.ve\/mpppstweb\/wp-content\/uploads\/2024\/09\/IMG_20240910_201210_441.jpg","type":"image\/jpeg"}],"author":"MPPPST Prensa","twitter_card":"summary_large_image","twitter_misc":{"Escrito por":"MPPPST Prensa","Tiempo de lectura":"2 minutos"},"schema":{"@context":"https:\/\/schema.org","@graph":[{"@type":"Article","@id":"https:\/\/www.mpppst.gob.ve\/mpppstweb\/index.php\/2024\/09\/10\/bienvenida-a-la-patria-la-seleccion-venezolana-de-atletas-paralimpicos-2024-regresa-triunfante\/#article","isPartOf":{"@id":"https:\/\/www.mpppst.gob.ve\/mpppstweb\/index.php\/2024\/09\/10\/bienvenida-a-la-patria-la-seleccion-venezolana-de-atletas-paralimpicos-2024-regresa-triunfante\/"},"author":{"name":"MPPPST Prensa","@id":"https:\/\/www.mpppst.gob.ve\/mpppstweb\/#\/schema\/person\/fc187ee8ead412bd4c9304b62f900ea4"},"headline":"Bienvenida a la Patria: La Selecci\u00f3n Venezolana de Atletas Paral\u00edmpicos 2024 Regresa Triunfante","datePublished":"2024-09-11T00:14:37+00:00","dateModified":"2024-09-11T00:17:07+00:00","mainEntityOfPage":{"@id":"https:\/\/www.mpppst.gob.ve\/mpppstweb\/index.php\/2024\/09\/10\/bienvenida-a-la-patria-la-seleccion-venezolana-de-atletas-paralimpicos-2024-regresa-triunfante\/"},"wordCount":312,"publisher":{"@id":"https:\/\/www.mpppst.gob.ve\/mpppstweb\/#organization"},"image":{"@id":"https:\/\/www.mpppst.gob.ve\/mpppstweb\/index.php\/2024\/09\/10\/bienvenida-a-la-patria-la-seleccion-venezolana-de-atletas-paralimpicos-2024-regresa-triunfante\/#primaryimage"},"thumbnailUrl":"https:\/\/www.mpppst.gob.ve\/mpppstweb\/wp-content\/uploads\/2024\/09\/IMG_20240910_201210_441.jpg","keywords":["Atletas Paral\u00edmpicos","Clase Obrera","Clase Trabajadora","Encuentro con la clase obrera","Juegos Ol\u00edmpicos","Juegos Paral\u00edmpicos","Olimpiadas","Par\u00eds 2024","Record Ol\u00edmpico","Trabajadoras","Trabajadores"],"articleSection":["Gobierno Nacional"],"inLanguage":"es"},{"@type":"WebPage","@id":"https:\/\/www.mpppst.gob.ve\/mpppstweb\/index.php\/2024\/09\/10\/bienvenida-a-la-patria-la-seleccion-venezolana-de-atletas-paralimpicos-2024-regresa-triunfante\/","url":"https:\/\/www.mpppst.gob.ve\/mpppstweb\/index.php\/2024\/09\/10\/bienvenida-a-la-patria-la-seleccion-venezolana-de-atletas-paralimpicos-2024-regresa-triunfante\/","name":"Bienvenida a la Patria: La Selecci\u00f3n Venezolana de Atletas Paral\u00edmpicos 2024 Regresa Triunfante - MPPPST","isPartOf":{"@id":"https:\/\/www.mpppst.gob.ve\/mpppstweb\/#website"},"primaryImageOfPage":{"@id":"https:\/\/www.mpppst.gob.ve\/mpppstweb\/index.php\/2024\/09\/10\/bienvenida-a-la-patria-la-seleccion-venezolana-de-atletas-paralimpicos-2024-regresa-triunfante\/#primaryimage"},"image":{"@id":"https:\/\/www.mpppst.gob.ve\/mpppstweb\/index.php\/2024\/09\/10\/bienvenida-a-la-patria-la-seleccion-venezolana-de-atletas-paralimpicos-2024-regresa-triunfante\/#primaryimage"},"thumbnailUrl":"https:\/\/www.mpppst.gob.ve\/mpppstweb\/wp-content\/uploads\/2024\/09\/IMG_20240910_201210_441.jpg","datePublished":"2024-09-11T00:14:37+00:00","dateModified":"2024-09-11T00:17:07+00:00","breadcrumb":{"@id":"https:\/\/www.mpppst.gob.ve\/mpppstweb\/index.php\/2024\/09\/10\/bienvenida-a-la-patria-la-seleccion-venezolana-de-atletas-paralimpicos-2024-regresa-triunfante\/#breadcrumb"},"inLanguage":"es","potentialAction":[{"@type":"ReadAction","target":["https:\/\/www.mpppst.gob.ve\/mpppstweb\/index.php\/2024\/09\/10\/bienvenida-a-la-patria-la-seleccion-venezolana-de-atletas-paralimpicos-2024-regresa-triunfante\/"]}]},{"@type":"ImageObject","inLanguage":"es","@id":"https:\/\/www.mpppst.gob.ve\/mpppstweb\/index.php\/2024\/09\/10\/bienvenida-a-la-patria-la-seleccion-venezolana-de-atletas-paralimpicos-2024-regresa-triunfante\/#primaryimage","url":"https:\/\/www.mpppst.gob.ve\/mpppstweb\/wp-content\/uploads\/2024\/09\/IMG_20240910_201210_441.jpg","contentUrl":"https:\/\/www.mpppst.gob.ve\/mpppstweb\/wp-content\/uploads\/2024\/09\/IMG_20240910_201210_441.jpg","width":1280,"height":721},{"@type":"BreadcrumbList","@id":"https:\/\/www.mpppst.gob.ve\/mpppstweb\/index.php\/2024\/09\/10\/bienvenida-a-la-patria-la-seleccion-venezolana-de-atletas-paralimpicos-2024-regresa-triunfante\/#breadcrumb","itemListElement":[{"@type":"ListItem","position":1,"name":"Home","item":"https:\/\/www.mpppst.gob.ve\/mpppstweb\/"},{"@type":"ListItem","position":2,"name":"Bienvenida a la Patria: La Selecci\u00f3n Venezolana de Atletas Paral\u00edmpicos 2024 Regresa Triunfante"}]},{"@type":"WebSite","@id":"https:\/\/www.mpppst.gob.ve\/mpppstweb\/#website","url":"https:\/\/www.mpppst.gob.ve\/mpppstweb\/","name":"MPPPST","description":"Ministerio del Poder Popular para el Proceso Social de Trabajo","publisher":{"@id":"https:\/\/www.mpppst.gob.ve\/mpppstweb\/#organization"},"potentialAction":[{"@type":"SearchAction","target":{"@type":"EntryPoint","urlTemplate":"https:\/\/www.mpppst.gob.ve\/mpppstweb\/?s={search_term_string}"},"query-input":"required name=search_term_string"}],"inLanguage":"es"},{"@type":"Organization","@id":"https:\/\/www.mpppst.gob.ve\/mpppstweb\/#organization","name":"mpppst","url":"https:\/\/www.mpppst.gob.ve\/mpppstweb\/","logo":{"@type":"ImageObject","inLanguage":"es","@id":"https:\/\/www.mpppst.gob.ve\/mpppstweb\/#\/schema\/logo\/image\/","url":"https:\/\/www.mpppst.gob.ve\/mpppstweb\/wp-content\/uploads\/2025\/07\/cropped-cropped-g910.png","contentUrl":"https:\/\/www.mpppst.gob.ve\/mpppstweb\/wp-content\/uploads\/2025\/07\/cropped-cropped-g910.png","width":1080,"height":241,"caption":"mpppst"},"image":{"@id":"https:\/\/www.mpppst.gob.ve\/mpppstweb\/#\/schema\/logo\/image\/"}},{"@type":"Person","@id":"https:\/\/www.mpppst.gob.ve\/mpppstweb\/#\/schema\/person\/fc187ee8ead412bd4c9304b62f900ea4","name":"MPPPST Prensa","url":"https:\/\/www.mpppst.gob.ve\/mpppstweb\/index.php\/author\/prensa-mpppst\/"}]}},"_links":{"self":[{"href":"https:\/\/www.mpppst.gob.ve\/mpppstweb\/index.php\/wp-json\/wp\/v2\/posts\/26673"}],"collection":[{"href":"https:\/\/www.mpppst.gob.ve\/mpppstweb\/index.php\/wp-json\/wp\/v2\/posts"}],"about":[{"href":"https:\/\/www.mpppst.gob.ve\/mpppstweb\/index.php\/wp-json\/wp\/v2\/types\/post"}],"author":[{"embeddable":true,"href":"https:\/\/www.mpppst.gob.ve\/mpppstweb\/index.php\/wp-json\/wp\/v2\/users\/25"}],"replies":[{"embeddable":true,"href":"https:\/\/www.mpppst.gob.ve\/mpppstweb\/index.php\/wp-json\/wp\/v2\/comments?post=26673"}],"version-history":[{"count":1,"href":"https:\/\/www.mpppst.gob.ve\/mpppstweb\/index.php\/wp-json\/wp\/v2\/posts\/26673\/revisions"}],"predecessor-version":[{"id":26674,"href":"https:\/\/www.mpppst.gob.ve\/mpppstweb\/index.php\/wp-json\/wp\/v2\/posts\/26673\/revisions\/26674"}],"wp:featuredmedia":[{"embeddable":true,"href":"https:\/\/www.mpppst.gob.ve\/mpppstweb\/index.php\/wp-json\/wp\/v2\/media\/26675"}],"wp:attachment":[{"href":"https:\/\/www.mpppst.gob.ve\/mpppstweb\/index.php\/wp-json\/wp\/v2\/media?parent=26673"}],"wp:term":[{"taxonomy":"category","embeddable":true,"href":"https:\/\/www.mpppst.gob.ve\/mpppstweb\/index.php\/wp-json\/wp\/v2\/categories?post=26673"},{"taxonomy":"post_tag","embeddable":true,"href":"https:\/\/www.mpppst.gob.ve\/mpppstweb\/index.php\/wp-json\/wp\/v2\/tags?post=26673"}],"curies":[{"name":"wp","href":"https:\/\/api.w.org\/{rel}","templated":true}]}}