{"id":26688,"date":"2024-09-13T09:30:07","date_gmt":"2024-09-13T13:30:07","guid":{"rendered":"https:\/\/www.mpppst.gob.ve\/mpppstweb\/?p=26688"},"modified":"2024-09-13T09:31:39","modified_gmt":"2024-09-13T13:31:39","slug":"clase-obrera-se-moviliza-en-celebracion-del-16-aniversario-de-la-juventud-del-psuv","status":"publish","type":"post","link":"https:\/\/www.mpppst.gob.ve\/mpppstweb\/index.php\/2024\/09\/13\/clase-obrera-se-moviliza-en-celebracion-del-16-aniversario-de-la-juventud-del-psuv\/","title":{"rendered":"Clase obrera se moviliza en celebraci\u00f3n del 16\u00b0 Aniversario de la Juventud del PSUV."},"content":{"rendered":"\n<p>(Caracas, 12-09-2024. Prensa MPPPST).\u2013 Este jueves 12 de septiembre, miles de j\u00f3venes, junto a miembros de la clase obrera y militantes del Partido Socialista Unido de Venezuela (PSUV), se congregaron en el Liceo Andr\u00e9s Bello para llevar a cabo una masiva movilizaci\u00f3n que recorri\u00f3 el Parque Carabobo y culmin\u00f3 en la emblem\u00e1tica Plaza San Carlos 4 de Febrero. Este evento reafirm\u00f3 el compromiso de la nueva generaci\u00f3n y de los trabajadores con los ideales socialista.<br><\/p>\n\n\n\n<figure class=\"wp-block-image size-large\"><img decoding=\"async\" loading=\"lazy\" width=\"1024\" height=\"577\" src=\"https:\/\/www.mpppst.gob.ve\/mpppstweb\/wp-content\/uploads\/2024\/09\/img_20240913_092640_0764289603846669832997-1024x577.jpg\" alt=\"\" class=\"wp-image-26686\" srcset=\"https:\/\/www.mpppst.gob.ve\/mpppstweb\/wp-content\/uploads\/2024\/09\/img_20240913_092640_0764289603846669832997-1024x577.jpg 1024w, https:\/\/www.mpppst.gob.ve\/mpppstweb\/wp-content\/uploads\/2024\/09\/img_20240913_092640_0764289603846669832997-300x169.jpg 300w, https:\/\/www.mpppst.gob.ve\/mpppstweb\/wp-content\/uploads\/2024\/09\/img_20240913_092640_0764289603846669832997-768x433.jpg 768w, https:\/\/www.mpppst.gob.ve\/mpppstweb\/wp-content\/uploads\/2024\/09\/img_20240913_092640_0764289603846669832997.jpg 1280w\" sizes=\"(max-width: 1024px) 100vw, 1024px\" \/><figcaption class=\"wp-element-caption\"><em>Foto: Yorgelis S\u00e1nchez.<\/em><\/figcaption><\/figure>\n\n\n\n<p><br>La marcha estuvo marcada por un ambiente festivo y solidario, donde los participantes portaron pancartas, banderas y expresaron su apoyo a la Revoluci\u00f3n Bolivariana. La presencia de la clase obrera fue fundamental, destacando la unidad entre j\u00f3venes y trabajadores en la lucha por derechos laborales y sociales.<br><br>La ministra para la Juventud y secretaria general de la JPSUV, Grecia Colmenares, destac\u00f3 el compromiso de los j\u00f3venes con la Revoluci\u00f3n, afirmando: \u201cLa juventud de hoy marcha para asegurar su derecho al futuro y a una patria soberana\u201d.<br><br>Por otro lado, los trabajadores y trabajadoras expresaron su alegr\u00eda por el aniversario del partido juvenil. \u00abFelicitamos los 16 a\u00f1os del JPSUV, somos la nueva generaci\u00f3n, los testigos del crecimiento de nuestro pa\u00eds. El papel de la juventud es fundamental, ya que nosotros somos los que proponemos nuevos planes para que nuestro pa\u00eds siga creciendo, somos los que exponemos y decimos la verdad en redes sociales\u00bb, expres\u00f3 Kenya Escobar, trabajadora del Instituto para Capacitaci\u00f3n y Recreaci\u00f3n de los Trabajadores (Incret). <\/p>\n\n\n\n<figure class=\"wp-block-image size-large\"><img decoding=\"async\" loading=\"lazy\" width=\"1024\" height=\"577\" src=\"https:\/\/www.mpppst.gob.ve\/mpppstweb\/wp-content\/uploads\/2024\/09\/img_20240913_092552_3298710015051704027319-1024x577.jpg\" alt=\"\" class=\"wp-image-26687\" srcset=\"https:\/\/www.mpppst.gob.ve\/mpppstweb\/wp-content\/uploads\/2024\/09\/img_20240913_092552_3298710015051704027319-1024x577.jpg 1024w, https:\/\/www.mpppst.gob.ve\/mpppstweb\/wp-content\/uploads\/2024\/09\/img_20240913_092552_3298710015051704027319-300x169.jpg 300w, https:\/\/www.mpppst.gob.ve\/mpppstweb\/wp-content\/uploads\/2024\/09\/img_20240913_092552_3298710015051704027319-768x433.jpg 768w, https:\/\/www.mpppst.gob.ve\/mpppstweb\/wp-content\/uploads\/2024\/09\/img_20240913_092552_3298710015051704027319.jpg 1280w\" sizes=\"(max-width: 1024px) 100vw, 1024px\" \/><figcaption class=\"wp-element-caption\"><em>Foto: Greyler Alvarado.<\/em><\/figcaption><\/figure>\n\n\n\n<p><br><br>En este contexto, el presidente Nicol\u00e1s Maduro felicit\u00f3 a las muchachas y los muchachos que integran la Juventud del PSUV por sus 16 a\u00f1os de aprendizaje permanente y de lealtad al Comandante Hugo Ch\u00e1vez. Adem\u00e1s,&nbsp; propuso la creaci\u00f3n de una Escuela de Formaci\u00f3n de Liderazgo para la Juventud Venezolana.<br><br>\u00abEn un d\u00eda tan especial, celebrando los 16 a\u00f1os de la juventud Bolivariana, es crucial mantener vivo el legado que nos dej\u00f3 Ch\u00e1vez. Este legado no debe quedarse solo en el pasado, sino reflejarse en nuestro futuro. No se trata de un evento espor\u00e1dico, sino de un esp\u00edritu constante que nos impulsa hacia adelante en la lucha por la libertad y la liberaci\u00f3n de nuestros pueblos\u00bb, afirm\u00f3 Manuel Benavides, trabajador del Ministerio del Proceso Social de Trabajo (MPPPST). <br><br>En la celebraci\u00f3n del 16\u00b0 Aniversario de la JPSUV, el Presidente Nicol\u00e1s Maduro anunci\u00f3 que los d\u00edas 21, 22 y 23 de noviembre de 2024, se llevar\u00e1 a cabo el Gran Congreso de la Juventud Socialista de Venezuela y, conjuntamente, el Gran Congreso Mundial de la Juventud Antifascista.<br><\/p>\n\n\n\n<p><br>La movilizaci\u00f3n concluy\u00f3 con un llamado a la unidad y a la acci\u00f3n colectiva, reafirmando el compromiso del PSUV con la defensa de los derechos de la juventud, as\u00ed como el desarrollo integral del pa\u00eds.(Fin\/Isabela Guzm\u00e1n).<\/p>\n","protected":false},"excerpt":{"rendered":"<p>(Caracas, 12-09-2024. Prensa MPPPST).\u2013 Este jueves 12 de septiembre, miles de j\u00f3venes, junto a miembros de &hellip; <a title=\"Clase obrera se moviliza en celebraci\u00f3n del 16\u00b0 Aniversario de la Juventud del PSUV.\" class=\"hm-read-more\" href=\"https:\/\/www.mpppst.gob.ve\/mpppstweb\/index.php\/2024\/09\/13\/clase-obrera-se-moviliza-en-celebracion-del-16-aniversario-de-la-juventud-del-psuv\/\"><span class=\"screen-reader-text\">Clase obrera se moviliza en celebraci\u00f3n del 16\u00b0 Aniversario de la Juventud del PSUV.<\/span>Read more<\/a><\/p>\n","protected":false},"author":25,"featured_media":26690,"comment_status":"closed","ping_status":"closed","sticky":false,"template":"","format":"standard","meta":{"footnotes":""},"categories":[82],"tags":[855,854,427,459,620],"yoast_head":"<!-- This site is optimized with the Yoast SEO plugin v22.5 - https:\/\/yoast.com\/wordpress\/plugins\/seo\/ -->\n<title>Clase obrera se moviliza en celebraci\u00f3n del 16\u00b0 Aniversario de la Juventud del PSUV. - MPPPST<\/title>\n<meta name=\"robots\" content=\"index, follow, max-snippet:-1, max-image-preview:large, max-video-preview:-1\" \/>\n<link rel=\"canonical\" href=\"https:\/\/www.mpppst.gob.ve\/mpppstweb\/index.php\/2024\/09\/13\/clase-obrera-se-moviliza-en-celebracion-del-16-aniversario-de-la-juventud-del-psuv\/\" \/>\n<meta property=\"og:locale\" content=\"es_ES\" \/>\n<meta property=\"og:type\" content=\"article\" \/>\n<meta property=\"og:title\" content=\"Clase obrera se moviliza en celebraci\u00f3n del 16\u00b0 Aniversario de la Juventud del PSUV. - MPPPST\" \/>\n<meta property=\"og:description\" content=\"(Caracas, 12-09-2024. Prensa MPPPST).\u2013 Este jueves 12 de septiembre, miles de j\u00f3venes, junto a miembros de &hellip; Clase obrera se moviliza en celebraci\u00f3n del 16\u00b0 Aniversario de la Juventud del PSUV.Read more\" \/>\n<meta property=\"og:url\" content=\"https:\/\/www.mpppst.gob.ve\/mpppstweb\/index.php\/2024\/09\/13\/clase-obrera-se-moviliza-en-celebracion-del-16-aniversario-de-la-juventud-del-psuv\/\" \/>\n<meta property=\"og:site_name\" content=\"MPPPST\" \/>\n<meta property=\"article:published_time\" content=\"2024-09-13T13:30:07+00:00\" \/>\n<meta property=\"article:modified_time\" content=\"2024-09-13T13:31:39+00:00\" \/>\n<meta property=\"og:image\" content=\"http:\/\/www.mpppst.gob.ve\/mpppstweb\/wp-content\/uploads\/2024\/09\/IMG_20240913_092540_457.jpg\" \/>\n\t<meta property=\"og:image:width\" content=\"1280\" \/>\n\t<meta property=\"og:image:height\" content=\"721\" \/>\n\t<meta property=\"og:image:type\" content=\"image\/jpeg\" \/>\n<meta name=\"author\" content=\"MPPPST Prensa\" \/>\n<meta name=\"twitter:card\" content=\"summary_large_image\" \/>\n<meta name=\"twitter:label1\" content=\"Escrito por\" \/>\n\t<meta name=\"twitter:data1\" content=\"MPPPST Prensa\" \/>\n\t<meta name=\"twitter:label2\" content=\"Tiempo de lectura\" \/>\n\t<meta name=\"twitter:data2\" content=\"3 minutos\" \/>\n<script type=\"application\/ld+json\" class=\"yoast-schema-graph\">{\"@context\":\"https:\/\/schema.org\",\"@graph\":[{\"@type\":\"Article\",\"@id\":\"https:\/\/www.mpppst.gob.ve\/mpppstweb\/index.php\/2024\/09\/13\/clase-obrera-se-moviliza-en-celebracion-del-16-aniversario-de-la-juventud-del-psuv\/#article\",\"isPartOf\":{\"@id\":\"https:\/\/www.mpppst.gob.ve\/mpppstweb\/index.php\/2024\/09\/13\/clase-obrera-se-moviliza-en-celebracion-del-16-aniversario-de-la-juventud-del-psuv\/\"},\"author\":{\"name\":\"MPPPST Prensa\",\"@id\":\"https:\/\/www.mpppst.gob.ve\/mpppstweb\/#\/schema\/person\/fc187ee8ead412bd4c9304b62f900ea4\"},\"headline\":\"Clase obrera se moviliza en celebraci\u00f3n del 16\u00b0 Aniversario de la Juventud del PSUV.\",\"datePublished\":\"2024-09-13T13:30:07+00:00\",\"dateModified\":\"2024-09-13T13:31:39+00:00\",\"mainEntityOfPage\":{\"@id\":\"https:\/\/www.mpppst.gob.ve\/mpppstweb\/index.php\/2024\/09\/13\/clase-obrera-se-moviliza-en-celebracion-del-16-aniversario-de-la-juventud-del-psuv\/\"},\"wordCount\":502,\"publisher\":{\"@id\":\"https:\/\/www.mpppst.gob.ve\/mpppstweb\/#organization\"},\"image\":{\"@id\":\"https:\/\/www.mpppst.gob.ve\/mpppstweb\/index.php\/2024\/09\/13\/clase-obrera-se-moviliza-en-celebracion-del-16-aniversario-de-la-juventud-del-psuv\/#primaryimage\"},\"thumbnailUrl\":\"https:\/\/www.mpppst.gob.ve\/mpppstweb\/wp-content\/uploads\/2024\/09\/IMG_20240913_092540_457.jpg\",\"keywords\":[\"16 aniversario de la JPSUV\",\"aniversario\",\"Jpsuv\",\"Movilizaci\u00f3n\",\"Presidente Nicol\u00e1s Maduro\"],\"articleSection\":[\"Gobierno Nacional\"],\"inLanguage\":\"es\"},{\"@type\":\"WebPage\",\"@id\":\"https:\/\/www.mpppst.gob.ve\/mpppstweb\/index.php\/2024\/09\/13\/clase-obrera-se-moviliza-en-celebracion-del-16-aniversario-de-la-juventud-del-psuv\/\",\"url\":\"https:\/\/www.mpppst.gob.ve\/mpppstweb\/index.php\/2024\/09\/13\/clase-obrera-se-moviliza-en-celebracion-del-16-aniversario-de-la-juventud-del-psuv\/\",\"name\":\"Clase obrera se moviliza en celebraci\u00f3n del 16\u00b0 Aniversario de la Juventud del PSUV. - MPPPST\",\"isPartOf\":{\"@id\":\"https:\/\/www.mpppst.gob.ve\/mpppstweb\/#website\"},\"primaryImageOfPage\":{\"@id\":\"https:\/\/www.mpppst.gob.ve\/mpppstweb\/index.php\/2024\/09\/13\/clase-obrera-se-moviliza-en-celebracion-del-16-aniversario-de-la-juventud-del-psuv\/#primaryimage\"},\"image\":{\"@id\":\"https:\/\/www.mpppst.gob.ve\/mpppstweb\/index.php\/2024\/09\/13\/clase-obrera-se-moviliza-en-celebracion-del-16-aniversario-de-la-juventud-del-psuv\/#primaryimage\"},\"thumbnailUrl\":\"https:\/\/www.mpppst.gob.ve\/mpppstweb\/wp-content\/uploads\/2024\/09\/IMG_20240913_092540_457.jpg\",\"datePublished\":\"2024-09-13T13:30:07+00:00\",\"dateModified\":\"2024-09-13T13:31:39+00:00\",\"breadcrumb\":{\"@id\":\"https:\/\/www.mpppst.gob.ve\/mpppstweb\/index.php\/2024\/09\/13\/clase-obrera-se-moviliza-en-celebracion-del-16-aniversario-de-la-juventud-del-psuv\/#breadcrumb\"},\"inLanguage\":\"es\",\"potentialAction\":[{\"@type\":\"ReadAction\",\"target\":[\"https:\/\/www.mpppst.gob.ve\/mpppstweb\/index.php\/2024\/09\/13\/clase-obrera-se-moviliza-en-celebracion-del-16-aniversario-de-la-juventud-del-psuv\/\"]}]},{\"@type\":\"ImageObject\",\"inLanguage\":\"es\",\"@id\":\"https:\/\/www.mpppst.gob.ve\/mpppstweb\/index.php\/2024\/09\/13\/clase-obrera-se-moviliza-en-celebracion-del-16-aniversario-de-la-juventud-del-psuv\/#primaryimage\",\"url\":\"https:\/\/www.mpppst.gob.ve\/mpppstweb\/wp-content\/uploads\/2024\/09\/IMG_20240913_092540_457.jpg\",\"contentUrl\":\"https:\/\/www.mpppst.gob.ve\/mpppstweb\/wp-content\/uploads\/2024\/09\/IMG_20240913_092540_457.jpg\",\"width\":1280,\"height\":721},{\"@type\":\"BreadcrumbList\",\"@id\":\"https:\/\/www.mpppst.gob.ve\/mpppstweb\/index.php\/2024\/09\/13\/clase-obrera-se-moviliza-en-celebracion-del-16-aniversario-de-la-juventud-del-psuv\/#breadcrumb\",\"itemListElement\":[{\"@type\":\"ListItem\",\"position\":1,\"name\":\"Home\",\"item\":\"https:\/\/www.mpppst.gob.ve\/mpppstweb\/\"},{\"@type\":\"ListItem\",\"position\":2,\"name\":\"Clase obrera se moviliza en celebraci\u00f3n del 16\u00b0 Aniversario de la Juventud del PSUV.\"}]},{\"@type\":\"WebSite\",\"@id\":\"https:\/\/www.mpppst.gob.ve\/mpppstweb\/#website\",\"url\":\"https:\/\/www.mpppst.gob.ve\/mpppstweb\/\",\"name\":\"MPPPST\",\"description\":\"Ministerio del Poder Popular para el Proceso Social de Trabajo\",\"publisher\":{\"@id\":\"https:\/\/www.mpppst.gob.ve\/mpppstweb\/#organization\"},\"potentialAction\":[{\"@type\":\"SearchAction\",\"target\":{\"@type\":\"EntryPoint\",\"urlTemplate\":\"https:\/\/www.mpppst.gob.ve\/mpppstweb\/?s={search_term_string}\"},\"query-input\":\"required name=search_term_string\"}],\"inLanguage\":\"es\"},{\"@type\":\"Organization\",\"@id\":\"https:\/\/www.mpppst.gob.ve\/mpppstweb\/#organization\",\"name\":\"mpppst\",\"url\":\"https:\/\/www.mpppst.gob.ve\/mpppstweb\/\",\"logo\":{\"@type\":\"ImageObject\",\"inLanguage\":\"es\",\"@id\":\"https:\/\/www.mpppst.gob.ve\/mpppstweb\/#\/schema\/logo\/image\/\",\"url\":\"https:\/\/www.mpppst.gob.ve\/mpppstweb\/wp-content\/uploads\/2025\/07\/cropped-cropped-g910.png\",\"contentUrl\":\"https:\/\/www.mpppst.gob.ve\/mpppstweb\/wp-content\/uploads\/2025\/07\/cropped-cropped-g910.png\",\"width\":1080,\"height\":241,\"caption\":\"mpppst\"},\"image\":{\"@id\":\"https:\/\/www.mpppst.gob.ve\/mpppstweb\/#\/schema\/logo\/image\/\"}},{\"@type\":\"Person\",\"@id\":\"https:\/\/www.mpppst.gob.ve\/mpppstweb\/#\/schema\/person\/fc187ee8ead412bd4c9304b62f900ea4\",\"name\":\"MPPPST Prensa\",\"url\":\"https:\/\/www.mpppst.gob.ve\/mpppstweb\/index.php\/author\/prensa-mpppst\/\"}]}<\/script>\n<!-- \/ Yoast SEO plugin. -->","yoast_head_json":{"title":"Clase obrera se moviliza en celebraci\u00f3n del 16\u00b0 Aniversario de la Juventud del PSUV. - MPPPST","robots":{"index":"index","follow":"follow","max-snippet":"max-snippet:-1","max-image-preview":"max-image-preview:large","max-video-preview":"max-video-preview:-1"},"canonical":"https:\/\/www.mpppst.gob.ve\/mpppstweb\/index.php\/2024\/09\/13\/clase-obrera-se-moviliza-en-celebracion-del-16-aniversario-de-la-juventud-del-psuv\/","og_locale":"es_ES","og_type":"article","og_title":"Clase obrera se moviliza en celebraci\u00f3n del 16\u00b0 Aniversario de la Juventud del PSUV. - MPPPST","og_description":"(Caracas, 12-09-2024. Prensa MPPPST).\u2013 Este jueves 12 de septiembre, miles de j\u00f3venes, junto a miembros de &hellip; Clase obrera se moviliza en celebraci\u00f3n del 16\u00b0 Aniversario de la Juventud del PSUV.Read more","og_url":"https:\/\/www.mpppst.gob.ve\/mpppstweb\/index.php\/2024\/09\/13\/clase-obrera-se-moviliza-en-celebracion-del-16-aniversario-de-la-juventud-del-psuv\/","og_site_name":"MPPPST","article_published_time":"2024-09-13T13:30:07+00:00","article_modified_time":"2024-09-13T13:31:39+00:00","og_image":[{"width":1280,"height":721,"url":"http:\/\/www.mpppst.gob.ve\/mpppstweb\/wp-content\/uploads\/2024\/09\/IMG_20240913_092540_457.jpg","type":"image\/jpeg"}],"author":"MPPPST Prensa","twitter_card":"summary_large_image","twitter_misc":{"Escrito por":"MPPPST Prensa","Tiempo de lectura":"3 minutos"},"schema":{"@context":"https:\/\/schema.org","@graph":[{"@type":"Article","@id":"https:\/\/www.mpppst.gob.ve\/mpppstweb\/index.php\/2024\/09\/13\/clase-obrera-se-moviliza-en-celebracion-del-16-aniversario-de-la-juventud-del-psuv\/#article","isPartOf":{"@id":"https:\/\/www.mpppst.gob.ve\/mpppstweb\/index.php\/2024\/09\/13\/clase-obrera-se-moviliza-en-celebracion-del-16-aniversario-de-la-juventud-del-psuv\/"},"author":{"name":"MPPPST Prensa","@id":"https:\/\/www.mpppst.gob.ve\/mpppstweb\/#\/schema\/person\/fc187ee8ead412bd4c9304b62f900ea4"},"headline":"Clase obrera se moviliza en celebraci\u00f3n del 16\u00b0 Aniversario de la Juventud del PSUV.","datePublished":"2024-09-13T13:30:07+00:00","dateModified":"2024-09-13T13:31:39+00:00","mainEntityOfPage":{"@id":"https:\/\/www.mpppst.gob.ve\/mpppstweb\/index.php\/2024\/09\/13\/clase-obrera-se-moviliza-en-celebracion-del-16-aniversario-de-la-juventud-del-psuv\/"},"wordCount":502,"publisher":{"@id":"https:\/\/www.mpppst.gob.ve\/mpppstweb\/#organization"},"image":{"@id":"https:\/\/www.mpppst.gob.ve\/mpppstweb\/index.php\/2024\/09\/13\/clase-obrera-se-moviliza-en-celebracion-del-16-aniversario-de-la-juventud-del-psuv\/#primaryimage"},"thumbnailUrl":"https:\/\/www.mpppst.gob.ve\/mpppstweb\/wp-content\/uploads\/2024\/09\/IMG_20240913_092540_457.jpg","keywords":["16 aniversario de la JPSUV","aniversario","Jpsuv","Movilizaci\u00f3n","Presidente Nicol\u00e1s Maduro"],"articleSection":["Gobierno Nacional"],"inLanguage":"es"},{"@type":"WebPage","@id":"https:\/\/www.mpppst.gob.ve\/mpppstweb\/index.php\/2024\/09\/13\/clase-obrera-se-moviliza-en-celebracion-del-16-aniversario-de-la-juventud-del-psuv\/","url":"https:\/\/www.mpppst.gob.ve\/mpppstweb\/index.php\/2024\/09\/13\/clase-obrera-se-moviliza-en-celebracion-del-16-aniversario-de-la-juventud-del-psuv\/","name":"Clase obrera se moviliza en celebraci\u00f3n del 16\u00b0 Aniversario de la Juventud del PSUV. - MPPPST","isPartOf":{"@id":"https:\/\/www.mpppst.gob.ve\/mpppstweb\/#website"},"primaryImageOfPage":{"@id":"https:\/\/www.mpppst.gob.ve\/mpppstweb\/index.php\/2024\/09\/13\/clase-obrera-se-moviliza-en-celebracion-del-16-aniversario-de-la-juventud-del-psuv\/#primaryimage"},"image":{"@id":"https:\/\/www.mpppst.gob.ve\/mpppstweb\/index.php\/2024\/09\/13\/clase-obrera-se-moviliza-en-celebracion-del-16-aniversario-de-la-juventud-del-psuv\/#primaryimage"},"thumbnailUrl":"https:\/\/www.mpppst.gob.ve\/mpppstweb\/wp-content\/uploads\/2024\/09\/IMG_20240913_092540_457.jpg","datePublished":"2024-09-13T13:30:07+00:00","dateModified":"2024-09-13T13:31:39+00:00","breadcrumb":{"@id":"https:\/\/www.mpppst.gob.ve\/mpppstweb\/index.php\/2024\/09\/13\/clase-obrera-se-moviliza-en-celebracion-del-16-aniversario-de-la-juventud-del-psuv\/#breadcrumb"},"inLanguage":"es","potentialAction":[{"@type":"ReadAction","target":["https:\/\/www.mpppst.gob.ve\/mpppstweb\/index.php\/2024\/09\/13\/clase-obrera-se-moviliza-en-celebracion-del-16-aniversario-de-la-juventud-del-psuv\/"]}]},{"@type":"ImageObject","inLanguage":"es","@id":"https:\/\/www.mpppst.gob.ve\/mpppstweb\/index.php\/2024\/09\/13\/clase-obrera-se-moviliza-en-celebracion-del-16-aniversario-de-la-juventud-del-psuv\/#primaryimage","url":"https:\/\/www.mpppst.gob.ve\/mpppstweb\/wp-content\/uploads\/2024\/09\/IMG_20240913_092540_457.jpg","contentUrl":"https:\/\/www.mpppst.gob.ve\/mpppstweb\/wp-content\/uploads\/2024\/09\/IMG_20240913_092540_457.jpg","width":1280,"height":721},{"@type":"BreadcrumbList","@id":"https:\/\/www.mpppst.gob.ve\/mpppstweb\/index.php\/2024\/09\/13\/clase-obrera-se-moviliza-en-celebracion-del-16-aniversario-de-la-juventud-del-psuv\/#breadcrumb","itemListElement":[{"@type":"ListItem","position":1,"name":"Home","item":"https:\/\/www.mpppst.gob.ve\/mpppstweb\/"},{"@type":"ListItem","position":2,"name":"Clase obrera se moviliza en celebraci\u00f3n del 16\u00b0 Aniversario de la Juventud del PSUV."}]},{"@type":"WebSite","@id":"https:\/\/www.mpppst.gob.ve\/mpppstweb\/#website","url":"https:\/\/www.mpppst.gob.ve\/mpppstweb\/","name":"MPPPST","description":"Ministerio del Poder Popular para el Proceso Social de Trabajo","publisher":{"@id":"https:\/\/www.mpppst.gob.ve\/mpppstweb\/#organization"},"potentialAction":[{"@type":"SearchAction","target":{"@type":"EntryPoint","urlTemplate":"https:\/\/www.mpppst.gob.ve\/mpppstweb\/?s={search_term_string}"},"query-input":"required name=search_term_string"}],"inLanguage":"es"},{"@type":"Organization","@id":"https:\/\/www.mpppst.gob.ve\/mpppstweb\/#organization","name":"mpppst","url":"https:\/\/www.mpppst.gob.ve\/mpppstweb\/","logo":{"@type":"ImageObject","inLanguage":"es","@id":"https:\/\/www.mpppst.gob.ve\/mpppstweb\/#\/schema\/logo\/image\/","url":"https:\/\/www.mpppst.gob.ve\/mpppstweb\/wp-content\/uploads\/2025\/07\/cropped-cropped-g910.png","contentUrl":"https:\/\/www.mpppst.gob.ve\/mpppstweb\/wp-content\/uploads\/2025\/07\/cropped-cropped-g910.png","width":1080,"height":241,"caption":"mpppst"},"image":{"@id":"https:\/\/www.mpppst.gob.ve\/mpppstweb\/#\/schema\/logo\/image\/"}},{"@type":"Person","@id":"https:\/\/www.mpppst.gob.ve\/mpppstweb\/#\/schema\/person\/fc187ee8ead412bd4c9304b62f900ea4","name":"MPPPST Prensa","url":"https:\/\/www.mpppst.gob.ve\/mpppstweb\/index.php\/author\/prensa-mpppst\/"}]}},"_links":{"self":[{"href":"https:\/\/www.mpppst.gob.ve\/mpppstweb\/index.php\/wp-json\/wp\/v2\/posts\/26688"}],"collection":[{"href":"https:\/\/www.mpppst.gob.ve\/mpppstweb\/index.php\/wp-json\/wp\/v2\/posts"}],"about":[{"href":"https:\/\/www.mpppst.gob.ve\/mpppstweb\/index.php\/wp-json\/wp\/v2\/types\/post"}],"author":[{"embeddable":true,"href":"https:\/\/www.mpppst.gob.ve\/mpppstweb\/index.php\/wp-json\/wp\/v2\/users\/25"}],"replies":[{"embeddable":true,"href":"https:\/\/www.mpppst.gob.ve\/mpppstweb\/index.php\/wp-json\/wp\/v2\/comments?post=26688"}],"version-history":[{"count":2,"href":"https:\/\/www.mpppst.gob.ve\/mpppstweb\/index.php\/wp-json\/wp\/v2\/posts\/26688\/revisions"}],"predecessor-version":[{"id":26691,"href":"https:\/\/www.mpppst.gob.ve\/mpppstweb\/index.php\/wp-json\/wp\/v2\/posts\/26688\/revisions\/26691"}],"wp:featuredmedia":[{"embeddable":true,"href":"https:\/\/www.mpppst.gob.ve\/mpppstweb\/index.php\/wp-json\/wp\/v2\/media\/26690"}],"wp:attachment":[{"href":"https:\/\/www.mpppst.gob.ve\/mpppstweb\/index.php\/wp-json\/wp\/v2\/media?parent=26688"}],"wp:term":[{"taxonomy":"category","embeddable":true,"href":"https:\/\/www.mpppst.gob.ve\/mpppstweb\/index.php\/wp-json\/wp\/v2\/categories?post=26688"},{"taxonomy":"post_tag","embeddable":true,"href":"https:\/\/www.mpppst.gob.ve\/mpppstweb\/index.php\/wp-json\/wp\/v2\/tags?post=26688"}],"curies":[{"name":"wp","href":"https:\/\/api.w.org\/{rel}","templated":true}]}}