{"id":26703,"date":"2024-09-16T20:04:42","date_gmt":"2024-09-17T00:04:42","guid":{"rendered":"https:\/\/www.mpppst.gob.ve\/mpppstweb\/?p=26703"},"modified":"2024-09-16T20:06:37","modified_gmt":"2024-09-17T00:06:37","slug":"ministro-eduardo-pinate-fortalece-la-union-con-la-clase-trabajadora-y-campesina-de-los-cptt-durante-un-encuentro-en-el-instituto-nacional-de-nutricion","status":"publish","type":"post","link":"https:\/\/www.mpppst.gob.ve\/mpppstweb\/index.php\/2024\/09\/16\/ministro-eduardo-pinate-fortalece-la-union-con-la-clase-trabajadora-y-campesina-de-los-cptt-durante-un-encuentro-en-el-instituto-nacional-de-nutricion\/","title":{"rendered":"Ministro Eduardo Pi\u00f1ate fortalece la uni\u00f3n con la clase trabajadora y campesina de los CPTT durante un encuentro en el Instituto Nacional de Nutrici\u00f3n."},"content":{"rendered":"\n<p>(Caracas 16-09-2024. Prensa MPPPST).\u2013 El Ministro Eduardo Pi\u00f1ate, del Ministerio del Poder Popular para el Proceso Social del Trabajo (MPPPST) llev\u00f3 a cabo un importante encuentro con los Consejos Productivos para Trabajadores y Trabajadoras (CPTT) del Instituto Nacional de Nutrici\u00f3n (INN). Este evento tuvo como objetivo fortalecer la colaboraci\u00f3n y el trabajo conjunto en pro de la seguridad alimentaria y el bienestar de la poblaci\u00f3n venezolana, apoyando el trabajo mancomunado obrero-campesina-comunal<\/p>\n\n\n\n<figure class=\"wp-block-image size-large\"><img decoding=\"async\" loading=\"lazy\" width=\"1024\" height=\"577\" src=\"https:\/\/www.mpppst.gob.ve\/mpppstweb\/wp-content\/uploads\/2024\/09\/img_20240916_195750_5061402754668461674190-1024x577.jpg\" alt=\"\" class=\"wp-image-26698\" srcset=\"https:\/\/www.mpppst.gob.ve\/mpppstweb\/wp-content\/uploads\/2024\/09\/img_20240916_195750_5061402754668461674190-1024x577.jpg 1024w, https:\/\/www.mpppst.gob.ve\/mpppstweb\/wp-content\/uploads\/2024\/09\/img_20240916_195750_5061402754668461674190-300x169.jpg 300w, https:\/\/www.mpppst.gob.ve\/mpppstweb\/wp-content\/uploads\/2024\/09\/img_20240916_195750_5061402754668461674190-768x433.jpg 768w, https:\/\/www.mpppst.gob.ve\/mpppstweb\/wp-content\/uploads\/2024\/09\/img_20240916_195750_5061402754668461674190.jpg 1280w\" sizes=\"(max-width: 1024px) 100vw, 1024px\" \/><figcaption class=\"wp-element-caption\"><em>Foto: Greyler Alvarado.<\/em><\/figcaption><\/figure>\n\n\n\n<p><br><br>Durante la actividad, se abordaron temas cruciales relacionados con la producci\u00f3n y distribuci\u00f3n de alimentos nutritivos, as\u00ed como la importancia de la participaci\u00f3n activa de los trabajadores en la toma de decisiones que impactan en sus comunidades. Los Consejos Productivos han demostrado ser una herramienta fundamental para fomentar el trabajo en equipo y la autogesti\u00f3n entre los trabajadores.<br><br>El Ministro Eduardo Pi\u00f1ate expres\u00f3 su satisfacci\u00f3n por este encuentro, destacando la relevancia de unir esfuerzos en pro del desarrollo productivo. En sus palabras, el Ministro mencion\u00f3: <br><br>\u201cEsto ha sido posible por el esfuerzo, por el trabajo de la clase obrera, de los campesinos, de los pescadores, de los comuneros por el trabajo de nuestro pueblo, es que ha sido posible \u00e9sta recuperaci\u00f3n econ\u00f3mica y ese mantenimiento de la paz.\u201d <\/p>\n\n\n\n<figure class=\"wp-block-image size-large\"><img decoding=\"async\" loading=\"lazy\" width=\"1024\" height=\"577\" src=\"https:\/\/www.mpppst.gob.ve\/mpppstweb\/wp-content\/uploads\/2024\/09\/img_20240916_195746_8702314998696236206349-1024x577.jpg\" alt=\"\" class=\"wp-image-26699\" srcset=\"https:\/\/www.mpppst.gob.ve\/mpppstweb\/wp-content\/uploads\/2024\/09\/img_20240916_195746_8702314998696236206349-1024x577.jpg 1024w, https:\/\/www.mpppst.gob.ve\/mpppstweb\/wp-content\/uploads\/2024\/09\/img_20240916_195746_8702314998696236206349-300x169.jpg 300w, https:\/\/www.mpppst.gob.ve\/mpppstweb\/wp-content\/uploads\/2024\/09\/img_20240916_195746_8702314998696236206349-768x433.jpg 768w, https:\/\/www.mpppst.gob.ve\/mpppstweb\/wp-content\/uploads\/2024\/09\/img_20240916_195746_8702314998696236206349.jpg 1280w\" sizes=\"(max-width: 1024px) 100vw, 1024px\" \/><figcaption class=\"wp-element-caption\"><em>Foto: Greyler Alvarado.<\/em><\/figcaption><\/figure>\n\n\n\n<p><br><br>\u201cA nosotros se nos di\u00f3 la tarea de ampliarlo, de hacerlos crecer m\u00e1s, de desarrollarlo\u201d, afirm\u00f3 el ministro, evidenciando que, la capacidad de invenci\u00f3n, de innovaci\u00f3n de los trabajadores y trabajadoras, ha sido el impulso para la recuperaci\u00f3n econ\u00f3mica.<br><br>El Instituto Nacional de Nutrici\u00f3n, por su parte, reafirm\u00f3 su compromiso de trabajar de la mano con los Consejos Productivos, buscando siempre mejorar las condiciones de vida de la poblaci\u00f3n a trav\u00e9s de una alimentaci\u00f3n adecuada y balanceada. <\/p>\n\n\n\n<figure class=\"wp-block-image size-large\"><img decoding=\"async\" loading=\"lazy\" width=\"1024\" height=\"577\" src=\"https:\/\/www.mpppst.gob.ve\/mpppstweb\/wp-content\/uploads\/2024\/09\/img_20240916_200031_2779078040085214633509-1024x577.jpg\" alt=\"\" class=\"wp-image-26700\" srcset=\"https:\/\/www.mpppst.gob.ve\/mpppstweb\/wp-content\/uploads\/2024\/09\/img_20240916_200031_2779078040085214633509-1024x577.jpg 1024w, https:\/\/www.mpppst.gob.ve\/mpppstweb\/wp-content\/uploads\/2024\/09\/img_20240916_200031_2779078040085214633509-300x169.jpg 300w, https:\/\/www.mpppst.gob.ve\/mpppstweb\/wp-content\/uploads\/2024\/09\/img_20240916_200031_2779078040085214633509-768x433.jpg 768w, https:\/\/www.mpppst.gob.ve\/mpppstweb\/wp-content\/uploads\/2024\/09\/img_20240916_200031_2779078040085214633509.jpg 1280w\" sizes=\"(max-width: 1024px) 100vw, 1024px\" \/><figcaption class=\"wp-element-caption\"><em>Foto: Greyler Alvarado.<\/em><\/figcaption><\/figure>\n\n\n\n<p><br>El evento cont\u00f3 con un espacio para el di\u00e1logo donde los participantes pudieron compartir sus experiencias y propuestas para seguir avanzando en las pol\u00edticas de nutrici\u00f3n y trabajo en el pa\u00eds. <br><br>El Ministro Pi\u00f1ate concluy\u00f3 el encuentro con un mensaje para toda la clase obrera y CPTT:<br><br>\u201cVine hoy a reunirme con los Consejos Productivos de Trabajadores y Trabajadoras, que est\u00e1n haciendo cosas bellas, hermosas, en todo el pa\u00eds, innovando, creando, inventando, aprovechando sus conocimientos. Proyectos de cria de gallina, de comercializaci\u00f3n de la NutriChicha. Hemos hecho una jornada de trabajo, recorrimos sus instalaciones, laboratorios, vimos sus innovaciones y propuestas que se han venido desarrollando con la clase trabajadora del Instituto Nacional de Nutrici\u00f3n.\u201d<br><br>Este encuentro marc\u00f3 un paso significativo hacia la consolidaci\u00f3n de un modelo productivo inclusivo que beneficie a todos los venezolanos.(Fin\/ Isabela Guzm\u00e1n).<\/p>\n","protected":false},"excerpt":{"rendered":"<p>(Caracas 16-09-2024. Prensa MPPPST).\u2013 El Ministro Eduardo Pi\u00f1ate, del Ministerio del Poder Popular para el Proceso &hellip; <a title=\"Ministro Eduardo Pi\u00f1ate fortalece la uni\u00f3n con la clase trabajadora y campesina de los CPTT durante un encuentro en el Instituto Nacional de Nutrici\u00f3n.\" class=\"hm-read-more\" href=\"https:\/\/www.mpppst.gob.ve\/mpppstweb\/index.php\/2024\/09\/16\/ministro-eduardo-pinate-fortalece-la-union-con-la-clase-trabajadora-y-campesina-de-los-cptt-durante-un-encuentro-en-el-instituto-nacional-de-nutricion\/\"><span class=\"screen-reader-text\">Ministro Eduardo Pi\u00f1ate fortalece la uni\u00f3n con la clase trabajadora y campesina de los CPTT durante un encuentro en el Instituto Nacional de Nutrici\u00f3n.<\/span>Read more<\/a><\/p>\n","protected":false},"author":25,"featured_media":26705,"comment_status":"closed","ping_status":"closed","sticky":false,"template":"","format":"standard","meta":{"footnotes":""},"categories":[82],"tags":[668,857,822,548,549,859,839,614],"yoast_head":"<!-- This site is optimized with the Yoast SEO plugin v22.5 - https:\/\/yoast.com\/wordpress\/plugins\/seo\/ -->\n<title>Ministro Eduardo Pi\u00f1ate fortalece la uni\u00f3n con la clase trabajadora y campesina de los CPTT durante un encuentro en el Instituto Nacional de Nutrici\u00f3n. - MPPPST<\/title>\n<meta name=\"robots\" content=\"index, follow, max-snippet:-1, max-image-preview:large, max-video-preview:-1\" \/>\n<link rel=\"canonical\" href=\"https:\/\/www.mpppst.gob.ve\/mpppstweb\/index.php\/2024\/09\/16\/ministro-eduardo-pinate-fortalece-la-union-con-la-clase-trabajadora-y-campesina-de-los-cptt-durante-un-encuentro-en-el-instituto-nacional-de-nutricion\/\" \/>\n<meta property=\"og:locale\" content=\"es_ES\" \/>\n<meta property=\"og:type\" content=\"article\" \/>\n<meta property=\"og:title\" content=\"Ministro Eduardo Pi\u00f1ate fortalece la uni\u00f3n con la clase trabajadora y campesina de los CPTT durante un encuentro en el Instituto Nacional de Nutrici\u00f3n. - MPPPST\" \/>\n<meta property=\"og:description\" content=\"(Caracas 16-09-2024. Prensa MPPPST).\u2013 El Ministro Eduardo Pi\u00f1ate, del Ministerio del Poder Popular para el Proceso &hellip; Ministro Eduardo Pi\u00f1ate fortalece la uni\u00f3n con la clase trabajadora y campesina de los CPTT durante un encuentro en el Instituto Nacional de Nutrici\u00f3n.Read more\" \/>\n<meta property=\"og:url\" content=\"https:\/\/www.mpppst.gob.ve\/mpppstweb\/index.php\/2024\/09\/16\/ministro-eduardo-pinate-fortalece-la-union-con-la-clase-trabajadora-y-campesina-de-los-cptt-durante-un-encuentro-en-el-instituto-nacional-de-nutricion\/\" \/>\n<meta property=\"og:site_name\" content=\"MPPPST\" \/>\n<meta property=\"article:published_time\" content=\"2024-09-17T00:04:42+00:00\" \/>\n<meta property=\"article:modified_time\" content=\"2024-09-17T00:06:37+00:00\" \/>\n<meta property=\"og:image\" content=\"http:\/\/www.mpppst.gob.ve\/mpppstweb\/wp-content\/uploads\/2024\/09\/IMG_20240916_200156_820.jpg\" \/>\n\t<meta property=\"og:image:width\" content=\"1280\" \/>\n\t<meta property=\"og:image:height\" content=\"721\" \/>\n\t<meta property=\"og:image:type\" content=\"image\/jpeg\" \/>\n<meta name=\"author\" content=\"MPPPST Prensa\" \/>\n<meta name=\"twitter:card\" content=\"summary_large_image\" \/>\n<meta name=\"twitter:label1\" content=\"Escrito por\" \/>\n\t<meta name=\"twitter:data1\" content=\"MPPPST Prensa\" \/>\n\t<meta name=\"twitter:label2\" content=\"Tiempo de lectura\" \/>\n\t<meta name=\"twitter:data2\" content=\"3 minutos\" \/>\n<script type=\"application\/ld+json\" class=\"yoast-schema-graph\">{\"@context\":\"https:\/\/schema.org\",\"@graph\":[{\"@type\":\"Article\",\"@id\":\"https:\/\/www.mpppst.gob.ve\/mpppstweb\/index.php\/2024\/09\/16\/ministro-eduardo-pinate-fortalece-la-union-con-la-clase-trabajadora-y-campesina-de-los-cptt-durante-un-encuentro-en-el-instituto-nacional-de-nutricion\/#article\",\"isPartOf\":{\"@id\":\"https:\/\/www.mpppst.gob.ve\/mpppstweb\/index.php\/2024\/09\/16\/ministro-eduardo-pinate-fortalece-la-union-con-la-clase-trabajadora-y-campesina-de-los-cptt-durante-un-encuentro-en-el-instituto-nacional-de-nutricion\/\"},\"author\":{\"name\":\"MPPPST Prensa\",\"@id\":\"https:\/\/www.mpppst.gob.ve\/mpppstweb\/#\/schema\/person\/fc187ee8ead412bd4c9304b62f900ea4\"},\"headline\":\"Ministro Eduardo Pi\u00f1ate fortalece la uni\u00f3n con la clase trabajadora y campesina de los CPTT durante un encuentro en el Instituto Nacional de Nutrici\u00f3n.\",\"datePublished\":\"2024-09-17T00:04:42+00:00\",\"dateModified\":\"2024-09-17T00:06:37+00:00\",\"mainEntityOfPage\":{\"@id\":\"https:\/\/www.mpppst.gob.ve\/mpppstweb\/index.php\/2024\/09\/16\/ministro-eduardo-pinate-fortalece-la-union-con-la-clase-trabajadora-y-campesina-de-los-cptt-durante-un-encuentro-en-el-instituto-nacional-de-nutricion\/\"},\"wordCount\":482,\"publisher\":{\"@id\":\"https:\/\/www.mpppst.gob.ve\/mpppstweb\/#organization\"},\"image\":{\"@id\":\"https:\/\/www.mpppst.gob.ve\/mpppstweb\/index.php\/2024\/09\/16\/ministro-eduardo-pinate-fortalece-la-union-con-la-clase-trabajadora-y-campesina-de-los-cptt-durante-un-encuentro-en-el-instituto-nacional-de-nutricion\/#primaryimage\"},\"thumbnailUrl\":\"https:\/\/www.mpppst.gob.ve\/mpppstweb\/wp-content\/uploads\/2024\/09\/IMG_20240916_200156_820.jpg\",\"keywords\":[\"7 Grandes Transformaciones\",\"Campesina\",\"Clase Trabajadora\",\"Consejo Productivo\",\"CPTT\",\"Instituto Nacional de Nutrici\u00f3n\",\"Ministro Eduardo Pi\u00f1ate\",\"viceministra Johanna Sant\u00e9liz\"],\"articleSection\":[\"Gobierno Nacional\"],\"inLanguage\":\"es\"},{\"@type\":\"WebPage\",\"@id\":\"https:\/\/www.mpppst.gob.ve\/mpppstweb\/index.php\/2024\/09\/16\/ministro-eduardo-pinate-fortalece-la-union-con-la-clase-trabajadora-y-campesina-de-los-cptt-durante-un-encuentro-en-el-instituto-nacional-de-nutricion\/\",\"url\":\"https:\/\/www.mpppst.gob.ve\/mpppstweb\/index.php\/2024\/09\/16\/ministro-eduardo-pinate-fortalece-la-union-con-la-clase-trabajadora-y-campesina-de-los-cptt-durante-un-encuentro-en-el-instituto-nacional-de-nutricion\/\",\"name\":\"Ministro Eduardo Pi\u00f1ate fortalece la uni\u00f3n con la clase trabajadora y campesina de los CPTT durante un encuentro en el Instituto Nacional de Nutrici\u00f3n. - MPPPST\",\"isPartOf\":{\"@id\":\"https:\/\/www.mpppst.gob.ve\/mpppstweb\/#website\"},\"primaryImageOfPage\":{\"@id\":\"https:\/\/www.mpppst.gob.ve\/mpppstweb\/index.php\/2024\/09\/16\/ministro-eduardo-pinate-fortalece-la-union-con-la-clase-trabajadora-y-campesina-de-los-cptt-durante-un-encuentro-en-el-instituto-nacional-de-nutricion\/#primaryimage\"},\"image\":{\"@id\":\"https:\/\/www.mpppst.gob.ve\/mpppstweb\/index.php\/2024\/09\/16\/ministro-eduardo-pinate-fortalece-la-union-con-la-clase-trabajadora-y-campesina-de-los-cptt-durante-un-encuentro-en-el-instituto-nacional-de-nutricion\/#primaryimage\"},\"thumbnailUrl\":\"https:\/\/www.mpppst.gob.ve\/mpppstweb\/wp-content\/uploads\/2024\/09\/IMG_20240916_200156_820.jpg\",\"datePublished\":\"2024-09-17T00:04:42+00:00\",\"dateModified\":\"2024-09-17T00:06:37+00:00\",\"breadcrumb\":{\"@id\":\"https:\/\/www.mpppst.gob.ve\/mpppstweb\/index.php\/2024\/09\/16\/ministro-eduardo-pinate-fortalece-la-union-con-la-clase-trabajadora-y-campesina-de-los-cptt-durante-un-encuentro-en-el-instituto-nacional-de-nutricion\/#breadcrumb\"},\"inLanguage\":\"es\",\"potentialAction\":[{\"@type\":\"ReadAction\",\"target\":[\"https:\/\/www.mpppst.gob.ve\/mpppstweb\/index.php\/2024\/09\/16\/ministro-eduardo-pinate-fortalece-la-union-con-la-clase-trabajadora-y-campesina-de-los-cptt-durante-un-encuentro-en-el-instituto-nacional-de-nutricion\/\"]}]},{\"@type\":\"ImageObject\",\"inLanguage\":\"es\",\"@id\":\"https:\/\/www.mpppst.gob.ve\/mpppstweb\/index.php\/2024\/09\/16\/ministro-eduardo-pinate-fortalece-la-union-con-la-clase-trabajadora-y-campesina-de-los-cptt-durante-un-encuentro-en-el-instituto-nacional-de-nutricion\/#primaryimage\",\"url\":\"https:\/\/www.mpppst.gob.ve\/mpppstweb\/wp-content\/uploads\/2024\/09\/IMG_20240916_200156_820.jpg\",\"contentUrl\":\"https:\/\/www.mpppst.gob.ve\/mpppstweb\/wp-content\/uploads\/2024\/09\/IMG_20240916_200156_820.jpg\",\"width\":1280,\"height\":721},{\"@type\":\"BreadcrumbList\",\"@id\":\"https:\/\/www.mpppst.gob.ve\/mpppstweb\/index.php\/2024\/09\/16\/ministro-eduardo-pinate-fortalece-la-union-con-la-clase-trabajadora-y-campesina-de-los-cptt-durante-un-encuentro-en-el-instituto-nacional-de-nutricion\/#breadcrumb\",\"itemListElement\":[{\"@type\":\"ListItem\",\"position\":1,\"name\":\"Home\",\"item\":\"https:\/\/www.mpppst.gob.ve\/mpppstweb\/\"},{\"@type\":\"ListItem\",\"position\":2,\"name\":\"Ministro Eduardo Pi\u00f1ate fortalece la uni\u00f3n con la clase trabajadora y campesina de los CPTT durante un encuentro en el Instituto Nacional de Nutrici\u00f3n.\"}]},{\"@type\":\"WebSite\",\"@id\":\"https:\/\/www.mpppst.gob.ve\/mpppstweb\/#website\",\"url\":\"https:\/\/www.mpppst.gob.ve\/mpppstweb\/\",\"name\":\"MPPPST\",\"description\":\"Ministerio del Poder Popular para el Proceso Social de Trabajo\",\"publisher\":{\"@id\":\"https:\/\/www.mpppst.gob.ve\/mpppstweb\/#organization\"},\"potentialAction\":[{\"@type\":\"SearchAction\",\"target\":{\"@type\":\"EntryPoint\",\"urlTemplate\":\"https:\/\/www.mpppst.gob.ve\/mpppstweb\/?s={search_term_string}\"},\"query-input\":\"required name=search_term_string\"}],\"inLanguage\":\"es\"},{\"@type\":\"Organization\",\"@id\":\"https:\/\/www.mpppst.gob.ve\/mpppstweb\/#organization\",\"name\":\"mpppst\",\"url\":\"https:\/\/www.mpppst.gob.ve\/mpppstweb\/\",\"logo\":{\"@type\":\"ImageObject\",\"inLanguage\":\"es\",\"@id\":\"https:\/\/www.mpppst.gob.ve\/mpppstweb\/#\/schema\/logo\/image\/\",\"url\":\"https:\/\/www.mpppst.gob.ve\/mpppstweb\/wp-content\/uploads\/2025\/07\/cropped-cropped-g910.png\",\"contentUrl\":\"https:\/\/www.mpppst.gob.ve\/mpppstweb\/wp-content\/uploads\/2025\/07\/cropped-cropped-g910.png\",\"width\":1080,\"height\":241,\"caption\":\"mpppst\"},\"image\":{\"@id\":\"https:\/\/www.mpppst.gob.ve\/mpppstweb\/#\/schema\/logo\/image\/\"}},{\"@type\":\"Person\",\"@id\":\"https:\/\/www.mpppst.gob.ve\/mpppstweb\/#\/schema\/person\/fc187ee8ead412bd4c9304b62f900ea4\",\"name\":\"MPPPST Prensa\",\"url\":\"https:\/\/www.mpppst.gob.ve\/mpppstweb\/index.php\/author\/prensa-mpppst\/\"}]}<\/script>\n<!-- \/ Yoast SEO plugin. -->","yoast_head_json":{"title":"Ministro Eduardo Pi\u00f1ate fortalece la uni\u00f3n con la clase trabajadora y campesina de los CPTT durante un encuentro en el Instituto Nacional de Nutrici\u00f3n. - MPPPST","robots":{"index":"index","follow":"follow","max-snippet":"max-snippet:-1","max-image-preview":"max-image-preview:large","max-video-preview":"max-video-preview:-1"},"canonical":"https:\/\/www.mpppst.gob.ve\/mpppstweb\/index.php\/2024\/09\/16\/ministro-eduardo-pinate-fortalece-la-union-con-la-clase-trabajadora-y-campesina-de-los-cptt-durante-un-encuentro-en-el-instituto-nacional-de-nutricion\/","og_locale":"es_ES","og_type":"article","og_title":"Ministro Eduardo Pi\u00f1ate fortalece la uni\u00f3n con la clase trabajadora y campesina de los CPTT durante un encuentro en el Instituto Nacional de Nutrici\u00f3n. - MPPPST","og_description":"(Caracas 16-09-2024. Prensa MPPPST).\u2013 El Ministro Eduardo Pi\u00f1ate, del Ministerio del Poder Popular para el Proceso &hellip; Ministro Eduardo Pi\u00f1ate fortalece la uni\u00f3n con la clase trabajadora y campesina de los CPTT durante un encuentro en el Instituto Nacional de Nutrici\u00f3n.Read more","og_url":"https:\/\/www.mpppst.gob.ve\/mpppstweb\/index.php\/2024\/09\/16\/ministro-eduardo-pinate-fortalece-la-union-con-la-clase-trabajadora-y-campesina-de-los-cptt-durante-un-encuentro-en-el-instituto-nacional-de-nutricion\/","og_site_name":"MPPPST","article_published_time":"2024-09-17T00:04:42+00:00","article_modified_time":"2024-09-17T00:06:37+00:00","og_image":[{"width":1280,"height":721,"url":"http:\/\/www.mpppst.gob.ve\/mpppstweb\/wp-content\/uploads\/2024\/09\/IMG_20240916_200156_820.jpg","type":"image\/jpeg"}],"author":"MPPPST Prensa","twitter_card":"summary_large_image","twitter_misc":{"Escrito por":"MPPPST Prensa","Tiempo de lectura":"3 minutos"},"schema":{"@context":"https:\/\/schema.org","@graph":[{"@type":"Article","@id":"https:\/\/www.mpppst.gob.ve\/mpppstweb\/index.php\/2024\/09\/16\/ministro-eduardo-pinate-fortalece-la-union-con-la-clase-trabajadora-y-campesina-de-los-cptt-durante-un-encuentro-en-el-instituto-nacional-de-nutricion\/#article","isPartOf":{"@id":"https:\/\/www.mpppst.gob.ve\/mpppstweb\/index.php\/2024\/09\/16\/ministro-eduardo-pinate-fortalece-la-union-con-la-clase-trabajadora-y-campesina-de-los-cptt-durante-un-encuentro-en-el-instituto-nacional-de-nutricion\/"},"author":{"name":"MPPPST Prensa","@id":"https:\/\/www.mpppst.gob.ve\/mpppstweb\/#\/schema\/person\/fc187ee8ead412bd4c9304b62f900ea4"},"headline":"Ministro Eduardo Pi\u00f1ate fortalece la uni\u00f3n con la clase trabajadora y campesina de los CPTT durante un encuentro en el Instituto Nacional de Nutrici\u00f3n.","datePublished":"2024-09-17T00:04:42+00:00","dateModified":"2024-09-17T00:06:37+00:00","mainEntityOfPage":{"@id":"https:\/\/www.mpppst.gob.ve\/mpppstweb\/index.php\/2024\/09\/16\/ministro-eduardo-pinate-fortalece-la-union-con-la-clase-trabajadora-y-campesina-de-los-cptt-durante-un-encuentro-en-el-instituto-nacional-de-nutricion\/"},"wordCount":482,"publisher":{"@id":"https:\/\/www.mpppst.gob.ve\/mpppstweb\/#organization"},"image":{"@id":"https:\/\/www.mpppst.gob.ve\/mpppstweb\/index.php\/2024\/09\/16\/ministro-eduardo-pinate-fortalece-la-union-con-la-clase-trabajadora-y-campesina-de-los-cptt-durante-un-encuentro-en-el-instituto-nacional-de-nutricion\/#primaryimage"},"thumbnailUrl":"https:\/\/www.mpppst.gob.ve\/mpppstweb\/wp-content\/uploads\/2024\/09\/IMG_20240916_200156_820.jpg","keywords":["7 Grandes Transformaciones","Campesina","Clase Trabajadora","Consejo Productivo","CPTT","Instituto Nacional de Nutrici\u00f3n","Ministro Eduardo Pi\u00f1ate","viceministra Johanna Sant\u00e9liz"],"articleSection":["Gobierno Nacional"],"inLanguage":"es"},{"@type":"WebPage","@id":"https:\/\/www.mpppst.gob.ve\/mpppstweb\/index.php\/2024\/09\/16\/ministro-eduardo-pinate-fortalece-la-union-con-la-clase-trabajadora-y-campesina-de-los-cptt-durante-un-encuentro-en-el-instituto-nacional-de-nutricion\/","url":"https:\/\/www.mpppst.gob.ve\/mpppstweb\/index.php\/2024\/09\/16\/ministro-eduardo-pinate-fortalece-la-union-con-la-clase-trabajadora-y-campesina-de-los-cptt-durante-un-encuentro-en-el-instituto-nacional-de-nutricion\/","name":"Ministro Eduardo Pi\u00f1ate fortalece la uni\u00f3n con la clase trabajadora y campesina de los CPTT durante un encuentro en el Instituto Nacional de Nutrici\u00f3n. - MPPPST","isPartOf":{"@id":"https:\/\/www.mpppst.gob.ve\/mpppstweb\/#website"},"primaryImageOfPage":{"@id":"https:\/\/www.mpppst.gob.ve\/mpppstweb\/index.php\/2024\/09\/16\/ministro-eduardo-pinate-fortalece-la-union-con-la-clase-trabajadora-y-campesina-de-los-cptt-durante-un-encuentro-en-el-instituto-nacional-de-nutricion\/#primaryimage"},"image":{"@id":"https:\/\/www.mpppst.gob.ve\/mpppstweb\/index.php\/2024\/09\/16\/ministro-eduardo-pinate-fortalece-la-union-con-la-clase-trabajadora-y-campesina-de-los-cptt-durante-un-encuentro-en-el-instituto-nacional-de-nutricion\/#primaryimage"},"thumbnailUrl":"https:\/\/www.mpppst.gob.ve\/mpppstweb\/wp-content\/uploads\/2024\/09\/IMG_20240916_200156_820.jpg","datePublished":"2024-09-17T00:04:42+00:00","dateModified":"2024-09-17T00:06:37+00:00","breadcrumb":{"@id":"https:\/\/www.mpppst.gob.ve\/mpppstweb\/index.php\/2024\/09\/16\/ministro-eduardo-pinate-fortalece-la-union-con-la-clase-trabajadora-y-campesina-de-los-cptt-durante-un-encuentro-en-el-instituto-nacional-de-nutricion\/#breadcrumb"},"inLanguage":"es","potentialAction":[{"@type":"ReadAction","target":["https:\/\/www.mpppst.gob.ve\/mpppstweb\/index.php\/2024\/09\/16\/ministro-eduardo-pinate-fortalece-la-union-con-la-clase-trabajadora-y-campesina-de-los-cptt-durante-un-encuentro-en-el-instituto-nacional-de-nutricion\/"]}]},{"@type":"ImageObject","inLanguage":"es","@id":"https:\/\/www.mpppst.gob.ve\/mpppstweb\/index.php\/2024\/09\/16\/ministro-eduardo-pinate-fortalece-la-union-con-la-clase-trabajadora-y-campesina-de-los-cptt-durante-un-encuentro-en-el-instituto-nacional-de-nutricion\/#primaryimage","url":"https:\/\/www.mpppst.gob.ve\/mpppstweb\/wp-content\/uploads\/2024\/09\/IMG_20240916_200156_820.jpg","contentUrl":"https:\/\/www.mpppst.gob.ve\/mpppstweb\/wp-content\/uploads\/2024\/09\/IMG_20240916_200156_820.jpg","width":1280,"height":721},{"@type":"BreadcrumbList","@id":"https:\/\/www.mpppst.gob.ve\/mpppstweb\/index.php\/2024\/09\/16\/ministro-eduardo-pinate-fortalece-la-union-con-la-clase-trabajadora-y-campesina-de-los-cptt-durante-un-encuentro-en-el-instituto-nacional-de-nutricion\/#breadcrumb","itemListElement":[{"@type":"ListItem","position":1,"name":"Home","item":"https:\/\/www.mpppst.gob.ve\/mpppstweb\/"},{"@type":"ListItem","position":2,"name":"Ministro Eduardo Pi\u00f1ate fortalece la uni\u00f3n con la clase trabajadora y campesina de los CPTT durante un encuentro en el Instituto Nacional de Nutrici\u00f3n."}]},{"@type":"WebSite","@id":"https:\/\/www.mpppst.gob.ve\/mpppstweb\/#website","url":"https:\/\/www.mpppst.gob.ve\/mpppstweb\/","name":"MPPPST","description":"Ministerio del Poder Popular para el Proceso Social de Trabajo","publisher":{"@id":"https:\/\/www.mpppst.gob.ve\/mpppstweb\/#organization"},"potentialAction":[{"@type":"SearchAction","target":{"@type":"EntryPoint","urlTemplate":"https:\/\/www.mpppst.gob.ve\/mpppstweb\/?s={search_term_string}"},"query-input":"required name=search_term_string"}],"inLanguage":"es"},{"@type":"Organization","@id":"https:\/\/www.mpppst.gob.ve\/mpppstweb\/#organization","name":"mpppst","url":"https:\/\/www.mpppst.gob.ve\/mpppstweb\/","logo":{"@type":"ImageObject","inLanguage":"es","@id":"https:\/\/www.mpppst.gob.ve\/mpppstweb\/#\/schema\/logo\/image\/","url":"https:\/\/www.mpppst.gob.ve\/mpppstweb\/wp-content\/uploads\/2025\/07\/cropped-cropped-g910.png","contentUrl":"https:\/\/www.mpppst.gob.ve\/mpppstweb\/wp-content\/uploads\/2025\/07\/cropped-cropped-g910.png","width":1080,"height":241,"caption":"mpppst"},"image":{"@id":"https:\/\/www.mpppst.gob.ve\/mpppstweb\/#\/schema\/logo\/image\/"}},{"@type":"Person","@id":"https:\/\/www.mpppst.gob.ve\/mpppstweb\/#\/schema\/person\/fc187ee8ead412bd4c9304b62f900ea4","name":"MPPPST Prensa","url":"https:\/\/www.mpppst.gob.ve\/mpppstweb\/index.php\/author\/prensa-mpppst\/"}]}},"_links":{"self":[{"href":"https:\/\/www.mpppst.gob.ve\/mpppstweb\/index.php\/wp-json\/wp\/v2\/posts\/26703"}],"collection":[{"href":"https:\/\/www.mpppst.gob.ve\/mpppstweb\/index.php\/wp-json\/wp\/v2\/posts"}],"about":[{"href":"https:\/\/www.mpppst.gob.ve\/mpppstweb\/index.php\/wp-json\/wp\/v2\/types\/post"}],"author":[{"embeddable":true,"href":"https:\/\/www.mpppst.gob.ve\/mpppstweb\/index.php\/wp-json\/wp\/v2\/users\/25"}],"replies":[{"embeddable":true,"href":"https:\/\/www.mpppst.gob.ve\/mpppstweb\/index.php\/wp-json\/wp\/v2\/comments?post=26703"}],"version-history":[{"count":1,"href":"https:\/\/www.mpppst.gob.ve\/mpppstweb\/index.php\/wp-json\/wp\/v2\/posts\/26703\/revisions"}],"predecessor-version":[{"id":26704,"href":"https:\/\/www.mpppst.gob.ve\/mpppstweb\/index.php\/wp-json\/wp\/v2\/posts\/26703\/revisions\/26704"}],"wp:featuredmedia":[{"embeddable":true,"href":"https:\/\/www.mpppst.gob.ve\/mpppstweb\/index.php\/wp-json\/wp\/v2\/media\/26705"}],"wp:attachment":[{"href":"https:\/\/www.mpppst.gob.ve\/mpppstweb\/index.php\/wp-json\/wp\/v2\/media?parent=26703"}],"wp:term":[{"taxonomy":"category","embeddable":true,"href":"https:\/\/www.mpppst.gob.ve\/mpppstweb\/index.php\/wp-json\/wp\/v2\/categories?post=26703"},{"taxonomy":"post_tag","embeddable":true,"href":"https:\/\/www.mpppst.gob.ve\/mpppstweb\/index.php\/wp-json\/wp\/v2\/tags?post=26703"}],"curies":[{"name":"wp","href":"https:\/\/api.w.org\/{rel}","templated":true}]}}