{"id":26740,"date":"2024-09-19T20:07:45","date_gmt":"2024-09-20T00:07:45","guid":{"rendered":"https:\/\/www.mpppst.gob.ve\/mpppstweb\/?p=26740"},"modified":"2024-09-19T20:11:40","modified_gmt":"2024-09-20T00:11:40","slug":"voceros-y-voceras-de-los-cptt-dan-sus-propuestas-al-ministro-eduardo-pinate-para-avanzar-en-el-plan-de-expansion-y-mejoramiento-de-los-movimientos-obreros","status":"publish","type":"post","link":"https:\/\/www.mpppst.gob.ve\/mpppstweb\/index.php\/2024\/09\/19\/voceros-y-voceras-de-los-cptt-dan-sus-propuestas-al-ministro-eduardo-pinate-para-avanzar-en-el-plan-de-expansion-y-mejoramiento-de-los-movimientos-obreros\/","title":{"rendered":"Voceros y voceras de los CPTT dan sus propuestas al Ministro Eduardo Pi\u00f1ate, para avanzar en el plan de expansi\u00f3n y mejoramiento de los movimientos obreros."},"content":{"rendered":"\n<p>(Caracas, 19-08-24. Prensa MPPPST).\u2013 En el marco del segundo d\u00eda de la reuni\u00f3n nacional con voceros y voceras de los Consejos Productivos de Trabajadores y Trabajadoras (CPTT), el ministro del Proceso Social de Trabajo, Eduardo Pi\u00f1ate, se reuni\u00f3 en el Sal\u00f3n Gran Congreso de Angostura, en la Tesorer\u00eda del Sistema de Seguridad Social (TSS), para escuchar las conclusiones y propuestas emanadas de las mesas de trabajo realizadas durante el 18 y 19 de septiembre.<br><br>Durante este encuentro, Pi\u00f1ate destac\u00f3 la importancia de la direcci\u00f3n colectiva como la forma m\u00e1s democr\u00e1tica de gobernar y enfatiz\u00f3 que la elaboraci\u00f3n de pol\u00edticas debe ser un proceso conjunto, donde cada voz cuente. \u00abLa clase obrera es fundamental en este proceso; el contenido de clase es el que define nuestro proyecto\u00bb, afirm\u00f3 el ministro.<\/p>\n\n\n\n<figure class=\"wp-block-image size-large\"><img decoding=\"async\" loading=\"lazy\" width=\"1024\" height=\"577\" src=\"https:\/\/www.mpppst.gob.ve\/mpppstweb\/wp-content\/uploads\/2024\/09\/img_20240919_132849_2514112758516693739745-1024x577.jpg\" alt=\"\" class=\"wp-image-26738\" srcset=\"https:\/\/www.mpppst.gob.ve\/mpppstweb\/wp-content\/uploads\/2024\/09\/img_20240919_132849_2514112758516693739745-1024x577.jpg 1024w, https:\/\/www.mpppst.gob.ve\/mpppstweb\/wp-content\/uploads\/2024\/09\/img_20240919_132849_2514112758516693739745-300x169.jpg 300w, https:\/\/www.mpppst.gob.ve\/mpppstweb\/wp-content\/uploads\/2024\/09\/img_20240919_132849_2514112758516693739745-768x433.jpg 768w, https:\/\/www.mpppst.gob.ve\/mpppstweb\/wp-content\/uploads\/2024\/09\/img_20240919_132849_2514112758516693739745.jpg 1280w\" sizes=\"(max-width: 1024px) 100vw, 1024px\" \/><figcaption class=\"wp-element-caption\"><em>Foto: Yorgelis S\u00e1nchez.<\/em><\/figcaption><\/figure>\n\n\n\n<p><br><br>Las mesas de trabajo generaron propuestas clave, las cuales fueron recibidas con atenci\u00f3n por parte del ministro. Pi\u00f1ate inst\u00f3 a los presentes a unir esfuerzos desde cada estado y CPTT para llevar a cabo estas iniciativas. \u201cDebemos avanzar hacia un evento m\u00e1s grande, con mayor participaci\u00f3n de voceros de los CPT los d\u00edas 27 y 28 de septiembre, que adem\u00e1s, va a sumar sus conclusiones como aportes al Congreso del Bloque Hist\u00f3rico Socialista Bolivariano\u00bb, agreg\u00f3.<br><br>Uno de los temas centrales abordados fue el reglamento de los CPTT. Pi\u00f1ate subray\u00f3 la necesidad de que la alta gerencia est\u00e9 convencida de la importancia de este proceso y que todos los actores involucrados comprendan su rol dentro del mismo. \u00abNo podemos olvidar los CPTT; debemos fortalecer el trabajo conjunto, donde cada uno tiene su responsabilidad\u00bb, enfatiz\u00f3.<\/p>\n\n\n\n<figure class=\"wp-block-image size-large\"><img decoding=\"async\" loading=\"lazy\" width=\"1024\" height=\"577\" src=\"https:\/\/www.mpppst.gob.ve\/mpppstweb\/wp-content\/uploads\/2024\/09\/img_20240919_200623_4336699124178001108677-1024x577.jpg\" alt=\"\" class=\"wp-image-26739\" srcset=\"https:\/\/www.mpppst.gob.ve\/mpppstweb\/wp-content\/uploads\/2024\/09\/img_20240919_200623_4336699124178001108677-1024x577.jpg 1024w, https:\/\/www.mpppst.gob.ve\/mpppstweb\/wp-content\/uploads\/2024\/09\/img_20240919_200623_4336699124178001108677-300x169.jpg 300w, https:\/\/www.mpppst.gob.ve\/mpppstweb\/wp-content\/uploads\/2024\/09\/img_20240919_200623_4336699124178001108677-768x433.jpg 768w, https:\/\/www.mpppst.gob.ve\/mpppstweb\/wp-content\/uploads\/2024\/09\/img_20240919_200623_4336699124178001108677.jpg 1280w\" sizes=\"(max-width: 1024px) 100vw, 1024px\" \/><figcaption class=\"wp-element-caption\"><em>Foto: Greyler Alvarado.<\/em><\/figcaption><\/figure>\n\n\n\n<p><br><br>Adem\u00e1s, \u00abeste debate es crucial y estamos generando buenas propuestas que van m\u00e1s all\u00e1 del sindicalismo\u00bb, dijo Pi\u00f1ate, quien tambi\u00e9n destac\u00f3 la necesidad de un modelo de gesti\u00f3n efectivo para que los CPTT puedan desempe\u00f1ar su funci\u00f3n adecuadamente.<br><br>Finalmente, Eduardo Pi\u00f1ate reafirm\u00f3 el compromiso del Gobierno en rearmar pol\u00edtica e ideol\u00f3gicamente el movimiento obrero venezolano . \u00abContamos con fortalezas como el Inces, que tiene un legado de m\u00e1s de 50 a\u00f1os. Es momento de armonizar estos esfuerzos con lo que estamos construyendo\u00bb, concluy\u00f3.<br><br>Este encuentro representa un paso significativo hacia la consolidaci\u00f3n del poder obrero en Venezuela y la construcci\u00f3n de un futuro productivo y sostenible para toda la clase obrera, campesina, comunal, ind\u00edgena, pesquera, etc.(Fin\/Isabela Guzm\u00e1n).<\/p>\n","protected":false},"excerpt":{"rendered":"<p>(Caracas, 19-08-24. Prensa MPPPST).\u2013 En el marco del segundo d\u00eda de la reuni\u00f3n nacional con voceros &hellip; <a title=\"Voceros y voceras de los CPTT dan sus propuestas al Ministro Eduardo Pi\u00f1ate, para avanzar en el plan de expansi\u00f3n y mejoramiento de los movimientos obreros.\" class=\"hm-read-more\" href=\"https:\/\/www.mpppst.gob.ve\/mpppstweb\/index.php\/2024\/09\/19\/voceros-y-voceras-de-los-cptt-dan-sus-propuestas-al-ministro-eduardo-pinate-para-avanzar-en-el-plan-de-expansion-y-mejoramiento-de-los-movimientos-obreros\/\"><span class=\"screen-reader-text\">Voceros y voceras de los CPTT dan sus propuestas al Ministro Eduardo Pi\u00f1ate, para avanzar en el plan de expansi\u00f3n y mejoramiento de los movimientos obreros.<\/span>Read more<\/a><\/p>\n","protected":false},"author":25,"featured_media":26743,"comment_status":"closed","ping_status":"closed","sticky":false,"template":"","format":"standard","meta":{"footnotes":""},"categories":[82],"tags":[549,228,659,839,587,732,614,740,613,748,860],"yoast_head":"<!-- This site is optimized with the Yoast SEO plugin v22.5 - https:\/\/yoast.com\/wordpress\/plugins\/seo\/ -->\n<title>Voceros y voceras de los CPTT dan sus propuestas al Ministro Eduardo Pi\u00f1ate, para avanzar en el plan de expansi\u00f3n y mejoramiento de los movimientos obreros. - MPPPST<\/title>\n<meta name=\"robots\" content=\"index, follow, max-snippet:-1, max-image-preview:large, max-video-preview:-1\" \/>\n<link rel=\"canonical\" href=\"https:\/\/www.mpppst.gob.ve\/mpppstweb\/index.php\/2024\/09\/19\/voceros-y-voceras-de-los-cptt-dan-sus-propuestas-al-ministro-eduardo-pinate-para-avanzar-en-el-plan-de-expansion-y-mejoramiento-de-los-movimientos-obreros\/\" \/>\n<meta property=\"og:locale\" content=\"es_ES\" \/>\n<meta property=\"og:type\" content=\"article\" \/>\n<meta property=\"og:title\" content=\"Voceros y voceras de los CPTT dan sus propuestas al Ministro Eduardo Pi\u00f1ate, para avanzar en el plan de expansi\u00f3n y mejoramiento de los movimientos obreros. - MPPPST\" \/>\n<meta property=\"og:description\" content=\"(Caracas, 19-08-24. Prensa MPPPST).\u2013 En el marco del segundo d\u00eda de la reuni\u00f3n nacional con voceros &hellip; Voceros y voceras de los CPTT dan sus propuestas al Ministro Eduardo Pi\u00f1ate, para avanzar en el plan de expansi\u00f3n y mejoramiento de los movimientos obreros.Read more\" \/>\n<meta property=\"og:url\" content=\"https:\/\/www.mpppst.gob.ve\/mpppstweb\/index.php\/2024\/09\/19\/voceros-y-voceras-de-los-cptt-dan-sus-propuestas-al-ministro-eduardo-pinate-para-avanzar-en-el-plan-de-expansion-y-mejoramiento-de-los-movimientos-obreros\/\" \/>\n<meta property=\"og:site_name\" content=\"MPPPST\" \/>\n<meta property=\"article:published_time\" content=\"2024-09-20T00:07:45+00:00\" \/>\n<meta property=\"article:modified_time\" content=\"2024-09-20T00:11:40+00:00\" \/>\n<meta property=\"og:image\" content=\"http:\/\/www.mpppst.gob.ve\/mpppstweb\/wp-content\/uploads\/2024\/09\/IMG_20240919_132854_829.jpg\" \/>\n\t<meta property=\"og:image:width\" content=\"1280\" \/>\n\t<meta property=\"og:image:height\" content=\"721\" \/>\n\t<meta property=\"og:image:type\" content=\"image\/jpeg\" \/>\n<meta name=\"author\" content=\"MPPPST Prensa\" \/>\n<meta name=\"twitter:card\" content=\"summary_large_image\" \/>\n<meta name=\"twitter:label1\" content=\"Escrito por\" \/>\n\t<meta name=\"twitter:data1\" content=\"MPPPST Prensa\" \/>\n\t<meta name=\"twitter:label2\" content=\"Tiempo de lectura\" \/>\n\t<meta name=\"twitter:data2\" content=\"3 minutos\" \/>\n<script type=\"application\/ld+json\" class=\"yoast-schema-graph\">{\"@context\":\"https:\/\/schema.org\",\"@graph\":[{\"@type\":\"Article\",\"@id\":\"https:\/\/www.mpppst.gob.ve\/mpppstweb\/index.php\/2024\/09\/19\/voceros-y-voceras-de-los-cptt-dan-sus-propuestas-al-ministro-eduardo-pinate-para-avanzar-en-el-plan-de-expansion-y-mejoramiento-de-los-movimientos-obreros\/#article\",\"isPartOf\":{\"@id\":\"https:\/\/www.mpppst.gob.ve\/mpppstweb\/index.php\/2024\/09\/19\/voceros-y-voceras-de-los-cptt-dan-sus-propuestas-al-ministro-eduardo-pinate-para-avanzar-en-el-plan-de-expansion-y-mejoramiento-de-los-movimientos-obreros\/\"},\"author\":{\"name\":\"MPPPST Prensa\",\"@id\":\"https:\/\/www.mpppst.gob.ve\/mpppstweb\/#\/schema\/person\/fc187ee8ead412bd4c9304b62f900ea4\"},\"headline\":\"Voceros y voceras de los CPTT dan sus propuestas al Ministro Eduardo Pi\u00f1ate, para avanzar en el plan de expansi\u00f3n y mejoramiento de los movimientos obreros.\",\"datePublished\":\"2024-09-20T00:07:45+00:00\",\"dateModified\":\"2024-09-20T00:11:40+00:00\",\"mainEntityOfPage\":{\"@id\":\"https:\/\/www.mpppst.gob.ve\/mpppstweb\/index.php\/2024\/09\/19\/voceros-y-voceras-de-los-cptt-dan-sus-propuestas-al-ministro-eduardo-pinate-para-avanzar-en-el-plan-de-expansion-y-mejoramiento-de-los-movimientos-obreros\/\"},\"wordCount\":446,\"publisher\":{\"@id\":\"https:\/\/www.mpppst.gob.ve\/mpppstweb\/#organization\"},\"image\":{\"@id\":\"https:\/\/www.mpppst.gob.ve\/mpppstweb\/index.php\/2024\/09\/19\/voceros-y-voceras-de-los-cptt-dan-sus-propuestas-al-ministro-eduardo-pinate-para-avanzar-en-el-plan-de-expansion-y-mejoramiento-de-los-movimientos-obreros\/#primaryimage\"},\"thumbnailUrl\":\"https:\/\/www.mpppst.gob.ve\/mpppstweb\/wp-content\/uploads\/2024\/09\/IMG_20240919_132854_829.jpg\",\"keywords\":[\"CPTT\",\"Fuerza Sindical\",\"Ley Constitucional de los CPTT\",\"Ministro Eduardo Pi\u00f1ate\",\"Reuni\u00f3n de alto nivel\",\"Viceministerio para Derechos y Relaciones Laborales\",\"viceministra Johanna Sant\u00e9liz\",\"Viceministra Rosalia Zingales\",\"viceministro Edgar Blanco\",\"Viceministro Rafael R\u00edos\",\"voceros de los CPTT\"],\"articleSection\":[\"Gobierno Nacional\"],\"inLanguage\":\"es\"},{\"@type\":\"WebPage\",\"@id\":\"https:\/\/www.mpppst.gob.ve\/mpppstweb\/index.php\/2024\/09\/19\/voceros-y-voceras-de-los-cptt-dan-sus-propuestas-al-ministro-eduardo-pinate-para-avanzar-en-el-plan-de-expansion-y-mejoramiento-de-los-movimientos-obreros\/\",\"url\":\"https:\/\/www.mpppst.gob.ve\/mpppstweb\/index.php\/2024\/09\/19\/voceros-y-voceras-de-los-cptt-dan-sus-propuestas-al-ministro-eduardo-pinate-para-avanzar-en-el-plan-de-expansion-y-mejoramiento-de-los-movimientos-obreros\/\",\"name\":\"Voceros y voceras de los CPTT dan sus propuestas al Ministro Eduardo Pi\u00f1ate, para avanzar en el plan de expansi\u00f3n y mejoramiento de los movimientos obreros. - MPPPST\",\"isPartOf\":{\"@id\":\"https:\/\/www.mpppst.gob.ve\/mpppstweb\/#website\"},\"primaryImageOfPage\":{\"@id\":\"https:\/\/www.mpppst.gob.ve\/mpppstweb\/index.php\/2024\/09\/19\/voceros-y-voceras-de-los-cptt-dan-sus-propuestas-al-ministro-eduardo-pinate-para-avanzar-en-el-plan-de-expansion-y-mejoramiento-de-los-movimientos-obreros\/#primaryimage\"},\"image\":{\"@id\":\"https:\/\/www.mpppst.gob.ve\/mpppstweb\/index.php\/2024\/09\/19\/voceros-y-voceras-de-los-cptt-dan-sus-propuestas-al-ministro-eduardo-pinate-para-avanzar-en-el-plan-de-expansion-y-mejoramiento-de-los-movimientos-obreros\/#primaryimage\"},\"thumbnailUrl\":\"https:\/\/www.mpppst.gob.ve\/mpppstweb\/wp-content\/uploads\/2024\/09\/IMG_20240919_132854_829.jpg\",\"datePublished\":\"2024-09-20T00:07:45+00:00\",\"dateModified\":\"2024-09-20T00:11:40+00:00\",\"breadcrumb\":{\"@id\":\"https:\/\/www.mpppst.gob.ve\/mpppstweb\/index.php\/2024\/09\/19\/voceros-y-voceras-de-los-cptt-dan-sus-propuestas-al-ministro-eduardo-pinate-para-avanzar-en-el-plan-de-expansion-y-mejoramiento-de-los-movimientos-obreros\/#breadcrumb\"},\"inLanguage\":\"es\",\"potentialAction\":[{\"@type\":\"ReadAction\",\"target\":[\"https:\/\/www.mpppst.gob.ve\/mpppstweb\/index.php\/2024\/09\/19\/voceros-y-voceras-de-los-cptt-dan-sus-propuestas-al-ministro-eduardo-pinate-para-avanzar-en-el-plan-de-expansion-y-mejoramiento-de-los-movimientos-obreros\/\"]}]},{\"@type\":\"ImageObject\",\"inLanguage\":\"es\",\"@id\":\"https:\/\/www.mpppst.gob.ve\/mpppstweb\/index.php\/2024\/09\/19\/voceros-y-voceras-de-los-cptt-dan-sus-propuestas-al-ministro-eduardo-pinate-para-avanzar-en-el-plan-de-expansion-y-mejoramiento-de-los-movimientos-obreros\/#primaryimage\",\"url\":\"https:\/\/www.mpppst.gob.ve\/mpppstweb\/wp-content\/uploads\/2024\/09\/IMG_20240919_132854_829.jpg\",\"contentUrl\":\"https:\/\/www.mpppst.gob.ve\/mpppstweb\/wp-content\/uploads\/2024\/09\/IMG_20240919_132854_829.jpg\",\"width\":1280,\"height\":721},{\"@type\":\"BreadcrumbList\",\"@id\":\"https:\/\/www.mpppst.gob.ve\/mpppstweb\/index.php\/2024\/09\/19\/voceros-y-voceras-de-los-cptt-dan-sus-propuestas-al-ministro-eduardo-pinate-para-avanzar-en-el-plan-de-expansion-y-mejoramiento-de-los-movimientos-obreros\/#breadcrumb\",\"itemListElement\":[{\"@type\":\"ListItem\",\"position\":1,\"name\":\"Home\",\"item\":\"https:\/\/www.mpppst.gob.ve\/mpppstweb\/\"},{\"@type\":\"ListItem\",\"position\":2,\"name\":\"Voceros y voceras de los CPTT dan sus propuestas al Ministro Eduardo Pi\u00f1ate, para avanzar en el plan de expansi\u00f3n y mejoramiento de los movimientos obreros.\"}]},{\"@type\":\"WebSite\",\"@id\":\"https:\/\/www.mpppst.gob.ve\/mpppstweb\/#website\",\"url\":\"https:\/\/www.mpppst.gob.ve\/mpppstweb\/\",\"name\":\"MPPPST\",\"description\":\"Ministerio del Poder Popular para el Proceso Social de Trabajo\",\"publisher\":{\"@id\":\"https:\/\/www.mpppst.gob.ve\/mpppstweb\/#organization\"},\"potentialAction\":[{\"@type\":\"SearchAction\",\"target\":{\"@type\":\"EntryPoint\",\"urlTemplate\":\"https:\/\/www.mpppst.gob.ve\/mpppstweb\/?s={search_term_string}\"},\"query-input\":\"required name=search_term_string\"}],\"inLanguage\":\"es\"},{\"@type\":\"Organization\",\"@id\":\"https:\/\/www.mpppst.gob.ve\/mpppstweb\/#organization\",\"name\":\"mpppst\",\"url\":\"https:\/\/www.mpppst.gob.ve\/mpppstweb\/\",\"logo\":{\"@type\":\"ImageObject\",\"inLanguage\":\"es\",\"@id\":\"https:\/\/www.mpppst.gob.ve\/mpppstweb\/#\/schema\/logo\/image\/\",\"url\":\"https:\/\/www.mpppst.gob.ve\/mpppstweb\/wp-content\/uploads\/2025\/07\/cropped-cropped-g910.png\",\"contentUrl\":\"https:\/\/www.mpppst.gob.ve\/mpppstweb\/wp-content\/uploads\/2025\/07\/cropped-cropped-g910.png\",\"width\":1080,\"height\":241,\"caption\":\"mpppst\"},\"image\":{\"@id\":\"https:\/\/www.mpppst.gob.ve\/mpppstweb\/#\/schema\/logo\/image\/\"}},{\"@type\":\"Person\",\"@id\":\"https:\/\/www.mpppst.gob.ve\/mpppstweb\/#\/schema\/person\/fc187ee8ead412bd4c9304b62f900ea4\",\"name\":\"MPPPST Prensa\",\"url\":\"https:\/\/www.mpppst.gob.ve\/mpppstweb\/index.php\/author\/prensa-mpppst\/\"}]}<\/script>\n<!-- \/ Yoast SEO plugin. -->","yoast_head_json":{"title":"Voceros y voceras de los CPTT dan sus propuestas al Ministro Eduardo Pi\u00f1ate, para avanzar en el plan de expansi\u00f3n y mejoramiento de los movimientos obreros. - MPPPST","robots":{"index":"index","follow":"follow","max-snippet":"max-snippet:-1","max-image-preview":"max-image-preview:large","max-video-preview":"max-video-preview:-1"},"canonical":"https:\/\/www.mpppst.gob.ve\/mpppstweb\/index.php\/2024\/09\/19\/voceros-y-voceras-de-los-cptt-dan-sus-propuestas-al-ministro-eduardo-pinate-para-avanzar-en-el-plan-de-expansion-y-mejoramiento-de-los-movimientos-obreros\/","og_locale":"es_ES","og_type":"article","og_title":"Voceros y voceras de los CPTT dan sus propuestas al Ministro Eduardo Pi\u00f1ate, para avanzar en el plan de expansi\u00f3n y mejoramiento de los movimientos obreros. - MPPPST","og_description":"(Caracas, 19-08-24. Prensa MPPPST).\u2013 En el marco del segundo d\u00eda de la reuni\u00f3n nacional con voceros &hellip; Voceros y voceras de los CPTT dan sus propuestas al Ministro Eduardo Pi\u00f1ate, para avanzar en el plan de expansi\u00f3n y mejoramiento de los movimientos obreros.Read more","og_url":"https:\/\/www.mpppst.gob.ve\/mpppstweb\/index.php\/2024\/09\/19\/voceros-y-voceras-de-los-cptt-dan-sus-propuestas-al-ministro-eduardo-pinate-para-avanzar-en-el-plan-de-expansion-y-mejoramiento-de-los-movimientos-obreros\/","og_site_name":"MPPPST","article_published_time":"2024-09-20T00:07:45+00:00","article_modified_time":"2024-09-20T00:11:40+00:00","og_image":[{"width":1280,"height":721,"url":"http:\/\/www.mpppst.gob.ve\/mpppstweb\/wp-content\/uploads\/2024\/09\/IMG_20240919_132854_829.jpg","type":"image\/jpeg"}],"author":"MPPPST Prensa","twitter_card":"summary_large_image","twitter_misc":{"Escrito por":"MPPPST Prensa","Tiempo de lectura":"3 minutos"},"schema":{"@context":"https:\/\/schema.org","@graph":[{"@type":"Article","@id":"https:\/\/www.mpppst.gob.ve\/mpppstweb\/index.php\/2024\/09\/19\/voceros-y-voceras-de-los-cptt-dan-sus-propuestas-al-ministro-eduardo-pinate-para-avanzar-en-el-plan-de-expansion-y-mejoramiento-de-los-movimientos-obreros\/#article","isPartOf":{"@id":"https:\/\/www.mpppst.gob.ve\/mpppstweb\/index.php\/2024\/09\/19\/voceros-y-voceras-de-los-cptt-dan-sus-propuestas-al-ministro-eduardo-pinate-para-avanzar-en-el-plan-de-expansion-y-mejoramiento-de-los-movimientos-obreros\/"},"author":{"name":"MPPPST Prensa","@id":"https:\/\/www.mpppst.gob.ve\/mpppstweb\/#\/schema\/person\/fc187ee8ead412bd4c9304b62f900ea4"},"headline":"Voceros y voceras de los CPTT dan sus propuestas al Ministro Eduardo Pi\u00f1ate, para avanzar en el plan de expansi\u00f3n y mejoramiento de los movimientos obreros.","datePublished":"2024-09-20T00:07:45+00:00","dateModified":"2024-09-20T00:11:40+00:00","mainEntityOfPage":{"@id":"https:\/\/www.mpppst.gob.ve\/mpppstweb\/index.php\/2024\/09\/19\/voceros-y-voceras-de-los-cptt-dan-sus-propuestas-al-ministro-eduardo-pinate-para-avanzar-en-el-plan-de-expansion-y-mejoramiento-de-los-movimientos-obreros\/"},"wordCount":446,"publisher":{"@id":"https:\/\/www.mpppst.gob.ve\/mpppstweb\/#organization"},"image":{"@id":"https:\/\/www.mpppst.gob.ve\/mpppstweb\/index.php\/2024\/09\/19\/voceros-y-voceras-de-los-cptt-dan-sus-propuestas-al-ministro-eduardo-pinate-para-avanzar-en-el-plan-de-expansion-y-mejoramiento-de-los-movimientos-obreros\/#primaryimage"},"thumbnailUrl":"https:\/\/www.mpppst.gob.ve\/mpppstweb\/wp-content\/uploads\/2024\/09\/IMG_20240919_132854_829.jpg","keywords":["CPTT","Fuerza Sindical","Ley Constitucional de los CPTT","Ministro Eduardo Pi\u00f1ate","Reuni\u00f3n de alto nivel","Viceministerio para Derechos y Relaciones Laborales","viceministra Johanna Sant\u00e9liz","Viceministra Rosalia Zingales","viceministro Edgar Blanco","Viceministro Rafael R\u00edos","voceros de los CPTT"],"articleSection":["Gobierno Nacional"],"inLanguage":"es"},{"@type":"WebPage","@id":"https:\/\/www.mpppst.gob.ve\/mpppstweb\/index.php\/2024\/09\/19\/voceros-y-voceras-de-los-cptt-dan-sus-propuestas-al-ministro-eduardo-pinate-para-avanzar-en-el-plan-de-expansion-y-mejoramiento-de-los-movimientos-obreros\/","url":"https:\/\/www.mpppst.gob.ve\/mpppstweb\/index.php\/2024\/09\/19\/voceros-y-voceras-de-los-cptt-dan-sus-propuestas-al-ministro-eduardo-pinate-para-avanzar-en-el-plan-de-expansion-y-mejoramiento-de-los-movimientos-obreros\/","name":"Voceros y voceras de los CPTT dan sus propuestas al Ministro Eduardo Pi\u00f1ate, para avanzar en el plan de expansi\u00f3n y mejoramiento de los movimientos obreros. - MPPPST","isPartOf":{"@id":"https:\/\/www.mpppst.gob.ve\/mpppstweb\/#website"},"primaryImageOfPage":{"@id":"https:\/\/www.mpppst.gob.ve\/mpppstweb\/index.php\/2024\/09\/19\/voceros-y-voceras-de-los-cptt-dan-sus-propuestas-al-ministro-eduardo-pinate-para-avanzar-en-el-plan-de-expansion-y-mejoramiento-de-los-movimientos-obreros\/#primaryimage"},"image":{"@id":"https:\/\/www.mpppst.gob.ve\/mpppstweb\/index.php\/2024\/09\/19\/voceros-y-voceras-de-los-cptt-dan-sus-propuestas-al-ministro-eduardo-pinate-para-avanzar-en-el-plan-de-expansion-y-mejoramiento-de-los-movimientos-obreros\/#primaryimage"},"thumbnailUrl":"https:\/\/www.mpppst.gob.ve\/mpppstweb\/wp-content\/uploads\/2024\/09\/IMG_20240919_132854_829.jpg","datePublished":"2024-09-20T00:07:45+00:00","dateModified":"2024-09-20T00:11:40+00:00","breadcrumb":{"@id":"https:\/\/www.mpppst.gob.ve\/mpppstweb\/index.php\/2024\/09\/19\/voceros-y-voceras-de-los-cptt-dan-sus-propuestas-al-ministro-eduardo-pinate-para-avanzar-en-el-plan-de-expansion-y-mejoramiento-de-los-movimientos-obreros\/#breadcrumb"},"inLanguage":"es","potentialAction":[{"@type":"ReadAction","target":["https:\/\/www.mpppst.gob.ve\/mpppstweb\/index.php\/2024\/09\/19\/voceros-y-voceras-de-los-cptt-dan-sus-propuestas-al-ministro-eduardo-pinate-para-avanzar-en-el-plan-de-expansion-y-mejoramiento-de-los-movimientos-obreros\/"]}]},{"@type":"ImageObject","inLanguage":"es","@id":"https:\/\/www.mpppst.gob.ve\/mpppstweb\/index.php\/2024\/09\/19\/voceros-y-voceras-de-los-cptt-dan-sus-propuestas-al-ministro-eduardo-pinate-para-avanzar-en-el-plan-de-expansion-y-mejoramiento-de-los-movimientos-obreros\/#primaryimage","url":"https:\/\/www.mpppst.gob.ve\/mpppstweb\/wp-content\/uploads\/2024\/09\/IMG_20240919_132854_829.jpg","contentUrl":"https:\/\/www.mpppst.gob.ve\/mpppstweb\/wp-content\/uploads\/2024\/09\/IMG_20240919_132854_829.jpg","width":1280,"height":721},{"@type":"BreadcrumbList","@id":"https:\/\/www.mpppst.gob.ve\/mpppstweb\/index.php\/2024\/09\/19\/voceros-y-voceras-de-los-cptt-dan-sus-propuestas-al-ministro-eduardo-pinate-para-avanzar-en-el-plan-de-expansion-y-mejoramiento-de-los-movimientos-obreros\/#breadcrumb","itemListElement":[{"@type":"ListItem","position":1,"name":"Home","item":"https:\/\/www.mpppst.gob.ve\/mpppstweb\/"},{"@type":"ListItem","position":2,"name":"Voceros y voceras de los CPTT dan sus propuestas al Ministro Eduardo Pi\u00f1ate, para avanzar en el plan de expansi\u00f3n y mejoramiento de los movimientos obreros."}]},{"@type":"WebSite","@id":"https:\/\/www.mpppst.gob.ve\/mpppstweb\/#website","url":"https:\/\/www.mpppst.gob.ve\/mpppstweb\/","name":"MPPPST","description":"Ministerio del Poder Popular para el Proceso Social de Trabajo","publisher":{"@id":"https:\/\/www.mpppst.gob.ve\/mpppstweb\/#organization"},"potentialAction":[{"@type":"SearchAction","target":{"@type":"EntryPoint","urlTemplate":"https:\/\/www.mpppst.gob.ve\/mpppstweb\/?s={search_term_string}"},"query-input":"required name=search_term_string"}],"inLanguage":"es"},{"@type":"Organization","@id":"https:\/\/www.mpppst.gob.ve\/mpppstweb\/#organization","name":"mpppst","url":"https:\/\/www.mpppst.gob.ve\/mpppstweb\/","logo":{"@type":"ImageObject","inLanguage":"es","@id":"https:\/\/www.mpppst.gob.ve\/mpppstweb\/#\/schema\/logo\/image\/","url":"https:\/\/www.mpppst.gob.ve\/mpppstweb\/wp-content\/uploads\/2025\/07\/cropped-cropped-g910.png","contentUrl":"https:\/\/www.mpppst.gob.ve\/mpppstweb\/wp-content\/uploads\/2025\/07\/cropped-cropped-g910.png","width":1080,"height":241,"caption":"mpppst"},"image":{"@id":"https:\/\/www.mpppst.gob.ve\/mpppstweb\/#\/schema\/logo\/image\/"}},{"@type":"Person","@id":"https:\/\/www.mpppst.gob.ve\/mpppstweb\/#\/schema\/person\/fc187ee8ead412bd4c9304b62f900ea4","name":"MPPPST Prensa","url":"https:\/\/www.mpppst.gob.ve\/mpppstweb\/index.php\/author\/prensa-mpppst\/"}]}},"_links":{"self":[{"href":"https:\/\/www.mpppst.gob.ve\/mpppstweb\/index.php\/wp-json\/wp\/v2\/posts\/26740"}],"collection":[{"href":"https:\/\/www.mpppst.gob.ve\/mpppstweb\/index.php\/wp-json\/wp\/v2\/posts"}],"about":[{"href":"https:\/\/www.mpppst.gob.ve\/mpppstweb\/index.php\/wp-json\/wp\/v2\/types\/post"}],"author":[{"embeddable":true,"href":"https:\/\/www.mpppst.gob.ve\/mpppstweb\/index.php\/wp-json\/wp\/v2\/users\/25"}],"replies":[{"embeddable":true,"href":"https:\/\/www.mpppst.gob.ve\/mpppstweb\/index.php\/wp-json\/wp\/v2\/comments?post=26740"}],"version-history":[{"count":1,"href":"https:\/\/www.mpppst.gob.ve\/mpppstweb\/index.php\/wp-json\/wp\/v2\/posts\/26740\/revisions"}],"predecessor-version":[{"id":26741,"href":"https:\/\/www.mpppst.gob.ve\/mpppstweb\/index.php\/wp-json\/wp\/v2\/posts\/26740\/revisions\/26741"}],"wp:featuredmedia":[{"embeddable":true,"href":"https:\/\/www.mpppst.gob.ve\/mpppstweb\/index.php\/wp-json\/wp\/v2\/media\/26743"}],"wp:attachment":[{"href":"https:\/\/www.mpppst.gob.ve\/mpppstweb\/index.php\/wp-json\/wp\/v2\/media?parent=26740"}],"wp:term":[{"taxonomy":"category","embeddable":true,"href":"https:\/\/www.mpppst.gob.ve\/mpppstweb\/index.php\/wp-json\/wp\/v2\/categories?post=26740"},{"taxonomy":"post_tag","embeddable":true,"href":"https:\/\/www.mpppst.gob.ve\/mpppstweb\/index.php\/wp-json\/wp\/v2\/tags?post=26740"}],"curies":[{"name":"wp","href":"https:\/\/api.w.org\/{rel}","templated":true}]}}