{"id":26746,"date":"2024-09-20T21:05:28","date_gmt":"2024-09-21T01:05:28","guid":{"rendered":"https:\/\/www.mpppst.gob.ve\/mpppstweb\/?p=26746"},"modified":"2024-09-20T21:07:51","modified_gmt":"2024-09-21T01:07:51","slug":"ministro-eduardo-pinate-fortalece-los-movimientos-de-trabajadores-con-boleta-de-sindicato-y-anuncia-la-conformacion-de-un-cptt-en-motos-toro-c-a","status":"publish","type":"post","link":"https:\/\/www.mpppst.gob.ve\/mpppstweb\/index.php\/2024\/09\/20\/ministro-eduardo-pinate-fortalece-los-movimientos-de-trabajadores-con-boleta-de-sindicato-y-anuncia-la-conformacion-de-un-cptt-en-motos-toro-c-a\/","title":{"rendered":"Ministro Eduardo Pi\u00f1ate fortalece los movimientos de trabajadores con boleta de sindicato y anuncia la conformaci\u00f3n de un CPTT en Motos Toro C.A."},"content":{"rendered":"\n<p>(Caracas, 20-09-24. Prensa MPPPST).\u2013 En un ambiente de esperanza, el ministro para el Proceso Social de Trabajo, Eduardo Pi\u00f1ate, visit\u00f3 la empresa Motos Toro C.A. en Guacara, Carabobo. Durante su recorrido, fue recibido por el presidente y el gerente de la compa\u00f1\u00eda, junto al alcalde Johan Casta\u00f1eda, quienes destacaron la importancia del trabajo en equipo en el crecimiento de la industria.<br><br>Motos Toro C.A., que actualmente cuenta con 300 trabajadores, se enorgullece de tener un 40% de su plantilla compuesta por mujeres, lo que refleja un compromiso con la inclusi\u00f3n y la equidad en el \u00e1mbito laboral. La empresa ha logrado un notable crecimiento en su producci\u00f3n en tan solo un a\u00f1o y espera contar con m\u00e1s de 100 concesionarios para finales de diciembre.<br><\/p>\n\n\n\n<figure class=\"wp-block-image size-large\"><img decoding=\"async\" loading=\"lazy\" width=\"1024\" height=\"768\" src=\"https:\/\/www.mpppst.gob.ve\/mpppstweb\/wp-content\/uploads\/2024\/09\/img_20240920_210331_1406948543562205314390-1024x768.jpg\" alt=\"\" class=\"wp-image-26744\" srcset=\"https:\/\/www.mpppst.gob.ve\/mpppstweb\/wp-content\/uploads\/2024\/09\/img_20240920_210331_1406948543562205314390-1024x768.jpg 1024w, https:\/\/www.mpppst.gob.ve\/mpppstweb\/wp-content\/uploads\/2024\/09\/img_20240920_210331_1406948543562205314390-300x225.jpg 300w, https:\/\/www.mpppst.gob.ve\/mpppstweb\/wp-content\/uploads\/2024\/09\/img_20240920_210331_1406948543562205314390-768x576.jpg 768w, https:\/\/www.mpppst.gob.ve\/mpppstweb\/wp-content\/uploads\/2024\/09\/img_20240920_210331_1406948543562205314390.jpg 1280w\" sizes=\"(max-width: 1024px) 100vw, 1024px\" \/><\/figure>\n\n\n\n<p><br>Durante su visita, el ministro Pi\u00f1ate enfatiz\u00f3 la importancia de la sinergia entre el Estado venezolano, el Gobierno Bolivariano y el sector privado. \u201cEsta es la sinergia, el trabajo com\u00fan, para ganar ganar. Juntos, estamos empujando la econom\u00eda a trav\u00e9s de la producci\u00f3n y el esfuerzo de nuestro pueblo\u201d, afirm\u00f3, destacando el papel fundamental de la clase obrera y los empresarios que han decidido quedarse y luchar por un futuro mejor.<br><br>El recorrido culmin\u00f3 con un momento significativo: la entrega de la boleta de organizaci\u00f3n sindical al sindicato de Motos Toro, lo que les otorga la facultad para ejercer sus labores sindicales. Adem\u00e1s, el ministro anunci\u00f3 el inicio de la conformaci\u00f3n del Consejo Productivo de Trabajadores y Trabajadoras para la empresa, una medida que busca fortalecer a\u00fan m\u00e1s la voz y participaci\u00f3n de los trabajadores en la toma de decisiones.<br><\/p>\n\n\n\n<figure class=\"wp-block-image size-large\"><img decoding=\"async\" loading=\"lazy\" width=\"1024\" height=\"768\" src=\"https:\/\/www.mpppst.gob.ve\/mpppstweb\/wp-content\/uploads\/2024\/09\/img_20240920_210250_9403862784594918541843-1024x768.jpg\" alt=\"\" class=\"wp-image-26745\" srcset=\"https:\/\/www.mpppst.gob.ve\/mpppstweb\/wp-content\/uploads\/2024\/09\/img_20240920_210250_9403862784594918541843-1024x768.jpg 1024w, https:\/\/www.mpppst.gob.ve\/mpppstweb\/wp-content\/uploads\/2024\/09\/img_20240920_210250_9403862784594918541843-300x225.jpg 300w, https:\/\/www.mpppst.gob.ve\/mpppstweb\/wp-content\/uploads\/2024\/09\/img_20240920_210250_9403862784594918541843-768x576.jpg 768w, https:\/\/www.mpppst.gob.ve\/mpppstweb\/wp-content\/uploads\/2024\/09\/img_20240920_210250_9403862784594918541843.jpg 1280w\" sizes=\"(max-width: 1024px) 100vw, 1024px\" \/><\/figure>\n\n\n\n<p><br>\u201cComo nos dijo el Presidente, debemos fortalecer el movimiento obrero y los consejos productivos para seguir construyendo nuestro modelo productivo diversificado socialista bolivariano\u201d, asegur\u00f3 Pi\u00f1ate.<br><br>Posteriormente, el ministro se acerc\u00f3 a los trabajadores de ALUCASA y otras empresas como Albeca, Heinz, PDVSA y Pequiven, donde escuch\u00f3 atentamente sus peticiones laborales. Comprometi\u00e9ndose a dar respuesta a sus solicitudes, Pi\u00f1ate reafirm\u00f3 su compromiso con la clase trabajadora y su bienestar.<br><br>Esta visita no solo resalta el compromiso del gobierno con el desarrollo productivo del pa\u00eds, sino tambi\u00e9n su voluntad de escuchar y atender las necesidades de quienes d\u00eda a d\u00eda contribuyen al crecimiento de Venezuela.(Fin\/Isabela Guzm\u00e1n).<\/p>\n","protected":false},"excerpt":{"rendered":"<p>(Caracas, 20-09-24. Prensa MPPPST).\u2013 En un ambiente de esperanza, el ministro para el Proceso Social de &hellip; <a title=\"Ministro Eduardo Pi\u00f1ate fortalece los movimientos de trabajadores con boleta de sindicato y anuncia la conformaci\u00f3n de un CPTT en Motos Toro C.A.\" class=\"hm-read-more\" href=\"https:\/\/www.mpppst.gob.ve\/mpppstweb\/index.php\/2024\/09\/20\/ministro-eduardo-pinate-fortalece-los-movimientos-de-trabajadores-con-boleta-de-sindicato-y-anuncia-la-conformacion-de-un-cptt-en-motos-toro-c-a\/\"><span class=\"screen-reader-text\">Ministro Eduardo Pi\u00f1ate fortalece los movimientos de trabajadores con boleta de sindicato y anuncia la conformaci\u00f3n de un CPTT en Motos Toro C.A.<\/span>Read more<\/a><\/p>\n","protected":false},"author":25,"featured_media":26748,"comment_status":"closed","ping_status":"closed","sticky":false,"template":"","format":"standard","meta":{"footnotes":""},"categories":[82],"tags":[637,822,549,228,839,861,732,614],"yoast_head":"<!-- This site is optimized with the Yoast SEO plugin v22.5 - https:\/\/yoast.com\/wordpress\/plugins\/seo\/ -->\n<title>Ministro Eduardo Pi\u00f1ate fortalece los movimientos de trabajadores con boleta de sindicato y anuncia la conformaci\u00f3n de un CPTT en Motos Toro C.A. - MPPPST<\/title>\n<meta name=\"robots\" content=\"index, follow, max-snippet:-1, max-image-preview:large, max-video-preview:-1\" \/>\n<link rel=\"canonical\" href=\"https:\/\/www.mpppst.gob.ve\/mpppstweb\/index.php\/2024\/09\/20\/ministro-eduardo-pinate-fortalece-los-movimientos-de-trabajadores-con-boleta-de-sindicato-y-anuncia-la-conformacion-de-un-cptt-en-motos-toro-c-a\/\" \/>\n<meta property=\"og:locale\" content=\"es_ES\" \/>\n<meta property=\"og:type\" content=\"article\" \/>\n<meta property=\"og:title\" content=\"Ministro Eduardo Pi\u00f1ate fortalece los movimientos de trabajadores con boleta de sindicato y anuncia la conformaci\u00f3n de un CPTT en Motos Toro C.A. - MPPPST\" \/>\n<meta property=\"og:description\" content=\"(Caracas, 20-09-24. Prensa MPPPST).\u2013 En un ambiente de esperanza, el ministro para el Proceso Social de &hellip; Ministro Eduardo Pi\u00f1ate fortalece los movimientos de trabajadores con boleta de sindicato y anuncia la conformaci\u00f3n de un CPTT en Motos Toro C.A.Read more\" \/>\n<meta property=\"og:url\" content=\"https:\/\/www.mpppst.gob.ve\/mpppstweb\/index.php\/2024\/09\/20\/ministro-eduardo-pinate-fortalece-los-movimientos-de-trabajadores-con-boleta-de-sindicato-y-anuncia-la-conformacion-de-un-cptt-en-motos-toro-c-a\/\" \/>\n<meta property=\"og:site_name\" content=\"MPPPST\" \/>\n<meta property=\"article:published_time\" content=\"2024-09-21T01:05:28+00:00\" \/>\n<meta property=\"article:modified_time\" content=\"2024-09-21T01:07:51+00:00\" \/>\n<meta property=\"og:image\" content=\"http:\/\/www.mpppst.gob.ve\/mpppstweb\/wp-content\/uploads\/2024\/09\/IMG_20240920_210315_263.jpg\" \/>\n\t<meta property=\"og:image:width\" content=\"1280\" \/>\n\t<meta property=\"og:image:height\" content=\"960\" \/>\n\t<meta property=\"og:image:type\" content=\"image\/jpeg\" \/>\n<meta name=\"author\" content=\"MPPPST Prensa\" \/>\n<meta name=\"twitter:card\" content=\"summary_large_image\" \/>\n<meta name=\"twitter:label1\" content=\"Escrito por\" \/>\n\t<meta name=\"twitter:data1\" content=\"MPPPST Prensa\" \/>\n\t<meta name=\"twitter:label2\" content=\"Tiempo de lectura\" \/>\n\t<meta name=\"twitter:data2\" content=\"3 minutos\" \/>\n<script type=\"application\/ld+json\" class=\"yoast-schema-graph\">{\"@context\":\"https:\/\/schema.org\",\"@graph\":[{\"@type\":\"Article\",\"@id\":\"https:\/\/www.mpppst.gob.ve\/mpppstweb\/index.php\/2024\/09\/20\/ministro-eduardo-pinate-fortalece-los-movimientos-de-trabajadores-con-boleta-de-sindicato-y-anuncia-la-conformacion-de-un-cptt-en-motos-toro-c-a\/#article\",\"isPartOf\":{\"@id\":\"https:\/\/www.mpppst.gob.ve\/mpppstweb\/index.php\/2024\/09\/20\/ministro-eduardo-pinate-fortalece-los-movimientos-de-trabajadores-con-boleta-de-sindicato-y-anuncia-la-conformacion-de-un-cptt-en-motos-toro-c-a\/\"},\"author\":{\"name\":\"MPPPST Prensa\",\"@id\":\"https:\/\/www.mpppst.gob.ve\/mpppstweb\/#\/schema\/person\/fc187ee8ead412bd4c9304b62f900ea4\"},\"headline\":\"Ministro Eduardo Pi\u00f1ate fortalece los movimientos de trabajadores con boleta de sindicato y anuncia la conformaci\u00f3n de un CPTT en Motos Toro C.A.\",\"datePublished\":\"2024-09-21T01:05:28+00:00\",\"dateModified\":\"2024-09-21T01:07:51+00:00\",\"mainEntityOfPage\":{\"@id\":\"https:\/\/www.mpppst.gob.ve\/mpppstweb\/index.php\/2024\/09\/20\/ministro-eduardo-pinate-fortalece-los-movimientos-de-trabajadores-con-boleta-de-sindicato-y-anuncia-la-conformacion-de-un-cptt-en-motos-toro-c-a\/\"},\"wordCount\":422,\"publisher\":{\"@id\":\"https:\/\/www.mpppst.gob.ve\/mpppstweb\/#organization\"},\"image\":{\"@id\":\"https:\/\/www.mpppst.gob.ve\/mpppstweb\/index.php\/2024\/09\/20\/ministro-eduardo-pinate-fortalece-los-movimientos-de-trabajadores-con-boleta-de-sindicato-y-anuncia-la-conformacion-de-un-cptt-en-motos-toro-c-a\/#primaryimage\"},\"thumbnailUrl\":\"https:\/\/www.mpppst.gob.ve\/mpppstweb\/wp-content\/uploads\/2024\/09\/IMG_20240920_210315_263.jpg\",\"keywords\":[\"Carabobo\",\"Clase Trabajadora\",\"CPTT\",\"Fuerza Sindical\",\"Ministro Eduardo Pi\u00f1ate\",\"movimiento obrero\",\"Viceministerio para Derechos y Relaciones Laborales\",\"viceministra Johanna Sant\u00e9liz\"],\"articleSection\":[\"Gobierno Nacional\"],\"inLanguage\":\"es\"},{\"@type\":\"WebPage\",\"@id\":\"https:\/\/www.mpppst.gob.ve\/mpppstweb\/index.php\/2024\/09\/20\/ministro-eduardo-pinate-fortalece-los-movimientos-de-trabajadores-con-boleta-de-sindicato-y-anuncia-la-conformacion-de-un-cptt-en-motos-toro-c-a\/\",\"url\":\"https:\/\/www.mpppst.gob.ve\/mpppstweb\/index.php\/2024\/09\/20\/ministro-eduardo-pinate-fortalece-los-movimientos-de-trabajadores-con-boleta-de-sindicato-y-anuncia-la-conformacion-de-un-cptt-en-motos-toro-c-a\/\",\"name\":\"Ministro Eduardo Pi\u00f1ate fortalece los movimientos de trabajadores con boleta de sindicato y anuncia la conformaci\u00f3n de un CPTT en Motos Toro C.A. - MPPPST\",\"isPartOf\":{\"@id\":\"https:\/\/www.mpppst.gob.ve\/mpppstweb\/#website\"},\"primaryImageOfPage\":{\"@id\":\"https:\/\/www.mpppst.gob.ve\/mpppstweb\/index.php\/2024\/09\/20\/ministro-eduardo-pinate-fortalece-los-movimientos-de-trabajadores-con-boleta-de-sindicato-y-anuncia-la-conformacion-de-un-cptt-en-motos-toro-c-a\/#primaryimage\"},\"image\":{\"@id\":\"https:\/\/www.mpppst.gob.ve\/mpppstweb\/index.php\/2024\/09\/20\/ministro-eduardo-pinate-fortalece-los-movimientos-de-trabajadores-con-boleta-de-sindicato-y-anuncia-la-conformacion-de-un-cptt-en-motos-toro-c-a\/#primaryimage\"},\"thumbnailUrl\":\"https:\/\/www.mpppst.gob.ve\/mpppstweb\/wp-content\/uploads\/2024\/09\/IMG_20240920_210315_263.jpg\",\"datePublished\":\"2024-09-21T01:05:28+00:00\",\"dateModified\":\"2024-09-21T01:07:51+00:00\",\"breadcrumb\":{\"@id\":\"https:\/\/www.mpppst.gob.ve\/mpppstweb\/index.php\/2024\/09\/20\/ministro-eduardo-pinate-fortalece-los-movimientos-de-trabajadores-con-boleta-de-sindicato-y-anuncia-la-conformacion-de-un-cptt-en-motos-toro-c-a\/#breadcrumb\"},\"inLanguage\":\"es\",\"potentialAction\":[{\"@type\":\"ReadAction\",\"target\":[\"https:\/\/www.mpppst.gob.ve\/mpppstweb\/index.php\/2024\/09\/20\/ministro-eduardo-pinate-fortalece-los-movimientos-de-trabajadores-con-boleta-de-sindicato-y-anuncia-la-conformacion-de-un-cptt-en-motos-toro-c-a\/\"]}]},{\"@type\":\"ImageObject\",\"inLanguage\":\"es\",\"@id\":\"https:\/\/www.mpppst.gob.ve\/mpppstweb\/index.php\/2024\/09\/20\/ministro-eduardo-pinate-fortalece-los-movimientos-de-trabajadores-con-boleta-de-sindicato-y-anuncia-la-conformacion-de-un-cptt-en-motos-toro-c-a\/#primaryimage\",\"url\":\"https:\/\/www.mpppst.gob.ve\/mpppstweb\/wp-content\/uploads\/2024\/09\/IMG_20240920_210315_263.jpg\",\"contentUrl\":\"https:\/\/www.mpppst.gob.ve\/mpppstweb\/wp-content\/uploads\/2024\/09\/IMG_20240920_210315_263.jpg\",\"width\":1280,\"height\":960},{\"@type\":\"BreadcrumbList\",\"@id\":\"https:\/\/www.mpppst.gob.ve\/mpppstweb\/index.php\/2024\/09\/20\/ministro-eduardo-pinate-fortalece-los-movimientos-de-trabajadores-con-boleta-de-sindicato-y-anuncia-la-conformacion-de-un-cptt-en-motos-toro-c-a\/#breadcrumb\",\"itemListElement\":[{\"@type\":\"ListItem\",\"position\":1,\"name\":\"Home\",\"item\":\"https:\/\/www.mpppst.gob.ve\/mpppstweb\/\"},{\"@type\":\"ListItem\",\"position\":2,\"name\":\"Ministro Eduardo Pi\u00f1ate fortalece los movimientos de trabajadores con boleta de sindicato y anuncia la conformaci\u00f3n de un CPTT en Motos Toro C.A.\"}]},{\"@type\":\"WebSite\",\"@id\":\"https:\/\/www.mpppst.gob.ve\/mpppstweb\/#website\",\"url\":\"https:\/\/www.mpppst.gob.ve\/mpppstweb\/\",\"name\":\"MPPPST\",\"description\":\"Ministerio del Poder Popular para el Proceso Social de Trabajo\",\"publisher\":{\"@id\":\"https:\/\/www.mpppst.gob.ve\/mpppstweb\/#organization\"},\"potentialAction\":[{\"@type\":\"SearchAction\",\"target\":{\"@type\":\"EntryPoint\",\"urlTemplate\":\"https:\/\/www.mpppst.gob.ve\/mpppstweb\/?s={search_term_string}\"},\"query-input\":\"required name=search_term_string\"}],\"inLanguage\":\"es\"},{\"@type\":\"Organization\",\"@id\":\"https:\/\/www.mpppst.gob.ve\/mpppstweb\/#organization\",\"name\":\"mpppst\",\"url\":\"https:\/\/www.mpppst.gob.ve\/mpppstweb\/\",\"logo\":{\"@type\":\"ImageObject\",\"inLanguage\":\"es\",\"@id\":\"https:\/\/www.mpppst.gob.ve\/mpppstweb\/#\/schema\/logo\/image\/\",\"url\":\"https:\/\/www.mpppst.gob.ve\/mpppstweb\/wp-content\/uploads\/2025\/07\/cropped-cropped-g910.png\",\"contentUrl\":\"https:\/\/www.mpppst.gob.ve\/mpppstweb\/wp-content\/uploads\/2025\/07\/cropped-cropped-g910.png\",\"width\":1080,\"height\":241,\"caption\":\"mpppst\"},\"image\":{\"@id\":\"https:\/\/www.mpppst.gob.ve\/mpppstweb\/#\/schema\/logo\/image\/\"}},{\"@type\":\"Person\",\"@id\":\"https:\/\/www.mpppst.gob.ve\/mpppstweb\/#\/schema\/person\/fc187ee8ead412bd4c9304b62f900ea4\",\"name\":\"MPPPST Prensa\",\"url\":\"https:\/\/www.mpppst.gob.ve\/mpppstweb\/index.php\/author\/prensa-mpppst\/\"}]}<\/script>\n<!-- \/ Yoast SEO plugin. -->","yoast_head_json":{"title":"Ministro Eduardo Pi\u00f1ate fortalece los movimientos de trabajadores con boleta de sindicato y anuncia la conformaci\u00f3n de un CPTT en Motos Toro C.A. - MPPPST","robots":{"index":"index","follow":"follow","max-snippet":"max-snippet:-1","max-image-preview":"max-image-preview:large","max-video-preview":"max-video-preview:-1"},"canonical":"https:\/\/www.mpppst.gob.ve\/mpppstweb\/index.php\/2024\/09\/20\/ministro-eduardo-pinate-fortalece-los-movimientos-de-trabajadores-con-boleta-de-sindicato-y-anuncia-la-conformacion-de-un-cptt-en-motos-toro-c-a\/","og_locale":"es_ES","og_type":"article","og_title":"Ministro Eduardo Pi\u00f1ate fortalece los movimientos de trabajadores con boleta de sindicato y anuncia la conformaci\u00f3n de un CPTT en Motos Toro C.A. - MPPPST","og_description":"(Caracas, 20-09-24. Prensa MPPPST).\u2013 En un ambiente de esperanza, el ministro para el Proceso Social de &hellip; Ministro Eduardo Pi\u00f1ate fortalece los movimientos de trabajadores con boleta de sindicato y anuncia la conformaci\u00f3n de un CPTT en Motos Toro C.A.Read more","og_url":"https:\/\/www.mpppst.gob.ve\/mpppstweb\/index.php\/2024\/09\/20\/ministro-eduardo-pinate-fortalece-los-movimientos-de-trabajadores-con-boleta-de-sindicato-y-anuncia-la-conformacion-de-un-cptt-en-motos-toro-c-a\/","og_site_name":"MPPPST","article_published_time":"2024-09-21T01:05:28+00:00","article_modified_time":"2024-09-21T01:07:51+00:00","og_image":[{"width":1280,"height":960,"url":"http:\/\/www.mpppst.gob.ve\/mpppstweb\/wp-content\/uploads\/2024\/09\/IMG_20240920_210315_263.jpg","type":"image\/jpeg"}],"author":"MPPPST Prensa","twitter_card":"summary_large_image","twitter_misc":{"Escrito por":"MPPPST Prensa","Tiempo de lectura":"3 minutos"},"schema":{"@context":"https:\/\/schema.org","@graph":[{"@type":"Article","@id":"https:\/\/www.mpppst.gob.ve\/mpppstweb\/index.php\/2024\/09\/20\/ministro-eduardo-pinate-fortalece-los-movimientos-de-trabajadores-con-boleta-de-sindicato-y-anuncia-la-conformacion-de-un-cptt-en-motos-toro-c-a\/#article","isPartOf":{"@id":"https:\/\/www.mpppst.gob.ve\/mpppstweb\/index.php\/2024\/09\/20\/ministro-eduardo-pinate-fortalece-los-movimientos-de-trabajadores-con-boleta-de-sindicato-y-anuncia-la-conformacion-de-un-cptt-en-motos-toro-c-a\/"},"author":{"name":"MPPPST Prensa","@id":"https:\/\/www.mpppst.gob.ve\/mpppstweb\/#\/schema\/person\/fc187ee8ead412bd4c9304b62f900ea4"},"headline":"Ministro Eduardo Pi\u00f1ate fortalece los movimientos de trabajadores con boleta de sindicato y anuncia la conformaci\u00f3n de un CPTT en Motos Toro C.A.","datePublished":"2024-09-21T01:05:28+00:00","dateModified":"2024-09-21T01:07:51+00:00","mainEntityOfPage":{"@id":"https:\/\/www.mpppst.gob.ve\/mpppstweb\/index.php\/2024\/09\/20\/ministro-eduardo-pinate-fortalece-los-movimientos-de-trabajadores-con-boleta-de-sindicato-y-anuncia-la-conformacion-de-un-cptt-en-motos-toro-c-a\/"},"wordCount":422,"publisher":{"@id":"https:\/\/www.mpppst.gob.ve\/mpppstweb\/#organization"},"image":{"@id":"https:\/\/www.mpppst.gob.ve\/mpppstweb\/index.php\/2024\/09\/20\/ministro-eduardo-pinate-fortalece-los-movimientos-de-trabajadores-con-boleta-de-sindicato-y-anuncia-la-conformacion-de-un-cptt-en-motos-toro-c-a\/#primaryimage"},"thumbnailUrl":"https:\/\/www.mpppst.gob.ve\/mpppstweb\/wp-content\/uploads\/2024\/09\/IMG_20240920_210315_263.jpg","keywords":["Carabobo","Clase Trabajadora","CPTT","Fuerza Sindical","Ministro Eduardo Pi\u00f1ate","movimiento obrero","Viceministerio para Derechos y Relaciones Laborales","viceministra Johanna Sant\u00e9liz"],"articleSection":["Gobierno Nacional"],"inLanguage":"es"},{"@type":"WebPage","@id":"https:\/\/www.mpppst.gob.ve\/mpppstweb\/index.php\/2024\/09\/20\/ministro-eduardo-pinate-fortalece-los-movimientos-de-trabajadores-con-boleta-de-sindicato-y-anuncia-la-conformacion-de-un-cptt-en-motos-toro-c-a\/","url":"https:\/\/www.mpppst.gob.ve\/mpppstweb\/index.php\/2024\/09\/20\/ministro-eduardo-pinate-fortalece-los-movimientos-de-trabajadores-con-boleta-de-sindicato-y-anuncia-la-conformacion-de-un-cptt-en-motos-toro-c-a\/","name":"Ministro Eduardo Pi\u00f1ate fortalece los movimientos de trabajadores con boleta de sindicato y anuncia la conformaci\u00f3n de un CPTT en Motos Toro C.A. - MPPPST","isPartOf":{"@id":"https:\/\/www.mpppst.gob.ve\/mpppstweb\/#website"},"primaryImageOfPage":{"@id":"https:\/\/www.mpppst.gob.ve\/mpppstweb\/index.php\/2024\/09\/20\/ministro-eduardo-pinate-fortalece-los-movimientos-de-trabajadores-con-boleta-de-sindicato-y-anuncia-la-conformacion-de-un-cptt-en-motos-toro-c-a\/#primaryimage"},"image":{"@id":"https:\/\/www.mpppst.gob.ve\/mpppstweb\/index.php\/2024\/09\/20\/ministro-eduardo-pinate-fortalece-los-movimientos-de-trabajadores-con-boleta-de-sindicato-y-anuncia-la-conformacion-de-un-cptt-en-motos-toro-c-a\/#primaryimage"},"thumbnailUrl":"https:\/\/www.mpppst.gob.ve\/mpppstweb\/wp-content\/uploads\/2024\/09\/IMG_20240920_210315_263.jpg","datePublished":"2024-09-21T01:05:28+00:00","dateModified":"2024-09-21T01:07:51+00:00","breadcrumb":{"@id":"https:\/\/www.mpppst.gob.ve\/mpppstweb\/index.php\/2024\/09\/20\/ministro-eduardo-pinate-fortalece-los-movimientos-de-trabajadores-con-boleta-de-sindicato-y-anuncia-la-conformacion-de-un-cptt-en-motos-toro-c-a\/#breadcrumb"},"inLanguage":"es","potentialAction":[{"@type":"ReadAction","target":["https:\/\/www.mpppst.gob.ve\/mpppstweb\/index.php\/2024\/09\/20\/ministro-eduardo-pinate-fortalece-los-movimientos-de-trabajadores-con-boleta-de-sindicato-y-anuncia-la-conformacion-de-un-cptt-en-motos-toro-c-a\/"]}]},{"@type":"ImageObject","inLanguage":"es","@id":"https:\/\/www.mpppst.gob.ve\/mpppstweb\/index.php\/2024\/09\/20\/ministro-eduardo-pinate-fortalece-los-movimientos-de-trabajadores-con-boleta-de-sindicato-y-anuncia-la-conformacion-de-un-cptt-en-motos-toro-c-a\/#primaryimage","url":"https:\/\/www.mpppst.gob.ve\/mpppstweb\/wp-content\/uploads\/2024\/09\/IMG_20240920_210315_263.jpg","contentUrl":"https:\/\/www.mpppst.gob.ve\/mpppstweb\/wp-content\/uploads\/2024\/09\/IMG_20240920_210315_263.jpg","width":1280,"height":960},{"@type":"BreadcrumbList","@id":"https:\/\/www.mpppst.gob.ve\/mpppstweb\/index.php\/2024\/09\/20\/ministro-eduardo-pinate-fortalece-los-movimientos-de-trabajadores-con-boleta-de-sindicato-y-anuncia-la-conformacion-de-un-cptt-en-motos-toro-c-a\/#breadcrumb","itemListElement":[{"@type":"ListItem","position":1,"name":"Home","item":"https:\/\/www.mpppst.gob.ve\/mpppstweb\/"},{"@type":"ListItem","position":2,"name":"Ministro Eduardo Pi\u00f1ate fortalece los movimientos de trabajadores con boleta de sindicato y anuncia la conformaci\u00f3n de un CPTT en Motos Toro C.A."}]},{"@type":"WebSite","@id":"https:\/\/www.mpppst.gob.ve\/mpppstweb\/#website","url":"https:\/\/www.mpppst.gob.ve\/mpppstweb\/","name":"MPPPST","description":"Ministerio del Poder Popular para el Proceso Social de Trabajo","publisher":{"@id":"https:\/\/www.mpppst.gob.ve\/mpppstweb\/#organization"},"potentialAction":[{"@type":"SearchAction","target":{"@type":"EntryPoint","urlTemplate":"https:\/\/www.mpppst.gob.ve\/mpppstweb\/?s={search_term_string}"},"query-input":"required name=search_term_string"}],"inLanguage":"es"},{"@type":"Organization","@id":"https:\/\/www.mpppst.gob.ve\/mpppstweb\/#organization","name":"mpppst","url":"https:\/\/www.mpppst.gob.ve\/mpppstweb\/","logo":{"@type":"ImageObject","inLanguage":"es","@id":"https:\/\/www.mpppst.gob.ve\/mpppstweb\/#\/schema\/logo\/image\/","url":"https:\/\/www.mpppst.gob.ve\/mpppstweb\/wp-content\/uploads\/2025\/07\/cropped-cropped-g910.png","contentUrl":"https:\/\/www.mpppst.gob.ve\/mpppstweb\/wp-content\/uploads\/2025\/07\/cropped-cropped-g910.png","width":1080,"height":241,"caption":"mpppst"},"image":{"@id":"https:\/\/www.mpppst.gob.ve\/mpppstweb\/#\/schema\/logo\/image\/"}},{"@type":"Person","@id":"https:\/\/www.mpppst.gob.ve\/mpppstweb\/#\/schema\/person\/fc187ee8ead412bd4c9304b62f900ea4","name":"MPPPST Prensa","url":"https:\/\/www.mpppst.gob.ve\/mpppstweb\/index.php\/author\/prensa-mpppst\/"}]}},"_links":{"self":[{"href":"https:\/\/www.mpppst.gob.ve\/mpppstweb\/index.php\/wp-json\/wp\/v2\/posts\/26746"}],"collection":[{"href":"https:\/\/www.mpppst.gob.ve\/mpppstweb\/index.php\/wp-json\/wp\/v2\/posts"}],"about":[{"href":"https:\/\/www.mpppst.gob.ve\/mpppstweb\/index.php\/wp-json\/wp\/v2\/types\/post"}],"author":[{"embeddable":true,"href":"https:\/\/www.mpppst.gob.ve\/mpppstweb\/index.php\/wp-json\/wp\/v2\/users\/25"}],"replies":[{"embeddable":true,"href":"https:\/\/www.mpppst.gob.ve\/mpppstweb\/index.php\/wp-json\/wp\/v2\/comments?post=26746"}],"version-history":[{"count":1,"href":"https:\/\/www.mpppst.gob.ve\/mpppstweb\/index.php\/wp-json\/wp\/v2\/posts\/26746\/revisions"}],"predecessor-version":[{"id":26747,"href":"https:\/\/www.mpppst.gob.ve\/mpppstweb\/index.php\/wp-json\/wp\/v2\/posts\/26746\/revisions\/26747"}],"wp:featuredmedia":[{"embeddable":true,"href":"https:\/\/www.mpppst.gob.ve\/mpppstweb\/index.php\/wp-json\/wp\/v2\/media\/26748"}],"wp:attachment":[{"href":"https:\/\/www.mpppst.gob.ve\/mpppstweb\/index.php\/wp-json\/wp\/v2\/media?parent=26746"}],"wp:term":[{"taxonomy":"category","embeddable":true,"href":"https:\/\/www.mpppst.gob.ve\/mpppstweb\/index.php\/wp-json\/wp\/v2\/categories?post=26746"},{"taxonomy":"post_tag","embeddable":true,"href":"https:\/\/www.mpppst.gob.ve\/mpppstweb\/index.php\/wp-json\/wp\/v2\/tags?post=26746"}],"curies":[{"name":"wp","href":"https:\/\/api.w.org\/{rel}","templated":true}]}}