{"id":26752,"date":"2024-09-24T12:39:17","date_gmt":"2024-09-24T16:39:17","guid":{"rendered":"https:\/\/www.mpppst.gob.ve\/mpppstweb\/?p=26752"},"modified":"2024-09-24T12:42:04","modified_gmt":"2024-09-24T16:42:04","slug":"taller-de-formacion-del-libro-azul-en-el-batallon-justo-briceno","status":"publish","type":"post","link":"https:\/\/www.mpppst.gob.ve\/mpppstweb\/index.php\/2024\/09\/24\/taller-de-formacion-del-libro-azul-en-el-batallon-justo-briceno\/","title":{"rendered":"Taller de Formaci\u00f3n del Libro Azul en el Batall\u00f3n Justo Brice\u00f1o."},"content":{"rendered":"\n<p>(Caracas, 24-09-24. Prensa MPPPST).\u2013 La Direcci\u00f3n Estadal del Ministerio del Poder Popular para el Proceso Social de Trabajo (MPPPST) en M\u00e9rida, junto a sus entes adscritos, llev\u00f3 a cabo un exitoso taller de formaci\u00f3n del Libro Azul en el Batall\u00f3n Justo Brice\u00f1o, donde se atendieron a 50 participantes comprometidos con el desarrollo y la transformaci\u00f3n social.<br><br>Este taller se enmarca dentro del debate estadal del bloque hist\u00f3rico de las cinco generaciones y las siete fuerzas y transformaciones del Plan de la Patria. La actividad, organizada por el Sistema Nacional de Misiones y Grandes Misiones y la Secretar\u00eda Social de la Gobernaci\u00f3n del Estado Bolivariano de M\u00e9rida, busca seguir las pol\u00edticas sociales y los lineamientos de acci\u00f3n que eval\u00faan la coyuntura pol\u00edtica nacional e internacional.<\/p>\n\n\n\n<figure class=\"wp-block-image size-full\"><a href=\"https:\/\/www.mpppst.gob.ve\/mpppstweb\/wp-content\/uploads\/2024\/09\/1000023972.jpg\"><img decoding=\"async\" loading=\"lazy\" width=\"1016\" height=\"762\" src=\"https:\/\/www.mpppst.gob.ve\/mpppstweb\/wp-content\/uploads\/2024\/09\/1000023972.jpg\" alt=\"\" class=\"wp-image-26755\" srcset=\"https:\/\/www.mpppst.gob.ve\/mpppstweb\/wp-content\/uploads\/2024\/09\/1000023972.jpg 1016w, https:\/\/www.mpppst.gob.ve\/mpppstweb\/wp-content\/uploads\/2024\/09\/1000023972-300x225.jpg 300w, https:\/\/www.mpppst.gob.ve\/mpppstweb\/wp-content\/uploads\/2024\/09\/1000023972-768x576.jpg 768w\" sizes=\"(max-width: 1016px) 100vw, 1016px\" \/><\/a><figcaption class=\"wp-element-caption\"><em>Foto: Colaboraci\u00f3n.<\/em><\/figcaption><\/figure>\n\n\n\n<p><br><br>El evento reafirm\u00f3 el respaldo absoluto a nuestra Revoluci\u00f3n Bolivariana, consider\u00e1ndola como una garant\u00eda de paz, estabilidad econ\u00f3mica y social, as\u00ed como un faro de esperanza para los pueblos oprimidos de Am\u00e9rica Latina y el mundo. <br><br>Contamos con la presencia de nuestro comandante combatiente, l\u00edder sindical y presidente constitucional obrero Nicol\u00e1s Maduro Moros, as\u00ed como del ministro obrero del MPPPST, Eduardo Pi\u00f1ate. Tambi\u00e9n estuvieron presentes compatriotas combatientes, hermanos l\u00edderes obreros, viceministros y directores adjuntos del MPPPST, junto a nuestro comandante combatiente, l\u00edder hermano y gobernador obrero Jehyson Guzm\u00e1n.<\/p>\n\n\n\n<figure class=\"wp-block-image size-full\"><a href=\"https:\/\/www.mpppst.gob.ve\/mpppstweb\/wp-content\/uploads\/2024\/09\/1000023971.jpg\"><img decoding=\"async\" loading=\"lazy\" width=\"1016\" height=\"762\" src=\"https:\/\/www.mpppst.gob.ve\/mpppstweb\/wp-content\/uploads\/2024\/09\/1000023971.jpg\" alt=\"\" class=\"wp-image-26756\" srcset=\"https:\/\/www.mpppst.gob.ve\/mpppstweb\/wp-content\/uploads\/2024\/09\/1000023971.jpg 1016w, https:\/\/www.mpppst.gob.ve\/mpppstweb\/wp-content\/uploads\/2024\/09\/1000023971-300x225.jpg 300w, https:\/\/www.mpppst.gob.ve\/mpppstweb\/wp-content\/uploads\/2024\/09\/1000023971-768x576.jpg 768w\" sizes=\"(max-width: 1016px) 100vw, 1016px\" \/><\/a><figcaption class=\"wp-element-caption\"><em>Foto: Colaboraci\u00f3n.<\/em><\/figcaption><\/figure>\n\n\n\n<p><br><br>\u00abPorque la esperanza est\u00e1 en la calle. Unidad, lucha, batalla y victoria: \u00a1Venceremos!\u00bb, fueron las palabras que resonaron durante esta significativa jornada.(Fin\/Isabela Guzm\u00e1n).<\/p>\n","protected":false},"excerpt":{"rendered":"<p>(Caracas, 24-09-24. Prensa MPPPST).\u2013 La Direcci\u00f3n Estadal del Ministerio del Poder Popular para el Proceso Social &hellip; <a title=\"Taller de Formaci\u00f3n del Libro Azul en el Batall\u00f3n Justo Brice\u00f1o.\" class=\"hm-read-more\" href=\"https:\/\/www.mpppst.gob.ve\/mpppstweb\/index.php\/2024\/09\/24\/taller-de-formacion-del-libro-azul-en-el-batallon-justo-briceno\/\"><span class=\"screen-reader-text\">Taller de Formaci\u00f3n del Libro Azul en el Batall\u00f3n Justo Brice\u00f1o.<\/span>Read more<\/a><\/p>\n","protected":false},"author":25,"featured_media":26754,"comment_status":"closed","ping_status":"closed","sticky":false,"template":"","format":"standard","meta":{"footnotes":""},"categories":[82],"tags":[350,862,631],"yoast_head":"<!-- This site is optimized with the Yoast SEO plugin v22.5 - https:\/\/yoast.com\/wordpress\/plugins\/seo\/ -->\n<title>Taller de Formaci\u00f3n del Libro Azul en el Batall\u00f3n Justo Brice\u00f1o. - MPPPST<\/title>\n<meta name=\"robots\" content=\"index, follow, max-snippet:-1, max-image-preview:large, max-video-preview:-1\" \/>\n<link rel=\"canonical\" href=\"https:\/\/www.mpppst.gob.ve\/mpppstweb\/index.php\/2024\/09\/24\/taller-de-formacion-del-libro-azul-en-el-batallon-justo-briceno\/\" \/>\n<meta property=\"og:locale\" content=\"es_ES\" \/>\n<meta property=\"og:type\" content=\"article\" \/>\n<meta property=\"og:title\" content=\"Taller de Formaci\u00f3n del Libro Azul en el Batall\u00f3n Justo Brice\u00f1o. - MPPPST\" \/>\n<meta property=\"og:description\" content=\"(Caracas, 24-09-24. Prensa MPPPST).\u2013 La Direcci\u00f3n Estadal del Ministerio del Poder Popular para el Proceso Social &hellip; Taller de Formaci\u00f3n del Libro Azul en el Batall\u00f3n Justo Brice\u00f1o.Read more\" \/>\n<meta property=\"og:url\" content=\"https:\/\/www.mpppst.gob.ve\/mpppstweb\/index.php\/2024\/09\/24\/taller-de-formacion-del-libro-azul-en-el-batallon-justo-briceno\/\" \/>\n<meta property=\"og:site_name\" content=\"MPPPST\" \/>\n<meta property=\"article:published_time\" content=\"2024-09-24T16:39:17+00:00\" \/>\n<meta property=\"article:modified_time\" content=\"2024-09-24T16:42:04+00:00\" \/>\n<meta property=\"og:image\" content=\"http:\/\/www.mpppst.gob.ve\/mpppstweb\/wp-content\/uploads\/2024\/09\/IMG_20240924_123647_532.jpg\" \/>\n\t<meta property=\"og:image:width\" content=\"1280\" \/>\n\t<meta property=\"og:image:height\" content=\"960\" \/>\n\t<meta property=\"og:image:type\" content=\"image\/jpeg\" \/>\n<meta name=\"author\" content=\"MPPPST Prensa\" \/>\n<meta name=\"twitter:card\" content=\"summary_large_image\" \/>\n<meta name=\"twitter:label1\" content=\"Escrito por\" \/>\n\t<meta name=\"twitter:data1\" content=\"MPPPST Prensa\" \/>\n\t<meta name=\"twitter:label2\" content=\"Tiempo de lectura\" \/>\n\t<meta name=\"twitter:data2\" content=\"2 minutos\" \/>\n<script type=\"application\/ld+json\" class=\"yoast-schema-graph\">{\"@context\":\"https:\/\/schema.org\",\"@graph\":[{\"@type\":\"Article\",\"@id\":\"https:\/\/www.mpppst.gob.ve\/mpppstweb\/index.php\/2024\/09\/24\/taller-de-formacion-del-libro-azul-en-el-batallon-justo-briceno\/#article\",\"isPartOf\":{\"@id\":\"https:\/\/www.mpppst.gob.ve\/mpppstweb\/index.php\/2024\/09\/24\/taller-de-formacion-del-libro-azul-en-el-batallon-justo-briceno\/\"},\"author\":{\"name\":\"MPPPST Prensa\",\"@id\":\"https:\/\/www.mpppst.gob.ve\/mpppstweb\/#\/schema\/person\/fc187ee8ead412bd4c9304b62f900ea4\"},\"headline\":\"Taller de Formaci\u00f3n del Libro Azul en el Batall\u00f3n Justo Brice\u00f1o.\",\"datePublished\":\"2024-09-24T16:39:17+00:00\",\"dateModified\":\"2024-09-24T16:42:04+00:00\",\"mainEntityOfPage\":{\"@id\":\"https:\/\/www.mpppst.gob.ve\/mpppstweb\/index.php\/2024\/09\/24\/taller-de-formacion-del-libro-azul-en-el-batallon-justo-briceno\/\"},\"wordCount\":284,\"publisher\":{\"@id\":\"https:\/\/www.mpppst.gob.ve\/mpppstweb\/#organization\"},\"image\":{\"@id\":\"https:\/\/www.mpppst.gob.ve\/mpppstweb\/index.php\/2024\/09\/24\/taller-de-formacion-del-libro-azul-en-el-batallon-justo-briceno\/#primaryimage\"},\"thumbnailUrl\":\"https:\/\/www.mpppst.gob.ve\/mpppstweb\/wp-content\/uploads\/2024\/09\/IMG_20240924_123647_532.jpg\",\"keywords\":[\"Clase Obrera\",\"libro azul\",\"M\u00e9rida\"],\"articleSection\":[\"Gobierno Nacional\"],\"inLanguage\":\"es\"},{\"@type\":\"WebPage\",\"@id\":\"https:\/\/www.mpppst.gob.ve\/mpppstweb\/index.php\/2024\/09\/24\/taller-de-formacion-del-libro-azul-en-el-batallon-justo-briceno\/\",\"url\":\"https:\/\/www.mpppst.gob.ve\/mpppstweb\/index.php\/2024\/09\/24\/taller-de-formacion-del-libro-azul-en-el-batallon-justo-briceno\/\",\"name\":\"Taller de Formaci\u00f3n del Libro Azul en el Batall\u00f3n Justo Brice\u00f1o. - MPPPST\",\"isPartOf\":{\"@id\":\"https:\/\/www.mpppst.gob.ve\/mpppstweb\/#website\"},\"primaryImageOfPage\":{\"@id\":\"https:\/\/www.mpppst.gob.ve\/mpppstweb\/index.php\/2024\/09\/24\/taller-de-formacion-del-libro-azul-en-el-batallon-justo-briceno\/#primaryimage\"},\"image\":{\"@id\":\"https:\/\/www.mpppst.gob.ve\/mpppstweb\/index.php\/2024\/09\/24\/taller-de-formacion-del-libro-azul-en-el-batallon-justo-briceno\/#primaryimage\"},\"thumbnailUrl\":\"https:\/\/www.mpppst.gob.ve\/mpppstweb\/wp-content\/uploads\/2024\/09\/IMG_20240924_123647_532.jpg\",\"datePublished\":\"2024-09-24T16:39:17+00:00\",\"dateModified\":\"2024-09-24T16:42:04+00:00\",\"breadcrumb\":{\"@id\":\"https:\/\/www.mpppst.gob.ve\/mpppstweb\/index.php\/2024\/09\/24\/taller-de-formacion-del-libro-azul-en-el-batallon-justo-briceno\/#breadcrumb\"},\"inLanguage\":\"es\",\"potentialAction\":[{\"@type\":\"ReadAction\",\"target\":[\"https:\/\/www.mpppst.gob.ve\/mpppstweb\/index.php\/2024\/09\/24\/taller-de-formacion-del-libro-azul-en-el-batallon-justo-briceno\/\"]}]},{\"@type\":\"ImageObject\",\"inLanguage\":\"es\",\"@id\":\"https:\/\/www.mpppst.gob.ve\/mpppstweb\/index.php\/2024\/09\/24\/taller-de-formacion-del-libro-azul-en-el-batallon-justo-briceno\/#primaryimage\",\"url\":\"https:\/\/www.mpppst.gob.ve\/mpppstweb\/wp-content\/uploads\/2024\/09\/IMG_20240924_123647_532.jpg\",\"contentUrl\":\"https:\/\/www.mpppst.gob.ve\/mpppstweb\/wp-content\/uploads\/2024\/09\/IMG_20240924_123647_532.jpg\",\"width\":1280,\"height\":960},{\"@type\":\"BreadcrumbList\",\"@id\":\"https:\/\/www.mpppst.gob.ve\/mpppstweb\/index.php\/2024\/09\/24\/taller-de-formacion-del-libro-azul-en-el-batallon-justo-briceno\/#breadcrumb\",\"itemListElement\":[{\"@type\":\"ListItem\",\"position\":1,\"name\":\"Home\",\"item\":\"https:\/\/www.mpppst.gob.ve\/mpppstweb\/\"},{\"@type\":\"ListItem\",\"position\":2,\"name\":\"Taller de Formaci\u00f3n del Libro Azul en el Batall\u00f3n Justo Brice\u00f1o.\"}]},{\"@type\":\"WebSite\",\"@id\":\"https:\/\/www.mpppst.gob.ve\/mpppstweb\/#website\",\"url\":\"https:\/\/www.mpppst.gob.ve\/mpppstweb\/\",\"name\":\"MPPPST\",\"description\":\"Ministerio del Poder Popular para el Proceso Social de Trabajo\",\"publisher\":{\"@id\":\"https:\/\/www.mpppst.gob.ve\/mpppstweb\/#organization\"},\"potentialAction\":[{\"@type\":\"SearchAction\",\"target\":{\"@type\":\"EntryPoint\",\"urlTemplate\":\"https:\/\/www.mpppst.gob.ve\/mpppstweb\/?s={search_term_string}\"},\"query-input\":\"required name=search_term_string\"}],\"inLanguage\":\"es\"},{\"@type\":\"Organization\",\"@id\":\"https:\/\/www.mpppst.gob.ve\/mpppstweb\/#organization\",\"name\":\"mpppst\",\"url\":\"https:\/\/www.mpppst.gob.ve\/mpppstweb\/\",\"logo\":{\"@type\":\"ImageObject\",\"inLanguage\":\"es\",\"@id\":\"https:\/\/www.mpppst.gob.ve\/mpppstweb\/#\/schema\/logo\/image\/\",\"url\":\"https:\/\/www.mpppst.gob.ve\/mpppstweb\/wp-content\/uploads\/2025\/07\/cropped-cropped-g910.png\",\"contentUrl\":\"https:\/\/www.mpppst.gob.ve\/mpppstweb\/wp-content\/uploads\/2025\/07\/cropped-cropped-g910.png\",\"width\":1080,\"height\":241,\"caption\":\"mpppst\"},\"image\":{\"@id\":\"https:\/\/www.mpppst.gob.ve\/mpppstweb\/#\/schema\/logo\/image\/\"}},{\"@type\":\"Person\",\"@id\":\"https:\/\/www.mpppst.gob.ve\/mpppstweb\/#\/schema\/person\/fc187ee8ead412bd4c9304b62f900ea4\",\"name\":\"MPPPST Prensa\",\"url\":\"https:\/\/www.mpppst.gob.ve\/mpppstweb\/index.php\/author\/prensa-mpppst\/\"}]}<\/script>\n<!-- \/ Yoast SEO plugin. -->","yoast_head_json":{"title":"Taller de Formaci\u00f3n del Libro Azul en el Batall\u00f3n Justo Brice\u00f1o. - MPPPST","robots":{"index":"index","follow":"follow","max-snippet":"max-snippet:-1","max-image-preview":"max-image-preview:large","max-video-preview":"max-video-preview:-1"},"canonical":"https:\/\/www.mpppst.gob.ve\/mpppstweb\/index.php\/2024\/09\/24\/taller-de-formacion-del-libro-azul-en-el-batallon-justo-briceno\/","og_locale":"es_ES","og_type":"article","og_title":"Taller de Formaci\u00f3n del Libro Azul en el Batall\u00f3n Justo Brice\u00f1o. - MPPPST","og_description":"(Caracas, 24-09-24. Prensa MPPPST).\u2013 La Direcci\u00f3n Estadal del Ministerio del Poder Popular para el Proceso Social &hellip; Taller de Formaci\u00f3n del Libro Azul en el Batall\u00f3n Justo Brice\u00f1o.Read more","og_url":"https:\/\/www.mpppst.gob.ve\/mpppstweb\/index.php\/2024\/09\/24\/taller-de-formacion-del-libro-azul-en-el-batallon-justo-briceno\/","og_site_name":"MPPPST","article_published_time":"2024-09-24T16:39:17+00:00","article_modified_time":"2024-09-24T16:42:04+00:00","og_image":[{"width":1280,"height":960,"url":"http:\/\/www.mpppst.gob.ve\/mpppstweb\/wp-content\/uploads\/2024\/09\/IMG_20240924_123647_532.jpg","type":"image\/jpeg"}],"author":"MPPPST Prensa","twitter_card":"summary_large_image","twitter_misc":{"Escrito por":"MPPPST Prensa","Tiempo de lectura":"2 minutos"},"schema":{"@context":"https:\/\/schema.org","@graph":[{"@type":"Article","@id":"https:\/\/www.mpppst.gob.ve\/mpppstweb\/index.php\/2024\/09\/24\/taller-de-formacion-del-libro-azul-en-el-batallon-justo-briceno\/#article","isPartOf":{"@id":"https:\/\/www.mpppst.gob.ve\/mpppstweb\/index.php\/2024\/09\/24\/taller-de-formacion-del-libro-azul-en-el-batallon-justo-briceno\/"},"author":{"name":"MPPPST Prensa","@id":"https:\/\/www.mpppst.gob.ve\/mpppstweb\/#\/schema\/person\/fc187ee8ead412bd4c9304b62f900ea4"},"headline":"Taller de Formaci\u00f3n del Libro Azul en el Batall\u00f3n Justo Brice\u00f1o.","datePublished":"2024-09-24T16:39:17+00:00","dateModified":"2024-09-24T16:42:04+00:00","mainEntityOfPage":{"@id":"https:\/\/www.mpppst.gob.ve\/mpppstweb\/index.php\/2024\/09\/24\/taller-de-formacion-del-libro-azul-en-el-batallon-justo-briceno\/"},"wordCount":284,"publisher":{"@id":"https:\/\/www.mpppst.gob.ve\/mpppstweb\/#organization"},"image":{"@id":"https:\/\/www.mpppst.gob.ve\/mpppstweb\/index.php\/2024\/09\/24\/taller-de-formacion-del-libro-azul-en-el-batallon-justo-briceno\/#primaryimage"},"thumbnailUrl":"https:\/\/www.mpppst.gob.ve\/mpppstweb\/wp-content\/uploads\/2024\/09\/IMG_20240924_123647_532.jpg","keywords":["Clase Obrera","libro azul","M\u00e9rida"],"articleSection":["Gobierno Nacional"],"inLanguage":"es"},{"@type":"WebPage","@id":"https:\/\/www.mpppst.gob.ve\/mpppstweb\/index.php\/2024\/09\/24\/taller-de-formacion-del-libro-azul-en-el-batallon-justo-briceno\/","url":"https:\/\/www.mpppst.gob.ve\/mpppstweb\/index.php\/2024\/09\/24\/taller-de-formacion-del-libro-azul-en-el-batallon-justo-briceno\/","name":"Taller de Formaci\u00f3n del Libro Azul en el Batall\u00f3n Justo Brice\u00f1o. - MPPPST","isPartOf":{"@id":"https:\/\/www.mpppst.gob.ve\/mpppstweb\/#website"},"primaryImageOfPage":{"@id":"https:\/\/www.mpppst.gob.ve\/mpppstweb\/index.php\/2024\/09\/24\/taller-de-formacion-del-libro-azul-en-el-batallon-justo-briceno\/#primaryimage"},"image":{"@id":"https:\/\/www.mpppst.gob.ve\/mpppstweb\/index.php\/2024\/09\/24\/taller-de-formacion-del-libro-azul-en-el-batallon-justo-briceno\/#primaryimage"},"thumbnailUrl":"https:\/\/www.mpppst.gob.ve\/mpppstweb\/wp-content\/uploads\/2024\/09\/IMG_20240924_123647_532.jpg","datePublished":"2024-09-24T16:39:17+00:00","dateModified":"2024-09-24T16:42:04+00:00","breadcrumb":{"@id":"https:\/\/www.mpppst.gob.ve\/mpppstweb\/index.php\/2024\/09\/24\/taller-de-formacion-del-libro-azul-en-el-batallon-justo-briceno\/#breadcrumb"},"inLanguage":"es","potentialAction":[{"@type":"ReadAction","target":["https:\/\/www.mpppst.gob.ve\/mpppstweb\/index.php\/2024\/09\/24\/taller-de-formacion-del-libro-azul-en-el-batallon-justo-briceno\/"]}]},{"@type":"ImageObject","inLanguage":"es","@id":"https:\/\/www.mpppst.gob.ve\/mpppstweb\/index.php\/2024\/09\/24\/taller-de-formacion-del-libro-azul-en-el-batallon-justo-briceno\/#primaryimage","url":"https:\/\/www.mpppst.gob.ve\/mpppstweb\/wp-content\/uploads\/2024\/09\/IMG_20240924_123647_532.jpg","contentUrl":"https:\/\/www.mpppst.gob.ve\/mpppstweb\/wp-content\/uploads\/2024\/09\/IMG_20240924_123647_532.jpg","width":1280,"height":960},{"@type":"BreadcrumbList","@id":"https:\/\/www.mpppst.gob.ve\/mpppstweb\/index.php\/2024\/09\/24\/taller-de-formacion-del-libro-azul-en-el-batallon-justo-briceno\/#breadcrumb","itemListElement":[{"@type":"ListItem","position":1,"name":"Home","item":"https:\/\/www.mpppst.gob.ve\/mpppstweb\/"},{"@type":"ListItem","position":2,"name":"Taller de Formaci\u00f3n del Libro Azul en el Batall\u00f3n Justo Brice\u00f1o."}]},{"@type":"WebSite","@id":"https:\/\/www.mpppst.gob.ve\/mpppstweb\/#website","url":"https:\/\/www.mpppst.gob.ve\/mpppstweb\/","name":"MPPPST","description":"Ministerio del Poder Popular para el Proceso Social de Trabajo","publisher":{"@id":"https:\/\/www.mpppst.gob.ve\/mpppstweb\/#organization"},"potentialAction":[{"@type":"SearchAction","target":{"@type":"EntryPoint","urlTemplate":"https:\/\/www.mpppst.gob.ve\/mpppstweb\/?s={search_term_string}"},"query-input":"required name=search_term_string"}],"inLanguage":"es"},{"@type":"Organization","@id":"https:\/\/www.mpppst.gob.ve\/mpppstweb\/#organization","name":"mpppst","url":"https:\/\/www.mpppst.gob.ve\/mpppstweb\/","logo":{"@type":"ImageObject","inLanguage":"es","@id":"https:\/\/www.mpppst.gob.ve\/mpppstweb\/#\/schema\/logo\/image\/","url":"https:\/\/www.mpppst.gob.ve\/mpppstweb\/wp-content\/uploads\/2025\/07\/cropped-cropped-g910.png","contentUrl":"https:\/\/www.mpppst.gob.ve\/mpppstweb\/wp-content\/uploads\/2025\/07\/cropped-cropped-g910.png","width":1080,"height":241,"caption":"mpppst"},"image":{"@id":"https:\/\/www.mpppst.gob.ve\/mpppstweb\/#\/schema\/logo\/image\/"}},{"@type":"Person","@id":"https:\/\/www.mpppst.gob.ve\/mpppstweb\/#\/schema\/person\/fc187ee8ead412bd4c9304b62f900ea4","name":"MPPPST Prensa","url":"https:\/\/www.mpppst.gob.ve\/mpppstweb\/index.php\/author\/prensa-mpppst\/"}]}},"_links":{"self":[{"href":"https:\/\/www.mpppst.gob.ve\/mpppstweb\/index.php\/wp-json\/wp\/v2\/posts\/26752"}],"collection":[{"href":"https:\/\/www.mpppst.gob.ve\/mpppstweb\/index.php\/wp-json\/wp\/v2\/posts"}],"about":[{"href":"https:\/\/www.mpppst.gob.ve\/mpppstweb\/index.php\/wp-json\/wp\/v2\/types\/post"}],"author":[{"embeddable":true,"href":"https:\/\/www.mpppst.gob.ve\/mpppstweb\/index.php\/wp-json\/wp\/v2\/users\/25"}],"replies":[{"embeddable":true,"href":"https:\/\/www.mpppst.gob.ve\/mpppstweb\/index.php\/wp-json\/wp\/v2\/comments?post=26752"}],"version-history":[{"count":3,"href":"https:\/\/www.mpppst.gob.ve\/mpppstweb\/index.php\/wp-json\/wp\/v2\/posts\/26752\/revisions"}],"predecessor-version":[{"id":26758,"href":"https:\/\/www.mpppst.gob.ve\/mpppstweb\/index.php\/wp-json\/wp\/v2\/posts\/26752\/revisions\/26758"}],"wp:featuredmedia":[{"embeddable":true,"href":"https:\/\/www.mpppst.gob.ve\/mpppstweb\/index.php\/wp-json\/wp\/v2\/media\/26754"}],"wp:attachment":[{"href":"https:\/\/www.mpppst.gob.ve\/mpppstweb\/index.php\/wp-json\/wp\/v2\/media?parent=26752"}],"wp:term":[{"taxonomy":"category","embeddable":true,"href":"https:\/\/www.mpppst.gob.ve\/mpppstweb\/index.php\/wp-json\/wp\/v2\/categories?post=26752"},{"taxonomy":"post_tag","embeddable":true,"href":"https:\/\/www.mpppst.gob.ve\/mpppstweb\/index.php\/wp-json\/wp\/v2\/tags?post=26752"}],"curies":[{"name":"wp","href":"https:\/\/api.w.org\/{rel}","templated":true}]}}