{"id":26769,"date":"2024-09-27T19:34:01","date_gmt":"2024-09-27T23:34:01","guid":{"rendered":"https:\/\/www.mpppst.gob.ve\/mpppstweb\/?p=26769"},"modified":"2024-09-27T19:39:04","modified_gmt":"2024-09-27T23:39:04","slug":"ministro-pinate-llama-a-la-clase-obrera-a-asumir-un-papel-protagonico-en-la-revolucion-bolivariana","status":"publish","type":"post","link":"https:\/\/www.mpppst.gob.ve\/mpppstweb\/index.php\/2024\/09\/27\/ministro-pinate-llama-a-la-clase-obrera-a-asumir-un-papel-protagonico-en-la-revolucion-bolivariana\/","title":{"rendered":"Ministro Pi\u00f1ate llama a la clase obrera a asumir un papel protag\u00f3nico en la Revoluci\u00f3n Bolivariana."},"content":{"rendered":"\n<p>(Caracas 27-09-24. Prensa MPPPST).\u2013 En un acto realizado en el Instituto para Capacitaci\u00f3n y Recreaci\u00f3n de los Trabajadores (INCRET), dentro del Teatro \u00abJos\u00e9 Chino Khan\u00bb, el Ministro del Poder Popular para el Proceso Social de Trabajo, Eduardo Pi\u00f1ate, ha llamado a la clase obrera venezolana a asumir un papel protag\u00f3nico en la construcci\u00f3n del socialismo territorial. <br><br>\u00abEstamos viviendo un momento hist\u00f3rico, donde el sistema capitalista se encuentra en crisis y el mundo se encamina hacia un nuevo orden multipolar\u00bb, afirm\u00f3 Pi\u00f1ate. \u00abEl imperialismo busca recolonizar Am\u00e9rica Latina, pero nosotros, como pueblo venezolano, no somos actores de reparto, somos protagonistas de primera l\u00ednea\u00bb, a\u00f1adi\u00f3.<\/p>\n\n\n\n<figure class=\"wp-block-image size-large\"><img decoding=\"async\" loading=\"lazy\" width=\"1024\" height=\"577\" src=\"https:\/\/www.mpppst.gob.ve\/mpppstweb\/wp-content\/uploads\/2024\/09\/img_20240927_193142_9414140384606961484679-1024x577.jpg\" alt=\"\" class=\"wp-image-26766\" srcset=\"https:\/\/www.mpppst.gob.ve\/mpppstweb\/wp-content\/uploads\/2024\/09\/img_20240927_193142_9414140384606961484679-1024x577.jpg 1024w, https:\/\/www.mpppst.gob.ve\/mpppstweb\/wp-content\/uploads\/2024\/09\/img_20240927_193142_9414140384606961484679-300x169.jpg 300w, https:\/\/www.mpppst.gob.ve\/mpppstweb\/wp-content\/uploads\/2024\/09\/img_20240927_193142_9414140384606961484679-768x433.jpg 768w, https:\/\/www.mpppst.gob.ve\/mpppstweb\/wp-content\/uploads\/2024\/09\/img_20240927_193142_9414140384606961484679.jpg 1280w\" sizes=\"(max-width: 1024px) 100vw, 1024px\" \/><figcaption class=\"wp-element-caption\"><em>Foto: Greyler Alvarado. <\/em><\/figcaption><\/figure>\n\n\n\n<p><br>Pi\u00f1ate destac\u00f3 que la Revoluci\u00f3n Bolivariana, bajo el liderazgo del Comandante Ch\u00e1vez, ha instaurado un modelo de socialismo original, basado en la experiencia hist\u00f3rica de las luchas del pueblo venezolano. \u00abEl chavismo es la s\u00edntesis del pensamiento socialista en el siglo XXI\u00bb, enfatiz\u00f3.<br><br>El ciudadano ministro hizo \u00e9nfasis en la importancia de la clase obrera en la construcci\u00f3n del socialismo: \u00abSin la clase obrera, esta revoluci\u00f3n no es socialista. La forma organizativa del nivel de conciencia son los Consejos Productivos de Trabajadores y Trabajadoras\u00bb, asegur\u00f3.<\/p>\n\n\n\n<figure class=\"wp-block-image size-large\"><img decoding=\"async\" loading=\"lazy\" width=\"1024\" height=\"577\" src=\"https:\/\/www.mpppst.gob.ve\/mpppstweb\/wp-content\/uploads\/2024\/09\/img_20240927_193053_0851570925842068596887-1024x577.jpg\" alt=\"\" class=\"wp-image-26767\" srcset=\"https:\/\/www.mpppst.gob.ve\/mpppstweb\/wp-content\/uploads\/2024\/09\/img_20240927_193053_0851570925842068596887-1024x577.jpg 1024w, https:\/\/www.mpppst.gob.ve\/mpppstweb\/wp-content\/uploads\/2024\/09\/img_20240927_193053_0851570925842068596887-300x169.jpg 300w, https:\/\/www.mpppst.gob.ve\/mpppstweb\/wp-content\/uploads\/2024\/09\/img_20240927_193053_0851570925842068596887-768x433.jpg 768w, https:\/\/www.mpppst.gob.ve\/mpppstweb\/wp-content\/uploads\/2024\/09\/img_20240927_193053_0851570925842068596887.jpg 1280w\" sizes=\"(max-width: 1024px) 100vw, 1024px\" \/><figcaption class=\"wp-element-caption\"><em>Foto: Greyler Alvarado.<\/em><\/figcaption><\/figure>\n\n\n\n<p><br>\u00abDebemos ir m\u00e1s all\u00e1 de la alianza obrero-campesina, y avanzar hacia una alianza obrero-campesina-comunal. Las comunas son el n\u00facleo de nuestra democracia\u00bb, explic\u00f3 Pi\u00f1ate.<br><br>La clase obrera tiene tres tareas fundamentales: \u00abla producci\u00f3n, la formaci\u00f3n y la defensa integral\u00bb, explic\u00f3.<br><br>Pi\u00f1ate propuso un plan de expansi\u00f3n para los CPTT en dos fases: actualizar los existentes para el 30 de noviembre de este a\u00f1o y alcanzar los 5.000 CPTT en el primer semestre de 2025.<br><br>Por otro lado, la Viceministra para Derechos y Relaciones Laborales, Johanna Sant\u00e9liz, enfatiz\u00f3 la necesidad de empoderar a los Consejos Productivos de Trabajadores y Trabajadoras (CPTT) como parte fundamental de la revoluci\u00f3n socialista. \u00abEs el momento de dar el paso cualitativo. La \u00fanica manera de lograrlo es superando cualquier forma o expresi\u00f3n del modelo capitalista\u00bb, afirm\u00f3 Sant\u00e9liz.<br><br>Durante su intervenci\u00f3n, destac\u00f3 que la uni\u00f3n c\u00edvico-militar es crucial para construir un modelo econ\u00f3mico diversificado que garantice la paz y el bienestar de la naci\u00f3n. \u00abDebemos dar un salto que combine y armonice elementos para una nueva econom\u00eda donde la educaci\u00f3n y el trabajo sean componentes vitales\u00bb, subray\u00f3.<br><\/p>\n\n\n\n<figure class=\"wp-block-image size-large\"><img decoding=\"async\" loading=\"lazy\" width=\"1024\" height=\"577\" src=\"https:\/\/www.mpppst.gob.ve\/mpppstweb\/wp-content\/uploads\/2024\/09\/img_20240927_193125_695827670091940170227-1024x577.jpg\" alt=\"\" class=\"wp-image-26768\" srcset=\"https:\/\/www.mpppst.gob.ve\/mpppstweb\/wp-content\/uploads\/2024\/09\/img_20240927_193125_695827670091940170227-1024x577.jpg 1024w, https:\/\/www.mpppst.gob.ve\/mpppstweb\/wp-content\/uploads\/2024\/09\/img_20240927_193125_695827670091940170227-300x169.jpg 300w, https:\/\/www.mpppst.gob.ve\/mpppstweb\/wp-content\/uploads\/2024\/09\/img_20240927_193125_695827670091940170227-768x433.jpg 768w, https:\/\/www.mpppst.gob.ve\/mpppstweb\/wp-content\/uploads\/2024\/09\/img_20240927_193125_695827670091940170227.jpg 1280w\" sizes=\"(max-width: 1024px) 100vw, 1024px\" \/><figcaption class=\"wp-element-caption\"><em>Foto: Greyler Alvarado.<\/em><\/figcaption><\/figure>\n\n\n\n<p><br>Asimismo, hizo un llamado para que los trabajadores traigan a la mesa un modelo y plan de trabajo real, ajustado a las necesidades del sector. \u00abEs necesario que este manual sea aplicable y comprensible, y que la alta gerencia reconozca la importancia de la participaci\u00f3n de la clase obrera en el modelo econ\u00f3mico productivo\u00bb, expres\u00f3.<br><br>Finalmente, hizo hincapi\u00e9 en que todos los trabajadores deben estar incluidos y participar activamente en cada aspecto de la producci\u00f3n, asegurando un control administrativo permanente y detallado. \u00abSolo nosotros mismos podemos seguir garantizando la mayor suma de felicidad posible para los venezolanos y venezolanas\u00bb, concluy\u00f3. (Fin\/Isabela Guzm\u00e1n).<\/p>\n","protected":false},"excerpt":{"rendered":"<p>(Caracas 27-09-24. Prensa MPPPST).\u2013 En un acto realizado en el Instituto para Capacitaci\u00f3n y Recreaci\u00f3n de &hellip; <a title=\"Ministro Pi\u00f1ate llama a la clase obrera a asumir un papel protag\u00f3nico en la Revoluci\u00f3n Bolivariana.\" class=\"hm-read-more\" href=\"https:\/\/www.mpppst.gob.ve\/mpppstweb\/index.php\/2024\/09\/27\/ministro-pinate-llama-a-la-clase-obrera-a-asumir-un-papel-protagonico-en-la-revolucion-bolivariana\/\"><span class=\"screen-reader-text\">Ministro Pi\u00f1ate llama a la clase obrera a asumir un papel protag\u00f3nico en la Revoluci\u00f3n Bolivariana.<\/span>Read more<\/a><\/p>\n","protected":false},"author":25,"featured_media":26773,"comment_status":"closed","ping_status":"closed","sticky":false,"template":"","format":"standard","meta":{"footnotes":""},"categories":[82],"tags":[624,347,839,732,614],"yoast_head":"<!-- This site is optimized with the Yoast SEO plugin v22.5 - https:\/\/yoast.com\/wordpress\/plugins\/seo\/ -->\n<title>Ministro Pi\u00f1ate llama a la clase obrera a asumir un papel protag\u00f3nico en la Revoluci\u00f3n Bolivariana. - MPPPST<\/title>\n<meta name=\"robots\" content=\"index, follow, max-snippet:-1, max-image-preview:large, max-video-preview:-1\" \/>\n<link rel=\"canonical\" href=\"https:\/\/www.mpppst.gob.ve\/mpppstweb\/index.php\/2024\/09\/27\/ministro-pinate-llama-a-la-clase-obrera-a-asumir-un-papel-protagonico-en-la-revolucion-bolivariana\/\" \/>\n<meta property=\"og:locale\" content=\"es_ES\" \/>\n<meta property=\"og:type\" content=\"article\" \/>\n<meta property=\"og:title\" content=\"Ministro Pi\u00f1ate llama a la clase obrera a asumir un papel protag\u00f3nico en la Revoluci\u00f3n Bolivariana. - MPPPST\" \/>\n<meta property=\"og:description\" content=\"(Caracas 27-09-24. Prensa MPPPST).\u2013 En un acto realizado en el Instituto para Capacitaci\u00f3n y Recreaci\u00f3n de &hellip; Ministro Pi\u00f1ate llama a la clase obrera a asumir un papel protag\u00f3nico en la Revoluci\u00f3n Bolivariana.Read more\" \/>\n<meta property=\"og:url\" content=\"https:\/\/www.mpppst.gob.ve\/mpppstweb\/index.php\/2024\/09\/27\/ministro-pinate-llama-a-la-clase-obrera-a-asumir-un-papel-protagonico-en-la-revolucion-bolivariana\/\" \/>\n<meta property=\"og:site_name\" content=\"MPPPST\" \/>\n<meta property=\"article:published_time\" content=\"2024-09-27T23:34:01+00:00\" \/>\n<meta property=\"article:modified_time\" content=\"2024-09-27T23:39:04+00:00\" \/>\n<meta property=\"og:image\" content=\"http:\/\/www.mpppst.gob.ve\/mpppstweb\/wp-content\/uploads\/2024\/09\/IMG_20240927_193133_494.jpg\" \/>\n\t<meta property=\"og:image:width\" content=\"1280\" \/>\n\t<meta property=\"og:image:height\" content=\"721\" \/>\n\t<meta property=\"og:image:type\" content=\"image\/jpeg\" \/>\n<meta name=\"author\" content=\"MPPPST Prensa\" \/>\n<meta name=\"twitter:card\" content=\"summary_large_image\" \/>\n<meta name=\"twitter:label1\" content=\"Escrito por\" \/>\n\t<meta name=\"twitter:data1\" content=\"MPPPST Prensa\" \/>\n\t<meta name=\"twitter:label2\" content=\"Tiempo de lectura\" \/>\n\t<meta name=\"twitter:data2\" content=\"3 minutos\" \/>\n<script type=\"application\/ld+json\" class=\"yoast-schema-graph\">{\"@context\":\"https:\/\/schema.org\",\"@graph\":[{\"@type\":\"Article\",\"@id\":\"https:\/\/www.mpppst.gob.ve\/mpppstweb\/index.php\/2024\/09\/27\/ministro-pinate-llama-a-la-clase-obrera-a-asumir-un-papel-protagonico-en-la-revolucion-bolivariana\/#article\",\"isPartOf\":{\"@id\":\"https:\/\/www.mpppst.gob.ve\/mpppstweb\/index.php\/2024\/09\/27\/ministro-pinate-llama-a-la-clase-obrera-a-asumir-un-papel-protagonico-en-la-revolucion-bolivariana\/\"},\"author\":{\"name\":\"MPPPST Prensa\",\"@id\":\"https:\/\/www.mpppst.gob.ve\/mpppstweb\/#\/schema\/person\/fc187ee8ead412bd4c9304b62f900ea4\"},\"headline\":\"Ministro Pi\u00f1ate llama a la clase obrera a asumir un papel protag\u00f3nico en la Revoluci\u00f3n Bolivariana.\",\"datePublished\":\"2024-09-27T23:34:01+00:00\",\"dateModified\":\"2024-09-27T23:39:04+00:00\",\"mainEntityOfPage\":{\"@id\":\"https:\/\/www.mpppst.gob.ve\/mpppstweb\/index.php\/2024\/09\/27\/ministro-pinate-llama-a-la-clase-obrera-a-asumir-un-papel-protagonico-en-la-revolucion-bolivariana\/\"},\"wordCount\":537,\"publisher\":{\"@id\":\"https:\/\/www.mpppst.gob.ve\/mpppstweb\/#organization\"},\"image\":{\"@id\":\"https:\/\/www.mpppst.gob.ve\/mpppstweb\/index.php\/2024\/09\/27\/ministro-pinate-llama-a-la-clase-obrera-a-asumir-un-papel-protagonico-en-la-revolucion-bolivariana\/#primaryimage\"},\"thumbnailUrl\":\"https:\/\/www.mpppst.gob.ve\/mpppstweb\/wp-content\/uploads\/2024\/09\/IMG_20240927_193133_494.jpg\",\"keywords\":[\"7 Transformaciones\",\"INCRET\",\"Ministro Eduardo Pi\u00f1ate\",\"Viceministerio para Derechos y Relaciones Laborales\",\"viceministra Johanna Sant\u00e9liz\"],\"articleSection\":[\"Gobierno Nacional\"],\"inLanguage\":\"es\"},{\"@type\":\"WebPage\",\"@id\":\"https:\/\/www.mpppst.gob.ve\/mpppstweb\/index.php\/2024\/09\/27\/ministro-pinate-llama-a-la-clase-obrera-a-asumir-un-papel-protagonico-en-la-revolucion-bolivariana\/\",\"url\":\"https:\/\/www.mpppst.gob.ve\/mpppstweb\/index.php\/2024\/09\/27\/ministro-pinate-llama-a-la-clase-obrera-a-asumir-un-papel-protagonico-en-la-revolucion-bolivariana\/\",\"name\":\"Ministro Pi\u00f1ate llama a la clase obrera a asumir un papel protag\u00f3nico en la Revoluci\u00f3n Bolivariana. - MPPPST\",\"isPartOf\":{\"@id\":\"https:\/\/www.mpppst.gob.ve\/mpppstweb\/#website\"},\"primaryImageOfPage\":{\"@id\":\"https:\/\/www.mpppst.gob.ve\/mpppstweb\/index.php\/2024\/09\/27\/ministro-pinate-llama-a-la-clase-obrera-a-asumir-un-papel-protagonico-en-la-revolucion-bolivariana\/#primaryimage\"},\"image\":{\"@id\":\"https:\/\/www.mpppst.gob.ve\/mpppstweb\/index.php\/2024\/09\/27\/ministro-pinate-llama-a-la-clase-obrera-a-asumir-un-papel-protagonico-en-la-revolucion-bolivariana\/#primaryimage\"},\"thumbnailUrl\":\"https:\/\/www.mpppst.gob.ve\/mpppstweb\/wp-content\/uploads\/2024\/09\/IMG_20240927_193133_494.jpg\",\"datePublished\":\"2024-09-27T23:34:01+00:00\",\"dateModified\":\"2024-09-27T23:39:04+00:00\",\"breadcrumb\":{\"@id\":\"https:\/\/www.mpppst.gob.ve\/mpppstweb\/index.php\/2024\/09\/27\/ministro-pinate-llama-a-la-clase-obrera-a-asumir-un-papel-protagonico-en-la-revolucion-bolivariana\/#breadcrumb\"},\"inLanguage\":\"es\",\"potentialAction\":[{\"@type\":\"ReadAction\",\"target\":[\"https:\/\/www.mpppst.gob.ve\/mpppstweb\/index.php\/2024\/09\/27\/ministro-pinate-llama-a-la-clase-obrera-a-asumir-un-papel-protagonico-en-la-revolucion-bolivariana\/\"]}]},{\"@type\":\"ImageObject\",\"inLanguage\":\"es\",\"@id\":\"https:\/\/www.mpppst.gob.ve\/mpppstweb\/index.php\/2024\/09\/27\/ministro-pinate-llama-a-la-clase-obrera-a-asumir-un-papel-protagonico-en-la-revolucion-bolivariana\/#primaryimage\",\"url\":\"https:\/\/www.mpppst.gob.ve\/mpppstweb\/wp-content\/uploads\/2024\/09\/IMG_20240927_193133_494.jpg\",\"contentUrl\":\"https:\/\/www.mpppst.gob.ve\/mpppstweb\/wp-content\/uploads\/2024\/09\/IMG_20240927_193133_494.jpg\",\"width\":1280,\"height\":721},{\"@type\":\"BreadcrumbList\",\"@id\":\"https:\/\/www.mpppst.gob.ve\/mpppstweb\/index.php\/2024\/09\/27\/ministro-pinate-llama-a-la-clase-obrera-a-asumir-un-papel-protagonico-en-la-revolucion-bolivariana\/#breadcrumb\",\"itemListElement\":[{\"@type\":\"ListItem\",\"position\":1,\"name\":\"Home\",\"item\":\"https:\/\/www.mpppst.gob.ve\/mpppstweb\/\"},{\"@type\":\"ListItem\",\"position\":2,\"name\":\"Ministro Pi\u00f1ate llama a la clase obrera a asumir un papel protag\u00f3nico en la Revoluci\u00f3n Bolivariana.\"}]},{\"@type\":\"WebSite\",\"@id\":\"https:\/\/www.mpppst.gob.ve\/mpppstweb\/#website\",\"url\":\"https:\/\/www.mpppst.gob.ve\/mpppstweb\/\",\"name\":\"MPPPST\",\"description\":\"Ministerio del Poder Popular para el Proceso Social de Trabajo\",\"publisher\":{\"@id\":\"https:\/\/www.mpppst.gob.ve\/mpppstweb\/#organization\"},\"potentialAction\":[{\"@type\":\"SearchAction\",\"target\":{\"@type\":\"EntryPoint\",\"urlTemplate\":\"https:\/\/www.mpppst.gob.ve\/mpppstweb\/?s={search_term_string}\"},\"query-input\":\"required name=search_term_string\"}],\"inLanguage\":\"es\"},{\"@type\":\"Organization\",\"@id\":\"https:\/\/www.mpppst.gob.ve\/mpppstweb\/#organization\",\"name\":\"mpppst\",\"url\":\"https:\/\/www.mpppst.gob.ve\/mpppstweb\/\",\"logo\":{\"@type\":\"ImageObject\",\"inLanguage\":\"es\",\"@id\":\"https:\/\/www.mpppst.gob.ve\/mpppstweb\/#\/schema\/logo\/image\/\",\"url\":\"https:\/\/www.mpppst.gob.ve\/mpppstweb\/wp-content\/uploads\/2025\/07\/cropped-cropped-g910.png\",\"contentUrl\":\"https:\/\/www.mpppst.gob.ve\/mpppstweb\/wp-content\/uploads\/2025\/07\/cropped-cropped-g910.png\",\"width\":1080,\"height\":241,\"caption\":\"mpppst\"},\"image\":{\"@id\":\"https:\/\/www.mpppst.gob.ve\/mpppstweb\/#\/schema\/logo\/image\/\"}},{\"@type\":\"Person\",\"@id\":\"https:\/\/www.mpppst.gob.ve\/mpppstweb\/#\/schema\/person\/fc187ee8ead412bd4c9304b62f900ea4\",\"name\":\"MPPPST Prensa\",\"url\":\"https:\/\/www.mpppst.gob.ve\/mpppstweb\/index.php\/author\/prensa-mpppst\/\"}]}<\/script>\n<!-- \/ Yoast SEO plugin. -->","yoast_head_json":{"title":"Ministro Pi\u00f1ate llama a la clase obrera a asumir un papel protag\u00f3nico en la Revoluci\u00f3n Bolivariana. - MPPPST","robots":{"index":"index","follow":"follow","max-snippet":"max-snippet:-1","max-image-preview":"max-image-preview:large","max-video-preview":"max-video-preview:-1"},"canonical":"https:\/\/www.mpppst.gob.ve\/mpppstweb\/index.php\/2024\/09\/27\/ministro-pinate-llama-a-la-clase-obrera-a-asumir-un-papel-protagonico-en-la-revolucion-bolivariana\/","og_locale":"es_ES","og_type":"article","og_title":"Ministro Pi\u00f1ate llama a la clase obrera a asumir un papel protag\u00f3nico en la Revoluci\u00f3n Bolivariana. - MPPPST","og_description":"(Caracas 27-09-24. Prensa MPPPST).\u2013 En un acto realizado en el Instituto para Capacitaci\u00f3n y Recreaci\u00f3n de &hellip; Ministro Pi\u00f1ate llama a la clase obrera a asumir un papel protag\u00f3nico en la Revoluci\u00f3n Bolivariana.Read more","og_url":"https:\/\/www.mpppst.gob.ve\/mpppstweb\/index.php\/2024\/09\/27\/ministro-pinate-llama-a-la-clase-obrera-a-asumir-un-papel-protagonico-en-la-revolucion-bolivariana\/","og_site_name":"MPPPST","article_published_time":"2024-09-27T23:34:01+00:00","article_modified_time":"2024-09-27T23:39:04+00:00","og_image":[{"width":1280,"height":721,"url":"http:\/\/www.mpppst.gob.ve\/mpppstweb\/wp-content\/uploads\/2024\/09\/IMG_20240927_193133_494.jpg","type":"image\/jpeg"}],"author":"MPPPST Prensa","twitter_card":"summary_large_image","twitter_misc":{"Escrito por":"MPPPST Prensa","Tiempo de lectura":"3 minutos"},"schema":{"@context":"https:\/\/schema.org","@graph":[{"@type":"Article","@id":"https:\/\/www.mpppst.gob.ve\/mpppstweb\/index.php\/2024\/09\/27\/ministro-pinate-llama-a-la-clase-obrera-a-asumir-un-papel-protagonico-en-la-revolucion-bolivariana\/#article","isPartOf":{"@id":"https:\/\/www.mpppst.gob.ve\/mpppstweb\/index.php\/2024\/09\/27\/ministro-pinate-llama-a-la-clase-obrera-a-asumir-un-papel-protagonico-en-la-revolucion-bolivariana\/"},"author":{"name":"MPPPST Prensa","@id":"https:\/\/www.mpppst.gob.ve\/mpppstweb\/#\/schema\/person\/fc187ee8ead412bd4c9304b62f900ea4"},"headline":"Ministro Pi\u00f1ate llama a la clase obrera a asumir un papel protag\u00f3nico en la Revoluci\u00f3n Bolivariana.","datePublished":"2024-09-27T23:34:01+00:00","dateModified":"2024-09-27T23:39:04+00:00","mainEntityOfPage":{"@id":"https:\/\/www.mpppst.gob.ve\/mpppstweb\/index.php\/2024\/09\/27\/ministro-pinate-llama-a-la-clase-obrera-a-asumir-un-papel-protagonico-en-la-revolucion-bolivariana\/"},"wordCount":537,"publisher":{"@id":"https:\/\/www.mpppst.gob.ve\/mpppstweb\/#organization"},"image":{"@id":"https:\/\/www.mpppst.gob.ve\/mpppstweb\/index.php\/2024\/09\/27\/ministro-pinate-llama-a-la-clase-obrera-a-asumir-un-papel-protagonico-en-la-revolucion-bolivariana\/#primaryimage"},"thumbnailUrl":"https:\/\/www.mpppst.gob.ve\/mpppstweb\/wp-content\/uploads\/2024\/09\/IMG_20240927_193133_494.jpg","keywords":["7 Transformaciones","INCRET","Ministro Eduardo Pi\u00f1ate","Viceministerio para Derechos y Relaciones Laborales","viceministra Johanna Sant\u00e9liz"],"articleSection":["Gobierno Nacional"],"inLanguage":"es"},{"@type":"WebPage","@id":"https:\/\/www.mpppst.gob.ve\/mpppstweb\/index.php\/2024\/09\/27\/ministro-pinate-llama-a-la-clase-obrera-a-asumir-un-papel-protagonico-en-la-revolucion-bolivariana\/","url":"https:\/\/www.mpppst.gob.ve\/mpppstweb\/index.php\/2024\/09\/27\/ministro-pinate-llama-a-la-clase-obrera-a-asumir-un-papel-protagonico-en-la-revolucion-bolivariana\/","name":"Ministro Pi\u00f1ate llama a la clase obrera a asumir un papel protag\u00f3nico en la Revoluci\u00f3n Bolivariana. - MPPPST","isPartOf":{"@id":"https:\/\/www.mpppst.gob.ve\/mpppstweb\/#website"},"primaryImageOfPage":{"@id":"https:\/\/www.mpppst.gob.ve\/mpppstweb\/index.php\/2024\/09\/27\/ministro-pinate-llama-a-la-clase-obrera-a-asumir-un-papel-protagonico-en-la-revolucion-bolivariana\/#primaryimage"},"image":{"@id":"https:\/\/www.mpppst.gob.ve\/mpppstweb\/index.php\/2024\/09\/27\/ministro-pinate-llama-a-la-clase-obrera-a-asumir-un-papel-protagonico-en-la-revolucion-bolivariana\/#primaryimage"},"thumbnailUrl":"https:\/\/www.mpppst.gob.ve\/mpppstweb\/wp-content\/uploads\/2024\/09\/IMG_20240927_193133_494.jpg","datePublished":"2024-09-27T23:34:01+00:00","dateModified":"2024-09-27T23:39:04+00:00","breadcrumb":{"@id":"https:\/\/www.mpppst.gob.ve\/mpppstweb\/index.php\/2024\/09\/27\/ministro-pinate-llama-a-la-clase-obrera-a-asumir-un-papel-protagonico-en-la-revolucion-bolivariana\/#breadcrumb"},"inLanguage":"es","potentialAction":[{"@type":"ReadAction","target":["https:\/\/www.mpppst.gob.ve\/mpppstweb\/index.php\/2024\/09\/27\/ministro-pinate-llama-a-la-clase-obrera-a-asumir-un-papel-protagonico-en-la-revolucion-bolivariana\/"]}]},{"@type":"ImageObject","inLanguage":"es","@id":"https:\/\/www.mpppst.gob.ve\/mpppstweb\/index.php\/2024\/09\/27\/ministro-pinate-llama-a-la-clase-obrera-a-asumir-un-papel-protagonico-en-la-revolucion-bolivariana\/#primaryimage","url":"https:\/\/www.mpppst.gob.ve\/mpppstweb\/wp-content\/uploads\/2024\/09\/IMG_20240927_193133_494.jpg","contentUrl":"https:\/\/www.mpppst.gob.ve\/mpppstweb\/wp-content\/uploads\/2024\/09\/IMG_20240927_193133_494.jpg","width":1280,"height":721},{"@type":"BreadcrumbList","@id":"https:\/\/www.mpppst.gob.ve\/mpppstweb\/index.php\/2024\/09\/27\/ministro-pinate-llama-a-la-clase-obrera-a-asumir-un-papel-protagonico-en-la-revolucion-bolivariana\/#breadcrumb","itemListElement":[{"@type":"ListItem","position":1,"name":"Home","item":"https:\/\/www.mpppst.gob.ve\/mpppstweb\/"},{"@type":"ListItem","position":2,"name":"Ministro Pi\u00f1ate llama a la clase obrera a asumir un papel protag\u00f3nico en la Revoluci\u00f3n Bolivariana."}]},{"@type":"WebSite","@id":"https:\/\/www.mpppst.gob.ve\/mpppstweb\/#website","url":"https:\/\/www.mpppst.gob.ve\/mpppstweb\/","name":"MPPPST","description":"Ministerio del Poder Popular para el Proceso Social de Trabajo","publisher":{"@id":"https:\/\/www.mpppst.gob.ve\/mpppstweb\/#organization"},"potentialAction":[{"@type":"SearchAction","target":{"@type":"EntryPoint","urlTemplate":"https:\/\/www.mpppst.gob.ve\/mpppstweb\/?s={search_term_string}"},"query-input":"required name=search_term_string"}],"inLanguage":"es"},{"@type":"Organization","@id":"https:\/\/www.mpppst.gob.ve\/mpppstweb\/#organization","name":"mpppst","url":"https:\/\/www.mpppst.gob.ve\/mpppstweb\/","logo":{"@type":"ImageObject","inLanguage":"es","@id":"https:\/\/www.mpppst.gob.ve\/mpppstweb\/#\/schema\/logo\/image\/","url":"https:\/\/www.mpppst.gob.ve\/mpppstweb\/wp-content\/uploads\/2025\/07\/cropped-cropped-g910.png","contentUrl":"https:\/\/www.mpppst.gob.ve\/mpppstweb\/wp-content\/uploads\/2025\/07\/cropped-cropped-g910.png","width":1080,"height":241,"caption":"mpppst"},"image":{"@id":"https:\/\/www.mpppst.gob.ve\/mpppstweb\/#\/schema\/logo\/image\/"}},{"@type":"Person","@id":"https:\/\/www.mpppst.gob.ve\/mpppstweb\/#\/schema\/person\/fc187ee8ead412bd4c9304b62f900ea4","name":"MPPPST Prensa","url":"https:\/\/www.mpppst.gob.ve\/mpppstweb\/index.php\/author\/prensa-mpppst\/"}]}},"_links":{"self":[{"href":"https:\/\/www.mpppst.gob.ve\/mpppstweb\/index.php\/wp-json\/wp\/v2\/posts\/26769"}],"collection":[{"href":"https:\/\/www.mpppst.gob.ve\/mpppstweb\/index.php\/wp-json\/wp\/v2\/posts"}],"about":[{"href":"https:\/\/www.mpppst.gob.ve\/mpppstweb\/index.php\/wp-json\/wp\/v2\/types\/post"}],"author":[{"embeddable":true,"href":"https:\/\/www.mpppst.gob.ve\/mpppstweb\/index.php\/wp-json\/wp\/v2\/users\/25"}],"replies":[{"embeddable":true,"href":"https:\/\/www.mpppst.gob.ve\/mpppstweb\/index.php\/wp-json\/wp\/v2\/comments?post=26769"}],"version-history":[{"count":1,"href":"https:\/\/www.mpppst.gob.ve\/mpppstweb\/index.php\/wp-json\/wp\/v2\/posts\/26769\/revisions"}],"predecessor-version":[{"id":26770,"href":"https:\/\/www.mpppst.gob.ve\/mpppstweb\/index.php\/wp-json\/wp\/v2\/posts\/26769\/revisions\/26770"}],"wp:featuredmedia":[{"embeddable":true,"href":"https:\/\/www.mpppst.gob.ve\/mpppstweb\/index.php\/wp-json\/wp\/v2\/media\/26773"}],"wp:attachment":[{"href":"https:\/\/www.mpppst.gob.ve\/mpppstweb\/index.php\/wp-json\/wp\/v2\/media?parent=26769"}],"wp:term":[{"taxonomy":"category","embeddable":true,"href":"https:\/\/www.mpppst.gob.ve\/mpppstweb\/index.php\/wp-json\/wp\/v2\/categories?post=26769"},{"taxonomy":"post_tag","embeddable":true,"href":"https:\/\/www.mpppst.gob.ve\/mpppstweb\/index.php\/wp-json\/wp\/v2\/tags?post=26769"}],"curies":[{"name":"wp","href":"https:\/\/api.w.org\/{rel}","templated":true}]}}