{"id":26779,"date":"2024-09-28T19:32:58","date_gmt":"2024-09-28T23:32:58","guid":{"rendered":"https:\/\/www.mpppst.gob.ve\/mpppstweb\/?p=26779"},"modified":"2024-09-28T19:40:19","modified_gmt":"2024-09-28T23:40:19","slug":"clase-obrera-conmemora-2-meses-de-la-victoria-del-presidente-obrero-nicolas-maduro","status":"publish","type":"post","link":"https:\/\/www.mpppst.gob.ve\/mpppstweb\/index.php\/2024\/09\/28\/clase-obrera-conmemora-2-meses-de-la-victoria-del-presidente-obrero-nicolas-maduro\/","title":{"rendered":"Clase Obrera conmemora 2 meses de la victoria del Presidente obrero Nicol\u00e1s Maduro."},"content":{"rendered":"\n<p><br>(Caracas, 28-09-24. Prensa MPPPST).\u2013 Los trabajadores y trabajadoras del Ministerio del Poder Popular para el Proceso Social de Trabajo (MPPPST) se movilizaron hoy desde el Consejo Nacional Electoral (CNE) en Plaza Venezuela hasta la Asamblea Nacional, para celebrar los dos meses de la contundente victoria del presidente obrero Nicol\u00e1s Maduro Moros en las elecciones presidenciales.<br><br>La marcha se desarroll\u00f3 en un ambiente de alegr\u00eda, m\u00fasica y consignas que reafirman el apoyo a la gesti\u00f3n del Jefe de Estado. Bandera roja, pancartas y cantos revolucionarios inundaron las calles de Caracas, reflejando el compromiso de la clase obrera con el proyecto socialista de la Revoluci\u00f3n Bolivariana.<\/p>\n\n\n\n<figure class=\"wp-block-image size-large\"><img decoding=\"async\" loading=\"lazy\" width=\"1024\" height=\"577\" src=\"https:\/\/www.mpppst.gob.ve\/mpppstweb\/wp-content\/uploads\/2024\/09\/img_20240928_193041_3856336265226110860453-1024x577.jpg\" alt=\"\" class=\"wp-image-26778\" srcset=\"https:\/\/www.mpppst.gob.ve\/mpppstweb\/wp-content\/uploads\/2024\/09\/img_20240928_193041_3856336265226110860453-1024x577.jpg 1024w, https:\/\/www.mpppst.gob.ve\/mpppstweb\/wp-content\/uploads\/2024\/09\/img_20240928_193041_3856336265226110860453-300x169.jpg 300w, https:\/\/www.mpppst.gob.ve\/mpppstweb\/wp-content\/uploads\/2024\/09\/img_20240928_193041_3856336265226110860453-768x433.jpg 768w, https:\/\/www.mpppst.gob.ve\/mpppstweb\/wp-content\/uploads\/2024\/09\/img_20240928_193041_3856336265226110860453.jpg 1280w\" sizes=\"(max-width: 1024px) 100vw, 1024px\" \/><figcaption class=\"wp-element-caption\"><em>Foto: Greyler Alvarado.<\/em><\/figcaption><\/figure>\n\n\n\n<p><br><br>En estos dos meses, el presidente Maduro ha demostrado su compromiso con el pueblo, trabajando sin descanso para mejorar la calidad de vida de los venezolanos y garantizar la soberan\u00eda nacional. <br><br>La celebraci\u00f3n se convirti\u00f3 en un llamado a la unidad nacional para seguir construyendo una Venezuela pr\u00f3spera y justa para todos.(Fin\/Isabela Guzm\u00e1n).<\/p>\n","protected":false},"excerpt":{"rendered":"<p>(Caracas, 28-09-24. Prensa MPPPST).\u2013 Los trabajadores y trabajadoras del Ministerio del Poder Popular para el Proceso &hellip; <a title=\"Clase Obrera conmemora 2 meses de la victoria del Presidente obrero Nicol\u00e1s Maduro.\" class=\"hm-read-more\" href=\"https:\/\/www.mpppst.gob.ve\/mpppstweb\/index.php\/2024\/09\/28\/clase-obrera-conmemora-2-meses-de-la-victoria-del-presidente-obrero-nicolas-maduro\/\"><span class=\"screen-reader-text\">Clase Obrera conmemora 2 meses de la victoria del Presidente obrero Nicol\u00e1s Maduro.<\/span>Read more<\/a><\/p>\n","protected":false},"author":25,"featured_media":26782,"comment_status":"closed","ping_status":"closed","sticky":false,"template":"","format":"standard","meta":{"footnotes":""},"categories":[82],"tags":[350,822,830,459,620,440],"yoast_head":"<!-- This site is optimized with the Yoast SEO plugin v22.5 - https:\/\/yoast.com\/wordpress\/plugins\/seo\/ -->\n<title>Clase Obrera conmemora 2 meses de la victoria del Presidente obrero Nicol\u00e1s Maduro. - MPPPST<\/title>\n<meta name=\"robots\" content=\"index, follow, max-snippet:-1, max-image-preview:large, max-video-preview:-1\" \/>\n<link rel=\"canonical\" href=\"https:\/\/www.mpppst.gob.ve\/mpppstweb\/index.php\/2024\/09\/28\/clase-obrera-conmemora-2-meses-de-la-victoria-del-presidente-obrero-nicolas-maduro\/\" \/>\n<meta property=\"og:locale\" content=\"es_ES\" \/>\n<meta property=\"og:type\" content=\"article\" \/>\n<meta property=\"og:title\" content=\"Clase Obrera conmemora 2 meses de la victoria del Presidente obrero Nicol\u00e1s Maduro. - MPPPST\" \/>\n<meta property=\"og:description\" content=\"(Caracas, 28-09-24. Prensa MPPPST).\u2013 Los trabajadores y trabajadoras del Ministerio del Poder Popular para el Proceso &hellip; Clase Obrera conmemora 2 meses de la victoria del Presidente obrero Nicol\u00e1s Maduro.Read more\" \/>\n<meta property=\"og:url\" content=\"https:\/\/www.mpppst.gob.ve\/mpppstweb\/index.php\/2024\/09\/28\/clase-obrera-conmemora-2-meses-de-la-victoria-del-presidente-obrero-nicolas-maduro\/\" \/>\n<meta property=\"og:site_name\" content=\"MPPPST\" \/>\n<meta property=\"article:published_time\" content=\"2024-09-28T23:32:58+00:00\" \/>\n<meta property=\"article:modified_time\" content=\"2024-09-28T23:40:19+00:00\" \/>\n<meta property=\"og:image\" content=\"http:\/\/www.mpppst.gob.ve\/mpppstweb\/wp-content\/uploads\/2024\/09\/IMG_20240928_193030_374.jpg\" \/>\n\t<meta property=\"og:image:width\" content=\"1280\" \/>\n\t<meta property=\"og:image:height\" content=\"721\" \/>\n\t<meta property=\"og:image:type\" content=\"image\/jpeg\" \/>\n<meta name=\"author\" content=\"MPPPST Prensa\" \/>\n<meta name=\"twitter:card\" content=\"summary_large_image\" \/>\n<meta name=\"twitter:label1\" content=\"Escrito por\" \/>\n\t<meta name=\"twitter:data1\" content=\"MPPPST Prensa\" \/>\n\t<meta name=\"twitter:label2\" content=\"Tiempo de lectura\" \/>\n\t<meta name=\"twitter:data2\" content=\"2 minutos\" \/>\n<script type=\"application\/ld+json\" class=\"yoast-schema-graph\">{\"@context\":\"https:\/\/schema.org\",\"@graph\":[{\"@type\":\"Article\",\"@id\":\"https:\/\/www.mpppst.gob.ve\/mpppstweb\/index.php\/2024\/09\/28\/clase-obrera-conmemora-2-meses-de-la-victoria-del-presidente-obrero-nicolas-maduro\/#article\",\"isPartOf\":{\"@id\":\"https:\/\/www.mpppst.gob.ve\/mpppstweb\/index.php\/2024\/09\/28\/clase-obrera-conmemora-2-meses-de-la-victoria-del-presidente-obrero-nicolas-maduro\/\"},\"author\":{\"name\":\"MPPPST Prensa\",\"@id\":\"https:\/\/www.mpppst.gob.ve\/mpppstweb\/#\/schema\/person\/fc187ee8ead412bd4c9304b62f900ea4\"},\"headline\":\"Clase Obrera conmemora 2 meses de la victoria del Presidente obrero Nicol\u00e1s Maduro.\",\"datePublished\":\"2024-09-28T23:32:58+00:00\",\"dateModified\":\"2024-09-28T23:40:19+00:00\",\"mainEntityOfPage\":{\"@id\":\"https:\/\/www.mpppst.gob.ve\/mpppstweb\/index.php\/2024\/09\/28\/clase-obrera-conmemora-2-meses-de-la-victoria-del-presidente-obrero-nicolas-maduro\/\"},\"wordCount\":185,\"publisher\":{\"@id\":\"https:\/\/www.mpppst.gob.ve\/mpppstweb\/#organization\"},\"image\":{\"@id\":\"https:\/\/www.mpppst.gob.ve\/mpppstweb\/index.php\/2024\/09\/28\/clase-obrera-conmemora-2-meses-de-la-victoria-del-presidente-obrero-nicolas-maduro\/#primaryimage\"},\"thumbnailUrl\":\"https:\/\/www.mpppst.gob.ve\/mpppstweb\/wp-content\/uploads\/2024\/09\/IMG_20240928_193030_374.jpg\",\"keywords\":[\"Clase Obrera\",\"Clase Trabajadora\",\"Gran Marcha\",\"Movilizaci\u00f3n\",\"Presidente Nicol\u00e1s Maduro\",\"Victoria perfecta\"],\"articleSection\":[\"Gobierno Nacional\"],\"inLanguage\":\"es\"},{\"@type\":\"WebPage\",\"@id\":\"https:\/\/www.mpppst.gob.ve\/mpppstweb\/index.php\/2024\/09\/28\/clase-obrera-conmemora-2-meses-de-la-victoria-del-presidente-obrero-nicolas-maduro\/\",\"url\":\"https:\/\/www.mpppst.gob.ve\/mpppstweb\/index.php\/2024\/09\/28\/clase-obrera-conmemora-2-meses-de-la-victoria-del-presidente-obrero-nicolas-maduro\/\",\"name\":\"Clase Obrera conmemora 2 meses de la victoria del Presidente obrero Nicol\u00e1s Maduro. - MPPPST\",\"isPartOf\":{\"@id\":\"https:\/\/www.mpppst.gob.ve\/mpppstweb\/#website\"},\"primaryImageOfPage\":{\"@id\":\"https:\/\/www.mpppst.gob.ve\/mpppstweb\/index.php\/2024\/09\/28\/clase-obrera-conmemora-2-meses-de-la-victoria-del-presidente-obrero-nicolas-maduro\/#primaryimage\"},\"image\":{\"@id\":\"https:\/\/www.mpppst.gob.ve\/mpppstweb\/index.php\/2024\/09\/28\/clase-obrera-conmemora-2-meses-de-la-victoria-del-presidente-obrero-nicolas-maduro\/#primaryimage\"},\"thumbnailUrl\":\"https:\/\/www.mpppst.gob.ve\/mpppstweb\/wp-content\/uploads\/2024\/09\/IMG_20240928_193030_374.jpg\",\"datePublished\":\"2024-09-28T23:32:58+00:00\",\"dateModified\":\"2024-09-28T23:40:19+00:00\",\"breadcrumb\":{\"@id\":\"https:\/\/www.mpppst.gob.ve\/mpppstweb\/index.php\/2024\/09\/28\/clase-obrera-conmemora-2-meses-de-la-victoria-del-presidente-obrero-nicolas-maduro\/#breadcrumb\"},\"inLanguage\":\"es\",\"potentialAction\":[{\"@type\":\"ReadAction\",\"target\":[\"https:\/\/www.mpppst.gob.ve\/mpppstweb\/index.php\/2024\/09\/28\/clase-obrera-conmemora-2-meses-de-la-victoria-del-presidente-obrero-nicolas-maduro\/\"]}]},{\"@type\":\"ImageObject\",\"inLanguage\":\"es\",\"@id\":\"https:\/\/www.mpppst.gob.ve\/mpppstweb\/index.php\/2024\/09\/28\/clase-obrera-conmemora-2-meses-de-la-victoria-del-presidente-obrero-nicolas-maduro\/#primaryimage\",\"url\":\"https:\/\/www.mpppst.gob.ve\/mpppstweb\/wp-content\/uploads\/2024\/09\/IMG_20240928_193030_374.jpg\",\"contentUrl\":\"https:\/\/www.mpppst.gob.ve\/mpppstweb\/wp-content\/uploads\/2024\/09\/IMG_20240928_193030_374.jpg\",\"width\":1280,\"height\":721},{\"@type\":\"BreadcrumbList\",\"@id\":\"https:\/\/www.mpppst.gob.ve\/mpppstweb\/index.php\/2024\/09\/28\/clase-obrera-conmemora-2-meses-de-la-victoria-del-presidente-obrero-nicolas-maduro\/#breadcrumb\",\"itemListElement\":[{\"@type\":\"ListItem\",\"position\":1,\"name\":\"Home\",\"item\":\"https:\/\/www.mpppst.gob.ve\/mpppstweb\/\"},{\"@type\":\"ListItem\",\"position\":2,\"name\":\"Clase Obrera conmemora 2 meses de la victoria del Presidente obrero Nicol\u00e1s Maduro.\"}]},{\"@type\":\"WebSite\",\"@id\":\"https:\/\/www.mpppst.gob.ve\/mpppstweb\/#website\",\"url\":\"https:\/\/www.mpppst.gob.ve\/mpppstweb\/\",\"name\":\"MPPPST\",\"description\":\"Ministerio del Poder Popular para el Proceso Social de Trabajo\",\"publisher\":{\"@id\":\"https:\/\/www.mpppst.gob.ve\/mpppstweb\/#organization\"},\"potentialAction\":[{\"@type\":\"SearchAction\",\"target\":{\"@type\":\"EntryPoint\",\"urlTemplate\":\"https:\/\/www.mpppst.gob.ve\/mpppstweb\/?s={search_term_string}\"},\"query-input\":\"required name=search_term_string\"}],\"inLanguage\":\"es\"},{\"@type\":\"Organization\",\"@id\":\"https:\/\/www.mpppst.gob.ve\/mpppstweb\/#organization\",\"name\":\"mpppst\",\"url\":\"https:\/\/www.mpppst.gob.ve\/mpppstweb\/\",\"logo\":{\"@type\":\"ImageObject\",\"inLanguage\":\"es\",\"@id\":\"https:\/\/www.mpppst.gob.ve\/mpppstweb\/#\/schema\/logo\/image\/\",\"url\":\"https:\/\/www.mpppst.gob.ve\/mpppstweb\/wp-content\/uploads\/2025\/07\/cropped-cropped-g910.png\",\"contentUrl\":\"https:\/\/www.mpppst.gob.ve\/mpppstweb\/wp-content\/uploads\/2025\/07\/cropped-cropped-g910.png\",\"width\":1080,\"height\":241,\"caption\":\"mpppst\"},\"image\":{\"@id\":\"https:\/\/www.mpppst.gob.ve\/mpppstweb\/#\/schema\/logo\/image\/\"}},{\"@type\":\"Person\",\"@id\":\"https:\/\/www.mpppst.gob.ve\/mpppstweb\/#\/schema\/person\/fc187ee8ead412bd4c9304b62f900ea4\",\"name\":\"MPPPST Prensa\",\"url\":\"https:\/\/www.mpppst.gob.ve\/mpppstweb\/index.php\/author\/prensa-mpppst\/\"}]}<\/script>\n<!-- \/ Yoast SEO plugin. -->","yoast_head_json":{"title":"Clase Obrera conmemora 2 meses de la victoria del Presidente obrero Nicol\u00e1s Maduro. - MPPPST","robots":{"index":"index","follow":"follow","max-snippet":"max-snippet:-1","max-image-preview":"max-image-preview:large","max-video-preview":"max-video-preview:-1"},"canonical":"https:\/\/www.mpppst.gob.ve\/mpppstweb\/index.php\/2024\/09\/28\/clase-obrera-conmemora-2-meses-de-la-victoria-del-presidente-obrero-nicolas-maduro\/","og_locale":"es_ES","og_type":"article","og_title":"Clase Obrera conmemora 2 meses de la victoria del Presidente obrero Nicol\u00e1s Maduro. - MPPPST","og_description":"(Caracas, 28-09-24. Prensa MPPPST).\u2013 Los trabajadores y trabajadoras del Ministerio del Poder Popular para el Proceso &hellip; Clase Obrera conmemora 2 meses de la victoria del Presidente obrero Nicol\u00e1s Maduro.Read more","og_url":"https:\/\/www.mpppst.gob.ve\/mpppstweb\/index.php\/2024\/09\/28\/clase-obrera-conmemora-2-meses-de-la-victoria-del-presidente-obrero-nicolas-maduro\/","og_site_name":"MPPPST","article_published_time":"2024-09-28T23:32:58+00:00","article_modified_time":"2024-09-28T23:40:19+00:00","og_image":[{"width":1280,"height":721,"url":"http:\/\/www.mpppst.gob.ve\/mpppstweb\/wp-content\/uploads\/2024\/09\/IMG_20240928_193030_374.jpg","type":"image\/jpeg"}],"author":"MPPPST Prensa","twitter_card":"summary_large_image","twitter_misc":{"Escrito por":"MPPPST Prensa","Tiempo de lectura":"2 minutos"},"schema":{"@context":"https:\/\/schema.org","@graph":[{"@type":"Article","@id":"https:\/\/www.mpppst.gob.ve\/mpppstweb\/index.php\/2024\/09\/28\/clase-obrera-conmemora-2-meses-de-la-victoria-del-presidente-obrero-nicolas-maduro\/#article","isPartOf":{"@id":"https:\/\/www.mpppst.gob.ve\/mpppstweb\/index.php\/2024\/09\/28\/clase-obrera-conmemora-2-meses-de-la-victoria-del-presidente-obrero-nicolas-maduro\/"},"author":{"name":"MPPPST Prensa","@id":"https:\/\/www.mpppst.gob.ve\/mpppstweb\/#\/schema\/person\/fc187ee8ead412bd4c9304b62f900ea4"},"headline":"Clase Obrera conmemora 2 meses de la victoria del Presidente obrero Nicol\u00e1s Maduro.","datePublished":"2024-09-28T23:32:58+00:00","dateModified":"2024-09-28T23:40:19+00:00","mainEntityOfPage":{"@id":"https:\/\/www.mpppst.gob.ve\/mpppstweb\/index.php\/2024\/09\/28\/clase-obrera-conmemora-2-meses-de-la-victoria-del-presidente-obrero-nicolas-maduro\/"},"wordCount":185,"publisher":{"@id":"https:\/\/www.mpppst.gob.ve\/mpppstweb\/#organization"},"image":{"@id":"https:\/\/www.mpppst.gob.ve\/mpppstweb\/index.php\/2024\/09\/28\/clase-obrera-conmemora-2-meses-de-la-victoria-del-presidente-obrero-nicolas-maduro\/#primaryimage"},"thumbnailUrl":"https:\/\/www.mpppst.gob.ve\/mpppstweb\/wp-content\/uploads\/2024\/09\/IMG_20240928_193030_374.jpg","keywords":["Clase Obrera","Clase Trabajadora","Gran Marcha","Movilizaci\u00f3n","Presidente Nicol\u00e1s Maduro","Victoria perfecta"],"articleSection":["Gobierno Nacional"],"inLanguage":"es"},{"@type":"WebPage","@id":"https:\/\/www.mpppst.gob.ve\/mpppstweb\/index.php\/2024\/09\/28\/clase-obrera-conmemora-2-meses-de-la-victoria-del-presidente-obrero-nicolas-maduro\/","url":"https:\/\/www.mpppst.gob.ve\/mpppstweb\/index.php\/2024\/09\/28\/clase-obrera-conmemora-2-meses-de-la-victoria-del-presidente-obrero-nicolas-maduro\/","name":"Clase Obrera conmemora 2 meses de la victoria del Presidente obrero Nicol\u00e1s Maduro. - MPPPST","isPartOf":{"@id":"https:\/\/www.mpppst.gob.ve\/mpppstweb\/#website"},"primaryImageOfPage":{"@id":"https:\/\/www.mpppst.gob.ve\/mpppstweb\/index.php\/2024\/09\/28\/clase-obrera-conmemora-2-meses-de-la-victoria-del-presidente-obrero-nicolas-maduro\/#primaryimage"},"image":{"@id":"https:\/\/www.mpppst.gob.ve\/mpppstweb\/index.php\/2024\/09\/28\/clase-obrera-conmemora-2-meses-de-la-victoria-del-presidente-obrero-nicolas-maduro\/#primaryimage"},"thumbnailUrl":"https:\/\/www.mpppst.gob.ve\/mpppstweb\/wp-content\/uploads\/2024\/09\/IMG_20240928_193030_374.jpg","datePublished":"2024-09-28T23:32:58+00:00","dateModified":"2024-09-28T23:40:19+00:00","breadcrumb":{"@id":"https:\/\/www.mpppst.gob.ve\/mpppstweb\/index.php\/2024\/09\/28\/clase-obrera-conmemora-2-meses-de-la-victoria-del-presidente-obrero-nicolas-maduro\/#breadcrumb"},"inLanguage":"es","potentialAction":[{"@type":"ReadAction","target":["https:\/\/www.mpppst.gob.ve\/mpppstweb\/index.php\/2024\/09\/28\/clase-obrera-conmemora-2-meses-de-la-victoria-del-presidente-obrero-nicolas-maduro\/"]}]},{"@type":"ImageObject","inLanguage":"es","@id":"https:\/\/www.mpppst.gob.ve\/mpppstweb\/index.php\/2024\/09\/28\/clase-obrera-conmemora-2-meses-de-la-victoria-del-presidente-obrero-nicolas-maduro\/#primaryimage","url":"https:\/\/www.mpppst.gob.ve\/mpppstweb\/wp-content\/uploads\/2024\/09\/IMG_20240928_193030_374.jpg","contentUrl":"https:\/\/www.mpppst.gob.ve\/mpppstweb\/wp-content\/uploads\/2024\/09\/IMG_20240928_193030_374.jpg","width":1280,"height":721},{"@type":"BreadcrumbList","@id":"https:\/\/www.mpppst.gob.ve\/mpppstweb\/index.php\/2024\/09\/28\/clase-obrera-conmemora-2-meses-de-la-victoria-del-presidente-obrero-nicolas-maduro\/#breadcrumb","itemListElement":[{"@type":"ListItem","position":1,"name":"Home","item":"https:\/\/www.mpppst.gob.ve\/mpppstweb\/"},{"@type":"ListItem","position":2,"name":"Clase Obrera conmemora 2 meses de la victoria del Presidente obrero Nicol\u00e1s Maduro."}]},{"@type":"WebSite","@id":"https:\/\/www.mpppst.gob.ve\/mpppstweb\/#website","url":"https:\/\/www.mpppst.gob.ve\/mpppstweb\/","name":"MPPPST","description":"Ministerio del Poder Popular para el Proceso Social de Trabajo","publisher":{"@id":"https:\/\/www.mpppst.gob.ve\/mpppstweb\/#organization"},"potentialAction":[{"@type":"SearchAction","target":{"@type":"EntryPoint","urlTemplate":"https:\/\/www.mpppst.gob.ve\/mpppstweb\/?s={search_term_string}"},"query-input":"required name=search_term_string"}],"inLanguage":"es"},{"@type":"Organization","@id":"https:\/\/www.mpppst.gob.ve\/mpppstweb\/#organization","name":"mpppst","url":"https:\/\/www.mpppst.gob.ve\/mpppstweb\/","logo":{"@type":"ImageObject","inLanguage":"es","@id":"https:\/\/www.mpppst.gob.ve\/mpppstweb\/#\/schema\/logo\/image\/","url":"https:\/\/www.mpppst.gob.ve\/mpppstweb\/wp-content\/uploads\/2025\/07\/cropped-cropped-g910.png","contentUrl":"https:\/\/www.mpppst.gob.ve\/mpppstweb\/wp-content\/uploads\/2025\/07\/cropped-cropped-g910.png","width":1080,"height":241,"caption":"mpppst"},"image":{"@id":"https:\/\/www.mpppst.gob.ve\/mpppstweb\/#\/schema\/logo\/image\/"}},{"@type":"Person","@id":"https:\/\/www.mpppst.gob.ve\/mpppstweb\/#\/schema\/person\/fc187ee8ead412bd4c9304b62f900ea4","name":"MPPPST Prensa","url":"https:\/\/www.mpppst.gob.ve\/mpppstweb\/index.php\/author\/prensa-mpppst\/"}]}},"_links":{"self":[{"href":"https:\/\/www.mpppst.gob.ve\/mpppstweb\/index.php\/wp-json\/wp\/v2\/posts\/26779"}],"collection":[{"href":"https:\/\/www.mpppst.gob.ve\/mpppstweb\/index.php\/wp-json\/wp\/v2\/posts"}],"about":[{"href":"https:\/\/www.mpppst.gob.ve\/mpppstweb\/index.php\/wp-json\/wp\/v2\/types\/post"}],"author":[{"embeddable":true,"href":"https:\/\/www.mpppst.gob.ve\/mpppstweb\/index.php\/wp-json\/wp\/v2\/users\/25"}],"replies":[{"embeddable":true,"href":"https:\/\/www.mpppst.gob.ve\/mpppstweb\/index.php\/wp-json\/wp\/v2\/comments?post=26779"}],"version-history":[{"count":1,"href":"https:\/\/www.mpppst.gob.ve\/mpppstweb\/index.php\/wp-json\/wp\/v2\/posts\/26779\/revisions"}],"predecessor-version":[{"id":26780,"href":"https:\/\/www.mpppst.gob.ve\/mpppstweb\/index.php\/wp-json\/wp\/v2\/posts\/26779\/revisions\/26780"}],"wp:featuredmedia":[{"embeddable":true,"href":"https:\/\/www.mpppst.gob.ve\/mpppstweb\/index.php\/wp-json\/wp\/v2\/media\/26782"}],"wp:attachment":[{"href":"https:\/\/www.mpppst.gob.ve\/mpppstweb\/index.php\/wp-json\/wp\/v2\/media?parent=26779"}],"wp:term":[{"taxonomy":"category","embeddable":true,"href":"https:\/\/www.mpppst.gob.ve\/mpppstweb\/index.php\/wp-json\/wp\/v2\/categories?post=26779"},{"taxonomy":"post_tag","embeddable":true,"href":"https:\/\/www.mpppst.gob.ve\/mpppstweb\/index.php\/wp-json\/wp\/v2\/tags?post=26779"}],"curies":[{"name":"wp","href":"https:\/\/api.w.org\/{rel}","templated":true}]}}