{"id":26787,"date":"2024-10-01T17:46:51","date_gmt":"2024-10-01T21:46:51","guid":{"rendered":"https:\/\/www.mpppst.gob.ve\/mpppstweb\/?p=26787"},"modified":"2024-10-01T17:52:05","modified_gmt":"2024-10-01T21:52:05","slug":"ministro-eduardo-pinate-da-apertura-a-la-navidad-en-el-ministerio-acompanado-de-la-clase-obrera","status":"publish","type":"post","link":"https:\/\/www.mpppst.gob.ve\/mpppstweb\/index.php\/2024\/10\/01\/ministro-eduardo-pinate-da-apertura-a-la-navidad-en-el-ministerio-acompanado-de-la-clase-obrera\/","title":{"rendered":"Ministro Eduardo Pi\u00f1ate da apertura a la navidad en el Ministerio acompa\u00f1ado de la clase obrera."},"content":{"rendered":"\n<p>(Caracas, 01-10-24. Prensa MPPPST).\u2013 En cumplimiento de las directrices del Presidente Nicol\u00e1s Maduro, el Ministerio del Poder Popular para el Proceso Social de Trabajo (MPPPST) anuncia el inicio oficial de la temporada navide\u00f1a en sus sedes. A partir de este martes 01 de octubre, toda la clase obrera del pa\u00eds se une a esta celebraci\u00f3n que rinde homenaje al esfuerzo y dedicaci\u00f3n de quienes construyen d\u00eda a d\u00eda la patria.<br><br>Para dar inicio a estas festividades, se realiz\u00f3 un gran parrand\u00f3n navide\u00f1o en el ministerio, donde los trabajadores disfrutaron de m\u00fasica, bailes y una obra teatral de la rica cultura venezolana. Este evento no solo sirvi\u00f3 para compartir momentos de alegr\u00eda y camarader\u00eda, sino tambi\u00e9n para reafirmar el compromiso con los valores de unidad y solidaridad que caracterizan a nuestra naci\u00f3n.<br><\/p>\n\n\n\n<figure class=\"wp-block-image size-large\"><img decoding=\"async\" loading=\"lazy\" width=\"1024\" height=\"577\" src=\"https:\/\/www.mpppst.gob.ve\/mpppstweb\/wp-content\/uploads\/2024\/10\/img_20241001_174152_3062485062487766617439-1024x577.jpg\" alt=\"\" class=\"wp-image-26785\" srcset=\"https:\/\/www.mpppst.gob.ve\/mpppstweb\/wp-content\/uploads\/2024\/10\/img_20241001_174152_3062485062487766617439-1024x577.jpg 1024w, https:\/\/www.mpppst.gob.ve\/mpppstweb\/wp-content\/uploads\/2024\/10\/img_20241001_174152_3062485062487766617439-300x169.jpg 300w, https:\/\/www.mpppst.gob.ve\/mpppstweb\/wp-content\/uploads\/2024\/10\/img_20241001_174152_3062485062487766617439-768x433.jpg 768w, https:\/\/www.mpppst.gob.ve\/mpppstweb\/wp-content\/uploads\/2024\/10\/img_20241001_174152_3062485062487766617439.jpg 1280w\" sizes=\"(max-width: 1024px) 100vw, 1024px\" \/><figcaption class=\"wp-element-caption\">Foto: Yorgelis S\u00e1nchez.<\/figcaption><\/figure>\n\n\n\n<p><br>El ministro Eduardo Pi\u00f1ate, expres\u00f3 ante todos los trabajadores y trabajadoras que hicieron el recorrido con el parrand\u00f3n navide\u00f1o por las instalaciones, \u00abcumpliendo las orientaciones del presidente Nicol\u00e1s Maduro, y cumpliendo con el deseo del pueblo venezolano, de la clase obrera, a esta hora comienza la navidad en el ministerio del Proceso Social de Trabajo, \u00a1que viva la navidad!\u00bb<br><br>Cabe destacar que las fiestas decembrinas se extender\u00e1n hasta el 15 de enero, seg\u00fan lo se\u00f1alado por el jefe de Estado durante la transmisi\u00f3n de la edici\u00f3n n\u00famero 59 de su programa Con Maduro +. A lo largo de este mes, se llevar\u00e1n a cabo diversas actividades y eventos que resaltar\u00e1n el valor del trabajo y la solidaridad entre los venezolanos.<\/p>\n\n\n\n<figure class=\"wp-block-image size-large\"><img decoding=\"async\" loading=\"lazy\" width=\"1024\" height=\"577\" src=\"https:\/\/www.mpppst.gob.ve\/mpppstweb\/wp-content\/uploads\/2024\/10\/img_20241001_174209_1777213292789210278075-1024x577.jpg\" alt=\"\" class=\"wp-image-26786\" srcset=\"https:\/\/www.mpppst.gob.ve\/mpppstweb\/wp-content\/uploads\/2024\/10\/img_20241001_174209_1777213292789210278075-1024x577.jpg 1024w, https:\/\/www.mpppst.gob.ve\/mpppstweb\/wp-content\/uploads\/2024\/10\/img_20241001_174209_1777213292789210278075-300x169.jpg 300w, https:\/\/www.mpppst.gob.ve\/mpppstweb\/wp-content\/uploads\/2024\/10\/img_20241001_174209_1777213292789210278075-768x433.jpg 768w, https:\/\/www.mpppst.gob.ve\/mpppstweb\/wp-content\/uploads\/2024\/10\/img_20241001_174209_1777213292789210278075.jpg 1280w\" sizes=\"(max-width: 1024px) 100vw, 1024px\" \/><figcaption class=\"wp-element-caption\">Foto: Yorgelis S\u00e1nchez. <\/figcaption><\/figure>\n\n\n\n<p><br><br>Se espera que todos los sectores se sumen a esta celebraci\u00f3n, que no s\u00f3lo marca el fin de un a\u00f1o, sino tambi\u00e9n el comienzo de nuevas metas y desaf\u00edos en el camino hacia la construcci\u00f3n de una Venezuela socialista.(Fin\/Isabela Guzm\u00e1n).<\/p>\n","protected":false},"excerpt":{"rendered":"<p>(Caracas, 01-10-24. Prensa MPPPST).\u2013 En cumplimiento de las directrices del Presidente Nicol\u00e1s Maduro, el Ministerio del &hellip; <a title=\"Ministro Eduardo Pi\u00f1ate da apertura a la navidad en el Ministerio acompa\u00f1ado de la clase obrera.\" class=\"hm-read-more\" href=\"https:\/\/www.mpppst.gob.ve\/mpppstweb\/index.php\/2024\/10\/01\/ministro-eduardo-pinate-da-apertura-a-la-navidad-en-el-ministerio-acompanado-de-la-clase-obrera\/\"><span class=\"screen-reader-text\">Ministro Eduardo Pi\u00f1ate da apertura a la navidad en el Ministerio acompa\u00f1ado de la clase obrera.<\/span>Read more<\/a><\/p>\n","protected":false},"author":25,"featured_media":26789,"comment_status":"closed","ping_status":"closed","sticky":false,"template":"","format":"standard","meta":{"footnotes":""},"categories":[82],"tags":[350,822,839,448,510],"yoast_head":"<!-- This site is optimized with the Yoast SEO plugin v22.5 - https:\/\/yoast.com\/wordpress\/plugins\/seo\/ -->\n<title>Ministro Eduardo Pi\u00f1ate da apertura a la navidad en el Ministerio acompa\u00f1ado de la clase obrera. - MPPPST<\/title>\n<meta name=\"robots\" content=\"index, follow, max-snippet:-1, max-image-preview:large, max-video-preview:-1\" \/>\n<link rel=\"canonical\" href=\"https:\/\/www.mpppst.gob.ve\/mpppstweb\/index.php\/2024\/10\/01\/ministro-eduardo-pinate-da-apertura-a-la-navidad-en-el-ministerio-acompanado-de-la-clase-obrera\/\" \/>\n<meta property=\"og:locale\" content=\"es_ES\" \/>\n<meta property=\"og:type\" content=\"article\" \/>\n<meta property=\"og:title\" content=\"Ministro Eduardo Pi\u00f1ate da apertura a la navidad en el Ministerio acompa\u00f1ado de la clase obrera. - MPPPST\" \/>\n<meta property=\"og:description\" content=\"(Caracas, 01-10-24. Prensa MPPPST).\u2013 En cumplimiento de las directrices del Presidente Nicol\u00e1s Maduro, el Ministerio del &hellip; Ministro Eduardo Pi\u00f1ate da apertura a la navidad en el Ministerio acompa\u00f1ado de la clase obrera.Read more\" \/>\n<meta property=\"og:url\" content=\"https:\/\/www.mpppst.gob.ve\/mpppstweb\/index.php\/2024\/10\/01\/ministro-eduardo-pinate-da-apertura-a-la-navidad-en-el-ministerio-acompanado-de-la-clase-obrera\/\" \/>\n<meta property=\"og:site_name\" content=\"MPPPST\" \/>\n<meta property=\"article:published_time\" content=\"2024-10-01T21:46:51+00:00\" \/>\n<meta property=\"article:modified_time\" content=\"2024-10-01T21:52:05+00:00\" \/>\n<meta property=\"og:image\" content=\"http:\/\/www.mpppst.gob.ve\/mpppstweb\/wp-content\/uploads\/2024\/10\/IMG_20241001_175148_719.jpg\" \/>\n\t<meta property=\"og:image:width\" content=\"1280\" \/>\n\t<meta property=\"og:image:height\" content=\"721\" \/>\n\t<meta property=\"og:image:type\" content=\"image\/jpeg\" \/>\n<meta name=\"author\" content=\"MPPPST Prensa\" \/>\n<meta name=\"twitter:card\" content=\"summary_large_image\" \/>\n<meta name=\"twitter:label1\" content=\"Escrito por\" \/>\n\t<meta name=\"twitter:data1\" content=\"MPPPST Prensa\" \/>\n\t<meta name=\"twitter:label2\" content=\"Tiempo de lectura\" \/>\n\t<meta name=\"twitter:data2\" content=\"2 minutos\" \/>\n<script type=\"application\/ld+json\" class=\"yoast-schema-graph\">{\"@context\":\"https:\/\/schema.org\",\"@graph\":[{\"@type\":\"Article\",\"@id\":\"https:\/\/www.mpppst.gob.ve\/mpppstweb\/index.php\/2024\/10\/01\/ministro-eduardo-pinate-da-apertura-a-la-navidad-en-el-ministerio-acompanado-de-la-clase-obrera\/#article\",\"isPartOf\":{\"@id\":\"https:\/\/www.mpppst.gob.ve\/mpppstweb\/index.php\/2024\/10\/01\/ministro-eduardo-pinate-da-apertura-a-la-navidad-en-el-ministerio-acompanado-de-la-clase-obrera\/\"},\"author\":{\"name\":\"MPPPST Prensa\",\"@id\":\"https:\/\/www.mpppst.gob.ve\/mpppstweb\/#\/schema\/person\/fc187ee8ead412bd4c9304b62f900ea4\"},\"headline\":\"Ministro Eduardo Pi\u00f1ate da apertura a la navidad en el Ministerio acompa\u00f1ado de la clase obrera.\",\"datePublished\":\"2024-10-01T21:46:51+00:00\",\"dateModified\":\"2024-10-01T21:52:05+00:00\",\"mainEntityOfPage\":{\"@id\":\"https:\/\/www.mpppst.gob.ve\/mpppstweb\/index.php\/2024\/10\/01\/ministro-eduardo-pinate-da-apertura-a-la-navidad-en-el-ministerio-acompanado-de-la-clase-obrera\/\"},\"wordCount\":349,\"publisher\":{\"@id\":\"https:\/\/www.mpppst.gob.ve\/mpppstweb\/#organization\"},\"image\":{\"@id\":\"https:\/\/www.mpppst.gob.ve\/mpppstweb\/index.php\/2024\/10\/01\/ministro-eduardo-pinate-da-apertura-a-la-navidad-en-el-ministerio-acompanado-de-la-clase-obrera\/#primaryimage\"},\"thumbnailUrl\":\"https:\/\/www.mpppst.gob.ve\/mpppstweb\/wp-content\/uploads\/2024\/10\/IMG_20241001_175148_719.jpg\",\"keywords\":[\"Clase Obrera\",\"Clase Trabajadora\",\"Ministro Eduardo Pi\u00f1ate\",\"Navidad\",\"Parranda navide\u00f1a\"],\"articleSection\":[\"Gobierno Nacional\"],\"inLanguage\":\"es\"},{\"@type\":\"WebPage\",\"@id\":\"https:\/\/www.mpppst.gob.ve\/mpppstweb\/index.php\/2024\/10\/01\/ministro-eduardo-pinate-da-apertura-a-la-navidad-en-el-ministerio-acompanado-de-la-clase-obrera\/\",\"url\":\"https:\/\/www.mpppst.gob.ve\/mpppstweb\/index.php\/2024\/10\/01\/ministro-eduardo-pinate-da-apertura-a-la-navidad-en-el-ministerio-acompanado-de-la-clase-obrera\/\",\"name\":\"Ministro Eduardo Pi\u00f1ate da apertura a la navidad en el Ministerio acompa\u00f1ado de la clase obrera. - MPPPST\",\"isPartOf\":{\"@id\":\"https:\/\/www.mpppst.gob.ve\/mpppstweb\/#website\"},\"primaryImageOfPage\":{\"@id\":\"https:\/\/www.mpppst.gob.ve\/mpppstweb\/index.php\/2024\/10\/01\/ministro-eduardo-pinate-da-apertura-a-la-navidad-en-el-ministerio-acompanado-de-la-clase-obrera\/#primaryimage\"},\"image\":{\"@id\":\"https:\/\/www.mpppst.gob.ve\/mpppstweb\/index.php\/2024\/10\/01\/ministro-eduardo-pinate-da-apertura-a-la-navidad-en-el-ministerio-acompanado-de-la-clase-obrera\/#primaryimage\"},\"thumbnailUrl\":\"https:\/\/www.mpppst.gob.ve\/mpppstweb\/wp-content\/uploads\/2024\/10\/IMG_20241001_175148_719.jpg\",\"datePublished\":\"2024-10-01T21:46:51+00:00\",\"dateModified\":\"2024-10-01T21:52:05+00:00\",\"breadcrumb\":{\"@id\":\"https:\/\/www.mpppst.gob.ve\/mpppstweb\/index.php\/2024\/10\/01\/ministro-eduardo-pinate-da-apertura-a-la-navidad-en-el-ministerio-acompanado-de-la-clase-obrera\/#breadcrumb\"},\"inLanguage\":\"es\",\"potentialAction\":[{\"@type\":\"ReadAction\",\"target\":[\"https:\/\/www.mpppst.gob.ve\/mpppstweb\/index.php\/2024\/10\/01\/ministro-eduardo-pinate-da-apertura-a-la-navidad-en-el-ministerio-acompanado-de-la-clase-obrera\/\"]}]},{\"@type\":\"ImageObject\",\"inLanguage\":\"es\",\"@id\":\"https:\/\/www.mpppst.gob.ve\/mpppstweb\/index.php\/2024\/10\/01\/ministro-eduardo-pinate-da-apertura-a-la-navidad-en-el-ministerio-acompanado-de-la-clase-obrera\/#primaryimage\",\"url\":\"https:\/\/www.mpppst.gob.ve\/mpppstweb\/wp-content\/uploads\/2024\/10\/IMG_20241001_175148_719.jpg\",\"contentUrl\":\"https:\/\/www.mpppst.gob.ve\/mpppstweb\/wp-content\/uploads\/2024\/10\/IMG_20241001_175148_719.jpg\",\"width\":1280,\"height\":721},{\"@type\":\"BreadcrumbList\",\"@id\":\"https:\/\/www.mpppst.gob.ve\/mpppstweb\/index.php\/2024\/10\/01\/ministro-eduardo-pinate-da-apertura-a-la-navidad-en-el-ministerio-acompanado-de-la-clase-obrera\/#breadcrumb\",\"itemListElement\":[{\"@type\":\"ListItem\",\"position\":1,\"name\":\"Home\",\"item\":\"https:\/\/www.mpppst.gob.ve\/mpppstweb\/\"},{\"@type\":\"ListItem\",\"position\":2,\"name\":\"Ministro Eduardo Pi\u00f1ate da apertura a la navidad en el Ministerio acompa\u00f1ado de la clase obrera.\"}]},{\"@type\":\"WebSite\",\"@id\":\"https:\/\/www.mpppst.gob.ve\/mpppstweb\/#website\",\"url\":\"https:\/\/www.mpppst.gob.ve\/mpppstweb\/\",\"name\":\"MPPPST\",\"description\":\"Ministerio del Poder Popular para el Proceso Social de Trabajo\",\"publisher\":{\"@id\":\"https:\/\/www.mpppst.gob.ve\/mpppstweb\/#organization\"},\"potentialAction\":[{\"@type\":\"SearchAction\",\"target\":{\"@type\":\"EntryPoint\",\"urlTemplate\":\"https:\/\/www.mpppst.gob.ve\/mpppstweb\/?s={search_term_string}\"},\"query-input\":\"required name=search_term_string\"}],\"inLanguage\":\"es\"},{\"@type\":\"Organization\",\"@id\":\"https:\/\/www.mpppst.gob.ve\/mpppstweb\/#organization\",\"name\":\"mpppst\",\"url\":\"https:\/\/www.mpppst.gob.ve\/mpppstweb\/\",\"logo\":{\"@type\":\"ImageObject\",\"inLanguage\":\"es\",\"@id\":\"https:\/\/www.mpppst.gob.ve\/mpppstweb\/#\/schema\/logo\/image\/\",\"url\":\"https:\/\/www.mpppst.gob.ve\/mpppstweb\/wp-content\/uploads\/2025\/07\/cropped-cropped-g910.png\",\"contentUrl\":\"https:\/\/www.mpppst.gob.ve\/mpppstweb\/wp-content\/uploads\/2025\/07\/cropped-cropped-g910.png\",\"width\":1080,\"height\":241,\"caption\":\"mpppst\"},\"image\":{\"@id\":\"https:\/\/www.mpppst.gob.ve\/mpppstweb\/#\/schema\/logo\/image\/\"}},{\"@type\":\"Person\",\"@id\":\"https:\/\/www.mpppst.gob.ve\/mpppstweb\/#\/schema\/person\/fc187ee8ead412bd4c9304b62f900ea4\",\"name\":\"MPPPST Prensa\",\"url\":\"https:\/\/www.mpppst.gob.ve\/mpppstweb\/index.php\/author\/prensa-mpppst\/\"}]}<\/script>\n<!-- \/ Yoast SEO plugin. -->","yoast_head_json":{"title":"Ministro Eduardo Pi\u00f1ate da apertura a la navidad en el Ministerio acompa\u00f1ado de la clase obrera. - MPPPST","robots":{"index":"index","follow":"follow","max-snippet":"max-snippet:-1","max-image-preview":"max-image-preview:large","max-video-preview":"max-video-preview:-1"},"canonical":"https:\/\/www.mpppst.gob.ve\/mpppstweb\/index.php\/2024\/10\/01\/ministro-eduardo-pinate-da-apertura-a-la-navidad-en-el-ministerio-acompanado-de-la-clase-obrera\/","og_locale":"es_ES","og_type":"article","og_title":"Ministro Eduardo Pi\u00f1ate da apertura a la navidad en el Ministerio acompa\u00f1ado de la clase obrera. - MPPPST","og_description":"(Caracas, 01-10-24. Prensa MPPPST).\u2013 En cumplimiento de las directrices del Presidente Nicol\u00e1s Maduro, el Ministerio del &hellip; Ministro Eduardo Pi\u00f1ate da apertura a la navidad en el Ministerio acompa\u00f1ado de la clase obrera.Read more","og_url":"https:\/\/www.mpppst.gob.ve\/mpppstweb\/index.php\/2024\/10\/01\/ministro-eduardo-pinate-da-apertura-a-la-navidad-en-el-ministerio-acompanado-de-la-clase-obrera\/","og_site_name":"MPPPST","article_published_time":"2024-10-01T21:46:51+00:00","article_modified_time":"2024-10-01T21:52:05+00:00","og_image":[{"width":1280,"height":721,"url":"http:\/\/www.mpppst.gob.ve\/mpppstweb\/wp-content\/uploads\/2024\/10\/IMG_20241001_175148_719.jpg","type":"image\/jpeg"}],"author":"MPPPST Prensa","twitter_card":"summary_large_image","twitter_misc":{"Escrito por":"MPPPST Prensa","Tiempo de lectura":"2 minutos"},"schema":{"@context":"https:\/\/schema.org","@graph":[{"@type":"Article","@id":"https:\/\/www.mpppst.gob.ve\/mpppstweb\/index.php\/2024\/10\/01\/ministro-eduardo-pinate-da-apertura-a-la-navidad-en-el-ministerio-acompanado-de-la-clase-obrera\/#article","isPartOf":{"@id":"https:\/\/www.mpppst.gob.ve\/mpppstweb\/index.php\/2024\/10\/01\/ministro-eduardo-pinate-da-apertura-a-la-navidad-en-el-ministerio-acompanado-de-la-clase-obrera\/"},"author":{"name":"MPPPST Prensa","@id":"https:\/\/www.mpppst.gob.ve\/mpppstweb\/#\/schema\/person\/fc187ee8ead412bd4c9304b62f900ea4"},"headline":"Ministro Eduardo Pi\u00f1ate da apertura a la navidad en el Ministerio acompa\u00f1ado de la clase obrera.","datePublished":"2024-10-01T21:46:51+00:00","dateModified":"2024-10-01T21:52:05+00:00","mainEntityOfPage":{"@id":"https:\/\/www.mpppst.gob.ve\/mpppstweb\/index.php\/2024\/10\/01\/ministro-eduardo-pinate-da-apertura-a-la-navidad-en-el-ministerio-acompanado-de-la-clase-obrera\/"},"wordCount":349,"publisher":{"@id":"https:\/\/www.mpppst.gob.ve\/mpppstweb\/#organization"},"image":{"@id":"https:\/\/www.mpppst.gob.ve\/mpppstweb\/index.php\/2024\/10\/01\/ministro-eduardo-pinate-da-apertura-a-la-navidad-en-el-ministerio-acompanado-de-la-clase-obrera\/#primaryimage"},"thumbnailUrl":"https:\/\/www.mpppst.gob.ve\/mpppstweb\/wp-content\/uploads\/2024\/10\/IMG_20241001_175148_719.jpg","keywords":["Clase Obrera","Clase Trabajadora","Ministro Eduardo Pi\u00f1ate","Navidad","Parranda navide\u00f1a"],"articleSection":["Gobierno Nacional"],"inLanguage":"es"},{"@type":"WebPage","@id":"https:\/\/www.mpppst.gob.ve\/mpppstweb\/index.php\/2024\/10\/01\/ministro-eduardo-pinate-da-apertura-a-la-navidad-en-el-ministerio-acompanado-de-la-clase-obrera\/","url":"https:\/\/www.mpppst.gob.ve\/mpppstweb\/index.php\/2024\/10\/01\/ministro-eduardo-pinate-da-apertura-a-la-navidad-en-el-ministerio-acompanado-de-la-clase-obrera\/","name":"Ministro Eduardo Pi\u00f1ate da apertura a la navidad en el Ministerio acompa\u00f1ado de la clase obrera. - MPPPST","isPartOf":{"@id":"https:\/\/www.mpppst.gob.ve\/mpppstweb\/#website"},"primaryImageOfPage":{"@id":"https:\/\/www.mpppst.gob.ve\/mpppstweb\/index.php\/2024\/10\/01\/ministro-eduardo-pinate-da-apertura-a-la-navidad-en-el-ministerio-acompanado-de-la-clase-obrera\/#primaryimage"},"image":{"@id":"https:\/\/www.mpppst.gob.ve\/mpppstweb\/index.php\/2024\/10\/01\/ministro-eduardo-pinate-da-apertura-a-la-navidad-en-el-ministerio-acompanado-de-la-clase-obrera\/#primaryimage"},"thumbnailUrl":"https:\/\/www.mpppst.gob.ve\/mpppstweb\/wp-content\/uploads\/2024\/10\/IMG_20241001_175148_719.jpg","datePublished":"2024-10-01T21:46:51+00:00","dateModified":"2024-10-01T21:52:05+00:00","breadcrumb":{"@id":"https:\/\/www.mpppst.gob.ve\/mpppstweb\/index.php\/2024\/10\/01\/ministro-eduardo-pinate-da-apertura-a-la-navidad-en-el-ministerio-acompanado-de-la-clase-obrera\/#breadcrumb"},"inLanguage":"es","potentialAction":[{"@type":"ReadAction","target":["https:\/\/www.mpppst.gob.ve\/mpppstweb\/index.php\/2024\/10\/01\/ministro-eduardo-pinate-da-apertura-a-la-navidad-en-el-ministerio-acompanado-de-la-clase-obrera\/"]}]},{"@type":"ImageObject","inLanguage":"es","@id":"https:\/\/www.mpppst.gob.ve\/mpppstweb\/index.php\/2024\/10\/01\/ministro-eduardo-pinate-da-apertura-a-la-navidad-en-el-ministerio-acompanado-de-la-clase-obrera\/#primaryimage","url":"https:\/\/www.mpppst.gob.ve\/mpppstweb\/wp-content\/uploads\/2024\/10\/IMG_20241001_175148_719.jpg","contentUrl":"https:\/\/www.mpppst.gob.ve\/mpppstweb\/wp-content\/uploads\/2024\/10\/IMG_20241001_175148_719.jpg","width":1280,"height":721},{"@type":"BreadcrumbList","@id":"https:\/\/www.mpppst.gob.ve\/mpppstweb\/index.php\/2024\/10\/01\/ministro-eduardo-pinate-da-apertura-a-la-navidad-en-el-ministerio-acompanado-de-la-clase-obrera\/#breadcrumb","itemListElement":[{"@type":"ListItem","position":1,"name":"Home","item":"https:\/\/www.mpppst.gob.ve\/mpppstweb\/"},{"@type":"ListItem","position":2,"name":"Ministro Eduardo Pi\u00f1ate da apertura a la navidad en el Ministerio acompa\u00f1ado de la clase obrera."}]},{"@type":"WebSite","@id":"https:\/\/www.mpppst.gob.ve\/mpppstweb\/#website","url":"https:\/\/www.mpppst.gob.ve\/mpppstweb\/","name":"MPPPST","description":"Ministerio del Poder Popular para el Proceso Social de Trabajo","publisher":{"@id":"https:\/\/www.mpppst.gob.ve\/mpppstweb\/#organization"},"potentialAction":[{"@type":"SearchAction","target":{"@type":"EntryPoint","urlTemplate":"https:\/\/www.mpppst.gob.ve\/mpppstweb\/?s={search_term_string}"},"query-input":"required name=search_term_string"}],"inLanguage":"es"},{"@type":"Organization","@id":"https:\/\/www.mpppst.gob.ve\/mpppstweb\/#organization","name":"mpppst","url":"https:\/\/www.mpppst.gob.ve\/mpppstweb\/","logo":{"@type":"ImageObject","inLanguage":"es","@id":"https:\/\/www.mpppst.gob.ve\/mpppstweb\/#\/schema\/logo\/image\/","url":"https:\/\/www.mpppst.gob.ve\/mpppstweb\/wp-content\/uploads\/2025\/07\/cropped-cropped-g910.png","contentUrl":"https:\/\/www.mpppst.gob.ve\/mpppstweb\/wp-content\/uploads\/2025\/07\/cropped-cropped-g910.png","width":1080,"height":241,"caption":"mpppst"},"image":{"@id":"https:\/\/www.mpppst.gob.ve\/mpppstweb\/#\/schema\/logo\/image\/"}},{"@type":"Person","@id":"https:\/\/www.mpppst.gob.ve\/mpppstweb\/#\/schema\/person\/fc187ee8ead412bd4c9304b62f900ea4","name":"MPPPST Prensa","url":"https:\/\/www.mpppst.gob.ve\/mpppstweb\/index.php\/author\/prensa-mpppst\/"}]}},"_links":{"self":[{"href":"https:\/\/www.mpppst.gob.ve\/mpppstweb\/index.php\/wp-json\/wp\/v2\/posts\/26787"}],"collection":[{"href":"https:\/\/www.mpppst.gob.ve\/mpppstweb\/index.php\/wp-json\/wp\/v2\/posts"}],"about":[{"href":"https:\/\/www.mpppst.gob.ve\/mpppstweb\/index.php\/wp-json\/wp\/v2\/types\/post"}],"author":[{"embeddable":true,"href":"https:\/\/www.mpppst.gob.ve\/mpppstweb\/index.php\/wp-json\/wp\/v2\/users\/25"}],"replies":[{"embeddable":true,"href":"https:\/\/www.mpppst.gob.ve\/mpppstweb\/index.php\/wp-json\/wp\/v2\/comments?post=26787"}],"version-history":[{"count":1,"href":"https:\/\/www.mpppst.gob.ve\/mpppstweb\/index.php\/wp-json\/wp\/v2\/posts\/26787\/revisions"}],"predecessor-version":[{"id":26788,"href":"https:\/\/www.mpppst.gob.ve\/mpppstweb\/index.php\/wp-json\/wp\/v2\/posts\/26787\/revisions\/26788"}],"wp:featuredmedia":[{"embeddable":true,"href":"https:\/\/www.mpppst.gob.ve\/mpppstweb\/index.php\/wp-json\/wp\/v2\/media\/26789"}],"wp:attachment":[{"href":"https:\/\/www.mpppst.gob.ve\/mpppstweb\/index.php\/wp-json\/wp\/v2\/media?parent=26787"}],"wp:term":[{"taxonomy":"category","embeddable":true,"href":"https:\/\/www.mpppst.gob.ve\/mpppstweb\/index.php\/wp-json\/wp\/v2\/categories?post=26787"},{"taxonomy":"post_tag","embeddable":true,"href":"https:\/\/www.mpppst.gob.ve\/mpppstweb\/index.php\/wp-json\/wp\/v2\/tags?post=26787"}],"curies":[{"name":"wp","href":"https:\/\/api.w.org\/{rel}","templated":true}]}}