{"id":26792,"date":"2024-10-03T08:38:24","date_gmt":"2024-10-03T12:38:24","guid":{"rendered":"https:\/\/www.mpppst.gob.ve\/mpppstweb\/?p=26792"},"modified":"2024-10-03T08:42:09","modified_gmt":"2024-10-03T12:42:09","slug":"la-cbst-y-el-ministro-eduardo-pinate-convocan-a-un-gran-debate-nacional-para-fortalecer-el-trabajo-de-la-clase-obrera","status":"publish","type":"post","link":"https:\/\/www.mpppst.gob.ve\/mpppstweb\/index.php\/2024\/10\/03\/la-cbst-y-el-ministro-eduardo-pinate-convocan-a-un-gran-debate-nacional-para-fortalecer-el-trabajo-de-la-clase-obrera\/","title":{"rendered":"La CBST y el ministro Eduardo Pi\u00f1ate convocan a un Gran Debate Nacional para fortalecer el trabajo de la clase obrera."},"content":{"rendered":"\n<p>(Caracas, 02-10-24. Prensa MPPPST).\u2013 El d\u00eda de hoy tuvo lugar en el Teatro \u00abJos\u00e9 Chino Khan\u00bb, ubicado dentro de las instalaciones del Instituto Nacional de Capacitaci\u00f3n y Recreaci\u00f3n de los Trabajadores (INCRET), la convocatoria al Gran Debate Nacional, misma que fue liderada por Eduardo Pi\u00f1ate, Ministro del Poder Popular para el Proceso Social de Trabajo y el Presidente de la Central Bolivariana Socialista de Trabajadores Wills Rangel; todo ello, en el marco del fortalecimiento de la Revoluci\u00f3n Bolivariana y el llamado del Presidente de la Rep\u00fablica, Nicol\u00e1s Maduro, al Congreso Nacional del Bloque Hist\u00f3rico. <br><br>El congreso tuvo como objetivo trazar el rumbo pol\u00edtico e hist\u00f3rico del pa\u00eds en el marco de las 7 Transformaciones que guiar\u00e1n al Socialismo hacia el a\u00f1o 2030. Se expres\u00f3 que tanto Pi\u00f1ate como Rangel, trabajar\u00e1n en conjunto para asegurar la m\u00e1xima participaci\u00f3n de todos los sectores de la fuerza bolivariana, fomentando un di\u00e1logo abierto sobre el modelo a implementar en el futuro. La integraci\u00f3n de las cinco generaciones que han sido parte fundamental del proceso revolucionario, ser\u00e1 clave para construir un sistema que refleje los intereses del pueblo venezolano.<br><\/p>\n\n\n\n<figure class=\"wp-block-image size-large\"><img decoding=\"async\" loading=\"lazy\" width=\"1024\" height=\"577\" src=\"https:\/\/www.mpppst.gob.ve\/mpppstweb\/wp-content\/uploads\/2024\/10\/img_20241003_083138_2466516968610369001412-1024x577.jpg\" alt=\"\" class=\"wp-image-26790\" srcset=\"https:\/\/www.mpppst.gob.ve\/mpppstweb\/wp-content\/uploads\/2024\/10\/img_20241003_083138_2466516968610369001412-1024x577.jpg 1024w, https:\/\/www.mpppst.gob.ve\/mpppstweb\/wp-content\/uploads\/2024\/10\/img_20241003_083138_2466516968610369001412-300x169.jpg 300w, https:\/\/www.mpppst.gob.ve\/mpppstweb\/wp-content\/uploads\/2024\/10\/img_20241003_083138_2466516968610369001412-768x433.jpg 768w, https:\/\/www.mpppst.gob.ve\/mpppstweb\/wp-content\/uploads\/2024\/10\/img_20241003_083138_2466516968610369001412.jpg 1280w\" sizes=\"(max-width: 1024px) 100vw, 1024px\" \/><\/figure>\n\n\n\n<p>\u00abEstamos en una nueva \u00e9poca\u00bb, afirm\u00f3 el ministro. \u00abNo es un futuro que se vislumbra, sino una realidad que ya est\u00e1 surgiendo: una lucha de clases a escala planetaria y una intensa batalla geopol\u00edtica por la hegemon\u00eda. Este sistema de relaciones econ\u00f3micas, sociol\u00f3gicas, pol\u00edticas y militares que naci\u00f3 en Estados Unidos ha caducado. Hoy emergen nuevas fuerzas que desaf\u00edan esa hegemon\u00eda\u00bb.<br><br>As\u00ed, Venezuela se posiciona como un actor protag\u00f3nico en este nuevo contexto global, dado que a partir de la llegada del Comandante Hugo Ch\u00e1vez, el pa\u00eds ha establecido una revoluci\u00f3n socialista y democr\u00e1tica que ha cambiado las reglas del juego. \u00abLa burgues\u00eda y las transnacionales proclamaron la muerte del socialismo, pero nosotros seguimos de pie, con Ch\u00e1vez como referencia y con el presidente Nicol\u00e1s Maduro liderando nuestra resistencia\u00bb, agreg\u00f3 Pi\u00f1ate. <\/p>\n\n\n\n<figure class=\"wp-block-image size-large\"><img decoding=\"async\" loading=\"lazy\" width=\"1024\" height=\"577\" src=\"https:\/\/www.mpppst.gob.ve\/mpppstweb\/wp-content\/uploads\/2024\/10\/img_20241003_083127_7934090304032883469132-1024x577.jpg\" alt=\"\" class=\"wp-image-26791\" srcset=\"https:\/\/www.mpppst.gob.ve\/mpppstweb\/wp-content\/uploads\/2024\/10\/img_20241003_083127_7934090304032883469132-1024x577.jpg 1024w, https:\/\/www.mpppst.gob.ve\/mpppstweb\/wp-content\/uploads\/2024\/10\/img_20241003_083127_7934090304032883469132-300x169.jpg 300w, https:\/\/www.mpppst.gob.ve\/mpppstweb\/wp-content\/uploads\/2024\/10\/img_20241003_083127_7934090304032883469132-768x433.jpg 768w, https:\/\/www.mpppst.gob.ve\/mpppstweb\/wp-content\/uploads\/2024\/10\/img_20241003_083127_7934090304032883469132.jpg 1280w\" sizes=\"(max-width: 1024px) 100vw, 1024px\" \/><\/figure>\n\n\n\n<p><br>De igual manera, afirm\u00f3 que a pesar de las adversidades, como el bloqueo y las sanciones impuestas por Estados Unidos, Venezuela se mantiene firme: \u00abHemos ganado batallas contra estas medidas coercitivas. Ellos buscan nuestra rendici\u00f3n, pero nosotros jam\u00e1s nos rendiremos\u00bb.<br><br>El resultado de este esfuerzo colectivo ser\u00e1 el Programa de las 7 Transformaciones Estructurales 2030 en la Transici\u00f3n hacia el Socialismo, que establecer\u00e1 las bases para un futuro pr\u00f3spero y justo. (Fin\/Isabela Guzm\u00e1n)<\/p>\n","protected":false},"excerpt":{"rendered":"<p>(Caracas, 02-10-24. Prensa MPPPST).\u2013 El d\u00eda de hoy tuvo lugar en el Teatro \u00abJos\u00e9 Chino Khan\u00bb, &hellip; <a title=\"La CBST y el ministro Eduardo Pi\u00f1ate convocan a un Gran Debate Nacional para fortalecer el trabajo de la clase obrera.\" class=\"hm-read-more\" href=\"https:\/\/www.mpppst.gob.ve\/mpppstweb\/index.php\/2024\/10\/03\/la-cbst-y-el-ministro-eduardo-pinate-convocan-a-un-gran-debate-nacional-para-fortalecer-el-trabajo-de-la-clase-obrera\/\"><span class=\"screen-reader-text\">La CBST y el ministro Eduardo Pi\u00f1ate convocan a un Gran Debate Nacional para fortalecer el trabajo de la clase obrera.<\/span>Read more<\/a><\/p>\n","protected":false},"author":25,"featured_media":26795,"comment_status":"closed","ping_status":"closed","sticky":false,"template":"","format":"standard","meta":{"footnotes":""},"categories":[82],"tags":[625,867,261,347,839],"yoast_head":"<!-- This site is optimized with the Yoast SEO plugin v22.5 - https:\/\/yoast.com\/wordpress\/plugins\/seo\/ -->\n<title>La CBST y el ministro Eduardo Pi\u00f1ate convocan a un Gran Debate Nacional para fortalecer el trabajo de la clase obrera. - MPPPST<\/title>\n<meta name=\"robots\" content=\"index, follow, max-snippet:-1, max-image-preview:large, max-video-preview:-1\" \/>\n<link rel=\"canonical\" href=\"https:\/\/www.mpppst.gob.ve\/mpppstweb\/index.php\/2024\/10\/03\/la-cbst-y-el-ministro-eduardo-pinate-convocan-a-un-gran-debate-nacional-para-fortalecer-el-trabajo-de-la-clase-obrera\/\" \/>\n<meta property=\"og:locale\" content=\"es_ES\" \/>\n<meta property=\"og:type\" content=\"article\" \/>\n<meta property=\"og:title\" content=\"La CBST y el ministro Eduardo Pi\u00f1ate convocan a un Gran Debate Nacional para fortalecer el trabajo de la clase obrera. - MPPPST\" \/>\n<meta property=\"og:description\" content=\"(Caracas, 02-10-24. Prensa MPPPST).\u2013 El d\u00eda de hoy tuvo lugar en el Teatro \u00abJos\u00e9 Chino Khan\u00bb, &hellip; La CBST y el ministro Eduardo Pi\u00f1ate convocan a un Gran Debate Nacional para fortalecer el trabajo de la clase obrera.Read more\" \/>\n<meta property=\"og:url\" content=\"https:\/\/www.mpppst.gob.ve\/mpppstweb\/index.php\/2024\/10\/03\/la-cbst-y-el-ministro-eduardo-pinate-convocan-a-un-gran-debate-nacional-para-fortalecer-el-trabajo-de-la-clase-obrera\/\" \/>\n<meta property=\"og:site_name\" content=\"MPPPST\" \/>\n<meta property=\"article:published_time\" content=\"2024-10-03T12:38:24+00:00\" \/>\n<meta property=\"article:modified_time\" content=\"2024-10-03T12:42:09+00:00\" \/>\n<meta property=\"og:image\" content=\"http:\/\/www.mpppst.gob.ve\/mpppstweb\/wp-content\/uploads\/2024\/10\/IMG_20241003_083130_083.jpg\" \/>\n\t<meta property=\"og:image:width\" content=\"1280\" \/>\n\t<meta property=\"og:image:height\" content=\"721\" \/>\n\t<meta property=\"og:image:type\" content=\"image\/jpeg\" \/>\n<meta name=\"author\" content=\"MPPPST Prensa\" \/>\n<meta name=\"twitter:card\" content=\"summary_large_image\" \/>\n<meta name=\"twitter:label1\" content=\"Escrito por\" \/>\n\t<meta name=\"twitter:data1\" content=\"MPPPST Prensa\" \/>\n\t<meta name=\"twitter:label2\" content=\"Tiempo de lectura\" \/>\n\t<meta name=\"twitter:data2\" content=\"3 minutos\" \/>\n<script type=\"application\/ld+json\" class=\"yoast-schema-graph\">{\"@context\":\"https:\/\/schema.org\",\"@graph\":[{\"@type\":\"Article\",\"@id\":\"https:\/\/www.mpppst.gob.ve\/mpppstweb\/index.php\/2024\/10\/03\/la-cbst-y-el-ministro-eduardo-pinate-convocan-a-un-gran-debate-nacional-para-fortalecer-el-trabajo-de-la-clase-obrera\/#article\",\"isPartOf\":{\"@id\":\"https:\/\/www.mpppst.gob.ve\/mpppstweb\/index.php\/2024\/10\/03\/la-cbst-y-el-ministro-eduardo-pinate-convocan-a-un-gran-debate-nacional-para-fortalecer-el-trabajo-de-la-clase-obrera\/\"},\"author\":{\"name\":\"MPPPST Prensa\",\"@id\":\"https:\/\/www.mpppst.gob.ve\/mpppstweb\/#\/schema\/person\/fc187ee8ead412bd4c9304b62f900ea4\"},\"headline\":\"La CBST y el ministro Eduardo Pi\u00f1ate convocan a un Gran Debate Nacional para fortalecer el trabajo de la clase obrera.\",\"datePublished\":\"2024-10-03T12:38:24+00:00\",\"dateModified\":\"2024-10-03T12:42:09+00:00\",\"mainEntityOfPage\":{\"@id\":\"https:\/\/www.mpppst.gob.ve\/mpppstweb\/index.php\/2024\/10\/03\/la-cbst-y-el-ministro-eduardo-pinate-convocan-a-un-gran-debate-nacional-para-fortalecer-el-trabajo-de-la-clase-obrera\/\"},\"wordCount\":448,\"publisher\":{\"@id\":\"https:\/\/www.mpppst.gob.ve\/mpppstweb\/#organization\"},\"image\":{\"@id\":\"https:\/\/www.mpppst.gob.ve\/mpppstweb\/index.php\/2024\/10\/03\/la-cbst-y-el-ministro-eduardo-pinate-convocan-a-un-gran-debate-nacional-para-fortalecer-el-trabajo-de-la-clase-obrera\/#primaryimage\"},\"thumbnailUrl\":\"https:\/\/www.mpppst.gob.ve\/mpppstweb\/wp-content\/uploads\/2024\/10\/IMG_20241003_083130_083.jpg\",\"keywords\":[\"7T\",\"7T.NETS\",\"CBST\",\"INCRET\",\"Ministro Eduardo Pi\u00f1ate\"],\"articleSection\":[\"Gobierno Nacional\"],\"inLanguage\":\"es\"},{\"@type\":\"WebPage\",\"@id\":\"https:\/\/www.mpppst.gob.ve\/mpppstweb\/index.php\/2024\/10\/03\/la-cbst-y-el-ministro-eduardo-pinate-convocan-a-un-gran-debate-nacional-para-fortalecer-el-trabajo-de-la-clase-obrera\/\",\"url\":\"https:\/\/www.mpppst.gob.ve\/mpppstweb\/index.php\/2024\/10\/03\/la-cbst-y-el-ministro-eduardo-pinate-convocan-a-un-gran-debate-nacional-para-fortalecer-el-trabajo-de-la-clase-obrera\/\",\"name\":\"La CBST y el ministro Eduardo Pi\u00f1ate convocan a un Gran Debate Nacional para fortalecer el trabajo de la clase obrera. - MPPPST\",\"isPartOf\":{\"@id\":\"https:\/\/www.mpppst.gob.ve\/mpppstweb\/#website\"},\"primaryImageOfPage\":{\"@id\":\"https:\/\/www.mpppst.gob.ve\/mpppstweb\/index.php\/2024\/10\/03\/la-cbst-y-el-ministro-eduardo-pinate-convocan-a-un-gran-debate-nacional-para-fortalecer-el-trabajo-de-la-clase-obrera\/#primaryimage\"},\"image\":{\"@id\":\"https:\/\/www.mpppst.gob.ve\/mpppstweb\/index.php\/2024\/10\/03\/la-cbst-y-el-ministro-eduardo-pinate-convocan-a-un-gran-debate-nacional-para-fortalecer-el-trabajo-de-la-clase-obrera\/#primaryimage\"},\"thumbnailUrl\":\"https:\/\/www.mpppst.gob.ve\/mpppstweb\/wp-content\/uploads\/2024\/10\/IMG_20241003_083130_083.jpg\",\"datePublished\":\"2024-10-03T12:38:24+00:00\",\"dateModified\":\"2024-10-03T12:42:09+00:00\",\"breadcrumb\":{\"@id\":\"https:\/\/www.mpppst.gob.ve\/mpppstweb\/index.php\/2024\/10\/03\/la-cbst-y-el-ministro-eduardo-pinate-convocan-a-un-gran-debate-nacional-para-fortalecer-el-trabajo-de-la-clase-obrera\/#breadcrumb\"},\"inLanguage\":\"es\",\"potentialAction\":[{\"@type\":\"ReadAction\",\"target\":[\"https:\/\/www.mpppst.gob.ve\/mpppstweb\/index.php\/2024\/10\/03\/la-cbst-y-el-ministro-eduardo-pinate-convocan-a-un-gran-debate-nacional-para-fortalecer-el-trabajo-de-la-clase-obrera\/\"]}]},{\"@type\":\"ImageObject\",\"inLanguage\":\"es\",\"@id\":\"https:\/\/www.mpppst.gob.ve\/mpppstweb\/index.php\/2024\/10\/03\/la-cbst-y-el-ministro-eduardo-pinate-convocan-a-un-gran-debate-nacional-para-fortalecer-el-trabajo-de-la-clase-obrera\/#primaryimage\",\"url\":\"https:\/\/www.mpppst.gob.ve\/mpppstweb\/wp-content\/uploads\/2024\/10\/IMG_20241003_083130_083.jpg\",\"contentUrl\":\"https:\/\/www.mpppst.gob.ve\/mpppstweb\/wp-content\/uploads\/2024\/10\/IMG_20241003_083130_083.jpg\",\"width\":1280,\"height\":721},{\"@type\":\"BreadcrumbList\",\"@id\":\"https:\/\/www.mpppst.gob.ve\/mpppstweb\/index.php\/2024\/10\/03\/la-cbst-y-el-ministro-eduardo-pinate-convocan-a-un-gran-debate-nacional-para-fortalecer-el-trabajo-de-la-clase-obrera\/#breadcrumb\",\"itemListElement\":[{\"@type\":\"ListItem\",\"position\":1,\"name\":\"Home\",\"item\":\"https:\/\/www.mpppst.gob.ve\/mpppstweb\/\"},{\"@type\":\"ListItem\",\"position\":2,\"name\":\"La CBST y el ministro Eduardo Pi\u00f1ate convocan a un Gran Debate Nacional para fortalecer el trabajo de la clase obrera.\"}]},{\"@type\":\"WebSite\",\"@id\":\"https:\/\/www.mpppst.gob.ve\/mpppstweb\/#website\",\"url\":\"https:\/\/www.mpppst.gob.ve\/mpppstweb\/\",\"name\":\"MPPPST\",\"description\":\"Ministerio del Poder Popular para el Proceso Social de Trabajo\",\"publisher\":{\"@id\":\"https:\/\/www.mpppst.gob.ve\/mpppstweb\/#organization\"},\"potentialAction\":[{\"@type\":\"SearchAction\",\"target\":{\"@type\":\"EntryPoint\",\"urlTemplate\":\"https:\/\/www.mpppst.gob.ve\/mpppstweb\/?s={search_term_string}\"},\"query-input\":\"required name=search_term_string\"}],\"inLanguage\":\"es\"},{\"@type\":\"Organization\",\"@id\":\"https:\/\/www.mpppst.gob.ve\/mpppstweb\/#organization\",\"name\":\"mpppst\",\"url\":\"https:\/\/www.mpppst.gob.ve\/mpppstweb\/\",\"logo\":{\"@type\":\"ImageObject\",\"inLanguage\":\"es\",\"@id\":\"https:\/\/www.mpppst.gob.ve\/mpppstweb\/#\/schema\/logo\/image\/\",\"url\":\"https:\/\/www.mpppst.gob.ve\/mpppstweb\/wp-content\/uploads\/2025\/07\/cropped-cropped-g910.png\",\"contentUrl\":\"https:\/\/www.mpppst.gob.ve\/mpppstweb\/wp-content\/uploads\/2025\/07\/cropped-cropped-g910.png\",\"width\":1080,\"height\":241,\"caption\":\"mpppst\"},\"image\":{\"@id\":\"https:\/\/www.mpppst.gob.ve\/mpppstweb\/#\/schema\/logo\/image\/\"}},{\"@type\":\"Person\",\"@id\":\"https:\/\/www.mpppst.gob.ve\/mpppstweb\/#\/schema\/person\/fc187ee8ead412bd4c9304b62f900ea4\",\"name\":\"MPPPST Prensa\",\"url\":\"https:\/\/www.mpppst.gob.ve\/mpppstweb\/index.php\/author\/prensa-mpppst\/\"}]}<\/script>\n<!-- \/ Yoast SEO plugin. -->","yoast_head_json":{"title":"La CBST y el ministro Eduardo Pi\u00f1ate convocan a un Gran Debate Nacional para fortalecer el trabajo de la clase obrera. - MPPPST","robots":{"index":"index","follow":"follow","max-snippet":"max-snippet:-1","max-image-preview":"max-image-preview:large","max-video-preview":"max-video-preview:-1"},"canonical":"https:\/\/www.mpppst.gob.ve\/mpppstweb\/index.php\/2024\/10\/03\/la-cbst-y-el-ministro-eduardo-pinate-convocan-a-un-gran-debate-nacional-para-fortalecer-el-trabajo-de-la-clase-obrera\/","og_locale":"es_ES","og_type":"article","og_title":"La CBST y el ministro Eduardo Pi\u00f1ate convocan a un Gran Debate Nacional para fortalecer el trabajo de la clase obrera. - MPPPST","og_description":"(Caracas, 02-10-24. Prensa MPPPST).\u2013 El d\u00eda de hoy tuvo lugar en el Teatro \u00abJos\u00e9 Chino Khan\u00bb, &hellip; La CBST y el ministro Eduardo Pi\u00f1ate convocan a un Gran Debate Nacional para fortalecer el trabajo de la clase obrera.Read more","og_url":"https:\/\/www.mpppst.gob.ve\/mpppstweb\/index.php\/2024\/10\/03\/la-cbst-y-el-ministro-eduardo-pinate-convocan-a-un-gran-debate-nacional-para-fortalecer-el-trabajo-de-la-clase-obrera\/","og_site_name":"MPPPST","article_published_time":"2024-10-03T12:38:24+00:00","article_modified_time":"2024-10-03T12:42:09+00:00","og_image":[{"width":1280,"height":721,"url":"http:\/\/www.mpppst.gob.ve\/mpppstweb\/wp-content\/uploads\/2024\/10\/IMG_20241003_083130_083.jpg","type":"image\/jpeg"}],"author":"MPPPST Prensa","twitter_card":"summary_large_image","twitter_misc":{"Escrito por":"MPPPST Prensa","Tiempo de lectura":"3 minutos"},"schema":{"@context":"https:\/\/schema.org","@graph":[{"@type":"Article","@id":"https:\/\/www.mpppst.gob.ve\/mpppstweb\/index.php\/2024\/10\/03\/la-cbst-y-el-ministro-eduardo-pinate-convocan-a-un-gran-debate-nacional-para-fortalecer-el-trabajo-de-la-clase-obrera\/#article","isPartOf":{"@id":"https:\/\/www.mpppst.gob.ve\/mpppstweb\/index.php\/2024\/10\/03\/la-cbst-y-el-ministro-eduardo-pinate-convocan-a-un-gran-debate-nacional-para-fortalecer-el-trabajo-de-la-clase-obrera\/"},"author":{"name":"MPPPST Prensa","@id":"https:\/\/www.mpppst.gob.ve\/mpppstweb\/#\/schema\/person\/fc187ee8ead412bd4c9304b62f900ea4"},"headline":"La CBST y el ministro Eduardo Pi\u00f1ate convocan a un Gran Debate Nacional para fortalecer el trabajo de la clase obrera.","datePublished":"2024-10-03T12:38:24+00:00","dateModified":"2024-10-03T12:42:09+00:00","mainEntityOfPage":{"@id":"https:\/\/www.mpppst.gob.ve\/mpppstweb\/index.php\/2024\/10\/03\/la-cbst-y-el-ministro-eduardo-pinate-convocan-a-un-gran-debate-nacional-para-fortalecer-el-trabajo-de-la-clase-obrera\/"},"wordCount":448,"publisher":{"@id":"https:\/\/www.mpppst.gob.ve\/mpppstweb\/#organization"},"image":{"@id":"https:\/\/www.mpppst.gob.ve\/mpppstweb\/index.php\/2024\/10\/03\/la-cbst-y-el-ministro-eduardo-pinate-convocan-a-un-gran-debate-nacional-para-fortalecer-el-trabajo-de-la-clase-obrera\/#primaryimage"},"thumbnailUrl":"https:\/\/www.mpppst.gob.ve\/mpppstweb\/wp-content\/uploads\/2024\/10\/IMG_20241003_083130_083.jpg","keywords":["7T","7T.NETS","CBST","INCRET","Ministro Eduardo Pi\u00f1ate"],"articleSection":["Gobierno Nacional"],"inLanguage":"es"},{"@type":"WebPage","@id":"https:\/\/www.mpppst.gob.ve\/mpppstweb\/index.php\/2024\/10\/03\/la-cbst-y-el-ministro-eduardo-pinate-convocan-a-un-gran-debate-nacional-para-fortalecer-el-trabajo-de-la-clase-obrera\/","url":"https:\/\/www.mpppst.gob.ve\/mpppstweb\/index.php\/2024\/10\/03\/la-cbst-y-el-ministro-eduardo-pinate-convocan-a-un-gran-debate-nacional-para-fortalecer-el-trabajo-de-la-clase-obrera\/","name":"La CBST y el ministro Eduardo Pi\u00f1ate convocan a un Gran Debate Nacional para fortalecer el trabajo de la clase obrera. - MPPPST","isPartOf":{"@id":"https:\/\/www.mpppst.gob.ve\/mpppstweb\/#website"},"primaryImageOfPage":{"@id":"https:\/\/www.mpppst.gob.ve\/mpppstweb\/index.php\/2024\/10\/03\/la-cbst-y-el-ministro-eduardo-pinate-convocan-a-un-gran-debate-nacional-para-fortalecer-el-trabajo-de-la-clase-obrera\/#primaryimage"},"image":{"@id":"https:\/\/www.mpppst.gob.ve\/mpppstweb\/index.php\/2024\/10\/03\/la-cbst-y-el-ministro-eduardo-pinate-convocan-a-un-gran-debate-nacional-para-fortalecer-el-trabajo-de-la-clase-obrera\/#primaryimage"},"thumbnailUrl":"https:\/\/www.mpppst.gob.ve\/mpppstweb\/wp-content\/uploads\/2024\/10\/IMG_20241003_083130_083.jpg","datePublished":"2024-10-03T12:38:24+00:00","dateModified":"2024-10-03T12:42:09+00:00","breadcrumb":{"@id":"https:\/\/www.mpppst.gob.ve\/mpppstweb\/index.php\/2024\/10\/03\/la-cbst-y-el-ministro-eduardo-pinate-convocan-a-un-gran-debate-nacional-para-fortalecer-el-trabajo-de-la-clase-obrera\/#breadcrumb"},"inLanguage":"es","potentialAction":[{"@type":"ReadAction","target":["https:\/\/www.mpppst.gob.ve\/mpppstweb\/index.php\/2024\/10\/03\/la-cbst-y-el-ministro-eduardo-pinate-convocan-a-un-gran-debate-nacional-para-fortalecer-el-trabajo-de-la-clase-obrera\/"]}]},{"@type":"ImageObject","inLanguage":"es","@id":"https:\/\/www.mpppst.gob.ve\/mpppstweb\/index.php\/2024\/10\/03\/la-cbst-y-el-ministro-eduardo-pinate-convocan-a-un-gran-debate-nacional-para-fortalecer-el-trabajo-de-la-clase-obrera\/#primaryimage","url":"https:\/\/www.mpppst.gob.ve\/mpppstweb\/wp-content\/uploads\/2024\/10\/IMG_20241003_083130_083.jpg","contentUrl":"https:\/\/www.mpppst.gob.ve\/mpppstweb\/wp-content\/uploads\/2024\/10\/IMG_20241003_083130_083.jpg","width":1280,"height":721},{"@type":"BreadcrumbList","@id":"https:\/\/www.mpppst.gob.ve\/mpppstweb\/index.php\/2024\/10\/03\/la-cbst-y-el-ministro-eduardo-pinate-convocan-a-un-gran-debate-nacional-para-fortalecer-el-trabajo-de-la-clase-obrera\/#breadcrumb","itemListElement":[{"@type":"ListItem","position":1,"name":"Home","item":"https:\/\/www.mpppst.gob.ve\/mpppstweb\/"},{"@type":"ListItem","position":2,"name":"La CBST y el ministro Eduardo Pi\u00f1ate convocan a un Gran Debate Nacional para fortalecer el trabajo de la clase obrera."}]},{"@type":"WebSite","@id":"https:\/\/www.mpppst.gob.ve\/mpppstweb\/#website","url":"https:\/\/www.mpppst.gob.ve\/mpppstweb\/","name":"MPPPST","description":"Ministerio del Poder Popular para el Proceso Social de Trabajo","publisher":{"@id":"https:\/\/www.mpppst.gob.ve\/mpppstweb\/#organization"},"potentialAction":[{"@type":"SearchAction","target":{"@type":"EntryPoint","urlTemplate":"https:\/\/www.mpppst.gob.ve\/mpppstweb\/?s={search_term_string}"},"query-input":"required name=search_term_string"}],"inLanguage":"es"},{"@type":"Organization","@id":"https:\/\/www.mpppst.gob.ve\/mpppstweb\/#organization","name":"mpppst","url":"https:\/\/www.mpppst.gob.ve\/mpppstweb\/","logo":{"@type":"ImageObject","inLanguage":"es","@id":"https:\/\/www.mpppst.gob.ve\/mpppstweb\/#\/schema\/logo\/image\/","url":"https:\/\/www.mpppst.gob.ve\/mpppstweb\/wp-content\/uploads\/2025\/07\/cropped-cropped-g910.png","contentUrl":"https:\/\/www.mpppst.gob.ve\/mpppstweb\/wp-content\/uploads\/2025\/07\/cropped-cropped-g910.png","width":1080,"height":241,"caption":"mpppst"},"image":{"@id":"https:\/\/www.mpppst.gob.ve\/mpppstweb\/#\/schema\/logo\/image\/"}},{"@type":"Person","@id":"https:\/\/www.mpppst.gob.ve\/mpppstweb\/#\/schema\/person\/fc187ee8ead412bd4c9304b62f900ea4","name":"MPPPST Prensa","url":"https:\/\/www.mpppst.gob.ve\/mpppstweb\/index.php\/author\/prensa-mpppst\/"}]}},"_links":{"self":[{"href":"https:\/\/www.mpppst.gob.ve\/mpppstweb\/index.php\/wp-json\/wp\/v2\/posts\/26792"}],"collection":[{"href":"https:\/\/www.mpppst.gob.ve\/mpppstweb\/index.php\/wp-json\/wp\/v2\/posts"}],"about":[{"href":"https:\/\/www.mpppst.gob.ve\/mpppstweb\/index.php\/wp-json\/wp\/v2\/types\/post"}],"author":[{"embeddable":true,"href":"https:\/\/www.mpppst.gob.ve\/mpppstweb\/index.php\/wp-json\/wp\/v2\/users\/25"}],"replies":[{"embeddable":true,"href":"https:\/\/www.mpppst.gob.ve\/mpppstweb\/index.php\/wp-json\/wp\/v2\/comments?post=26792"}],"version-history":[{"count":1,"href":"https:\/\/www.mpppst.gob.ve\/mpppstweb\/index.php\/wp-json\/wp\/v2\/posts\/26792\/revisions"}],"predecessor-version":[{"id":26793,"href":"https:\/\/www.mpppst.gob.ve\/mpppstweb\/index.php\/wp-json\/wp\/v2\/posts\/26792\/revisions\/26793"}],"wp:featuredmedia":[{"embeddable":true,"href":"https:\/\/www.mpppst.gob.ve\/mpppstweb\/index.php\/wp-json\/wp\/v2\/media\/26795"}],"wp:attachment":[{"href":"https:\/\/www.mpppst.gob.ve\/mpppstweb\/index.php\/wp-json\/wp\/v2\/media?parent=26792"}],"wp:term":[{"taxonomy":"category","embeddable":true,"href":"https:\/\/www.mpppst.gob.ve\/mpppstweb\/index.php\/wp-json\/wp\/v2\/categories?post=26792"},{"taxonomy":"post_tag","embeddable":true,"href":"https:\/\/www.mpppst.gob.ve\/mpppstweb\/index.php\/wp-json\/wp\/v2\/tags?post=26792"}],"curies":[{"name":"wp","href":"https:\/\/api.w.org\/{rel}","templated":true}]}}