{"id":26800,"date":"2024-10-05T07:20:29","date_gmt":"2024-10-05T11:20:29","guid":{"rendered":"https:\/\/www.mpppst.gob.ve\/mpppstweb\/?p=26800"},"modified":"2024-10-05T07:25:09","modified_gmt":"2024-10-05T11:25:09","slug":"ministro-eduardo-pinate-visita-empresas-estrategicas-en-yaracuy-para-fortalecer-el-modelo-economico-productivo-y-los-cptt","status":"publish","type":"post","link":"https:\/\/www.mpppst.gob.ve\/mpppstweb\/index.php\/2024\/10\/05\/ministro-eduardo-pinate-visita-empresas-estrategicas-en-yaracuy-para-fortalecer-el-modelo-economico-productivo-y-los-cptt\/","title":{"rendered":"Ministro Eduardo Pi\u00f1ate visita empresas estrat\u00e9gicas en Yaracuy para fortalecer el modelo econ\u00f3mico productivo y los CPTT."},"content":{"rendered":"\n<p>(Caracas, 04-10-24. Prensa MPPPST).\u2013 En la ma\u00f1ana de hoy, el Ministro del Poder Popular para el Proceso Social de Trabajo, Eduardo Pi\u00f1ate, realiz\u00f3 una visita a la f\u00e1brica av\u00edcola Grupo EBENEZER, C.A., donde fue recibido por voceros y voceras de los Consejos Productivos de Trabajadores (CPTT), la Directiva Sindical y representantes de la entidad.<br><br>Durante su recorrido por las l\u00edneas de producci\u00f3n de la f\u00e1brica, el Ministro destac\u00f3 la importancia de la fuerza de los trabajadores y trabajadoras, afirmando que \u201cjunto a otros elementos, como la tecnolog\u00eda y las condiciones de salud, la clase obrera mueve toda la empresa\u201d. <\/p>\n\n\n\n<figure class=\"wp-block-image size-large\"><img decoding=\"async\" loading=\"lazy\" width=\"1024\" height=\"577\" src=\"https:\/\/www.mpppst.gob.ve\/mpppstweb\/wp-content\/uploads\/2024\/10\/img_20241005_071646_5943926400677626348387-1024x577.jpg\" alt=\"\" class=\"wp-image-26797\" srcset=\"https:\/\/www.mpppst.gob.ve\/mpppstweb\/wp-content\/uploads\/2024\/10\/img_20241005_071646_5943926400677626348387-1024x577.jpg 1024w, https:\/\/www.mpppst.gob.ve\/mpppstweb\/wp-content\/uploads\/2024\/10\/img_20241005_071646_5943926400677626348387-300x169.jpg 300w, https:\/\/www.mpppst.gob.ve\/mpppstweb\/wp-content\/uploads\/2024\/10\/img_20241005_071646_5943926400677626348387-768x433.jpg 768w, https:\/\/www.mpppst.gob.ve\/mpppstweb\/wp-content\/uploads\/2024\/10\/img_20241005_071646_5943926400677626348387.jpg 1280w\" sizes=\"(max-width: 1024px) 100vw, 1024px\" \/><\/figure>\n\n\n\n<p><br><br>Eduardo Pi\u00f1ate mencion\u00f3 que el grupo Ebenezer cuenta con siete empresas en el pa\u00eds y subray\u00f3 la entrega de homologaci\u00f3n a la convenci\u00f3n colectiva \u00abMolvenca Harina\u00bb, expresando sus felicitaciones al equipo. \u201cHemos pasado un periodo muy duro, pero estamos en un proceso de recuperaci\u00f3n. Los n\u00fameros de Ebenezer son una expresi\u00f3n de esa recuperaci\u00f3n. Hay que reconocer la perseverancia de este grupo de trabajo, como lo ha hecho Eli Fern\u00e1ndez, quien sigue apostando por el pa\u00eds y por el avance econ\u00f3mico de nuestra patria\u201d, agreg\u00f3.<br><br>El Ministro tambi\u00e9n hizo hincapi\u00e9 en c\u00f3mo se han intentado dividir a los trabajadores mediante campa\u00f1as medi\u00e1ticas, pero asegur\u00f3 que no lo han logrado. \u201cTrataron durante mucho tiempo que nos hagamos da\u00f1o entre unos y otros. Lo han tratado, no lo han logrado\u201d, afirm\u00f3.<\/p>\n\n\n\n<figure class=\"wp-block-image size-large\"><img decoding=\"async\" loading=\"lazy\" width=\"1024\" height=\"576\" src=\"https:\/\/www.mpppst.gob.ve\/mpppstweb\/wp-content\/uploads\/2024\/10\/img_20241005_071708_9948872943186653437773-1024x576.jpg\" alt=\"\" class=\"wp-image-26799\" srcset=\"https:\/\/www.mpppst.gob.ve\/mpppstweb\/wp-content\/uploads\/2024\/10\/img_20241005_071708_9948872943186653437773-1024x576.jpg 1024w, https:\/\/www.mpppst.gob.ve\/mpppstweb\/wp-content\/uploads\/2024\/10\/img_20241005_071708_9948872943186653437773-300x169.jpg 300w, https:\/\/www.mpppst.gob.ve\/mpppstweb\/wp-content\/uploads\/2024\/10\/img_20241005_071708_9948872943186653437773-768x432.jpg 768w, https:\/\/www.mpppst.gob.ve\/mpppstweb\/wp-content\/uploads\/2024\/10\/img_20241005_071708_9948872943186653437773.jpg 1280w\" sizes=\"(max-width: 1024px) 100vw, 1024px\" \/><\/figure>\n\n\n\n<p><br>Continu\u00f3 resaltando la estabilidad que se ha alcanzado: \u201cEs un avance que debemos seguir planificando. La estabilidad del tipo de cambio, pol\u00edtica y de paz es fundamental. El aporte de los trabajadores y trabajadoras es esencial para nuestra recuperaci\u00f3n. Gracias a ustedes, estamos ganando terreno para la recuperaci\u00f3n econ\u00f3mica\u201d. Concluy\u00f3 su intervenci\u00f3n enfatizando la necesidad de construir un modelo productivo y diversificado de la econom\u00eda donde debemos garantizar la soberan\u00eda e independencia productiva a trav\u00e9s de una producci\u00f3n alimentaria s\u00f3lida.<br><br>La visita culmin\u00f3 con una asamblea donde Eduardo Pi\u00f1ate interactu\u00f3 con los trabajadores y trabajadoras, agradeciendo sinceramente su calidez al recibirlo. \u201cQuiero comenzar expresando mi gratitud a Julio Le\u00f3n, gobernador y compa\u00f1ero, con quien hemos colaborado estrechamente en diversas ocasiones\u201d, destac\u00f3.<br><br>Yaracuy es una entidad con una rica historia de productividad, siendo un gran productor de cereales y c\u00edtricos, adem\u00e1s de contar con un notable desarrollo en la industria y agroindustria. Este potencial es fundamental para el nuevo modelo productivo diversificado que se est\u00e1 construyendo en Venezuela.(Fin\/Isabela Guzm\u00e1n).<\/p>\n","protected":false},"excerpt":{"rendered":"<p>(Caracas, 04-10-24. Prensa MPPPST).\u2013 En la ma\u00f1ana de hoy, el Ministro del Poder Popular para el &hellip; <a title=\"Ministro Eduardo Pi\u00f1ate visita empresas estrat\u00e9gicas en Yaracuy para fortalecer el modelo econ\u00f3mico productivo y los CPTT.\" class=\"hm-read-more\" href=\"https:\/\/www.mpppst.gob.ve\/mpppstweb\/index.php\/2024\/10\/05\/ministro-eduardo-pinate-visita-empresas-estrategicas-en-yaracuy-para-fortalecer-el-modelo-economico-productivo-y-los-cptt\/\"><span class=\"screen-reader-text\">Ministro Eduardo Pi\u00f1ate visita empresas estrat\u00e9gicas en Yaracuy para fortalecer el modelo econ\u00f3mico productivo y los CPTT.<\/span>Read more<\/a><\/p>\n","protected":false},"author":25,"featured_media":26806,"comment_status":"closed","ping_status":"closed","sticky":false,"template":"","format":"standard","meta":{"footnotes":""},"categories":[82],"tags":[261,822,549,831,228,475,732,868],"yoast_head":"<!-- This site is optimized with the Yoast SEO plugin v22.5 - https:\/\/yoast.com\/wordpress\/plugins\/seo\/ -->\n<title>Ministro Eduardo Pi\u00f1ate visita empresas estrat\u00e9gicas en Yaracuy para fortalecer el modelo econ\u00f3mico productivo y los CPTT. - MPPPST<\/title>\n<meta name=\"robots\" content=\"index, follow, max-snippet:-1, max-image-preview:large, max-video-preview:-1\" \/>\n<link rel=\"canonical\" href=\"https:\/\/www.mpppst.gob.ve\/mpppstweb\/index.php\/2024\/10\/05\/ministro-eduardo-pinate-visita-empresas-estrategicas-en-yaracuy-para-fortalecer-el-modelo-economico-productivo-y-los-cptt\/\" \/>\n<meta property=\"og:locale\" content=\"es_ES\" \/>\n<meta property=\"og:type\" content=\"article\" \/>\n<meta property=\"og:title\" content=\"Ministro Eduardo Pi\u00f1ate visita empresas estrat\u00e9gicas en Yaracuy para fortalecer el modelo econ\u00f3mico productivo y los CPTT. - MPPPST\" \/>\n<meta property=\"og:description\" content=\"(Caracas, 04-10-24. Prensa MPPPST).\u2013 En la ma\u00f1ana de hoy, el Ministro del Poder Popular para el &hellip; Ministro Eduardo Pi\u00f1ate visita empresas estrat\u00e9gicas en Yaracuy para fortalecer el modelo econ\u00f3mico productivo y los CPTT.Read more\" \/>\n<meta property=\"og:url\" content=\"https:\/\/www.mpppst.gob.ve\/mpppstweb\/index.php\/2024\/10\/05\/ministro-eduardo-pinate-visita-empresas-estrategicas-en-yaracuy-para-fortalecer-el-modelo-economico-productivo-y-los-cptt\/\" \/>\n<meta property=\"og:site_name\" content=\"MPPPST\" \/>\n<meta property=\"article:published_time\" content=\"2024-10-05T11:20:29+00:00\" \/>\n<meta property=\"article:modified_time\" content=\"2024-10-05T11:25:09+00:00\" \/>\n<meta property=\"og:image\" content=\"http:\/\/www.mpppst.gob.ve\/mpppstweb\/wp-content\/uploads\/2024\/10\/IMG_20241005_071705_411.jpg\" \/>\n\t<meta property=\"og:image:width\" content=\"1280\" \/>\n\t<meta property=\"og:image:height\" content=\"720\" \/>\n\t<meta property=\"og:image:type\" content=\"image\/jpeg\" \/>\n<meta name=\"author\" content=\"MPPPST Prensa\" \/>\n<meta name=\"twitter:card\" content=\"summary_large_image\" \/>\n<meta name=\"twitter:label1\" content=\"Escrito por\" \/>\n\t<meta name=\"twitter:data1\" content=\"MPPPST Prensa\" \/>\n\t<meta name=\"twitter:label2\" content=\"Tiempo de lectura\" \/>\n\t<meta name=\"twitter:data2\" content=\"3 minutos\" \/>\n<script type=\"application\/ld+json\" class=\"yoast-schema-graph\">{\"@context\":\"https:\/\/schema.org\",\"@graph\":[{\"@type\":\"Article\",\"@id\":\"https:\/\/www.mpppst.gob.ve\/mpppstweb\/index.php\/2024\/10\/05\/ministro-eduardo-pinate-visita-empresas-estrategicas-en-yaracuy-para-fortalecer-el-modelo-economico-productivo-y-los-cptt\/#article\",\"isPartOf\":{\"@id\":\"https:\/\/www.mpppst.gob.ve\/mpppstweb\/index.php\/2024\/10\/05\/ministro-eduardo-pinate-visita-empresas-estrategicas-en-yaracuy-para-fortalecer-el-modelo-economico-productivo-y-los-cptt\/\"},\"author\":{\"name\":\"MPPPST Prensa\",\"@id\":\"https:\/\/www.mpppst.gob.ve\/mpppstweb\/#\/schema\/person\/fc187ee8ead412bd4c9304b62f900ea4\"},\"headline\":\"Ministro Eduardo Pi\u00f1ate visita empresas estrat\u00e9gicas en Yaracuy para fortalecer el modelo econ\u00f3mico productivo y los CPTT.\",\"datePublished\":\"2024-10-05T11:20:29+00:00\",\"dateModified\":\"2024-10-05T11:25:09+00:00\",\"mainEntityOfPage\":{\"@id\":\"https:\/\/www.mpppst.gob.ve\/mpppstweb\/index.php\/2024\/10\/05\/ministro-eduardo-pinate-visita-empresas-estrategicas-en-yaracuy-para-fortalecer-el-modelo-economico-productivo-y-los-cptt\/\"},\"wordCount\":460,\"publisher\":{\"@id\":\"https:\/\/www.mpppst.gob.ve\/mpppstweb\/#organization\"},\"image\":{\"@id\":\"https:\/\/www.mpppst.gob.ve\/mpppstweb\/index.php\/2024\/10\/05\/ministro-eduardo-pinate-visita-empresas-estrategicas-en-yaracuy-para-fortalecer-el-modelo-economico-productivo-y-los-cptt\/#primaryimage\"},\"thumbnailUrl\":\"https:\/\/www.mpppst.gob.ve\/mpppstweb\/wp-content\/uploads\/2024\/10\/IMG_20241005_071705_411.jpg\",\"keywords\":[\"CBST\",\"Clase Trabajadora\",\"CPTT\",\"Eduardo Pi\u00f1ate\",\"Fuerza Sindical\",\"Johanna Sant\u00e9liz\",\"Viceministerio para Derechos y Relaciones Laborales\",\"Yaracuy\"],\"articleSection\":[\"Gobierno Nacional\"],\"inLanguage\":\"es\"},{\"@type\":\"WebPage\",\"@id\":\"https:\/\/www.mpppst.gob.ve\/mpppstweb\/index.php\/2024\/10\/05\/ministro-eduardo-pinate-visita-empresas-estrategicas-en-yaracuy-para-fortalecer-el-modelo-economico-productivo-y-los-cptt\/\",\"url\":\"https:\/\/www.mpppst.gob.ve\/mpppstweb\/index.php\/2024\/10\/05\/ministro-eduardo-pinate-visita-empresas-estrategicas-en-yaracuy-para-fortalecer-el-modelo-economico-productivo-y-los-cptt\/\",\"name\":\"Ministro Eduardo Pi\u00f1ate visita empresas estrat\u00e9gicas en Yaracuy para fortalecer el modelo econ\u00f3mico productivo y los CPTT. - MPPPST\",\"isPartOf\":{\"@id\":\"https:\/\/www.mpppst.gob.ve\/mpppstweb\/#website\"},\"primaryImageOfPage\":{\"@id\":\"https:\/\/www.mpppst.gob.ve\/mpppstweb\/index.php\/2024\/10\/05\/ministro-eduardo-pinate-visita-empresas-estrategicas-en-yaracuy-para-fortalecer-el-modelo-economico-productivo-y-los-cptt\/#primaryimage\"},\"image\":{\"@id\":\"https:\/\/www.mpppst.gob.ve\/mpppstweb\/index.php\/2024\/10\/05\/ministro-eduardo-pinate-visita-empresas-estrategicas-en-yaracuy-para-fortalecer-el-modelo-economico-productivo-y-los-cptt\/#primaryimage\"},\"thumbnailUrl\":\"https:\/\/www.mpppst.gob.ve\/mpppstweb\/wp-content\/uploads\/2024\/10\/IMG_20241005_071705_411.jpg\",\"datePublished\":\"2024-10-05T11:20:29+00:00\",\"dateModified\":\"2024-10-05T11:25:09+00:00\",\"breadcrumb\":{\"@id\":\"https:\/\/www.mpppst.gob.ve\/mpppstweb\/index.php\/2024\/10\/05\/ministro-eduardo-pinate-visita-empresas-estrategicas-en-yaracuy-para-fortalecer-el-modelo-economico-productivo-y-los-cptt\/#breadcrumb\"},\"inLanguage\":\"es\",\"potentialAction\":[{\"@type\":\"ReadAction\",\"target\":[\"https:\/\/www.mpppst.gob.ve\/mpppstweb\/index.php\/2024\/10\/05\/ministro-eduardo-pinate-visita-empresas-estrategicas-en-yaracuy-para-fortalecer-el-modelo-economico-productivo-y-los-cptt\/\"]}]},{\"@type\":\"ImageObject\",\"inLanguage\":\"es\",\"@id\":\"https:\/\/www.mpppst.gob.ve\/mpppstweb\/index.php\/2024\/10\/05\/ministro-eduardo-pinate-visita-empresas-estrategicas-en-yaracuy-para-fortalecer-el-modelo-economico-productivo-y-los-cptt\/#primaryimage\",\"url\":\"https:\/\/www.mpppst.gob.ve\/mpppstweb\/wp-content\/uploads\/2024\/10\/IMG_20241005_071705_411.jpg\",\"contentUrl\":\"https:\/\/www.mpppst.gob.ve\/mpppstweb\/wp-content\/uploads\/2024\/10\/IMG_20241005_071705_411.jpg\",\"width\":1280,\"height\":720},{\"@type\":\"BreadcrumbList\",\"@id\":\"https:\/\/www.mpppst.gob.ve\/mpppstweb\/index.php\/2024\/10\/05\/ministro-eduardo-pinate-visita-empresas-estrategicas-en-yaracuy-para-fortalecer-el-modelo-economico-productivo-y-los-cptt\/#breadcrumb\",\"itemListElement\":[{\"@type\":\"ListItem\",\"position\":1,\"name\":\"Home\",\"item\":\"https:\/\/www.mpppst.gob.ve\/mpppstweb\/\"},{\"@type\":\"ListItem\",\"position\":2,\"name\":\"Ministro Eduardo Pi\u00f1ate visita empresas estrat\u00e9gicas en Yaracuy para fortalecer el modelo econ\u00f3mico productivo y los CPTT.\"}]},{\"@type\":\"WebSite\",\"@id\":\"https:\/\/www.mpppst.gob.ve\/mpppstweb\/#website\",\"url\":\"https:\/\/www.mpppst.gob.ve\/mpppstweb\/\",\"name\":\"MPPPST\",\"description\":\"Ministerio del Poder Popular para el Proceso Social de Trabajo\",\"publisher\":{\"@id\":\"https:\/\/www.mpppst.gob.ve\/mpppstweb\/#organization\"},\"potentialAction\":[{\"@type\":\"SearchAction\",\"target\":{\"@type\":\"EntryPoint\",\"urlTemplate\":\"https:\/\/www.mpppst.gob.ve\/mpppstweb\/?s={search_term_string}\"},\"query-input\":\"required name=search_term_string\"}],\"inLanguage\":\"es\"},{\"@type\":\"Organization\",\"@id\":\"https:\/\/www.mpppst.gob.ve\/mpppstweb\/#organization\",\"name\":\"mpppst\",\"url\":\"https:\/\/www.mpppst.gob.ve\/mpppstweb\/\",\"logo\":{\"@type\":\"ImageObject\",\"inLanguage\":\"es\",\"@id\":\"https:\/\/www.mpppst.gob.ve\/mpppstweb\/#\/schema\/logo\/image\/\",\"url\":\"https:\/\/www.mpppst.gob.ve\/mpppstweb\/wp-content\/uploads\/2025\/07\/cropped-cropped-g910.png\",\"contentUrl\":\"https:\/\/www.mpppst.gob.ve\/mpppstweb\/wp-content\/uploads\/2025\/07\/cropped-cropped-g910.png\",\"width\":1080,\"height\":241,\"caption\":\"mpppst\"},\"image\":{\"@id\":\"https:\/\/www.mpppst.gob.ve\/mpppstweb\/#\/schema\/logo\/image\/\"}},{\"@type\":\"Person\",\"@id\":\"https:\/\/www.mpppst.gob.ve\/mpppstweb\/#\/schema\/person\/fc187ee8ead412bd4c9304b62f900ea4\",\"name\":\"MPPPST Prensa\",\"url\":\"https:\/\/www.mpppst.gob.ve\/mpppstweb\/index.php\/author\/prensa-mpppst\/\"}]}<\/script>\n<!-- \/ Yoast SEO plugin. -->","yoast_head_json":{"title":"Ministro Eduardo Pi\u00f1ate visita empresas estrat\u00e9gicas en Yaracuy para fortalecer el modelo econ\u00f3mico productivo y los CPTT. - MPPPST","robots":{"index":"index","follow":"follow","max-snippet":"max-snippet:-1","max-image-preview":"max-image-preview:large","max-video-preview":"max-video-preview:-1"},"canonical":"https:\/\/www.mpppst.gob.ve\/mpppstweb\/index.php\/2024\/10\/05\/ministro-eduardo-pinate-visita-empresas-estrategicas-en-yaracuy-para-fortalecer-el-modelo-economico-productivo-y-los-cptt\/","og_locale":"es_ES","og_type":"article","og_title":"Ministro Eduardo Pi\u00f1ate visita empresas estrat\u00e9gicas en Yaracuy para fortalecer el modelo econ\u00f3mico productivo y los CPTT. - MPPPST","og_description":"(Caracas, 04-10-24. Prensa MPPPST).\u2013 En la ma\u00f1ana de hoy, el Ministro del Poder Popular para el &hellip; Ministro Eduardo Pi\u00f1ate visita empresas estrat\u00e9gicas en Yaracuy para fortalecer el modelo econ\u00f3mico productivo y los CPTT.Read more","og_url":"https:\/\/www.mpppst.gob.ve\/mpppstweb\/index.php\/2024\/10\/05\/ministro-eduardo-pinate-visita-empresas-estrategicas-en-yaracuy-para-fortalecer-el-modelo-economico-productivo-y-los-cptt\/","og_site_name":"MPPPST","article_published_time":"2024-10-05T11:20:29+00:00","article_modified_time":"2024-10-05T11:25:09+00:00","og_image":[{"width":1280,"height":720,"url":"http:\/\/www.mpppst.gob.ve\/mpppstweb\/wp-content\/uploads\/2024\/10\/IMG_20241005_071705_411.jpg","type":"image\/jpeg"}],"author":"MPPPST Prensa","twitter_card":"summary_large_image","twitter_misc":{"Escrito por":"MPPPST Prensa","Tiempo de lectura":"3 minutos"},"schema":{"@context":"https:\/\/schema.org","@graph":[{"@type":"Article","@id":"https:\/\/www.mpppst.gob.ve\/mpppstweb\/index.php\/2024\/10\/05\/ministro-eduardo-pinate-visita-empresas-estrategicas-en-yaracuy-para-fortalecer-el-modelo-economico-productivo-y-los-cptt\/#article","isPartOf":{"@id":"https:\/\/www.mpppst.gob.ve\/mpppstweb\/index.php\/2024\/10\/05\/ministro-eduardo-pinate-visita-empresas-estrategicas-en-yaracuy-para-fortalecer-el-modelo-economico-productivo-y-los-cptt\/"},"author":{"name":"MPPPST Prensa","@id":"https:\/\/www.mpppst.gob.ve\/mpppstweb\/#\/schema\/person\/fc187ee8ead412bd4c9304b62f900ea4"},"headline":"Ministro Eduardo Pi\u00f1ate visita empresas estrat\u00e9gicas en Yaracuy para fortalecer el modelo econ\u00f3mico productivo y los CPTT.","datePublished":"2024-10-05T11:20:29+00:00","dateModified":"2024-10-05T11:25:09+00:00","mainEntityOfPage":{"@id":"https:\/\/www.mpppst.gob.ve\/mpppstweb\/index.php\/2024\/10\/05\/ministro-eduardo-pinate-visita-empresas-estrategicas-en-yaracuy-para-fortalecer-el-modelo-economico-productivo-y-los-cptt\/"},"wordCount":460,"publisher":{"@id":"https:\/\/www.mpppst.gob.ve\/mpppstweb\/#organization"},"image":{"@id":"https:\/\/www.mpppst.gob.ve\/mpppstweb\/index.php\/2024\/10\/05\/ministro-eduardo-pinate-visita-empresas-estrategicas-en-yaracuy-para-fortalecer-el-modelo-economico-productivo-y-los-cptt\/#primaryimage"},"thumbnailUrl":"https:\/\/www.mpppst.gob.ve\/mpppstweb\/wp-content\/uploads\/2024\/10\/IMG_20241005_071705_411.jpg","keywords":["CBST","Clase Trabajadora","CPTT","Eduardo Pi\u00f1ate","Fuerza Sindical","Johanna Sant\u00e9liz","Viceministerio para Derechos y Relaciones Laborales","Yaracuy"],"articleSection":["Gobierno Nacional"],"inLanguage":"es"},{"@type":"WebPage","@id":"https:\/\/www.mpppst.gob.ve\/mpppstweb\/index.php\/2024\/10\/05\/ministro-eduardo-pinate-visita-empresas-estrategicas-en-yaracuy-para-fortalecer-el-modelo-economico-productivo-y-los-cptt\/","url":"https:\/\/www.mpppst.gob.ve\/mpppstweb\/index.php\/2024\/10\/05\/ministro-eduardo-pinate-visita-empresas-estrategicas-en-yaracuy-para-fortalecer-el-modelo-economico-productivo-y-los-cptt\/","name":"Ministro Eduardo Pi\u00f1ate visita empresas estrat\u00e9gicas en Yaracuy para fortalecer el modelo econ\u00f3mico productivo y los CPTT. - MPPPST","isPartOf":{"@id":"https:\/\/www.mpppst.gob.ve\/mpppstweb\/#website"},"primaryImageOfPage":{"@id":"https:\/\/www.mpppst.gob.ve\/mpppstweb\/index.php\/2024\/10\/05\/ministro-eduardo-pinate-visita-empresas-estrategicas-en-yaracuy-para-fortalecer-el-modelo-economico-productivo-y-los-cptt\/#primaryimage"},"image":{"@id":"https:\/\/www.mpppst.gob.ve\/mpppstweb\/index.php\/2024\/10\/05\/ministro-eduardo-pinate-visita-empresas-estrategicas-en-yaracuy-para-fortalecer-el-modelo-economico-productivo-y-los-cptt\/#primaryimage"},"thumbnailUrl":"https:\/\/www.mpppst.gob.ve\/mpppstweb\/wp-content\/uploads\/2024\/10\/IMG_20241005_071705_411.jpg","datePublished":"2024-10-05T11:20:29+00:00","dateModified":"2024-10-05T11:25:09+00:00","breadcrumb":{"@id":"https:\/\/www.mpppst.gob.ve\/mpppstweb\/index.php\/2024\/10\/05\/ministro-eduardo-pinate-visita-empresas-estrategicas-en-yaracuy-para-fortalecer-el-modelo-economico-productivo-y-los-cptt\/#breadcrumb"},"inLanguage":"es","potentialAction":[{"@type":"ReadAction","target":["https:\/\/www.mpppst.gob.ve\/mpppstweb\/index.php\/2024\/10\/05\/ministro-eduardo-pinate-visita-empresas-estrategicas-en-yaracuy-para-fortalecer-el-modelo-economico-productivo-y-los-cptt\/"]}]},{"@type":"ImageObject","inLanguage":"es","@id":"https:\/\/www.mpppst.gob.ve\/mpppstweb\/index.php\/2024\/10\/05\/ministro-eduardo-pinate-visita-empresas-estrategicas-en-yaracuy-para-fortalecer-el-modelo-economico-productivo-y-los-cptt\/#primaryimage","url":"https:\/\/www.mpppst.gob.ve\/mpppstweb\/wp-content\/uploads\/2024\/10\/IMG_20241005_071705_411.jpg","contentUrl":"https:\/\/www.mpppst.gob.ve\/mpppstweb\/wp-content\/uploads\/2024\/10\/IMG_20241005_071705_411.jpg","width":1280,"height":720},{"@type":"BreadcrumbList","@id":"https:\/\/www.mpppst.gob.ve\/mpppstweb\/index.php\/2024\/10\/05\/ministro-eduardo-pinate-visita-empresas-estrategicas-en-yaracuy-para-fortalecer-el-modelo-economico-productivo-y-los-cptt\/#breadcrumb","itemListElement":[{"@type":"ListItem","position":1,"name":"Home","item":"https:\/\/www.mpppst.gob.ve\/mpppstweb\/"},{"@type":"ListItem","position":2,"name":"Ministro Eduardo Pi\u00f1ate visita empresas estrat\u00e9gicas en Yaracuy para fortalecer el modelo econ\u00f3mico productivo y los CPTT."}]},{"@type":"WebSite","@id":"https:\/\/www.mpppst.gob.ve\/mpppstweb\/#website","url":"https:\/\/www.mpppst.gob.ve\/mpppstweb\/","name":"MPPPST","description":"Ministerio del Poder Popular para el Proceso Social de Trabajo","publisher":{"@id":"https:\/\/www.mpppst.gob.ve\/mpppstweb\/#organization"},"potentialAction":[{"@type":"SearchAction","target":{"@type":"EntryPoint","urlTemplate":"https:\/\/www.mpppst.gob.ve\/mpppstweb\/?s={search_term_string}"},"query-input":"required name=search_term_string"}],"inLanguage":"es"},{"@type":"Organization","@id":"https:\/\/www.mpppst.gob.ve\/mpppstweb\/#organization","name":"mpppst","url":"https:\/\/www.mpppst.gob.ve\/mpppstweb\/","logo":{"@type":"ImageObject","inLanguage":"es","@id":"https:\/\/www.mpppst.gob.ve\/mpppstweb\/#\/schema\/logo\/image\/","url":"https:\/\/www.mpppst.gob.ve\/mpppstweb\/wp-content\/uploads\/2025\/07\/cropped-cropped-g910.png","contentUrl":"https:\/\/www.mpppst.gob.ve\/mpppstweb\/wp-content\/uploads\/2025\/07\/cropped-cropped-g910.png","width":1080,"height":241,"caption":"mpppst"},"image":{"@id":"https:\/\/www.mpppst.gob.ve\/mpppstweb\/#\/schema\/logo\/image\/"}},{"@type":"Person","@id":"https:\/\/www.mpppst.gob.ve\/mpppstweb\/#\/schema\/person\/fc187ee8ead412bd4c9304b62f900ea4","name":"MPPPST Prensa","url":"https:\/\/www.mpppst.gob.ve\/mpppstweb\/index.php\/author\/prensa-mpppst\/"}]}},"_links":{"self":[{"href":"https:\/\/www.mpppst.gob.ve\/mpppstweb\/index.php\/wp-json\/wp\/v2\/posts\/26800"}],"collection":[{"href":"https:\/\/www.mpppst.gob.ve\/mpppstweb\/index.php\/wp-json\/wp\/v2\/posts"}],"about":[{"href":"https:\/\/www.mpppst.gob.ve\/mpppstweb\/index.php\/wp-json\/wp\/v2\/types\/post"}],"author":[{"embeddable":true,"href":"https:\/\/www.mpppst.gob.ve\/mpppstweb\/index.php\/wp-json\/wp\/v2\/users\/25"}],"replies":[{"embeddable":true,"href":"https:\/\/www.mpppst.gob.ve\/mpppstweb\/index.php\/wp-json\/wp\/v2\/comments?post=26800"}],"version-history":[{"count":1,"href":"https:\/\/www.mpppst.gob.ve\/mpppstweb\/index.php\/wp-json\/wp\/v2\/posts\/26800\/revisions"}],"predecessor-version":[{"id":26801,"href":"https:\/\/www.mpppst.gob.ve\/mpppstweb\/index.php\/wp-json\/wp\/v2\/posts\/26800\/revisions\/26801"}],"wp:featuredmedia":[{"embeddable":true,"href":"https:\/\/www.mpppst.gob.ve\/mpppstweb\/index.php\/wp-json\/wp\/v2\/media\/26806"}],"wp:attachment":[{"href":"https:\/\/www.mpppst.gob.ve\/mpppstweb\/index.php\/wp-json\/wp\/v2\/media?parent=26800"}],"wp:term":[{"taxonomy":"category","embeddable":true,"href":"https:\/\/www.mpppst.gob.ve\/mpppstweb\/index.php\/wp-json\/wp\/v2\/categories?post=26800"},{"taxonomy":"post_tag","embeddable":true,"href":"https:\/\/www.mpppst.gob.ve\/mpppstweb\/index.php\/wp-json\/wp\/v2\/tags?post=26800"}],"curies":[{"name":"wp","href":"https:\/\/api.w.org\/{rel}","templated":true}]}}