{"id":26804,"date":"2024-10-05T07:23:11","date_gmt":"2024-10-05T11:23:11","guid":{"rendered":"https:\/\/www.mpppst.gob.ve\/mpppstweb\/?p=26804"},"modified":"2024-10-05T07:26:06","modified_gmt":"2024-10-05T11:26:06","slug":"ministro-pinate-recorre-la-ensambladora-jac-para-reafirmar-el-compromiso-con-la-clase-obrera","status":"publish","type":"post","link":"https:\/\/www.mpppst.gob.ve\/mpppstweb\/index.php\/2024\/10\/05\/ministro-pinate-recorre-la-ensambladora-jac-para-reafirmar-el-compromiso-con-la-clase-obrera\/","title":{"rendered":"Ministro Pi\u00f1ate recorre la ensambladora JAC para reafirmar el compromiso con la clase obrera."},"content":{"rendered":"\n<p>(Caracas, 04-10-24. Prensa MPPPST). El Ministro Pi\u00f1ate realiz\u00f3 una visita&nbsp; a la planta JAC MOTOR&#8217;S DE VENEZUELA, GRUPO BELL, donde tambi\u00e9n fue recibido por los voceros y voceras de los CPTT, la Directiva Sindical y representantes de la empresa. Esta visita reafirma el compromiso del gobierno con el fortalecimiento del trabajo conjunto entre el Estado y el sector productivo.<\/p>\n\n\n\n<figure class=\"wp-block-image size-large\"><img decoding=\"async\" loading=\"lazy\" width=\"1024\" height=\"577\" src=\"https:\/\/www.mpppst.gob.ve\/mpppstweb\/wp-content\/uploads\/2024\/10\/img_20241005_071724_6098488952547716337138-1024x577.jpg\" alt=\"\" class=\"wp-image-26802\" srcset=\"https:\/\/www.mpppst.gob.ve\/mpppstweb\/wp-content\/uploads\/2024\/10\/img_20241005_071724_6098488952547716337138-1024x577.jpg 1024w, https:\/\/www.mpppst.gob.ve\/mpppstweb\/wp-content\/uploads\/2024\/10\/img_20241005_071724_6098488952547716337138-300x169.jpg 300w, https:\/\/www.mpppst.gob.ve\/mpppstweb\/wp-content\/uploads\/2024\/10\/img_20241005_071724_6098488952547716337138-768x433.jpg 768w, https:\/\/www.mpppst.gob.ve\/mpppstweb\/wp-content\/uploads\/2024\/10\/img_20241005_071724_6098488952547716337138.jpg 1280w\" sizes=\"(max-width: 1024px) 100vw, 1024px\" \/><\/figure>\n\n\n\n<p>El Presidente de la Empresa JAC, Sergio Gonz\u00e1lez, durante el recorrido, le mostro al ciudadano ministro la l\u00ednea de ensamblaje, donde asegur\u00f3 que ha apostado siempre en la producci\u00f3n venezolana, en el trabajo hecho desde cero en la naci\u00f3n. \u00abNuestras metas superan las expectativas normales. Muy probable que vayan a otra ensambladora, ibas a conseguir lo mismo que hay aqu\u00ed. Una gr\u00faa, una facilidad para colocar una que otra pieza. Lo que les puedo asegurar es que no pueden conseguir gente como la que trabaja aqu\u00ed, con una gran voluntad. Gente de diferentes lugares, Lara, Yaracuy, Apure, entre otros. Aqu\u00ed les hemos dado conocimientos, siempre les hemos dejado las puertas abiertas para que sigan aprendiendo\u00bb. <br><br>El alcalde, Juan Parada, afirm\u00f3 ser testigo de la recuperaci\u00f3n progresiva de la empresa JAC. Asegur\u00f3 que \u00abse ha venido constituyendo la JAC, para el Estado se ve como un \u00e9xito, pues nos posiciona, y otros empresarios pueden ver que se puede apostar para surgir.\u00bb<\/p>\n\n\n\n<figure class=\"wp-block-image size-large\"><img decoding=\"async\" loading=\"lazy\" width=\"1024\" height=\"576\" src=\"https:\/\/www.mpppst.gob.ve\/mpppstweb\/wp-content\/uploads\/2024\/10\/img_20241005_071737_4672971307712789640134-1024x576.jpg\" alt=\"\" class=\"wp-image-26803\" srcset=\"https:\/\/www.mpppst.gob.ve\/mpppstweb\/wp-content\/uploads\/2024\/10\/img_20241005_071737_4672971307712789640134-1024x576.jpg 1024w, https:\/\/www.mpppst.gob.ve\/mpppstweb\/wp-content\/uploads\/2024\/10\/img_20241005_071737_4672971307712789640134-300x169.jpg 300w, https:\/\/www.mpppst.gob.ve\/mpppstweb\/wp-content\/uploads\/2024\/10\/img_20241005_071737_4672971307712789640134-768x432.jpg 768w, https:\/\/www.mpppst.gob.ve\/mpppstweb\/wp-content\/uploads\/2024\/10\/img_20241005_071737_4672971307712789640134.jpg 1280w\" sizes=\"(max-width: 1024px) 100vw, 1024px\" \/><\/figure>\n\n\n\n<p>Por otro lado, el Gobernador de Yaracuy, Julio Le\u00f3n, record\u00f3 a los presentes \u00absin que exista un consenso, entre lo gubernamental, en el sector empresarial que es patriota, pero no partidista, sino que debe amar, proteger, cuidar a su pa\u00eds, y el factor fundamental, es el alma, dentro de una organizaci\u00f3n, son los trabajadores y trabajadoras de la empresa\u00bb. <br><br>El ministro Eduardo Pi\u00f1ate, reconoci\u00f3 el trabajo que se ha realizado en la empresa, \u00abhay producci\u00f3n porque tenemos planificaci\u00f3n y porque tenemos una fuerza obrera que hace posible que esa ensambladora avance\u00bb. <br><br>Este recorrido permiti\u00f3 resaltar el compromiso del sector laboral en el desarrollo de soluciones creativas para mejorar la producci\u00f3n.(Fin\/Isabela Guzm\u00e1n).<\/p>\n","protected":false},"excerpt":{"rendered":"<p>(Caracas, 04-10-24. Prensa MPPPST). El Ministro Pi\u00f1ate realiz\u00f3 una visita&nbsp; a la planta JAC MOTOR&#8217;S DE &hellip; <a title=\"Ministro Pi\u00f1ate recorre la ensambladora JAC para reafirmar el compromiso con la clase obrera.\" class=\"hm-read-more\" href=\"https:\/\/www.mpppst.gob.ve\/mpppstweb\/index.php\/2024\/10\/05\/ministro-pinate-recorre-la-ensambladora-jac-para-reafirmar-el-compromiso-con-la-clase-obrera\/\"><span class=\"screen-reader-text\">Ministro Pi\u00f1ate recorre la ensambladora JAC para reafirmar el compromiso con la clase obrera.<\/span>Read more<\/a><\/p>\n","protected":false},"author":25,"featured_media":26807,"comment_status":"closed","ping_status":"closed","sticky":false,"template":"","format":"standard","meta":{"footnotes":""},"categories":[82],"tags":[625,549,831,228,475,869,732,860,868],"yoast_head":"<!-- This site is optimized with the Yoast SEO plugin v22.5 - https:\/\/yoast.com\/wordpress\/plugins\/seo\/ -->\n<title>Ministro Pi\u00f1ate recorre la ensambladora JAC para reafirmar el compromiso con la clase obrera. - MPPPST<\/title>\n<meta name=\"robots\" content=\"index, follow, max-snippet:-1, max-image-preview:large, max-video-preview:-1\" \/>\n<link rel=\"canonical\" href=\"https:\/\/www.mpppst.gob.ve\/mpppstweb\/index.php\/2024\/10\/05\/ministro-pinate-recorre-la-ensambladora-jac-para-reafirmar-el-compromiso-con-la-clase-obrera\/\" \/>\n<meta property=\"og:locale\" content=\"es_ES\" \/>\n<meta property=\"og:type\" content=\"article\" \/>\n<meta property=\"og:title\" content=\"Ministro Pi\u00f1ate recorre la ensambladora JAC para reafirmar el compromiso con la clase obrera. - MPPPST\" \/>\n<meta property=\"og:description\" content=\"(Caracas, 04-10-24. Prensa MPPPST). El Ministro Pi\u00f1ate realiz\u00f3 una visita&nbsp; a la planta JAC MOTOR&#8217;S DE &hellip; Ministro Pi\u00f1ate recorre la ensambladora JAC para reafirmar el compromiso con la clase obrera.Read more\" \/>\n<meta property=\"og:url\" content=\"https:\/\/www.mpppst.gob.ve\/mpppstweb\/index.php\/2024\/10\/05\/ministro-pinate-recorre-la-ensambladora-jac-para-reafirmar-el-compromiso-con-la-clase-obrera\/\" \/>\n<meta property=\"og:site_name\" content=\"MPPPST\" \/>\n<meta property=\"article:published_time\" content=\"2024-10-05T11:23:11+00:00\" \/>\n<meta property=\"article:modified_time\" content=\"2024-10-05T11:26:06+00:00\" \/>\n<meta property=\"og:image\" content=\"http:\/\/www.mpppst.gob.ve\/mpppstweb\/wp-content\/uploads\/2024\/10\/IMG_20241005_071757_503.jpg\" \/>\n\t<meta property=\"og:image:width\" content=\"1280\" \/>\n\t<meta property=\"og:image:height\" content=\"721\" \/>\n\t<meta property=\"og:image:type\" content=\"image\/jpeg\" \/>\n<meta name=\"author\" content=\"MPPPST Prensa\" \/>\n<meta name=\"twitter:card\" content=\"summary_large_image\" \/>\n<meta name=\"twitter:label1\" content=\"Escrito por\" \/>\n\t<meta name=\"twitter:data1\" content=\"MPPPST Prensa\" \/>\n\t<meta name=\"twitter:label2\" content=\"Tiempo de lectura\" \/>\n\t<meta name=\"twitter:data2\" content=\"3 minutos\" \/>\n<script type=\"application\/ld+json\" class=\"yoast-schema-graph\">{\"@context\":\"https:\/\/schema.org\",\"@graph\":[{\"@type\":\"Article\",\"@id\":\"https:\/\/www.mpppst.gob.ve\/mpppstweb\/index.php\/2024\/10\/05\/ministro-pinate-recorre-la-ensambladora-jac-para-reafirmar-el-compromiso-con-la-clase-obrera\/#article\",\"isPartOf\":{\"@id\":\"https:\/\/www.mpppst.gob.ve\/mpppstweb\/index.php\/2024\/10\/05\/ministro-pinate-recorre-la-ensambladora-jac-para-reafirmar-el-compromiso-con-la-clase-obrera\/\"},\"author\":{\"name\":\"MPPPST Prensa\",\"@id\":\"https:\/\/www.mpppst.gob.ve\/mpppstweb\/#\/schema\/person\/fc187ee8ead412bd4c9304b62f900ea4\"},\"headline\":\"Ministro Pi\u00f1ate recorre la ensambladora JAC para reafirmar el compromiso con la clase obrera.\",\"datePublished\":\"2024-10-05T11:23:11+00:00\",\"dateModified\":\"2024-10-05T11:26:06+00:00\",\"mainEntityOfPage\":{\"@id\":\"https:\/\/www.mpppst.gob.ve\/mpppstweb\/index.php\/2024\/10\/05\/ministro-pinate-recorre-la-ensambladora-jac-para-reafirmar-el-compromiso-con-la-clase-obrera\/\"},\"wordCount\":365,\"publisher\":{\"@id\":\"https:\/\/www.mpppst.gob.ve\/mpppstweb\/#organization\"},\"image\":{\"@id\":\"https:\/\/www.mpppst.gob.ve\/mpppstweb\/index.php\/2024\/10\/05\/ministro-pinate-recorre-la-ensambladora-jac-para-reafirmar-el-compromiso-con-la-clase-obrera\/#primaryimage\"},\"thumbnailUrl\":\"https:\/\/www.mpppst.gob.ve\/mpppstweb\/wp-content\/uploads\/2024\/10\/IMG_20241005_071757_503.jpg\",\"keywords\":[\"7T\",\"CPTT\",\"Eduardo Pi\u00f1ate\",\"Fuerza Sindical\",\"Johanna Sant\u00e9liz\",\"motor industrial\",\"Viceministerio para Derechos y Relaciones Laborales\",\"voceros de los CPTT\",\"Yaracuy\"],\"articleSection\":[\"Gobierno Nacional\"],\"inLanguage\":\"es\"},{\"@type\":\"WebPage\",\"@id\":\"https:\/\/www.mpppst.gob.ve\/mpppstweb\/index.php\/2024\/10\/05\/ministro-pinate-recorre-la-ensambladora-jac-para-reafirmar-el-compromiso-con-la-clase-obrera\/\",\"url\":\"https:\/\/www.mpppst.gob.ve\/mpppstweb\/index.php\/2024\/10\/05\/ministro-pinate-recorre-la-ensambladora-jac-para-reafirmar-el-compromiso-con-la-clase-obrera\/\",\"name\":\"Ministro Pi\u00f1ate recorre la ensambladora JAC para reafirmar el compromiso con la clase obrera. - MPPPST\",\"isPartOf\":{\"@id\":\"https:\/\/www.mpppst.gob.ve\/mpppstweb\/#website\"},\"primaryImageOfPage\":{\"@id\":\"https:\/\/www.mpppst.gob.ve\/mpppstweb\/index.php\/2024\/10\/05\/ministro-pinate-recorre-la-ensambladora-jac-para-reafirmar-el-compromiso-con-la-clase-obrera\/#primaryimage\"},\"image\":{\"@id\":\"https:\/\/www.mpppst.gob.ve\/mpppstweb\/index.php\/2024\/10\/05\/ministro-pinate-recorre-la-ensambladora-jac-para-reafirmar-el-compromiso-con-la-clase-obrera\/#primaryimage\"},\"thumbnailUrl\":\"https:\/\/www.mpppst.gob.ve\/mpppstweb\/wp-content\/uploads\/2024\/10\/IMG_20241005_071757_503.jpg\",\"datePublished\":\"2024-10-05T11:23:11+00:00\",\"dateModified\":\"2024-10-05T11:26:06+00:00\",\"breadcrumb\":{\"@id\":\"https:\/\/www.mpppst.gob.ve\/mpppstweb\/index.php\/2024\/10\/05\/ministro-pinate-recorre-la-ensambladora-jac-para-reafirmar-el-compromiso-con-la-clase-obrera\/#breadcrumb\"},\"inLanguage\":\"es\",\"potentialAction\":[{\"@type\":\"ReadAction\",\"target\":[\"https:\/\/www.mpppst.gob.ve\/mpppstweb\/index.php\/2024\/10\/05\/ministro-pinate-recorre-la-ensambladora-jac-para-reafirmar-el-compromiso-con-la-clase-obrera\/\"]}]},{\"@type\":\"ImageObject\",\"inLanguage\":\"es\",\"@id\":\"https:\/\/www.mpppst.gob.ve\/mpppstweb\/index.php\/2024\/10\/05\/ministro-pinate-recorre-la-ensambladora-jac-para-reafirmar-el-compromiso-con-la-clase-obrera\/#primaryimage\",\"url\":\"https:\/\/www.mpppst.gob.ve\/mpppstweb\/wp-content\/uploads\/2024\/10\/IMG_20241005_071757_503.jpg\",\"contentUrl\":\"https:\/\/www.mpppst.gob.ve\/mpppstweb\/wp-content\/uploads\/2024\/10\/IMG_20241005_071757_503.jpg\",\"width\":1280,\"height\":721},{\"@type\":\"BreadcrumbList\",\"@id\":\"https:\/\/www.mpppst.gob.ve\/mpppstweb\/index.php\/2024\/10\/05\/ministro-pinate-recorre-la-ensambladora-jac-para-reafirmar-el-compromiso-con-la-clase-obrera\/#breadcrumb\",\"itemListElement\":[{\"@type\":\"ListItem\",\"position\":1,\"name\":\"Home\",\"item\":\"https:\/\/www.mpppst.gob.ve\/mpppstweb\/\"},{\"@type\":\"ListItem\",\"position\":2,\"name\":\"Ministro Pi\u00f1ate recorre la ensambladora JAC para reafirmar el compromiso con la clase obrera.\"}]},{\"@type\":\"WebSite\",\"@id\":\"https:\/\/www.mpppst.gob.ve\/mpppstweb\/#website\",\"url\":\"https:\/\/www.mpppst.gob.ve\/mpppstweb\/\",\"name\":\"MPPPST\",\"description\":\"Ministerio del Poder Popular para el Proceso Social de Trabajo\",\"publisher\":{\"@id\":\"https:\/\/www.mpppst.gob.ve\/mpppstweb\/#organization\"},\"potentialAction\":[{\"@type\":\"SearchAction\",\"target\":{\"@type\":\"EntryPoint\",\"urlTemplate\":\"https:\/\/www.mpppst.gob.ve\/mpppstweb\/?s={search_term_string}\"},\"query-input\":\"required name=search_term_string\"}],\"inLanguage\":\"es\"},{\"@type\":\"Organization\",\"@id\":\"https:\/\/www.mpppst.gob.ve\/mpppstweb\/#organization\",\"name\":\"mpppst\",\"url\":\"https:\/\/www.mpppst.gob.ve\/mpppstweb\/\",\"logo\":{\"@type\":\"ImageObject\",\"inLanguage\":\"es\",\"@id\":\"https:\/\/www.mpppst.gob.ve\/mpppstweb\/#\/schema\/logo\/image\/\",\"url\":\"https:\/\/www.mpppst.gob.ve\/mpppstweb\/wp-content\/uploads\/2025\/07\/cropped-cropped-g910.png\",\"contentUrl\":\"https:\/\/www.mpppst.gob.ve\/mpppstweb\/wp-content\/uploads\/2025\/07\/cropped-cropped-g910.png\",\"width\":1080,\"height\":241,\"caption\":\"mpppst\"},\"image\":{\"@id\":\"https:\/\/www.mpppst.gob.ve\/mpppstweb\/#\/schema\/logo\/image\/\"}},{\"@type\":\"Person\",\"@id\":\"https:\/\/www.mpppst.gob.ve\/mpppstweb\/#\/schema\/person\/fc187ee8ead412bd4c9304b62f900ea4\",\"name\":\"MPPPST Prensa\",\"url\":\"https:\/\/www.mpppst.gob.ve\/mpppstweb\/index.php\/author\/prensa-mpppst\/\"}]}<\/script>\n<!-- \/ Yoast SEO plugin. -->","yoast_head_json":{"title":"Ministro Pi\u00f1ate recorre la ensambladora JAC para reafirmar el compromiso con la clase obrera. - MPPPST","robots":{"index":"index","follow":"follow","max-snippet":"max-snippet:-1","max-image-preview":"max-image-preview:large","max-video-preview":"max-video-preview:-1"},"canonical":"https:\/\/www.mpppst.gob.ve\/mpppstweb\/index.php\/2024\/10\/05\/ministro-pinate-recorre-la-ensambladora-jac-para-reafirmar-el-compromiso-con-la-clase-obrera\/","og_locale":"es_ES","og_type":"article","og_title":"Ministro Pi\u00f1ate recorre la ensambladora JAC para reafirmar el compromiso con la clase obrera. - MPPPST","og_description":"(Caracas, 04-10-24. Prensa MPPPST). El Ministro Pi\u00f1ate realiz\u00f3 una visita&nbsp; a la planta JAC MOTOR&#8217;S DE &hellip; Ministro Pi\u00f1ate recorre la ensambladora JAC para reafirmar el compromiso con la clase obrera.Read more","og_url":"https:\/\/www.mpppst.gob.ve\/mpppstweb\/index.php\/2024\/10\/05\/ministro-pinate-recorre-la-ensambladora-jac-para-reafirmar-el-compromiso-con-la-clase-obrera\/","og_site_name":"MPPPST","article_published_time":"2024-10-05T11:23:11+00:00","article_modified_time":"2024-10-05T11:26:06+00:00","og_image":[{"width":1280,"height":721,"url":"http:\/\/www.mpppst.gob.ve\/mpppstweb\/wp-content\/uploads\/2024\/10\/IMG_20241005_071757_503.jpg","type":"image\/jpeg"}],"author":"MPPPST Prensa","twitter_card":"summary_large_image","twitter_misc":{"Escrito por":"MPPPST Prensa","Tiempo de lectura":"3 minutos"},"schema":{"@context":"https:\/\/schema.org","@graph":[{"@type":"Article","@id":"https:\/\/www.mpppst.gob.ve\/mpppstweb\/index.php\/2024\/10\/05\/ministro-pinate-recorre-la-ensambladora-jac-para-reafirmar-el-compromiso-con-la-clase-obrera\/#article","isPartOf":{"@id":"https:\/\/www.mpppst.gob.ve\/mpppstweb\/index.php\/2024\/10\/05\/ministro-pinate-recorre-la-ensambladora-jac-para-reafirmar-el-compromiso-con-la-clase-obrera\/"},"author":{"name":"MPPPST Prensa","@id":"https:\/\/www.mpppst.gob.ve\/mpppstweb\/#\/schema\/person\/fc187ee8ead412bd4c9304b62f900ea4"},"headline":"Ministro Pi\u00f1ate recorre la ensambladora JAC para reafirmar el compromiso con la clase obrera.","datePublished":"2024-10-05T11:23:11+00:00","dateModified":"2024-10-05T11:26:06+00:00","mainEntityOfPage":{"@id":"https:\/\/www.mpppst.gob.ve\/mpppstweb\/index.php\/2024\/10\/05\/ministro-pinate-recorre-la-ensambladora-jac-para-reafirmar-el-compromiso-con-la-clase-obrera\/"},"wordCount":365,"publisher":{"@id":"https:\/\/www.mpppst.gob.ve\/mpppstweb\/#organization"},"image":{"@id":"https:\/\/www.mpppst.gob.ve\/mpppstweb\/index.php\/2024\/10\/05\/ministro-pinate-recorre-la-ensambladora-jac-para-reafirmar-el-compromiso-con-la-clase-obrera\/#primaryimage"},"thumbnailUrl":"https:\/\/www.mpppst.gob.ve\/mpppstweb\/wp-content\/uploads\/2024\/10\/IMG_20241005_071757_503.jpg","keywords":["7T","CPTT","Eduardo Pi\u00f1ate","Fuerza Sindical","Johanna Sant\u00e9liz","motor industrial","Viceministerio para Derechos y Relaciones Laborales","voceros de los CPTT","Yaracuy"],"articleSection":["Gobierno Nacional"],"inLanguage":"es"},{"@type":"WebPage","@id":"https:\/\/www.mpppst.gob.ve\/mpppstweb\/index.php\/2024\/10\/05\/ministro-pinate-recorre-la-ensambladora-jac-para-reafirmar-el-compromiso-con-la-clase-obrera\/","url":"https:\/\/www.mpppst.gob.ve\/mpppstweb\/index.php\/2024\/10\/05\/ministro-pinate-recorre-la-ensambladora-jac-para-reafirmar-el-compromiso-con-la-clase-obrera\/","name":"Ministro Pi\u00f1ate recorre la ensambladora JAC para reafirmar el compromiso con la clase obrera. - MPPPST","isPartOf":{"@id":"https:\/\/www.mpppst.gob.ve\/mpppstweb\/#website"},"primaryImageOfPage":{"@id":"https:\/\/www.mpppst.gob.ve\/mpppstweb\/index.php\/2024\/10\/05\/ministro-pinate-recorre-la-ensambladora-jac-para-reafirmar-el-compromiso-con-la-clase-obrera\/#primaryimage"},"image":{"@id":"https:\/\/www.mpppst.gob.ve\/mpppstweb\/index.php\/2024\/10\/05\/ministro-pinate-recorre-la-ensambladora-jac-para-reafirmar-el-compromiso-con-la-clase-obrera\/#primaryimage"},"thumbnailUrl":"https:\/\/www.mpppst.gob.ve\/mpppstweb\/wp-content\/uploads\/2024\/10\/IMG_20241005_071757_503.jpg","datePublished":"2024-10-05T11:23:11+00:00","dateModified":"2024-10-05T11:26:06+00:00","breadcrumb":{"@id":"https:\/\/www.mpppst.gob.ve\/mpppstweb\/index.php\/2024\/10\/05\/ministro-pinate-recorre-la-ensambladora-jac-para-reafirmar-el-compromiso-con-la-clase-obrera\/#breadcrumb"},"inLanguage":"es","potentialAction":[{"@type":"ReadAction","target":["https:\/\/www.mpppst.gob.ve\/mpppstweb\/index.php\/2024\/10\/05\/ministro-pinate-recorre-la-ensambladora-jac-para-reafirmar-el-compromiso-con-la-clase-obrera\/"]}]},{"@type":"ImageObject","inLanguage":"es","@id":"https:\/\/www.mpppst.gob.ve\/mpppstweb\/index.php\/2024\/10\/05\/ministro-pinate-recorre-la-ensambladora-jac-para-reafirmar-el-compromiso-con-la-clase-obrera\/#primaryimage","url":"https:\/\/www.mpppst.gob.ve\/mpppstweb\/wp-content\/uploads\/2024\/10\/IMG_20241005_071757_503.jpg","contentUrl":"https:\/\/www.mpppst.gob.ve\/mpppstweb\/wp-content\/uploads\/2024\/10\/IMG_20241005_071757_503.jpg","width":1280,"height":721},{"@type":"BreadcrumbList","@id":"https:\/\/www.mpppst.gob.ve\/mpppstweb\/index.php\/2024\/10\/05\/ministro-pinate-recorre-la-ensambladora-jac-para-reafirmar-el-compromiso-con-la-clase-obrera\/#breadcrumb","itemListElement":[{"@type":"ListItem","position":1,"name":"Home","item":"https:\/\/www.mpppst.gob.ve\/mpppstweb\/"},{"@type":"ListItem","position":2,"name":"Ministro Pi\u00f1ate recorre la ensambladora JAC para reafirmar el compromiso con la clase obrera."}]},{"@type":"WebSite","@id":"https:\/\/www.mpppst.gob.ve\/mpppstweb\/#website","url":"https:\/\/www.mpppst.gob.ve\/mpppstweb\/","name":"MPPPST","description":"Ministerio del Poder Popular para el Proceso Social de Trabajo","publisher":{"@id":"https:\/\/www.mpppst.gob.ve\/mpppstweb\/#organization"},"potentialAction":[{"@type":"SearchAction","target":{"@type":"EntryPoint","urlTemplate":"https:\/\/www.mpppst.gob.ve\/mpppstweb\/?s={search_term_string}"},"query-input":"required name=search_term_string"}],"inLanguage":"es"},{"@type":"Organization","@id":"https:\/\/www.mpppst.gob.ve\/mpppstweb\/#organization","name":"mpppst","url":"https:\/\/www.mpppst.gob.ve\/mpppstweb\/","logo":{"@type":"ImageObject","inLanguage":"es","@id":"https:\/\/www.mpppst.gob.ve\/mpppstweb\/#\/schema\/logo\/image\/","url":"https:\/\/www.mpppst.gob.ve\/mpppstweb\/wp-content\/uploads\/2025\/07\/cropped-cropped-g910.png","contentUrl":"https:\/\/www.mpppst.gob.ve\/mpppstweb\/wp-content\/uploads\/2025\/07\/cropped-cropped-g910.png","width":1080,"height":241,"caption":"mpppst"},"image":{"@id":"https:\/\/www.mpppst.gob.ve\/mpppstweb\/#\/schema\/logo\/image\/"}},{"@type":"Person","@id":"https:\/\/www.mpppst.gob.ve\/mpppstweb\/#\/schema\/person\/fc187ee8ead412bd4c9304b62f900ea4","name":"MPPPST Prensa","url":"https:\/\/www.mpppst.gob.ve\/mpppstweb\/index.php\/author\/prensa-mpppst\/"}]}},"_links":{"self":[{"href":"https:\/\/www.mpppst.gob.ve\/mpppstweb\/index.php\/wp-json\/wp\/v2\/posts\/26804"}],"collection":[{"href":"https:\/\/www.mpppst.gob.ve\/mpppstweb\/index.php\/wp-json\/wp\/v2\/posts"}],"about":[{"href":"https:\/\/www.mpppst.gob.ve\/mpppstweb\/index.php\/wp-json\/wp\/v2\/types\/post"}],"author":[{"embeddable":true,"href":"https:\/\/www.mpppst.gob.ve\/mpppstweb\/index.php\/wp-json\/wp\/v2\/users\/25"}],"replies":[{"embeddable":true,"href":"https:\/\/www.mpppst.gob.ve\/mpppstweb\/index.php\/wp-json\/wp\/v2\/comments?post=26804"}],"version-history":[{"count":2,"href":"https:\/\/www.mpppst.gob.ve\/mpppstweb\/index.php\/wp-json\/wp\/v2\/posts\/26804\/revisions"}],"predecessor-version":[{"id":26808,"href":"https:\/\/www.mpppst.gob.ve\/mpppstweb\/index.php\/wp-json\/wp\/v2\/posts\/26804\/revisions\/26808"}],"wp:featuredmedia":[{"embeddable":true,"href":"https:\/\/www.mpppst.gob.ve\/mpppstweb\/index.php\/wp-json\/wp\/v2\/media\/26807"}],"wp:attachment":[{"href":"https:\/\/www.mpppst.gob.ve\/mpppstweb\/index.php\/wp-json\/wp\/v2\/media?parent=26804"}],"wp:term":[{"taxonomy":"category","embeddable":true,"href":"https:\/\/www.mpppst.gob.ve\/mpppstweb\/index.php\/wp-json\/wp\/v2\/categories?post=26804"},{"taxonomy":"post_tag","embeddable":true,"href":"https:\/\/www.mpppst.gob.ve\/mpppstweb\/index.php\/wp-json\/wp\/v2\/tags?post=26804"}],"curies":[{"name":"wp","href":"https:\/\/api.w.org\/{rel}","templated":true}]}}