{"id":26811,"date":"2024-10-06T16:58:46","date_gmt":"2024-10-06T20:58:46","guid":{"rendered":"https:\/\/www.mpppst.gob.ve\/mpppstweb\/?p=26811"},"modified":"2024-10-06T16:59:48","modified_gmt":"2024-10-06T20:59:48","slug":"la-clase-obrera-venezolana-se-manifiesta-en-apoyo-al-pueblo-de-palestina","status":"publish","type":"post","link":"https:\/\/www.mpppst.gob.ve\/mpppstweb\/index.php\/2024\/10\/06\/la-clase-obrera-venezolana-se-manifiesta-en-apoyo-al-pueblo-de-palestina\/","title":{"rendered":"La clase obrera venezolana se manifiesta en apoyo al pueblo de Palestina."},"content":{"rendered":"\n<p>(Caracas, 06-10-24. Prensa MPPPST).\u2013 Este s\u00e1bado 5 de Octubre, el pueblo venezolano se hizo presente en una masiva marcha en apoyo al pueblo de Palestina, la cual tuvo como objetivo visibilizar la falta de acci\u00f3n por parte de la comunidad mundial ante los ataques terroristas, fascistas e imperialistas que ha sufrido el pueblo de Palestina por parte del Gobierno de Benjam\u00edn Netanyahu, mismo que ha costado la vida de m\u00e1s de 30 mil personas y 7 mil desaparecidos desde los acontecimientos de reavivaci\u00f3n del Conflicto de la Franja de Gaza, los cuales iniciaron el 7 de octubre del pasado a\u00f1o.<br><\/p>\n\n\n\n<figure class=\"wp-block-image size-large\"><img decoding=\"async\" loading=\"lazy\" width=\"1024\" height=\"577\" src=\"https:\/\/www.mpppst.gob.ve\/mpppstweb\/wp-content\/uploads\/2024\/10\/img_20241006_165436_3163360014551918680317-1024x577.jpg\" alt=\"\" class=\"wp-image-26809\" srcset=\"https:\/\/www.mpppst.gob.ve\/mpppstweb\/wp-content\/uploads\/2024\/10\/img_20241006_165436_3163360014551918680317-1024x577.jpg 1024w, https:\/\/www.mpppst.gob.ve\/mpppstweb\/wp-content\/uploads\/2024\/10\/img_20241006_165436_3163360014551918680317-300x169.jpg 300w, https:\/\/www.mpppst.gob.ve\/mpppstweb\/wp-content\/uploads\/2024\/10\/img_20241006_165436_3163360014551918680317-768x433.jpg 768w, https:\/\/www.mpppst.gob.ve\/mpppstweb\/wp-content\/uploads\/2024\/10\/img_20241006_165436_3163360014551918680317.jpg 1280w\" sizes=\"(max-width: 1024px) 100vw, 1024px\" \/><\/figure>\n\n\n\n<p><br>La emotiva concentraci\u00f3n tuvo lugar en las afueras del Parque General\u00edsimo Francisco de Miranda, contando con la presencia de representantes de la clase obrera y trabajadora, representantes de la comunidad \u00e1rabe y palestina de venezuela, militantes del Partido Socialista Unido de Venezuela (PSUV), trabajadores y trabajadoras del Ministerio del Poder Popular para el Proceso Social de Trabajo y entes adscritos, entre otros. De all\u00ed, se procedi\u00f3 a una movilizaci\u00f3n hasta la Sede en Venezuela de la Organizaci\u00f3n de las Naciones Unidas (ONU), en donde los presentes exigieron ante la instituci\u00f3n, la toma de acciones concretas para detener los ataques genocidas y defender el derecho a la paz y la vida de las y los palestinos.<br><br>En este sentido, Pedro Infante (Vicepresidente de Movilizaci\u00f3n y Eventos del Partido Socialista Unido de Venezuela [PSUV]), dirigi\u00f3 un mensaje contundente al pueblo presente, en el cual afirm\u00f3: \u00abEsta tribuna es antisionista, es antifascista, antiimperialista. Han ido por los palestinos y la humanidad c\u00f3mplice guarda silencio, se pudiera pensar que es porque no somos palestinos, pero la realidad es que ir\u00e1n por cada pueblo libre del mundo y nosotros en Venezuela no guardamos silencio, nosotros apoyamos a Palestina y a cada pueblo para que logren su libertad\u00bb, reafirmando as\u00ed el compromiso de todas y todos respecto a la liberaci\u00f3n del pa\u00eds medio-oriental. <br><\/p>\n\n\n\n<figure class=\"wp-block-image size-large\"><img decoding=\"async\" loading=\"lazy\" width=\"1024\" height=\"576\" src=\"https:\/\/www.mpppst.gob.ve\/mpppstweb\/wp-content\/uploads\/2024\/10\/img_20241006_165444_9111630294983458270879-1024x576.jpg\" alt=\"\" class=\"wp-image-26810\" srcset=\"https:\/\/www.mpppst.gob.ve\/mpppstweb\/wp-content\/uploads\/2024\/10\/img_20241006_165444_9111630294983458270879-1024x576.jpg 1024w, https:\/\/www.mpppst.gob.ve\/mpppstweb\/wp-content\/uploads\/2024\/10\/img_20241006_165444_9111630294983458270879-300x169.jpg 300w, https:\/\/www.mpppst.gob.ve\/mpppstweb\/wp-content\/uploads\/2024\/10\/img_20241006_165444_9111630294983458270879-768x432.jpg 768w, https:\/\/www.mpppst.gob.ve\/mpppstweb\/wp-content\/uploads\/2024\/10\/img_20241006_165444_9111630294983458270879.jpg 1280w\" sizes=\"(max-width: 1024px) 100vw, 1024px\" \/><\/figure>\n\n\n\n<p><br>Lamentablemente los cr\u00edmenes de guerra contra Palestina contin\u00faan ocurriendo de manera constante y prolongada, mientras gran parte del occidente ignora el asedio que enfrenta esta naci\u00f3n. Sin embargo, el Presidente Nicol\u00e1s Maduro ha dejado claro que la Rep\u00fablica Bolivariana de Venezuela se opone firmemente a esta invasi\u00f3n y destrucci\u00f3n, por lo que no parar\u00e1 y continuar\u00e1 haciendo \u00e9nfasis en el merecimiento a la libertad de dicho pa\u00eds y el respeto a la vida de sus habitantes.<br><br>En esta misma l\u00ednea de pensamiento, el embajador de Palestina en Venezuela, Fazi Alzaben, record\u00f3 que se cumple un a\u00f1o de la matanza contra el pueblo palestino ante los ojos del mundo. As\u00ed mismo, afirm\u00f3 que \u00abA pesar de la distancia, el apoyo de ustedes, hermanos, nos da fortaleza para seguir luchando y resistiendo\u00bb, agradeciendo de este modo el apoyo incondicional que ha recibido del pueblo bolivariano.&nbsp; <br><br>Es as\u00ed que, esta marcha se levanta como una muestra clara del compromiso que como naci\u00f3n hemos adquirido, respecto a la justicia y solidaridad con los pueblos oprimidos.(Fin\/Isabela Guzm\u00e1n).<\/p>\n","protected":false},"excerpt":{"rendered":"<p>(Caracas, 06-10-24. Prensa MPPPST).\u2013 Este s\u00e1bado 5 de Octubre, el pueblo venezolano se hizo presente en &hellip; <a title=\"La clase obrera venezolana se manifiesta en apoyo al pueblo de Palestina.\" class=\"hm-read-more\" href=\"https:\/\/www.mpppst.gob.ve\/mpppstweb\/index.php\/2024\/10\/06\/la-clase-obrera-venezolana-se-manifiesta-en-apoyo-al-pueblo-de-palestina\/\"><span class=\"screen-reader-text\">La clase obrera venezolana se manifiesta en apoyo al pueblo de Palestina.<\/span>Read more<\/a><\/p>\n","protected":false},"author":25,"featured_media":26814,"comment_status":"closed","ping_status":"closed","sticky":false,"template":"","format":"standard","meta":{"footnotes":""},"categories":[82],"tags":[350,822,459],"yoast_head":"<!-- This site is optimized with the Yoast SEO plugin v22.5 - https:\/\/yoast.com\/wordpress\/plugins\/seo\/ -->\n<title>La clase obrera venezolana se manifiesta en apoyo al pueblo de Palestina. - MPPPST<\/title>\n<meta name=\"robots\" content=\"index, follow, max-snippet:-1, max-image-preview:large, max-video-preview:-1\" \/>\n<link rel=\"canonical\" href=\"https:\/\/www.mpppst.gob.ve\/mpppstweb\/index.php\/2024\/10\/06\/la-clase-obrera-venezolana-se-manifiesta-en-apoyo-al-pueblo-de-palestina\/\" \/>\n<meta property=\"og:locale\" content=\"es_ES\" \/>\n<meta property=\"og:type\" content=\"article\" \/>\n<meta property=\"og:title\" content=\"La clase obrera venezolana se manifiesta en apoyo al pueblo de Palestina. - MPPPST\" \/>\n<meta property=\"og:description\" content=\"(Caracas, 06-10-24. Prensa MPPPST).\u2013 Este s\u00e1bado 5 de Octubre, el pueblo venezolano se hizo presente en &hellip; La clase obrera venezolana se manifiesta en apoyo al pueblo de Palestina.Read more\" \/>\n<meta property=\"og:url\" content=\"https:\/\/www.mpppst.gob.ve\/mpppstweb\/index.php\/2024\/10\/06\/la-clase-obrera-venezolana-se-manifiesta-en-apoyo-al-pueblo-de-palestina\/\" \/>\n<meta property=\"og:site_name\" content=\"MPPPST\" \/>\n<meta property=\"article:published_time\" content=\"2024-10-06T20:58:46+00:00\" \/>\n<meta property=\"article:modified_time\" content=\"2024-10-06T20:59:48+00:00\" \/>\n<meta property=\"og:image\" content=\"http:\/\/www.mpppst.gob.ve\/mpppstweb\/wp-content\/uploads\/2024\/10\/IMG_20241006_165402_809.jpg\" \/>\n\t<meta property=\"og:image:width\" content=\"1280\" \/>\n\t<meta property=\"og:image:height\" content=\"721\" \/>\n\t<meta property=\"og:image:type\" content=\"image\/jpeg\" \/>\n<meta name=\"author\" content=\"MPPPST Prensa\" \/>\n<meta name=\"twitter:card\" content=\"summary_large_image\" \/>\n<meta name=\"twitter:label1\" content=\"Escrito por\" \/>\n\t<meta name=\"twitter:data1\" content=\"MPPPST Prensa\" \/>\n\t<meta name=\"twitter:label2\" content=\"Tiempo de lectura\" \/>\n\t<meta name=\"twitter:data2\" content=\"3 minutos\" \/>\n<script type=\"application\/ld+json\" class=\"yoast-schema-graph\">{\"@context\":\"https:\/\/schema.org\",\"@graph\":[{\"@type\":\"Article\",\"@id\":\"https:\/\/www.mpppst.gob.ve\/mpppstweb\/index.php\/2024\/10\/06\/la-clase-obrera-venezolana-se-manifiesta-en-apoyo-al-pueblo-de-palestina\/#article\",\"isPartOf\":{\"@id\":\"https:\/\/www.mpppst.gob.ve\/mpppstweb\/index.php\/2024\/10\/06\/la-clase-obrera-venezolana-se-manifiesta-en-apoyo-al-pueblo-de-palestina\/\"},\"author\":{\"name\":\"MPPPST Prensa\",\"@id\":\"https:\/\/www.mpppst.gob.ve\/mpppstweb\/#\/schema\/person\/fc187ee8ead412bd4c9304b62f900ea4\"},\"headline\":\"La clase obrera venezolana se manifiesta en apoyo al pueblo de Palestina.\",\"datePublished\":\"2024-10-06T20:58:46+00:00\",\"dateModified\":\"2024-10-06T20:59:48+00:00\",\"mainEntityOfPage\":{\"@id\":\"https:\/\/www.mpppst.gob.ve\/mpppstweb\/index.php\/2024\/10\/06\/la-clase-obrera-venezolana-se-manifiesta-en-apoyo-al-pueblo-de-palestina\/\"},\"wordCount\":529,\"publisher\":{\"@id\":\"https:\/\/www.mpppst.gob.ve\/mpppstweb\/#organization\"},\"image\":{\"@id\":\"https:\/\/www.mpppst.gob.ve\/mpppstweb\/index.php\/2024\/10\/06\/la-clase-obrera-venezolana-se-manifiesta-en-apoyo-al-pueblo-de-palestina\/#primaryimage\"},\"thumbnailUrl\":\"https:\/\/www.mpppst.gob.ve\/mpppstweb\/wp-content\/uploads\/2024\/10\/IMG_20241006_165402_809.jpg\",\"keywords\":[\"Clase Obrera\",\"Clase Trabajadora\",\"Movilizaci\u00f3n\"],\"articleSection\":[\"Gobierno Nacional\"],\"inLanguage\":\"es\"},{\"@type\":\"WebPage\",\"@id\":\"https:\/\/www.mpppst.gob.ve\/mpppstweb\/index.php\/2024\/10\/06\/la-clase-obrera-venezolana-se-manifiesta-en-apoyo-al-pueblo-de-palestina\/\",\"url\":\"https:\/\/www.mpppst.gob.ve\/mpppstweb\/index.php\/2024\/10\/06\/la-clase-obrera-venezolana-se-manifiesta-en-apoyo-al-pueblo-de-palestina\/\",\"name\":\"La clase obrera venezolana se manifiesta en apoyo al pueblo de Palestina. - MPPPST\",\"isPartOf\":{\"@id\":\"https:\/\/www.mpppst.gob.ve\/mpppstweb\/#website\"},\"primaryImageOfPage\":{\"@id\":\"https:\/\/www.mpppst.gob.ve\/mpppstweb\/index.php\/2024\/10\/06\/la-clase-obrera-venezolana-se-manifiesta-en-apoyo-al-pueblo-de-palestina\/#primaryimage\"},\"image\":{\"@id\":\"https:\/\/www.mpppst.gob.ve\/mpppstweb\/index.php\/2024\/10\/06\/la-clase-obrera-venezolana-se-manifiesta-en-apoyo-al-pueblo-de-palestina\/#primaryimage\"},\"thumbnailUrl\":\"https:\/\/www.mpppst.gob.ve\/mpppstweb\/wp-content\/uploads\/2024\/10\/IMG_20241006_165402_809.jpg\",\"datePublished\":\"2024-10-06T20:58:46+00:00\",\"dateModified\":\"2024-10-06T20:59:48+00:00\",\"breadcrumb\":{\"@id\":\"https:\/\/www.mpppst.gob.ve\/mpppstweb\/index.php\/2024\/10\/06\/la-clase-obrera-venezolana-se-manifiesta-en-apoyo-al-pueblo-de-palestina\/#breadcrumb\"},\"inLanguage\":\"es\",\"potentialAction\":[{\"@type\":\"ReadAction\",\"target\":[\"https:\/\/www.mpppst.gob.ve\/mpppstweb\/index.php\/2024\/10\/06\/la-clase-obrera-venezolana-se-manifiesta-en-apoyo-al-pueblo-de-palestina\/\"]}]},{\"@type\":\"ImageObject\",\"inLanguage\":\"es\",\"@id\":\"https:\/\/www.mpppst.gob.ve\/mpppstweb\/index.php\/2024\/10\/06\/la-clase-obrera-venezolana-se-manifiesta-en-apoyo-al-pueblo-de-palestina\/#primaryimage\",\"url\":\"https:\/\/www.mpppst.gob.ve\/mpppstweb\/wp-content\/uploads\/2024\/10\/IMG_20241006_165402_809.jpg\",\"contentUrl\":\"https:\/\/www.mpppst.gob.ve\/mpppstweb\/wp-content\/uploads\/2024\/10\/IMG_20241006_165402_809.jpg\",\"width\":1280,\"height\":721},{\"@type\":\"BreadcrumbList\",\"@id\":\"https:\/\/www.mpppst.gob.ve\/mpppstweb\/index.php\/2024\/10\/06\/la-clase-obrera-venezolana-se-manifiesta-en-apoyo-al-pueblo-de-palestina\/#breadcrumb\",\"itemListElement\":[{\"@type\":\"ListItem\",\"position\":1,\"name\":\"Home\",\"item\":\"https:\/\/www.mpppst.gob.ve\/mpppstweb\/\"},{\"@type\":\"ListItem\",\"position\":2,\"name\":\"La clase obrera venezolana se manifiesta en apoyo al pueblo de Palestina.\"}]},{\"@type\":\"WebSite\",\"@id\":\"https:\/\/www.mpppst.gob.ve\/mpppstweb\/#website\",\"url\":\"https:\/\/www.mpppst.gob.ve\/mpppstweb\/\",\"name\":\"MPPPST\",\"description\":\"Ministerio del Poder Popular para el Proceso Social de Trabajo\",\"publisher\":{\"@id\":\"https:\/\/www.mpppst.gob.ve\/mpppstweb\/#organization\"},\"potentialAction\":[{\"@type\":\"SearchAction\",\"target\":{\"@type\":\"EntryPoint\",\"urlTemplate\":\"https:\/\/www.mpppst.gob.ve\/mpppstweb\/?s={search_term_string}\"},\"query-input\":\"required name=search_term_string\"}],\"inLanguage\":\"es\"},{\"@type\":\"Organization\",\"@id\":\"https:\/\/www.mpppst.gob.ve\/mpppstweb\/#organization\",\"name\":\"mpppst\",\"url\":\"https:\/\/www.mpppst.gob.ve\/mpppstweb\/\",\"logo\":{\"@type\":\"ImageObject\",\"inLanguage\":\"es\",\"@id\":\"https:\/\/www.mpppst.gob.ve\/mpppstweb\/#\/schema\/logo\/image\/\",\"url\":\"https:\/\/www.mpppst.gob.ve\/mpppstweb\/wp-content\/uploads\/2025\/07\/cropped-cropped-g910.png\",\"contentUrl\":\"https:\/\/www.mpppst.gob.ve\/mpppstweb\/wp-content\/uploads\/2025\/07\/cropped-cropped-g910.png\",\"width\":1080,\"height\":241,\"caption\":\"mpppst\"},\"image\":{\"@id\":\"https:\/\/www.mpppst.gob.ve\/mpppstweb\/#\/schema\/logo\/image\/\"}},{\"@type\":\"Person\",\"@id\":\"https:\/\/www.mpppst.gob.ve\/mpppstweb\/#\/schema\/person\/fc187ee8ead412bd4c9304b62f900ea4\",\"name\":\"MPPPST Prensa\",\"url\":\"https:\/\/www.mpppst.gob.ve\/mpppstweb\/index.php\/author\/prensa-mpppst\/\"}]}<\/script>\n<!-- \/ Yoast SEO plugin. -->","yoast_head_json":{"title":"La clase obrera venezolana se manifiesta en apoyo al pueblo de Palestina. - MPPPST","robots":{"index":"index","follow":"follow","max-snippet":"max-snippet:-1","max-image-preview":"max-image-preview:large","max-video-preview":"max-video-preview:-1"},"canonical":"https:\/\/www.mpppst.gob.ve\/mpppstweb\/index.php\/2024\/10\/06\/la-clase-obrera-venezolana-se-manifiesta-en-apoyo-al-pueblo-de-palestina\/","og_locale":"es_ES","og_type":"article","og_title":"La clase obrera venezolana se manifiesta en apoyo al pueblo de Palestina. - MPPPST","og_description":"(Caracas, 06-10-24. Prensa MPPPST).\u2013 Este s\u00e1bado 5 de Octubre, el pueblo venezolano se hizo presente en &hellip; La clase obrera venezolana se manifiesta en apoyo al pueblo de Palestina.Read more","og_url":"https:\/\/www.mpppst.gob.ve\/mpppstweb\/index.php\/2024\/10\/06\/la-clase-obrera-venezolana-se-manifiesta-en-apoyo-al-pueblo-de-palestina\/","og_site_name":"MPPPST","article_published_time":"2024-10-06T20:58:46+00:00","article_modified_time":"2024-10-06T20:59:48+00:00","og_image":[{"width":1280,"height":721,"url":"http:\/\/www.mpppst.gob.ve\/mpppstweb\/wp-content\/uploads\/2024\/10\/IMG_20241006_165402_809.jpg","type":"image\/jpeg"}],"author":"MPPPST Prensa","twitter_card":"summary_large_image","twitter_misc":{"Escrito por":"MPPPST Prensa","Tiempo de lectura":"3 minutos"},"schema":{"@context":"https:\/\/schema.org","@graph":[{"@type":"Article","@id":"https:\/\/www.mpppst.gob.ve\/mpppstweb\/index.php\/2024\/10\/06\/la-clase-obrera-venezolana-se-manifiesta-en-apoyo-al-pueblo-de-palestina\/#article","isPartOf":{"@id":"https:\/\/www.mpppst.gob.ve\/mpppstweb\/index.php\/2024\/10\/06\/la-clase-obrera-venezolana-se-manifiesta-en-apoyo-al-pueblo-de-palestina\/"},"author":{"name":"MPPPST Prensa","@id":"https:\/\/www.mpppst.gob.ve\/mpppstweb\/#\/schema\/person\/fc187ee8ead412bd4c9304b62f900ea4"},"headline":"La clase obrera venezolana se manifiesta en apoyo al pueblo de Palestina.","datePublished":"2024-10-06T20:58:46+00:00","dateModified":"2024-10-06T20:59:48+00:00","mainEntityOfPage":{"@id":"https:\/\/www.mpppst.gob.ve\/mpppstweb\/index.php\/2024\/10\/06\/la-clase-obrera-venezolana-se-manifiesta-en-apoyo-al-pueblo-de-palestina\/"},"wordCount":529,"publisher":{"@id":"https:\/\/www.mpppst.gob.ve\/mpppstweb\/#organization"},"image":{"@id":"https:\/\/www.mpppst.gob.ve\/mpppstweb\/index.php\/2024\/10\/06\/la-clase-obrera-venezolana-se-manifiesta-en-apoyo-al-pueblo-de-palestina\/#primaryimage"},"thumbnailUrl":"https:\/\/www.mpppst.gob.ve\/mpppstweb\/wp-content\/uploads\/2024\/10\/IMG_20241006_165402_809.jpg","keywords":["Clase Obrera","Clase Trabajadora","Movilizaci\u00f3n"],"articleSection":["Gobierno Nacional"],"inLanguage":"es"},{"@type":"WebPage","@id":"https:\/\/www.mpppst.gob.ve\/mpppstweb\/index.php\/2024\/10\/06\/la-clase-obrera-venezolana-se-manifiesta-en-apoyo-al-pueblo-de-palestina\/","url":"https:\/\/www.mpppst.gob.ve\/mpppstweb\/index.php\/2024\/10\/06\/la-clase-obrera-venezolana-se-manifiesta-en-apoyo-al-pueblo-de-palestina\/","name":"La clase obrera venezolana se manifiesta en apoyo al pueblo de Palestina. - MPPPST","isPartOf":{"@id":"https:\/\/www.mpppst.gob.ve\/mpppstweb\/#website"},"primaryImageOfPage":{"@id":"https:\/\/www.mpppst.gob.ve\/mpppstweb\/index.php\/2024\/10\/06\/la-clase-obrera-venezolana-se-manifiesta-en-apoyo-al-pueblo-de-palestina\/#primaryimage"},"image":{"@id":"https:\/\/www.mpppst.gob.ve\/mpppstweb\/index.php\/2024\/10\/06\/la-clase-obrera-venezolana-se-manifiesta-en-apoyo-al-pueblo-de-palestina\/#primaryimage"},"thumbnailUrl":"https:\/\/www.mpppst.gob.ve\/mpppstweb\/wp-content\/uploads\/2024\/10\/IMG_20241006_165402_809.jpg","datePublished":"2024-10-06T20:58:46+00:00","dateModified":"2024-10-06T20:59:48+00:00","breadcrumb":{"@id":"https:\/\/www.mpppst.gob.ve\/mpppstweb\/index.php\/2024\/10\/06\/la-clase-obrera-venezolana-se-manifiesta-en-apoyo-al-pueblo-de-palestina\/#breadcrumb"},"inLanguage":"es","potentialAction":[{"@type":"ReadAction","target":["https:\/\/www.mpppst.gob.ve\/mpppstweb\/index.php\/2024\/10\/06\/la-clase-obrera-venezolana-se-manifiesta-en-apoyo-al-pueblo-de-palestina\/"]}]},{"@type":"ImageObject","inLanguage":"es","@id":"https:\/\/www.mpppst.gob.ve\/mpppstweb\/index.php\/2024\/10\/06\/la-clase-obrera-venezolana-se-manifiesta-en-apoyo-al-pueblo-de-palestina\/#primaryimage","url":"https:\/\/www.mpppst.gob.ve\/mpppstweb\/wp-content\/uploads\/2024\/10\/IMG_20241006_165402_809.jpg","contentUrl":"https:\/\/www.mpppst.gob.ve\/mpppstweb\/wp-content\/uploads\/2024\/10\/IMG_20241006_165402_809.jpg","width":1280,"height":721},{"@type":"BreadcrumbList","@id":"https:\/\/www.mpppst.gob.ve\/mpppstweb\/index.php\/2024\/10\/06\/la-clase-obrera-venezolana-se-manifiesta-en-apoyo-al-pueblo-de-palestina\/#breadcrumb","itemListElement":[{"@type":"ListItem","position":1,"name":"Home","item":"https:\/\/www.mpppst.gob.ve\/mpppstweb\/"},{"@type":"ListItem","position":2,"name":"La clase obrera venezolana se manifiesta en apoyo al pueblo de Palestina."}]},{"@type":"WebSite","@id":"https:\/\/www.mpppst.gob.ve\/mpppstweb\/#website","url":"https:\/\/www.mpppst.gob.ve\/mpppstweb\/","name":"MPPPST","description":"Ministerio del Poder Popular para el Proceso Social de Trabajo","publisher":{"@id":"https:\/\/www.mpppst.gob.ve\/mpppstweb\/#organization"},"potentialAction":[{"@type":"SearchAction","target":{"@type":"EntryPoint","urlTemplate":"https:\/\/www.mpppst.gob.ve\/mpppstweb\/?s={search_term_string}"},"query-input":"required name=search_term_string"}],"inLanguage":"es"},{"@type":"Organization","@id":"https:\/\/www.mpppst.gob.ve\/mpppstweb\/#organization","name":"mpppst","url":"https:\/\/www.mpppst.gob.ve\/mpppstweb\/","logo":{"@type":"ImageObject","inLanguage":"es","@id":"https:\/\/www.mpppst.gob.ve\/mpppstweb\/#\/schema\/logo\/image\/","url":"https:\/\/www.mpppst.gob.ve\/mpppstweb\/wp-content\/uploads\/2025\/07\/cropped-cropped-g910.png","contentUrl":"https:\/\/www.mpppst.gob.ve\/mpppstweb\/wp-content\/uploads\/2025\/07\/cropped-cropped-g910.png","width":1080,"height":241,"caption":"mpppst"},"image":{"@id":"https:\/\/www.mpppst.gob.ve\/mpppstweb\/#\/schema\/logo\/image\/"}},{"@type":"Person","@id":"https:\/\/www.mpppst.gob.ve\/mpppstweb\/#\/schema\/person\/fc187ee8ead412bd4c9304b62f900ea4","name":"MPPPST Prensa","url":"https:\/\/www.mpppst.gob.ve\/mpppstweb\/index.php\/author\/prensa-mpppst\/"}]}},"_links":{"self":[{"href":"https:\/\/www.mpppst.gob.ve\/mpppstweb\/index.php\/wp-json\/wp\/v2\/posts\/26811"}],"collection":[{"href":"https:\/\/www.mpppst.gob.ve\/mpppstweb\/index.php\/wp-json\/wp\/v2\/posts"}],"about":[{"href":"https:\/\/www.mpppst.gob.ve\/mpppstweb\/index.php\/wp-json\/wp\/v2\/types\/post"}],"author":[{"embeddable":true,"href":"https:\/\/www.mpppst.gob.ve\/mpppstweb\/index.php\/wp-json\/wp\/v2\/users\/25"}],"replies":[{"embeddable":true,"href":"https:\/\/www.mpppst.gob.ve\/mpppstweb\/index.php\/wp-json\/wp\/v2\/comments?post=26811"}],"version-history":[{"count":2,"href":"https:\/\/www.mpppst.gob.ve\/mpppstweb\/index.php\/wp-json\/wp\/v2\/posts\/26811\/revisions"}],"predecessor-version":[{"id":26815,"href":"https:\/\/www.mpppst.gob.ve\/mpppstweb\/index.php\/wp-json\/wp\/v2\/posts\/26811\/revisions\/26815"}],"wp:featuredmedia":[{"embeddable":true,"href":"https:\/\/www.mpppst.gob.ve\/mpppstweb\/index.php\/wp-json\/wp\/v2\/media\/26814"}],"wp:attachment":[{"href":"https:\/\/www.mpppst.gob.ve\/mpppstweb\/index.php\/wp-json\/wp\/v2\/media?parent=26811"}],"wp:term":[{"taxonomy":"category","embeddable":true,"href":"https:\/\/www.mpppst.gob.ve\/mpppstweb\/index.php\/wp-json\/wp\/v2\/categories?post=26811"},{"taxonomy":"post_tag","embeddable":true,"href":"https:\/\/www.mpppst.gob.ve\/mpppstweb\/index.php\/wp-json\/wp\/v2\/tags?post=26811"}],"curies":[{"name":"wp","href":"https:\/\/api.w.org\/{rel}","templated":true}]}}