{"id":26816,"date":"2024-10-07T18:00:12","date_gmt":"2024-10-07T22:00:12","guid":{"rendered":"https:\/\/www.mpppst.gob.ve\/mpppstweb\/?p=26816"},"modified":"2024-10-07T18:14:48","modified_gmt":"2024-10-07T22:14:48","slug":"chavez-corazon-de-mi-patria-a-12-anos-de-la-victoria-que-afianzo-la-revolucion","status":"publish","type":"post","link":"https:\/\/www.mpppst.gob.ve\/mpppstweb\/index.php\/2024\/10\/07\/chavez-corazon-de-mi-patria-a-12-anos-de-la-victoria-que-afianzo-la-revolucion\/","title":{"rendered":"\u00abCh\u00e1vez Coraz\u00f3n de mi Patria\u00bb, a 12 a\u00f1os de la victoria que afianz\u00f3 la revoluci\u00f3n."},"content":{"rendered":"\n<p class=\"wp-block-paragraph\">(Caracas, 07-10-24. Prensa MPPPST).\u2013 La Revoluci\u00f3n Bolivariana y toda la clase obrera, conmemora el 12\u00b0 aniversario de la contundente victoria electoral del Comandante Eterno, Hugo Rafael Ch\u00e1vez Fr\u00edas, quien fuera reelecto como Presidente de Venezuela el 7 de Octubre de 2012, para el per\u00edodo presidencial 2013-2019 (cuarto mandato consecutivo). <br><br>Durante dicha contienda, se posicion\u00f3 con un 54,42% de los votos emitidos, resultando triunfante ante el adversario de la oposici\u00f3n, Henrique Capriles Radonski. Esta victoria que se produjo tras un proceso electoral transparente y participativo, marc\u00f3 un nuevo rumbo para Venezuela, consolidando el proyecto socialista que Ch\u00e1vez impuls\u00f3 con la participaci\u00f3n del pueblo. <br><br>Cabe destacar que, desde el 2 de febrero de 1999, Ch\u00e1vez lider\u00f3 un proceso transformador que rompi\u00f3 con las estructuras tradicionales, abriendo paso a un nuevo modelo de desarrollo social y econ\u00f3mico.<br><br>El tambi\u00e9n llamado Ara\u00f1ero de Sabaneta, se caracteriz\u00f3 por una pol\u00edtica social activa y cercana al pueblo, ya que desde el 2003, fund\u00f3 los programas sociales conocidos como \u00abMisiones\u00bb, las cuales brindaron oportunidades de desarrollo personal y profesional que atendieron las necesidades b\u00e1sicas de la poblacion (como la salud, la educaci\u00f3n, la vivienda y la alimentaci\u00f3n), convirti\u00e9ndose en un sello distintivo de la Revoluci\u00f3n Bolivariana.<br><br>A pesar de las dificultades y los desaf\u00edos que enfrent\u00f3 la Revoluci\u00f3n durante esos a\u00f1os, el Comandante mantuvo una l\u00ednea discursiva firme, inspirando al pueblo venezolano hacia la construcci\u00f3n de una sociedad m\u00e1s justa e igualitaria.<br><br>La reelecci\u00f3n del 2012, no s\u00f3lo fue un reflejo del apoyo popular a su proyecto revolucionario, el cual se ha mantenido firme hasta nuestros d\u00edas, sino que tambi\u00e9n marc\u00f3 un punto de inflexi\u00f3n en la historia de Venezuela. <br><br>A la fecha, la Revoluci\u00f3n Bolivariana contin\u00faa avanzando en la construcci\u00f3n de un sistema social que prioriza las necesidades del pueblo. <br><br>\u00abEl legado del Comandante sigue siendo el motor que impulsa al pa\u00eds hacia la verdadera Revoluci\u00f3n Socialista\u00bb. (Fin\/Isabela Guzm\u00e1n).<\/p>\n","protected":false},"excerpt":{"rendered":"<p>(Caracas, 07-10-24. Prensa MPPPST).\u2013 La Revoluci\u00f3n Bolivariana y toda la clase obrera, conmemora el 12\u00b0 aniversario &hellip; <a title=\"\u00abCh\u00e1vez Coraz\u00f3n de mi Patria\u00bb, a 12 a\u00f1os de la victoria que afianz\u00f3 la revoluci\u00f3n.\" class=\"hm-read-more\" href=\"https:\/\/www.mpppst.gob.ve\/mpppstweb\/index.php\/2024\/10\/07\/chavez-corazon-de-mi-patria-a-12-anos-de-la-victoria-que-afianzo-la-revolucion\/\"><span class=\"screen-reader-text\">\u00abCh\u00e1vez Coraz\u00f3n de mi Patria\u00bb, a 12 a\u00f1os de la victoria que afianz\u00f3 la revoluci\u00f3n.<\/span>Leer m\u00e1s<\/a><\/p>\n","protected":false},"author":25,"featured_media":26818,"comment_status":"closed","ping_status":"closed","sticky":false,"template":"","format":"standard","meta":{"footnotes":""},"categories":[82],"tags":[697,688,300,436,282],"class_list":["post-26816","post","type-post","status-publish","format-standard","has-post-thumbnail","hentry","category-gobierno-nacional","tag-comandante-chavez","tag-historia-bolivariana","tag-historia-de-la-revolucion","tag-hugo-chavez","tag-revolucion"],"yoast_head":"<!-- This site is optimized with the Yoast SEO plugin v28.4 - https:\/\/yoast.com\/product\/yoast-seo-wordpress\/ -->\n<title>&quot;Ch\u00e1vez Coraz\u00f3n de mi Patria&quot;, a 12 a\u00f1os de la victoria que afianz\u00f3 la revoluci\u00f3n. - MPPPST<\/title>\n<meta name=\"robots\" content=\"index, follow, max-snippet:-1, max-image-preview:large, max-video-preview:-1\" \/>\n<link rel=\"canonical\" href=\"https:\/\/www.mpppst.gob.ve\/mpppstweb\/index.php\/2024\/10\/07\/chavez-corazon-de-mi-patria-a-12-anos-de-la-victoria-que-afianzo-la-revolucion\/\" \/>\n<meta property=\"og:locale\" content=\"es_ES\" \/>\n<meta property=\"og:type\" content=\"article\" \/>\n<meta property=\"og:title\" content=\"&quot;Ch\u00e1vez Coraz\u00f3n de mi Patria&quot;, a 12 a\u00f1os de la victoria que afianz\u00f3 la revoluci\u00f3n. - MPPPST\" \/>\n<meta property=\"og:description\" content=\"(Caracas, 07-10-24. Prensa MPPPST).\u2013 La Revoluci\u00f3n Bolivariana y toda la clase obrera, conmemora el 12\u00b0 aniversario &hellip; \u00abCh\u00e1vez Coraz\u00f3n de mi Patria\u00bb, a 12 a\u00f1os de la victoria que afianz\u00f3 la revoluci\u00f3n.Leer m\u00e1s\" \/>\n<meta property=\"og:url\" content=\"https:\/\/www.mpppst.gob.ve\/mpppstweb\/index.php\/2024\/10\/07\/chavez-corazon-de-mi-patria-a-12-anos-de-la-victoria-que-afianzo-la-revolucion\/\" \/>\n<meta property=\"og:site_name\" content=\"MPPPST\" \/>\n<meta property=\"article:publisher\" content=\"https:\/\/www.facebook.com\/mintrabajo_ve\" \/>\n<meta property=\"article:published_time\" content=\"2024-10-07T22:00:12+00:00\" \/>\n<meta property=\"article:modified_time\" content=\"2024-10-07T22:14:48+00:00\" \/>\n<meta property=\"og:image\" content=\"https:\/\/www.mpppst.gob.ve\/mpppstweb\/wp-content\/uploads\/2024\/10\/IMG_20241007_162339_549.jpg\" \/>\n\t<meta property=\"og:image:width\" content=\"960\" \/>\n\t<meta property=\"og:image:height\" content=\"1280\" \/>\n\t<meta property=\"og:image:type\" content=\"image\/jpeg\" \/>\n<meta name=\"author\" content=\"MPPPST Prensa\" \/>\n<meta name=\"twitter:card\" content=\"summary_large_image\" \/>\n<script type=\"application\/ld+json\" class=\"yoast-schema-graph\">{\"@context\":\"https:\\\/\\\/schema.org\",\"@graph\":[{\"@type\":\"Article\",\"@id\":\"https:\\\/\\\/www.mpppst.gob.ve\\\/mpppstweb\\\/index.php\\\/2024\\\/10\\\/07\\\/chavez-corazon-de-mi-patria-a-12-anos-de-la-victoria-que-afianzo-la-revolucion\\\/#article\",\"isPartOf\":{\"@id\":\"https:\\\/\\\/www.mpppst.gob.ve\\\/mpppstweb\\\/index.php\\\/2024\\\/10\\\/07\\\/chavez-corazon-de-mi-patria-a-12-anos-de-la-victoria-que-afianzo-la-revolucion\\\/\"},\"author\":{\"name\":\"MPPPST Prensa\",\"@id\":\"https:\\\/\\\/www.mpppst.gob.ve\\\/mpppstweb\\\/#\\\/schema\\\/person\\\/fc187ee8ead412bd4c9304b62f900ea4\"},\"headline\":\"\u00abCh\u00e1vez Coraz\u00f3n de mi Patria\u00bb, a 12 a\u00f1os de la victoria que afianz\u00f3 la revoluci\u00f3n.\",\"datePublished\":\"2024-10-07T22:00:12+00:00\",\"dateModified\":\"2024-10-07T22:14:48+00:00\",\"mainEntityOfPage\":{\"@id\":\"https:\\\/\\\/www.mpppst.gob.ve\\\/mpppstweb\\\/index.php\\\/2024\\\/10\\\/07\\\/chavez-corazon-de-mi-patria-a-12-anos-de-la-victoria-que-afianzo-la-revolucion\\\/\"},\"wordCount\":359,\"publisher\":{\"@id\":\"https:\\\/\\\/www.mpppst.gob.ve\\\/mpppstweb\\\/#organization\"},\"image\":{\"@id\":\"https:\\\/\\\/www.mpppst.gob.ve\\\/mpppstweb\\\/index.php\\\/2024\\\/10\\\/07\\\/chavez-corazon-de-mi-patria-a-12-anos-de-la-victoria-que-afianzo-la-revolucion\\\/#primaryimage\"},\"thumbnailUrl\":\"https:\\\/\\\/www.mpppst.gob.ve\\\/mpppstweb\\\/wp-content\\\/uploads\\\/2024\\\/10\\\/IMG_20241007_162339_549.jpg\",\"keywords\":[\"Comandante Ch\u00e1vez\",\"Historia Bolivariana\",\"Historia de la Revoluci\u00f3n\",\"Hugo Ch\u00e1vez\",\"Revoluci\u00f3n\"],\"articleSection\":[\"Gobierno Nacional\"],\"inLanguage\":\"es\"},{\"@type\":\"WebPage\",\"@id\":\"https:\\\/\\\/www.mpppst.gob.ve\\\/mpppstweb\\\/index.php\\\/2024\\\/10\\\/07\\\/chavez-corazon-de-mi-patria-a-12-anos-de-la-victoria-que-afianzo-la-revolucion\\\/\",\"url\":\"https:\\\/\\\/www.mpppst.gob.ve\\\/mpppstweb\\\/index.php\\\/2024\\\/10\\\/07\\\/chavez-corazon-de-mi-patria-a-12-anos-de-la-victoria-que-afianzo-la-revolucion\\\/\",\"name\":\"\\\"Ch\u00e1vez Coraz\u00f3n de mi Patria\\\", a 12 a\u00f1os de la victoria que afianz\u00f3 la revoluci\u00f3n. - MPPPST\",\"isPartOf\":{\"@id\":\"https:\\\/\\\/www.mpppst.gob.ve\\\/mpppstweb\\\/#website\"},\"primaryImageOfPage\":{\"@id\":\"https:\\\/\\\/www.mpppst.gob.ve\\\/mpppstweb\\\/index.php\\\/2024\\\/10\\\/07\\\/chavez-corazon-de-mi-patria-a-12-anos-de-la-victoria-que-afianzo-la-revolucion\\\/#primaryimage\"},\"image\":{\"@id\":\"https:\\\/\\\/www.mpppst.gob.ve\\\/mpppstweb\\\/index.php\\\/2024\\\/10\\\/07\\\/chavez-corazon-de-mi-patria-a-12-anos-de-la-victoria-que-afianzo-la-revolucion\\\/#primaryimage\"},\"thumbnailUrl\":\"https:\\\/\\\/www.mpppst.gob.ve\\\/mpppstweb\\\/wp-content\\\/uploads\\\/2024\\\/10\\\/IMG_20241007_162339_549.jpg\",\"datePublished\":\"2024-10-07T22:00:12+00:00\",\"dateModified\":\"2024-10-07T22:14:48+00:00\",\"breadcrumb\":{\"@id\":\"https:\\\/\\\/www.mpppst.gob.ve\\\/mpppstweb\\\/index.php\\\/2024\\\/10\\\/07\\\/chavez-corazon-de-mi-patria-a-12-anos-de-la-victoria-que-afianzo-la-revolucion\\\/#breadcrumb\"},\"inLanguage\":\"es\",\"potentialAction\":[{\"@type\":\"ReadAction\",\"target\":[\"https:\\\/\\\/www.mpppst.gob.ve\\\/mpppstweb\\\/index.php\\\/2024\\\/10\\\/07\\\/chavez-corazon-de-mi-patria-a-12-anos-de-la-victoria-que-afianzo-la-revolucion\\\/\"]}]},{\"@type\":\"ImageObject\",\"inLanguage\":\"es\",\"@id\":\"https:\\\/\\\/www.mpppst.gob.ve\\\/mpppstweb\\\/index.php\\\/2024\\\/10\\\/07\\\/chavez-corazon-de-mi-patria-a-12-anos-de-la-victoria-que-afianzo-la-revolucion\\\/#primaryimage\",\"url\":\"https:\\\/\\\/www.mpppst.gob.ve\\\/mpppstweb\\\/wp-content\\\/uploads\\\/2024\\\/10\\\/IMG_20241007_162339_549.jpg\",\"contentUrl\":\"https:\\\/\\\/www.mpppst.gob.ve\\\/mpppstweb\\\/wp-content\\\/uploads\\\/2024\\\/10\\\/IMG_20241007_162339_549.jpg\",\"width\":960,\"height\":1280},{\"@type\":\"BreadcrumbList\",\"@id\":\"https:\\\/\\\/www.mpppst.gob.ve\\\/mpppstweb\\\/index.php\\\/2024\\\/10\\\/07\\\/chavez-corazon-de-mi-patria-a-12-anos-de-la-victoria-que-afianzo-la-revolucion\\\/#breadcrumb\",\"itemListElement\":[{\"@type\":\"ListItem\",\"position\":1,\"name\":\"Home\",\"item\":\"https:\\\/\\\/www.mpppst.gob.ve\\\/mpppstweb\\\/\"},{\"@type\":\"ListItem\",\"position\":2,\"name\":\"\u00abCh\u00e1vez Coraz\u00f3n de mi Patria\u00bb, a 12 a\u00f1os de la victoria que afianz\u00f3 la revoluci\u00f3n.\"}]},{\"@type\":\"WebSite\",\"@id\":\"https:\\\/\\\/www.mpppst.gob.ve\\\/mpppstweb\\\/#website\",\"url\":\"https:\\\/\\\/www.mpppst.gob.ve\\\/mpppstweb\\\/\",\"name\":\"MPPPST\",\"description\":\"Sitio web oficial del Ministerio del Poder Popular para el Proceso Social de Trabajo\",\"publisher\":{\"@id\":\"https:\\\/\\\/www.mpppst.gob.ve\\\/mpppstweb\\\/#organization\"},\"alternateName\":\"Ministerio del Poder Popular para el Proceso Social de Trabajo\",\"potentialAction\":[{\"@type\":\"SearchAction\",\"target\":{\"@type\":\"EntryPoint\",\"urlTemplate\":\"https:\\\/\\\/www.mpppst.gob.ve\\\/mpppstweb\\\/?s={search_term_string}\"},\"query-input\":{\"@type\":\"PropertyValueSpecification\",\"valueRequired\":true,\"valueName\":\"search_term_string\"}}],\"inLanguage\":\"es\"},{\"@type\":\"Organization\",\"@id\":\"https:\\\/\\\/www.mpppst.gob.ve\\\/mpppstweb\\\/#organization\",\"name\":\"Ministerio del Poder Popular para el Proceso Social de Trabajo\",\"alternateName\":\"MPPPST\",\"url\":\"https:\\\/\\\/www.mpppst.gob.ve\\\/mpppstweb\\\/\",\"logo\":{\"@type\":\"ImageObject\",\"inLanguage\":\"es\",\"@id\":\"https:\\\/\\\/www.mpppst.gob.ve\\\/mpppstweb\\\/#\\\/schema\\\/logo\\\/image\\\/\",\"url\":\"https:\\\/\\\/www.mpppst.gob.ve\\\/mpppstweb\\\/wp-content\\\/uploads\\\/2025\\\/07\\\/cropped-cropped-g910.png\",\"contentUrl\":\"https:\\\/\\\/www.mpppst.gob.ve\\\/mpppstweb\\\/wp-content\\\/uploads\\\/2025\\\/07\\\/cropped-cropped-g910.png\",\"width\":1080,\"height\":241,\"caption\":\"Ministerio del Poder Popular para el Proceso Social de Trabajo\"},\"image\":{\"@id\":\"https:\\\/\\\/www.mpppst.gob.ve\\\/mpppstweb\\\/#\\\/schema\\\/logo\\\/image\\\/\"},\"sameAs\":[\"https:\\\/\\\/www.facebook.com\\\/mintrabajo_ve\",\"https:\\\/\\\/www.instagram.com\\\/mintrabajo_ve\\\/\",\"https:\\\/\\\/www.tiktok.com\\\/@mintrabajo_ve\",\"https:\\\/\\\/t.me\\\/mpppst\"]},{\"@type\":\"Person\",\"@id\":\"https:\\\/\\\/www.mpppst.gob.ve\\\/mpppstweb\\\/#\\\/schema\\\/person\\\/fc187ee8ead412bd4c9304b62f900ea4\",\"name\":\"MPPPST Prensa\",\"url\":\"https:\\\/\\\/www.mpppst.gob.ve\\\/mpppstweb\\\/index.php\\\/author\\\/prensa-mpppst\\\/\"}]}<\/script>\n<!-- \/ Yoast SEO plugin. -->","yoast_head_json":{"title":"\"Ch\u00e1vez Coraz\u00f3n de mi Patria\", a 12 a\u00f1os de la victoria que afianz\u00f3 la revoluci\u00f3n. - MPPPST","robots":{"index":"index","follow":"follow","max-snippet":"max-snippet:-1","max-image-preview":"max-image-preview:large","max-video-preview":"max-video-preview:-1"},"canonical":"https:\/\/www.mpppst.gob.ve\/mpppstweb\/index.php\/2024\/10\/07\/chavez-corazon-de-mi-patria-a-12-anos-de-la-victoria-que-afianzo-la-revolucion\/","og_locale":"es_ES","og_type":"article","og_title":"\"Ch\u00e1vez Coraz\u00f3n de mi Patria\", a 12 a\u00f1os de la victoria que afianz\u00f3 la revoluci\u00f3n. - MPPPST","og_description":"(Caracas, 07-10-24. Prensa MPPPST).\u2013 La Revoluci\u00f3n Bolivariana y toda la clase obrera, conmemora el 12\u00b0 aniversario &hellip; \u00abCh\u00e1vez Coraz\u00f3n de mi Patria\u00bb, a 12 a\u00f1os de la victoria que afianz\u00f3 la revoluci\u00f3n.Leer m\u00e1s","og_url":"https:\/\/www.mpppst.gob.ve\/mpppstweb\/index.php\/2024\/10\/07\/chavez-corazon-de-mi-patria-a-12-anos-de-la-victoria-que-afianzo-la-revolucion\/","og_site_name":"MPPPST","article_publisher":"https:\/\/www.facebook.com\/mintrabajo_ve","article_published_time":"2024-10-07T22:00:12+00:00","article_modified_time":"2024-10-07T22:14:48+00:00","og_image":[{"width":960,"height":1280,"url":"https:\/\/www.mpppst.gob.ve\/mpppstweb\/wp-content\/uploads\/2024\/10\/IMG_20241007_162339_549.jpg","type":"image\/jpeg"}],"author":"MPPPST Prensa","twitter_card":"summary_large_image","schema":{"@context":"https:\/\/schema.org","@graph":[{"@type":"Article","@id":"https:\/\/www.mpppst.gob.ve\/mpppstweb\/index.php\/2024\/10\/07\/chavez-corazon-de-mi-patria-a-12-anos-de-la-victoria-que-afianzo-la-revolucion\/#article","isPartOf":{"@id":"https:\/\/www.mpppst.gob.ve\/mpppstweb\/index.php\/2024\/10\/07\/chavez-corazon-de-mi-patria-a-12-anos-de-la-victoria-que-afianzo-la-revolucion\/"},"author":{"name":"MPPPST Prensa","@id":"https:\/\/www.mpppst.gob.ve\/mpppstweb\/#\/schema\/person\/fc187ee8ead412bd4c9304b62f900ea4"},"headline":"\u00abCh\u00e1vez Coraz\u00f3n de mi Patria\u00bb, a 12 a\u00f1os de la victoria que afianz\u00f3 la revoluci\u00f3n.","datePublished":"2024-10-07T22:00:12+00:00","dateModified":"2024-10-07T22:14:48+00:00","mainEntityOfPage":{"@id":"https:\/\/www.mpppst.gob.ve\/mpppstweb\/index.php\/2024\/10\/07\/chavez-corazon-de-mi-patria-a-12-anos-de-la-victoria-que-afianzo-la-revolucion\/"},"wordCount":359,"publisher":{"@id":"https:\/\/www.mpppst.gob.ve\/mpppstweb\/#organization"},"image":{"@id":"https:\/\/www.mpppst.gob.ve\/mpppstweb\/index.php\/2024\/10\/07\/chavez-corazon-de-mi-patria-a-12-anos-de-la-victoria-que-afianzo-la-revolucion\/#primaryimage"},"thumbnailUrl":"https:\/\/www.mpppst.gob.ve\/mpppstweb\/wp-content\/uploads\/2024\/10\/IMG_20241007_162339_549.jpg","keywords":["Comandante Ch\u00e1vez","Historia Bolivariana","Historia de la Revoluci\u00f3n","Hugo Ch\u00e1vez","Revoluci\u00f3n"],"articleSection":["Gobierno Nacional"],"inLanguage":"es"},{"@type":"WebPage","@id":"https:\/\/www.mpppst.gob.ve\/mpppstweb\/index.php\/2024\/10\/07\/chavez-corazon-de-mi-patria-a-12-anos-de-la-victoria-que-afianzo-la-revolucion\/","url":"https:\/\/www.mpppst.gob.ve\/mpppstweb\/index.php\/2024\/10\/07\/chavez-corazon-de-mi-patria-a-12-anos-de-la-victoria-que-afianzo-la-revolucion\/","name":"\"Ch\u00e1vez Coraz\u00f3n de mi Patria\", a 12 a\u00f1os de la victoria que afianz\u00f3 la revoluci\u00f3n. - MPPPST","isPartOf":{"@id":"https:\/\/www.mpppst.gob.ve\/mpppstweb\/#website"},"primaryImageOfPage":{"@id":"https:\/\/www.mpppst.gob.ve\/mpppstweb\/index.php\/2024\/10\/07\/chavez-corazon-de-mi-patria-a-12-anos-de-la-victoria-que-afianzo-la-revolucion\/#primaryimage"},"image":{"@id":"https:\/\/www.mpppst.gob.ve\/mpppstweb\/index.php\/2024\/10\/07\/chavez-corazon-de-mi-patria-a-12-anos-de-la-victoria-que-afianzo-la-revolucion\/#primaryimage"},"thumbnailUrl":"https:\/\/www.mpppst.gob.ve\/mpppstweb\/wp-content\/uploads\/2024\/10\/IMG_20241007_162339_549.jpg","datePublished":"2024-10-07T22:00:12+00:00","dateModified":"2024-10-07T22:14:48+00:00","breadcrumb":{"@id":"https:\/\/www.mpppst.gob.ve\/mpppstweb\/index.php\/2024\/10\/07\/chavez-corazon-de-mi-patria-a-12-anos-de-la-victoria-que-afianzo-la-revolucion\/#breadcrumb"},"inLanguage":"es","potentialAction":[{"@type":"ReadAction","target":["https:\/\/www.mpppst.gob.ve\/mpppstweb\/index.php\/2024\/10\/07\/chavez-corazon-de-mi-patria-a-12-anos-de-la-victoria-que-afianzo-la-revolucion\/"]}]},{"@type":"ImageObject","inLanguage":"es","@id":"https:\/\/www.mpppst.gob.ve\/mpppstweb\/index.php\/2024\/10\/07\/chavez-corazon-de-mi-patria-a-12-anos-de-la-victoria-que-afianzo-la-revolucion\/#primaryimage","url":"https:\/\/www.mpppst.gob.ve\/mpppstweb\/wp-content\/uploads\/2024\/10\/IMG_20241007_162339_549.jpg","contentUrl":"https:\/\/www.mpppst.gob.ve\/mpppstweb\/wp-content\/uploads\/2024\/10\/IMG_20241007_162339_549.jpg","width":960,"height":1280},{"@type":"BreadcrumbList","@id":"https:\/\/www.mpppst.gob.ve\/mpppstweb\/index.php\/2024\/10\/07\/chavez-corazon-de-mi-patria-a-12-anos-de-la-victoria-que-afianzo-la-revolucion\/#breadcrumb","itemListElement":[{"@type":"ListItem","position":1,"name":"Home","item":"https:\/\/www.mpppst.gob.ve\/mpppstweb\/"},{"@type":"ListItem","position":2,"name":"\u00abCh\u00e1vez Coraz\u00f3n de mi Patria\u00bb, a 12 a\u00f1os de la victoria que afianz\u00f3 la revoluci\u00f3n."}]},{"@type":"WebSite","@id":"https:\/\/www.mpppst.gob.ve\/mpppstweb\/#website","url":"https:\/\/www.mpppst.gob.ve\/mpppstweb\/","name":"MPPPST","description":"Sitio web oficial del Ministerio del Poder Popular para el Proceso Social de Trabajo","publisher":{"@id":"https:\/\/www.mpppst.gob.ve\/mpppstweb\/#organization"},"alternateName":"Ministerio del Poder Popular para el Proceso Social de Trabajo","potentialAction":[{"@type":"SearchAction","target":{"@type":"EntryPoint","urlTemplate":"https:\/\/www.mpppst.gob.ve\/mpppstweb\/?s={search_term_string}"},"query-input":{"@type":"PropertyValueSpecification","valueRequired":true,"valueName":"search_term_string"}}],"inLanguage":"es"},{"@type":"Organization","@id":"https:\/\/www.mpppst.gob.ve\/mpppstweb\/#organization","name":"Ministerio del Poder Popular para el Proceso Social de Trabajo","alternateName":"MPPPST","url":"https:\/\/www.mpppst.gob.ve\/mpppstweb\/","logo":{"@type":"ImageObject","inLanguage":"es","@id":"https:\/\/www.mpppst.gob.ve\/mpppstweb\/#\/schema\/logo\/image\/","url":"https:\/\/www.mpppst.gob.ve\/mpppstweb\/wp-content\/uploads\/2025\/07\/cropped-cropped-g910.png","contentUrl":"https:\/\/www.mpppst.gob.ve\/mpppstweb\/wp-content\/uploads\/2025\/07\/cropped-cropped-g910.png","width":1080,"height":241,"caption":"Ministerio del Poder Popular para el Proceso Social de Trabajo"},"image":{"@id":"https:\/\/www.mpppst.gob.ve\/mpppstweb\/#\/schema\/logo\/image\/"},"sameAs":["https:\/\/www.facebook.com\/mintrabajo_ve","https:\/\/www.instagram.com\/mintrabajo_ve\/","https:\/\/www.tiktok.com\/@mintrabajo_ve","https:\/\/t.me\/mpppst"]},{"@type":"Person","@id":"https:\/\/www.mpppst.gob.ve\/mpppstweb\/#\/schema\/person\/fc187ee8ead412bd4c9304b62f900ea4","name":"MPPPST Prensa","url":"https:\/\/www.mpppst.gob.ve\/mpppstweb\/index.php\/author\/prensa-mpppst\/"}]}},"_links":{"self":[{"href":"https:\/\/www.mpppst.gob.ve\/mpppstweb\/index.php\/wp-json\/wp\/v2\/posts\/26816","targetHints":{"allow":["GET"]}}],"collection":[{"href":"https:\/\/www.mpppst.gob.ve\/mpppstweb\/index.php\/wp-json\/wp\/v2\/posts"}],"about":[{"href":"https:\/\/www.mpppst.gob.ve\/mpppstweb\/index.php\/wp-json\/wp\/v2\/types\/post"}],"author":[{"embeddable":true,"href":"https:\/\/www.mpppst.gob.ve\/mpppstweb\/index.php\/wp-json\/wp\/v2\/users\/25"}],"replies":[{"embeddable":true,"href":"https:\/\/www.mpppst.gob.ve\/mpppstweb\/index.php\/wp-json\/wp\/v2\/comments?post=26816"}],"version-history":[{"count":2,"href":"https:\/\/www.mpppst.gob.ve\/mpppstweb\/index.php\/wp-json\/wp\/v2\/posts\/26816\/revisions"}],"predecessor-version":[{"id":26819,"href":"https:\/\/www.mpppst.gob.ve\/mpppstweb\/index.php\/wp-json\/wp\/v2\/posts\/26816\/revisions\/26819"}],"wp:featuredmedia":[{"embeddable":true,"href":"https:\/\/www.mpppst.gob.ve\/mpppstweb\/index.php\/wp-json\/wp\/v2\/media\/26818"}],"wp:attachment":[{"href":"https:\/\/www.mpppst.gob.ve\/mpppstweb\/index.php\/wp-json\/wp\/v2\/media?parent=26816"}],"wp:term":[{"taxonomy":"category","embeddable":true,"href":"https:\/\/www.mpppst.gob.ve\/mpppstweb\/index.php\/wp-json\/wp\/v2\/categories?post=26816"},{"taxonomy":"post_tag","embeddable":true,"href":"https:\/\/www.mpppst.gob.ve\/mpppstweb\/index.php\/wp-json\/wp\/v2\/tags?post=26816"}],"curies":[{"name":"wp","href":"https:\/\/api.w.org\/{rel}","templated":true}]}}